{"id":65359,"date":"2025-04-29T05:58:41","date_gmt":"2025-04-29T08:58:41","guid":{"rendered":"https:\/\/afogadosfm.com.br\/afogadosfm\/?p=65359"},"modified":"2025-04-29T05:58:42","modified_gmt":"2025-04-29T08:58:42","slug":"governadora-e-presidente-da-alepe-trocam-provocacoes-diplomaticas-na-abertura-do-8o-congresso-da-amupe","status":"publish","type":"post","link":"https:\/\/afogadosfm.com.br\/afogadosfm\/2025\/04\/29\/governadora-e-presidente-da-alepe-trocam-provocacoes-diplomaticas-na-abertura-do-8o-congresso-da-amupe\/","title":{"rendered":"Governadora e presidente da Alepe trocam provoca\u00e7\u00f5es diplom\u00e1ticas na abertura do 8\u00ba Congresso da AMUPE"},"content":{"rendered":"\n<p>Na abertura do 8\u00ba Congresso dos Munic\u00edpios de Pernambuco, nesta segunda-feira (28), a governadora Raquel Lyra (PSD) e o presidente da Assembleia Legislativa, \u00c1lvaro Porto (PSDB), protagonizaram dois momentos de troca de provoca\u00e7\u00f5es, ainda que de forma diplom\u00e1tica. O evento \u00e9 promovido pela Associa\u00e7\u00e3o Municipalista de Pernambuco (Amupe) e acontece no Centro de Conven\u00e7\u00f5es.<\/p>\n\n\n\n<p>Durante seu discurso, \u00c1lvaro Porto dirigiu-se aos prefeitos presentes e cobrou do Governo do Estado a libera\u00e7\u00e3o das emendas parlamentares de 2024, al\u00e9m do repasse dos recursos previstos para este ano.<br>\u201cAs emendas, em sua grande maioria, atendem os munic\u00edpios nas \u00e1reas de sa\u00fade e educa\u00e7\u00e3o\u201d, afirmou o presidente da Assembleia.<\/p>\n\n\n\n<p>Na sua vez de falar, Raquel Lyra respondeu, aproveitando os cumprimentos para se dirigir a Porto. A governadora afirmou que tamb\u00e9m vem sendo cobrada sobre a aprova\u00e7\u00e3o do empr\u00e9stimo de R$ 1,5 bilh\u00e3o que tramita na Alepe.<br>\u201c\u00c1lvaro, eu tamb\u00e9m sou cobrada sobre o projeto do empr\u00e9stimo que est\u00e1 na Assembleia. Todos me perguntam: ele vai autorizar?\u201d, disse, olhando diretamente para o deputado. Na sequ\u00eancia, agradeceu a Porto pela aprova\u00e7\u00e3o de todos os projetos que enviou \u00e0 Casa.<\/p>\n\n\n\n<p>Ao final do discurso de Raquel, \u00c1lvaro Porto levantou-se e, em um gesto de cordialidade, deu um beijo na testa da governadora.<\/p>\n\n\n\n<p>O projeto do empr\u00e9stimo est\u00e1 na pauta da Comiss\u00e3o de Constitui\u00e7\u00e3o, Legisla\u00e7\u00e3o e Justi\u00e7a da Alepe nesta ter\u00e7a-feira (29), ap\u00f3s semanas de atraso \u2014 motivado, nos bastidores, pela insatisfa\u00e7\u00e3o dos deputados com a demora na libera\u00e7\u00e3o das emendas.<\/p>\n\n\n\n<p>Com informa\u00e7\u00f5es da Dantas Barreto<\/p>\n","protected":false},"excerpt":{"rendered":"<p>Na abertura do 8\u00ba Congresso dos Munic\u00edpios de Pernambuco, nesta segunda-feira (28), a governadora Raquel Lyra (PSD) e o presidente<\/p>\n","protected":false},"author":2,"featured_media":34200,"comment_status":"open","ping_status":"open","sticky":false,"template":"","format":"standard","meta":{"jetpack_post_was_ever_published":false,"_jetpack_newsletter_access":"","_jetpack_dont_email_post_to_subs":false,"_jetpack_newsletter_tier_id":0,"_jetpack_memberships_contains_paywalled_content":false,"_jetpack_memberships_contains_paid_content":false,"footnotes":"","jetpack_publicize_message":"","jetpack_publicize_feature_enabled":true,"jetpack_social_post_already_shared":true,"jetpack_social_options":{"image_generator_settings":{"template":"highway","default_image_id":0,"font":"","enabled":false},"version":2}},"categories":[13],"tags":[],"class_list":["post-65359","post","type-post","status-publish","format-standard","has-post-thumbnail","hentry","category-pernambuco"],"yoast_head":"<!-- This site is optimized with the Yoast SEO plugin v27.5 - https:\/\/yoast.com\/product\/yoast-seo-wordpress\/ -->\n<title>Governadora e presidente da Alepe trocam provoca\u00e7\u00f5es diplom\u00e1ticas na abertura do 8\u00ba Congresso da AMUPE - Afogados FM<\/title>\n<meta name=\"robots\" content=\"index, follow, max-snippet:-1, max-image-preview:large, max-video-preview:-1\" \/>\n<link rel=\"canonical\" href=\"https:\/\/afogadosfm.com.br\/afogadosfm\/2025\/04\/29\/governadora-e-presidente-da-alepe-trocam-provocacoes-diplomaticas-na-abertura-do-8o-congresso-da-amupe\/\" \/>\n<meta property=\"og:locale\" content=\"pt_BR\" \/>\n<meta property=\"og:type\" content=\"article\" \/>\n<meta property=\"og:title\" content=\"Governadora e presidente da Alepe trocam provoca\u00e7\u00f5es diplom\u00e1ticas na abertura do 8\u00ba Congresso da AMUPE - Afogados FM\" \/>\n<meta property=\"og:description\" content=\"Na abertura do 8\u00ba Congresso dos Munic\u00edpios de Pernambuco, nesta segunda-feira (28), a governadora Raquel Lyra (PSD) e o presidente\" \/>\n<meta property=\"og:url\" content=\"https:\/\/afogadosfm.com.br\/afogadosfm\/2025\/04\/29\/governadora-e-presidente-da-alepe-trocam-provocacoes-diplomaticas-na-abertura-do-8o-congresso-da-amupe\/\" \/>\n<meta property=\"og:site_name\" content=\"Afogados FM\" \/>\n<meta property=\"article:published_time\" content=\"2025-04-29T08:58:41+00:00\" \/>\n<meta property=\"article:modified_time\" content=\"2025-04-29T08:58:42+00:00\" \/>\n<meta property=\"og:image\" content=\"https:\/\/afogadosfm.com.br\/afogadosfm\/wp-content\/uploads\/2022\/01\/balaio-de-gatos.jpg\" \/>\n\t<meta property=\"og:image:width\" content=\"259\" \/>\n\t<meta property=\"og:image:height\" content=\"195\" \/>\n\t<meta property=\"og:image:type\" content=\"image\/jpeg\" \/>\n<meta name=\"author\" content=\"afogadosfm\" \/>\n<meta name=\"twitter:card\" content=\"summary_large_image\" \/>\n<meta name=\"twitter:label1\" content=\"Escrito por\" \/>\n\t<meta name=\"twitter:data1\" content=\"afogadosfm\" \/>\n\t<meta name=\"twitter:label2\" content=\"Est. tempo de leitura\" \/>\n\t<meta name=\"twitter:data2\" content=\"2 minutos\" \/>\n<script type=\"application\/ld+json\" class=\"yoast-schema-graph\">{\"@context\":\"https:\\\/\\\/schema.org\",\"@graph\":[{\"@type\":\"Article\",\"@id\":\"https:\\\/\\\/afogadosfm.com.br\\\/afogadosfm\\\/2025\\\/04\\\/29\\\/governadora-e-presidente-da-alepe-trocam-provocacoes-diplomaticas-na-abertura-do-8o-congresso-da-amupe\\\/#article\",\"isPartOf\":{\"@id\":\"https:\\\/\\\/afogadosfm.com.br\\\/afogadosfm\\\/2025\\\/04\\\/29\\\/governadora-e-presidente-da-alepe-trocam-provocacoes-diplomaticas-na-abertura-do-8o-congresso-da-amupe\\\/\"},\"author\":{\"name\":\"afogadosfm\",\"@id\":\"https:\\\/\\\/afogadosfm.com.br\\\/afogadosfm\\\/#\\\/schema\\\/person\\\/60e56f2cf5dc960fc093fe093d9e9057\"},\"headline\":\"Governadora e presidente da Alepe trocam provoca\u00e7\u00f5es diplom\u00e1ticas na abertura do 8\u00ba Congresso da AMUPE\",\"datePublished\":\"2025-04-29T08:58:41+00:00\",\"dateModified\":\"2025-04-29T08:58:42+00:00\",\"mainEntityOfPage\":{\"@id\":\"https:\\\/\\\/afogadosfm.com.br\\\/afogadosfm\\\/2025\\\/04\\\/29\\\/governadora-e-presidente-da-alepe-trocam-provocacoes-diplomaticas-na-abertura-do-8o-congresso-da-amupe\\\/\"},\"wordCount\":284,\"commentCount\":0,\"publisher\":{\"@id\":\"https:\\\/\\\/afogadosfm.com.br\\\/afogadosfm\\\/#organization\"},\"image\":{\"@id\":\"https:\\\/\\\/afogadosfm.com.br\\\/afogadosfm\\\/2025\\\/04\\\/29\\\/governadora-e-presidente-da-alepe-trocam-provocacoes-diplomaticas-na-abertura-do-8o-congresso-da-amupe\\\/#primaryimage\"},\"thumbnailUrl\":\"https:\\\/\\\/i0.wp.com\\\/afogadosfm.com.br\\\/afogadosfm\\\/wp-content\\\/uploads\\\/2022\\\/01\\\/balaio-de-gatos.jpg?fit=259%2C195&ssl=1\",\"articleSection\":[\"Pernambuco\"],\"inLanguage\":\"pt-BR\",\"potentialAction\":[{\"@type\":\"CommentAction\",\"name\":\"Comment\",\"target\":[\"https:\\\/\\\/afogadosfm.com.br\\\/afogadosfm\\\/2025\\\/04\\\/29\\\/governadora-e-presidente-da-alepe-trocam-provocacoes-diplomaticas-na-abertura-do-8o-congresso-da-amupe\\\/#respond\"]}]},{\"@type\":\"WebPage\",\"@id\":\"https:\\\/\\\/afogadosfm.com.br\\\/afogadosfm\\\/2025\\\/04\\\/29\\\/governadora-e-presidente-da-alepe-trocam-provocacoes-diplomaticas-na-abertura-do-8o-congresso-da-amupe\\\/\",\"url\":\"https:\\\/\\\/afogadosfm.com.br\\\/afogadosfm\\\/2025\\\/04\\\/29\\\/governadora-e-presidente-da-alepe-trocam-provocacoes-diplomaticas-na-abertura-do-8o-congresso-da-amupe\\\/\",\"name\":\"Governadora e presidente da Alepe trocam provoca\u00e7\u00f5es diplom\u00e1ticas na abertura do 8\u00ba Congresso da AMUPE - Afogados FM\",\"isPartOf\":{\"@id\":\"https:\\\/\\\/afogadosfm.com.br\\\/afogadosfm\\\/#website\"},\"primaryImageOfPage\":{\"@id\":\"https:\\\/\\\/afogadosfm.com.br\\\/afogadosfm\\\/2025\\\/04\\\/29\\\/governadora-e-presidente-da-alepe-trocam-provocacoes-diplomaticas-na-abertura-do-8o-congresso-da-amupe\\\/#primaryimage\"},\"image\":{\"@id\":\"https:\\\/\\\/afogadosfm.com.br\\\/afogadosfm\\\/2025\\\/04\\\/29\\\/governadora-e-presidente-da-alepe-trocam-provocacoes-diplomaticas-na-abertura-do-8o-congresso-da-amupe\\\/#primaryimage\"},\"thumbnailUrl\":\"https:\\\/\\\/i0.wp.com\\\/afogadosfm.com.br\\\/afogadosfm\\\/wp-content\\\/uploads\\\/2022\\\/01\\\/balaio-de-gatos.jpg?fit=259%2C195&ssl=1\",\"datePublished\":\"2025-04-29T08:58:41+00:00\",\"dateModified\":\"2025-04-29T08:58:42+00:00\",\"breadcrumb\":{\"@id\":\"https:\\\/\\\/afogadosfm.com.br\\\/afogadosfm\\\/2025\\\/04\\\/29\\\/governadora-e-presidente-da-alepe-trocam-provocacoes-diplomaticas-na-abertura-do-8o-congresso-da-amupe\\\/#breadcrumb\"},\"inLanguage\":\"pt-BR\",\"potentialAction\":[{\"@type\":\"ReadAction\",\"target\":[\"https:\\\/\\\/afogadosfm.com.br\\\/afogadosfm\\\/2025\\\/04\\\/29\\\/governadora-e-presidente-da-alepe-trocam-provocacoes-diplomaticas-na-abertura-do-8o-congresso-da-amupe\\\/\"]}]},{\"@type\":\"ImageObject\",\"inLanguage\":\"pt-BR\",\"@id\":\"https:\\\/\\\/afogadosfm.com.br\\\/afogadosfm\\\/2025\\\/04\\\/29\\\/governadora-e-presidente-da-alepe-trocam-provocacoes-diplomaticas-na-abertura-do-8o-congresso-da-amupe\\\/#primaryimage\",\"url\":\"https:\\\/\\\/i0.wp.com\\\/afogadosfm.com.br\\\/afogadosfm\\\/wp-content\\\/uploads\\\/2022\\\/01\\\/balaio-de-gatos.jpg?fit=259%2C195&ssl=1\",\"contentUrl\":\"https:\\\/\\\/i0.wp.com\\\/afogadosfm.com.br\\\/afogadosfm\\\/wp-content\\\/uploads\\\/2022\\\/01\\\/balaio-de-gatos.jpg?fit=259%2C195&ssl=1\",\"width\":259,\"height\":195},{\"@type\":\"BreadcrumbList\",\"@id\":\"https:\\\/\\\/afogadosfm.com.br\\\/afogadosfm\\\/2025\\\/04\\\/29\\\/governadora-e-presidente-da-alepe-trocam-provocacoes-diplomaticas-na-abertura-do-8o-congresso-da-amupe\\\/#breadcrumb\",\"itemListElement\":[{\"@type\":\"ListItem\",\"position\":1,\"name\":\"In\u00edcio\",\"item\":\"https:\\\/\\\/afogadosfm.com.br\\\/afogadosfm\\\/\"},{\"@type\":\"ListItem\",\"position\":2,\"name\":\"Governadora e presidente da Alepe trocam provoca\u00e7\u00f5es diplom\u00e1ticas na abertura do 8\u00ba Congresso da AMUPE\"}]},{\"@type\":\"WebSite\",\"@id\":\"https:\\\/\\\/afogadosfm.com.br\\\/afogadosfm\\\/#website\",\"url\":\"https:\\\/\\\/afogadosfm.com.br\\\/afogadosfm\\\/\",\"name\":\"Afogados FM\",\"description\":\"Um site completo!\",\"publisher\":{\"@id\":\"https:\\\/\\\/afogadosfm.com.br\\\/afogadosfm\\\/#organization\"},\"potentialAction\":[{\"@type\":\"SearchAction\",\"target\":{\"@type\":\"EntryPoint\",\"urlTemplate\":\"https:\\\/\\\/afogadosfm.com.br\\\/afogadosfm\\\/?s={search_term_string}\"},\"query-input\":{\"@type\":\"PropertyValueSpecification\",\"valueRequired\":true,\"valueName\":\"search_term_string\"}}],\"inLanguage\":\"pt-BR\"},{\"@type\":\"Organization\",\"@id\":\"https:\\\/\\\/afogadosfm.com.br\\\/afogadosfm\\\/#organization\",\"name\":\"Afogados FM\",\"url\":\"https:\\\/\\\/afogadosfm.com.br\\\/afogadosfm\\\/\",\"logo\":{\"@type\":\"ImageObject\",\"inLanguage\":\"pt-BR\",\"@id\":\"https:\\\/\\\/afogadosfm.com.br\\\/afogadosfm\\\/#\\\/schema\\\/logo\\\/image\\\/\",\"url\":\"https:\\\/\\\/i0.wp.com\\\/afogadosfm.com.br\\\/afogadosfm\\\/wp-content\\\/uploads\\\/2020\\\/06\\\/cropped-banner-afogados-4.jpg?fit=369%2C137&ssl=1\",\"contentUrl\":\"https:\\\/\\\/i0.wp.com\\\/afogadosfm.com.br\\\/afogadosfm\\\/wp-content\\\/uploads\\\/2020\\\/06\\\/cropped-banner-afogados-4.jpg?fit=369%2C137&ssl=1\",\"width\":369,\"height\":137,\"caption\":\"Afogados FM\"},\"image\":{\"@id\":\"https:\\\/\\\/afogadosfm.com.br\\\/afogadosfm\\\/#\\\/schema\\\/logo\\\/image\\\/\"}},{\"@type\":\"Person\",\"@id\":\"https:\\\/\\\/afogadosfm.com.br\\\/afogadosfm\\\/#\\\/schema\\\/person\\\/60e56f2cf5dc960fc093fe093d9e9057\",\"name\":\"afogadosfm\",\"image\":{\"@type\":\"ImageObject\",\"inLanguage\":\"pt-BR\",\"@id\":\"https:\\\/\\\/secure.gravatar.com\\\/avatar\\\/e0359add7ed5dc3560906d861b52c6a8cf5c1e199d3a7dd85070998f49bd4701?s=96&d=mm&r=g\",\"url\":\"https:\\\/\\\/secure.gravatar.com\\\/avatar\\\/e0359add7ed5dc3560906d861b52c6a8cf5c1e199d3a7dd85070998f49bd4701?s=96&d=mm&r=g\",\"contentUrl\":\"https:\\\/\\\/secure.gravatar.com\\\/avatar\\\/e0359add7ed5dc3560906d861b52c6a8cf5c1e199d3a7dd85070998f49bd4701?s=96&d=mm&r=g\",\"caption\":\"afogadosfm\"},\"url\":\"https:\\\/\\\/afogadosfm.com.br\\\/afogadosfm\\\/author\\\/afogadosfm\\\/\"}]}<\/script>\n<!-- \/ Yoast SEO plugin. -->","yoast_head_json":{"title":"Governadora e presidente da Alepe trocam provoca\u00e7\u00f5es diplom\u00e1ticas na abertura do 8\u00ba Congresso da AMUPE - Afogados FM","robots":{"index":"index","follow":"follow","max-snippet":"max-snippet:-1","max-image-preview":"max-image-preview:large","max-video-preview":"max-video-preview:-1"},"canonical":"https:\/\/afogadosfm.com.br\/afogadosfm\/2025\/04\/29\/governadora-e-presidente-da-alepe-trocam-provocacoes-diplomaticas-na-abertura-do-8o-congresso-da-amupe\/","og_locale":"pt_BR","og_type":"article","og_title":"Governadora e presidente da Alepe trocam provoca\u00e7\u00f5es diplom\u00e1ticas na abertura do 8\u00ba Congresso da AMUPE - Afogados FM","og_description":"Na abertura do 8\u00ba Congresso dos Munic\u00edpios de Pernambuco, nesta segunda-feira (28), a governadora Raquel Lyra (PSD) e o presidente","og_url":"https:\/\/afogadosfm.com.br\/afogadosfm\/2025\/04\/29\/governadora-e-presidente-da-alepe-trocam-provocacoes-diplomaticas-na-abertura-do-8o-congresso-da-amupe\/","og_site_name":"Afogados FM","article_published_time":"2025-04-29T08:58:41+00:00","article_modified_time":"2025-04-29T08:58:42+00:00","og_image":[{"width":259,"height":195,"url":"https:\/\/afogadosfm.com.br\/afogadosfm\/wp-content\/uploads\/2022\/01\/balaio-de-gatos.jpg","type":"image\/jpeg"}],"author":"afogadosfm","twitter_card":"summary_large_image","twitter_misc":{"Escrito por":"afogadosfm","Est. tempo de leitura":"2 minutos"},"schema":{"@context":"https:\/\/schema.org","@graph":[{"@type":"Article","@id":"https:\/\/afogadosfm.com.br\/afogadosfm\/2025\/04\/29\/governadora-e-presidente-da-alepe-trocam-provocacoes-diplomaticas-na-abertura-do-8o-congresso-da-amupe\/#article","isPartOf":{"@id":"https:\/\/afogadosfm.com.br\/afogadosfm\/2025\/04\/29\/governadora-e-presidente-da-alepe-trocam-provocacoes-diplomaticas-na-abertura-do-8o-congresso-da-amupe\/"},"author":{"name":"afogadosfm","@id":"https:\/\/afogadosfm.com.br\/afogadosfm\/#\/schema\/person\/60e56f2cf5dc960fc093fe093d9e9057"},"headline":"Governadora e presidente da Alepe trocam provoca\u00e7\u00f5es diplom\u00e1ticas na abertura do 8\u00ba Congresso da AMUPE","datePublished":"2025-04-29T08:58:41+00:00","dateModified":"2025-04-29T08:58:42+00:00","mainEntityOfPage":{"@id":"https:\/\/afogadosfm.com.br\/afogadosfm\/2025\/04\/29\/governadora-e-presidente-da-alepe-trocam-provocacoes-diplomaticas-na-abertura-do-8o-congresso-da-amupe\/"},"wordCount":284,"commentCount":0,"publisher":{"@id":"https:\/\/afogadosfm.com.br\/afogadosfm\/#organization"},"image":{"@id":"https:\/\/afogadosfm.com.br\/afogadosfm\/2025\/04\/29\/governadora-e-presidente-da-alepe-trocam-provocacoes-diplomaticas-na-abertura-do-8o-congresso-da-amupe\/#primaryimage"},"thumbnailUrl":"https:\/\/i0.wp.com\/afogadosfm.com.br\/afogadosfm\/wp-content\/uploads\/2022\/01\/balaio-de-gatos.jpg?fit=259%2C195&ssl=1","articleSection":["Pernambuco"],"inLanguage":"pt-BR","potentialAction":[{"@type":"CommentAction","name":"Comment","target":["https:\/\/afogadosfm.com.br\/afogadosfm\/2025\/04\/29\/governadora-e-presidente-da-alepe-trocam-provocacoes-diplomaticas-na-abertura-do-8o-congresso-da-amupe\/#respond"]}]},{"@type":"WebPage","@id":"https:\/\/afogadosfm.com.br\/afogadosfm\/2025\/04\/29\/governadora-e-presidente-da-alepe-trocam-provocacoes-diplomaticas-na-abertura-do-8o-congresso-da-amupe\/","url":"https:\/\/afogadosfm.com.br\/afogadosfm\/2025\/04\/29\/governadora-e-presidente-da-alepe-trocam-provocacoes-diplomaticas-na-abertura-do-8o-congresso-da-amupe\/","name":"Governadora e presidente da Alepe trocam provoca\u00e7\u00f5es diplom\u00e1ticas na abertura do 8\u00ba Congresso da AMUPE - Afogados FM","isPartOf":{"@id":"https:\/\/afogadosfm.com.br\/afogadosfm\/#website"},"primaryImageOfPage":{"@id":"https:\/\/afogadosfm.com.br\/afogadosfm\/2025\/04\/29\/governadora-e-presidente-da-alepe-trocam-provocacoes-diplomaticas-na-abertura-do-8o-congresso-da-amupe\/#primaryimage"},"image":{"@id":"https:\/\/afogadosfm.com.br\/afogadosfm\/2025\/04\/29\/governadora-e-presidente-da-alepe-trocam-provocacoes-diplomaticas-na-abertura-do-8o-congresso-da-amupe\/#primaryimage"},"thumbnailUrl":"https:\/\/i0.wp.com\/afogadosfm.com.br\/afogadosfm\/wp-content\/uploads\/2022\/01\/balaio-de-gatos.jpg?fit=259%2C195&ssl=1","datePublished":"2025-04-29T08:58:41+00:00","dateModified":"2025-04-29T08:58:42+00:00","breadcrumb":{"@id":"https:\/\/afogadosfm.com.br\/afogadosfm\/2025\/04\/29\/governadora-e-presidente-da-alepe-trocam-provocacoes-diplomaticas-na-abertura-do-8o-congresso-da-amupe\/#breadcrumb"},"inLanguage":"pt-BR","potentialAction":[{"@type":"ReadAction","target":["https:\/\/afogadosfm.com.br\/afogadosfm\/2025\/04\/29\/governadora-e-presidente-da-alepe-trocam-provocacoes-diplomaticas-na-abertura-do-8o-congresso-da-amupe\/"]}]},{"@type":"ImageObject","inLanguage":"pt-BR","@id":"https:\/\/afogadosfm.com.br\/afogadosfm\/2025\/04\/29\/governadora-e-presidente-da-alepe-trocam-provocacoes-diplomaticas-na-abertura-do-8o-congresso-da-amupe\/#primaryimage","url":"https:\/\/i0.wp.com\/afogadosfm.com.br\/afogadosfm\/wp-content\/uploads\/2022\/01\/balaio-de-gatos.jpg?fit=259%2C195&ssl=1","contentUrl":"https:\/\/i0.wp.com\/afogadosfm.com.br\/afogadosfm\/wp-content\/uploads\/2022\/01\/balaio-de-gatos.jpg?fit=259%2C195&ssl=1","width":259,"height":195},{"@type":"BreadcrumbList","@id":"https:\/\/afogadosfm.com.br\/afogadosfm\/2025\/04\/29\/governadora-e-presidente-da-alepe-trocam-provocacoes-diplomaticas-na-abertura-do-8o-congresso-da-amupe\/#breadcrumb","itemListElement":[{"@type":"ListItem","position":1,"name":"In\u00edcio","item":"https:\/\/afogadosfm.com.br\/afogadosfm\/"},{"@type":"ListItem","position":2,"name":"Governadora e presidente da Alepe trocam provoca\u00e7\u00f5es diplom\u00e1ticas na abertura do 8\u00ba Congresso da AMUPE"}]},{"@type":"WebSite","@id":"https:\/\/afogadosfm.com.br\/afogadosfm\/#website","url":"https:\/\/afogadosfm.com.br\/afogadosfm\/","name":"Afogados FM","description":"Um site completo!","publisher":{"@id":"https:\/\/afogadosfm.com.br\/afogadosfm\/#organization"},"potentialAction":[{"@type":"SearchAction","target":{"@type":"EntryPoint","urlTemplate":"https:\/\/afogadosfm.com.br\/afogadosfm\/?s={search_term_string}"},"query-input":{"@type":"PropertyValueSpecification","valueRequired":true,"valueName":"search_term_string"}}],"inLanguage":"pt-BR"},{"@type":"Organization","@id":"https:\/\/afogadosfm.com.br\/afogadosfm\/#organization","name":"Afogados FM","url":"https:\/\/afogadosfm.com.br\/afogadosfm\/","logo":{"@type":"ImageObject","inLanguage":"pt-BR","@id":"https:\/\/afogadosfm.com.br\/afogadosfm\/#\/schema\/logo\/image\/","url":"https:\/\/i0.wp.com\/afogadosfm.com.br\/afogadosfm\/wp-content\/uploads\/2020\/06\/cropped-banner-afogados-4.jpg?fit=369%2C137&ssl=1","contentUrl":"https:\/\/i0.wp.com\/afogadosfm.com.br\/afogadosfm\/wp-content\/uploads\/2020\/06\/cropped-banner-afogados-4.jpg?fit=369%2C137&ssl=1","width":369,"height":137,"caption":"Afogados FM"},"image":{"@id":"https:\/\/afogadosfm.com.br\/afogadosfm\/#\/schema\/logo\/image\/"}},{"@type":"Person","@id":"https:\/\/afogadosfm.com.br\/afogadosfm\/#\/schema\/person\/60e56f2cf5dc960fc093fe093d9e9057","name":"afogadosfm","image":{"@type":"ImageObject","inLanguage":"pt-BR","@id":"https:\/\/secure.gravatar.com\/avatar\/e0359add7ed5dc3560906d861b52c6a8cf5c1e199d3a7dd85070998f49bd4701?s=96&d=mm&r=g","url":"https:\/\/secure.gravatar.com\/avatar\/e0359add7ed5dc3560906d861b52c6a8cf5c1e199d3a7dd85070998f49bd4701?s=96&d=mm&r=g","contentUrl":"https:\/\/secure.gravatar.com\/avatar\/e0359add7ed5dc3560906d861b52c6a8cf5c1e199d3a7dd85070998f49bd4701?s=96&d=mm&r=g","caption":"afogadosfm"},"url":"https:\/\/afogadosfm.com.br\/afogadosfm\/author\/afogadosfm\/"}]}},"jetpack_publicize_connections":[],"jetpack_featured_media_url":"https:\/\/i0.wp.com\/afogadosfm.com.br\/afogadosfm\/wp-content\/uploads\/2022\/01\/balaio-de-gatos.jpg?fit=259%2C195&ssl=1","jetpack-related-posts":[],"jetpack_sharing_enabled":true,"jetpack_likes_enabled":true,"_links":{"self":[{"href":"https:\/\/afogadosfm.com.br\/afogadosfm\/wp-json\/wp\/v2\/posts\/65359","targetHints":{"allow":["GET"]}}],"collection":[{"href":"https:\/\/afogadosfm.com.br\/afogadosfm\/wp-json\/wp\/v2\/posts"}],"about":[{"href":"https:\/\/afogadosfm.com.br\/afogadosfm\/wp-json\/wp\/v2\/types\/post"}],"author":[{"embeddable":true,"href":"https:\/\/afogadosfm.com.br\/afogadosfm\/wp-json\/wp\/v2\/users\/2"}],"replies":[{"embeddable":true,"href":"https:\/\/afogadosfm.com.br\/afogadosfm\/wp-json\/wp\/v2\/comments?post=65359"}],"version-history":[{"count":1,"href":"https:\/\/afogadosfm.com.br\/afogadosfm\/wp-json\/wp\/v2\/posts\/65359\/revisions"}],"predecessor-version":[{"id":65360,"href":"https:\/\/afogadosfm.com.br\/afogadosfm\/wp-json\/wp\/v2\/posts\/65359\/revisions\/65360"}],"wp:featuredmedia":[{"embeddable":true,"href":"https:\/\/afogadosfm.com.br\/afogadosfm\/wp-json\/wp\/v2\/media\/34200"}],"wp:attachment":[{"href":"https:\/\/afogadosfm.com.br\/afogadosfm\/wp-json\/wp\/v2\/media?parent=65359"}],"wp:term":[{"taxonomy":"category","embeddable":true,"href":"https:\/\/afogadosfm.com.br\/afogadosfm\/wp-json\/wp\/v2\/categories?post=65359"},{"taxonomy":"post_tag","embeddable":true,"href":"https:\/\/afogadosfm.com.br\/afogadosfm\/wp-json\/wp\/v2\/tags?post=65359"}],"curies":[{"name":"wp","href":"https:\/\/api.w.org\/{rel}","templated":true}]}}