{"id":65363,"date":"2025-04-29T06:15:50","date_gmt":"2025-04-29T09:15:50","guid":{"rendered":"https:\/\/afogadosfm.com.br\/afogadosfm\/?p=65363"},"modified":"2025-04-29T06:15:51","modified_gmt":"2025-04-29T09:15:51","slug":"camara-aprova-projeto-que-altera-a-lei-aldir-blanc-e-r-3-bi-por-ano","status":"publish","type":"post","link":"https:\/\/afogadosfm.com.br\/afogadosfm\/2025\/04\/29\/camara-aprova-projeto-que-altera-a-lei-aldir-blanc-e-r-3-bi-por-ano\/","title":{"rendered":"C\u00e2mara aprova projeto que altera a Lei Aldir Blanc e R$ 3 bi por ano"},"content":{"rendered":"\n<p>A C\u00e2mara dos Deputados aprovou projeto (PL 363\/25) que altera a Lei Aldir Blanc de Fomento \u00e0 Cultura (Lei 14.399\/2022), a lei aprovada em 2022, logo ap\u00f3s a pandemia, para garantir repasses federais para estados e munic\u00edpios aplicarem em projetos culturais.<\/p>\n\n\n\n<p>A altera\u00e7\u00e3o foi proposta pelo governo para ajustar os repasses aos mecanismos de controle dos gastos p\u00fablicos. De acordo com o projeto, s\u00f3 receber\u00e3o repasses federais estados e munic\u00edpios que tiverem aplicado recursos pr\u00f3prios em cultura no ano anterior e, al\u00e9m disso, tiverem efetivamente empregado o dinheiro em projetos culturais.<\/p>\n\n\n\n<p>Estados e munic\u00edpios com mais de 500 mil habitantes s\u00f3 v\u00e3o receber novos repasses se tiverem usado pelo menos 60% das transfer\u00eancias anteriores. E os munic\u00edpios menores ter\u00e3o que ter aplicado em cultura pelo menos 50% do que receberam no ano anterior.<\/p>\n\n\n\n<p>Al\u00e9m desses crit\u00e9rios, o projeto estabelece que, a partir de 2027, s\u00f3 ser\u00e3o beneficiados estados e munic\u00edpios que tiverem criado um fundo de cultura. E, para garantir a continuidade do programa, a relatora, deputada Jandira Feghali (PCdoB-RJ), acrescentou \u00e0 proposta artigo que fixa em R$ 3 bilh\u00f5es de reais por ano o valor a ser distribu\u00eddo para estados e munic\u00edpios.<\/p>\n\n\n\n<p>Isso vai valer at\u00e9 que seja alcan\u00e7ado o total de R$ 15 bilh\u00f5es de reais. A partir da\u00ed a dota\u00e7\u00e3o ser\u00e1 definida pela lei or\u00e7ament\u00e1ria.<\/p>\n\n\n\n<p>O projeto foi aprovado pela maioria do Plen\u00e1rio, apesar da obstru\u00e7\u00e3o feita pelo PL e pelo Novo. Os dois partidos anunciaram obstru\u00e7\u00e3o at\u00e9 que a C\u00e2mara vote projeto que anistia os acusados de envolvimento em tentativa de golpes de Estado. Foi o que explicou o l\u00edder do PL, deputado S\u00f3stenes Cavalcante (PL-RJ).<\/p>\n\n\n\n<p>\u201cN\u00f3s queremos adiar a discuss\u00e3o dessa mat\u00e9ria, senhor presidente e demais colegas parlamentares, porque n\u00f3s estamos em um processo de obstru\u00e7\u00e3o. Obstru\u00e7\u00e3o para fazer justi\u00e7a aos injusti\u00e7ados do 8 de janeiro. E n\u00f3s vamos continuar obstruindo aqui na C\u00e2mara dos Deputados. \u00c9 obstru\u00e7\u00e3o at\u00e9 que esta casa, este plen\u00e1rio vote o PL da Anistia.\u201d<\/p>\n\n\n\n<p>A relatora, Jandira Feghali, defendeu as altera\u00e7\u00f5es feitas na lei. Segundo ela, os crit\u00e9rios de distribui\u00e7\u00e3o de recursos ficam mais claros e a proposta garante o financiamento da cultura mesmo depois de utilizados os R$ 15 bilh\u00f5es de reais divididos em cinco anos.<\/p>\n\n\n\n<p>\u201cNesse momento que n\u00f3s estamos votando aqui, s\u00e3o algumas altera\u00e7\u00f5es a esta pol\u00edtica nacional Aldir Blanc, que extrai da experi\u00eancia novos crit\u00e9rios de aferi\u00e7\u00e3o de execu\u00e7\u00e3o, ao mesmo tempo possibilita que o planejamento de estados e munic\u00edpios seja plurianual e garante que, dependendo da execu\u00e7\u00e3o que est\u00e1 determinada na lei, de 60% dos recursos, os entes recebam o seu valor integral de acordo com os recursos j\u00e1 repassados.\u201d<\/p>\n\n\n\n<p>O projeto que altera a Lei Aldir Blanc, com crit\u00e9rios mais r\u00edgidos para a distribui\u00e7\u00e3o de recursos para estados e munic\u00edpios usarem em projetos culturais, seguiu para an\u00e1lise do Senado.<\/p>\n\n\n\n<p>Da R\u00e1dio C\u00e2mara, de Bras\u00edlia, Antonio Vital<\/p>\n","protected":false},"excerpt":{"rendered":"<p>A C\u00e2mara dos Deputados aprovou projeto (PL 363\/25) que altera a Lei Aldir Blanc de Fomento \u00e0 Cultura (Lei 14.399\/2022),<\/p>\n","protected":false},"author":2,"featured_media":30065,"comment_status":"open","ping_status":"open","sticky":false,"template":"","format":"standard","meta":{"jetpack_post_was_ever_published":false,"_jetpack_newsletter_access":"","_jetpack_dont_email_post_to_subs":false,"_jetpack_newsletter_tier_id":0,"_jetpack_memberships_contains_paywalled_content":false,"_jetpack_memberships_contains_paid_content":false,"footnotes":"","jetpack_publicize_message":"","jetpack_publicize_feature_enabled":true,"jetpack_social_post_already_shared":true,"jetpack_social_options":{"image_generator_settings":{"template":"highway","default_image_id":0,"font":"","enabled":false},"version":2}},"categories":[33],"tags":[],"class_list":["post-65363","post","type-post","status-publish","format-standard","has-post-thumbnail","hentry","category-cultura"],"yoast_head":"<!-- This site is optimized with the Yoast SEO plugin v27.5 - https:\/\/yoast.com\/product\/yoast-seo-wordpress\/ -->\n<title>C\u00e2mara aprova projeto que altera a Lei Aldir Blanc e R$ 3 bi por ano - Afogados FM<\/title>\n<meta name=\"robots\" content=\"index, follow, max-snippet:-1, max-image-preview:large, max-video-preview:-1\" \/>\n<link rel=\"canonical\" href=\"https:\/\/afogadosfm.com.br\/afogadosfm\/2025\/04\/29\/camara-aprova-projeto-que-altera-a-lei-aldir-blanc-e-r-3-bi-por-ano\/\" \/>\n<meta property=\"og:locale\" content=\"pt_BR\" \/>\n<meta property=\"og:type\" content=\"article\" \/>\n<meta property=\"og:title\" content=\"C\u00e2mara aprova projeto que altera a Lei Aldir Blanc e R$ 3 bi por ano - Afogados FM\" \/>\n<meta property=\"og:description\" content=\"A C\u00e2mara dos Deputados aprovou projeto (PL 363\/25) que altera a Lei Aldir Blanc de Fomento \u00e0 Cultura (Lei 14.399\/2022),\" \/>\n<meta property=\"og:url\" content=\"https:\/\/afogadosfm.com.br\/afogadosfm\/2025\/04\/29\/camara-aprova-projeto-que-altera-a-lei-aldir-blanc-e-r-3-bi-por-ano\/\" \/>\n<meta property=\"og:site_name\" content=\"Afogados FM\" \/>\n<meta property=\"article:published_time\" content=\"2025-04-29T09:15:50+00:00\" \/>\n<meta property=\"article:modified_time\" content=\"2025-04-29T09:15:51+00:00\" \/>\n<meta property=\"og:image\" content=\"https:\/\/afogadosfm.com.br\/afogadosfm\/wp-content\/uploads\/2021\/08\/real.jpg\" \/>\n\t<meta property=\"og:image:width\" content=\"1170\" \/>\n\t<meta property=\"og:image:height\" content=\"700\" \/>\n\t<meta property=\"og:image:type\" content=\"image\/jpeg\" \/>\n<meta name=\"author\" content=\"afogadosfm\" \/>\n<meta name=\"twitter:card\" content=\"summary_large_image\" \/>\n<meta name=\"twitter:label1\" content=\"Escrito por\" \/>\n\t<meta name=\"twitter:data1\" content=\"afogadosfm\" \/>\n\t<meta name=\"twitter:label2\" content=\"Est. tempo de leitura\" \/>\n\t<meta name=\"twitter:data2\" content=\"3 minutos\" \/>\n<script type=\"application\/ld+json\" class=\"yoast-schema-graph\">{\"@context\":\"https:\\\/\\\/schema.org\",\"@graph\":[{\"@type\":\"Article\",\"@id\":\"https:\\\/\\\/afogadosfm.com.br\\\/afogadosfm\\\/2025\\\/04\\\/29\\\/camara-aprova-projeto-que-altera-a-lei-aldir-blanc-e-r-3-bi-por-ano\\\/#article\",\"isPartOf\":{\"@id\":\"https:\\\/\\\/afogadosfm.com.br\\\/afogadosfm\\\/2025\\\/04\\\/29\\\/camara-aprova-projeto-que-altera-a-lei-aldir-blanc-e-r-3-bi-por-ano\\\/\"},\"author\":{\"name\":\"afogadosfm\",\"@id\":\"https:\\\/\\\/afogadosfm.com.br\\\/afogadosfm\\\/#\\\/schema\\\/person\\\/60e56f2cf5dc960fc093fe093d9e9057\"},\"headline\":\"C\u00e2mara aprova projeto que altera a Lei Aldir Blanc e R$ 3 bi por ano\",\"datePublished\":\"2025-04-29T09:15:50+00:00\",\"dateModified\":\"2025-04-29T09:15:51+00:00\",\"mainEntityOfPage\":{\"@id\":\"https:\\\/\\\/afogadosfm.com.br\\\/afogadosfm\\\/2025\\\/04\\\/29\\\/camara-aprova-projeto-que-altera-a-lei-aldir-blanc-e-r-3-bi-por-ano\\\/\"},\"wordCount\":538,\"commentCount\":0,\"publisher\":{\"@id\":\"https:\\\/\\\/afogadosfm.com.br\\\/afogadosfm\\\/#organization\"},\"image\":{\"@id\":\"https:\\\/\\\/afogadosfm.com.br\\\/afogadosfm\\\/2025\\\/04\\\/29\\\/camara-aprova-projeto-que-altera-a-lei-aldir-blanc-e-r-3-bi-por-ano\\\/#primaryimage\"},\"thumbnailUrl\":\"https:\\\/\\\/i0.wp.com\\\/afogadosfm.com.br\\\/afogadosfm\\\/wp-content\\\/uploads\\\/2021\\\/08\\\/real.jpg?fit=1170%2C700&ssl=1\",\"articleSection\":[\"Cultura\"],\"inLanguage\":\"pt-BR\",\"potentialAction\":[{\"@type\":\"CommentAction\",\"name\":\"Comment\",\"target\":[\"https:\\\/\\\/afogadosfm.com.br\\\/afogadosfm\\\/2025\\\/04\\\/29\\\/camara-aprova-projeto-que-altera-a-lei-aldir-blanc-e-r-3-bi-por-ano\\\/#respond\"]}]},{\"@type\":\"WebPage\",\"@id\":\"https:\\\/\\\/afogadosfm.com.br\\\/afogadosfm\\\/2025\\\/04\\\/29\\\/camara-aprova-projeto-que-altera-a-lei-aldir-blanc-e-r-3-bi-por-ano\\\/\",\"url\":\"https:\\\/\\\/afogadosfm.com.br\\\/afogadosfm\\\/2025\\\/04\\\/29\\\/camara-aprova-projeto-que-altera-a-lei-aldir-blanc-e-r-3-bi-por-ano\\\/\",\"name\":\"C\u00e2mara aprova projeto que altera a Lei Aldir Blanc e R$ 3 bi por ano - Afogados FM\",\"isPartOf\":{\"@id\":\"https:\\\/\\\/afogadosfm.com.br\\\/afogadosfm\\\/#website\"},\"primaryImageOfPage\":{\"@id\":\"https:\\\/\\\/afogadosfm.com.br\\\/afogadosfm\\\/2025\\\/04\\\/29\\\/camara-aprova-projeto-que-altera-a-lei-aldir-blanc-e-r-3-bi-por-ano\\\/#primaryimage\"},\"image\":{\"@id\":\"https:\\\/\\\/afogadosfm.com.br\\\/afogadosfm\\\/2025\\\/04\\\/29\\\/camara-aprova-projeto-que-altera-a-lei-aldir-blanc-e-r-3-bi-por-ano\\\/#primaryimage\"},\"thumbnailUrl\":\"https:\\\/\\\/i0.wp.com\\\/afogadosfm.com.br\\\/afogadosfm\\\/wp-content\\\/uploads\\\/2021\\\/08\\\/real.jpg?fit=1170%2C700&ssl=1\",\"datePublished\":\"2025-04-29T09:15:50+00:00\",\"dateModified\":\"2025-04-29T09:15:51+00:00\",\"breadcrumb\":{\"@id\":\"https:\\\/\\\/afogadosfm.com.br\\\/afogadosfm\\\/2025\\\/04\\\/29\\\/camara-aprova-projeto-que-altera-a-lei-aldir-blanc-e-r-3-bi-por-ano\\\/#breadcrumb\"},\"inLanguage\":\"pt-BR\",\"potentialAction\":[{\"@type\":\"ReadAction\",\"target\":[\"https:\\\/\\\/afogadosfm.com.br\\\/afogadosfm\\\/2025\\\/04\\\/29\\\/camara-aprova-projeto-que-altera-a-lei-aldir-blanc-e-r-3-bi-por-ano\\\/\"]}]},{\"@type\":\"ImageObject\",\"inLanguage\":\"pt-BR\",\"@id\":\"https:\\\/\\\/afogadosfm.com.br\\\/afogadosfm\\\/2025\\\/04\\\/29\\\/camara-aprova-projeto-que-altera-a-lei-aldir-blanc-e-r-3-bi-por-ano\\\/#primaryimage\",\"url\":\"https:\\\/\\\/i0.wp.com\\\/afogadosfm.com.br\\\/afogadosfm\\\/wp-content\\\/uploads\\\/2021\\\/08\\\/real.jpg?fit=1170%2C700&ssl=1\",\"contentUrl\":\"https:\\\/\\\/i0.wp.com\\\/afogadosfm.com.br\\\/afogadosfm\\\/wp-content\\\/uploads\\\/2021\\\/08\\\/real.jpg?fit=1170%2C700&ssl=1\",\"width\":1170,\"height\":700,\"caption\":\"Real-Moeda Nacional\"},{\"@type\":\"BreadcrumbList\",\"@id\":\"https:\\\/\\\/afogadosfm.com.br\\\/afogadosfm\\\/2025\\\/04\\\/29\\\/camara-aprova-projeto-que-altera-a-lei-aldir-blanc-e-r-3-bi-por-ano\\\/#breadcrumb\",\"itemListElement\":[{\"@type\":\"ListItem\",\"position\":1,\"name\":\"In\u00edcio\",\"item\":\"https:\\\/\\\/afogadosfm.com.br\\\/afogadosfm\\\/\"},{\"@type\":\"ListItem\",\"position\":2,\"name\":\"C\u00e2mara aprova projeto que altera a Lei Aldir Blanc e R$ 3 bi por ano\"}]},{\"@type\":\"WebSite\",\"@id\":\"https:\\\/\\\/afogadosfm.com.br\\\/afogadosfm\\\/#website\",\"url\":\"https:\\\/\\\/afogadosfm.com.br\\\/afogadosfm\\\/\",\"name\":\"Afogados FM\",\"description\":\"Um site completo!\",\"publisher\":{\"@id\":\"https:\\\/\\\/afogadosfm.com.br\\\/afogadosfm\\\/#organization\"},\"potentialAction\":[{\"@type\":\"SearchAction\",\"target\":{\"@type\":\"EntryPoint\",\"urlTemplate\":\"https:\\\/\\\/afogadosfm.com.br\\\/afogadosfm\\\/?s={search_term_string}\"},\"query-input\":{\"@type\":\"PropertyValueSpecification\",\"valueRequired\":true,\"valueName\":\"search_term_string\"}}],\"inLanguage\":\"pt-BR\"},{\"@type\":\"Organization\",\"@id\":\"https:\\\/\\\/afogadosfm.com.br\\\/afogadosfm\\\/#organization\",\"name\":\"Afogados FM\",\"url\":\"https:\\\/\\\/afogadosfm.com.br\\\/afogadosfm\\\/\",\"logo\":{\"@type\":\"ImageObject\",\"inLanguage\":\"pt-BR\",\"@id\":\"https:\\\/\\\/afogadosfm.com.br\\\/afogadosfm\\\/#\\\/schema\\\/logo\\\/image\\\/\",\"url\":\"https:\\\/\\\/i0.wp.com\\\/afogadosfm.com.br\\\/afogadosfm\\\/wp-content\\\/uploads\\\/2020\\\/06\\\/cropped-banner-afogados-4.jpg?fit=369%2C137&ssl=1\",\"contentUrl\":\"https:\\\/\\\/i0.wp.com\\\/afogadosfm.com.br\\\/afogadosfm\\\/wp-content\\\/uploads\\\/2020\\\/06\\\/cropped-banner-afogados-4.jpg?fit=369%2C137&ssl=1\",\"width\":369,\"height\":137,\"caption\":\"Afogados FM\"},\"image\":{\"@id\":\"https:\\\/\\\/afogadosfm.com.br\\\/afogadosfm\\\/#\\\/schema\\\/logo\\\/image\\\/\"}},{\"@type\":\"Person\",\"@id\":\"https:\\\/\\\/afogadosfm.com.br\\\/afogadosfm\\\/#\\\/schema\\\/person\\\/60e56f2cf5dc960fc093fe093d9e9057\",\"name\":\"afogadosfm\",\"image\":{\"@type\":\"ImageObject\",\"inLanguage\":\"pt-BR\",\"@id\":\"https:\\\/\\\/secure.gravatar.com\\\/avatar\\\/e0359add7ed5dc3560906d861b52c6a8cf5c1e199d3a7dd85070998f49bd4701?s=96&d=mm&r=g\",\"url\":\"https:\\\/\\\/secure.gravatar.com\\\/avatar\\\/e0359add7ed5dc3560906d861b52c6a8cf5c1e199d3a7dd85070998f49bd4701?s=96&d=mm&r=g\",\"contentUrl\":\"https:\\\/\\\/secure.gravatar.com\\\/avatar\\\/e0359add7ed5dc3560906d861b52c6a8cf5c1e199d3a7dd85070998f49bd4701?s=96&d=mm&r=g\",\"caption\":\"afogadosfm\"},\"url\":\"https:\\\/\\\/afogadosfm.com.br\\\/afogadosfm\\\/author\\\/afogadosfm\\\/\"}]}<\/script>\n<!-- \/ Yoast SEO plugin. -->","yoast_head_json":{"title":"C\u00e2mara aprova projeto que altera a Lei Aldir Blanc e R$ 3 bi por ano - Afogados FM","robots":{"index":"index","follow":"follow","max-snippet":"max-snippet:-1","max-image-preview":"max-image-preview:large","max-video-preview":"max-video-preview:-1"},"canonical":"https:\/\/afogadosfm.com.br\/afogadosfm\/2025\/04\/29\/camara-aprova-projeto-que-altera-a-lei-aldir-blanc-e-r-3-bi-por-ano\/","og_locale":"pt_BR","og_type":"article","og_title":"C\u00e2mara aprova projeto que altera a Lei Aldir Blanc e R$ 3 bi por ano - Afogados FM","og_description":"A C\u00e2mara dos Deputados aprovou projeto (PL 363\/25) que altera a Lei Aldir Blanc de Fomento \u00e0 Cultura (Lei 14.399\/2022),","og_url":"https:\/\/afogadosfm.com.br\/afogadosfm\/2025\/04\/29\/camara-aprova-projeto-que-altera-a-lei-aldir-blanc-e-r-3-bi-por-ano\/","og_site_name":"Afogados FM","article_published_time":"2025-04-29T09:15:50+00:00","article_modified_time":"2025-04-29T09:15:51+00:00","og_image":[{"width":1170,"height":700,"url":"https:\/\/afogadosfm.com.br\/afogadosfm\/wp-content\/uploads\/2021\/08\/real.jpg","type":"image\/jpeg"}],"author":"afogadosfm","twitter_card":"summary_large_image","twitter_misc":{"Escrito por":"afogadosfm","Est. tempo de leitura":"3 minutos"},"schema":{"@context":"https:\/\/schema.org","@graph":[{"@type":"Article","@id":"https:\/\/afogadosfm.com.br\/afogadosfm\/2025\/04\/29\/camara-aprova-projeto-que-altera-a-lei-aldir-blanc-e-r-3-bi-por-ano\/#article","isPartOf":{"@id":"https:\/\/afogadosfm.com.br\/afogadosfm\/2025\/04\/29\/camara-aprova-projeto-que-altera-a-lei-aldir-blanc-e-r-3-bi-por-ano\/"},"author":{"name":"afogadosfm","@id":"https:\/\/afogadosfm.com.br\/afogadosfm\/#\/schema\/person\/60e56f2cf5dc960fc093fe093d9e9057"},"headline":"C\u00e2mara aprova projeto que altera a Lei Aldir Blanc e R$ 3 bi por ano","datePublished":"2025-04-29T09:15:50+00:00","dateModified":"2025-04-29T09:15:51+00:00","mainEntityOfPage":{"@id":"https:\/\/afogadosfm.com.br\/afogadosfm\/2025\/04\/29\/camara-aprova-projeto-que-altera-a-lei-aldir-blanc-e-r-3-bi-por-ano\/"},"wordCount":538,"commentCount":0,"publisher":{"@id":"https:\/\/afogadosfm.com.br\/afogadosfm\/#organization"},"image":{"@id":"https:\/\/afogadosfm.com.br\/afogadosfm\/2025\/04\/29\/camara-aprova-projeto-que-altera-a-lei-aldir-blanc-e-r-3-bi-por-ano\/#primaryimage"},"thumbnailUrl":"https:\/\/i0.wp.com\/afogadosfm.com.br\/afogadosfm\/wp-content\/uploads\/2021\/08\/real.jpg?fit=1170%2C700&ssl=1","articleSection":["Cultura"],"inLanguage":"pt-BR","potentialAction":[{"@type":"CommentAction","name":"Comment","target":["https:\/\/afogadosfm.com.br\/afogadosfm\/2025\/04\/29\/camara-aprova-projeto-que-altera-a-lei-aldir-blanc-e-r-3-bi-por-ano\/#respond"]}]},{"@type":"WebPage","@id":"https:\/\/afogadosfm.com.br\/afogadosfm\/2025\/04\/29\/camara-aprova-projeto-que-altera-a-lei-aldir-blanc-e-r-3-bi-por-ano\/","url":"https:\/\/afogadosfm.com.br\/afogadosfm\/2025\/04\/29\/camara-aprova-projeto-que-altera-a-lei-aldir-blanc-e-r-3-bi-por-ano\/","name":"C\u00e2mara aprova projeto que altera a Lei Aldir Blanc e R$ 3 bi por ano - Afogados FM","isPartOf":{"@id":"https:\/\/afogadosfm.com.br\/afogadosfm\/#website"},"primaryImageOfPage":{"@id":"https:\/\/afogadosfm.com.br\/afogadosfm\/2025\/04\/29\/camara-aprova-projeto-que-altera-a-lei-aldir-blanc-e-r-3-bi-por-ano\/#primaryimage"},"image":{"@id":"https:\/\/afogadosfm.com.br\/afogadosfm\/2025\/04\/29\/camara-aprova-projeto-que-altera-a-lei-aldir-blanc-e-r-3-bi-por-ano\/#primaryimage"},"thumbnailUrl":"https:\/\/i0.wp.com\/afogadosfm.com.br\/afogadosfm\/wp-content\/uploads\/2021\/08\/real.jpg?fit=1170%2C700&ssl=1","datePublished":"2025-04-29T09:15:50+00:00","dateModified":"2025-04-29T09:15:51+00:00","breadcrumb":{"@id":"https:\/\/afogadosfm.com.br\/afogadosfm\/2025\/04\/29\/camara-aprova-projeto-que-altera-a-lei-aldir-blanc-e-r-3-bi-por-ano\/#breadcrumb"},"inLanguage":"pt-BR","potentialAction":[{"@type":"ReadAction","target":["https:\/\/afogadosfm.com.br\/afogadosfm\/2025\/04\/29\/camara-aprova-projeto-que-altera-a-lei-aldir-blanc-e-r-3-bi-por-ano\/"]}]},{"@type":"ImageObject","inLanguage":"pt-BR","@id":"https:\/\/afogadosfm.com.br\/afogadosfm\/2025\/04\/29\/camara-aprova-projeto-que-altera-a-lei-aldir-blanc-e-r-3-bi-por-ano\/#primaryimage","url":"https:\/\/i0.wp.com\/afogadosfm.com.br\/afogadosfm\/wp-content\/uploads\/2021\/08\/real.jpg?fit=1170%2C700&ssl=1","contentUrl":"https:\/\/i0.wp.com\/afogadosfm.com.br\/afogadosfm\/wp-content\/uploads\/2021\/08\/real.jpg?fit=1170%2C700&ssl=1","width":1170,"height":700,"caption":"Real-Moeda Nacional"},{"@type":"BreadcrumbList","@id":"https:\/\/afogadosfm.com.br\/afogadosfm\/2025\/04\/29\/camara-aprova-projeto-que-altera-a-lei-aldir-blanc-e-r-3-bi-por-ano\/#breadcrumb","itemListElement":[{"@type":"ListItem","position":1,"name":"In\u00edcio","item":"https:\/\/afogadosfm.com.br\/afogadosfm\/"},{"@type":"ListItem","position":2,"name":"C\u00e2mara aprova projeto que altera a Lei Aldir Blanc e R$ 3 bi por ano"}]},{"@type":"WebSite","@id":"https:\/\/afogadosfm.com.br\/afogadosfm\/#website","url":"https:\/\/afogadosfm.com.br\/afogadosfm\/","name":"Afogados FM","description":"Um site completo!","publisher":{"@id":"https:\/\/afogadosfm.com.br\/afogadosfm\/#organization"},"potentialAction":[{"@type":"SearchAction","target":{"@type":"EntryPoint","urlTemplate":"https:\/\/afogadosfm.com.br\/afogadosfm\/?s={search_term_string}"},"query-input":{"@type":"PropertyValueSpecification","valueRequired":true,"valueName":"search_term_string"}}],"inLanguage":"pt-BR"},{"@type":"Organization","@id":"https:\/\/afogadosfm.com.br\/afogadosfm\/#organization","name":"Afogados FM","url":"https:\/\/afogadosfm.com.br\/afogadosfm\/","logo":{"@type":"ImageObject","inLanguage":"pt-BR","@id":"https:\/\/afogadosfm.com.br\/afogadosfm\/#\/schema\/logo\/image\/","url":"https:\/\/i0.wp.com\/afogadosfm.com.br\/afogadosfm\/wp-content\/uploads\/2020\/06\/cropped-banner-afogados-4.jpg?fit=369%2C137&ssl=1","contentUrl":"https:\/\/i0.wp.com\/afogadosfm.com.br\/afogadosfm\/wp-content\/uploads\/2020\/06\/cropped-banner-afogados-4.jpg?fit=369%2C137&ssl=1","width":369,"height":137,"caption":"Afogados FM"},"image":{"@id":"https:\/\/afogadosfm.com.br\/afogadosfm\/#\/schema\/logo\/image\/"}},{"@type":"Person","@id":"https:\/\/afogadosfm.com.br\/afogadosfm\/#\/schema\/person\/60e56f2cf5dc960fc093fe093d9e9057","name":"afogadosfm","image":{"@type":"ImageObject","inLanguage":"pt-BR","@id":"https:\/\/secure.gravatar.com\/avatar\/e0359add7ed5dc3560906d861b52c6a8cf5c1e199d3a7dd85070998f49bd4701?s=96&d=mm&r=g","url":"https:\/\/secure.gravatar.com\/avatar\/e0359add7ed5dc3560906d861b52c6a8cf5c1e199d3a7dd85070998f49bd4701?s=96&d=mm&r=g","contentUrl":"https:\/\/secure.gravatar.com\/avatar\/e0359add7ed5dc3560906d861b52c6a8cf5c1e199d3a7dd85070998f49bd4701?s=96&d=mm&r=g","caption":"afogadosfm"},"url":"https:\/\/afogadosfm.com.br\/afogadosfm\/author\/afogadosfm\/"}]}},"jetpack_publicize_connections":[],"jetpack_featured_media_url":"https:\/\/i0.wp.com\/afogadosfm.com.br\/afogadosfm\/wp-content\/uploads\/2021\/08\/real.jpg?fit=1170%2C700&ssl=1","jetpack-related-posts":[],"jetpack_sharing_enabled":true,"jetpack_likes_enabled":true,"_links":{"self":[{"href":"https:\/\/afogadosfm.com.br\/afogadosfm\/wp-json\/wp\/v2\/posts\/65363","targetHints":{"allow":["GET"]}}],"collection":[{"href":"https:\/\/afogadosfm.com.br\/afogadosfm\/wp-json\/wp\/v2\/posts"}],"about":[{"href":"https:\/\/afogadosfm.com.br\/afogadosfm\/wp-json\/wp\/v2\/types\/post"}],"author":[{"embeddable":true,"href":"https:\/\/afogadosfm.com.br\/afogadosfm\/wp-json\/wp\/v2\/users\/2"}],"replies":[{"embeddable":true,"href":"https:\/\/afogadosfm.com.br\/afogadosfm\/wp-json\/wp\/v2\/comments?post=65363"}],"version-history":[{"count":1,"href":"https:\/\/afogadosfm.com.br\/afogadosfm\/wp-json\/wp\/v2\/posts\/65363\/revisions"}],"predecessor-version":[{"id":65364,"href":"https:\/\/afogadosfm.com.br\/afogadosfm\/wp-json\/wp\/v2\/posts\/65363\/revisions\/65364"}],"wp:featuredmedia":[{"embeddable":true,"href":"https:\/\/afogadosfm.com.br\/afogadosfm\/wp-json\/wp\/v2\/media\/30065"}],"wp:attachment":[{"href":"https:\/\/afogadosfm.com.br\/afogadosfm\/wp-json\/wp\/v2\/media?parent=65363"}],"wp:term":[{"taxonomy":"category","embeddable":true,"href":"https:\/\/afogadosfm.com.br\/afogadosfm\/wp-json\/wp\/v2\/categories?post=65363"},{"taxonomy":"post_tag","embeddable":true,"href":"https:\/\/afogadosfm.com.br\/afogadosfm\/wp-json\/wp\/v2\/tags?post=65363"}],"curies":[{"name":"wp","href":"https:\/\/api.w.org\/{rel}","templated":true}]}}