{"id":65365,"date":"2025-04-29T06:28:16","date_gmt":"2025-04-29T09:28:16","guid":{"rendered":"https:\/\/afogadosfm.com.br\/afogadosfm\/?p=65365"},"modified":"2025-04-29T06:28:17","modified_gmt":"2025-04-29T09:28:17","slug":"em-carta-aberta-deputada-federal-denuncia-esposo-por-violencia","status":"publish","type":"post","link":"https:\/\/afogadosfm.com.br\/afogadosfm\/2025\/04\/29\/em-carta-aberta-deputada-federal-denuncia-esposo-por-violencia\/","title":{"rendered":"Em carta aberta, deputada federal denuncia esposo por viol\u00eancia"},"content":{"rendered":"\n<p>Em uma carta aberta divulgada em suas redes sociais, a deputada federal Marussa Boldrin (MDB-Goi\u00e1s) acusou de agress\u00e3o o marido Sinomar J\u00fanior. Segundo ela, as agress\u00f5es psicol\u00f3gicas come\u00e7aram logo ap\u00f3s o nascimento da primeira filha e pioraram a partir de 2023 quando as agress\u00f5es f\u00edsicas tiveram in\u00edcio.<\/p>\n\n\n\n<p>\u201cN\u00e3o quero mais carregar essa dor calada. N\u00e3o quero mais fingir que est\u00e1 tudo bem. N\u00e3o aceito mais ser abusada, nem f\u00edsica, nem moral, nem psicologicamente. Hoje, eu come\u00e7o a escrever um novo cap\u00edtulo da minha vida. Um cap\u00edtulo de cura, de for\u00e7a, de dignidade. Por mim. Pelos meus filhos. Por todas n\u00f3s\u201d, postou, ao final da carta aberta, a parlamentar.<\/p>\n\n\n\n<p>Ao longo do texto, Marussa descreve como foi esse relacionamento abusivo e classifica a den\u00fancia p\u00fablica como um ato de coragem.<\/p>\n\n\n\n<p>\u201cDurante anos, fui silenciada dentro da minha pr\u00f3pria casa. Fui desvalorizada, desacreditada, diminu\u00edda como mulher, como m\u00e3e e como profissional. E, por muito tempo, acreditei que suportar em sil\u00eancio era o caminho. Hoje, sei que n\u00e3o era\u201d, disse.<\/p>\n\n\n\n<p>Segundo a parlamentar, os problemas come\u00e7aram logo ap\u00f3s o nascimento da primeira filha. \u201cO homem que havia jurado cuidar de mim se afastou, emocional e fisicamente, e as agress\u00f5es psicol\u00f3gicas come\u00e7aram\u201d, disse ela ao explicar que seu sil\u00eancio ao longo dos anos foi por medo, vergonha e por acreditar que tudo poderia mudar. Com informa\u00e7\u00f5es da Ag\u00eancia Brasil.<\/p>\n","protected":false},"excerpt":{"rendered":"<p>Em uma carta aberta divulgada em suas redes sociais, a deputada federal Marussa Boldrin (MDB-Goi\u00e1s) acusou de agress\u00e3o o marido<\/p>\n","protected":false},"author":2,"featured_media":65366,"comment_status":"open","ping_status":"open","sticky":false,"template":"","format":"standard","meta":{"jetpack_post_was_ever_published":false,"_jetpack_newsletter_access":"","_jetpack_dont_email_post_to_subs":false,"_jetpack_newsletter_tier_id":0,"_jetpack_memberships_contains_paywalled_content":false,"_jetpack_memberships_contains_paid_content":false,"footnotes":"","jetpack_publicize_message":"","jetpack_publicize_feature_enabled":true,"jetpack_social_post_already_shared":true,"jetpack_social_options":{"image_generator_settings":{"template":"highway","default_image_id":0,"font":"","enabled":false},"version":2}},"categories":[12],"tags":[],"class_list":["post-65365","post","type-post","status-publish","format-standard","has-post-thumbnail","hentry","category-brasil"],"yoast_head":"<!-- This site is optimized with the Yoast SEO plugin v27.5 - https:\/\/yoast.com\/product\/yoast-seo-wordpress\/ -->\n<title>Em carta aberta, deputada federal denuncia esposo por viol\u00eancia - Afogados FM<\/title>\n<meta name=\"robots\" content=\"index, follow, max-snippet:-1, max-image-preview:large, max-video-preview:-1\" \/>\n<link rel=\"canonical\" href=\"https:\/\/afogadosfm.com.br\/afogadosfm\/2025\/04\/29\/em-carta-aberta-deputada-federal-denuncia-esposo-por-violencia\/\" \/>\n<meta property=\"og:locale\" content=\"pt_BR\" \/>\n<meta property=\"og:type\" content=\"article\" \/>\n<meta property=\"og:title\" content=\"Em carta aberta, deputada federal denuncia esposo por viol\u00eancia - Afogados FM\" \/>\n<meta property=\"og:description\" content=\"Em uma carta aberta divulgada em suas redes sociais, a deputada federal Marussa Boldrin (MDB-Goi\u00e1s) acusou de agress\u00e3o o marido\" \/>\n<meta property=\"og:url\" content=\"https:\/\/afogadosfm.com.br\/afogadosfm\/2025\/04\/29\/em-carta-aberta-deputada-federal-denuncia-esposo-por-violencia\/\" \/>\n<meta property=\"og:site_name\" content=\"Afogados FM\" \/>\n<meta property=\"article:published_time\" content=\"2025-04-29T09:28:16+00:00\" \/>\n<meta property=\"article:modified_time\" content=\"2025-04-29T09:28:17+00:00\" \/>\n<meta property=\"og:image\" content=\"https:\/\/afogadosfm.com.br\/afogadosfm\/wp-content\/uploads\/2025\/04\/depfedral.jpg\" \/>\n\t<meta property=\"og:image:width\" content=\"455\" \/>\n\t<meta property=\"og:image:height\" content=\"554\" \/>\n\t<meta property=\"og:image:type\" content=\"image\/jpeg\" \/>\n<meta name=\"author\" content=\"afogadosfm\" \/>\n<meta name=\"twitter:card\" content=\"summary_large_image\" \/>\n<meta name=\"twitter:label1\" content=\"Escrito por\" \/>\n\t<meta name=\"twitter:data1\" content=\"afogadosfm\" \/>\n\t<meta name=\"twitter:label2\" content=\"Est. tempo de leitura\" \/>\n\t<meta name=\"twitter:data2\" content=\"2 minutos\" \/>\n<script type=\"application\/ld+json\" class=\"yoast-schema-graph\">{\"@context\":\"https:\\\/\\\/schema.org\",\"@graph\":[{\"@type\":\"Article\",\"@id\":\"https:\\\/\\\/afogadosfm.com.br\\\/afogadosfm\\\/2025\\\/04\\\/29\\\/em-carta-aberta-deputada-federal-denuncia-esposo-por-violencia\\\/#article\",\"isPartOf\":{\"@id\":\"https:\\\/\\\/afogadosfm.com.br\\\/afogadosfm\\\/2025\\\/04\\\/29\\\/em-carta-aberta-deputada-federal-denuncia-esposo-por-violencia\\\/\"},\"author\":{\"name\":\"afogadosfm\",\"@id\":\"https:\\\/\\\/afogadosfm.com.br\\\/afogadosfm\\\/#\\\/schema\\\/person\\\/60e56f2cf5dc960fc093fe093d9e9057\"},\"headline\":\"Em carta aberta, deputada federal denuncia esposo por viol\u00eancia\",\"datePublished\":\"2025-04-29T09:28:16+00:00\",\"dateModified\":\"2025-04-29T09:28:17+00:00\",\"mainEntityOfPage\":{\"@id\":\"https:\\\/\\\/afogadosfm.com.br\\\/afogadosfm\\\/2025\\\/04\\\/29\\\/em-carta-aberta-deputada-federal-denuncia-esposo-por-violencia\\\/\"},\"wordCount\":268,\"commentCount\":0,\"publisher\":{\"@id\":\"https:\\\/\\\/afogadosfm.com.br\\\/afogadosfm\\\/#organization\"},\"image\":{\"@id\":\"https:\\\/\\\/afogadosfm.com.br\\\/afogadosfm\\\/2025\\\/04\\\/29\\\/em-carta-aberta-deputada-federal-denuncia-esposo-por-violencia\\\/#primaryimage\"},\"thumbnailUrl\":\"https:\\\/\\\/i0.wp.com\\\/afogadosfm.com.br\\\/afogadosfm\\\/wp-content\\\/uploads\\\/2025\\\/04\\\/depfedral.jpg?fit=455%2C554&ssl=1\",\"articleSection\":[\"Brasil\"],\"inLanguage\":\"pt-BR\",\"potentialAction\":[{\"@type\":\"CommentAction\",\"name\":\"Comment\",\"target\":[\"https:\\\/\\\/afogadosfm.com.br\\\/afogadosfm\\\/2025\\\/04\\\/29\\\/em-carta-aberta-deputada-federal-denuncia-esposo-por-violencia\\\/#respond\"]}]},{\"@type\":\"WebPage\",\"@id\":\"https:\\\/\\\/afogadosfm.com.br\\\/afogadosfm\\\/2025\\\/04\\\/29\\\/em-carta-aberta-deputada-federal-denuncia-esposo-por-violencia\\\/\",\"url\":\"https:\\\/\\\/afogadosfm.com.br\\\/afogadosfm\\\/2025\\\/04\\\/29\\\/em-carta-aberta-deputada-federal-denuncia-esposo-por-violencia\\\/\",\"name\":\"Em carta aberta, deputada federal denuncia esposo por viol\u00eancia - Afogados FM\",\"isPartOf\":{\"@id\":\"https:\\\/\\\/afogadosfm.com.br\\\/afogadosfm\\\/#website\"},\"primaryImageOfPage\":{\"@id\":\"https:\\\/\\\/afogadosfm.com.br\\\/afogadosfm\\\/2025\\\/04\\\/29\\\/em-carta-aberta-deputada-federal-denuncia-esposo-por-violencia\\\/#primaryimage\"},\"image\":{\"@id\":\"https:\\\/\\\/afogadosfm.com.br\\\/afogadosfm\\\/2025\\\/04\\\/29\\\/em-carta-aberta-deputada-federal-denuncia-esposo-por-violencia\\\/#primaryimage\"},\"thumbnailUrl\":\"https:\\\/\\\/i0.wp.com\\\/afogadosfm.com.br\\\/afogadosfm\\\/wp-content\\\/uploads\\\/2025\\\/04\\\/depfedral.jpg?fit=455%2C554&ssl=1\",\"datePublished\":\"2025-04-29T09:28:16+00:00\",\"dateModified\":\"2025-04-29T09:28:17+00:00\",\"breadcrumb\":{\"@id\":\"https:\\\/\\\/afogadosfm.com.br\\\/afogadosfm\\\/2025\\\/04\\\/29\\\/em-carta-aberta-deputada-federal-denuncia-esposo-por-violencia\\\/#breadcrumb\"},\"inLanguage\":\"pt-BR\",\"potentialAction\":[{\"@type\":\"ReadAction\",\"target\":[\"https:\\\/\\\/afogadosfm.com.br\\\/afogadosfm\\\/2025\\\/04\\\/29\\\/em-carta-aberta-deputada-federal-denuncia-esposo-por-violencia\\\/\"]}]},{\"@type\":\"ImageObject\",\"inLanguage\":\"pt-BR\",\"@id\":\"https:\\\/\\\/afogadosfm.com.br\\\/afogadosfm\\\/2025\\\/04\\\/29\\\/em-carta-aberta-deputada-federal-denuncia-esposo-por-violencia\\\/#primaryimage\",\"url\":\"https:\\\/\\\/i0.wp.com\\\/afogadosfm.com.br\\\/afogadosfm\\\/wp-content\\\/uploads\\\/2025\\\/04\\\/depfedral.jpg?fit=455%2C554&ssl=1\",\"contentUrl\":\"https:\\\/\\\/i0.wp.com\\\/afogadosfm.com.br\\\/afogadosfm\\\/wp-content\\\/uploads\\\/2025\\\/04\\\/depfedral.jpg?fit=455%2C554&ssl=1\",\"width\":455,\"height\":554},{\"@type\":\"BreadcrumbList\",\"@id\":\"https:\\\/\\\/afogadosfm.com.br\\\/afogadosfm\\\/2025\\\/04\\\/29\\\/em-carta-aberta-deputada-federal-denuncia-esposo-por-violencia\\\/#breadcrumb\",\"itemListElement\":[{\"@type\":\"ListItem\",\"position\":1,\"name\":\"In\u00edcio\",\"item\":\"https:\\\/\\\/afogadosfm.com.br\\\/afogadosfm\\\/\"},{\"@type\":\"ListItem\",\"position\":2,\"name\":\"Em carta aberta, deputada federal denuncia esposo por viol\u00eancia\"}]},{\"@type\":\"WebSite\",\"@id\":\"https:\\\/\\\/afogadosfm.com.br\\\/afogadosfm\\\/#website\",\"url\":\"https:\\\/\\\/afogadosfm.com.br\\\/afogadosfm\\\/\",\"name\":\"Afogados FM\",\"description\":\"Um site completo!\",\"publisher\":{\"@id\":\"https:\\\/\\\/afogadosfm.com.br\\\/afogadosfm\\\/#organization\"},\"potentialAction\":[{\"@type\":\"SearchAction\",\"target\":{\"@type\":\"EntryPoint\",\"urlTemplate\":\"https:\\\/\\\/afogadosfm.com.br\\\/afogadosfm\\\/?s={search_term_string}\"},\"query-input\":{\"@type\":\"PropertyValueSpecification\",\"valueRequired\":true,\"valueName\":\"search_term_string\"}}],\"inLanguage\":\"pt-BR\"},{\"@type\":\"Organization\",\"@id\":\"https:\\\/\\\/afogadosfm.com.br\\\/afogadosfm\\\/#organization\",\"name\":\"Afogados FM\",\"url\":\"https:\\\/\\\/afogadosfm.com.br\\\/afogadosfm\\\/\",\"logo\":{\"@type\":\"ImageObject\",\"inLanguage\":\"pt-BR\",\"@id\":\"https:\\\/\\\/afogadosfm.com.br\\\/afogadosfm\\\/#\\\/schema\\\/logo\\\/image\\\/\",\"url\":\"https:\\\/\\\/i0.wp.com\\\/afogadosfm.com.br\\\/afogadosfm\\\/wp-content\\\/uploads\\\/2020\\\/06\\\/cropped-banner-afogados-4.jpg?fit=369%2C137&ssl=1\",\"contentUrl\":\"https:\\\/\\\/i0.wp.com\\\/afogadosfm.com.br\\\/afogadosfm\\\/wp-content\\\/uploads\\\/2020\\\/06\\\/cropped-banner-afogados-4.jpg?fit=369%2C137&ssl=1\",\"width\":369,\"height\":137,\"caption\":\"Afogados FM\"},\"image\":{\"@id\":\"https:\\\/\\\/afogadosfm.com.br\\\/afogadosfm\\\/#\\\/schema\\\/logo\\\/image\\\/\"}},{\"@type\":\"Person\",\"@id\":\"https:\\\/\\\/afogadosfm.com.br\\\/afogadosfm\\\/#\\\/schema\\\/person\\\/60e56f2cf5dc960fc093fe093d9e9057\",\"name\":\"afogadosfm\",\"image\":{\"@type\":\"ImageObject\",\"inLanguage\":\"pt-BR\",\"@id\":\"https:\\\/\\\/secure.gravatar.com\\\/avatar\\\/e0359add7ed5dc3560906d861b52c6a8cf5c1e199d3a7dd85070998f49bd4701?s=96&d=mm&r=g\",\"url\":\"https:\\\/\\\/secure.gravatar.com\\\/avatar\\\/e0359add7ed5dc3560906d861b52c6a8cf5c1e199d3a7dd85070998f49bd4701?s=96&d=mm&r=g\",\"contentUrl\":\"https:\\\/\\\/secure.gravatar.com\\\/avatar\\\/e0359add7ed5dc3560906d861b52c6a8cf5c1e199d3a7dd85070998f49bd4701?s=96&d=mm&r=g\",\"caption\":\"afogadosfm\"},\"url\":\"https:\\\/\\\/afogadosfm.com.br\\\/afogadosfm\\\/author\\\/afogadosfm\\\/\"}]}<\/script>\n<!-- \/ Yoast SEO plugin. -->","yoast_head_json":{"title":"Em carta aberta, deputada federal denuncia esposo por viol\u00eancia - Afogados FM","robots":{"index":"index","follow":"follow","max-snippet":"max-snippet:-1","max-image-preview":"max-image-preview:large","max-video-preview":"max-video-preview:-1"},"canonical":"https:\/\/afogadosfm.com.br\/afogadosfm\/2025\/04\/29\/em-carta-aberta-deputada-federal-denuncia-esposo-por-violencia\/","og_locale":"pt_BR","og_type":"article","og_title":"Em carta aberta, deputada federal denuncia esposo por viol\u00eancia - Afogados FM","og_description":"Em uma carta aberta divulgada em suas redes sociais, a deputada federal Marussa Boldrin (MDB-Goi\u00e1s) acusou de agress\u00e3o o marido","og_url":"https:\/\/afogadosfm.com.br\/afogadosfm\/2025\/04\/29\/em-carta-aberta-deputada-federal-denuncia-esposo-por-violencia\/","og_site_name":"Afogados FM","article_published_time":"2025-04-29T09:28:16+00:00","article_modified_time":"2025-04-29T09:28:17+00:00","og_image":[{"width":455,"height":554,"url":"https:\/\/afogadosfm.com.br\/afogadosfm\/wp-content\/uploads\/2025\/04\/depfedral.jpg","type":"image\/jpeg"}],"author":"afogadosfm","twitter_card":"summary_large_image","twitter_misc":{"Escrito por":"afogadosfm","Est. tempo de leitura":"2 minutos"},"schema":{"@context":"https:\/\/schema.org","@graph":[{"@type":"Article","@id":"https:\/\/afogadosfm.com.br\/afogadosfm\/2025\/04\/29\/em-carta-aberta-deputada-federal-denuncia-esposo-por-violencia\/#article","isPartOf":{"@id":"https:\/\/afogadosfm.com.br\/afogadosfm\/2025\/04\/29\/em-carta-aberta-deputada-federal-denuncia-esposo-por-violencia\/"},"author":{"name":"afogadosfm","@id":"https:\/\/afogadosfm.com.br\/afogadosfm\/#\/schema\/person\/60e56f2cf5dc960fc093fe093d9e9057"},"headline":"Em carta aberta, deputada federal denuncia esposo por viol\u00eancia","datePublished":"2025-04-29T09:28:16+00:00","dateModified":"2025-04-29T09:28:17+00:00","mainEntityOfPage":{"@id":"https:\/\/afogadosfm.com.br\/afogadosfm\/2025\/04\/29\/em-carta-aberta-deputada-federal-denuncia-esposo-por-violencia\/"},"wordCount":268,"commentCount":0,"publisher":{"@id":"https:\/\/afogadosfm.com.br\/afogadosfm\/#organization"},"image":{"@id":"https:\/\/afogadosfm.com.br\/afogadosfm\/2025\/04\/29\/em-carta-aberta-deputada-federal-denuncia-esposo-por-violencia\/#primaryimage"},"thumbnailUrl":"https:\/\/i0.wp.com\/afogadosfm.com.br\/afogadosfm\/wp-content\/uploads\/2025\/04\/depfedral.jpg?fit=455%2C554&ssl=1","articleSection":["Brasil"],"inLanguage":"pt-BR","potentialAction":[{"@type":"CommentAction","name":"Comment","target":["https:\/\/afogadosfm.com.br\/afogadosfm\/2025\/04\/29\/em-carta-aberta-deputada-federal-denuncia-esposo-por-violencia\/#respond"]}]},{"@type":"WebPage","@id":"https:\/\/afogadosfm.com.br\/afogadosfm\/2025\/04\/29\/em-carta-aberta-deputada-federal-denuncia-esposo-por-violencia\/","url":"https:\/\/afogadosfm.com.br\/afogadosfm\/2025\/04\/29\/em-carta-aberta-deputada-federal-denuncia-esposo-por-violencia\/","name":"Em carta aberta, deputada federal denuncia esposo por viol\u00eancia - Afogados FM","isPartOf":{"@id":"https:\/\/afogadosfm.com.br\/afogadosfm\/#website"},"primaryImageOfPage":{"@id":"https:\/\/afogadosfm.com.br\/afogadosfm\/2025\/04\/29\/em-carta-aberta-deputada-federal-denuncia-esposo-por-violencia\/#primaryimage"},"image":{"@id":"https:\/\/afogadosfm.com.br\/afogadosfm\/2025\/04\/29\/em-carta-aberta-deputada-federal-denuncia-esposo-por-violencia\/#primaryimage"},"thumbnailUrl":"https:\/\/i0.wp.com\/afogadosfm.com.br\/afogadosfm\/wp-content\/uploads\/2025\/04\/depfedral.jpg?fit=455%2C554&ssl=1","datePublished":"2025-04-29T09:28:16+00:00","dateModified":"2025-04-29T09:28:17+00:00","breadcrumb":{"@id":"https:\/\/afogadosfm.com.br\/afogadosfm\/2025\/04\/29\/em-carta-aberta-deputada-federal-denuncia-esposo-por-violencia\/#breadcrumb"},"inLanguage":"pt-BR","potentialAction":[{"@type":"ReadAction","target":["https:\/\/afogadosfm.com.br\/afogadosfm\/2025\/04\/29\/em-carta-aberta-deputada-federal-denuncia-esposo-por-violencia\/"]}]},{"@type":"ImageObject","inLanguage":"pt-BR","@id":"https:\/\/afogadosfm.com.br\/afogadosfm\/2025\/04\/29\/em-carta-aberta-deputada-federal-denuncia-esposo-por-violencia\/#primaryimage","url":"https:\/\/i0.wp.com\/afogadosfm.com.br\/afogadosfm\/wp-content\/uploads\/2025\/04\/depfedral.jpg?fit=455%2C554&ssl=1","contentUrl":"https:\/\/i0.wp.com\/afogadosfm.com.br\/afogadosfm\/wp-content\/uploads\/2025\/04\/depfedral.jpg?fit=455%2C554&ssl=1","width":455,"height":554},{"@type":"BreadcrumbList","@id":"https:\/\/afogadosfm.com.br\/afogadosfm\/2025\/04\/29\/em-carta-aberta-deputada-federal-denuncia-esposo-por-violencia\/#breadcrumb","itemListElement":[{"@type":"ListItem","position":1,"name":"In\u00edcio","item":"https:\/\/afogadosfm.com.br\/afogadosfm\/"},{"@type":"ListItem","position":2,"name":"Em carta aberta, deputada federal denuncia esposo por viol\u00eancia"}]},{"@type":"WebSite","@id":"https:\/\/afogadosfm.com.br\/afogadosfm\/#website","url":"https:\/\/afogadosfm.com.br\/afogadosfm\/","name":"Afogados FM","description":"Um site completo!","publisher":{"@id":"https:\/\/afogadosfm.com.br\/afogadosfm\/#organization"},"potentialAction":[{"@type":"SearchAction","target":{"@type":"EntryPoint","urlTemplate":"https:\/\/afogadosfm.com.br\/afogadosfm\/?s={search_term_string}"},"query-input":{"@type":"PropertyValueSpecification","valueRequired":true,"valueName":"search_term_string"}}],"inLanguage":"pt-BR"},{"@type":"Organization","@id":"https:\/\/afogadosfm.com.br\/afogadosfm\/#organization","name":"Afogados FM","url":"https:\/\/afogadosfm.com.br\/afogadosfm\/","logo":{"@type":"ImageObject","inLanguage":"pt-BR","@id":"https:\/\/afogadosfm.com.br\/afogadosfm\/#\/schema\/logo\/image\/","url":"https:\/\/i0.wp.com\/afogadosfm.com.br\/afogadosfm\/wp-content\/uploads\/2020\/06\/cropped-banner-afogados-4.jpg?fit=369%2C137&ssl=1","contentUrl":"https:\/\/i0.wp.com\/afogadosfm.com.br\/afogadosfm\/wp-content\/uploads\/2020\/06\/cropped-banner-afogados-4.jpg?fit=369%2C137&ssl=1","width":369,"height":137,"caption":"Afogados FM"},"image":{"@id":"https:\/\/afogadosfm.com.br\/afogadosfm\/#\/schema\/logo\/image\/"}},{"@type":"Person","@id":"https:\/\/afogadosfm.com.br\/afogadosfm\/#\/schema\/person\/60e56f2cf5dc960fc093fe093d9e9057","name":"afogadosfm","image":{"@type":"ImageObject","inLanguage":"pt-BR","@id":"https:\/\/secure.gravatar.com\/avatar\/e0359add7ed5dc3560906d861b52c6a8cf5c1e199d3a7dd85070998f49bd4701?s=96&d=mm&r=g","url":"https:\/\/secure.gravatar.com\/avatar\/e0359add7ed5dc3560906d861b52c6a8cf5c1e199d3a7dd85070998f49bd4701?s=96&d=mm&r=g","contentUrl":"https:\/\/secure.gravatar.com\/avatar\/e0359add7ed5dc3560906d861b52c6a8cf5c1e199d3a7dd85070998f49bd4701?s=96&d=mm&r=g","caption":"afogadosfm"},"url":"https:\/\/afogadosfm.com.br\/afogadosfm\/author\/afogadosfm\/"}]}},"jetpack_publicize_connections":[],"jetpack_featured_media_url":"https:\/\/i0.wp.com\/afogadosfm.com.br\/afogadosfm\/wp-content\/uploads\/2025\/04\/depfedral.jpg?fit=455%2C554&ssl=1","jetpack-related-posts":[],"jetpack_sharing_enabled":true,"jetpack_likes_enabled":true,"_links":{"self":[{"href":"https:\/\/afogadosfm.com.br\/afogadosfm\/wp-json\/wp\/v2\/posts\/65365","targetHints":{"allow":["GET"]}}],"collection":[{"href":"https:\/\/afogadosfm.com.br\/afogadosfm\/wp-json\/wp\/v2\/posts"}],"about":[{"href":"https:\/\/afogadosfm.com.br\/afogadosfm\/wp-json\/wp\/v2\/types\/post"}],"author":[{"embeddable":true,"href":"https:\/\/afogadosfm.com.br\/afogadosfm\/wp-json\/wp\/v2\/users\/2"}],"replies":[{"embeddable":true,"href":"https:\/\/afogadosfm.com.br\/afogadosfm\/wp-json\/wp\/v2\/comments?post=65365"}],"version-history":[{"count":1,"href":"https:\/\/afogadosfm.com.br\/afogadosfm\/wp-json\/wp\/v2\/posts\/65365\/revisions"}],"predecessor-version":[{"id":65367,"href":"https:\/\/afogadosfm.com.br\/afogadosfm\/wp-json\/wp\/v2\/posts\/65365\/revisions\/65367"}],"wp:featuredmedia":[{"embeddable":true,"href":"https:\/\/afogadosfm.com.br\/afogadosfm\/wp-json\/wp\/v2\/media\/65366"}],"wp:attachment":[{"href":"https:\/\/afogadosfm.com.br\/afogadosfm\/wp-json\/wp\/v2\/media?parent=65365"}],"wp:term":[{"taxonomy":"category","embeddable":true,"href":"https:\/\/afogadosfm.com.br\/afogadosfm\/wp-json\/wp\/v2\/categories?post=65365"},{"taxonomy":"post_tag","embeddable":true,"href":"https:\/\/afogadosfm.com.br\/afogadosfm\/wp-json\/wp\/v2\/tags?post=65365"}],"curies":[{"name":"wp","href":"https:\/\/api.w.org\/{rel}","templated":true}]}}