{"id":65370,"date":"2025-04-29T08:06:56","date_gmt":"2025-04-29T11:06:56","guid":{"rendered":"https:\/\/afogadosfm.com.br\/afogadosfm\/?p=65370"},"modified":"2025-04-29T08:06:57","modified_gmt":"2025-04-29T11:06:57","slug":"pm-e-preso-apos-sequestrar-matar-e-carbonizar-homem-que-o-denunciou-na-justica-do-trabalho","status":"publish","type":"post","link":"https:\/\/afogadosfm.com.br\/afogadosfm\/2025\/04\/29\/pm-e-preso-apos-sequestrar-matar-e-carbonizar-homem-que-o-denunciou-na-justica-do-trabalho\/","title":{"rendered":"PM \u00e9 preso ap\u00f3s sequestrar, matar e carbonizar homem que o denunciou na Justi\u00e7a do Trabalho"},"content":{"rendered":"\n<p>O sargento da Pol\u00edcia Militar do Cear\u00e1, m\u00e9dico-cirurgi\u00e3o e dono de garimpos em Salgueiro (PE) foi preso acusado de cometer um homic\u00eddio qualificado com oculta\u00e7\u00e3o de cad\u00e1ver. A v\u00edtima, Reginaldo Gomes da Costa, trabalhava como motorista de caminh\u00e3o em um dos garimpos do acusado e havia acionado o patr\u00e3o na Justi\u00e7a do Trabalho para cobrar direitos n\u00e3o pagos.<\/p>\n\n\n\n<p>De acordo com a investiga\u00e7\u00e3o da Pol\u00edcia Civil, Reginaldo desapareceu no dia 24 de julho de 2024, logo ap\u00f3s uma audi\u00eancia trabalhista em Salgueiro. Ap\u00f3s a sess\u00e3o, o patr\u00e3o, armado, o obrigou a entrar em seu ve\u00edculo e, minutos depois, desapareceu com ele.<\/p>\n\n\n\n<p>Preocupada com o sumi\u00e7o, a esposa da v\u00edtima procurou a Justi\u00e7a do Trabalho, que acionou a Pol\u00edcia Federal e, posteriormente, encaminhou o caso para a Pol\u00edcia Civil. Sem testemunhas diretas, os investigadores realizaram um trabalho minucioso at\u00e9 localizar, em 2 de agosto, um corpo parcialmente carbonizado no munic\u00edpio de Jardim, no Cear\u00e1. A identidade foi confirmada por exame de DNA, utilizando material gen\u00e9tico da filha da v\u00edtima.<\/p>\n\n\n\n<p>As provas reunidas apontam que o sargento agiu sozinho. Imagens de c\u00e2meras de seguran\u00e7a e depoimentos de testemunhas confirmam que o acusado abordou Reginaldo armado e sem aux\u00edlio de terceiros. Apesar do estado avan\u00e7ado de carboniza\u00e7\u00e3o do corpo, o conjunto de evid\u00eancias levou a pol\u00edcia a confirmar o homic\u00eddio.<\/p>\n\n\n\n<p>A opera\u00e7\u00e3o para prender o sargento ocorreu no dia 23 de abril de 2025. Ele foi localizado pela equipe do Grupo de Opera\u00e7\u00f5es Especiais (GOE) na BR-499, nas proximidades de Salgueiro, enquanto estava de plant\u00e3o na cidade de Terra Nova (PE). Durante a abordagem, portava uma espingarda calibre 12 sem registro, sendo preso em flagrante por porte ilegal de arma de fogo, al\u00e9m de ser cumprido o mandado de pris\u00e3o tempor\u00e1ria.<\/p>\n\n\n\n<p>O acusado afirmou que estaria desarmado por determina\u00e7\u00e3o da Pol\u00edcia Militar do Cear\u00e1, alegando ter entregado suas armas em raz\u00e3o de um inqu\u00e9rito administrativo. Ele foi encaminhado ao Pres\u00eddio Militar de Fortaleza, onde permanece preso. Al\u00e9m do crime atual, o sargento j\u00e1 respondia a outros processos, incluindo uma investiga\u00e7\u00e3o na Lei Maria da Penha.<\/p>\n","protected":false},"excerpt":{"rendered":"<p>O sargento da Pol\u00edcia Militar do Cear\u00e1, m\u00e9dico-cirurgi\u00e3o e dono de garimpos em Salgueiro (PE) foi preso acusado de cometer<\/p>\n","protected":false},"author":2,"featured_media":54517,"comment_status":"open","ping_status":"open","sticky":false,"template":"","format":"standard","meta":{"jetpack_post_was_ever_published":false,"_jetpack_newsletter_access":"","_jetpack_dont_email_post_to_subs":false,"_jetpack_newsletter_tier_id":0,"_jetpack_memberships_contains_paywalled_content":false,"_jetpack_memberships_contains_paid_content":false,"footnotes":"","jetpack_publicize_message":"","jetpack_publicize_feature_enabled":true,"jetpack_social_post_already_shared":true,"jetpack_social_options":{"image_generator_settings":{"template":"highway","default_image_id":0,"font":"","enabled":false},"version":2}},"categories":[13],"tags":[],"class_list":["post-65370","post","type-post","status-publish","format-standard","has-post-thumbnail","hentry","category-pernambuco"],"yoast_head":"<!-- This site is optimized with the Yoast SEO plugin v27.5 - https:\/\/yoast.com\/product\/yoast-seo-wordpress\/ -->\n<title>PM \u00e9 preso ap\u00f3s sequestrar, matar e carbonizar homem que o denunciou na Justi\u00e7a do Trabalho - Afogados FM<\/title>\n<meta name=\"robots\" content=\"index, follow, max-snippet:-1, max-image-preview:large, max-video-preview:-1\" \/>\n<link rel=\"canonical\" href=\"https:\/\/afogadosfm.com.br\/afogadosfm\/2025\/04\/29\/pm-e-preso-apos-sequestrar-matar-e-carbonizar-homem-que-o-denunciou-na-justica-do-trabalho\/\" \/>\n<meta property=\"og:locale\" content=\"pt_BR\" \/>\n<meta property=\"og:type\" content=\"article\" \/>\n<meta property=\"og:title\" content=\"PM \u00e9 preso ap\u00f3s sequestrar, matar e carbonizar homem que o denunciou na Justi\u00e7a do Trabalho - Afogados FM\" \/>\n<meta property=\"og:description\" content=\"O sargento da Pol\u00edcia Militar do Cear\u00e1, m\u00e9dico-cirurgi\u00e3o e dono de garimpos em Salgueiro (PE) foi preso acusado de cometer\" \/>\n<meta property=\"og:url\" content=\"https:\/\/afogadosfm.com.br\/afogadosfm\/2025\/04\/29\/pm-e-preso-apos-sequestrar-matar-e-carbonizar-homem-que-o-denunciou-na-justica-do-trabalho\/\" \/>\n<meta property=\"og:site_name\" content=\"Afogados FM\" \/>\n<meta property=\"article:published_time\" content=\"2025-04-29T11:06:56+00:00\" \/>\n<meta property=\"article:modified_time\" content=\"2025-04-29T11:06:57+00:00\" \/>\n<meta property=\"og:image\" content=\"https:\/\/afogadosfm.com.br\/afogadosfm\/wp-content\/uploads\/2024\/02\/policiacivil.jpeg\" \/>\n\t<meta property=\"og:image:width\" content=\"474\" \/>\n\t<meta property=\"og:image:height\" content=\"244\" \/>\n\t<meta property=\"og:image:type\" content=\"image\/jpeg\" \/>\n<meta name=\"author\" content=\"afogadosfm\" \/>\n<meta name=\"twitter:card\" content=\"summary_large_image\" \/>\n<meta name=\"twitter:label1\" content=\"Escrito por\" \/>\n\t<meta name=\"twitter:data1\" content=\"afogadosfm\" \/>\n\t<meta name=\"twitter:label2\" content=\"Est. tempo de leitura\" \/>\n\t<meta name=\"twitter:data2\" content=\"3 minutos\" \/>\n<script type=\"application\/ld+json\" class=\"yoast-schema-graph\">{\"@context\":\"https:\\\/\\\/schema.org\",\"@graph\":[{\"@type\":\"Article\",\"@id\":\"https:\\\/\\\/afogadosfm.com.br\\\/afogadosfm\\\/2025\\\/04\\\/29\\\/pm-e-preso-apos-sequestrar-matar-e-carbonizar-homem-que-o-denunciou-na-justica-do-trabalho\\\/#article\",\"isPartOf\":{\"@id\":\"https:\\\/\\\/afogadosfm.com.br\\\/afogadosfm\\\/2025\\\/04\\\/29\\\/pm-e-preso-apos-sequestrar-matar-e-carbonizar-homem-que-o-denunciou-na-justica-do-trabalho\\\/\"},\"author\":{\"name\":\"afogadosfm\",\"@id\":\"https:\\\/\\\/afogadosfm.com.br\\\/afogadosfm\\\/#\\\/schema\\\/person\\\/60e56f2cf5dc960fc093fe093d9e9057\"},\"headline\":\"PM \u00e9 preso ap\u00f3s sequestrar, matar e carbonizar homem que o denunciou na Justi\u00e7a do Trabalho\",\"datePublished\":\"2025-04-29T11:06:56+00:00\",\"dateModified\":\"2025-04-29T11:06:57+00:00\",\"mainEntityOfPage\":{\"@id\":\"https:\\\/\\\/afogadosfm.com.br\\\/afogadosfm\\\/2025\\\/04\\\/29\\\/pm-e-preso-apos-sequestrar-matar-e-carbonizar-homem-que-o-denunciou-na-justica-do-trabalho\\\/\"},\"wordCount\":401,\"commentCount\":0,\"publisher\":{\"@id\":\"https:\\\/\\\/afogadosfm.com.br\\\/afogadosfm\\\/#organization\"},\"image\":{\"@id\":\"https:\\\/\\\/afogadosfm.com.br\\\/afogadosfm\\\/2025\\\/04\\\/29\\\/pm-e-preso-apos-sequestrar-matar-e-carbonizar-homem-que-o-denunciou-na-justica-do-trabalho\\\/#primaryimage\"},\"thumbnailUrl\":\"https:\\\/\\\/i0.wp.com\\\/afogadosfm.com.br\\\/afogadosfm\\\/wp-content\\\/uploads\\\/2024\\\/02\\\/policiacivil.jpeg?fit=474%2C244&ssl=1\",\"articleSection\":[\"Pernambuco\"],\"inLanguage\":\"pt-BR\",\"potentialAction\":[{\"@type\":\"CommentAction\",\"name\":\"Comment\",\"target\":[\"https:\\\/\\\/afogadosfm.com.br\\\/afogadosfm\\\/2025\\\/04\\\/29\\\/pm-e-preso-apos-sequestrar-matar-e-carbonizar-homem-que-o-denunciou-na-justica-do-trabalho\\\/#respond\"]}]},{\"@type\":\"WebPage\",\"@id\":\"https:\\\/\\\/afogadosfm.com.br\\\/afogadosfm\\\/2025\\\/04\\\/29\\\/pm-e-preso-apos-sequestrar-matar-e-carbonizar-homem-que-o-denunciou-na-justica-do-trabalho\\\/\",\"url\":\"https:\\\/\\\/afogadosfm.com.br\\\/afogadosfm\\\/2025\\\/04\\\/29\\\/pm-e-preso-apos-sequestrar-matar-e-carbonizar-homem-que-o-denunciou-na-justica-do-trabalho\\\/\",\"name\":\"PM \u00e9 preso ap\u00f3s sequestrar, matar e carbonizar homem que o denunciou na Justi\u00e7a do Trabalho - Afogados FM\",\"isPartOf\":{\"@id\":\"https:\\\/\\\/afogadosfm.com.br\\\/afogadosfm\\\/#website\"},\"primaryImageOfPage\":{\"@id\":\"https:\\\/\\\/afogadosfm.com.br\\\/afogadosfm\\\/2025\\\/04\\\/29\\\/pm-e-preso-apos-sequestrar-matar-e-carbonizar-homem-que-o-denunciou-na-justica-do-trabalho\\\/#primaryimage\"},\"image\":{\"@id\":\"https:\\\/\\\/afogadosfm.com.br\\\/afogadosfm\\\/2025\\\/04\\\/29\\\/pm-e-preso-apos-sequestrar-matar-e-carbonizar-homem-que-o-denunciou-na-justica-do-trabalho\\\/#primaryimage\"},\"thumbnailUrl\":\"https:\\\/\\\/i0.wp.com\\\/afogadosfm.com.br\\\/afogadosfm\\\/wp-content\\\/uploads\\\/2024\\\/02\\\/policiacivil.jpeg?fit=474%2C244&ssl=1\",\"datePublished\":\"2025-04-29T11:06:56+00:00\",\"dateModified\":\"2025-04-29T11:06:57+00:00\",\"breadcrumb\":{\"@id\":\"https:\\\/\\\/afogadosfm.com.br\\\/afogadosfm\\\/2025\\\/04\\\/29\\\/pm-e-preso-apos-sequestrar-matar-e-carbonizar-homem-que-o-denunciou-na-justica-do-trabalho\\\/#breadcrumb\"},\"inLanguage\":\"pt-BR\",\"potentialAction\":[{\"@type\":\"ReadAction\",\"target\":[\"https:\\\/\\\/afogadosfm.com.br\\\/afogadosfm\\\/2025\\\/04\\\/29\\\/pm-e-preso-apos-sequestrar-matar-e-carbonizar-homem-que-o-denunciou-na-justica-do-trabalho\\\/\"]}]},{\"@type\":\"ImageObject\",\"inLanguage\":\"pt-BR\",\"@id\":\"https:\\\/\\\/afogadosfm.com.br\\\/afogadosfm\\\/2025\\\/04\\\/29\\\/pm-e-preso-apos-sequestrar-matar-e-carbonizar-homem-que-o-denunciou-na-justica-do-trabalho\\\/#primaryimage\",\"url\":\"https:\\\/\\\/i0.wp.com\\\/afogadosfm.com.br\\\/afogadosfm\\\/wp-content\\\/uploads\\\/2024\\\/02\\\/policiacivil.jpeg?fit=474%2C244&ssl=1\",\"contentUrl\":\"https:\\\/\\\/i0.wp.com\\\/afogadosfm.com.br\\\/afogadosfm\\\/wp-content\\\/uploads\\\/2024\\\/02\\\/policiacivil.jpeg?fit=474%2C244&ssl=1\",\"width\":474,\"height\":244},{\"@type\":\"BreadcrumbList\",\"@id\":\"https:\\\/\\\/afogadosfm.com.br\\\/afogadosfm\\\/2025\\\/04\\\/29\\\/pm-e-preso-apos-sequestrar-matar-e-carbonizar-homem-que-o-denunciou-na-justica-do-trabalho\\\/#breadcrumb\",\"itemListElement\":[{\"@type\":\"ListItem\",\"position\":1,\"name\":\"In\u00edcio\",\"item\":\"https:\\\/\\\/afogadosfm.com.br\\\/afogadosfm\\\/\"},{\"@type\":\"ListItem\",\"position\":2,\"name\":\"PM \u00e9 preso ap\u00f3s sequestrar, matar e carbonizar homem que o denunciou na Justi\u00e7a do Trabalho\"}]},{\"@type\":\"WebSite\",\"@id\":\"https:\\\/\\\/afogadosfm.com.br\\\/afogadosfm\\\/#website\",\"url\":\"https:\\\/\\\/afogadosfm.com.br\\\/afogadosfm\\\/\",\"name\":\"Afogados FM\",\"description\":\"Um site completo!\",\"publisher\":{\"@id\":\"https:\\\/\\\/afogadosfm.com.br\\\/afogadosfm\\\/#organization\"},\"potentialAction\":[{\"@type\":\"SearchAction\",\"target\":{\"@type\":\"EntryPoint\",\"urlTemplate\":\"https:\\\/\\\/afogadosfm.com.br\\\/afogadosfm\\\/?s={search_term_string}\"},\"query-input\":{\"@type\":\"PropertyValueSpecification\",\"valueRequired\":true,\"valueName\":\"search_term_string\"}}],\"inLanguage\":\"pt-BR\"},{\"@type\":\"Organization\",\"@id\":\"https:\\\/\\\/afogadosfm.com.br\\\/afogadosfm\\\/#organization\",\"name\":\"Afogados FM\",\"url\":\"https:\\\/\\\/afogadosfm.com.br\\\/afogadosfm\\\/\",\"logo\":{\"@type\":\"ImageObject\",\"inLanguage\":\"pt-BR\",\"@id\":\"https:\\\/\\\/afogadosfm.com.br\\\/afogadosfm\\\/#\\\/schema\\\/logo\\\/image\\\/\",\"url\":\"https:\\\/\\\/i0.wp.com\\\/afogadosfm.com.br\\\/afogadosfm\\\/wp-content\\\/uploads\\\/2020\\\/06\\\/cropped-banner-afogados-4.jpg?fit=369%2C137&ssl=1\",\"contentUrl\":\"https:\\\/\\\/i0.wp.com\\\/afogadosfm.com.br\\\/afogadosfm\\\/wp-content\\\/uploads\\\/2020\\\/06\\\/cropped-banner-afogados-4.jpg?fit=369%2C137&ssl=1\",\"width\":369,\"height\":137,\"caption\":\"Afogados FM\"},\"image\":{\"@id\":\"https:\\\/\\\/afogadosfm.com.br\\\/afogadosfm\\\/#\\\/schema\\\/logo\\\/image\\\/\"}},{\"@type\":\"Person\",\"@id\":\"https:\\\/\\\/afogadosfm.com.br\\\/afogadosfm\\\/#\\\/schema\\\/person\\\/60e56f2cf5dc960fc093fe093d9e9057\",\"name\":\"afogadosfm\",\"image\":{\"@type\":\"ImageObject\",\"inLanguage\":\"pt-BR\",\"@id\":\"https:\\\/\\\/secure.gravatar.com\\\/avatar\\\/e0359add7ed5dc3560906d861b52c6a8cf5c1e199d3a7dd85070998f49bd4701?s=96&d=mm&r=g\",\"url\":\"https:\\\/\\\/secure.gravatar.com\\\/avatar\\\/e0359add7ed5dc3560906d861b52c6a8cf5c1e199d3a7dd85070998f49bd4701?s=96&d=mm&r=g\",\"contentUrl\":\"https:\\\/\\\/secure.gravatar.com\\\/avatar\\\/e0359add7ed5dc3560906d861b52c6a8cf5c1e199d3a7dd85070998f49bd4701?s=96&d=mm&r=g\",\"caption\":\"afogadosfm\"},\"url\":\"https:\\\/\\\/afogadosfm.com.br\\\/afogadosfm\\\/author\\\/afogadosfm\\\/\"}]}<\/script>\n<!-- \/ Yoast SEO plugin. -->","yoast_head_json":{"title":"PM \u00e9 preso ap\u00f3s sequestrar, matar e carbonizar homem que o denunciou na Justi\u00e7a do Trabalho - Afogados FM","robots":{"index":"index","follow":"follow","max-snippet":"max-snippet:-1","max-image-preview":"max-image-preview:large","max-video-preview":"max-video-preview:-1"},"canonical":"https:\/\/afogadosfm.com.br\/afogadosfm\/2025\/04\/29\/pm-e-preso-apos-sequestrar-matar-e-carbonizar-homem-que-o-denunciou-na-justica-do-trabalho\/","og_locale":"pt_BR","og_type":"article","og_title":"PM \u00e9 preso ap\u00f3s sequestrar, matar e carbonizar homem que o denunciou na Justi\u00e7a do Trabalho - Afogados FM","og_description":"O sargento da Pol\u00edcia Militar do Cear\u00e1, m\u00e9dico-cirurgi\u00e3o e dono de garimpos em Salgueiro (PE) foi preso acusado de cometer","og_url":"https:\/\/afogadosfm.com.br\/afogadosfm\/2025\/04\/29\/pm-e-preso-apos-sequestrar-matar-e-carbonizar-homem-que-o-denunciou-na-justica-do-trabalho\/","og_site_name":"Afogados FM","article_published_time":"2025-04-29T11:06:56+00:00","article_modified_time":"2025-04-29T11:06:57+00:00","og_image":[{"width":474,"height":244,"url":"https:\/\/afogadosfm.com.br\/afogadosfm\/wp-content\/uploads\/2024\/02\/policiacivil.jpeg","type":"image\/jpeg"}],"author":"afogadosfm","twitter_card":"summary_large_image","twitter_misc":{"Escrito por":"afogadosfm","Est. tempo de leitura":"3 minutos"},"schema":{"@context":"https:\/\/schema.org","@graph":[{"@type":"Article","@id":"https:\/\/afogadosfm.com.br\/afogadosfm\/2025\/04\/29\/pm-e-preso-apos-sequestrar-matar-e-carbonizar-homem-que-o-denunciou-na-justica-do-trabalho\/#article","isPartOf":{"@id":"https:\/\/afogadosfm.com.br\/afogadosfm\/2025\/04\/29\/pm-e-preso-apos-sequestrar-matar-e-carbonizar-homem-que-o-denunciou-na-justica-do-trabalho\/"},"author":{"name":"afogadosfm","@id":"https:\/\/afogadosfm.com.br\/afogadosfm\/#\/schema\/person\/60e56f2cf5dc960fc093fe093d9e9057"},"headline":"PM \u00e9 preso ap\u00f3s sequestrar, matar e carbonizar homem que o denunciou na Justi\u00e7a do Trabalho","datePublished":"2025-04-29T11:06:56+00:00","dateModified":"2025-04-29T11:06:57+00:00","mainEntityOfPage":{"@id":"https:\/\/afogadosfm.com.br\/afogadosfm\/2025\/04\/29\/pm-e-preso-apos-sequestrar-matar-e-carbonizar-homem-que-o-denunciou-na-justica-do-trabalho\/"},"wordCount":401,"commentCount":0,"publisher":{"@id":"https:\/\/afogadosfm.com.br\/afogadosfm\/#organization"},"image":{"@id":"https:\/\/afogadosfm.com.br\/afogadosfm\/2025\/04\/29\/pm-e-preso-apos-sequestrar-matar-e-carbonizar-homem-que-o-denunciou-na-justica-do-trabalho\/#primaryimage"},"thumbnailUrl":"https:\/\/i0.wp.com\/afogadosfm.com.br\/afogadosfm\/wp-content\/uploads\/2024\/02\/policiacivil.jpeg?fit=474%2C244&ssl=1","articleSection":["Pernambuco"],"inLanguage":"pt-BR","potentialAction":[{"@type":"CommentAction","name":"Comment","target":["https:\/\/afogadosfm.com.br\/afogadosfm\/2025\/04\/29\/pm-e-preso-apos-sequestrar-matar-e-carbonizar-homem-que-o-denunciou-na-justica-do-trabalho\/#respond"]}]},{"@type":"WebPage","@id":"https:\/\/afogadosfm.com.br\/afogadosfm\/2025\/04\/29\/pm-e-preso-apos-sequestrar-matar-e-carbonizar-homem-que-o-denunciou-na-justica-do-trabalho\/","url":"https:\/\/afogadosfm.com.br\/afogadosfm\/2025\/04\/29\/pm-e-preso-apos-sequestrar-matar-e-carbonizar-homem-que-o-denunciou-na-justica-do-trabalho\/","name":"PM \u00e9 preso ap\u00f3s sequestrar, matar e carbonizar homem que o denunciou na Justi\u00e7a do Trabalho - Afogados FM","isPartOf":{"@id":"https:\/\/afogadosfm.com.br\/afogadosfm\/#website"},"primaryImageOfPage":{"@id":"https:\/\/afogadosfm.com.br\/afogadosfm\/2025\/04\/29\/pm-e-preso-apos-sequestrar-matar-e-carbonizar-homem-que-o-denunciou-na-justica-do-trabalho\/#primaryimage"},"image":{"@id":"https:\/\/afogadosfm.com.br\/afogadosfm\/2025\/04\/29\/pm-e-preso-apos-sequestrar-matar-e-carbonizar-homem-que-o-denunciou-na-justica-do-trabalho\/#primaryimage"},"thumbnailUrl":"https:\/\/i0.wp.com\/afogadosfm.com.br\/afogadosfm\/wp-content\/uploads\/2024\/02\/policiacivil.jpeg?fit=474%2C244&ssl=1","datePublished":"2025-04-29T11:06:56+00:00","dateModified":"2025-04-29T11:06:57+00:00","breadcrumb":{"@id":"https:\/\/afogadosfm.com.br\/afogadosfm\/2025\/04\/29\/pm-e-preso-apos-sequestrar-matar-e-carbonizar-homem-que-o-denunciou-na-justica-do-trabalho\/#breadcrumb"},"inLanguage":"pt-BR","potentialAction":[{"@type":"ReadAction","target":["https:\/\/afogadosfm.com.br\/afogadosfm\/2025\/04\/29\/pm-e-preso-apos-sequestrar-matar-e-carbonizar-homem-que-o-denunciou-na-justica-do-trabalho\/"]}]},{"@type":"ImageObject","inLanguage":"pt-BR","@id":"https:\/\/afogadosfm.com.br\/afogadosfm\/2025\/04\/29\/pm-e-preso-apos-sequestrar-matar-e-carbonizar-homem-que-o-denunciou-na-justica-do-trabalho\/#primaryimage","url":"https:\/\/i0.wp.com\/afogadosfm.com.br\/afogadosfm\/wp-content\/uploads\/2024\/02\/policiacivil.jpeg?fit=474%2C244&ssl=1","contentUrl":"https:\/\/i0.wp.com\/afogadosfm.com.br\/afogadosfm\/wp-content\/uploads\/2024\/02\/policiacivil.jpeg?fit=474%2C244&ssl=1","width":474,"height":244},{"@type":"BreadcrumbList","@id":"https:\/\/afogadosfm.com.br\/afogadosfm\/2025\/04\/29\/pm-e-preso-apos-sequestrar-matar-e-carbonizar-homem-que-o-denunciou-na-justica-do-trabalho\/#breadcrumb","itemListElement":[{"@type":"ListItem","position":1,"name":"In\u00edcio","item":"https:\/\/afogadosfm.com.br\/afogadosfm\/"},{"@type":"ListItem","position":2,"name":"PM \u00e9 preso ap\u00f3s sequestrar, matar e carbonizar homem que o denunciou na Justi\u00e7a do Trabalho"}]},{"@type":"WebSite","@id":"https:\/\/afogadosfm.com.br\/afogadosfm\/#website","url":"https:\/\/afogadosfm.com.br\/afogadosfm\/","name":"Afogados FM","description":"Um site completo!","publisher":{"@id":"https:\/\/afogadosfm.com.br\/afogadosfm\/#organization"},"potentialAction":[{"@type":"SearchAction","target":{"@type":"EntryPoint","urlTemplate":"https:\/\/afogadosfm.com.br\/afogadosfm\/?s={search_term_string}"},"query-input":{"@type":"PropertyValueSpecification","valueRequired":true,"valueName":"search_term_string"}}],"inLanguage":"pt-BR"},{"@type":"Organization","@id":"https:\/\/afogadosfm.com.br\/afogadosfm\/#organization","name":"Afogados FM","url":"https:\/\/afogadosfm.com.br\/afogadosfm\/","logo":{"@type":"ImageObject","inLanguage":"pt-BR","@id":"https:\/\/afogadosfm.com.br\/afogadosfm\/#\/schema\/logo\/image\/","url":"https:\/\/i0.wp.com\/afogadosfm.com.br\/afogadosfm\/wp-content\/uploads\/2020\/06\/cropped-banner-afogados-4.jpg?fit=369%2C137&ssl=1","contentUrl":"https:\/\/i0.wp.com\/afogadosfm.com.br\/afogadosfm\/wp-content\/uploads\/2020\/06\/cropped-banner-afogados-4.jpg?fit=369%2C137&ssl=1","width":369,"height":137,"caption":"Afogados FM"},"image":{"@id":"https:\/\/afogadosfm.com.br\/afogadosfm\/#\/schema\/logo\/image\/"}},{"@type":"Person","@id":"https:\/\/afogadosfm.com.br\/afogadosfm\/#\/schema\/person\/60e56f2cf5dc960fc093fe093d9e9057","name":"afogadosfm","image":{"@type":"ImageObject","inLanguage":"pt-BR","@id":"https:\/\/secure.gravatar.com\/avatar\/e0359add7ed5dc3560906d861b52c6a8cf5c1e199d3a7dd85070998f49bd4701?s=96&d=mm&r=g","url":"https:\/\/secure.gravatar.com\/avatar\/e0359add7ed5dc3560906d861b52c6a8cf5c1e199d3a7dd85070998f49bd4701?s=96&d=mm&r=g","contentUrl":"https:\/\/secure.gravatar.com\/avatar\/e0359add7ed5dc3560906d861b52c6a8cf5c1e199d3a7dd85070998f49bd4701?s=96&d=mm&r=g","caption":"afogadosfm"},"url":"https:\/\/afogadosfm.com.br\/afogadosfm\/author\/afogadosfm\/"}]}},"jetpack_publicize_connections":[],"jetpack_featured_media_url":"https:\/\/i0.wp.com\/afogadosfm.com.br\/afogadosfm\/wp-content\/uploads\/2024\/02\/policiacivil.jpeg?fit=474%2C244&ssl=1","jetpack-related-posts":[],"jetpack_sharing_enabled":true,"jetpack_likes_enabled":true,"_links":{"self":[{"href":"https:\/\/afogadosfm.com.br\/afogadosfm\/wp-json\/wp\/v2\/posts\/65370","targetHints":{"allow":["GET"]}}],"collection":[{"href":"https:\/\/afogadosfm.com.br\/afogadosfm\/wp-json\/wp\/v2\/posts"}],"about":[{"href":"https:\/\/afogadosfm.com.br\/afogadosfm\/wp-json\/wp\/v2\/types\/post"}],"author":[{"embeddable":true,"href":"https:\/\/afogadosfm.com.br\/afogadosfm\/wp-json\/wp\/v2\/users\/2"}],"replies":[{"embeddable":true,"href":"https:\/\/afogadosfm.com.br\/afogadosfm\/wp-json\/wp\/v2\/comments?post=65370"}],"version-history":[{"count":1,"href":"https:\/\/afogadosfm.com.br\/afogadosfm\/wp-json\/wp\/v2\/posts\/65370\/revisions"}],"predecessor-version":[{"id":65371,"href":"https:\/\/afogadosfm.com.br\/afogadosfm\/wp-json\/wp\/v2\/posts\/65370\/revisions\/65371"}],"wp:featuredmedia":[{"embeddable":true,"href":"https:\/\/afogadosfm.com.br\/afogadosfm\/wp-json\/wp\/v2\/media\/54517"}],"wp:attachment":[{"href":"https:\/\/afogadosfm.com.br\/afogadosfm\/wp-json\/wp\/v2\/media?parent=65370"}],"wp:term":[{"taxonomy":"category","embeddable":true,"href":"https:\/\/afogadosfm.com.br\/afogadosfm\/wp-json\/wp\/v2\/categories?post=65370"},{"taxonomy":"post_tag","embeddable":true,"href":"https:\/\/afogadosfm.com.br\/afogadosfm\/wp-json\/wp\/v2\/tags?post=65370"}],"curies":[{"name":"wp","href":"https:\/\/api.w.org\/{rel}","templated":true}]}}