{"id":65384,"date":"2025-04-30T05:43:19","date_gmt":"2025-04-30T08:43:19","guid":{"rendered":"https:\/\/afogadosfm.com.br\/afogadosfm\/?p=65384"},"modified":"2025-04-30T05:43:20","modified_gmt":"2025-04-30T08:43:20","slug":"alta-de-fraudes-reclamacoes-ao-inss-explodiram-sob-bolsonaro-e-lula","status":"publish","type":"post","link":"https:\/\/afogadosfm.com.br\/afogadosfm\/2025\/04\/30\/alta-de-fraudes-reclamacoes-ao-inss-explodiram-sob-bolsonaro-e-lula\/","title":{"rendered":"Alta de fraudes: Reclama\u00e7\u00f5es ao INSS explodiram sob Bolsonaro e Lula"},"content":{"rendered":"\n<p>As reclama\u00e7\u00f5es recebidas pela Ouvidoria do Instituto Nacional do Seguro Social (INSS) dispararam em 2022 e foram subindo no ano seguinte \u00e0 medida que as fraudes dos descontos indevidos em aposentadorias se intensificavam.<\/p>\n\n\n\n<p>Dados compilados pelo Poder360 mostram que o pico de queixas classificadas como \u201creclama\u00e7\u00f5es\u201d e \u201cden\u00fancias\u201d pelo \u00f3rg\u00e3o foi em 2023, no in\u00edcio do governo de Luiz In\u00e1cio Lula da Silva (PT). Foram 220,3 mil registros naquele ano, alta de 1.190% na compara\u00e7\u00e3o com 2020, quando as fraudes eram menos volumosas.<\/p>\n\n\n\n<p>De 2018 a 2021, as reclama\u00e7\u00f5es vinham num patamar m\u00e9dio de 20.000 registros. Subiram para 198,2 mil em 2022, no \u00faltimo ano da gest\u00e3o de Jair Bolsonaro (PL). A alta ante 2021 foi de 221,5%.<\/p>\n\n\n\n<p>Essa tend\u00eancia de reclama\u00e7\u00f5es perto de 200 mil se manteve quando o ex-presidente deixou o poder e permanece at\u00e9 agora, com Lula, quando os descontos indevidos explodiram.<\/p>\n\n\n\n<p>As fraudes indicadas em investiga\u00e7\u00e3o da Pol\u00edcia Federal e da Controladoria Geral da Uni\u00e3o (CGU) come\u00e7aram a subir em 2022 (+31,7%) e explodiram em 2023 (+84,1%) e 2024 (+119,1%).<\/p>\n\n\n\n<p>Dos R$ 6,5 bilh\u00f5es possivelmente desviados das aposentadorias, R$ 4,1 bilh\u00f5es foram durante o governo Lula.<\/p>\n\n\n\n<p>Em setembro de 2024, a CGU finalizou um relat\u00f3rio sobre uma auditoria que verificou ind\u00edcios de ilegalidades nos descontos associativos dos benef\u00edcios previdenci\u00e1rios.<\/p>\n\n\n\n<p>O documento indicou que 97,6% dos aposentados e pensionistas do INSS tiveram descontos diretos n\u00e3o autorizados em seus benef\u00edcios para pagar sindicatos e associa\u00e7\u00f5es.<\/p>\n\n\n\n<p>O \u00f3rg\u00e3o entrevistou 1.273 benefici\u00e1rios de abril a julho de 2024 em todos os Estados do pa\u00eds. Do total, 96% disseram n\u00e3o participar de nenhuma associa\u00e7\u00e3o. O relat\u00f3rio sobre a auditoria s\u00f3 foi divulgado na \u00faltima quarta-feira (23).<\/p>\n\n\n\n<p>Leia a&nbsp;<strong><a href=\"https:\/\/static.poder360.com.br\/2025\/04\/Relatorio-CGU-PRESENTE-Descontos-mensalidades-associativas-23abr2025.pdf\">\u00edntegra<\/a>&nbsp;<\/strong>do documento.<\/p>\n\n\n\n<p>De acordo com a CGU, os resultados indicaram a \u201cgrande probabilidade\u201d de os descontos terem sido feitos de maneira indevida e \u00e0 revelia do interesse dos pensionistas.<\/p>\n\n\n\n<p>O \u00f3rg\u00e3o relatou que a auditoria foi feita depois da identifica\u00e7\u00e3o de um aumento s\u00fabito no montante dos descontos para mensalidades associativas realizados na folha de pagamento dos benefici\u00e1rios. Segundo a CGU, em 2022, o valor dos descontos realizados foi de R$ 706,2 milh\u00f5es. Em 2024, o montante mais do que triplicou, chegando a R$ 2,8 bilh\u00f5es.<\/p>\n\n\n\n<p>A controladoria identificou tamb\u00e9m que os pedidos para cancelar os descontos realizados pelos canais de atendimento do INSS cresceram \u201cacentuadamente\u201d a partir de julho de 2023. Em abril de 2024, foram 192 mil solicita\u00e7\u00f5es registradas.<\/p>\n\n\n\n<p>N\u00e3o \u00e9 poss\u00edvel saber exatamente o conte\u00fado de cada reclama\u00e7\u00e3o registrada na Ouvidoria do INSS nem o nome de quem protocolou cada uma.<\/p>\n\n\n\n<p>\u00c9 prov\u00e1vel que uma parcela das queixas tenha sido direcionada a outros problemas do \u00f3rg\u00e3o (n\u00e3o s\u00f3 fraudes), mas a explos\u00e3o de registros indica que havia problemas.<\/p>\n\n\n\n<p>Os dados foram baixados pelo Poder360 em 28 de abril de 2025 no site da CGU. Foram analisadas mais de 3,3 milh\u00f5es de linhas e isolados s\u00f3 os registros enviados ao Instituto do Seguro Social.<\/p>\n\n\n\n<p>Um trabalho interno do INSS finalizado em setembro de 2024 mostrou que at\u00e9 616.774 de 1,1 milh\u00e3o de queixas tinham \u201cind\u00edcios de irregularidade\u201d relacionados \u00e0 falta de autoriza\u00e7\u00e3o para desconto dos benef\u00edcios. Nem todas essas reclama\u00e7\u00f5es foram registradas via Ouvidoria e, por isso, o n\u00famero difere dos citados acima.<\/p>\n\n\n\n<p>Do Poder 360<\/p>\n","protected":false},"excerpt":{"rendered":"<p>As reclama\u00e7\u00f5es recebidas pela Ouvidoria do Instituto Nacional do Seguro Social (INSS) dispararam em 2022 e foram subindo no ano<\/p>\n","protected":false},"author":2,"featured_media":779,"comment_status":"open","ping_status":"open","sticky":false,"template":"","format":"standard","meta":{"jetpack_post_was_ever_published":false,"_jetpack_newsletter_access":"","_jetpack_dont_email_post_to_subs":false,"_jetpack_newsletter_tier_id":0,"_jetpack_memberships_contains_paywalled_content":false,"_jetpack_memberships_contains_paid_content":false,"footnotes":"","jetpack_publicize_message":"","jetpack_publicize_feature_enabled":true,"jetpack_social_post_already_shared":true,"jetpack_social_options":{"image_generator_settings":{"template":"highway","default_image_id":0,"font":"","enabled":false},"version":2}},"categories":[12],"tags":[],"class_list":["post-65384","post","type-post","status-publish","format-standard","has-post-thumbnail","hentry","category-brasil"],"yoast_head":"<!-- This site is optimized with the Yoast SEO plugin v27.5 - https:\/\/yoast.com\/product\/yoast-seo-wordpress\/ -->\n<title>Alta de fraudes: Reclama\u00e7\u00f5es ao INSS explodiram sob Bolsonaro e Lula - Afogados FM<\/title>\n<meta name=\"robots\" content=\"index, follow, max-snippet:-1, max-image-preview:large, max-video-preview:-1\" \/>\n<link rel=\"canonical\" href=\"https:\/\/afogadosfm.com.br\/afogadosfm\/2025\/04\/30\/alta-de-fraudes-reclamacoes-ao-inss-explodiram-sob-bolsonaro-e-lula\/\" \/>\n<meta property=\"og:locale\" content=\"pt_BR\" \/>\n<meta property=\"og:type\" content=\"article\" \/>\n<meta property=\"og:title\" content=\"Alta de fraudes: Reclama\u00e7\u00f5es ao INSS explodiram sob Bolsonaro e Lula - Afogados FM\" \/>\n<meta property=\"og:description\" content=\"As reclama\u00e7\u00f5es recebidas pela Ouvidoria do Instituto Nacional do Seguro Social (INSS) dispararam em 2022 e foram subindo no ano\" \/>\n<meta property=\"og:url\" content=\"https:\/\/afogadosfm.com.br\/afogadosfm\/2025\/04\/30\/alta-de-fraudes-reclamacoes-ao-inss-explodiram-sob-bolsonaro-e-lula\/\" \/>\n<meta property=\"og:site_name\" content=\"Afogados FM\" \/>\n<meta property=\"article:published_time\" content=\"2025-04-30T08:43:19+00:00\" \/>\n<meta property=\"article:modified_time\" content=\"2025-04-30T08:43:20+00:00\" \/>\n<meta property=\"og:image\" content=\"https:\/\/afogadosfm.com.br\/afogadosfm\/wp-content\/uploads\/2017\/11\/inss.jpg\" \/>\n\t<meta property=\"og:image:width\" content=\"310\" \/>\n\t<meta property=\"og:image:height\" content=\"196\" \/>\n\t<meta property=\"og:image:type\" content=\"image\/jpeg\" \/>\n<meta name=\"author\" content=\"afogadosfm\" \/>\n<meta name=\"twitter:card\" content=\"summary_large_image\" \/>\n<meta name=\"twitter:label1\" content=\"Escrito por\" \/>\n\t<meta name=\"twitter:data1\" content=\"afogadosfm\" \/>\n\t<meta name=\"twitter:label2\" content=\"Est. tempo de leitura\" \/>\n\t<meta name=\"twitter:data2\" content=\"4 minutos\" \/>\n<script type=\"application\/ld+json\" class=\"yoast-schema-graph\">{\"@context\":\"https:\\\/\\\/schema.org\",\"@graph\":[{\"@type\":\"Article\",\"@id\":\"https:\\\/\\\/afogadosfm.com.br\\\/afogadosfm\\\/2025\\\/04\\\/30\\\/alta-de-fraudes-reclamacoes-ao-inss-explodiram-sob-bolsonaro-e-lula\\\/#article\",\"isPartOf\":{\"@id\":\"https:\\\/\\\/afogadosfm.com.br\\\/afogadosfm\\\/2025\\\/04\\\/30\\\/alta-de-fraudes-reclamacoes-ao-inss-explodiram-sob-bolsonaro-e-lula\\\/\"},\"author\":{\"name\":\"afogadosfm\",\"@id\":\"https:\\\/\\\/afogadosfm.com.br\\\/afogadosfm\\\/#\\\/schema\\\/person\\\/60e56f2cf5dc960fc093fe093d9e9057\"},\"headline\":\"Alta de fraudes: Reclama\u00e7\u00f5es ao INSS explodiram sob Bolsonaro e Lula\",\"datePublished\":\"2025-04-30T08:43:19+00:00\",\"dateModified\":\"2025-04-30T08:43:20+00:00\",\"mainEntityOfPage\":{\"@id\":\"https:\\\/\\\/afogadosfm.com.br\\\/afogadosfm\\\/2025\\\/04\\\/30\\\/alta-de-fraudes-reclamacoes-ao-inss-explodiram-sob-bolsonaro-e-lula\\\/\"},\"wordCount\":558,\"commentCount\":0,\"publisher\":{\"@id\":\"https:\\\/\\\/afogadosfm.com.br\\\/afogadosfm\\\/#organization\"},\"image\":{\"@id\":\"https:\\\/\\\/afogadosfm.com.br\\\/afogadosfm\\\/2025\\\/04\\\/30\\\/alta-de-fraudes-reclamacoes-ao-inss-explodiram-sob-bolsonaro-e-lula\\\/#primaryimage\"},\"thumbnailUrl\":\"https:\\\/\\\/i0.wp.com\\\/afogadosfm.com.br\\\/afogadosfm\\\/wp-content\\\/uploads\\\/2017\\\/11\\\/inss.jpg?fit=310%2C196&ssl=1\",\"articleSection\":[\"Brasil\"],\"inLanguage\":\"pt-BR\",\"potentialAction\":[{\"@type\":\"CommentAction\",\"name\":\"Comment\",\"target\":[\"https:\\\/\\\/afogadosfm.com.br\\\/afogadosfm\\\/2025\\\/04\\\/30\\\/alta-de-fraudes-reclamacoes-ao-inss-explodiram-sob-bolsonaro-e-lula\\\/#respond\"]}]},{\"@type\":\"WebPage\",\"@id\":\"https:\\\/\\\/afogadosfm.com.br\\\/afogadosfm\\\/2025\\\/04\\\/30\\\/alta-de-fraudes-reclamacoes-ao-inss-explodiram-sob-bolsonaro-e-lula\\\/\",\"url\":\"https:\\\/\\\/afogadosfm.com.br\\\/afogadosfm\\\/2025\\\/04\\\/30\\\/alta-de-fraudes-reclamacoes-ao-inss-explodiram-sob-bolsonaro-e-lula\\\/\",\"name\":\"Alta de fraudes: Reclama\u00e7\u00f5es ao INSS explodiram sob Bolsonaro e Lula - Afogados FM\",\"isPartOf\":{\"@id\":\"https:\\\/\\\/afogadosfm.com.br\\\/afogadosfm\\\/#website\"},\"primaryImageOfPage\":{\"@id\":\"https:\\\/\\\/afogadosfm.com.br\\\/afogadosfm\\\/2025\\\/04\\\/30\\\/alta-de-fraudes-reclamacoes-ao-inss-explodiram-sob-bolsonaro-e-lula\\\/#primaryimage\"},\"image\":{\"@id\":\"https:\\\/\\\/afogadosfm.com.br\\\/afogadosfm\\\/2025\\\/04\\\/30\\\/alta-de-fraudes-reclamacoes-ao-inss-explodiram-sob-bolsonaro-e-lula\\\/#primaryimage\"},\"thumbnailUrl\":\"https:\\\/\\\/i0.wp.com\\\/afogadosfm.com.br\\\/afogadosfm\\\/wp-content\\\/uploads\\\/2017\\\/11\\\/inss.jpg?fit=310%2C196&ssl=1\",\"datePublished\":\"2025-04-30T08:43:19+00:00\",\"dateModified\":\"2025-04-30T08:43:20+00:00\",\"breadcrumb\":{\"@id\":\"https:\\\/\\\/afogadosfm.com.br\\\/afogadosfm\\\/2025\\\/04\\\/30\\\/alta-de-fraudes-reclamacoes-ao-inss-explodiram-sob-bolsonaro-e-lula\\\/#breadcrumb\"},\"inLanguage\":\"pt-BR\",\"potentialAction\":[{\"@type\":\"ReadAction\",\"target\":[\"https:\\\/\\\/afogadosfm.com.br\\\/afogadosfm\\\/2025\\\/04\\\/30\\\/alta-de-fraudes-reclamacoes-ao-inss-explodiram-sob-bolsonaro-e-lula\\\/\"]}]},{\"@type\":\"ImageObject\",\"inLanguage\":\"pt-BR\",\"@id\":\"https:\\\/\\\/afogadosfm.com.br\\\/afogadosfm\\\/2025\\\/04\\\/30\\\/alta-de-fraudes-reclamacoes-ao-inss-explodiram-sob-bolsonaro-e-lula\\\/#primaryimage\",\"url\":\"https:\\\/\\\/i0.wp.com\\\/afogadosfm.com.br\\\/afogadosfm\\\/wp-content\\\/uploads\\\/2017\\\/11\\\/inss.jpg?fit=310%2C196&ssl=1\",\"contentUrl\":\"https:\\\/\\\/i0.wp.com\\\/afogadosfm.com.br\\\/afogadosfm\\\/wp-content\\\/uploads\\\/2017\\\/11\\\/inss.jpg?fit=310%2C196&ssl=1\",\"width\":310,\"height\":196},{\"@type\":\"BreadcrumbList\",\"@id\":\"https:\\\/\\\/afogadosfm.com.br\\\/afogadosfm\\\/2025\\\/04\\\/30\\\/alta-de-fraudes-reclamacoes-ao-inss-explodiram-sob-bolsonaro-e-lula\\\/#breadcrumb\",\"itemListElement\":[{\"@type\":\"ListItem\",\"position\":1,\"name\":\"In\u00edcio\",\"item\":\"https:\\\/\\\/afogadosfm.com.br\\\/afogadosfm\\\/\"},{\"@type\":\"ListItem\",\"position\":2,\"name\":\"Alta de fraudes: Reclama\u00e7\u00f5es ao INSS explodiram sob Bolsonaro e Lula\"}]},{\"@type\":\"WebSite\",\"@id\":\"https:\\\/\\\/afogadosfm.com.br\\\/afogadosfm\\\/#website\",\"url\":\"https:\\\/\\\/afogadosfm.com.br\\\/afogadosfm\\\/\",\"name\":\"Afogados FM\",\"description\":\"Um site completo!\",\"publisher\":{\"@id\":\"https:\\\/\\\/afogadosfm.com.br\\\/afogadosfm\\\/#organization\"},\"potentialAction\":[{\"@type\":\"SearchAction\",\"target\":{\"@type\":\"EntryPoint\",\"urlTemplate\":\"https:\\\/\\\/afogadosfm.com.br\\\/afogadosfm\\\/?s={search_term_string}\"},\"query-input\":{\"@type\":\"PropertyValueSpecification\",\"valueRequired\":true,\"valueName\":\"search_term_string\"}}],\"inLanguage\":\"pt-BR\"},{\"@type\":\"Organization\",\"@id\":\"https:\\\/\\\/afogadosfm.com.br\\\/afogadosfm\\\/#organization\",\"name\":\"Afogados FM\",\"url\":\"https:\\\/\\\/afogadosfm.com.br\\\/afogadosfm\\\/\",\"logo\":{\"@type\":\"ImageObject\",\"inLanguage\":\"pt-BR\",\"@id\":\"https:\\\/\\\/afogadosfm.com.br\\\/afogadosfm\\\/#\\\/schema\\\/logo\\\/image\\\/\",\"url\":\"https:\\\/\\\/i0.wp.com\\\/afogadosfm.com.br\\\/afogadosfm\\\/wp-content\\\/uploads\\\/2020\\\/06\\\/cropped-banner-afogados-4.jpg?fit=369%2C137&ssl=1\",\"contentUrl\":\"https:\\\/\\\/i0.wp.com\\\/afogadosfm.com.br\\\/afogadosfm\\\/wp-content\\\/uploads\\\/2020\\\/06\\\/cropped-banner-afogados-4.jpg?fit=369%2C137&ssl=1\",\"width\":369,\"height\":137,\"caption\":\"Afogados FM\"},\"image\":{\"@id\":\"https:\\\/\\\/afogadosfm.com.br\\\/afogadosfm\\\/#\\\/schema\\\/logo\\\/image\\\/\"}},{\"@type\":\"Person\",\"@id\":\"https:\\\/\\\/afogadosfm.com.br\\\/afogadosfm\\\/#\\\/schema\\\/person\\\/60e56f2cf5dc960fc093fe093d9e9057\",\"name\":\"afogadosfm\",\"image\":{\"@type\":\"ImageObject\",\"inLanguage\":\"pt-BR\",\"@id\":\"https:\\\/\\\/secure.gravatar.com\\\/avatar\\\/e0359add7ed5dc3560906d861b52c6a8cf5c1e199d3a7dd85070998f49bd4701?s=96&d=mm&r=g\",\"url\":\"https:\\\/\\\/secure.gravatar.com\\\/avatar\\\/e0359add7ed5dc3560906d861b52c6a8cf5c1e199d3a7dd85070998f49bd4701?s=96&d=mm&r=g\",\"contentUrl\":\"https:\\\/\\\/secure.gravatar.com\\\/avatar\\\/e0359add7ed5dc3560906d861b52c6a8cf5c1e199d3a7dd85070998f49bd4701?s=96&d=mm&r=g\",\"caption\":\"afogadosfm\"},\"url\":\"https:\\\/\\\/afogadosfm.com.br\\\/afogadosfm\\\/author\\\/afogadosfm\\\/\"}]}<\/script>\n<!-- \/ Yoast SEO plugin. -->","yoast_head_json":{"title":"Alta de fraudes: Reclama\u00e7\u00f5es ao INSS explodiram sob Bolsonaro e Lula - Afogados FM","robots":{"index":"index","follow":"follow","max-snippet":"max-snippet:-1","max-image-preview":"max-image-preview:large","max-video-preview":"max-video-preview:-1"},"canonical":"https:\/\/afogadosfm.com.br\/afogadosfm\/2025\/04\/30\/alta-de-fraudes-reclamacoes-ao-inss-explodiram-sob-bolsonaro-e-lula\/","og_locale":"pt_BR","og_type":"article","og_title":"Alta de fraudes: Reclama\u00e7\u00f5es ao INSS explodiram sob Bolsonaro e Lula - Afogados FM","og_description":"As reclama\u00e7\u00f5es recebidas pela Ouvidoria do Instituto Nacional do Seguro Social (INSS) dispararam em 2022 e foram subindo no ano","og_url":"https:\/\/afogadosfm.com.br\/afogadosfm\/2025\/04\/30\/alta-de-fraudes-reclamacoes-ao-inss-explodiram-sob-bolsonaro-e-lula\/","og_site_name":"Afogados FM","article_published_time":"2025-04-30T08:43:19+00:00","article_modified_time":"2025-04-30T08:43:20+00:00","og_image":[{"width":310,"height":196,"url":"https:\/\/afogadosfm.com.br\/afogadosfm\/wp-content\/uploads\/2017\/11\/inss.jpg","type":"image\/jpeg"}],"author":"afogadosfm","twitter_card":"summary_large_image","twitter_misc":{"Escrito por":"afogadosfm","Est. tempo de leitura":"4 minutos"},"schema":{"@context":"https:\/\/schema.org","@graph":[{"@type":"Article","@id":"https:\/\/afogadosfm.com.br\/afogadosfm\/2025\/04\/30\/alta-de-fraudes-reclamacoes-ao-inss-explodiram-sob-bolsonaro-e-lula\/#article","isPartOf":{"@id":"https:\/\/afogadosfm.com.br\/afogadosfm\/2025\/04\/30\/alta-de-fraudes-reclamacoes-ao-inss-explodiram-sob-bolsonaro-e-lula\/"},"author":{"name":"afogadosfm","@id":"https:\/\/afogadosfm.com.br\/afogadosfm\/#\/schema\/person\/60e56f2cf5dc960fc093fe093d9e9057"},"headline":"Alta de fraudes: Reclama\u00e7\u00f5es ao INSS explodiram sob Bolsonaro e Lula","datePublished":"2025-04-30T08:43:19+00:00","dateModified":"2025-04-30T08:43:20+00:00","mainEntityOfPage":{"@id":"https:\/\/afogadosfm.com.br\/afogadosfm\/2025\/04\/30\/alta-de-fraudes-reclamacoes-ao-inss-explodiram-sob-bolsonaro-e-lula\/"},"wordCount":558,"commentCount":0,"publisher":{"@id":"https:\/\/afogadosfm.com.br\/afogadosfm\/#organization"},"image":{"@id":"https:\/\/afogadosfm.com.br\/afogadosfm\/2025\/04\/30\/alta-de-fraudes-reclamacoes-ao-inss-explodiram-sob-bolsonaro-e-lula\/#primaryimage"},"thumbnailUrl":"https:\/\/i0.wp.com\/afogadosfm.com.br\/afogadosfm\/wp-content\/uploads\/2017\/11\/inss.jpg?fit=310%2C196&ssl=1","articleSection":["Brasil"],"inLanguage":"pt-BR","potentialAction":[{"@type":"CommentAction","name":"Comment","target":["https:\/\/afogadosfm.com.br\/afogadosfm\/2025\/04\/30\/alta-de-fraudes-reclamacoes-ao-inss-explodiram-sob-bolsonaro-e-lula\/#respond"]}]},{"@type":"WebPage","@id":"https:\/\/afogadosfm.com.br\/afogadosfm\/2025\/04\/30\/alta-de-fraudes-reclamacoes-ao-inss-explodiram-sob-bolsonaro-e-lula\/","url":"https:\/\/afogadosfm.com.br\/afogadosfm\/2025\/04\/30\/alta-de-fraudes-reclamacoes-ao-inss-explodiram-sob-bolsonaro-e-lula\/","name":"Alta de fraudes: Reclama\u00e7\u00f5es ao INSS explodiram sob Bolsonaro e Lula - Afogados FM","isPartOf":{"@id":"https:\/\/afogadosfm.com.br\/afogadosfm\/#website"},"primaryImageOfPage":{"@id":"https:\/\/afogadosfm.com.br\/afogadosfm\/2025\/04\/30\/alta-de-fraudes-reclamacoes-ao-inss-explodiram-sob-bolsonaro-e-lula\/#primaryimage"},"image":{"@id":"https:\/\/afogadosfm.com.br\/afogadosfm\/2025\/04\/30\/alta-de-fraudes-reclamacoes-ao-inss-explodiram-sob-bolsonaro-e-lula\/#primaryimage"},"thumbnailUrl":"https:\/\/i0.wp.com\/afogadosfm.com.br\/afogadosfm\/wp-content\/uploads\/2017\/11\/inss.jpg?fit=310%2C196&ssl=1","datePublished":"2025-04-30T08:43:19+00:00","dateModified":"2025-04-30T08:43:20+00:00","breadcrumb":{"@id":"https:\/\/afogadosfm.com.br\/afogadosfm\/2025\/04\/30\/alta-de-fraudes-reclamacoes-ao-inss-explodiram-sob-bolsonaro-e-lula\/#breadcrumb"},"inLanguage":"pt-BR","potentialAction":[{"@type":"ReadAction","target":["https:\/\/afogadosfm.com.br\/afogadosfm\/2025\/04\/30\/alta-de-fraudes-reclamacoes-ao-inss-explodiram-sob-bolsonaro-e-lula\/"]}]},{"@type":"ImageObject","inLanguage":"pt-BR","@id":"https:\/\/afogadosfm.com.br\/afogadosfm\/2025\/04\/30\/alta-de-fraudes-reclamacoes-ao-inss-explodiram-sob-bolsonaro-e-lula\/#primaryimage","url":"https:\/\/i0.wp.com\/afogadosfm.com.br\/afogadosfm\/wp-content\/uploads\/2017\/11\/inss.jpg?fit=310%2C196&ssl=1","contentUrl":"https:\/\/i0.wp.com\/afogadosfm.com.br\/afogadosfm\/wp-content\/uploads\/2017\/11\/inss.jpg?fit=310%2C196&ssl=1","width":310,"height":196},{"@type":"BreadcrumbList","@id":"https:\/\/afogadosfm.com.br\/afogadosfm\/2025\/04\/30\/alta-de-fraudes-reclamacoes-ao-inss-explodiram-sob-bolsonaro-e-lula\/#breadcrumb","itemListElement":[{"@type":"ListItem","position":1,"name":"In\u00edcio","item":"https:\/\/afogadosfm.com.br\/afogadosfm\/"},{"@type":"ListItem","position":2,"name":"Alta de fraudes: Reclama\u00e7\u00f5es ao INSS explodiram sob Bolsonaro e Lula"}]},{"@type":"WebSite","@id":"https:\/\/afogadosfm.com.br\/afogadosfm\/#website","url":"https:\/\/afogadosfm.com.br\/afogadosfm\/","name":"Afogados FM","description":"Um site completo!","publisher":{"@id":"https:\/\/afogadosfm.com.br\/afogadosfm\/#organization"},"potentialAction":[{"@type":"SearchAction","target":{"@type":"EntryPoint","urlTemplate":"https:\/\/afogadosfm.com.br\/afogadosfm\/?s={search_term_string}"},"query-input":{"@type":"PropertyValueSpecification","valueRequired":true,"valueName":"search_term_string"}}],"inLanguage":"pt-BR"},{"@type":"Organization","@id":"https:\/\/afogadosfm.com.br\/afogadosfm\/#organization","name":"Afogados FM","url":"https:\/\/afogadosfm.com.br\/afogadosfm\/","logo":{"@type":"ImageObject","inLanguage":"pt-BR","@id":"https:\/\/afogadosfm.com.br\/afogadosfm\/#\/schema\/logo\/image\/","url":"https:\/\/i0.wp.com\/afogadosfm.com.br\/afogadosfm\/wp-content\/uploads\/2020\/06\/cropped-banner-afogados-4.jpg?fit=369%2C137&ssl=1","contentUrl":"https:\/\/i0.wp.com\/afogadosfm.com.br\/afogadosfm\/wp-content\/uploads\/2020\/06\/cropped-banner-afogados-4.jpg?fit=369%2C137&ssl=1","width":369,"height":137,"caption":"Afogados FM"},"image":{"@id":"https:\/\/afogadosfm.com.br\/afogadosfm\/#\/schema\/logo\/image\/"}},{"@type":"Person","@id":"https:\/\/afogadosfm.com.br\/afogadosfm\/#\/schema\/person\/60e56f2cf5dc960fc093fe093d9e9057","name":"afogadosfm","image":{"@type":"ImageObject","inLanguage":"pt-BR","@id":"https:\/\/secure.gravatar.com\/avatar\/e0359add7ed5dc3560906d861b52c6a8cf5c1e199d3a7dd85070998f49bd4701?s=96&d=mm&r=g","url":"https:\/\/secure.gravatar.com\/avatar\/e0359add7ed5dc3560906d861b52c6a8cf5c1e199d3a7dd85070998f49bd4701?s=96&d=mm&r=g","contentUrl":"https:\/\/secure.gravatar.com\/avatar\/e0359add7ed5dc3560906d861b52c6a8cf5c1e199d3a7dd85070998f49bd4701?s=96&d=mm&r=g","caption":"afogadosfm"},"url":"https:\/\/afogadosfm.com.br\/afogadosfm\/author\/afogadosfm\/"}]}},"jetpack_publicize_connections":[],"jetpack_featured_media_url":"https:\/\/i0.wp.com\/afogadosfm.com.br\/afogadosfm\/wp-content\/uploads\/2017\/11\/inss.jpg?fit=310%2C196&ssl=1","jetpack-related-posts":[],"jetpack_sharing_enabled":true,"jetpack_likes_enabled":true,"_links":{"self":[{"href":"https:\/\/afogadosfm.com.br\/afogadosfm\/wp-json\/wp\/v2\/posts\/65384","targetHints":{"allow":["GET"]}}],"collection":[{"href":"https:\/\/afogadosfm.com.br\/afogadosfm\/wp-json\/wp\/v2\/posts"}],"about":[{"href":"https:\/\/afogadosfm.com.br\/afogadosfm\/wp-json\/wp\/v2\/types\/post"}],"author":[{"embeddable":true,"href":"https:\/\/afogadosfm.com.br\/afogadosfm\/wp-json\/wp\/v2\/users\/2"}],"replies":[{"embeddable":true,"href":"https:\/\/afogadosfm.com.br\/afogadosfm\/wp-json\/wp\/v2\/comments?post=65384"}],"version-history":[{"count":1,"href":"https:\/\/afogadosfm.com.br\/afogadosfm\/wp-json\/wp\/v2\/posts\/65384\/revisions"}],"predecessor-version":[{"id":65385,"href":"https:\/\/afogadosfm.com.br\/afogadosfm\/wp-json\/wp\/v2\/posts\/65384\/revisions\/65385"}],"wp:featuredmedia":[{"embeddable":true,"href":"https:\/\/afogadosfm.com.br\/afogadosfm\/wp-json\/wp\/v2\/media\/779"}],"wp:attachment":[{"href":"https:\/\/afogadosfm.com.br\/afogadosfm\/wp-json\/wp\/v2\/media?parent=65384"}],"wp:term":[{"taxonomy":"category","embeddable":true,"href":"https:\/\/afogadosfm.com.br\/afogadosfm\/wp-json\/wp\/v2\/categories?post=65384"},{"taxonomy":"post_tag","embeddable":true,"href":"https:\/\/afogadosfm.com.br\/afogadosfm\/wp-json\/wp\/v2\/tags?post=65384"}],"curies":[{"name":"wp","href":"https:\/\/api.w.org\/{rel}","templated":true}]}}