{"id":65386,"date":"2025-04-30T05:46:50","date_gmt":"2025-04-30T08:46:50","guid":{"rendered":"https:\/\/afogadosfm.com.br\/afogadosfm\/?p=65386"},"modified":"2025-04-30T05:46:51","modified_gmt":"2025-04-30T08:46:51","slug":"pm-apreende-mais-de-meio-quilo-de-crack-e-prende-casal-por-trafico-em-flores","status":"publish","type":"post","link":"https:\/\/afogadosfm.com.br\/afogadosfm\/2025\/04\/30\/pm-apreende-mais-de-meio-quilo-de-crack-e-prende-casal-por-trafico-em-flores\/","title":{"rendered":"PM apreende mais de meio quilo de crack e prende casal por tr\u00e1fico em Flores"},"content":{"rendered":"\n<p>Policiais militares do 14\u00ba Batalh\u00e3o apreenderam, na tarde desta ter\u00e7a-feira (29), mais de meio quilo de crack durante uma a\u00e7\u00e3o de patrulhamento no centro de Flores. Um casal foi preso em flagrante por tr\u00e1fico de entorpecentes.<\/p>\n\n\n\n<p>A guarni\u00e7\u00e3o t\u00e1tica de plant\u00e3o realizava rondas quando avistou dois indiv\u00edduos em atitude suspeita transitando em uma moto. Ao perceberem a presen\u00e7a da viatura, os suspeitos demonstraram nervosismo e fugiram, desobedecendo \u00e0 ordem de parada. Durante a persegui\u00e7\u00e3o, um dos ocupantes da moto foi visto arremessando um objeto.<\/p>\n\n\n\n<p>O casal foi interceptado na PE-320 e, embora nada de il\u00edcito tenha sido encontrado na abordagem inicial, um dos suspeitos confessou que havia jogado um rev\u00f3lver, mas voltou atr\u00e1s na declara\u00e7\u00e3o. Os policiais retornaram ao local indicado e encontraram uma embalagem contendo cerca de 504 gramas de uma subst\u00e2ncia semelhante ao crack.<\/p>\n\n\n\n<p>Um dos detidos assumiu a posse da droga e revelou j\u00e1 ter passagem por tr\u00e1fico de entorpecentes. Com o casal, tamb\u00e9m foram apreendidos dois celulares e R$ 835,00 em esp\u00e9cie. Ambos s\u00e3o moradores de Serra Talhada.<\/p>\n","protected":false},"excerpt":{"rendered":"<p>Policiais militares do 14\u00ba Batalh\u00e3o apreenderam, na tarde desta ter\u00e7a-feira (29), mais de meio quilo de crack durante uma a\u00e7\u00e3o<\/p>\n","protected":false},"author":2,"featured_media":65387,"comment_status":"open","ping_status":"open","sticky":false,"template":"","format":"standard","meta":{"jetpack_post_was_ever_published":false,"_jetpack_newsletter_access":"","_jetpack_dont_email_post_to_subs":false,"_jetpack_newsletter_tier_id":0,"_jetpack_memberships_contains_paywalled_content":false,"_jetpack_memberships_contains_paid_content":false,"footnotes":"","jetpack_publicize_message":"","jetpack_publicize_feature_enabled":true,"jetpack_social_post_already_shared":true,"jetpack_social_options":{"image_generator_settings":{"template":"highway","default_image_id":0,"font":"","enabled":false},"version":2}},"categories":[34],"tags":[],"class_list":["post-65386","post","type-post","status-publish","format-standard","has-post-thumbnail","hentry","category-policia"],"yoast_head":"<!-- This site is optimized with the Yoast SEO plugin v27.5 - https:\/\/yoast.com\/product\/yoast-seo-wordpress\/ -->\n<title>PM apreende mais de meio quilo de crack e prende casal por tr\u00e1fico em Flores - Afogados FM<\/title>\n<meta name=\"robots\" content=\"index, follow, max-snippet:-1, max-image-preview:large, max-video-preview:-1\" \/>\n<link rel=\"canonical\" href=\"https:\/\/afogadosfm.com.br\/afogadosfm\/2025\/04\/30\/pm-apreende-mais-de-meio-quilo-de-crack-e-prende-casal-por-trafico-em-flores\/\" \/>\n<meta property=\"og:locale\" content=\"pt_BR\" \/>\n<meta property=\"og:type\" content=\"article\" \/>\n<meta property=\"og:title\" content=\"PM apreende mais de meio quilo de crack e prende casal por tr\u00e1fico em Flores - Afogados FM\" \/>\n<meta property=\"og:description\" content=\"Policiais militares do 14\u00ba Batalh\u00e3o apreenderam, na tarde desta ter\u00e7a-feira (29), mais de meio quilo de crack durante uma a\u00e7\u00e3o\" \/>\n<meta property=\"og:url\" content=\"https:\/\/afogadosfm.com.br\/afogadosfm\/2025\/04\/30\/pm-apreende-mais-de-meio-quilo-de-crack-e-prende-casal-por-trafico-em-flores\/\" \/>\n<meta property=\"og:site_name\" content=\"Afogados FM\" \/>\n<meta property=\"article:published_time\" content=\"2025-04-30T08:46:50+00:00\" \/>\n<meta property=\"article:modified_time\" content=\"2025-04-30T08:46:51+00:00\" \/>\n<meta property=\"og:image\" content=\"https:\/\/afogadosfm.com.br\/afogadosfm\/wp-content\/uploads\/2025\/04\/trafico.jpg\" \/>\n\t<meta property=\"og:image:width\" content=\"400\" \/>\n\t<meta property=\"og:image:height\" content=\"378\" \/>\n\t<meta property=\"og:image:type\" content=\"image\/jpeg\" \/>\n<meta name=\"author\" content=\"afogadosfm\" \/>\n<meta name=\"twitter:card\" content=\"summary_large_image\" \/>\n<meta name=\"twitter:label1\" content=\"Escrito por\" \/>\n\t<meta name=\"twitter:data1\" content=\"afogadosfm\" \/>\n\t<meta name=\"twitter:label2\" content=\"Est. tempo de leitura\" \/>\n\t<meta name=\"twitter:data2\" content=\"2 minutos\" \/>\n<script type=\"application\/ld+json\" class=\"yoast-schema-graph\">{\"@context\":\"https:\\\/\\\/schema.org\",\"@graph\":[{\"@type\":\"Article\",\"@id\":\"https:\\\/\\\/afogadosfm.com.br\\\/afogadosfm\\\/2025\\\/04\\\/30\\\/pm-apreende-mais-de-meio-quilo-de-crack-e-prende-casal-por-trafico-em-flores\\\/#article\",\"isPartOf\":{\"@id\":\"https:\\\/\\\/afogadosfm.com.br\\\/afogadosfm\\\/2025\\\/04\\\/30\\\/pm-apreende-mais-de-meio-quilo-de-crack-e-prende-casal-por-trafico-em-flores\\\/\"},\"author\":{\"name\":\"afogadosfm\",\"@id\":\"https:\\\/\\\/afogadosfm.com.br\\\/afogadosfm\\\/#\\\/schema\\\/person\\\/60e56f2cf5dc960fc093fe093d9e9057\"},\"headline\":\"PM apreende mais de meio quilo de crack e prende casal por tr\u00e1fico em Flores\",\"datePublished\":\"2025-04-30T08:46:50+00:00\",\"dateModified\":\"2025-04-30T08:46:51+00:00\",\"mainEntityOfPage\":{\"@id\":\"https:\\\/\\\/afogadosfm.com.br\\\/afogadosfm\\\/2025\\\/04\\\/30\\\/pm-apreende-mais-de-meio-quilo-de-crack-e-prende-casal-por-trafico-em-flores\\\/\"},\"wordCount\":202,\"commentCount\":0,\"publisher\":{\"@id\":\"https:\\\/\\\/afogadosfm.com.br\\\/afogadosfm\\\/#organization\"},\"image\":{\"@id\":\"https:\\\/\\\/afogadosfm.com.br\\\/afogadosfm\\\/2025\\\/04\\\/30\\\/pm-apreende-mais-de-meio-quilo-de-crack-e-prende-casal-por-trafico-em-flores\\\/#primaryimage\"},\"thumbnailUrl\":\"https:\\\/\\\/i0.wp.com\\\/afogadosfm.com.br\\\/afogadosfm\\\/wp-content\\\/uploads\\\/2025\\\/04\\\/trafico.jpg?fit=400%2C378&ssl=1\",\"articleSection\":[\"Pol\u00edcia\"],\"inLanguage\":\"pt-BR\",\"potentialAction\":[{\"@type\":\"CommentAction\",\"name\":\"Comment\",\"target\":[\"https:\\\/\\\/afogadosfm.com.br\\\/afogadosfm\\\/2025\\\/04\\\/30\\\/pm-apreende-mais-de-meio-quilo-de-crack-e-prende-casal-por-trafico-em-flores\\\/#respond\"]}]},{\"@type\":\"WebPage\",\"@id\":\"https:\\\/\\\/afogadosfm.com.br\\\/afogadosfm\\\/2025\\\/04\\\/30\\\/pm-apreende-mais-de-meio-quilo-de-crack-e-prende-casal-por-trafico-em-flores\\\/\",\"url\":\"https:\\\/\\\/afogadosfm.com.br\\\/afogadosfm\\\/2025\\\/04\\\/30\\\/pm-apreende-mais-de-meio-quilo-de-crack-e-prende-casal-por-trafico-em-flores\\\/\",\"name\":\"PM apreende mais de meio quilo de crack e prende casal por tr\u00e1fico em Flores - Afogados FM\",\"isPartOf\":{\"@id\":\"https:\\\/\\\/afogadosfm.com.br\\\/afogadosfm\\\/#website\"},\"primaryImageOfPage\":{\"@id\":\"https:\\\/\\\/afogadosfm.com.br\\\/afogadosfm\\\/2025\\\/04\\\/30\\\/pm-apreende-mais-de-meio-quilo-de-crack-e-prende-casal-por-trafico-em-flores\\\/#primaryimage\"},\"image\":{\"@id\":\"https:\\\/\\\/afogadosfm.com.br\\\/afogadosfm\\\/2025\\\/04\\\/30\\\/pm-apreende-mais-de-meio-quilo-de-crack-e-prende-casal-por-trafico-em-flores\\\/#primaryimage\"},\"thumbnailUrl\":\"https:\\\/\\\/i0.wp.com\\\/afogadosfm.com.br\\\/afogadosfm\\\/wp-content\\\/uploads\\\/2025\\\/04\\\/trafico.jpg?fit=400%2C378&ssl=1\",\"datePublished\":\"2025-04-30T08:46:50+00:00\",\"dateModified\":\"2025-04-30T08:46:51+00:00\",\"breadcrumb\":{\"@id\":\"https:\\\/\\\/afogadosfm.com.br\\\/afogadosfm\\\/2025\\\/04\\\/30\\\/pm-apreende-mais-de-meio-quilo-de-crack-e-prende-casal-por-trafico-em-flores\\\/#breadcrumb\"},\"inLanguage\":\"pt-BR\",\"potentialAction\":[{\"@type\":\"ReadAction\",\"target\":[\"https:\\\/\\\/afogadosfm.com.br\\\/afogadosfm\\\/2025\\\/04\\\/30\\\/pm-apreende-mais-de-meio-quilo-de-crack-e-prende-casal-por-trafico-em-flores\\\/\"]}]},{\"@type\":\"ImageObject\",\"inLanguage\":\"pt-BR\",\"@id\":\"https:\\\/\\\/afogadosfm.com.br\\\/afogadosfm\\\/2025\\\/04\\\/30\\\/pm-apreende-mais-de-meio-quilo-de-crack-e-prende-casal-por-trafico-em-flores\\\/#primaryimage\",\"url\":\"https:\\\/\\\/i0.wp.com\\\/afogadosfm.com.br\\\/afogadosfm\\\/wp-content\\\/uploads\\\/2025\\\/04\\\/trafico.jpg?fit=400%2C378&ssl=1\",\"contentUrl\":\"https:\\\/\\\/i0.wp.com\\\/afogadosfm.com.br\\\/afogadosfm\\\/wp-content\\\/uploads\\\/2025\\\/04\\\/trafico.jpg?fit=400%2C378&ssl=1\",\"width\":400,\"height\":378},{\"@type\":\"BreadcrumbList\",\"@id\":\"https:\\\/\\\/afogadosfm.com.br\\\/afogadosfm\\\/2025\\\/04\\\/30\\\/pm-apreende-mais-de-meio-quilo-de-crack-e-prende-casal-por-trafico-em-flores\\\/#breadcrumb\",\"itemListElement\":[{\"@type\":\"ListItem\",\"position\":1,\"name\":\"In\u00edcio\",\"item\":\"https:\\\/\\\/afogadosfm.com.br\\\/afogadosfm\\\/\"},{\"@type\":\"ListItem\",\"position\":2,\"name\":\"PM apreende mais de meio quilo de crack e prende casal por tr\u00e1fico em Flores\"}]},{\"@type\":\"WebSite\",\"@id\":\"https:\\\/\\\/afogadosfm.com.br\\\/afogadosfm\\\/#website\",\"url\":\"https:\\\/\\\/afogadosfm.com.br\\\/afogadosfm\\\/\",\"name\":\"Afogados FM\",\"description\":\"Um site completo!\",\"publisher\":{\"@id\":\"https:\\\/\\\/afogadosfm.com.br\\\/afogadosfm\\\/#organization\"},\"potentialAction\":[{\"@type\":\"SearchAction\",\"target\":{\"@type\":\"EntryPoint\",\"urlTemplate\":\"https:\\\/\\\/afogadosfm.com.br\\\/afogadosfm\\\/?s={search_term_string}\"},\"query-input\":{\"@type\":\"PropertyValueSpecification\",\"valueRequired\":true,\"valueName\":\"search_term_string\"}}],\"inLanguage\":\"pt-BR\"},{\"@type\":\"Organization\",\"@id\":\"https:\\\/\\\/afogadosfm.com.br\\\/afogadosfm\\\/#organization\",\"name\":\"Afogados FM\",\"url\":\"https:\\\/\\\/afogadosfm.com.br\\\/afogadosfm\\\/\",\"logo\":{\"@type\":\"ImageObject\",\"inLanguage\":\"pt-BR\",\"@id\":\"https:\\\/\\\/afogadosfm.com.br\\\/afogadosfm\\\/#\\\/schema\\\/logo\\\/image\\\/\",\"url\":\"https:\\\/\\\/i0.wp.com\\\/afogadosfm.com.br\\\/afogadosfm\\\/wp-content\\\/uploads\\\/2020\\\/06\\\/cropped-banner-afogados-4.jpg?fit=369%2C137&ssl=1\",\"contentUrl\":\"https:\\\/\\\/i0.wp.com\\\/afogadosfm.com.br\\\/afogadosfm\\\/wp-content\\\/uploads\\\/2020\\\/06\\\/cropped-banner-afogados-4.jpg?fit=369%2C137&ssl=1\",\"width\":369,\"height\":137,\"caption\":\"Afogados FM\"},\"image\":{\"@id\":\"https:\\\/\\\/afogadosfm.com.br\\\/afogadosfm\\\/#\\\/schema\\\/logo\\\/image\\\/\"}},{\"@type\":\"Person\",\"@id\":\"https:\\\/\\\/afogadosfm.com.br\\\/afogadosfm\\\/#\\\/schema\\\/person\\\/60e56f2cf5dc960fc093fe093d9e9057\",\"name\":\"afogadosfm\",\"image\":{\"@type\":\"ImageObject\",\"inLanguage\":\"pt-BR\",\"@id\":\"https:\\\/\\\/secure.gravatar.com\\\/avatar\\\/e0359add7ed5dc3560906d861b52c6a8cf5c1e199d3a7dd85070998f49bd4701?s=96&d=mm&r=g\",\"url\":\"https:\\\/\\\/secure.gravatar.com\\\/avatar\\\/e0359add7ed5dc3560906d861b52c6a8cf5c1e199d3a7dd85070998f49bd4701?s=96&d=mm&r=g\",\"contentUrl\":\"https:\\\/\\\/secure.gravatar.com\\\/avatar\\\/e0359add7ed5dc3560906d861b52c6a8cf5c1e199d3a7dd85070998f49bd4701?s=96&d=mm&r=g\",\"caption\":\"afogadosfm\"},\"url\":\"https:\\\/\\\/afogadosfm.com.br\\\/afogadosfm\\\/author\\\/afogadosfm\\\/\"}]}<\/script>\n<!-- \/ Yoast SEO plugin. -->","yoast_head_json":{"title":"PM apreende mais de meio quilo de crack e prende casal por tr\u00e1fico em Flores - Afogados FM","robots":{"index":"index","follow":"follow","max-snippet":"max-snippet:-1","max-image-preview":"max-image-preview:large","max-video-preview":"max-video-preview:-1"},"canonical":"https:\/\/afogadosfm.com.br\/afogadosfm\/2025\/04\/30\/pm-apreende-mais-de-meio-quilo-de-crack-e-prende-casal-por-trafico-em-flores\/","og_locale":"pt_BR","og_type":"article","og_title":"PM apreende mais de meio quilo de crack e prende casal por tr\u00e1fico em Flores - Afogados FM","og_description":"Policiais militares do 14\u00ba Batalh\u00e3o apreenderam, na tarde desta ter\u00e7a-feira (29), mais de meio quilo de crack durante uma a\u00e7\u00e3o","og_url":"https:\/\/afogadosfm.com.br\/afogadosfm\/2025\/04\/30\/pm-apreende-mais-de-meio-quilo-de-crack-e-prende-casal-por-trafico-em-flores\/","og_site_name":"Afogados FM","article_published_time":"2025-04-30T08:46:50+00:00","article_modified_time":"2025-04-30T08:46:51+00:00","og_image":[{"width":400,"height":378,"url":"https:\/\/afogadosfm.com.br\/afogadosfm\/wp-content\/uploads\/2025\/04\/trafico.jpg","type":"image\/jpeg"}],"author":"afogadosfm","twitter_card":"summary_large_image","twitter_misc":{"Escrito por":"afogadosfm","Est. tempo de leitura":"2 minutos"},"schema":{"@context":"https:\/\/schema.org","@graph":[{"@type":"Article","@id":"https:\/\/afogadosfm.com.br\/afogadosfm\/2025\/04\/30\/pm-apreende-mais-de-meio-quilo-de-crack-e-prende-casal-por-trafico-em-flores\/#article","isPartOf":{"@id":"https:\/\/afogadosfm.com.br\/afogadosfm\/2025\/04\/30\/pm-apreende-mais-de-meio-quilo-de-crack-e-prende-casal-por-trafico-em-flores\/"},"author":{"name":"afogadosfm","@id":"https:\/\/afogadosfm.com.br\/afogadosfm\/#\/schema\/person\/60e56f2cf5dc960fc093fe093d9e9057"},"headline":"PM apreende mais de meio quilo de crack e prende casal por tr\u00e1fico em Flores","datePublished":"2025-04-30T08:46:50+00:00","dateModified":"2025-04-30T08:46:51+00:00","mainEntityOfPage":{"@id":"https:\/\/afogadosfm.com.br\/afogadosfm\/2025\/04\/30\/pm-apreende-mais-de-meio-quilo-de-crack-e-prende-casal-por-trafico-em-flores\/"},"wordCount":202,"commentCount":0,"publisher":{"@id":"https:\/\/afogadosfm.com.br\/afogadosfm\/#organization"},"image":{"@id":"https:\/\/afogadosfm.com.br\/afogadosfm\/2025\/04\/30\/pm-apreende-mais-de-meio-quilo-de-crack-e-prende-casal-por-trafico-em-flores\/#primaryimage"},"thumbnailUrl":"https:\/\/i0.wp.com\/afogadosfm.com.br\/afogadosfm\/wp-content\/uploads\/2025\/04\/trafico.jpg?fit=400%2C378&ssl=1","articleSection":["Pol\u00edcia"],"inLanguage":"pt-BR","potentialAction":[{"@type":"CommentAction","name":"Comment","target":["https:\/\/afogadosfm.com.br\/afogadosfm\/2025\/04\/30\/pm-apreende-mais-de-meio-quilo-de-crack-e-prende-casal-por-trafico-em-flores\/#respond"]}]},{"@type":"WebPage","@id":"https:\/\/afogadosfm.com.br\/afogadosfm\/2025\/04\/30\/pm-apreende-mais-de-meio-quilo-de-crack-e-prende-casal-por-trafico-em-flores\/","url":"https:\/\/afogadosfm.com.br\/afogadosfm\/2025\/04\/30\/pm-apreende-mais-de-meio-quilo-de-crack-e-prende-casal-por-trafico-em-flores\/","name":"PM apreende mais de meio quilo de crack e prende casal por tr\u00e1fico em Flores - Afogados FM","isPartOf":{"@id":"https:\/\/afogadosfm.com.br\/afogadosfm\/#website"},"primaryImageOfPage":{"@id":"https:\/\/afogadosfm.com.br\/afogadosfm\/2025\/04\/30\/pm-apreende-mais-de-meio-quilo-de-crack-e-prende-casal-por-trafico-em-flores\/#primaryimage"},"image":{"@id":"https:\/\/afogadosfm.com.br\/afogadosfm\/2025\/04\/30\/pm-apreende-mais-de-meio-quilo-de-crack-e-prende-casal-por-trafico-em-flores\/#primaryimage"},"thumbnailUrl":"https:\/\/i0.wp.com\/afogadosfm.com.br\/afogadosfm\/wp-content\/uploads\/2025\/04\/trafico.jpg?fit=400%2C378&ssl=1","datePublished":"2025-04-30T08:46:50+00:00","dateModified":"2025-04-30T08:46:51+00:00","breadcrumb":{"@id":"https:\/\/afogadosfm.com.br\/afogadosfm\/2025\/04\/30\/pm-apreende-mais-de-meio-quilo-de-crack-e-prende-casal-por-trafico-em-flores\/#breadcrumb"},"inLanguage":"pt-BR","potentialAction":[{"@type":"ReadAction","target":["https:\/\/afogadosfm.com.br\/afogadosfm\/2025\/04\/30\/pm-apreende-mais-de-meio-quilo-de-crack-e-prende-casal-por-trafico-em-flores\/"]}]},{"@type":"ImageObject","inLanguage":"pt-BR","@id":"https:\/\/afogadosfm.com.br\/afogadosfm\/2025\/04\/30\/pm-apreende-mais-de-meio-quilo-de-crack-e-prende-casal-por-trafico-em-flores\/#primaryimage","url":"https:\/\/i0.wp.com\/afogadosfm.com.br\/afogadosfm\/wp-content\/uploads\/2025\/04\/trafico.jpg?fit=400%2C378&ssl=1","contentUrl":"https:\/\/i0.wp.com\/afogadosfm.com.br\/afogadosfm\/wp-content\/uploads\/2025\/04\/trafico.jpg?fit=400%2C378&ssl=1","width":400,"height":378},{"@type":"BreadcrumbList","@id":"https:\/\/afogadosfm.com.br\/afogadosfm\/2025\/04\/30\/pm-apreende-mais-de-meio-quilo-de-crack-e-prende-casal-por-trafico-em-flores\/#breadcrumb","itemListElement":[{"@type":"ListItem","position":1,"name":"In\u00edcio","item":"https:\/\/afogadosfm.com.br\/afogadosfm\/"},{"@type":"ListItem","position":2,"name":"PM apreende mais de meio quilo de crack e prende casal por tr\u00e1fico em Flores"}]},{"@type":"WebSite","@id":"https:\/\/afogadosfm.com.br\/afogadosfm\/#website","url":"https:\/\/afogadosfm.com.br\/afogadosfm\/","name":"Afogados FM","description":"Um site completo!","publisher":{"@id":"https:\/\/afogadosfm.com.br\/afogadosfm\/#organization"},"potentialAction":[{"@type":"SearchAction","target":{"@type":"EntryPoint","urlTemplate":"https:\/\/afogadosfm.com.br\/afogadosfm\/?s={search_term_string}"},"query-input":{"@type":"PropertyValueSpecification","valueRequired":true,"valueName":"search_term_string"}}],"inLanguage":"pt-BR"},{"@type":"Organization","@id":"https:\/\/afogadosfm.com.br\/afogadosfm\/#organization","name":"Afogados FM","url":"https:\/\/afogadosfm.com.br\/afogadosfm\/","logo":{"@type":"ImageObject","inLanguage":"pt-BR","@id":"https:\/\/afogadosfm.com.br\/afogadosfm\/#\/schema\/logo\/image\/","url":"https:\/\/i0.wp.com\/afogadosfm.com.br\/afogadosfm\/wp-content\/uploads\/2020\/06\/cropped-banner-afogados-4.jpg?fit=369%2C137&ssl=1","contentUrl":"https:\/\/i0.wp.com\/afogadosfm.com.br\/afogadosfm\/wp-content\/uploads\/2020\/06\/cropped-banner-afogados-4.jpg?fit=369%2C137&ssl=1","width":369,"height":137,"caption":"Afogados FM"},"image":{"@id":"https:\/\/afogadosfm.com.br\/afogadosfm\/#\/schema\/logo\/image\/"}},{"@type":"Person","@id":"https:\/\/afogadosfm.com.br\/afogadosfm\/#\/schema\/person\/60e56f2cf5dc960fc093fe093d9e9057","name":"afogadosfm","image":{"@type":"ImageObject","inLanguage":"pt-BR","@id":"https:\/\/secure.gravatar.com\/avatar\/e0359add7ed5dc3560906d861b52c6a8cf5c1e199d3a7dd85070998f49bd4701?s=96&d=mm&r=g","url":"https:\/\/secure.gravatar.com\/avatar\/e0359add7ed5dc3560906d861b52c6a8cf5c1e199d3a7dd85070998f49bd4701?s=96&d=mm&r=g","contentUrl":"https:\/\/secure.gravatar.com\/avatar\/e0359add7ed5dc3560906d861b52c6a8cf5c1e199d3a7dd85070998f49bd4701?s=96&d=mm&r=g","caption":"afogadosfm"},"url":"https:\/\/afogadosfm.com.br\/afogadosfm\/author\/afogadosfm\/"}]}},"jetpack_publicize_connections":[],"jetpack_featured_media_url":"https:\/\/i0.wp.com\/afogadosfm.com.br\/afogadosfm\/wp-content\/uploads\/2025\/04\/trafico.jpg?fit=400%2C378&ssl=1","jetpack-related-posts":[],"jetpack_sharing_enabled":true,"jetpack_likes_enabled":true,"_links":{"self":[{"href":"https:\/\/afogadosfm.com.br\/afogadosfm\/wp-json\/wp\/v2\/posts\/65386","targetHints":{"allow":["GET"]}}],"collection":[{"href":"https:\/\/afogadosfm.com.br\/afogadosfm\/wp-json\/wp\/v2\/posts"}],"about":[{"href":"https:\/\/afogadosfm.com.br\/afogadosfm\/wp-json\/wp\/v2\/types\/post"}],"author":[{"embeddable":true,"href":"https:\/\/afogadosfm.com.br\/afogadosfm\/wp-json\/wp\/v2\/users\/2"}],"replies":[{"embeddable":true,"href":"https:\/\/afogadosfm.com.br\/afogadosfm\/wp-json\/wp\/v2\/comments?post=65386"}],"version-history":[{"count":1,"href":"https:\/\/afogadosfm.com.br\/afogadosfm\/wp-json\/wp\/v2\/posts\/65386\/revisions"}],"predecessor-version":[{"id":65388,"href":"https:\/\/afogadosfm.com.br\/afogadosfm\/wp-json\/wp\/v2\/posts\/65386\/revisions\/65388"}],"wp:featuredmedia":[{"embeddable":true,"href":"https:\/\/afogadosfm.com.br\/afogadosfm\/wp-json\/wp\/v2\/media\/65387"}],"wp:attachment":[{"href":"https:\/\/afogadosfm.com.br\/afogadosfm\/wp-json\/wp\/v2\/media?parent=65386"}],"wp:term":[{"taxonomy":"category","embeddable":true,"href":"https:\/\/afogadosfm.com.br\/afogadosfm\/wp-json\/wp\/v2\/categories?post=65386"},{"taxonomy":"post_tag","embeddable":true,"href":"https:\/\/afogadosfm.com.br\/afogadosfm\/wp-json\/wp\/v2\/tags?post=65386"}],"curies":[{"name":"wp","href":"https:\/\/api.w.org\/{rel}","templated":true}]}}