{"id":65389,"date":"2025-04-30T05:49:26","date_gmt":"2025-04-30T08:49:26","guid":{"rendered":"https:\/\/afogadosfm.com.br\/afogadosfm\/?p=65389"},"modified":"2025-04-30T05:51:02","modified_gmt":"2025-04-30T08:51:02","slug":"nautico-perde-para-o-sao-paulo-pela-copa-do-brasil","status":"publish","type":"post","link":"https:\/\/afogadosfm.com.br\/afogadosfm\/2025\/04\/30\/nautico-perde-para-o-sao-paulo-pela-copa-do-brasil\/","title":{"rendered":"Copa do Brasil: N\u00e1utico perde para o S\u00e3o Paulo, Retr\u00f4 empata com o Fortaleza"},"content":{"rendered":"\n<p>O N\u00e1utico saiu na frente do S\u00e3o Paulo, com um gola\u00e7o de Caio V\u00edtor, mas levou a virada do S\u00e3o Paulo, 2 a 1, no Morumbis nesta ter\u00e7a-feira (29), pelo jogo de ida da 3\u00aa fase da Copa do Brasil. Os dois gols do time paulista foram do atacante Luciano, um em cada tempo.<\/p>\n\n\n\n<p>O resultado n\u00e3o chega a ser de todo ruim para o Timbu. Isso porque o jogo de volta ser\u00e1 nos Aflitos, dia 20 de maio. Uma vit\u00f3ria alvirrubra por um placar m\u00ednimo j\u00e1 leva a decis\u00e3o para os p\u00eanaltis. O S\u00e3o Paulo joga pelo empate.<\/p>\n\n\n\n<p>Vale a pena refor\u00e7ar que a classifica\u00e7\u00e3o para as oitavas de final vale a cota de R$ 3,6 milh\u00f5es.<\/p>\n\n\n\n<p>Retr\u00f4<\/p>\n\n\n\n<p>O Retr\u00f4 deixou escapar no final do jogo uma grande vit\u00f3ria diante do Fortaleza na noite desta ter\u00e7a-feira (29), na Arena de Pernambuco, pelo jogo de ida da 3\u00aa fase da Copa do Brasil. A F\u00eanix abriu o placar no primeiro tempo, com o paraguaio Richard Franco. Mas aos 42 do 2\u00ba tempo, o argentino Lucero deixou tudo igual: 1 a 1.<\/p>\n\n\n\n<p>Com isso, a decis\u00e3o ficou para a partida de volta, dia 21 de maio, na Arena Castel\u00e3o. Quem avan\u00e7ar para as oitavas de final fatura a cota de R$ 3,6 milh\u00f5es.<\/p>\n\n\n\n<p>\u201dFizemos um grande jogo, no final vacilamos, baixamos de mais as linhas e eles aproveitaram bem. Apesar do mau momento, \u00e9 um time muito perigoso. Mas est\u00e1 tudo aberto e vamos lutar pela classifica\u00e7\u00e3o\u201d, disse o meia atacante Fernandinho, em entrevista ao Sportv.<\/p>\n","protected":false},"excerpt":{"rendered":"<p>O N\u00e1utico saiu na frente do S\u00e3o Paulo, com um gola\u00e7o de Caio V\u00edtor, mas levou a virada do S\u00e3o<\/p>\n","protected":false},"author":2,"featured_media":41114,"comment_status":"open","ping_status":"open","sticky":false,"template":"","format":"standard","meta":{"jetpack_post_was_ever_published":false,"_jetpack_newsletter_access":"","_jetpack_dont_email_post_to_subs":false,"_jetpack_newsletter_tier_id":0,"_jetpack_memberships_contains_paywalled_content":false,"_jetpack_memberships_contains_paid_content":false,"footnotes":"","jetpack_publicize_message":"","jetpack_publicize_feature_enabled":true,"jetpack_social_post_already_shared":true,"jetpack_social_options":{"image_generator_settings":{"template":"highway","default_image_id":0,"font":"","enabled":false},"version":2}},"categories":[8],"tags":[],"class_list":["post-65389","post","type-post","status-publish","format-standard","has-post-thumbnail","hentry","category-esporte"],"yoast_head":"<!-- This site is optimized with the Yoast SEO plugin v27.5 - https:\/\/yoast.com\/product\/yoast-seo-wordpress\/ -->\n<title>Copa do Brasil: N\u00e1utico perde para o S\u00e3o Paulo, Retr\u00f4 empata com o Fortaleza - Afogados FM<\/title>\n<meta name=\"robots\" content=\"index, follow, max-snippet:-1, max-image-preview:large, max-video-preview:-1\" \/>\n<link rel=\"canonical\" href=\"https:\/\/afogadosfm.com.br\/afogadosfm\/2025\/04\/30\/nautico-perde-para-o-sao-paulo-pela-copa-do-brasil\/\" \/>\n<meta property=\"og:locale\" content=\"pt_BR\" \/>\n<meta property=\"og:type\" content=\"article\" \/>\n<meta property=\"og:title\" content=\"Copa do Brasil: N\u00e1utico perde para o S\u00e3o Paulo, Retr\u00f4 empata com o Fortaleza - Afogados FM\" \/>\n<meta property=\"og:description\" content=\"O N\u00e1utico saiu na frente do S\u00e3o Paulo, com um gola\u00e7o de Caio V\u00edtor, mas levou a virada do S\u00e3o\" \/>\n<meta property=\"og:url\" content=\"https:\/\/afogadosfm.com.br\/afogadosfm\/2025\/04\/30\/nautico-perde-para-o-sao-paulo-pela-copa-do-brasil\/\" \/>\n<meta property=\"og:site_name\" content=\"Afogados FM\" \/>\n<meta property=\"article:published_time\" content=\"2025-04-30T08:49:26+00:00\" \/>\n<meta property=\"article:modified_time\" content=\"2025-04-30T08:51:02+00:00\" \/>\n<meta property=\"og:image\" content=\"https:\/\/afogadosfm.com.br\/afogadosfm\/wp-content\/uploads\/2022\/09\/copa-do-brasil-2022br.webp\" \/>\n\t<meta property=\"og:image:width\" content=\"1200\" \/>\n\t<meta property=\"og:image:height\" content=\"650\" \/>\n\t<meta property=\"og:image:type\" content=\"image\/webp\" \/>\n<meta name=\"author\" content=\"afogadosfm\" \/>\n<meta name=\"twitter:card\" content=\"summary_large_image\" \/>\n<meta name=\"twitter:label1\" content=\"Escrito por\" \/>\n\t<meta name=\"twitter:data1\" content=\"afogadosfm\" \/>\n\t<meta name=\"twitter:label2\" content=\"Est. tempo de leitura\" \/>\n\t<meta name=\"twitter:data2\" content=\"2 minutos\" \/>\n<script type=\"application\/ld+json\" class=\"yoast-schema-graph\">{\"@context\":\"https:\\\/\\\/schema.org\",\"@graph\":[{\"@type\":\"Article\",\"@id\":\"https:\\\/\\\/afogadosfm.com.br\\\/afogadosfm\\\/2025\\\/04\\\/30\\\/nautico-perde-para-o-sao-paulo-pela-copa-do-brasil\\\/#article\",\"isPartOf\":{\"@id\":\"https:\\\/\\\/afogadosfm.com.br\\\/afogadosfm\\\/2025\\\/04\\\/30\\\/nautico-perde-para-o-sao-paulo-pela-copa-do-brasil\\\/\"},\"author\":{\"name\":\"afogadosfm\",\"@id\":\"https:\\\/\\\/afogadosfm.com.br\\\/afogadosfm\\\/#\\\/schema\\\/person\\\/60e56f2cf5dc960fc093fe093d9e9057\"},\"headline\":\"Copa do Brasil: N\u00e1utico perde para o S\u00e3o Paulo, Retr\u00f4 empata com o Fortaleza\",\"datePublished\":\"2025-04-30T08:49:26+00:00\",\"dateModified\":\"2025-04-30T08:51:02+00:00\",\"mainEntityOfPage\":{\"@id\":\"https:\\\/\\\/afogadosfm.com.br\\\/afogadosfm\\\/2025\\\/04\\\/30\\\/nautico-perde-para-o-sao-paulo-pela-copa-do-brasil\\\/\"},\"wordCount\":279,\"commentCount\":0,\"publisher\":{\"@id\":\"https:\\\/\\\/afogadosfm.com.br\\\/afogadosfm\\\/#organization\"},\"image\":{\"@id\":\"https:\\\/\\\/afogadosfm.com.br\\\/afogadosfm\\\/2025\\\/04\\\/30\\\/nautico-perde-para-o-sao-paulo-pela-copa-do-brasil\\\/#primaryimage\"},\"thumbnailUrl\":\"https:\\\/\\\/i0.wp.com\\\/afogadosfm.com.br\\\/afogadosfm\\\/wp-content\\\/uploads\\\/2022\\\/09\\\/copa-do-brasil-2022br.webp?fit=1200%2C650&ssl=1\",\"articleSection\":[\"Esporte\"],\"inLanguage\":\"pt-BR\",\"potentialAction\":[{\"@type\":\"CommentAction\",\"name\":\"Comment\",\"target\":[\"https:\\\/\\\/afogadosfm.com.br\\\/afogadosfm\\\/2025\\\/04\\\/30\\\/nautico-perde-para-o-sao-paulo-pela-copa-do-brasil\\\/#respond\"]}]},{\"@type\":\"WebPage\",\"@id\":\"https:\\\/\\\/afogadosfm.com.br\\\/afogadosfm\\\/2025\\\/04\\\/30\\\/nautico-perde-para-o-sao-paulo-pela-copa-do-brasil\\\/\",\"url\":\"https:\\\/\\\/afogadosfm.com.br\\\/afogadosfm\\\/2025\\\/04\\\/30\\\/nautico-perde-para-o-sao-paulo-pela-copa-do-brasil\\\/\",\"name\":\"Copa do Brasil: N\u00e1utico perde para o S\u00e3o Paulo, Retr\u00f4 empata com o Fortaleza - Afogados FM\",\"isPartOf\":{\"@id\":\"https:\\\/\\\/afogadosfm.com.br\\\/afogadosfm\\\/#website\"},\"primaryImageOfPage\":{\"@id\":\"https:\\\/\\\/afogadosfm.com.br\\\/afogadosfm\\\/2025\\\/04\\\/30\\\/nautico-perde-para-o-sao-paulo-pela-copa-do-brasil\\\/#primaryimage\"},\"image\":{\"@id\":\"https:\\\/\\\/afogadosfm.com.br\\\/afogadosfm\\\/2025\\\/04\\\/30\\\/nautico-perde-para-o-sao-paulo-pela-copa-do-brasil\\\/#primaryimage\"},\"thumbnailUrl\":\"https:\\\/\\\/i0.wp.com\\\/afogadosfm.com.br\\\/afogadosfm\\\/wp-content\\\/uploads\\\/2022\\\/09\\\/copa-do-brasil-2022br.webp?fit=1200%2C650&ssl=1\",\"datePublished\":\"2025-04-30T08:49:26+00:00\",\"dateModified\":\"2025-04-30T08:51:02+00:00\",\"breadcrumb\":{\"@id\":\"https:\\\/\\\/afogadosfm.com.br\\\/afogadosfm\\\/2025\\\/04\\\/30\\\/nautico-perde-para-o-sao-paulo-pela-copa-do-brasil\\\/#breadcrumb\"},\"inLanguage\":\"pt-BR\",\"potentialAction\":[{\"@type\":\"ReadAction\",\"target\":[\"https:\\\/\\\/afogadosfm.com.br\\\/afogadosfm\\\/2025\\\/04\\\/30\\\/nautico-perde-para-o-sao-paulo-pela-copa-do-brasil\\\/\"]}]},{\"@type\":\"ImageObject\",\"inLanguage\":\"pt-BR\",\"@id\":\"https:\\\/\\\/afogadosfm.com.br\\\/afogadosfm\\\/2025\\\/04\\\/30\\\/nautico-perde-para-o-sao-paulo-pela-copa-do-brasil\\\/#primaryimage\",\"url\":\"https:\\\/\\\/i0.wp.com\\\/afogadosfm.com.br\\\/afogadosfm\\\/wp-content\\\/uploads\\\/2022\\\/09\\\/copa-do-brasil-2022br.webp?fit=1200%2C650&ssl=1\",\"contentUrl\":\"https:\\\/\\\/i0.wp.com\\\/afogadosfm.com.br\\\/afogadosfm\\\/wp-content\\\/uploads\\\/2022\\\/09\\\/copa-do-brasil-2022br.webp?fit=1200%2C650&ssl=1\",\"width\":1200,\"height\":650},{\"@type\":\"BreadcrumbList\",\"@id\":\"https:\\\/\\\/afogadosfm.com.br\\\/afogadosfm\\\/2025\\\/04\\\/30\\\/nautico-perde-para-o-sao-paulo-pela-copa-do-brasil\\\/#breadcrumb\",\"itemListElement\":[{\"@type\":\"ListItem\",\"position\":1,\"name\":\"In\u00edcio\",\"item\":\"https:\\\/\\\/afogadosfm.com.br\\\/afogadosfm\\\/\"},{\"@type\":\"ListItem\",\"position\":2,\"name\":\"Copa do Brasil: N\u00e1utico perde para o S\u00e3o Paulo, Retr\u00f4 empata com o Fortaleza\"}]},{\"@type\":\"WebSite\",\"@id\":\"https:\\\/\\\/afogadosfm.com.br\\\/afogadosfm\\\/#website\",\"url\":\"https:\\\/\\\/afogadosfm.com.br\\\/afogadosfm\\\/\",\"name\":\"Afogados FM\",\"description\":\"Um site completo!\",\"publisher\":{\"@id\":\"https:\\\/\\\/afogadosfm.com.br\\\/afogadosfm\\\/#organization\"},\"potentialAction\":[{\"@type\":\"SearchAction\",\"target\":{\"@type\":\"EntryPoint\",\"urlTemplate\":\"https:\\\/\\\/afogadosfm.com.br\\\/afogadosfm\\\/?s={search_term_string}\"},\"query-input\":{\"@type\":\"PropertyValueSpecification\",\"valueRequired\":true,\"valueName\":\"search_term_string\"}}],\"inLanguage\":\"pt-BR\"},{\"@type\":\"Organization\",\"@id\":\"https:\\\/\\\/afogadosfm.com.br\\\/afogadosfm\\\/#organization\",\"name\":\"Afogados FM\",\"url\":\"https:\\\/\\\/afogadosfm.com.br\\\/afogadosfm\\\/\",\"logo\":{\"@type\":\"ImageObject\",\"inLanguage\":\"pt-BR\",\"@id\":\"https:\\\/\\\/afogadosfm.com.br\\\/afogadosfm\\\/#\\\/schema\\\/logo\\\/image\\\/\",\"url\":\"https:\\\/\\\/i0.wp.com\\\/afogadosfm.com.br\\\/afogadosfm\\\/wp-content\\\/uploads\\\/2020\\\/06\\\/cropped-banner-afogados-4.jpg?fit=369%2C137&ssl=1\",\"contentUrl\":\"https:\\\/\\\/i0.wp.com\\\/afogadosfm.com.br\\\/afogadosfm\\\/wp-content\\\/uploads\\\/2020\\\/06\\\/cropped-banner-afogados-4.jpg?fit=369%2C137&ssl=1\",\"width\":369,\"height\":137,\"caption\":\"Afogados FM\"},\"image\":{\"@id\":\"https:\\\/\\\/afogadosfm.com.br\\\/afogadosfm\\\/#\\\/schema\\\/logo\\\/image\\\/\"}},{\"@type\":\"Person\",\"@id\":\"https:\\\/\\\/afogadosfm.com.br\\\/afogadosfm\\\/#\\\/schema\\\/person\\\/60e56f2cf5dc960fc093fe093d9e9057\",\"name\":\"afogadosfm\",\"image\":{\"@type\":\"ImageObject\",\"inLanguage\":\"pt-BR\",\"@id\":\"https:\\\/\\\/secure.gravatar.com\\\/avatar\\\/e0359add7ed5dc3560906d861b52c6a8cf5c1e199d3a7dd85070998f49bd4701?s=96&d=mm&r=g\",\"url\":\"https:\\\/\\\/secure.gravatar.com\\\/avatar\\\/e0359add7ed5dc3560906d861b52c6a8cf5c1e199d3a7dd85070998f49bd4701?s=96&d=mm&r=g\",\"contentUrl\":\"https:\\\/\\\/secure.gravatar.com\\\/avatar\\\/e0359add7ed5dc3560906d861b52c6a8cf5c1e199d3a7dd85070998f49bd4701?s=96&d=mm&r=g\",\"caption\":\"afogadosfm\"},\"url\":\"https:\\\/\\\/afogadosfm.com.br\\\/afogadosfm\\\/author\\\/afogadosfm\\\/\"}]}<\/script>\n<!-- \/ Yoast SEO plugin. -->","yoast_head_json":{"title":"Copa do Brasil: N\u00e1utico perde para o S\u00e3o Paulo, Retr\u00f4 empata com o Fortaleza - Afogados FM","robots":{"index":"index","follow":"follow","max-snippet":"max-snippet:-1","max-image-preview":"max-image-preview:large","max-video-preview":"max-video-preview:-1"},"canonical":"https:\/\/afogadosfm.com.br\/afogadosfm\/2025\/04\/30\/nautico-perde-para-o-sao-paulo-pela-copa-do-brasil\/","og_locale":"pt_BR","og_type":"article","og_title":"Copa do Brasil: N\u00e1utico perde para o S\u00e3o Paulo, Retr\u00f4 empata com o Fortaleza - Afogados FM","og_description":"O N\u00e1utico saiu na frente do S\u00e3o Paulo, com um gola\u00e7o de Caio V\u00edtor, mas levou a virada do S\u00e3o","og_url":"https:\/\/afogadosfm.com.br\/afogadosfm\/2025\/04\/30\/nautico-perde-para-o-sao-paulo-pela-copa-do-brasil\/","og_site_name":"Afogados FM","article_published_time":"2025-04-30T08:49:26+00:00","article_modified_time":"2025-04-30T08:51:02+00:00","og_image":[{"width":1200,"height":650,"url":"https:\/\/afogadosfm.com.br\/afogadosfm\/wp-content\/uploads\/2022\/09\/copa-do-brasil-2022br.webp","type":"image\/webp"}],"author":"afogadosfm","twitter_card":"summary_large_image","twitter_misc":{"Escrito por":"afogadosfm","Est. tempo de leitura":"2 minutos"},"schema":{"@context":"https:\/\/schema.org","@graph":[{"@type":"Article","@id":"https:\/\/afogadosfm.com.br\/afogadosfm\/2025\/04\/30\/nautico-perde-para-o-sao-paulo-pela-copa-do-brasil\/#article","isPartOf":{"@id":"https:\/\/afogadosfm.com.br\/afogadosfm\/2025\/04\/30\/nautico-perde-para-o-sao-paulo-pela-copa-do-brasil\/"},"author":{"name":"afogadosfm","@id":"https:\/\/afogadosfm.com.br\/afogadosfm\/#\/schema\/person\/60e56f2cf5dc960fc093fe093d9e9057"},"headline":"Copa do Brasil: N\u00e1utico perde para o S\u00e3o Paulo, Retr\u00f4 empata com o Fortaleza","datePublished":"2025-04-30T08:49:26+00:00","dateModified":"2025-04-30T08:51:02+00:00","mainEntityOfPage":{"@id":"https:\/\/afogadosfm.com.br\/afogadosfm\/2025\/04\/30\/nautico-perde-para-o-sao-paulo-pela-copa-do-brasil\/"},"wordCount":279,"commentCount":0,"publisher":{"@id":"https:\/\/afogadosfm.com.br\/afogadosfm\/#organization"},"image":{"@id":"https:\/\/afogadosfm.com.br\/afogadosfm\/2025\/04\/30\/nautico-perde-para-o-sao-paulo-pela-copa-do-brasil\/#primaryimage"},"thumbnailUrl":"https:\/\/i0.wp.com\/afogadosfm.com.br\/afogadosfm\/wp-content\/uploads\/2022\/09\/copa-do-brasil-2022br.webp?fit=1200%2C650&ssl=1","articleSection":["Esporte"],"inLanguage":"pt-BR","potentialAction":[{"@type":"CommentAction","name":"Comment","target":["https:\/\/afogadosfm.com.br\/afogadosfm\/2025\/04\/30\/nautico-perde-para-o-sao-paulo-pela-copa-do-brasil\/#respond"]}]},{"@type":"WebPage","@id":"https:\/\/afogadosfm.com.br\/afogadosfm\/2025\/04\/30\/nautico-perde-para-o-sao-paulo-pela-copa-do-brasil\/","url":"https:\/\/afogadosfm.com.br\/afogadosfm\/2025\/04\/30\/nautico-perde-para-o-sao-paulo-pela-copa-do-brasil\/","name":"Copa do Brasil: N\u00e1utico perde para o S\u00e3o Paulo, Retr\u00f4 empata com o Fortaleza - Afogados FM","isPartOf":{"@id":"https:\/\/afogadosfm.com.br\/afogadosfm\/#website"},"primaryImageOfPage":{"@id":"https:\/\/afogadosfm.com.br\/afogadosfm\/2025\/04\/30\/nautico-perde-para-o-sao-paulo-pela-copa-do-brasil\/#primaryimage"},"image":{"@id":"https:\/\/afogadosfm.com.br\/afogadosfm\/2025\/04\/30\/nautico-perde-para-o-sao-paulo-pela-copa-do-brasil\/#primaryimage"},"thumbnailUrl":"https:\/\/i0.wp.com\/afogadosfm.com.br\/afogadosfm\/wp-content\/uploads\/2022\/09\/copa-do-brasil-2022br.webp?fit=1200%2C650&ssl=1","datePublished":"2025-04-30T08:49:26+00:00","dateModified":"2025-04-30T08:51:02+00:00","breadcrumb":{"@id":"https:\/\/afogadosfm.com.br\/afogadosfm\/2025\/04\/30\/nautico-perde-para-o-sao-paulo-pela-copa-do-brasil\/#breadcrumb"},"inLanguage":"pt-BR","potentialAction":[{"@type":"ReadAction","target":["https:\/\/afogadosfm.com.br\/afogadosfm\/2025\/04\/30\/nautico-perde-para-o-sao-paulo-pela-copa-do-brasil\/"]}]},{"@type":"ImageObject","inLanguage":"pt-BR","@id":"https:\/\/afogadosfm.com.br\/afogadosfm\/2025\/04\/30\/nautico-perde-para-o-sao-paulo-pela-copa-do-brasil\/#primaryimage","url":"https:\/\/i0.wp.com\/afogadosfm.com.br\/afogadosfm\/wp-content\/uploads\/2022\/09\/copa-do-brasil-2022br.webp?fit=1200%2C650&ssl=1","contentUrl":"https:\/\/i0.wp.com\/afogadosfm.com.br\/afogadosfm\/wp-content\/uploads\/2022\/09\/copa-do-brasil-2022br.webp?fit=1200%2C650&ssl=1","width":1200,"height":650},{"@type":"BreadcrumbList","@id":"https:\/\/afogadosfm.com.br\/afogadosfm\/2025\/04\/30\/nautico-perde-para-o-sao-paulo-pela-copa-do-brasil\/#breadcrumb","itemListElement":[{"@type":"ListItem","position":1,"name":"In\u00edcio","item":"https:\/\/afogadosfm.com.br\/afogadosfm\/"},{"@type":"ListItem","position":2,"name":"Copa do Brasil: N\u00e1utico perde para o S\u00e3o Paulo, Retr\u00f4 empata com o Fortaleza"}]},{"@type":"WebSite","@id":"https:\/\/afogadosfm.com.br\/afogadosfm\/#website","url":"https:\/\/afogadosfm.com.br\/afogadosfm\/","name":"Afogados FM","description":"Um site completo!","publisher":{"@id":"https:\/\/afogadosfm.com.br\/afogadosfm\/#organization"},"potentialAction":[{"@type":"SearchAction","target":{"@type":"EntryPoint","urlTemplate":"https:\/\/afogadosfm.com.br\/afogadosfm\/?s={search_term_string}"},"query-input":{"@type":"PropertyValueSpecification","valueRequired":true,"valueName":"search_term_string"}}],"inLanguage":"pt-BR"},{"@type":"Organization","@id":"https:\/\/afogadosfm.com.br\/afogadosfm\/#organization","name":"Afogados FM","url":"https:\/\/afogadosfm.com.br\/afogadosfm\/","logo":{"@type":"ImageObject","inLanguage":"pt-BR","@id":"https:\/\/afogadosfm.com.br\/afogadosfm\/#\/schema\/logo\/image\/","url":"https:\/\/i0.wp.com\/afogadosfm.com.br\/afogadosfm\/wp-content\/uploads\/2020\/06\/cropped-banner-afogados-4.jpg?fit=369%2C137&ssl=1","contentUrl":"https:\/\/i0.wp.com\/afogadosfm.com.br\/afogadosfm\/wp-content\/uploads\/2020\/06\/cropped-banner-afogados-4.jpg?fit=369%2C137&ssl=1","width":369,"height":137,"caption":"Afogados FM"},"image":{"@id":"https:\/\/afogadosfm.com.br\/afogadosfm\/#\/schema\/logo\/image\/"}},{"@type":"Person","@id":"https:\/\/afogadosfm.com.br\/afogadosfm\/#\/schema\/person\/60e56f2cf5dc960fc093fe093d9e9057","name":"afogadosfm","image":{"@type":"ImageObject","inLanguage":"pt-BR","@id":"https:\/\/secure.gravatar.com\/avatar\/e0359add7ed5dc3560906d861b52c6a8cf5c1e199d3a7dd85070998f49bd4701?s=96&d=mm&r=g","url":"https:\/\/secure.gravatar.com\/avatar\/e0359add7ed5dc3560906d861b52c6a8cf5c1e199d3a7dd85070998f49bd4701?s=96&d=mm&r=g","contentUrl":"https:\/\/secure.gravatar.com\/avatar\/e0359add7ed5dc3560906d861b52c6a8cf5c1e199d3a7dd85070998f49bd4701?s=96&d=mm&r=g","caption":"afogadosfm"},"url":"https:\/\/afogadosfm.com.br\/afogadosfm\/author\/afogadosfm\/"}]}},"jetpack_publicize_connections":[],"jetpack_featured_media_url":"https:\/\/i0.wp.com\/afogadosfm.com.br\/afogadosfm\/wp-content\/uploads\/2022\/09\/copa-do-brasil-2022br.webp?fit=1200%2C650&ssl=1","jetpack-related-posts":[],"jetpack_sharing_enabled":true,"jetpack_likes_enabled":true,"_links":{"self":[{"href":"https:\/\/afogadosfm.com.br\/afogadosfm\/wp-json\/wp\/v2\/posts\/65389","targetHints":{"allow":["GET"]}}],"collection":[{"href":"https:\/\/afogadosfm.com.br\/afogadosfm\/wp-json\/wp\/v2\/posts"}],"about":[{"href":"https:\/\/afogadosfm.com.br\/afogadosfm\/wp-json\/wp\/v2\/types\/post"}],"author":[{"embeddable":true,"href":"https:\/\/afogadosfm.com.br\/afogadosfm\/wp-json\/wp\/v2\/users\/2"}],"replies":[{"embeddable":true,"href":"https:\/\/afogadosfm.com.br\/afogadosfm\/wp-json\/wp\/v2\/comments?post=65389"}],"version-history":[{"count":2,"href":"https:\/\/afogadosfm.com.br\/afogadosfm\/wp-json\/wp\/v2\/posts\/65389\/revisions"}],"predecessor-version":[{"id":65392,"href":"https:\/\/afogadosfm.com.br\/afogadosfm\/wp-json\/wp\/v2\/posts\/65389\/revisions\/65392"}],"wp:featuredmedia":[{"embeddable":true,"href":"https:\/\/afogadosfm.com.br\/afogadosfm\/wp-json\/wp\/v2\/media\/41114"}],"wp:attachment":[{"href":"https:\/\/afogadosfm.com.br\/afogadosfm\/wp-json\/wp\/v2\/media?parent=65389"}],"wp:term":[{"taxonomy":"category","embeddable":true,"href":"https:\/\/afogadosfm.com.br\/afogadosfm\/wp-json\/wp\/v2\/categories?post=65389"},{"taxonomy":"post_tag","embeddable":true,"href":"https:\/\/afogadosfm.com.br\/afogadosfm\/wp-json\/wp\/v2\/tags?post=65389"}],"curies":[{"name":"wp","href":"https:\/\/api.w.org\/{rel}","templated":true}]}}