{"id":65400,"date":"2025-04-30T06:03:07","date_gmt":"2025-04-30T09:03:07","guid":{"rendered":"https:\/\/afogadosfm.com.br\/afogadosfm\/?p=65400"},"modified":"2025-04-30T06:03:08","modified_gmt":"2025-04-30T09:03:08","slug":"pe-tradicional-missa-do-vaqueiro-sera-realizada-em-27-de-julho-em-serrita","status":"publish","type":"post","link":"https:\/\/afogadosfm.com.br\/afogadosfm\/2025\/04\/30\/pe-tradicional-missa-do-vaqueiro-sera-realizada-em-27-de-julho-em-serrita\/","title":{"rendered":"PE: Tradicional Missa do vaqueiro ser\u00e1 realizada em 27 de julho em Serrita"},"content":{"rendered":"\n<p>Um dos maiores s\u00edmbolos da f\u00e9 e da cultura nordestina, a tradicional Missa do Vaqueiro ser\u00e1 realizada no dia 27 de julho, em Serrita, no Sert\u00e3o de Pernambuco. A celebra\u00e7\u00e3o chega \u00e0 55\u00aa edi\u00e7\u00e3o reunindo centenas de vaqueiros e fi\u00e9is na tradicional cerim\u00f4nia que exalta as ra\u00edzes sertanejas.<\/p>\n\n\n\n<p>A edi\u00e7\u00e3o deste ano ser\u00e1 marcada por uma homenagem ao escritor e compositor Jandhuy Finizola, um dos idealizadores da Missa. O tributo ser\u00e1 feito em forma de poesia pelo artista Antonio Marinho.<\/p>\n\n\n\n<p>A celebra\u00e7\u00e3o tamb\u00e9m contar\u00e1 com a presen\u00e7a do Padre Ant\u00f4nio Maria, refer\u00eancia na evangeliza\u00e7\u00e3o crist\u00e3.<\/p>\n\n\n\n<p>Durante a missa, um dos momentos mais simb\u00f3licos \u00e9 o ofert\u00f3rio. Vaqueiros montados em seus cavalos se dirigem ao altar levando objetos de trabalho, como peitoral, chicote, chocalho e gib\u00e3o. Doa\u00e7\u00f5es em dinheiro, recolhidas em chap\u00e9us de couro, e alimentos vindos das lavouras dos pr\u00f3prios vaqueiros tamb\u00e9m s\u00e3o ofertados.<\/p>\n\n\n\n<p>A Missa do Vaqueiro teve in\u00edcio em 1970, sendo idealizada pelo Padre Jo\u00e3o C\u00e2ncio com apoio do Rei do Bai\u00e3o, Luiz Gonzaga, do poeta Pedro Bandeira e de Jandhuy Finizola. A motiva\u00e7\u00e3o foi a morte do vaqueiro Raimundo Jac\u00f3, primo de Luiz Gonzaga, assassinado no S\u00edtio Lages, em Serrita. A dor da perda se transformou em s\u00edmbolo de resist\u00eancia, f\u00e9 e respeito \u00e0 cultura do vaqueiro.<\/p>\n\n\n\n<p>A can\u00e7\u00e3o \u201cRezas de Sol\u201d, composta por Jandhuy, se tornou a trilha sonora oficial da celebra\u00e7\u00e3o e \u00e9 entoada anualmente como parte essencial da missa.<\/p>\n\n\n\n<p>Hoje, o evento atrai n\u00e3o apenas moradores do sert\u00e3o, mas tamb\u00e9m turistas, artistas e estudiosos da cultura popular, sendo um dos maiores encontros religiosos e culturais do Brasil.<\/p>\n","protected":false},"excerpt":{"rendered":"<p>Um dos maiores s\u00edmbolos da f\u00e9 e da cultura nordestina, a tradicional Missa do Vaqueiro ser\u00e1 realizada no dia 27<\/p>\n","protected":false},"author":2,"featured_media":65401,"comment_status":"open","ping_status":"open","sticky":false,"template":"","format":"standard","meta":{"jetpack_post_was_ever_published":false,"_jetpack_newsletter_access":"","_jetpack_dont_email_post_to_subs":false,"_jetpack_newsletter_tier_id":0,"_jetpack_memberships_contains_paywalled_content":false,"_jetpack_memberships_contains_paid_content":false,"footnotes":"","jetpack_publicize_message":"","jetpack_publicize_feature_enabled":true,"jetpack_social_post_already_shared":true,"jetpack_social_options":{"image_generator_settings":{"template":"highway","default_image_id":0,"font":"","enabled":false},"version":2}},"categories":[32],"tags":[],"class_list":["post-65400","post","type-post","status-publish","format-standard","has-post-thumbnail","hentry","category-sertao"],"yoast_head":"<!-- This site is optimized with the Yoast SEO plugin v27.5 - https:\/\/yoast.com\/product\/yoast-seo-wordpress\/ -->\n<title>PE: Tradicional Missa do vaqueiro ser\u00e1 realizada em 27 de julho em Serrita - Afogados FM<\/title>\n<meta name=\"robots\" content=\"index, follow, max-snippet:-1, max-image-preview:large, max-video-preview:-1\" \/>\n<link rel=\"canonical\" href=\"https:\/\/afogadosfm.com.br\/afogadosfm\/2025\/04\/30\/pe-tradicional-missa-do-vaqueiro-sera-realizada-em-27-de-julho-em-serrita\/\" \/>\n<meta property=\"og:locale\" content=\"pt_BR\" \/>\n<meta property=\"og:type\" content=\"article\" \/>\n<meta property=\"og:title\" content=\"PE: Tradicional Missa do vaqueiro ser\u00e1 realizada em 27 de julho em Serrita - Afogados FM\" \/>\n<meta property=\"og:description\" content=\"Um dos maiores s\u00edmbolos da f\u00e9 e da cultura nordestina, a tradicional Missa do Vaqueiro ser\u00e1 realizada no dia 27\" \/>\n<meta property=\"og:url\" content=\"https:\/\/afogadosfm.com.br\/afogadosfm\/2025\/04\/30\/pe-tradicional-missa-do-vaqueiro-sera-realizada-em-27-de-julho-em-serrita\/\" \/>\n<meta property=\"og:site_name\" content=\"Afogados FM\" \/>\n<meta property=\"article:published_time\" content=\"2025-04-30T09:03:07+00:00\" \/>\n<meta property=\"article:modified_time\" content=\"2025-04-30T09:03:08+00:00\" \/>\n<meta property=\"og:image\" content=\"https:\/\/afogadosfm.com.br\/afogadosfm\/wp-content\/uploads\/2025\/04\/vaqueiro.jpeg\" \/>\n\t<meta property=\"og:image:width\" content=\"474\" \/>\n\t<meta property=\"og:image:height\" content=\"315\" \/>\n\t<meta property=\"og:image:type\" content=\"image\/jpeg\" \/>\n<meta name=\"author\" content=\"afogadosfm\" \/>\n<meta name=\"twitter:card\" content=\"summary_large_image\" \/>\n<meta name=\"twitter:label1\" content=\"Escrito por\" \/>\n\t<meta name=\"twitter:data1\" content=\"afogadosfm\" \/>\n\t<meta name=\"twitter:label2\" content=\"Est. tempo de leitura\" \/>\n\t<meta name=\"twitter:data2\" content=\"2 minutos\" \/>\n<script type=\"application\/ld+json\" class=\"yoast-schema-graph\">{\"@context\":\"https:\\\/\\\/schema.org\",\"@graph\":[{\"@type\":\"Article\",\"@id\":\"https:\\\/\\\/afogadosfm.com.br\\\/afogadosfm\\\/2025\\\/04\\\/30\\\/pe-tradicional-missa-do-vaqueiro-sera-realizada-em-27-de-julho-em-serrita\\\/#article\",\"isPartOf\":{\"@id\":\"https:\\\/\\\/afogadosfm.com.br\\\/afogadosfm\\\/2025\\\/04\\\/30\\\/pe-tradicional-missa-do-vaqueiro-sera-realizada-em-27-de-julho-em-serrita\\\/\"},\"author\":{\"name\":\"afogadosfm\",\"@id\":\"https:\\\/\\\/afogadosfm.com.br\\\/afogadosfm\\\/#\\\/schema\\\/person\\\/60e56f2cf5dc960fc093fe093d9e9057\"},\"headline\":\"PE: Tradicional Missa do vaqueiro ser\u00e1 realizada em 27 de julho em Serrita\",\"datePublished\":\"2025-04-30T09:03:07+00:00\",\"dateModified\":\"2025-04-30T09:03:08+00:00\",\"mainEntityOfPage\":{\"@id\":\"https:\\\/\\\/afogadosfm.com.br\\\/afogadosfm\\\/2025\\\/04\\\/30\\\/pe-tradicional-missa-do-vaqueiro-sera-realizada-em-27-de-julho-em-serrita\\\/\"},\"wordCount\":303,\"commentCount\":0,\"publisher\":{\"@id\":\"https:\\\/\\\/afogadosfm.com.br\\\/afogadosfm\\\/#organization\"},\"image\":{\"@id\":\"https:\\\/\\\/afogadosfm.com.br\\\/afogadosfm\\\/2025\\\/04\\\/30\\\/pe-tradicional-missa-do-vaqueiro-sera-realizada-em-27-de-julho-em-serrita\\\/#primaryimage\"},\"thumbnailUrl\":\"https:\\\/\\\/i0.wp.com\\\/afogadosfm.com.br\\\/afogadosfm\\\/wp-content\\\/uploads\\\/2025\\\/04\\\/vaqueiro.jpeg?fit=474%2C315&ssl=1\",\"articleSection\":[\"Sert\u00e3o\"],\"inLanguage\":\"pt-BR\",\"potentialAction\":[{\"@type\":\"CommentAction\",\"name\":\"Comment\",\"target\":[\"https:\\\/\\\/afogadosfm.com.br\\\/afogadosfm\\\/2025\\\/04\\\/30\\\/pe-tradicional-missa-do-vaqueiro-sera-realizada-em-27-de-julho-em-serrita\\\/#respond\"]}]},{\"@type\":\"WebPage\",\"@id\":\"https:\\\/\\\/afogadosfm.com.br\\\/afogadosfm\\\/2025\\\/04\\\/30\\\/pe-tradicional-missa-do-vaqueiro-sera-realizada-em-27-de-julho-em-serrita\\\/\",\"url\":\"https:\\\/\\\/afogadosfm.com.br\\\/afogadosfm\\\/2025\\\/04\\\/30\\\/pe-tradicional-missa-do-vaqueiro-sera-realizada-em-27-de-julho-em-serrita\\\/\",\"name\":\"PE: Tradicional Missa do vaqueiro ser\u00e1 realizada em 27 de julho em Serrita - Afogados FM\",\"isPartOf\":{\"@id\":\"https:\\\/\\\/afogadosfm.com.br\\\/afogadosfm\\\/#website\"},\"primaryImageOfPage\":{\"@id\":\"https:\\\/\\\/afogadosfm.com.br\\\/afogadosfm\\\/2025\\\/04\\\/30\\\/pe-tradicional-missa-do-vaqueiro-sera-realizada-em-27-de-julho-em-serrita\\\/#primaryimage\"},\"image\":{\"@id\":\"https:\\\/\\\/afogadosfm.com.br\\\/afogadosfm\\\/2025\\\/04\\\/30\\\/pe-tradicional-missa-do-vaqueiro-sera-realizada-em-27-de-julho-em-serrita\\\/#primaryimage\"},\"thumbnailUrl\":\"https:\\\/\\\/i0.wp.com\\\/afogadosfm.com.br\\\/afogadosfm\\\/wp-content\\\/uploads\\\/2025\\\/04\\\/vaqueiro.jpeg?fit=474%2C315&ssl=1\",\"datePublished\":\"2025-04-30T09:03:07+00:00\",\"dateModified\":\"2025-04-30T09:03:08+00:00\",\"breadcrumb\":{\"@id\":\"https:\\\/\\\/afogadosfm.com.br\\\/afogadosfm\\\/2025\\\/04\\\/30\\\/pe-tradicional-missa-do-vaqueiro-sera-realizada-em-27-de-julho-em-serrita\\\/#breadcrumb\"},\"inLanguage\":\"pt-BR\",\"potentialAction\":[{\"@type\":\"ReadAction\",\"target\":[\"https:\\\/\\\/afogadosfm.com.br\\\/afogadosfm\\\/2025\\\/04\\\/30\\\/pe-tradicional-missa-do-vaqueiro-sera-realizada-em-27-de-julho-em-serrita\\\/\"]}]},{\"@type\":\"ImageObject\",\"inLanguage\":\"pt-BR\",\"@id\":\"https:\\\/\\\/afogadosfm.com.br\\\/afogadosfm\\\/2025\\\/04\\\/30\\\/pe-tradicional-missa-do-vaqueiro-sera-realizada-em-27-de-julho-em-serrita\\\/#primaryimage\",\"url\":\"https:\\\/\\\/i0.wp.com\\\/afogadosfm.com.br\\\/afogadosfm\\\/wp-content\\\/uploads\\\/2025\\\/04\\\/vaqueiro.jpeg?fit=474%2C315&ssl=1\",\"contentUrl\":\"https:\\\/\\\/i0.wp.com\\\/afogadosfm.com.br\\\/afogadosfm\\\/wp-content\\\/uploads\\\/2025\\\/04\\\/vaqueiro.jpeg?fit=474%2C315&ssl=1\",\"width\":474,\"height\":315},{\"@type\":\"BreadcrumbList\",\"@id\":\"https:\\\/\\\/afogadosfm.com.br\\\/afogadosfm\\\/2025\\\/04\\\/30\\\/pe-tradicional-missa-do-vaqueiro-sera-realizada-em-27-de-julho-em-serrita\\\/#breadcrumb\",\"itemListElement\":[{\"@type\":\"ListItem\",\"position\":1,\"name\":\"In\u00edcio\",\"item\":\"https:\\\/\\\/afogadosfm.com.br\\\/afogadosfm\\\/\"},{\"@type\":\"ListItem\",\"position\":2,\"name\":\"PE: Tradicional Missa do vaqueiro ser\u00e1 realizada em 27 de julho em Serrita\"}]},{\"@type\":\"WebSite\",\"@id\":\"https:\\\/\\\/afogadosfm.com.br\\\/afogadosfm\\\/#website\",\"url\":\"https:\\\/\\\/afogadosfm.com.br\\\/afogadosfm\\\/\",\"name\":\"Afogados FM\",\"description\":\"Um site completo!\",\"publisher\":{\"@id\":\"https:\\\/\\\/afogadosfm.com.br\\\/afogadosfm\\\/#organization\"},\"potentialAction\":[{\"@type\":\"SearchAction\",\"target\":{\"@type\":\"EntryPoint\",\"urlTemplate\":\"https:\\\/\\\/afogadosfm.com.br\\\/afogadosfm\\\/?s={search_term_string}\"},\"query-input\":{\"@type\":\"PropertyValueSpecification\",\"valueRequired\":true,\"valueName\":\"search_term_string\"}}],\"inLanguage\":\"pt-BR\"},{\"@type\":\"Organization\",\"@id\":\"https:\\\/\\\/afogadosfm.com.br\\\/afogadosfm\\\/#organization\",\"name\":\"Afogados FM\",\"url\":\"https:\\\/\\\/afogadosfm.com.br\\\/afogadosfm\\\/\",\"logo\":{\"@type\":\"ImageObject\",\"inLanguage\":\"pt-BR\",\"@id\":\"https:\\\/\\\/afogadosfm.com.br\\\/afogadosfm\\\/#\\\/schema\\\/logo\\\/image\\\/\",\"url\":\"https:\\\/\\\/i0.wp.com\\\/afogadosfm.com.br\\\/afogadosfm\\\/wp-content\\\/uploads\\\/2020\\\/06\\\/cropped-banner-afogados-4.jpg?fit=369%2C137&ssl=1\",\"contentUrl\":\"https:\\\/\\\/i0.wp.com\\\/afogadosfm.com.br\\\/afogadosfm\\\/wp-content\\\/uploads\\\/2020\\\/06\\\/cropped-banner-afogados-4.jpg?fit=369%2C137&ssl=1\",\"width\":369,\"height\":137,\"caption\":\"Afogados FM\"},\"image\":{\"@id\":\"https:\\\/\\\/afogadosfm.com.br\\\/afogadosfm\\\/#\\\/schema\\\/logo\\\/image\\\/\"}},{\"@type\":\"Person\",\"@id\":\"https:\\\/\\\/afogadosfm.com.br\\\/afogadosfm\\\/#\\\/schema\\\/person\\\/60e56f2cf5dc960fc093fe093d9e9057\",\"name\":\"afogadosfm\",\"image\":{\"@type\":\"ImageObject\",\"inLanguage\":\"pt-BR\",\"@id\":\"https:\\\/\\\/secure.gravatar.com\\\/avatar\\\/e0359add7ed5dc3560906d861b52c6a8cf5c1e199d3a7dd85070998f49bd4701?s=96&d=mm&r=g\",\"url\":\"https:\\\/\\\/secure.gravatar.com\\\/avatar\\\/e0359add7ed5dc3560906d861b52c6a8cf5c1e199d3a7dd85070998f49bd4701?s=96&d=mm&r=g\",\"contentUrl\":\"https:\\\/\\\/secure.gravatar.com\\\/avatar\\\/e0359add7ed5dc3560906d861b52c6a8cf5c1e199d3a7dd85070998f49bd4701?s=96&d=mm&r=g\",\"caption\":\"afogadosfm\"},\"url\":\"https:\\\/\\\/afogadosfm.com.br\\\/afogadosfm\\\/author\\\/afogadosfm\\\/\"}]}<\/script>\n<!-- \/ Yoast SEO plugin. -->","yoast_head_json":{"title":"PE: Tradicional Missa do vaqueiro ser\u00e1 realizada em 27 de julho em Serrita - Afogados FM","robots":{"index":"index","follow":"follow","max-snippet":"max-snippet:-1","max-image-preview":"max-image-preview:large","max-video-preview":"max-video-preview:-1"},"canonical":"https:\/\/afogadosfm.com.br\/afogadosfm\/2025\/04\/30\/pe-tradicional-missa-do-vaqueiro-sera-realizada-em-27-de-julho-em-serrita\/","og_locale":"pt_BR","og_type":"article","og_title":"PE: Tradicional Missa do vaqueiro ser\u00e1 realizada em 27 de julho em Serrita - Afogados FM","og_description":"Um dos maiores s\u00edmbolos da f\u00e9 e da cultura nordestina, a tradicional Missa do Vaqueiro ser\u00e1 realizada no dia 27","og_url":"https:\/\/afogadosfm.com.br\/afogadosfm\/2025\/04\/30\/pe-tradicional-missa-do-vaqueiro-sera-realizada-em-27-de-julho-em-serrita\/","og_site_name":"Afogados FM","article_published_time":"2025-04-30T09:03:07+00:00","article_modified_time":"2025-04-30T09:03:08+00:00","og_image":[{"width":474,"height":315,"url":"https:\/\/afogadosfm.com.br\/afogadosfm\/wp-content\/uploads\/2025\/04\/vaqueiro.jpeg","type":"image\/jpeg"}],"author":"afogadosfm","twitter_card":"summary_large_image","twitter_misc":{"Escrito por":"afogadosfm","Est. tempo de leitura":"2 minutos"},"schema":{"@context":"https:\/\/schema.org","@graph":[{"@type":"Article","@id":"https:\/\/afogadosfm.com.br\/afogadosfm\/2025\/04\/30\/pe-tradicional-missa-do-vaqueiro-sera-realizada-em-27-de-julho-em-serrita\/#article","isPartOf":{"@id":"https:\/\/afogadosfm.com.br\/afogadosfm\/2025\/04\/30\/pe-tradicional-missa-do-vaqueiro-sera-realizada-em-27-de-julho-em-serrita\/"},"author":{"name":"afogadosfm","@id":"https:\/\/afogadosfm.com.br\/afogadosfm\/#\/schema\/person\/60e56f2cf5dc960fc093fe093d9e9057"},"headline":"PE: Tradicional Missa do vaqueiro ser\u00e1 realizada em 27 de julho em Serrita","datePublished":"2025-04-30T09:03:07+00:00","dateModified":"2025-04-30T09:03:08+00:00","mainEntityOfPage":{"@id":"https:\/\/afogadosfm.com.br\/afogadosfm\/2025\/04\/30\/pe-tradicional-missa-do-vaqueiro-sera-realizada-em-27-de-julho-em-serrita\/"},"wordCount":303,"commentCount":0,"publisher":{"@id":"https:\/\/afogadosfm.com.br\/afogadosfm\/#organization"},"image":{"@id":"https:\/\/afogadosfm.com.br\/afogadosfm\/2025\/04\/30\/pe-tradicional-missa-do-vaqueiro-sera-realizada-em-27-de-julho-em-serrita\/#primaryimage"},"thumbnailUrl":"https:\/\/i0.wp.com\/afogadosfm.com.br\/afogadosfm\/wp-content\/uploads\/2025\/04\/vaqueiro.jpeg?fit=474%2C315&ssl=1","articleSection":["Sert\u00e3o"],"inLanguage":"pt-BR","potentialAction":[{"@type":"CommentAction","name":"Comment","target":["https:\/\/afogadosfm.com.br\/afogadosfm\/2025\/04\/30\/pe-tradicional-missa-do-vaqueiro-sera-realizada-em-27-de-julho-em-serrita\/#respond"]}]},{"@type":"WebPage","@id":"https:\/\/afogadosfm.com.br\/afogadosfm\/2025\/04\/30\/pe-tradicional-missa-do-vaqueiro-sera-realizada-em-27-de-julho-em-serrita\/","url":"https:\/\/afogadosfm.com.br\/afogadosfm\/2025\/04\/30\/pe-tradicional-missa-do-vaqueiro-sera-realizada-em-27-de-julho-em-serrita\/","name":"PE: Tradicional Missa do vaqueiro ser\u00e1 realizada em 27 de julho em Serrita - Afogados FM","isPartOf":{"@id":"https:\/\/afogadosfm.com.br\/afogadosfm\/#website"},"primaryImageOfPage":{"@id":"https:\/\/afogadosfm.com.br\/afogadosfm\/2025\/04\/30\/pe-tradicional-missa-do-vaqueiro-sera-realizada-em-27-de-julho-em-serrita\/#primaryimage"},"image":{"@id":"https:\/\/afogadosfm.com.br\/afogadosfm\/2025\/04\/30\/pe-tradicional-missa-do-vaqueiro-sera-realizada-em-27-de-julho-em-serrita\/#primaryimage"},"thumbnailUrl":"https:\/\/i0.wp.com\/afogadosfm.com.br\/afogadosfm\/wp-content\/uploads\/2025\/04\/vaqueiro.jpeg?fit=474%2C315&ssl=1","datePublished":"2025-04-30T09:03:07+00:00","dateModified":"2025-04-30T09:03:08+00:00","breadcrumb":{"@id":"https:\/\/afogadosfm.com.br\/afogadosfm\/2025\/04\/30\/pe-tradicional-missa-do-vaqueiro-sera-realizada-em-27-de-julho-em-serrita\/#breadcrumb"},"inLanguage":"pt-BR","potentialAction":[{"@type":"ReadAction","target":["https:\/\/afogadosfm.com.br\/afogadosfm\/2025\/04\/30\/pe-tradicional-missa-do-vaqueiro-sera-realizada-em-27-de-julho-em-serrita\/"]}]},{"@type":"ImageObject","inLanguage":"pt-BR","@id":"https:\/\/afogadosfm.com.br\/afogadosfm\/2025\/04\/30\/pe-tradicional-missa-do-vaqueiro-sera-realizada-em-27-de-julho-em-serrita\/#primaryimage","url":"https:\/\/i0.wp.com\/afogadosfm.com.br\/afogadosfm\/wp-content\/uploads\/2025\/04\/vaqueiro.jpeg?fit=474%2C315&ssl=1","contentUrl":"https:\/\/i0.wp.com\/afogadosfm.com.br\/afogadosfm\/wp-content\/uploads\/2025\/04\/vaqueiro.jpeg?fit=474%2C315&ssl=1","width":474,"height":315},{"@type":"BreadcrumbList","@id":"https:\/\/afogadosfm.com.br\/afogadosfm\/2025\/04\/30\/pe-tradicional-missa-do-vaqueiro-sera-realizada-em-27-de-julho-em-serrita\/#breadcrumb","itemListElement":[{"@type":"ListItem","position":1,"name":"In\u00edcio","item":"https:\/\/afogadosfm.com.br\/afogadosfm\/"},{"@type":"ListItem","position":2,"name":"PE: Tradicional Missa do vaqueiro ser\u00e1 realizada em 27 de julho em Serrita"}]},{"@type":"WebSite","@id":"https:\/\/afogadosfm.com.br\/afogadosfm\/#website","url":"https:\/\/afogadosfm.com.br\/afogadosfm\/","name":"Afogados FM","description":"Um site completo!","publisher":{"@id":"https:\/\/afogadosfm.com.br\/afogadosfm\/#organization"},"potentialAction":[{"@type":"SearchAction","target":{"@type":"EntryPoint","urlTemplate":"https:\/\/afogadosfm.com.br\/afogadosfm\/?s={search_term_string}"},"query-input":{"@type":"PropertyValueSpecification","valueRequired":true,"valueName":"search_term_string"}}],"inLanguage":"pt-BR"},{"@type":"Organization","@id":"https:\/\/afogadosfm.com.br\/afogadosfm\/#organization","name":"Afogados FM","url":"https:\/\/afogadosfm.com.br\/afogadosfm\/","logo":{"@type":"ImageObject","inLanguage":"pt-BR","@id":"https:\/\/afogadosfm.com.br\/afogadosfm\/#\/schema\/logo\/image\/","url":"https:\/\/i0.wp.com\/afogadosfm.com.br\/afogadosfm\/wp-content\/uploads\/2020\/06\/cropped-banner-afogados-4.jpg?fit=369%2C137&ssl=1","contentUrl":"https:\/\/i0.wp.com\/afogadosfm.com.br\/afogadosfm\/wp-content\/uploads\/2020\/06\/cropped-banner-afogados-4.jpg?fit=369%2C137&ssl=1","width":369,"height":137,"caption":"Afogados FM"},"image":{"@id":"https:\/\/afogadosfm.com.br\/afogadosfm\/#\/schema\/logo\/image\/"}},{"@type":"Person","@id":"https:\/\/afogadosfm.com.br\/afogadosfm\/#\/schema\/person\/60e56f2cf5dc960fc093fe093d9e9057","name":"afogadosfm","image":{"@type":"ImageObject","inLanguage":"pt-BR","@id":"https:\/\/secure.gravatar.com\/avatar\/e0359add7ed5dc3560906d861b52c6a8cf5c1e199d3a7dd85070998f49bd4701?s=96&d=mm&r=g","url":"https:\/\/secure.gravatar.com\/avatar\/e0359add7ed5dc3560906d861b52c6a8cf5c1e199d3a7dd85070998f49bd4701?s=96&d=mm&r=g","contentUrl":"https:\/\/secure.gravatar.com\/avatar\/e0359add7ed5dc3560906d861b52c6a8cf5c1e199d3a7dd85070998f49bd4701?s=96&d=mm&r=g","caption":"afogadosfm"},"url":"https:\/\/afogadosfm.com.br\/afogadosfm\/author\/afogadosfm\/"}]}},"jetpack_publicize_connections":[],"jetpack_featured_media_url":"https:\/\/i0.wp.com\/afogadosfm.com.br\/afogadosfm\/wp-content\/uploads\/2025\/04\/vaqueiro.jpeg?fit=474%2C315&ssl=1","jetpack-related-posts":[],"jetpack_sharing_enabled":true,"jetpack_likes_enabled":true,"_links":{"self":[{"href":"https:\/\/afogadosfm.com.br\/afogadosfm\/wp-json\/wp\/v2\/posts\/65400","targetHints":{"allow":["GET"]}}],"collection":[{"href":"https:\/\/afogadosfm.com.br\/afogadosfm\/wp-json\/wp\/v2\/posts"}],"about":[{"href":"https:\/\/afogadosfm.com.br\/afogadosfm\/wp-json\/wp\/v2\/types\/post"}],"author":[{"embeddable":true,"href":"https:\/\/afogadosfm.com.br\/afogadosfm\/wp-json\/wp\/v2\/users\/2"}],"replies":[{"embeddable":true,"href":"https:\/\/afogadosfm.com.br\/afogadosfm\/wp-json\/wp\/v2\/comments?post=65400"}],"version-history":[{"count":1,"href":"https:\/\/afogadosfm.com.br\/afogadosfm\/wp-json\/wp\/v2\/posts\/65400\/revisions"}],"predecessor-version":[{"id":65402,"href":"https:\/\/afogadosfm.com.br\/afogadosfm\/wp-json\/wp\/v2\/posts\/65400\/revisions\/65402"}],"wp:featuredmedia":[{"embeddable":true,"href":"https:\/\/afogadosfm.com.br\/afogadosfm\/wp-json\/wp\/v2\/media\/65401"}],"wp:attachment":[{"href":"https:\/\/afogadosfm.com.br\/afogadosfm\/wp-json\/wp\/v2\/media?parent=65400"}],"wp:term":[{"taxonomy":"category","embeddable":true,"href":"https:\/\/afogadosfm.com.br\/afogadosfm\/wp-json\/wp\/v2\/categories?post=65400"},{"taxonomy":"post_tag","embeddable":true,"href":"https:\/\/afogadosfm.com.br\/afogadosfm\/wp-json\/wp\/v2\/tags?post=65400"}],"curies":[{"name":"wp","href":"https:\/\/api.w.org\/{rel}","templated":true}]}}