{"id":65406,"date":"2025-04-30T06:30:29","date_gmt":"2025-04-30T09:30:29","guid":{"rendered":"https:\/\/afogadosfm.com.br\/afogadosfm\/?p=65406"},"modified":"2025-04-30T06:30:30","modified_gmt":"2025-04-30T09:30:30","slug":"quatro-das-cinco-regioes-do-pais-vao-encarar-chuvas-e-tempestades-nesta-quarta-feira-30","status":"publish","type":"post","link":"https:\/\/afogadosfm.com.br\/afogadosfm\/2025\/04\/30\/quatro-das-cinco-regioes-do-pais-vao-encarar-chuvas-e-tempestades-nesta-quarta-feira-30\/","title":{"rendered":"Quatro das cinco regi\u00f5es do Pa\u00eds v\u00e3o encarar chuvas e tempestades nesta quarta-feira (30)"},"content":{"rendered":"\n<p>A previs\u00e3o do tempo para esta quarta-feira (30), mostra que chuvas e tempestades v\u00e3o atingir quatro regi\u00f5es do Brasil. Segundo o Instituto Nacional de Meteorologia (Inmet), as precipita\u00e7\u00f5es devem atingir de forma mais severa as regi\u00f5es Norte, Nordeste e Sudeste.<\/p>\n\n\n\n<p>As chuvas devem ficar entre 30 e 60 mm\/h ou 50 e 100 mm\/dia e os ventos v\u00e3o estar bastante intensos (60-100 km\/h). Existe, portanto, risco de corte de energia el\u00e9trica, queda de galhos de \u00e1rvores, alagamentos e de descargas el\u00e9tricas nas regi\u00f5es do mapa.<\/p>\n\n\n\n<p>Sendo assim, as autoridades fazem algumas orienta\u00e7\u00f5es para que a popula\u00e7\u00e3o fique em seguran\u00e7a. Em caso de rajadas de vento, n\u00e3o \u00e9 recomend\u00e1vel que as pessoas se abriguem debaixo de \u00e1rvores, pois h\u00e1 risco de queda e descargas el\u00e9tricas.<\/p>\n\n\n\n<p>Al\u00e9m disso, a popula\u00e7\u00e3o tamb\u00e9m n\u00e3o deve estacionar ve\u00edculos pr\u00f3ximos a torres de transmiss\u00e3o e placas de propaganda. Se poss\u00edvel, os moradores das \u00e1reas atingidas devem desligar aparelhos el\u00e9tricos e quadro geral de energia.<\/p>\n\n\n\n<p>O alerta para chuvas e perigos potenciais foi emitido pelo Inmet para a regi\u00e3o Centro-Oeste. As chuvas v\u00e3o ficar entre 20 e 30 mm\/h ou at\u00e9 50 mm\/dia e os ventos v\u00e3o estar intensos (40-60 km\/h). Existe, no entanto, baixo risco de corte de energia el\u00e9trica, queda de galhos de \u00e1rvores, alagamentos e de descargas el\u00e9tricas.<\/p>\n\n\n\n<p>O instituto n\u00e3o emitiu nenhum alerta de perigos para a regi\u00e3o Sul do Brasil. A expectativa \u00e9 de dia frio e Sol entre nuvens. Algumas pancadas de chuva podem ser esperadas, no entanto n\u00e3o existe expectativa de situa\u00e7\u00e3o perigosa na \u00e1rea do mapa.<\/p>\n","protected":false},"excerpt":{"rendered":"<p>A previs\u00e3o do tempo para esta quarta-feira (30), mostra que chuvas e tempestades v\u00e3o atingir quatro regi\u00f5es do Brasil. Segundo<\/p>\n","protected":false},"author":2,"featured_media":8877,"comment_status":"open","ping_status":"open","sticky":false,"template":"","format":"standard","meta":{"jetpack_post_was_ever_published":false,"_jetpack_newsletter_access":"","_jetpack_dont_email_post_to_subs":false,"_jetpack_newsletter_tier_id":0,"_jetpack_memberships_contains_paywalled_content":false,"_jetpack_memberships_contains_paid_content":false,"footnotes":"","jetpack_publicize_message":"","jetpack_publicize_feature_enabled":true,"jetpack_social_post_already_shared":true,"jetpack_social_options":{"image_generator_settings":{"template":"highway","default_image_id":0,"font":"","enabled":false},"version":2}},"categories":[12],"tags":[],"class_list":["post-65406","post","type-post","status-publish","format-standard","has-post-thumbnail","hentry","category-brasil"],"yoast_head":"<!-- This site is optimized with the Yoast SEO plugin v27.5 - https:\/\/yoast.com\/product\/yoast-seo-wordpress\/ -->\n<title>Quatro das cinco regi\u00f5es do Pa\u00eds v\u00e3o encarar chuvas e tempestades nesta quarta-feira (30) - Afogados FM<\/title>\n<meta name=\"robots\" content=\"index, follow, max-snippet:-1, max-image-preview:large, max-video-preview:-1\" \/>\n<link rel=\"canonical\" href=\"https:\/\/afogadosfm.com.br\/afogadosfm\/2025\/04\/30\/quatro-das-cinco-regioes-do-pais-vao-encarar-chuvas-e-tempestades-nesta-quarta-feira-30\/\" \/>\n<meta property=\"og:locale\" content=\"pt_BR\" \/>\n<meta property=\"og:type\" content=\"article\" \/>\n<meta property=\"og:title\" content=\"Quatro das cinco regi\u00f5es do Pa\u00eds v\u00e3o encarar chuvas e tempestades nesta quarta-feira (30) - Afogados FM\" \/>\n<meta property=\"og:description\" content=\"A previs\u00e3o do tempo para esta quarta-feira (30), mostra que chuvas e tempestades v\u00e3o atingir quatro regi\u00f5es do Brasil. Segundo\" \/>\n<meta property=\"og:url\" content=\"https:\/\/afogadosfm.com.br\/afogadosfm\/2025\/04\/30\/quatro-das-cinco-regioes-do-pais-vao-encarar-chuvas-e-tempestades-nesta-quarta-feira-30\/\" \/>\n<meta property=\"og:site_name\" content=\"Afogados FM\" \/>\n<meta property=\"article:published_time\" content=\"2025-04-30T09:30:29+00:00\" \/>\n<meta property=\"article:modified_time\" content=\"2025-04-30T09:30:30+00:00\" \/>\n<meta property=\"og:image\" content=\"https:\/\/afogadosfm.com.br\/afogadosfm\/wp-content\/uploads\/2019\/02\/chuva.jpg\" \/>\n\t<meta property=\"og:image:width\" content=\"269\" \/>\n\t<meta property=\"og:image:height\" content=\"178\" \/>\n\t<meta property=\"og:image:type\" content=\"image\/jpeg\" \/>\n<meta name=\"author\" content=\"afogadosfm\" \/>\n<meta name=\"twitter:card\" content=\"summary_large_image\" \/>\n<meta name=\"twitter:label1\" content=\"Escrito por\" \/>\n\t<meta name=\"twitter:data1\" content=\"afogadosfm\" \/>\n\t<meta name=\"twitter:label2\" content=\"Est. tempo de leitura\" \/>\n\t<meta name=\"twitter:data2\" content=\"2 minutos\" \/>\n<script type=\"application\/ld+json\" class=\"yoast-schema-graph\">{\"@context\":\"https:\\\/\\\/schema.org\",\"@graph\":[{\"@type\":\"Article\",\"@id\":\"https:\\\/\\\/afogadosfm.com.br\\\/afogadosfm\\\/2025\\\/04\\\/30\\\/quatro-das-cinco-regioes-do-pais-vao-encarar-chuvas-e-tempestades-nesta-quarta-feira-30\\\/#article\",\"isPartOf\":{\"@id\":\"https:\\\/\\\/afogadosfm.com.br\\\/afogadosfm\\\/2025\\\/04\\\/30\\\/quatro-das-cinco-regioes-do-pais-vao-encarar-chuvas-e-tempestades-nesta-quarta-feira-30\\\/\"},\"author\":{\"name\":\"afogadosfm\",\"@id\":\"https:\\\/\\\/afogadosfm.com.br\\\/afogadosfm\\\/#\\\/schema\\\/person\\\/60e56f2cf5dc960fc093fe093d9e9057\"},\"headline\":\"Quatro das cinco regi\u00f5es do Pa\u00eds v\u00e3o encarar chuvas e tempestades nesta quarta-feira (30)\",\"datePublished\":\"2025-04-30T09:30:29+00:00\",\"dateModified\":\"2025-04-30T09:30:30+00:00\",\"mainEntityOfPage\":{\"@id\":\"https:\\\/\\\/afogadosfm.com.br\\\/afogadosfm\\\/2025\\\/04\\\/30\\\/quatro-das-cinco-regioes-do-pais-vao-encarar-chuvas-e-tempestades-nesta-quarta-feira-30\\\/\"},\"wordCount\":302,\"commentCount\":0,\"publisher\":{\"@id\":\"https:\\\/\\\/afogadosfm.com.br\\\/afogadosfm\\\/#organization\"},\"image\":{\"@id\":\"https:\\\/\\\/afogadosfm.com.br\\\/afogadosfm\\\/2025\\\/04\\\/30\\\/quatro-das-cinco-regioes-do-pais-vao-encarar-chuvas-e-tempestades-nesta-quarta-feira-30\\\/#primaryimage\"},\"thumbnailUrl\":\"https:\\\/\\\/i0.wp.com\\\/afogadosfm.com.br\\\/afogadosfm\\\/wp-content\\\/uploads\\\/2019\\\/02\\\/chuva.jpg?fit=269%2C178&ssl=1\",\"articleSection\":[\"Brasil\"],\"inLanguage\":\"pt-BR\",\"potentialAction\":[{\"@type\":\"CommentAction\",\"name\":\"Comment\",\"target\":[\"https:\\\/\\\/afogadosfm.com.br\\\/afogadosfm\\\/2025\\\/04\\\/30\\\/quatro-das-cinco-regioes-do-pais-vao-encarar-chuvas-e-tempestades-nesta-quarta-feira-30\\\/#respond\"]}]},{\"@type\":\"WebPage\",\"@id\":\"https:\\\/\\\/afogadosfm.com.br\\\/afogadosfm\\\/2025\\\/04\\\/30\\\/quatro-das-cinco-regioes-do-pais-vao-encarar-chuvas-e-tempestades-nesta-quarta-feira-30\\\/\",\"url\":\"https:\\\/\\\/afogadosfm.com.br\\\/afogadosfm\\\/2025\\\/04\\\/30\\\/quatro-das-cinco-regioes-do-pais-vao-encarar-chuvas-e-tempestades-nesta-quarta-feira-30\\\/\",\"name\":\"Quatro das cinco regi\u00f5es do Pa\u00eds v\u00e3o encarar chuvas e tempestades nesta quarta-feira (30) - Afogados FM\",\"isPartOf\":{\"@id\":\"https:\\\/\\\/afogadosfm.com.br\\\/afogadosfm\\\/#website\"},\"primaryImageOfPage\":{\"@id\":\"https:\\\/\\\/afogadosfm.com.br\\\/afogadosfm\\\/2025\\\/04\\\/30\\\/quatro-das-cinco-regioes-do-pais-vao-encarar-chuvas-e-tempestades-nesta-quarta-feira-30\\\/#primaryimage\"},\"image\":{\"@id\":\"https:\\\/\\\/afogadosfm.com.br\\\/afogadosfm\\\/2025\\\/04\\\/30\\\/quatro-das-cinco-regioes-do-pais-vao-encarar-chuvas-e-tempestades-nesta-quarta-feira-30\\\/#primaryimage\"},\"thumbnailUrl\":\"https:\\\/\\\/i0.wp.com\\\/afogadosfm.com.br\\\/afogadosfm\\\/wp-content\\\/uploads\\\/2019\\\/02\\\/chuva.jpg?fit=269%2C178&ssl=1\",\"datePublished\":\"2025-04-30T09:30:29+00:00\",\"dateModified\":\"2025-04-30T09:30:30+00:00\",\"breadcrumb\":{\"@id\":\"https:\\\/\\\/afogadosfm.com.br\\\/afogadosfm\\\/2025\\\/04\\\/30\\\/quatro-das-cinco-regioes-do-pais-vao-encarar-chuvas-e-tempestades-nesta-quarta-feira-30\\\/#breadcrumb\"},\"inLanguage\":\"pt-BR\",\"potentialAction\":[{\"@type\":\"ReadAction\",\"target\":[\"https:\\\/\\\/afogadosfm.com.br\\\/afogadosfm\\\/2025\\\/04\\\/30\\\/quatro-das-cinco-regioes-do-pais-vao-encarar-chuvas-e-tempestades-nesta-quarta-feira-30\\\/\"]}]},{\"@type\":\"ImageObject\",\"inLanguage\":\"pt-BR\",\"@id\":\"https:\\\/\\\/afogadosfm.com.br\\\/afogadosfm\\\/2025\\\/04\\\/30\\\/quatro-das-cinco-regioes-do-pais-vao-encarar-chuvas-e-tempestades-nesta-quarta-feira-30\\\/#primaryimage\",\"url\":\"https:\\\/\\\/i0.wp.com\\\/afogadosfm.com.br\\\/afogadosfm\\\/wp-content\\\/uploads\\\/2019\\\/02\\\/chuva.jpg?fit=269%2C178&ssl=1\",\"contentUrl\":\"https:\\\/\\\/i0.wp.com\\\/afogadosfm.com.br\\\/afogadosfm\\\/wp-content\\\/uploads\\\/2019\\\/02\\\/chuva.jpg?fit=269%2C178&ssl=1\",\"width\":269,\"height\":178},{\"@type\":\"BreadcrumbList\",\"@id\":\"https:\\\/\\\/afogadosfm.com.br\\\/afogadosfm\\\/2025\\\/04\\\/30\\\/quatro-das-cinco-regioes-do-pais-vao-encarar-chuvas-e-tempestades-nesta-quarta-feira-30\\\/#breadcrumb\",\"itemListElement\":[{\"@type\":\"ListItem\",\"position\":1,\"name\":\"In\u00edcio\",\"item\":\"https:\\\/\\\/afogadosfm.com.br\\\/afogadosfm\\\/\"},{\"@type\":\"ListItem\",\"position\":2,\"name\":\"Quatro das cinco regi\u00f5es do Pa\u00eds v\u00e3o encarar chuvas e tempestades nesta quarta-feira (30)\"}]},{\"@type\":\"WebSite\",\"@id\":\"https:\\\/\\\/afogadosfm.com.br\\\/afogadosfm\\\/#website\",\"url\":\"https:\\\/\\\/afogadosfm.com.br\\\/afogadosfm\\\/\",\"name\":\"Afogados FM\",\"description\":\"Um site completo!\",\"publisher\":{\"@id\":\"https:\\\/\\\/afogadosfm.com.br\\\/afogadosfm\\\/#organization\"},\"potentialAction\":[{\"@type\":\"SearchAction\",\"target\":{\"@type\":\"EntryPoint\",\"urlTemplate\":\"https:\\\/\\\/afogadosfm.com.br\\\/afogadosfm\\\/?s={search_term_string}\"},\"query-input\":{\"@type\":\"PropertyValueSpecification\",\"valueRequired\":true,\"valueName\":\"search_term_string\"}}],\"inLanguage\":\"pt-BR\"},{\"@type\":\"Organization\",\"@id\":\"https:\\\/\\\/afogadosfm.com.br\\\/afogadosfm\\\/#organization\",\"name\":\"Afogados FM\",\"url\":\"https:\\\/\\\/afogadosfm.com.br\\\/afogadosfm\\\/\",\"logo\":{\"@type\":\"ImageObject\",\"inLanguage\":\"pt-BR\",\"@id\":\"https:\\\/\\\/afogadosfm.com.br\\\/afogadosfm\\\/#\\\/schema\\\/logo\\\/image\\\/\",\"url\":\"https:\\\/\\\/i0.wp.com\\\/afogadosfm.com.br\\\/afogadosfm\\\/wp-content\\\/uploads\\\/2020\\\/06\\\/cropped-banner-afogados-4.jpg?fit=369%2C137&ssl=1\",\"contentUrl\":\"https:\\\/\\\/i0.wp.com\\\/afogadosfm.com.br\\\/afogadosfm\\\/wp-content\\\/uploads\\\/2020\\\/06\\\/cropped-banner-afogados-4.jpg?fit=369%2C137&ssl=1\",\"width\":369,\"height\":137,\"caption\":\"Afogados FM\"},\"image\":{\"@id\":\"https:\\\/\\\/afogadosfm.com.br\\\/afogadosfm\\\/#\\\/schema\\\/logo\\\/image\\\/\"}},{\"@type\":\"Person\",\"@id\":\"https:\\\/\\\/afogadosfm.com.br\\\/afogadosfm\\\/#\\\/schema\\\/person\\\/60e56f2cf5dc960fc093fe093d9e9057\",\"name\":\"afogadosfm\",\"image\":{\"@type\":\"ImageObject\",\"inLanguage\":\"pt-BR\",\"@id\":\"https:\\\/\\\/secure.gravatar.com\\\/avatar\\\/e0359add7ed5dc3560906d861b52c6a8cf5c1e199d3a7dd85070998f49bd4701?s=96&d=mm&r=g\",\"url\":\"https:\\\/\\\/secure.gravatar.com\\\/avatar\\\/e0359add7ed5dc3560906d861b52c6a8cf5c1e199d3a7dd85070998f49bd4701?s=96&d=mm&r=g\",\"contentUrl\":\"https:\\\/\\\/secure.gravatar.com\\\/avatar\\\/e0359add7ed5dc3560906d861b52c6a8cf5c1e199d3a7dd85070998f49bd4701?s=96&d=mm&r=g\",\"caption\":\"afogadosfm\"},\"url\":\"https:\\\/\\\/afogadosfm.com.br\\\/afogadosfm\\\/author\\\/afogadosfm\\\/\"}]}<\/script>\n<!-- \/ Yoast SEO plugin. -->","yoast_head_json":{"title":"Quatro das cinco regi\u00f5es do Pa\u00eds v\u00e3o encarar chuvas e tempestades nesta quarta-feira (30) - Afogados FM","robots":{"index":"index","follow":"follow","max-snippet":"max-snippet:-1","max-image-preview":"max-image-preview:large","max-video-preview":"max-video-preview:-1"},"canonical":"https:\/\/afogadosfm.com.br\/afogadosfm\/2025\/04\/30\/quatro-das-cinco-regioes-do-pais-vao-encarar-chuvas-e-tempestades-nesta-quarta-feira-30\/","og_locale":"pt_BR","og_type":"article","og_title":"Quatro das cinco regi\u00f5es do Pa\u00eds v\u00e3o encarar chuvas e tempestades nesta quarta-feira (30) - Afogados FM","og_description":"A previs\u00e3o do tempo para esta quarta-feira (30), mostra que chuvas e tempestades v\u00e3o atingir quatro regi\u00f5es do Brasil. Segundo","og_url":"https:\/\/afogadosfm.com.br\/afogadosfm\/2025\/04\/30\/quatro-das-cinco-regioes-do-pais-vao-encarar-chuvas-e-tempestades-nesta-quarta-feira-30\/","og_site_name":"Afogados FM","article_published_time":"2025-04-30T09:30:29+00:00","article_modified_time":"2025-04-30T09:30:30+00:00","og_image":[{"width":269,"height":178,"url":"https:\/\/afogadosfm.com.br\/afogadosfm\/wp-content\/uploads\/2019\/02\/chuva.jpg","type":"image\/jpeg"}],"author":"afogadosfm","twitter_card":"summary_large_image","twitter_misc":{"Escrito por":"afogadosfm","Est. tempo de leitura":"2 minutos"},"schema":{"@context":"https:\/\/schema.org","@graph":[{"@type":"Article","@id":"https:\/\/afogadosfm.com.br\/afogadosfm\/2025\/04\/30\/quatro-das-cinco-regioes-do-pais-vao-encarar-chuvas-e-tempestades-nesta-quarta-feira-30\/#article","isPartOf":{"@id":"https:\/\/afogadosfm.com.br\/afogadosfm\/2025\/04\/30\/quatro-das-cinco-regioes-do-pais-vao-encarar-chuvas-e-tempestades-nesta-quarta-feira-30\/"},"author":{"name":"afogadosfm","@id":"https:\/\/afogadosfm.com.br\/afogadosfm\/#\/schema\/person\/60e56f2cf5dc960fc093fe093d9e9057"},"headline":"Quatro das cinco regi\u00f5es do Pa\u00eds v\u00e3o encarar chuvas e tempestades nesta quarta-feira (30)","datePublished":"2025-04-30T09:30:29+00:00","dateModified":"2025-04-30T09:30:30+00:00","mainEntityOfPage":{"@id":"https:\/\/afogadosfm.com.br\/afogadosfm\/2025\/04\/30\/quatro-das-cinco-regioes-do-pais-vao-encarar-chuvas-e-tempestades-nesta-quarta-feira-30\/"},"wordCount":302,"commentCount":0,"publisher":{"@id":"https:\/\/afogadosfm.com.br\/afogadosfm\/#organization"},"image":{"@id":"https:\/\/afogadosfm.com.br\/afogadosfm\/2025\/04\/30\/quatro-das-cinco-regioes-do-pais-vao-encarar-chuvas-e-tempestades-nesta-quarta-feira-30\/#primaryimage"},"thumbnailUrl":"https:\/\/i0.wp.com\/afogadosfm.com.br\/afogadosfm\/wp-content\/uploads\/2019\/02\/chuva.jpg?fit=269%2C178&ssl=1","articleSection":["Brasil"],"inLanguage":"pt-BR","potentialAction":[{"@type":"CommentAction","name":"Comment","target":["https:\/\/afogadosfm.com.br\/afogadosfm\/2025\/04\/30\/quatro-das-cinco-regioes-do-pais-vao-encarar-chuvas-e-tempestades-nesta-quarta-feira-30\/#respond"]}]},{"@type":"WebPage","@id":"https:\/\/afogadosfm.com.br\/afogadosfm\/2025\/04\/30\/quatro-das-cinco-regioes-do-pais-vao-encarar-chuvas-e-tempestades-nesta-quarta-feira-30\/","url":"https:\/\/afogadosfm.com.br\/afogadosfm\/2025\/04\/30\/quatro-das-cinco-regioes-do-pais-vao-encarar-chuvas-e-tempestades-nesta-quarta-feira-30\/","name":"Quatro das cinco regi\u00f5es do Pa\u00eds v\u00e3o encarar chuvas e tempestades nesta quarta-feira (30) - Afogados FM","isPartOf":{"@id":"https:\/\/afogadosfm.com.br\/afogadosfm\/#website"},"primaryImageOfPage":{"@id":"https:\/\/afogadosfm.com.br\/afogadosfm\/2025\/04\/30\/quatro-das-cinco-regioes-do-pais-vao-encarar-chuvas-e-tempestades-nesta-quarta-feira-30\/#primaryimage"},"image":{"@id":"https:\/\/afogadosfm.com.br\/afogadosfm\/2025\/04\/30\/quatro-das-cinco-regioes-do-pais-vao-encarar-chuvas-e-tempestades-nesta-quarta-feira-30\/#primaryimage"},"thumbnailUrl":"https:\/\/i0.wp.com\/afogadosfm.com.br\/afogadosfm\/wp-content\/uploads\/2019\/02\/chuva.jpg?fit=269%2C178&ssl=1","datePublished":"2025-04-30T09:30:29+00:00","dateModified":"2025-04-30T09:30:30+00:00","breadcrumb":{"@id":"https:\/\/afogadosfm.com.br\/afogadosfm\/2025\/04\/30\/quatro-das-cinco-regioes-do-pais-vao-encarar-chuvas-e-tempestades-nesta-quarta-feira-30\/#breadcrumb"},"inLanguage":"pt-BR","potentialAction":[{"@type":"ReadAction","target":["https:\/\/afogadosfm.com.br\/afogadosfm\/2025\/04\/30\/quatro-das-cinco-regioes-do-pais-vao-encarar-chuvas-e-tempestades-nesta-quarta-feira-30\/"]}]},{"@type":"ImageObject","inLanguage":"pt-BR","@id":"https:\/\/afogadosfm.com.br\/afogadosfm\/2025\/04\/30\/quatro-das-cinco-regioes-do-pais-vao-encarar-chuvas-e-tempestades-nesta-quarta-feira-30\/#primaryimage","url":"https:\/\/i0.wp.com\/afogadosfm.com.br\/afogadosfm\/wp-content\/uploads\/2019\/02\/chuva.jpg?fit=269%2C178&ssl=1","contentUrl":"https:\/\/i0.wp.com\/afogadosfm.com.br\/afogadosfm\/wp-content\/uploads\/2019\/02\/chuva.jpg?fit=269%2C178&ssl=1","width":269,"height":178},{"@type":"BreadcrumbList","@id":"https:\/\/afogadosfm.com.br\/afogadosfm\/2025\/04\/30\/quatro-das-cinco-regioes-do-pais-vao-encarar-chuvas-e-tempestades-nesta-quarta-feira-30\/#breadcrumb","itemListElement":[{"@type":"ListItem","position":1,"name":"In\u00edcio","item":"https:\/\/afogadosfm.com.br\/afogadosfm\/"},{"@type":"ListItem","position":2,"name":"Quatro das cinco regi\u00f5es do Pa\u00eds v\u00e3o encarar chuvas e tempestades nesta quarta-feira (30)"}]},{"@type":"WebSite","@id":"https:\/\/afogadosfm.com.br\/afogadosfm\/#website","url":"https:\/\/afogadosfm.com.br\/afogadosfm\/","name":"Afogados FM","description":"Um site completo!","publisher":{"@id":"https:\/\/afogadosfm.com.br\/afogadosfm\/#organization"},"potentialAction":[{"@type":"SearchAction","target":{"@type":"EntryPoint","urlTemplate":"https:\/\/afogadosfm.com.br\/afogadosfm\/?s={search_term_string}"},"query-input":{"@type":"PropertyValueSpecification","valueRequired":true,"valueName":"search_term_string"}}],"inLanguage":"pt-BR"},{"@type":"Organization","@id":"https:\/\/afogadosfm.com.br\/afogadosfm\/#organization","name":"Afogados FM","url":"https:\/\/afogadosfm.com.br\/afogadosfm\/","logo":{"@type":"ImageObject","inLanguage":"pt-BR","@id":"https:\/\/afogadosfm.com.br\/afogadosfm\/#\/schema\/logo\/image\/","url":"https:\/\/i0.wp.com\/afogadosfm.com.br\/afogadosfm\/wp-content\/uploads\/2020\/06\/cropped-banner-afogados-4.jpg?fit=369%2C137&ssl=1","contentUrl":"https:\/\/i0.wp.com\/afogadosfm.com.br\/afogadosfm\/wp-content\/uploads\/2020\/06\/cropped-banner-afogados-4.jpg?fit=369%2C137&ssl=1","width":369,"height":137,"caption":"Afogados FM"},"image":{"@id":"https:\/\/afogadosfm.com.br\/afogadosfm\/#\/schema\/logo\/image\/"}},{"@type":"Person","@id":"https:\/\/afogadosfm.com.br\/afogadosfm\/#\/schema\/person\/60e56f2cf5dc960fc093fe093d9e9057","name":"afogadosfm","image":{"@type":"ImageObject","inLanguage":"pt-BR","@id":"https:\/\/secure.gravatar.com\/avatar\/e0359add7ed5dc3560906d861b52c6a8cf5c1e199d3a7dd85070998f49bd4701?s=96&d=mm&r=g","url":"https:\/\/secure.gravatar.com\/avatar\/e0359add7ed5dc3560906d861b52c6a8cf5c1e199d3a7dd85070998f49bd4701?s=96&d=mm&r=g","contentUrl":"https:\/\/secure.gravatar.com\/avatar\/e0359add7ed5dc3560906d861b52c6a8cf5c1e199d3a7dd85070998f49bd4701?s=96&d=mm&r=g","caption":"afogadosfm"},"url":"https:\/\/afogadosfm.com.br\/afogadosfm\/author\/afogadosfm\/"}]}},"jetpack_publicize_connections":[],"jetpack_featured_media_url":"https:\/\/i0.wp.com\/afogadosfm.com.br\/afogadosfm\/wp-content\/uploads\/2019\/02\/chuva.jpg?fit=269%2C178&ssl=1","jetpack-related-posts":[],"jetpack_sharing_enabled":true,"jetpack_likes_enabled":true,"_links":{"self":[{"href":"https:\/\/afogadosfm.com.br\/afogadosfm\/wp-json\/wp\/v2\/posts\/65406","targetHints":{"allow":["GET"]}}],"collection":[{"href":"https:\/\/afogadosfm.com.br\/afogadosfm\/wp-json\/wp\/v2\/posts"}],"about":[{"href":"https:\/\/afogadosfm.com.br\/afogadosfm\/wp-json\/wp\/v2\/types\/post"}],"author":[{"embeddable":true,"href":"https:\/\/afogadosfm.com.br\/afogadosfm\/wp-json\/wp\/v2\/users\/2"}],"replies":[{"embeddable":true,"href":"https:\/\/afogadosfm.com.br\/afogadosfm\/wp-json\/wp\/v2\/comments?post=65406"}],"version-history":[{"count":1,"href":"https:\/\/afogadosfm.com.br\/afogadosfm\/wp-json\/wp\/v2\/posts\/65406\/revisions"}],"predecessor-version":[{"id":65407,"href":"https:\/\/afogadosfm.com.br\/afogadosfm\/wp-json\/wp\/v2\/posts\/65406\/revisions\/65407"}],"wp:featuredmedia":[{"embeddable":true,"href":"https:\/\/afogadosfm.com.br\/afogadosfm\/wp-json\/wp\/v2\/media\/8877"}],"wp:attachment":[{"href":"https:\/\/afogadosfm.com.br\/afogadosfm\/wp-json\/wp\/v2\/media?parent=65406"}],"wp:term":[{"taxonomy":"category","embeddable":true,"href":"https:\/\/afogadosfm.com.br\/afogadosfm\/wp-json\/wp\/v2\/categories?post=65406"},{"taxonomy":"post_tag","embeddable":true,"href":"https:\/\/afogadosfm.com.br\/afogadosfm\/wp-json\/wp\/v2\/tags?post=65406"}],"curies":[{"name":"wp","href":"https:\/\/api.w.org\/{rel}","templated":true}]}}