{"id":65408,"date":"2025-04-30T06:45:28","date_gmt":"2025-04-30T09:45:28","guid":{"rendered":"https:\/\/afogadosfm.com.br\/afogadosfm\/?p=65408"},"modified":"2025-04-30T06:45:29","modified_gmt":"2025-04-30T09:45:29","slug":"23o-bpm-recupera-veiculo-furtado-em-afogados-da-ingazeira-2","status":"publish","type":"post","link":"https:\/\/afogadosfm.com.br\/afogadosfm\/2025\/04\/30\/23o-bpm-recupera-veiculo-furtado-em-afogados-da-ingazeira-2\/","title":{"rendered":"23\u00ba BPM recupera ve\u00edculo furtado em Afogados da Ingazeira"},"content":{"rendered":"\n<p>O efetivo do 23\u00ba BPM, quando de servi\u00e7o, ap\u00f3s levantamento realizado pelo efetivo da intelig\u00eancia (Malhas da Lei e NI-20), o policiamento em a\u00e7\u00e3o conjunta com a equipe da pol\u00edcia civil, diligenciou at\u00e9 a Rodovia PE 320 &#8211; na altura do Povoado da Nova Bras\u00edlia, Zona Rural, Afogados da Ingazeira-PE, pois os imputados, estariam \u00e0s margens do referido endere\u00e7o citado, de posse de um ve\u00edculo, o qual, em tese, fora furtado pelos acusados, crime ocorrido em via p\u00fablica, na Rua do Paje\u00fa, tendo como v\u00edtima, a pessoa de J. P..<\/p>\n\n\n\n<p>Chegando ao local indicado, o policiamento flagrou e deu voz de pris\u00e3o a um homem e uma mulher, que estavam ao lado do autom\u00f3vel FIAT\/ P\u00c1LIO EL, cor verde, ano 1996, placa JEM-2948\/PE, o qual, na ocasi\u00e3o, foi devidamente apreendido e recuperado. O imputado 03, foi acompanhado e detido quando seguia a p\u00e9 pela Rodovia 320 &#8211; sentido o posto de combust\u00edvel Alves, pois estaria seguindo no intuito de comprar combust\u00edvel para o ve\u00edculo, onde tinha dado uma pane devido \u00e0 falta de gasolina.<\/p>\n\n\n\n<p>Os imputados, apresentaram ao policiamento uma chave de uma motocicleta, alegando que as portas do carro estavam destravadas no momento do furto e, que funcionou no ve\u00edculo com a chave em tela.<\/p>\n\n\n\n<p>Na sede da delegacia, a v\u00edtima relatou \u00e0s equipes policiais, que no interior do ve\u00edculo antes do furto, teria dois rolos de fio de cobre e um pneu de estepe, os quais n\u00e3o se encontravam mais no momento da recupera\u00e7\u00e3o do autom\u00f3vel.<\/p>\n\n\n\n<p>Diante dos fatos, a ocorr\u00eancia foi apresentada na delegacia de pol\u00edcia civil na cidade de Afogados da Ingazeira, juntamente com o autom\u00f3vel recuperado.<\/p>\n","protected":false},"excerpt":{"rendered":"<p>O efetivo do 23\u00ba BPM, quando de servi\u00e7o, ap\u00f3s levantamento realizado pelo efetivo da intelig\u00eancia (Malhas da Lei e NI-20),<\/p>\n","protected":false},"author":2,"featured_media":33834,"comment_status":"open","ping_status":"open","sticky":false,"template":"","format":"standard","meta":{"jetpack_post_was_ever_published":false,"_jetpack_newsletter_access":"","_jetpack_dont_email_post_to_subs":false,"_jetpack_newsletter_tier_id":0,"_jetpack_memberships_contains_paywalled_content":false,"_jetpack_memberships_contains_paid_content":false,"footnotes":"","jetpack_publicize_message":"","jetpack_publicize_feature_enabled":true,"jetpack_social_post_already_shared":true,"jetpack_social_options":{"image_generator_settings":{"template":"highway","default_image_id":0,"font":"","enabled":false},"version":2}},"categories":[14],"tags":[],"class_list":["post-65408","post","type-post","status-publish","format-standard","has-post-thumbnail","hentry","category-afogados-da-ingazeira"],"yoast_head":"<!-- This site is optimized with the Yoast SEO plugin v27.5 - https:\/\/yoast.com\/product\/yoast-seo-wordpress\/ -->\n<title>23\u00ba BPM recupera ve\u00edculo furtado em Afogados da Ingazeira - Afogados FM<\/title>\n<meta name=\"robots\" content=\"index, follow, max-snippet:-1, max-image-preview:large, max-video-preview:-1\" \/>\n<link rel=\"canonical\" href=\"https:\/\/afogadosfm.com.br\/afogadosfm\/2025\/04\/30\/23o-bpm-recupera-veiculo-furtado-em-afogados-da-ingazeira-2\/\" \/>\n<meta property=\"og:locale\" content=\"pt_BR\" \/>\n<meta property=\"og:type\" content=\"article\" \/>\n<meta property=\"og:title\" content=\"23\u00ba BPM recupera ve\u00edculo furtado em Afogados da Ingazeira - Afogados FM\" \/>\n<meta property=\"og:description\" content=\"O efetivo do 23\u00ba BPM, quando de servi\u00e7o, ap\u00f3s levantamento realizado pelo efetivo da intelig\u00eancia (Malhas da Lei e NI-20),\" \/>\n<meta property=\"og:url\" content=\"https:\/\/afogadosfm.com.br\/afogadosfm\/2025\/04\/30\/23o-bpm-recupera-veiculo-furtado-em-afogados-da-ingazeira-2\/\" \/>\n<meta property=\"og:site_name\" content=\"Afogados FM\" \/>\n<meta property=\"article:published_time\" content=\"2025-04-30T09:45:28+00:00\" \/>\n<meta property=\"article:modified_time\" content=\"2025-04-30T09:45:29+00:00\" \/>\n<meta property=\"og:image\" content=\"https:\/\/afogadosfm.com.br\/afogadosfm\/wp-content\/uploads\/2022\/01\/23bpm.jpg\" \/>\n\t<meta property=\"og:image:width\" content=\"198\" \/>\n\t<meta property=\"og:image:height\" content=\"220\" \/>\n\t<meta property=\"og:image:type\" content=\"image\/jpeg\" \/>\n<meta name=\"author\" content=\"afogadosfm\" \/>\n<meta name=\"twitter:card\" content=\"summary_large_image\" \/>\n<meta name=\"twitter:label1\" content=\"Escrito por\" \/>\n\t<meta name=\"twitter:data1\" content=\"afogadosfm\" \/>\n\t<meta name=\"twitter:label2\" content=\"Est. tempo de leitura\" \/>\n\t<meta name=\"twitter:data2\" content=\"2 minutos\" \/>\n<script type=\"application\/ld+json\" class=\"yoast-schema-graph\">{\"@context\":\"https:\\\/\\\/schema.org\",\"@graph\":[{\"@type\":\"Article\",\"@id\":\"https:\\\/\\\/afogadosfm.com.br\\\/afogadosfm\\\/2025\\\/04\\\/30\\\/23o-bpm-recupera-veiculo-furtado-em-afogados-da-ingazeira-2\\\/#article\",\"isPartOf\":{\"@id\":\"https:\\\/\\\/afogadosfm.com.br\\\/afogadosfm\\\/2025\\\/04\\\/30\\\/23o-bpm-recupera-veiculo-furtado-em-afogados-da-ingazeira-2\\\/\"},\"author\":{\"name\":\"afogadosfm\",\"@id\":\"https:\\\/\\\/afogadosfm.com.br\\\/afogadosfm\\\/#\\\/schema\\\/person\\\/60e56f2cf5dc960fc093fe093d9e9057\"},\"headline\":\"23\u00ba BPM recupera ve\u00edculo furtado em Afogados da Ingazeira\",\"datePublished\":\"2025-04-30T09:45:28+00:00\",\"dateModified\":\"2025-04-30T09:45:29+00:00\",\"mainEntityOfPage\":{\"@id\":\"https:\\\/\\\/afogadosfm.com.br\\\/afogadosfm\\\/2025\\\/04\\\/30\\\/23o-bpm-recupera-veiculo-furtado-em-afogados-da-ingazeira-2\\\/\"},\"wordCount\":301,\"commentCount\":0,\"publisher\":{\"@id\":\"https:\\\/\\\/afogadosfm.com.br\\\/afogadosfm\\\/#organization\"},\"image\":{\"@id\":\"https:\\\/\\\/afogadosfm.com.br\\\/afogadosfm\\\/2025\\\/04\\\/30\\\/23o-bpm-recupera-veiculo-furtado-em-afogados-da-ingazeira-2\\\/#primaryimage\"},\"thumbnailUrl\":\"https:\\\/\\\/i0.wp.com\\\/afogadosfm.com.br\\\/afogadosfm\\\/wp-content\\\/uploads\\\/2022\\\/01\\\/23bpm.jpg?fit=198%2C220&ssl=1\",\"articleSection\":[\"Afogados da Ingazeira\"],\"inLanguage\":\"pt-BR\",\"potentialAction\":[{\"@type\":\"CommentAction\",\"name\":\"Comment\",\"target\":[\"https:\\\/\\\/afogadosfm.com.br\\\/afogadosfm\\\/2025\\\/04\\\/30\\\/23o-bpm-recupera-veiculo-furtado-em-afogados-da-ingazeira-2\\\/#respond\"]}]},{\"@type\":\"WebPage\",\"@id\":\"https:\\\/\\\/afogadosfm.com.br\\\/afogadosfm\\\/2025\\\/04\\\/30\\\/23o-bpm-recupera-veiculo-furtado-em-afogados-da-ingazeira-2\\\/\",\"url\":\"https:\\\/\\\/afogadosfm.com.br\\\/afogadosfm\\\/2025\\\/04\\\/30\\\/23o-bpm-recupera-veiculo-furtado-em-afogados-da-ingazeira-2\\\/\",\"name\":\"23\u00ba BPM recupera ve\u00edculo furtado em Afogados da Ingazeira - Afogados FM\",\"isPartOf\":{\"@id\":\"https:\\\/\\\/afogadosfm.com.br\\\/afogadosfm\\\/#website\"},\"primaryImageOfPage\":{\"@id\":\"https:\\\/\\\/afogadosfm.com.br\\\/afogadosfm\\\/2025\\\/04\\\/30\\\/23o-bpm-recupera-veiculo-furtado-em-afogados-da-ingazeira-2\\\/#primaryimage\"},\"image\":{\"@id\":\"https:\\\/\\\/afogadosfm.com.br\\\/afogadosfm\\\/2025\\\/04\\\/30\\\/23o-bpm-recupera-veiculo-furtado-em-afogados-da-ingazeira-2\\\/#primaryimage\"},\"thumbnailUrl\":\"https:\\\/\\\/i0.wp.com\\\/afogadosfm.com.br\\\/afogadosfm\\\/wp-content\\\/uploads\\\/2022\\\/01\\\/23bpm.jpg?fit=198%2C220&ssl=1\",\"datePublished\":\"2025-04-30T09:45:28+00:00\",\"dateModified\":\"2025-04-30T09:45:29+00:00\",\"breadcrumb\":{\"@id\":\"https:\\\/\\\/afogadosfm.com.br\\\/afogadosfm\\\/2025\\\/04\\\/30\\\/23o-bpm-recupera-veiculo-furtado-em-afogados-da-ingazeira-2\\\/#breadcrumb\"},\"inLanguage\":\"pt-BR\",\"potentialAction\":[{\"@type\":\"ReadAction\",\"target\":[\"https:\\\/\\\/afogadosfm.com.br\\\/afogadosfm\\\/2025\\\/04\\\/30\\\/23o-bpm-recupera-veiculo-furtado-em-afogados-da-ingazeira-2\\\/\"]}]},{\"@type\":\"ImageObject\",\"inLanguage\":\"pt-BR\",\"@id\":\"https:\\\/\\\/afogadosfm.com.br\\\/afogadosfm\\\/2025\\\/04\\\/30\\\/23o-bpm-recupera-veiculo-furtado-em-afogados-da-ingazeira-2\\\/#primaryimage\",\"url\":\"https:\\\/\\\/i0.wp.com\\\/afogadosfm.com.br\\\/afogadosfm\\\/wp-content\\\/uploads\\\/2022\\\/01\\\/23bpm.jpg?fit=198%2C220&ssl=1\",\"contentUrl\":\"https:\\\/\\\/i0.wp.com\\\/afogadosfm.com.br\\\/afogadosfm\\\/wp-content\\\/uploads\\\/2022\\\/01\\\/23bpm.jpg?fit=198%2C220&ssl=1\",\"width\":198,\"height\":220},{\"@type\":\"BreadcrumbList\",\"@id\":\"https:\\\/\\\/afogadosfm.com.br\\\/afogadosfm\\\/2025\\\/04\\\/30\\\/23o-bpm-recupera-veiculo-furtado-em-afogados-da-ingazeira-2\\\/#breadcrumb\",\"itemListElement\":[{\"@type\":\"ListItem\",\"position\":1,\"name\":\"In\u00edcio\",\"item\":\"https:\\\/\\\/afogadosfm.com.br\\\/afogadosfm\\\/\"},{\"@type\":\"ListItem\",\"position\":2,\"name\":\"23\u00ba BPM recupera ve\u00edculo furtado em Afogados da Ingazeira\"}]},{\"@type\":\"WebSite\",\"@id\":\"https:\\\/\\\/afogadosfm.com.br\\\/afogadosfm\\\/#website\",\"url\":\"https:\\\/\\\/afogadosfm.com.br\\\/afogadosfm\\\/\",\"name\":\"Afogados FM\",\"description\":\"Um site completo!\",\"publisher\":{\"@id\":\"https:\\\/\\\/afogadosfm.com.br\\\/afogadosfm\\\/#organization\"},\"potentialAction\":[{\"@type\":\"SearchAction\",\"target\":{\"@type\":\"EntryPoint\",\"urlTemplate\":\"https:\\\/\\\/afogadosfm.com.br\\\/afogadosfm\\\/?s={search_term_string}\"},\"query-input\":{\"@type\":\"PropertyValueSpecification\",\"valueRequired\":true,\"valueName\":\"search_term_string\"}}],\"inLanguage\":\"pt-BR\"},{\"@type\":\"Organization\",\"@id\":\"https:\\\/\\\/afogadosfm.com.br\\\/afogadosfm\\\/#organization\",\"name\":\"Afogados FM\",\"url\":\"https:\\\/\\\/afogadosfm.com.br\\\/afogadosfm\\\/\",\"logo\":{\"@type\":\"ImageObject\",\"inLanguage\":\"pt-BR\",\"@id\":\"https:\\\/\\\/afogadosfm.com.br\\\/afogadosfm\\\/#\\\/schema\\\/logo\\\/image\\\/\",\"url\":\"https:\\\/\\\/i0.wp.com\\\/afogadosfm.com.br\\\/afogadosfm\\\/wp-content\\\/uploads\\\/2020\\\/06\\\/cropped-banner-afogados-4.jpg?fit=369%2C137&ssl=1\",\"contentUrl\":\"https:\\\/\\\/i0.wp.com\\\/afogadosfm.com.br\\\/afogadosfm\\\/wp-content\\\/uploads\\\/2020\\\/06\\\/cropped-banner-afogados-4.jpg?fit=369%2C137&ssl=1\",\"width\":369,\"height\":137,\"caption\":\"Afogados FM\"},\"image\":{\"@id\":\"https:\\\/\\\/afogadosfm.com.br\\\/afogadosfm\\\/#\\\/schema\\\/logo\\\/image\\\/\"}},{\"@type\":\"Person\",\"@id\":\"https:\\\/\\\/afogadosfm.com.br\\\/afogadosfm\\\/#\\\/schema\\\/person\\\/60e56f2cf5dc960fc093fe093d9e9057\",\"name\":\"afogadosfm\",\"image\":{\"@type\":\"ImageObject\",\"inLanguage\":\"pt-BR\",\"@id\":\"https:\\\/\\\/secure.gravatar.com\\\/avatar\\\/e0359add7ed5dc3560906d861b52c6a8cf5c1e199d3a7dd85070998f49bd4701?s=96&d=mm&r=g\",\"url\":\"https:\\\/\\\/secure.gravatar.com\\\/avatar\\\/e0359add7ed5dc3560906d861b52c6a8cf5c1e199d3a7dd85070998f49bd4701?s=96&d=mm&r=g\",\"contentUrl\":\"https:\\\/\\\/secure.gravatar.com\\\/avatar\\\/e0359add7ed5dc3560906d861b52c6a8cf5c1e199d3a7dd85070998f49bd4701?s=96&d=mm&r=g\",\"caption\":\"afogadosfm\"},\"url\":\"https:\\\/\\\/afogadosfm.com.br\\\/afogadosfm\\\/author\\\/afogadosfm\\\/\"}]}<\/script>\n<!-- \/ Yoast SEO plugin. -->","yoast_head_json":{"title":"23\u00ba BPM recupera ve\u00edculo furtado em Afogados da Ingazeira - Afogados FM","robots":{"index":"index","follow":"follow","max-snippet":"max-snippet:-1","max-image-preview":"max-image-preview:large","max-video-preview":"max-video-preview:-1"},"canonical":"https:\/\/afogadosfm.com.br\/afogadosfm\/2025\/04\/30\/23o-bpm-recupera-veiculo-furtado-em-afogados-da-ingazeira-2\/","og_locale":"pt_BR","og_type":"article","og_title":"23\u00ba BPM recupera ve\u00edculo furtado em Afogados da Ingazeira - Afogados FM","og_description":"O efetivo do 23\u00ba BPM, quando de servi\u00e7o, ap\u00f3s levantamento realizado pelo efetivo da intelig\u00eancia (Malhas da Lei e NI-20),","og_url":"https:\/\/afogadosfm.com.br\/afogadosfm\/2025\/04\/30\/23o-bpm-recupera-veiculo-furtado-em-afogados-da-ingazeira-2\/","og_site_name":"Afogados FM","article_published_time":"2025-04-30T09:45:28+00:00","article_modified_time":"2025-04-30T09:45:29+00:00","og_image":[{"width":198,"height":220,"url":"https:\/\/afogadosfm.com.br\/afogadosfm\/wp-content\/uploads\/2022\/01\/23bpm.jpg","type":"image\/jpeg"}],"author":"afogadosfm","twitter_card":"summary_large_image","twitter_misc":{"Escrito por":"afogadosfm","Est. tempo de leitura":"2 minutos"},"schema":{"@context":"https:\/\/schema.org","@graph":[{"@type":"Article","@id":"https:\/\/afogadosfm.com.br\/afogadosfm\/2025\/04\/30\/23o-bpm-recupera-veiculo-furtado-em-afogados-da-ingazeira-2\/#article","isPartOf":{"@id":"https:\/\/afogadosfm.com.br\/afogadosfm\/2025\/04\/30\/23o-bpm-recupera-veiculo-furtado-em-afogados-da-ingazeira-2\/"},"author":{"name":"afogadosfm","@id":"https:\/\/afogadosfm.com.br\/afogadosfm\/#\/schema\/person\/60e56f2cf5dc960fc093fe093d9e9057"},"headline":"23\u00ba BPM recupera ve\u00edculo furtado em Afogados da Ingazeira","datePublished":"2025-04-30T09:45:28+00:00","dateModified":"2025-04-30T09:45:29+00:00","mainEntityOfPage":{"@id":"https:\/\/afogadosfm.com.br\/afogadosfm\/2025\/04\/30\/23o-bpm-recupera-veiculo-furtado-em-afogados-da-ingazeira-2\/"},"wordCount":301,"commentCount":0,"publisher":{"@id":"https:\/\/afogadosfm.com.br\/afogadosfm\/#organization"},"image":{"@id":"https:\/\/afogadosfm.com.br\/afogadosfm\/2025\/04\/30\/23o-bpm-recupera-veiculo-furtado-em-afogados-da-ingazeira-2\/#primaryimage"},"thumbnailUrl":"https:\/\/i0.wp.com\/afogadosfm.com.br\/afogadosfm\/wp-content\/uploads\/2022\/01\/23bpm.jpg?fit=198%2C220&ssl=1","articleSection":["Afogados da Ingazeira"],"inLanguage":"pt-BR","potentialAction":[{"@type":"CommentAction","name":"Comment","target":["https:\/\/afogadosfm.com.br\/afogadosfm\/2025\/04\/30\/23o-bpm-recupera-veiculo-furtado-em-afogados-da-ingazeira-2\/#respond"]}]},{"@type":"WebPage","@id":"https:\/\/afogadosfm.com.br\/afogadosfm\/2025\/04\/30\/23o-bpm-recupera-veiculo-furtado-em-afogados-da-ingazeira-2\/","url":"https:\/\/afogadosfm.com.br\/afogadosfm\/2025\/04\/30\/23o-bpm-recupera-veiculo-furtado-em-afogados-da-ingazeira-2\/","name":"23\u00ba BPM recupera ve\u00edculo furtado em Afogados da Ingazeira - Afogados FM","isPartOf":{"@id":"https:\/\/afogadosfm.com.br\/afogadosfm\/#website"},"primaryImageOfPage":{"@id":"https:\/\/afogadosfm.com.br\/afogadosfm\/2025\/04\/30\/23o-bpm-recupera-veiculo-furtado-em-afogados-da-ingazeira-2\/#primaryimage"},"image":{"@id":"https:\/\/afogadosfm.com.br\/afogadosfm\/2025\/04\/30\/23o-bpm-recupera-veiculo-furtado-em-afogados-da-ingazeira-2\/#primaryimage"},"thumbnailUrl":"https:\/\/i0.wp.com\/afogadosfm.com.br\/afogadosfm\/wp-content\/uploads\/2022\/01\/23bpm.jpg?fit=198%2C220&ssl=1","datePublished":"2025-04-30T09:45:28+00:00","dateModified":"2025-04-30T09:45:29+00:00","breadcrumb":{"@id":"https:\/\/afogadosfm.com.br\/afogadosfm\/2025\/04\/30\/23o-bpm-recupera-veiculo-furtado-em-afogados-da-ingazeira-2\/#breadcrumb"},"inLanguage":"pt-BR","potentialAction":[{"@type":"ReadAction","target":["https:\/\/afogadosfm.com.br\/afogadosfm\/2025\/04\/30\/23o-bpm-recupera-veiculo-furtado-em-afogados-da-ingazeira-2\/"]}]},{"@type":"ImageObject","inLanguage":"pt-BR","@id":"https:\/\/afogadosfm.com.br\/afogadosfm\/2025\/04\/30\/23o-bpm-recupera-veiculo-furtado-em-afogados-da-ingazeira-2\/#primaryimage","url":"https:\/\/i0.wp.com\/afogadosfm.com.br\/afogadosfm\/wp-content\/uploads\/2022\/01\/23bpm.jpg?fit=198%2C220&ssl=1","contentUrl":"https:\/\/i0.wp.com\/afogadosfm.com.br\/afogadosfm\/wp-content\/uploads\/2022\/01\/23bpm.jpg?fit=198%2C220&ssl=1","width":198,"height":220},{"@type":"BreadcrumbList","@id":"https:\/\/afogadosfm.com.br\/afogadosfm\/2025\/04\/30\/23o-bpm-recupera-veiculo-furtado-em-afogados-da-ingazeira-2\/#breadcrumb","itemListElement":[{"@type":"ListItem","position":1,"name":"In\u00edcio","item":"https:\/\/afogadosfm.com.br\/afogadosfm\/"},{"@type":"ListItem","position":2,"name":"23\u00ba BPM recupera ve\u00edculo furtado em Afogados da Ingazeira"}]},{"@type":"WebSite","@id":"https:\/\/afogadosfm.com.br\/afogadosfm\/#website","url":"https:\/\/afogadosfm.com.br\/afogadosfm\/","name":"Afogados FM","description":"Um site completo!","publisher":{"@id":"https:\/\/afogadosfm.com.br\/afogadosfm\/#organization"},"potentialAction":[{"@type":"SearchAction","target":{"@type":"EntryPoint","urlTemplate":"https:\/\/afogadosfm.com.br\/afogadosfm\/?s={search_term_string}"},"query-input":{"@type":"PropertyValueSpecification","valueRequired":true,"valueName":"search_term_string"}}],"inLanguage":"pt-BR"},{"@type":"Organization","@id":"https:\/\/afogadosfm.com.br\/afogadosfm\/#organization","name":"Afogados FM","url":"https:\/\/afogadosfm.com.br\/afogadosfm\/","logo":{"@type":"ImageObject","inLanguage":"pt-BR","@id":"https:\/\/afogadosfm.com.br\/afogadosfm\/#\/schema\/logo\/image\/","url":"https:\/\/i0.wp.com\/afogadosfm.com.br\/afogadosfm\/wp-content\/uploads\/2020\/06\/cropped-banner-afogados-4.jpg?fit=369%2C137&ssl=1","contentUrl":"https:\/\/i0.wp.com\/afogadosfm.com.br\/afogadosfm\/wp-content\/uploads\/2020\/06\/cropped-banner-afogados-4.jpg?fit=369%2C137&ssl=1","width":369,"height":137,"caption":"Afogados FM"},"image":{"@id":"https:\/\/afogadosfm.com.br\/afogadosfm\/#\/schema\/logo\/image\/"}},{"@type":"Person","@id":"https:\/\/afogadosfm.com.br\/afogadosfm\/#\/schema\/person\/60e56f2cf5dc960fc093fe093d9e9057","name":"afogadosfm","image":{"@type":"ImageObject","inLanguage":"pt-BR","@id":"https:\/\/secure.gravatar.com\/avatar\/e0359add7ed5dc3560906d861b52c6a8cf5c1e199d3a7dd85070998f49bd4701?s=96&d=mm&r=g","url":"https:\/\/secure.gravatar.com\/avatar\/e0359add7ed5dc3560906d861b52c6a8cf5c1e199d3a7dd85070998f49bd4701?s=96&d=mm&r=g","contentUrl":"https:\/\/secure.gravatar.com\/avatar\/e0359add7ed5dc3560906d861b52c6a8cf5c1e199d3a7dd85070998f49bd4701?s=96&d=mm&r=g","caption":"afogadosfm"},"url":"https:\/\/afogadosfm.com.br\/afogadosfm\/author\/afogadosfm\/"}]}},"jetpack_publicize_connections":[],"jetpack_featured_media_url":"https:\/\/i0.wp.com\/afogadosfm.com.br\/afogadosfm\/wp-content\/uploads\/2022\/01\/23bpm.jpg?fit=198%2C220&ssl=1","jetpack-related-posts":[],"jetpack_sharing_enabled":true,"jetpack_likes_enabled":true,"_links":{"self":[{"href":"https:\/\/afogadosfm.com.br\/afogadosfm\/wp-json\/wp\/v2\/posts\/65408","targetHints":{"allow":["GET"]}}],"collection":[{"href":"https:\/\/afogadosfm.com.br\/afogadosfm\/wp-json\/wp\/v2\/posts"}],"about":[{"href":"https:\/\/afogadosfm.com.br\/afogadosfm\/wp-json\/wp\/v2\/types\/post"}],"author":[{"embeddable":true,"href":"https:\/\/afogadosfm.com.br\/afogadosfm\/wp-json\/wp\/v2\/users\/2"}],"replies":[{"embeddable":true,"href":"https:\/\/afogadosfm.com.br\/afogadosfm\/wp-json\/wp\/v2\/comments?post=65408"}],"version-history":[{"count":1,"href":"https:\/\/afogadosfm.com.br\/afogadosfm\/wp-json\/wp\/v2\/posts\/65408\/revisions"}],"predecessor-version":[{"id":65409,"href":"https:\/\/afogadosfm.com.br\/afogadosfm\/wp-json\/wp\/v2\/posts\/65408\/revisions\/65409"}],"wp:featuredmedia":[{"embeddable":true,"href":"https:\/\/afogadosfm.com.br\/afogadosfm\/wp-json\/wp\/v2\/media\/33834"}],"wp:attachment":[{"href":"https:\/\/afogadosfm.com.br\/afogadosfm\/wp-json\/wp\/v2\/media?parent=65408"}],"wp:term":[{"taxonomy":"category","embeddable":true,"href":"https:\/\/afogadosfm.com.br\/afogadosfm\/wp-json\/wp\/v2\/categories?post=65408"},{"taxonomy":"post_tag","embeddable":true,"href":"https:\/\/afogadosfm.com.br\/afogadosfm\/wp-json\/wp\/v2\/tags?post=65408"}],"curies":[{"name":"wp","href":"https:\/\/api.w.org\/{rel}","templated":true}]}}