{"id":65416,"date":"2025-05-01T05:54:44","date_gmt":"2025-05-01T08:54:44","guid":{"rendered":"https:\/\/afogadosfm.com.br\/afogadosfm\/?p=65416"},"modified":"2025-05-01T05:54:45","modified_gmt":"2025-05-01T08:54:45","slug":"conta-de-luz-fica-mais-cara-a-partir-desta-quinta-feira","status":"publish","type":"post","link":"https:\/\/afogadosfm.com.br\/afogadosfm\/2025\/05\/01\/conta-de-luz-fica-mais-cara-a-partir-desta-quinta-feira\/","title":{"rendered":"Conta de luz fica mais cara a partir desta quinta-feira"},"content":{"rendered":"\n<p>A bandeira tarif\u00e1ria amarela, com custo adicional na conta de luz, vai entrar em vigor a partir desta quinta-feira (1\u00ba). A medida, autorizada pela Ag\u00eancia Nacional de Energia El\u00e9trica (Aneel) para este m\u00eas, prev\u00ea um acr\u00e9scimo de R$ 1,885 a cada 100 quilowatts\/hora (kWh) consumidos.<\/p>\n\n\n\n<p>O motivo \u00e9 a redu\u00e7\u00e3o das chuvas, resultado da transi\u00e7\u00e3o do per\u00edodo chuvoso para o per\u00edodo seco. Segundo a Aneel, as previs\u00f5es de chuvas e vaz\u00f5es nos reservat\u00f3rios para os pr\u00f3ximos meses est\u00e3o abaixo da m\u00e9dia.<\/p>\n\n\n\n<p>Desde dezembro de 2024, a bandeira tarif\u00e1ria permanecia verde, sem taxa adicional, refletindo condi\u00e7\u00f5es favor\u00e1veis de gera\u00e7\u00e3o de energia no pa\u00eds. O fim do per\u00edodo chuvoso piora a previs\u00e3o de gera\u00e7\u00e3o de energia hidroel\u00e9trica, o poder\u00e1 aumentar o uso de usinas termel\u00e9tricas, cuja energia possui custo mais elevado.<\/p>\n\n\n\n<p><strong>O que \u00e9 o sistema de bandeiras<\/strong><\/p>\n\n\n\n<p>Criado em 2015, o sistema de bandeiras tarif\u00e1rias indica aos consumidores os custos da gera\u00e7\u00e3o de energia no pa\u00eds, e visa atenuar os impactos nos or\u00e7amentos das distribuidoras de energia.<\/p>\n\n\n\n<p>Antes, o custo da energia em momentos de mais dificuldades para gera\u00e7\u00e3o era repassado \u00e0s tarifas apenas no reajuste anual de cada empresa, com incid\u00eancia de juros. No modelo atual, os recursos s\u00e3o cobrados e transferidos \u00e0s distribuidoras mensalmente por meio da \u201cconta Bandeiras\u201d.<\/p>\n\n\n\n<p><strong>Quais s\u00e3o as bandeiras<\/strong><\/p>\n\n\n\n<ul class=\"wp-block-list\">\n<li><strong>Verde<\/strong>\u00a0\u2013 N\u00e3o cobra taxa extra na conta de luz;<\/li>\n\n\n\n<li><strong>Amarela<\/strong>\u00a0\u2013 R$ 1,885 para cada 100 kWh consumidos;<\/li>\n\n\n\n<li><strong>Vermelha patamar 1<\/strong>\u00a0\u2013 R$ 4,465 por 100 KWh consumidos;<\/li>\n\n\n\n<li><strong>Vermelha patamar 2<\/strong>\u00a0\u2013 R$ 7,877 para cada 100 KWh consumidos.<\/li>\n<\/ul>\n","protected":false},"excerpt":{"rendered":"<p>A bandeira tarif\u00e1ria amarela, com custo adicional na conta de luz, vai entrar em vigor a partir desta quinta-feira (1\u00ba).<\/p>\n","protected":false},"author":2,"featured_media":1759,"comment_status":"open","ping_status":"open","sticky":false,"template":"","format":"standard","meta":{"jetpack_post_was_ever_published":false,"_jetpack_newsletter_access":"","_jetpack_dont_email_post_to_subs":false,"_jetpack_newsletter_tier_id":0,"_jetpack_memberships_contains_paywalled_content":false,"_jetpack_memberships_contains_paid_content":false,"footnotes":"","jetpack_publicize_message":"","jetpack_publicize_feature_enabled":true,"jetpack_social_post_already_shared":true,"jetpack_social_options":{"image_generator_settings":{"template":"highway","default_image_id":0,"font":"","enabled":false},"version":2}},"categories":[12],"tags":[],"class_list":["post-65416","post","type-post","status-publish","format-standard","has-post-thumbnail","hentry","category-brasil"],"yoast_head":"<!-- This site is optimized with the Yoast SEO plugin v27.5 - https:\/\/yoast.com\/product\/yoast-seo-wordpress\/ -->\n<title>Conta de luz fica mais cara a partir desta quinta-feira - Afogados FM<\/title>\n<meta name=\"robots\" content=\"index, follow, max-snippet:-1, max-image-preview:large, max-video-preview:-1\" \/>\n<link rel=\"canonical\" href=\"https:\/\/afogadosfm.com.br\/afogadosfm\/2025\/05\/01\/conta-de-luz-fica-mais-cara-a-partir-desta-quinta-feira\/\" \/>\n<meta property=\"og:locale\" content=\"pt_BR\" \/>\n<meta property=\"og:type\" content=\"article\" \/>\n<meta property=\"og:title\" content=\"Conta de luz fica mais cara a partir desta quinta-feira - Afogados FM\" \/>\n<meta property=\"og:description\" content=\"A bandeira tarif\u00e1ria amarela, com custo adicional na conta de luz, vai entrar em vigor a partir desta quinta-feira (1\u00ba).\" \/>\n<meta property=\"og:url\" content=\"https:\/\/afogadosfm.com.br\/afogadosfm\/2025\/05\/01\/conta-de-luz-fica-mais-cara-a-partir-desta-quinta-feira\/\" \/>\n<meta property=\"og:site_name\" content=\"Afogados FM\" \/>\n<meta property=\"article:published_time\" content=\"2025-05-01T08:54:44+00:00\" \/>\n<meta property=\"article:modified_time\" content=\"2025-05-01T08:54:45+00:00\" \/>\n<meta property=\"og:image\" content=\"https:\/\/afogadosfm.com.br\/afogadosfm\/wp-content\/uploads\/2018\/01\/Luz.jpg\" \/>\n\t<meta property=\"og:image:width\" content=\"283\" \/>\n\t<meta property=\"og:image:height\" content=\"178\" \/>\n\t<meta property=\"og:image:type\" content=\"image\/jpeg\" \/>\n<meta name=\"author\" content=\"afogadosfm\" \/>\n<meta name=\"twitter:card\" content=\"summary_large_image\" \/>\n<meta name=\"twitter:label1\" content=\"Escrito por\" \/>\n\t<meta name=\"twitter:data1\" content=\"afogadosfm\" \/>\n\t<meta name=\"twitter:label2\" content=\"Est. tempo de leitura\" \/>\n\t<meta name=\"twitter:data2\" content=\"2 minutos\" \/>\n<script type=\"application\/ld+json\" class=\"yoast-schema-graph\">{\"@context\":\"https:\\\/\\\/schema.org\",\"@graph\":[{\"@type\":\"Article\",\"@id\":\"https:\\\/\\\/afogadosfm.com.br\\\/afogadosfm\\\/2025\\\/05\\\/01\\\/conta-de-luz-fica-mais-cara-a-partir-desta-quinta-feira\\\/#article\",\"isPartOf\":{\"@id\":\"https:\\\/\\\/afogadosfm.com.br\\\/afogadosfm\\\/2025\\\/05\\\/01\\\/conta-de-luz-fica-mais-cara-a-partir-desta-quinta-feira\\\/\"},\"author\":{\"name\":\"afogadosfm\",\"@id\":\"https:\\\/\\\/afogadosfm.com.br\\\/afogadosfm\\\/#\\\/schema\\\/person\\\/60e56f2cf5dc960fc093fe093d9e9057\"},\"headline\":\"Conta de luz fica mais cara a partir desta quinta-feira\",\"datePublished\":\"2025-05-01T08:54:44+00:00\",\"dateModified\":\"2025-05-01T08:54:45+00:00\",\"mainEntityOfPage\":{\"@id\":\"https:\\\/\\\/afogadosfm.com.br\\\/afogadosfm\\\/2025\\\/05\\\/01\\\/conta-de-luz-fica-mais-cara-a-partir-desta-quinta-feira\\\/\"},\"wordCount\":280,\"commentCount\":0,\"publisher\":{\"@id\":\"https:\\\/\\\/afogadosfm.com.br\\\/afogadosfm\\\/#organization\"},\"image\":{\"@id\":\"https:\\\/\\\/afogadosfm.com.br\\\/afogadosfm\\\/2025\\\/05\\\/01\\\/conta-de-luz-fica-mais-cara-a-partir-desta-quinta-feira\\\/#primaryimage\"},\"thumbnailUrl\":\"https:\\\/\\\/i0.wp.com\\\/afogadosfm.com.br\\\/afogadosfm\\\/wp-content\\\/uploads\\\/2018\\\/01\\\/Luz.jpg?fit=283%2C178&ssl=1\",\"articleSection\":[\"Brasil\"],\"inLanguage\":\"pt-BR\",\"potentialAction\":[{\"@type\":\"CommentAction\",\"name\":\"Comment\",\"target\":[\"https:\\\/\\\/afogadosfm.com.br\\\/afogadosfm\\\/2025\\\/05\\\/01\\\/conta-de-luz-fica-mais-cara-a-partir-desta-quinta-feira\\\/#respond\"]}]},{\"@type\":\"WebPage\",\"@id\":\"https:\\\/\\\/afogadosfm.com.br\\\/afogadosfm\\\/2025\\\/05\\\/01\\\/conta-de-luz-fica-mais-cara-a-partir-desta-quinta-feira\\\/\",\"url\":\"https:\\\/\\\/afogadosfm.com.br\\\/afogadosfm\\\/2025\\\/05\\\/01\\\/conta-de-luz-fica-mais-cara-a-partir-desta-quinta-feira\\\/\",\"name\":\"Conta de luz fica mais cara a partir desta quinta-feira - Afogados FM\",\"isPartOf\":{\"@id\":\"https:\\\/\\\/afogadosfm.com.br\\\/afogadosfm\\\/#website\"},\"primaryImageOfPage\":{\"@id\":\"https:\\\/\\\/afogadosfm.com.br\\\/afogadosfm\\\/2025\\\/05\\\/01\\\/conta-de-luz-fica-mais-cara-a-partir-desta-quinta-feira\\\/#primaryimage\"},\"image\":{\"@id\":\"https:\\\/\\\/afogadosfm.com.br\\\/afogadosfm\\\/2025\\\/05\\\/01\\\/conta-de-luz-fica-mais-cara-a-partir-desta-quinta-feira\\\/#primaryimage\"},\"thumbnailUrl\":\"https:\\\/\\\/i0.wp.com\\\/afogadosfm.com.br\\\/afogadosfm\\\/wp-content\\\/uploads\\\/2018\\\/01\\\/Luz.jpg?fit=283%2C178&ssl=1\",\"datePublished\":\"2025-05-01T08:54:44+00:00\",\"dateModified\":\"2025-05-01T08:54:45+00:00\",\"breadcrumb\":{\"@id\":\"https:\\\/\\\/afogadosfm.com.br\\\/afogadosfm\\\/2025\\\/05\\\/01\\\/conta-de-luz-fica-mais-cara-a-partir-desta-quinta-feira\\\/#breadcrumb\"},\"inLanguage\":\"pt-BR\",\"potentialAction\":[{\"@type\":\"ReadAction\",\"target\":[\"https:\\\/\\\/afogadosfm.com.br\\\/afogadosfm\\\/2025\\\/05\\\/01\\\/conta-de-luz-fica-mais-cara-a-partir-desta-quinta-feira\\\/\"]}]},{\"@type\":\"ImageObject\",\"inLanguage\":\"pt-BR\",\"@id\":\"https:\\\/\\\/afogadosfm.com.br\\\/afogadosfm\\\/2025\\\/05\\\/01\\\/conta-de-luz-fica-mais-cara-a-partir-desta-quinta-feira\\\/#primaryimage\",\"url\":\"https:\\\/\\\/i0.wp.com\\\/afogadosfm.com.br\\\/afogadosfm\\\/wp-content\\\/uploads\\\/2018\\\/01\\\/Luz.jpg?fit=283%2C178&ssl=1\",\"contentUrl\":\"https:\\\/\\\/i0.wp.com\\\/afogadosfm.com.br\\\/afogadosfm\\\/wp-content\\\/uploads\\\/2018\\\/01\\\/Luz.jpg?fit=283%2C178&ssl=1\",\"width\":283,\"height\":178},{\"@type\":\"BreadcrumbList\",\"@id\":\"https:\\\/\\\/afogadosfm.com.br\\\/afogadosfm\\\/2025\\\/05\\\/01\\\/conta-de-luz-fica-mais-cara-a-partir-desta-quinta-feira\\\/#breadcrumb\",\"itemListElement\":[{\"@type\":\"ListItem\",\"position\":1,\"name\":\"In\u00edcio\",\"item\":\"https:\\\/\\\/afogadosfm.com.br\\\/afogadosfm\\\/\"},{\"@type\":\"ListItem\",\"position\":2,\"name\":\"Conta de luz fica mais cara a partir desta quinta-feira\"}]},{\"@type\":\"WebSite\",\"@id\":\"https:\\\/\\\/afogadosfm.com.br\\\/afogadosfm\\\/#website\",\"url\":\"https:\\\/\\\/afogadosfm.com.br\\\/afogadosfm\\\/\",\"name\":\"Afogados FM\",\"description\":\"Um site completo!\",\"publisher\":{\"@id\":\"https:\\\/\\\/afogadosfm.com.br\\\/afogadosfm\\\/#organization\"},\"potentialAction\":[{\"@type\":\"SearchAction\",\"target\":{\"@type\":\"EntryPoint\",\"urlTemplate\":\"https:\\\/\\\/afogadosfm.com.br\\\/afogadosfm\\\/?s={search_term_string}\"},\"query-input\":{\"@type\":\"PropertyValueSpecification\",\"valueRequired\":true,\"valueName\":\"search_term_string\"}}],\"inLanguage\":\"pt-BR\"},{\"@type\":\"Organization\",\"@id\":\"https:\\\/\\\/afogadosfm.com.br\\\/afogadosfm\\\/#organization\",\"name\":\"Afogados FM\",\"url\":\"https:\\\/\\\/afogadosfm.com.br\\\/afogadosfm\\\/\",\"logo\":{\"@type\":\"ImageObject\",\"inLanguage\":\"pt-BR\",\"@id\":\"https:\\\/\\\/afogadosfm.com.br\\\/afogadosfm\\\/#\\\/schema\\\/logo\\\/image\\\/\",\"url\":\"https:\\\/\\\/i0.wp.com\\\/afogadosfm.com.br\\\/afogadosfm\\\/wp-content\\\/uploads\\\/2020\\\/06\\\/cropped-banner-afogados-4.jpg?fit=369%2C137&ssl=1\",\"contentUrl\":\"https:\\\/\\\/i0.wp.com\\\/afogadosfm.com.br\\\/afogadosfm\\\/wp-content\\\/uploads\\\/2020\\\/06\\\/cropped-banner-afogados-4.jpg?fit=369%2C137&ssl=1\",\"width\":369,\"height\":137,\"caption\":\"Afogados FM\"},\"image\":{\"@id\":\"https:\\\/\\\/afogadosfm.com.br\\\/afogadosfm\\\/#\\\/schema\\\/logo\\\/image\\\/\"}},{\"@type\":\"Person\",\"@id\":\"https:\\\/\\\/afogadosfm.com.br\\\/afogadosfm\\\/#\\\/schema\\\/person\\\/60e56f2cf5dc960fc093fe093d9e9057\",\"name\":\"afogadosfm\",\"image\":{\"@type\":\"ImageObject\",\"inLanguage\":\"pt-BR\",\"@id\":\"https:\\\/\\\/secure.gravatar.com\\\/avatar\\\/e0359add7ed5dc3560906d861b52c6a8cf5c1e199d3a7dd85070998f49bd4701?s=96&d=mm&r=g\",\"url\":\"https:\\\/\\\/secure.gravatar.com\\\/avatar\\\/e0359add7ed5dc3560906d861b52c6a8cf5c1e199d3a7dd85070998f49bd4701?s=96&d=mm&r=g\",\"contentUrl\":\"https:\\\/\\\/secure.gravatar.com\\\/avatar\\\/e0359add7ed5dc3560906d861b52c6a8cf5c1e199d3a7dd85070998f49bd4701?s=96&d=mm&r=g\",\"caption\":\"afogadosfm\"},\"url\":\"https:\\\/\\\/afogadosfm.com.br\\\/afogadosfm\\\/author\\\/afogadosfm\\\/\"}]}<\/script>\n<!-- \/ Yoast SEO plugin. -->","yoast_head_json":{"title":"Conta de luz fica mais cara a partir desta quinta-feira - Afogados FM","robots":{"index":"index","follow":"follow","max-snippet":"max-snippet:-1","max-image-preview":"max-image-preview:large","max-video-preview":"max-video-preview:-1"},"canonical":"https:\/\/afogadosfm.com.br\/afogadosfm\/2025\/05\/01\/conta-de-luz-fica-mais-cara-a-partir-desta-quinta-feira\/","og_locale":"pt_BR","og_type":"article","og_title":"Conta de luz fica mais cara a partir desta quinta-feira - Afogados FM","og_description":"A bandeira tarif\u00e1ria amarela, com custo adicional na conta de luz, vai entrar em vigor a partir desta quinta-feira (1\u00ba).","og_url":"https:\/\/afogadosfm.com.br\/afogadosfm\/2025\/05\/01\/conta-de-luz-fica-mais-cara-a-partir-desta-quinta-feira\/","og_site_name":"Afogados FM","article_published_time":"2025-05-01T08:54:44+00:00","article_modified_time":"2025-05-01T08:54:45+00:00","og_image":[{"width":283,"height":178,"url":"https:\/\/afogadosfm.com.br\/afogadosfm\/wp-content\/uploads\/2018\/01\/Luz.jpg","type":"image\/jpeg"}],"author":"afogadosfm","twitter_card":"summary_large_image","twitter_misc":{"Escrito por":"afogadosfm","Est. tempo de leitura":"2 minutos"},"schema":{"@context":"https:\/\/schema.org","@graph":[{"@type":"Article","@id":"https:\/\/afogadosfm.com.br\/afogadosfm\/2025\/05\/01\/conta-de-luz-fica-mais-cara-a-partir-desta-quinta-feira\/#article","isPartOf":{"@id":"https:\/\/afogadosfm.com.br\/afogadosfm\/2025\/05\/01\/conta-de-luz-fica-mais-cara-a-partir-desta-quinta-feira\/"},"author":{"name":"afogadosfm","@id":"https:\/\/afogadosfm.com.br\/afogadosfm\/#\/schema\/person\/60e56f2cf5dc960fc093fe093d9e9057"},"headline":"Conta de luz fica mais cara a partir desta quinta-feira","datePublished":"2025-05-01T08:54:44+00:00","dateModified":"2025-05-01T08:54:45+00:00","mainEntityOfPage":{"@id":"https:\/\/afogadosfm.com.br\/afogadosfm\/2025\/05\/01\/conta-de-luz-fica-mais-cara-a-partir-desta-quinta-feira\/"},"wordCount":280,"commentCount":0,"publisher":{"@id":"https:\/\/afogadosfm.com.br\/afogadosfm\/#organization"},"image":{"@id":"https:\/\/afogadosfm.com.br\/afogadosfm\/2025\/05\/01\/conta-de-luz-fica-mais-cara-a-partir-desta-quinta-feira\/#primaryimage"},"thumbnailUrl":"https:\/\/i0.wp.com\/afogadosfm.com.br\/afogadosfm\/wp-content\/uploads\/2018\/01\/Luz.jpg?fit=283%2C178&ssl=1","articleSection":["Brasil"],"inLanguage":"pt-BR","potentialAction":[{"@type":"CommentAction","name":"Comment","target":["https:\/\/afogadosfm.com.br\/afogadosfm\/2025\/05\/01\/conta-de-luz-fica-mais-cara-a-partir-desta-quinta-feira\/#respond"]}]},{"@type":"WebPage","@id":"https:\/\/afogadosfm.com.br\/afogadosfm\/2025\/05\/01\/conta-de-luz-fica-mais-cara-a-partir-desta-quinta-feira\/","url":"https:\/\/afogadosfm.com.br\/afogadosfm\/2025\/05\/01\/conta-de-luz-fica-mais-cara-a-partir-desta-quinta-feira\/","name":"Conta de luz fica mais cara a partir desta quinta-feira - Afogados FM","isPartOf":{"@id":"https:\/\/afogadosfm.com.br\/afogadosfm\/#website"},"primaryImageOfPage":{"@id":"https:\/\/afogadosfm.com.br\/afogadosfm\/2025\/05\/01\/conta-de-luz-fica-mais-cara-a-partir-desta-quinta-feira\/#primaryimage"},"image":{"@id":"https:\/\/afogadosfm.com.br\/afogadosfm\/2025\/05\/01\/conta-de-luz-fica-mais-cara-a-partir-desta-quinta-feira\/#primaryimage"},"thumbnailUrl":"https:\/\/i0.wp.com\/afogadosfm.com.br\/afogadosfm\/wp-content\/uploads\/2018\/01\/Luz.jpg?fit=283%2C178&ssl=1","datePublished":"2025-05-01T08:54:44+00:00","dateModified":"2025-05-01T08:54:45+00:00","breadcrumb":{"@id":"https:\/\/afogadosfm.com.br\/afogadosfm\/2025\/05\/01\/conta-de-luz-fica-mais-cara-a-partir-desta-quinta-feira\/#breadcrumb"},"inLanguage":"pt-BR","potentialAction":[{"@type":"ReadAction","target":["https:\/\/afogadosfm.com.br\/afogadosfm\/2025\/05\/01\/conta-de-luz-fica-mais-cara-a-partir-desta-quinta-feira\/"]}]},{"@type":"ImageObject","inLanguage":"pt-BR","@id":"https:\/\/afogadosfm.com.br\/afogadosfm\/2025\/05\/01\/conta-de-luz-fica-mais-cara-a-partir-desta-quinta-feira\/#primaryimage","url":"https:\/\/i0.wp.com\/afogadosfm.com.br\/afogadosfm\/wp-content\/uploads\/2018\/01\/Luz.jpg?fit=283%2C178&ssl=1","contentUrl":"https:\/\/i0.wp.com\/afogadosfm.com.br\/afogadosfm\/wp-content\/uploads\/2018\/01\/Luz.jpg?fit=283%2C178&ssl=1","width":283,"height":178},{"@type":"BreadcrumbList","@id":"https:\/\/afogadosfm.com.br\/afogadosfm\/2025\/05\/01\/conta-de-luz-fica-mais-cara-a-partir-desta-quinta-feira\/#breadcrumb","itemListElement":[{"@type":"ListItem","position":1,"name":"In\u00edcio","item":"https:\/\/afogadosfm.com.br\/afogadosfm\/"},{"@type":"ListItem","position":2,"name":"Conta de luz fica mais cara a partir desta quinta-feira"}]},{"@type":"WebSite","@id":"https:\/\/afogadosfm.com.br\/afogadosfm\/#website","url":"https:\/\/afogadosfm.com.br\/afogadosfm\/","name":"Afogados FM","description":"Um site completo!","publisher":{"@id":"https:\/\/afogadosfm.com.br\/afogadosfm\/#organization"},"potentialAction":[{"@type":"SearchAction","target":{"@type":"EntryPoint","urlTemplate":"https:\/\/afogadosfm.com.br\/afogadosfm\/?s={search_term_string}"},"query-input":{"@type":"PropertyValueSpecification","valueRequired":true,"valueName":"search_term_string"}}],"inLanguage":"pt-BR"},{"@type":"Organization","@id":"https:\/\/afogadosfm.com.br\/afogadosfm\/#organization","name":"Afogados FM","url":"https:\/\/afogadosfm.com.br\/afogadosfm\/","logo":{"@type":"ImageObject","inLanguage":"pt-BR","@id":"https:\/\/afogadosfm.com.br\/afogadosfm\/#\/schema\/logo\/image\/","url":"https:\/\/i0.wp.com\/afogadosfm.com.br\/afogadosfm\/wp-content\/uploads\/2020\/06\/cropped-banner-afogados-4.jpg?fit=369%2C137&ssl=1","contentUrl":"https:\/\/i0.wp.com\/afogadosfm.com.br\/afogadosfm\/wp-content\/uploads\/2020\/06\/cropped-banner-afogados-4.jpg?fit=369%2C137&ssl=1","width":369,"height":137,"caption":"Afogados FM"},"image":{"@id":"https:\/\/afogadosfm.com.br\/afogadosfm\/#\/schema\/logo\/image\/"}},{"@type":"Person","@id":"https:\/\/afogadosfm.com.br\/afogadosfm\/#\/schema\/person\/60e56f2cf5dc960fc093fe093d9e9057","name":"afogadosfm","image":{"@type":"ImageObject","inLanguage":"pt-BR","@id":"https:\/\/secure.gravatar.com\/avatar\/e0359add7ed5dc3560906d861b52c6a8cf5c1e199d3a7dd85070998f49bd4701?s=96&d=mm&r=g","url":"https:\/\/secure.gravatar.com\/avatar\/e0359add7ed5dc3560906d861b52c6a8cf5c1e199d3a7dd85070998f49bd4701?s=96&d=mm&r=g","contentUrl":"https:\/\/secure.gravatar.com\/avatar\/e0359add7ed5dc3560906d861b52c6a8cf5c1e199d3a7dd85070998f49bd4701?s=96&d=mm&r=g","caption":"afogadosfm"},"url":"https:\/\/afogadosfm.com.br\/afogadosfm\/author\/afogadosfm\/"}]}},"jetpack_publicize_connections":[],"jetpack_featured_media_url":"https:\/\/i0.wp.com\/afogadosfm.com.br\/afogadosfm\/wp-content\/uploads\/2018\/01\/Luz.jpg?fit=283%2C178&ssl=1","jetpack-related-posts":[],"jetpack_sharing_enabled":true,"jetpack_likes_enabled":true,"_links":{"self":[{"href":"https:\/\/afogadosfm.com.br\/afogadosfm\/wp-json\/wp\/v2\/posts\/65416","targetHints":{"allow":["GET"]}}],"collection":[{"href":"https:\/\/afogadosfm.com.br\/afogadosfm\/wp-json\/wp\/v2\/posts"}],"about":[{"href":"https:\/\/afogadosfm.com.br\/afogadosfm\/wp-json\/wp\/v2\/types\/post"}],"author":[{"embeddable":true,"href":"https:\/\/afogadosfm.com.br\/afogadosfm\/wp-json\/wp\/v2\/users\/2"}],"replies":[{"embeddable":true,"href":"https:\/\/afogadosfm.com.br\/afogadosfm\/wp-json\/wp\/v2\/comments?post=65416"}],"version-history":[{"count":1,"href":"https:\/\/afogadosfm.com.br\/afogadosfm\/wp-json\/wp\/v2\/posts\/65416\/revisions"}],"predecessor-version":[{"id":65417,"href":"https:\/\/afogadosfm.com.br\/afogadosfm\/wp-json\/wp\/v2\/posts\/65416\/revisions\/65417"}],"wp:featuredmedia":[{"embeddable":true,"href":"https:\/\/afogadosfm.com.br\/afogadosfm\/wp-json\/wp\/v2\/media\/1759"}],"wp:attachment":[{"href":"https:\/\/afogadosfm.com.br\/afogadosfm\/wp-json\/wp\/v2\/media?parent=65416"}],"wp:term":[{"taxonomy":"category","embeddable":true,"href":"https:\/\/afogadosfm.com.br\/afogadosfm\/wp-json\/wp\/v2\/categories?post=65416"},{"taxonomy":"post_tag","embeddable":true,"href":"https:\/\/afogadosfm.com.br\/afogadosfm\/wp-json\/wp\/v2\/tags?post=65416"}],"curies":[{"name":"wp","href":"https:\/\/api.w.org\/{rel}","templated":true}]}}