{"id":65418,"date":"2025-05-01T05:55:43","date_gmt":"2025-05-01T08:55:43","guid":{"rendered":"https:\/\/afogadosfm.com.br\/afogadosfm\/?p=65418"},"modified":"2025-05-01T05:55:44","modified_gmt":"2025-05-01T08:55:44","slug":"iguaracy-lancou-boletim-epidemiologico-2025-sobre-chagas-e-reforca-acoes-de-prevencao","status":"publish","type":"post","link":"https:\/\/afogadosfm.com.br\/afogadosfm\/2025\/05\/01\/iguaracy-lancou-boletim-epidemiologico-2025-sobre-chagas-e-reforca-acoes-de-prevencao\/","title":{"rendered":"Iguaracy lan\u00e7ou Boletim Epidemiol\u00f3gico 2025 sobre Chagas e refor\u00e7a a\u00e7\u00f5es de preven\u00e7\u00e3o"},"content":{"rendered":"\n<p>Na manh\u00e3 da quarta-feira (30), o prefeito de Iguaracy, Dr. Pedro Alves, participou do lan\u00e7amento do Boletim Epidemiol\u00f3gico sobre a Doen\u00e7a de Chagas 2025, realizado no Centro de M\u00faltiplo Uso de Iguaracy (CEMUPI). A cerim\u00f4nia contou com a presen\u00e7a de diversas autoridades municipais, profissionais da sa\u00fade e da educa\u00e7\u00e3o, lideran\u00e7as comunit\u00e1rias, pessoas acometidas pela doen\u00e7a e os coordenadores do projeto IntegraChagas Brasil.<\/p>\n\n\n\n<p>Al\u00e9m do Dr. Pedro Alves, participaram do evento a Secret\u00e1ria Municipal de Sa\u00fade, Joaudeni Cavalcante; a Secret\u00e1ria Adjunta de Sa\u00fade, Maria Alves; a Secret\u00e1ria de Finan\u00e7as, Helena Alves; o Secret\u00e1rio de Cultura e Turismo, Marcone Melo; o Secret\u00e1rio de Agricultura e Abastecimento, Rog\u00e9rio Lins; o Secret\u00e1rio de Via\u00e7\u00e3o, Obras e Servi\u00e7os P\u00fablicos, F\u00e1bio Torres; a Secret\u00e1ria de Desenvolvimento e Assist\u00eancia Social, Juliany Rabelo; a Procuradora do Munic\u00edpio, Dra. Sinara Maranh\u00e3o; o Procurador Adjunto, Dr. Luiz Henrique; os chefes de gabinete, Mar\u00edlia Alves e Dr. Bruno George; bem como v\u00e1rios coordenadores e integrantes da equipe de governo municipal, representantes de associa\u00e7\u00f5es e a sociedade civil.<\/p>\n\n\n\n<figure class=\"wp-block-image\"><a href=\"https:\/\/i0.wp.com\/blogger.googleusercontent.com\/img\/b\/R29vZ2xl\/AVvXsEhtIhh-Re3mmEPUoLZdRKlv6B-9m1inig1WDHg_I-M9XKdB3oI7EFqfKZYxB_Uoxwzr6nuF-Nl3KCeyszKvsHHLQv8ZJSWt-cBITsFw6ypJs2Gmu9c7GczicZaxjHCQ3lFahumN-xfvHScIp_BMcCly7q0EKAvk7OJIYP90jHYiPsLkN1G9OzfLVZHF4yxb\/s4000\/948fee37-b647-4202-9650-7f08189ac336.jpg?ssl=1\"><img data-recalc-dims=\"1\" decoding=\"async\" src=\"https:\/\/i0.wp.com\/blogger.googleusercontent.com\/img\/b\/R29vZ2xl\/AVvXsEhtIhh-Re3mmEPUoLZdRKlv6B-9m1inig1WDHg_I-M9XKdB3oI7EFqfKZYxB_Uoxwzr6nuF-Nl3KCeyszKvsHHLQv8ZJSWt-cBITsFw6ypJs2Gmu9c7GczicZaxjHCQ3lFahumN-xfvHScIp_BMcCly7q0EKAvk7OJIYP90jHYiPsLkN1G9OzfLVZHF4yxb\/w400-h300\/948fee37-b647-4202-9650-7f08189ac336.jpg?w=840&#038;ssl=1\" alt=\"\"\/><\/a><\/figure>\n\n\n\n<figure class=\"wp-block-image\"><a href=\"https:\/\/i0.wp.com\/blogger.googleusercontent.com\/img\/b\/R29vZ2xl\/AVvXsEgxClUzi6W__4mc-XjYtVQH2WAc3m7K-_4WYmq3ueSF0gwD_4LSJkfI85ua8JR6Nxko5CqdzSUn9riYgXkaYbHsElUrs9xc6bMdOSfzZySl59vOSgRqrQkflKdEgN6Zy-Nrpl1251-6WhmcFDufbHsxD-rnkN85esH6e6Ms4XNDWbrt2hBe2cWhr8LXSp2m\/s4000\/b5e2c31e-fff1-4114-a976-d52c86087373.jpg?ssl=1\"><img data-recalc-dims=\"1\" decoding=\"async\" src=\"https:\/\/i0.wp.com\/blogger.googleusercontent.com\/img\/b\/R29vZ2xl\/AVvXsEgxClUzi6W__4mc-XjYtVQH2WAc3m7K-_4WYmq3ueSF0gwD_4LSJkfI85ua8JR6Nxko5CqdzSUn9riYgXkaYbHsElUrs9xc6bMdOSfzZySl59vOSgRqrQkflKdEgN6Zy-Nrpl1251-6WhmcFDufbHsxD-rnkN85esH6e6Ms4XNDWbrt2hBe2cWhr8LXSp2m\/w400-h300\/b5e2c31e-fff1-4114-a976-d52c86087373.jpg?w=840&#038;ssl=1\" alt=\"\"\/><\/a><\/figure>\n\n\n\n<figure class=\"wp-block-image\"><a href=\"https:\/\/i0.wp.com\/blogger.googleusercontent.com\/img\/b\/R29vZ2xl\/AVvXsEjjxOayAjvdNpjiK3WkYvKD9xxZ2eUJ-uC-G8siZg2elH_MkVhjOtReaQVebfjDb8JJtkSxmj7ZwPShPxxcEQA_5yzHqnN4E2XM0Eei3povLeNHD20uJ85Wy3fhm95cf7QkFK86FOj2ZjUO7wyn_18Ox6w0NRoQVWHrSplJU-jHnFozT_iQPCw31WDcE4Wf\/s4000\/ce00c45e-6db7-4f6d-9dc4-e9861b5834e7.jpg?ssl=1\"><img data-recalc-dims=\"1\" decoding=\"async\" src=\"https:\/\/i0.wp.com\/blogger.googleusercontent.com\/img\/b\/R29vZ2xl\/AVvXsEjjxOayAjvdNpjiK3WkYvKD9xxZ2eUJ-uC-G8siZg2elH_MkVhjOtReaQVebfjDb8JJtkSxmj7ZwPShPxxcEQA_5yzHqnN4E2XM0Eei3povLeNHD20uJ85Wy3fhm95cf7QkFK86FOj2ZjUO7wyn_18Ox6w0NRoQVWHrSplJU-jHnFozT_iQPCw31WDcE4Wf\/w400-h300\/ce00c45e-6db7-4f6d-9dc4-e9861b5834e7.jpg?w=840&#038;ssl=1\" alt=\"\"\/><\/a><\/figure>\n\n\n\n<p>Tamb\u00e9m marcaram presen\u00e7a os vereadores:&nbsp; Everaldo Pereira (Presidente da C\u00e2mara Municipal de Vereadores de Iguaracy), Francisco Torres e Bruna Torres, al\u00e9m do ex-prefeito e assessor especial de articula\u00e7\u00e3o do Governo do Estado de Pernambuco, Zeinha Torres. Ainda esteve presente o ex-prefeito de Iguaracy, Francisco Dessoles.<\/p>\n\n\n\n<p>No \u00e2mbito do evento, Mary Delania (X GERES) foi representada por Luiz Henrique, da Ger\u00eancia Regional de Sa\u00fade de Pernambuco. Participou do encontro, assim como Alberto Novaes Ramos J\u00fanior, coordenador do projeto IntegraChagas Brasil e professor da Universidade Federal do Cear\u00e1. Al\u00e9m dele, esteve presente a professora Eliana Amorim de Souza, coordenadora operacional do projeto IntegraChagas Brasil e professora da Universidade Federal da Bahia. Ainda, representando o programa IntegraChagas na Secretaria de Sa\u00fade do Estado de Pernambuco, participou V\u00e2nia Benigno.<\/p>\n\n\n\n<figure class=\"wp-block-image\"><a href=\"https:\/\/i0.wp.com\/blogger.googleusercontent.com\/img\/b\/R29vZ2xl\/AVvXsEg851yj7MZRF5KK_-w3SwhgU-5YMHvCUC0FXbnVbkgjcXHOY15gPIwGK4CsDAdQm2PtYhJZS2Q0L-gbjMbpc6glUJMdudtzbfqIQ3VCKZujXVsUVfOUwGGZT8kGhKOCFmipbG0baxUgXZdCuwJvasY7PMesz2qUoe4p7JZD0DG-DFCleKNWjZI0gj_dFYSU\/s4000\/3e95f50c-b924-4579-87e1-3d54fc79ac47.jpg?ssl=1\"><img data-recalc-dims=\"1\" decoding=\"async\" src=\"https:\/\/i0.wp.com\/blogger.googleusercontent.com\/img\/b\/R29vZ2xl\/AVvXsEg851yj7MZRF5KK_-w3SwhgU-5YMHvCUC0FXbnVbkgjcXHOY15gPIwGK4CsDAdQm2PtYhJZS2Q0L-gbjMbpc6glUJMdudtzbfqIQ3VCKZujXVsUVfOUwGGZT8kGhKOCFmipbG0baxUgXZdCuwJvasY7PMesz2qUoe4p7JZD0DG-DFCleKNWjZI0gj_dFYSU\/w400-h300\/3e95f50c-b924-4579-87e1-3d54fc79ac47.jpg?w=840&#038;ssl=1\" alt=\"\"\/><\/a><\/figure>\n\n\n\n<figure class=\"wp-block-image\"><a href=\"https:\/\/i0.wp.com\/blogger.googleusercontent.com\/img\/b\/R29vZ2xl\/AVvXsEjxQT0J627JlG5duW8KvsCB70JHEicbNH3rM63kLteXp0pvxOzzvWlhOJTWRI6pJOBtty64K882eZl3AD9K7hwgnFCTI6-5Cf9IOjVVCRTC1upCuCVMOOFAm0p8zq9o6skxMGCqz6rPJzQ4pG4yMS8xQaTN9DkL9TJQWY0ugaU3ee8LnAcc2qZ9uNHzaW57\/s4000\/f75b346a-ae0d-4dc1-97fc-6d06ac22167b.jpg?ssl=1\"><img data-recalc-dims=\"1\" decoding=\"async\" src=\"https:\/\/i0.wp.com\/blogger.googleusercontent.com\/img\/b\/R29vZ2xl\/AVvXsEjxQT0J627JlG5duW8KvsCB70JHEicbNH3rM63kLteXp0pvxOzzvWlhOJTWRI6pJOBtty64K882eZl3AD9K7hwgnFCTI6-5Cf9IOjVVCRTC1upCuCVMOOFAm0p8zq9o6skxMGCqz6rPJzQ4pG4yMS8xQaTN9DkL9TJQWY0ugaU3ee8LnAcc2qZ9uNHzaW57\/w400-h300\/f75b346a-ae0d-4dc1-97fc-6d06ac22167b.jpg?w=840&#038;ssl=1\" alt=\"\"\/><\/a><\/figure>\n\n\n\n<p>Durante o evento, Dr. Pedro Alves destacou a import\u00e2ncia do levantamento para o munic\u00edpio e refor\u00e7ou o compromisso da gest\u00e3o com a sa\u00fade da popula\u00e7\u00e3o. \u201cEste boletim mostra a real situa\u00e7\u00e3o da doen\u00e7a de Chagas em Iguaracy e refor\u00e7a a necessidade de a\u00e7\u00f5es cont\u00ednuas de preven\u00e7\u00e3o, testagem e tratamento. Nosso objetivo \u00e9 garantir que cada pessoa que convive com essa doen\u00e7a receba o apoio necess\u00e1rio para uma vida mais saud\u00e1vel,\u201d afirmou o prefeito.<\/p>\n\n\n\n<p>O boletim, que apresenta dados atualizados ap\u00f3s um ano de a\u00e7\u00f5es de testagem r\u00e1pida, revela que, de 2024 at\u00e9 abril de 2025, foram realizados&nbsp;<\/p>\n\n\n\n<p>Em sua fala, Dr. Pedro Alves refor\u00e7ou a import\u00e2ncia do trabalho de conscientiza\u00e7\u00e3o e da vigil\u00e2ncia constante. \u201cPrecisamos ampliar nossas a\u00e7\u00f5es, fortalecer a aten\u00e7\u00e3o prim\u00e1ria e garantir que todos tenham acesso ao diagn\u00f3stico e ao tratamento, pois a preven\u00e7\u00e3o \u00e9 a melhor estrat\u00e9gia contra essa doen\u00e7a que ainda representa um grande desafio para nossa sa\u00fade p\u00fablica,\u201d destacou o prefeito.<\/p>\n\n\n\n<p>O evento marcou mais um passo importante na luta contra a doen\u00e7a de Chagas em Iguaracy, refor\u00e7ando o compromisso da administra\u00e7\u00e3o municipal com a sa\u00fade e o bem-estar de seus cidad\u00e3os. O lan\u00e7amento do Boletim Epidemiol\u00f3gico 2025 refor\u00e7a a necessidade de a\u00e7\u00f5es cont\u00ednuas e integradas para o combate \u00e0 doen\u00e7a em Pernambuco e no Brasil.<\/p>\n","protected":false},"excerpt":{"rendered":"<p>Na manh\u00e3 da quarta-feira (30), o prefeito de Iguaracy, Dr. Pedro Alves, participou do lan\u00e7amento do Boletim Epidemiol\u00f3gico sobre a<\/p>\n","protected":false},"author":2,"featured_media":65419,"comment_status":"open","ping_status":"open","sticky":false,"template":"","format":"standard","meta":{"jetpack_post_was_ever_published":false,"_jetpack_newsletter_access":"","_jetpack_dont_email_post_to_subs":false,"_jetpack_newsletter_tier_id":0,"_jetpack_memberships_contains_paywalled_content":false,"_jetpack_memberships_contains_paid_content":false,"footnotes":"","jetpack_publicize_message":"","jetpack_publicize_feature_enabled":true,"jetpack_social_post_already_shared":true,"jetpack_social_options":{"image_generator_settings":{"template":"highway","default_image_id":0,"font":"","enabled":false},"version":2}},"categories":[32],"tags":[],"class_list":["post-65418","post","type-post","status-publish","format-standard","has-post-thumbnail","hentry","category-sertao"],"yoast_head":"<!-- This site is optimized with the Yoast SEO plugin v27.5 - https:\/\/yoast.com\/product\/yoast-seo-wordpress\/ -->\n<title>Iguaracy lan\u00e7ou Boletim Epidemiol\u00f3gico 2025 sobre Chagas e refor\u00e7a a\u00e7\u00f5es de preven\u00e7\u00e3o - Afogados FM<\/title>\n<meta name=\"robots\" content=\"index, follow, max-snippet:-1, max-image-preview:large, max-video-preview:-1\" \/>\n<link rel=\"canonical\" href=\"https:\/\/afogadosfm.com.br\/afogadosfm\/2025\/05\/01\/iguaracy-lancou-boletim-epidemiologico-2025-sobre-chagas-e-reforca-acoes-de-prevencao\/\" \/>\n<meta property=\"og:locale\" content=\"pt_BR\" \/>\n<meta property=\"og:type\" content=\"article\" \/>\n<meta property=\"og:title\" content=\"Iguaracy lan\u00e7ou Boletim Epidemiol\u00f3gico 2025 sobre Chagas e refor\u00e7a a\u00e7\u00f5es de preven\u00e7\u00e3o - Afogados FM\" \/>\n<meta property=\"og:description\" content=\"Na manh\u00e3 da quarta-feira (30), o prefeito de Iguaracy, Dr. Pedro Alves, participou do lan\u00e7amento do Boletim Epidemiol\u00f3gico sobre a\" \/>\n<meta property=\"og:url\" content=\"https:\/\/afogadosfm.com.br\/afogadosfm\/2025\/05\/01\/iguaracy-lancou-boletim-epidemiologico-2025-sobre-chagas-e-reforca-acoes-de-prevencao\/\" \/>\n<meta property=\"og:site_name\" content=\"Afogados FM\" \/>\n<meta property=\"article:published_time\" content=\"2025-05-01T08:55:43+00:00\" \/>\n<meta property=\"article:modified_time\" content=\"2025-05-01T08:55:44+00:00\" \/>\n<meta property=\"og:image\" content=\"https:\/\/afogadosfm.com.br\/afogadosfm\/wp-content\/uploads\/2025\/05\/2222333.jpg\" \/>\n\t<meta property=\"og:image:width\" content=\"400\" \/>\n\t<meta property=\"og:image:height\" content=\"226\" \/>\n\t<meta property=\"og:image:type\" content=\"image\/jpeg\" \/>\n<meta name=\"author\" content=\"afogadosfm\" \/>\n<meta name=\"twitter:card\" content=\"summary_large_image\" \/>\n<meta name=\"twitter:label1\" content=\"Escrito por\" \/>\n\t<meta name=\"twitter:data1\" content=\"afogadosfm\" \/>\n\t<meta name=\"twitter:label2\" content=\"Est. tempo de leitura\" \/>\n\t<meta name=\"twitter:data2\" content=\"4 minutos\" \/>\n<script type=\"application\/ld+json\" class=\"yoast-schema-graph\">{\"@context\":\"https:\\\/\\\/schema.org\",\"@graph\":[{\"@type\":\"Article\",\"@id\":\"https:\\\/\\\/afogadosfm.com.br\\\/afogadosfm\\\/2025\\\/05\\\/01\\\/iguaracy-lancou-boletim-epidemiologico-2025-sobre-chagas-e-reforca-acoes-de-prevencao\\\/#article\",\"isPartOf\":{\"@id\":\"https:\\\/\\\/afogadosfm.com.br\\\/afogadosfm\\\/2025\\\/05\\\/01\\\/iguaracy-lancou-boletim-epidemiologico-2025-sobre-chagas-e-reforca-acoes-de-prevencao\\\/\"},\"author\":{\"name\":\"afogadosfm\",\"@id\":\"https:\\\/\\\/afogadosfm.com.br\\\/afogadosfm\\\/#\\\/schema\\\/person\\\/60e56f2cf5dc960fc093fe093d9e9057\"},\"headline\":\"Iguaracy lan\u00e7ou Boletim Epidemiol\u00f3gico 2025 sobre Chagas e refor\u00e7a a\u00e7\u00f5es de preven\u00e7\u00e3o\",\"datePublished\":\"2025-05-01T08:55:43+00:00\",\"dateModified\":\"2025-05-01T08:55:44+00:00\",\"mainEntityOfPage\":{\"@id\":\"https:\\\/\\\/afogadosfm.com.br\\\/afogadosfm\\\/2025\\\/05\\\/01\\\/iguaracy-lancou-boletim-epidemiologico-2025-sobre-chagas-e-reforca-acoes-de-prevencao\\\/\"},\"wordCount\":598,\"commentCount\":0,\"publisher\":{\"@id\":\"https:\\\/\\\/afogadosfm.com.br\\\/afogadosfm\\\/#organization\"},\"image\":{\"@id\":\"https:\\\/\\\/afogadosfm.com.br\\\/afogadosfm\\\/2025\\\/05\\\/01\\\/iguaracy-lancou-boletim-epidemiologico-2025-sobre-chagas-e-reforca-acoes-de-prevencao\\\/#primaryimage\"},\"thumbnailUrl\":\"https:\\\/\\\/i0.wp.com\\\/afogadosfm.com.br\\\/afogadosfm\\\/wp-content\\\/uploads\\\/2025\\\/05\\\/2222333.jpg?fit=400%2C226&ssl=1\",\"articleSection\":[\"Sert\u00e3o\"],\"inLanguage\":\"pt-BR\",\"potentialAction\":[{\"@type\":\"CommentAction\",\"name\":\"Comment\",\"target\":[\"https:\\\/\\\/afogadosfm.com.br\\\/afogadosfm\\\/2025\\\/05\\\/01\\\/iguaracy-lancou-boletim-epidemiologico-2025-sobre-chagas-e-reforca-acoes-de-prevencao\\\/#respond\"]}]},{\"@type\":\"WebPage\",\"@id\":\"https:\\\/\\\/afogadosfm.com.br\\\/afogadosfm\\\/2025\\\/05\\\/01\\\/iguaracy-lancou-boletim-epidemiologico-2025-sobre-chagas-e-reforca-acoes-de-prevencao\\\/\",\"url\":\"https:\\\/\\\/afogadosfm.com.br\\\/afogadosfm\\\/2025\\\/05\\\/01\\\/iguaracy-lancou-boletim-epidemiologico-2025-sobre-chagas-e-reforca-acoes-de-prevencao\\\/\",\"name\":\"Iguaracy lan\u00e7ou Boletim Epidemiol\u00f3gico 2025 sobre Chagas e refor\u00e7a a\u00e7\u00f5es de preven\u00e7\u00e3o - Afogados FM\",\"isPartOf\":{\"@id\":\"https:\\\/\\\/afogadosfm.com.br\\\/afogadosfm\\\/#website\"},\"primaryImageOfPage\":{\"@id\":\"https:\\\/\\\/afogadosfm.com.br\\\/afogadosfm\\\/2025\\\/05\\\/01\\\/iguaracy-lancou-boletim-epidemiologico-2025-sobre-chagas-e-reforca-acoes-de-prevencao\\\/#primaryimage\"},\"image\":{\"@id\":\"https:\\\/\\\/afogadosfm.com.br\\\/afogadosfm\\\/2025\\\/05\\\/01\\\/iguaracy-lancou-boletim-epidemiologico-2025-sobre-chagas-e-reforca-acoes-de-prevencao\\\/#primaryimage\"},\"thumbnailUrl\":\"https:\\\/\\\/i0.wp.com\\\/afogadosfm.com.br\\\/afogadosfm\\\/wp-content\\\/uploads\\\/2025\\\/05\\\/2222333.jpg?fit=400%2C226&ssl=1\",\"datePublished\":\"2025-05-01T08:55:43+00:00\",\"dateModified\":\"2025-05-01T08:55:44+00:00\",\"breadcrumb\":{\"@id\":\"https:\\\/\\\/afogadosfm.com.br\\\/afogadosfm\\\/2025\\\/05\\\/01\\\/iguaracy-lancou-boletim-epidemiologico-2025-sobre-chagas-e-reforca-acoes-de-prevencao\\\/#breadcrumb\"},\"inLanguage\":\"pt-BR\",\"potentialAction\":[{\"@type\":\"ReadAction\",\"target\":[\"https:\\\/\\\/afogadosfm.com.br\\\/afogadosfm\\\/2025\\\/05\\\/01\\\/iguaracy-lancou-boletim-epidemiologico-2025-sobre-chagas-e-reforca-acoes-de-prevencao\\\/\"]}]},{\"@type\":\"ImageObject\",\"inLanguage\":\"pt-BR\",\"@id\":\"https:\\\/\\\/afogadosfm.com.br\\\/afogadosfm\\\/2025\\\/05\\\/01\\\/iguaracy-lancou-boletim-epidemiologico-2025-sobre-chagas-e-reforca-acoes-de-prevencao\\\/#primaryimage\",\"url\":\"https:\\\/\\\/i0.wp.com\\\/afogadosfm.com.br\\\/afogadosfm\\\/wp-content\\\/uploads\\\/2025\\\/05\\\/2222333.jpg?fit=400%2C226&ssl=1\",\"contentUrl\":\"https:\\\/\\\/i0.wp.com\\\/afogadosfm.com.br\\\/afogadosfm\\\/wp-content\\\/uploads\\\/2025\\\/05\\\/2222333.jpg?fit=400%2C226&ssl=1\",\"width\":400,\"height\":226},{\"@type\":\"BreadcrumbList\",\"@id\":\"https:\\\/\\\/afogadosfm.com.br\\\/afogadosfm\\\/2025\\\/05\\\/01\\\/iguaracy-lancou-boletim-epidemiologico-2025-sobre-chagas-e-reforca-acoes-de-prevencao\\\/#breadcrumb\",\"itemListElement\":[{\"@type\":\"ListItem\",\"position\":1,\"name\":\"In\u00edcio\",\"item\":\"https:\\\/\\\/afogadosfm.com.br\\\/afogadosfm\\\/\"},{\"@type\":\"ListItem\",\"position\":2,\"name\":\"Iguaracy lan\u00e7ou Boletim Epidemiol\u00f3gico 2025 sobre Chagas e refor\u00e7a a\u00e7\u00f5es de preven\u00e7\u00e3o\"}]},{\"@type\":\"WebSite\",\"@id\":\"https:\\\/\\\/afogadosfm.com.br\\\/afogadosfm\\\/#website\",\"url\":\"https:\\\/\\\/afogadosfm.com.br\\\/afogadosfm\\\/\",\"name\":\"Afogados FM\",\"description\":\"Um site completo!\",\"publisher\":{\"@id\":\"https:\\\/\\\/afogadosfm.com.br\\\/afogadosfm\\\/#organization\"},\"potentialAction\":[{\"@type\":\"SearchAction\",\"target\":{\"@type\":\"EntryPoint\",\"urlTemplate\":\"https:\\\/\\\/afogadosfm.com.br\\\/afogadosfm\\\/?s={search_term_string}\"},\"query-input\":{\"@type\":\"PropertyValueSpecification\",\"valueRequired\":true,\"valueName\":\"search_term_string\"}}],\"inLanguage\":\"pt-BR\"},{\"@type\":\"Organization\",\"@id\":\"https:\\\/\\\/afogadosfm.com.br\\\/afogadosfm\\\/#organization\",\"name\":\"Afogados FM\",\"url\":\"https:\\\/\\\/afogadosfm.com.br\\\/afogadosfm\\\/\",\"logo\":{\"@type\":\"ImageObject\",\"inLanguage\":\"pt-BR\",\"@id\":\"https:\\\/\\\/afogadosfm.com.br\\\/afogadosfm\\\/#\\\/schema\\\/logo\\\/image\\\/\",\"url\":\"https:\\\/\\\/i0.wp.com\\\/afogadosfm.com.br\\\/afogadosfm\\\/wp-content\\\/uploads\\\/2020\\\/06\\\/cropped-banner-afogados-4.jpg?fit=369%2C137&ssl=1\",\"contentUrl\":\"https:\\\/\\\/i0.wp.com\\\/afogadosfm.com.br\\\/afogadosfm\\\/wp-content\\\/uploads\\\/2020\\\/06\\\/cropped-banner-afogados-4.jpg?fit=369%2C137&ssl=1\",\"width\":369,\"height\":137,\"caption\":\"Afogados FM\"},\"image\":{\"@id\":\"https:\\\/\\\/afogadosfm.com.br\\\/afogadosfm\\\/#\\\/schema\\\/logo\\\/image\\\/\"}},{\"@type\":\"Person\",\"@id\":\"https:\\\/\\\/afogadosfm.com.br\\\/afogadosfm\\\/#\\\/schema\\\/person\\\/60e56f2cf5dc960fc093fe093d9e9057\",\"name\":\"afogadosfm\",\"image\":{\"@type\":\"ImageObject\",\"inLanguage\":\"pt-BR\",\"@id\":\"https:\\\/\\\/secure.gravatar.com\\\/avatar\\\/e0359add7ed5dc3560906d861b52c6a8cf5c1e199d3a7dd85070998f49bd4701?s=96&d=mm&r=g\",\"url\":\"https:\\\/\\\/secure.gravatar.com\\\/avatar\\\/e0359add7ed5dc3560906d861b52c6a8cf5c1e199d3a7dd85070998f49bd4701?s=96&d=mm&r=g\",\"contentUrl\":\"https:\\\/\\\/secure.gravatar.com\\\/avatar\\\/e0359add7ed5dc3560906d861b52c6a8cf5c1e199d3a7dd85070998f49bd4701?s=96&d=mm&r=g\",\"caption\":\"afogadosfm\"},\"url\":\"https:\\\/\\\/afogadosfm.com.br\\\/afogadosfm\\\/author\\\/afogadosfm\\\/\"}]}<\/script>\n<!-- \/ Yoast SEO plugin. -->","yoast_head_json":{"title":"Iguaracy lan\u00e7ou Boletim Epidemiol\u00f3gico 2025 sobre Chagas e refor\u00e7a a\u00e7\u00f5es de preven\u00e7\u00e3o - Afogados FM","robots":{"index":"index","follow":"follow","max-snippet":"max-snippet:-1","max-image-preview":"max-image-preview:large","max-video-preview":"max-video-preview:-1"},"canonical":"https:\/\/afogadosfm.com.br\/afogadosfm\/2025\/05\/01\/iguaracy-lancou-boletim-epidemiologico-2025-sobre-chagas-e-reforca-acoes-de-prevencao\/","og_locale":"pt_BR","og_type":"article","og_title":"Iguaracy lan\u00e7ou Boletim Epidemiol\u00f3gico 2025 sobre Chagas e refor\u00e7a a\u00e7\u00f5es de preven\u00e7\u00e3o - Afogados FM","og_description":"Na manh\u00e3 da quarta-feira (30), o prefeito de Iguaracy, Dr. Pedro Alves, participou do lan\u00e7amento do Boletim Epidemiol\u00f3gico sobre a","og_url":"https:\/\/afogadosfm.com.br\/afogadosfm\/2025\/05\/01\/iguaracy-lancou-boletim-epidemiologico-2025-sobre-chagas-e-reforca-acoes-de-prevencao\/","og_site_name":"Afogados FM","article_published_time":"2025-05-01T08:55:43+00:00","article_modified_time":"2025-05-01T08:55:44+00:00","og_image":[{"width":400,"height":226,"url":"https:\/\/afogadosfm.com.br\/afogadosfm\/wp-content\/uploads\/2025\/05\/2222333.jpg","type":"image\/jpeg"}],"author":"afogadosfm","twitter_card":"summary_large_image","twitter_misc":{"Escrito por":"afogadosfm","Est. tempo de leitura":"4 minutos"},"schema":{"@context":"https:\/\/schema.org","@graph":[{"@type":"Article","@id":"https:\/\/afogadosfm.com.br\/afogadosfm\/2025\/05\/01\/iguaracy-lancou-boletim-epidemiologico-2025-sobre-chagas-e-reforca-acoes-de-prevencao\/#article","isPartOf":{"@id":"https:\/\/afogadosfm.com.br\/afogadosfm\/2025\/05\/01\/iguaracy-lancou-boletim-epidemiologico-2025-sobre-chagas-e-reforca-acoes-de-prevencao\/"},"author":{"name":"afogadosfm","@id":"https:\/\/afogadosfm.com.br\/afogadosfm\/#\/schema\/person\/60e56f2cf5dc960fc093fe093d9e9057"},"headline":"Iguaracy lan\u00e7ou Boletim Epidemiol\u00f3gico 2025 sobre Chagas e refor\u00e7a a\u00e7\u00f5es de preven\u00e7\u00e3o","datePublished":"2025-05-01T08:55:43+00:00","dateModified":"2025-05-01T08:55:44+00:00","mainEntityOfPage":{"@id":"https:\/\/afogadosfm.com.br\/afogadosfm\/2025\/05\/01\/iguaracy-lancou-boletim-epidemiologico-2025-sobre-chagas-e-reforca-acoes-de-prevencao\/"},"wordCount":598,"commentCount":0,"publisher":{"@id":"https:\/\/afogadosfm.com.br\/afogadosfm\/#organization"},"image":{"@id":"https:\/\/afogadosfm.com.br\/afogadosfm\/2025\/05\/01\/iguaracy-lancou-boletim-epidemiologico-2025-sobre-chagas-e-reforca-acoes-de-prevencao\/#primaryimage"},"thumbnailUrl":"https:\/\/i0.wp.com\/afogadosfm.com.br\/afogadosfm\/wp-content\/uploads\/2025\/05\/2222333.jpg?fit=400%2C226&ssl=1","articleSection":["Sert\u00e3o"],"inLanguage":"pt-BR","potentialAction":[{"@type":"CommentAction","name":"Comment","target":["https:\/\/afogadosfm.com.br\/afogadosfm\/2025\/05\/01\/iguaracy-lancou-boletim-epidemiologico-2025-sobre-chagas-e-reforca-acoes-de-prevencao\/#respond"]}]},{"@type":"WebPage","@id":"https:\/\/afogadosfm.com.br\/afogadosfm\/2025\/05\/01\/iguaracy-lancou-boletim-epidemiologico-2025-sobre-chagas-e-reforca-acoes-de-prevencao\/","url":"https:\/\/afogadosfm.com.br\/afogadosfm\/2025\/05\/01\/iguaracy-lancou-boletim-epidemiologico-2025-sobre-chagas-e-reforca-acoes-de-prevencao\/","name":"Iguaracy lan\u00e7ou Boletim Epidemiol\u00f3gico 2025 sobre Chagas e refor\u00e7a a\u00e7\u00f5es de preven\u00e7\u00e3o - Afogados FM","isPartOf":{"@id":"https:\/\/afogadosfm.com.br\/afogadosfm\/#website"},"primaryImageOfPage":{"@id":"https:\/\/afogadosfm.com.br\/afogadosfm\/2025\/05\/01\/iguaracy-lancou-boletim-epidemiologico-2025-sobre-chagas-e-reforca-acoes-de-prevencao\/#primaryimage"},"image":{"@id":"https:\/\/afogadosfm.com.br\/afogadosfm\/2025\/05\/01\/iguaracy-lancou-boletim-epidemiologico-2025-sobre-chagas-e-reforca-acoes-de-prevencao\/#primaryimage"},"thumbnailUrl":"https:\/\/i0.wp.com\/afogadosfm.com.br\/afogadosfm\/wp-content\/uploads\/2025\/05\/2222333.jpg?fit=400%2C226&ssl=1","datePublished":"2025-05-01T08:55:43+00:00","dateModified":"2025-05-01T08:55:44+00:00","breadcrumb":{"@id":"https:\/\/afogadosfm.com.br\/afogadosfm\/2025\/05\/01\/iguaracy-lancou-boletim-epidemiologico-2025-sobre-chagas-e-reforca-acoes-de-prevencao\/#breadcrumb"},"inLanguage":"pt-BR","potentialAction":[{"@type":"ReadAction","target":["https:\/\/afogadosfm.com.br\/afogadosfm\/2025\/05\/01\/iguaracy-lancou-boletim-epidemiologico-2025-sobre-chagas-e-reforca-acoes-de-prevencao\/"]}]},{"@type":"ImageObject","inLanguage":"pt-BR","@id":"https:\/\/afogadosfm.com.br\/afogadosfm\/2025\/05\/01\/iguaracy-lancou-boletim-epidemiologico-2025-sobre-chagas-e-reforca-acoes-de-prevencao\/#primaryimage","url":"https:\/\/i0.wp.com\/afogadosfm.com.br\/afogadosfm\/wp-content\/uploads\/2025\/05\/2222333.jpg?fit=400%2C226&ssl=1","contentUrl":"https:\/\/i0.wp.com\/afogadosfm.com.br\/afogadosfm\/wp-content\/uploads\/2025\/05\/2222333.jpg?fit=400%2C226&ssl=1","width":400,"height":226},{"@type":"BreadcrumbList","@id":"https:\/\/afogadosfm.com.br\/afogadosfm\/2025\/05\/01\/iguaracy-lancou-boletim-epidemiologico-2025-sobre-chagas-e-reforca-acoes-de-prevencao\/#breadcrumb","itemListElement":[{"@type":"ListItem","position":1,"name":"In\u00edcio","item":"https:\/\/afogadosfm.com.br\/afogadosfm\/"},{"@type":"ListItem","position":2,"name":"Iguaracy lan\u00e7ou Boletim Epidemiol\u00f3gico 2025 sobre Chagas e refor\u00e7a a\u00e7\u00f5es de preven\u00e7\u00e3o"}]},{"@type":"WebSite","@id":"https:\/\/afogadosfm.com.br\/afogadosfm\/#website","url":"https:\/\/afogadosfm.com.br\/afogadosfm\/","name":"Afogados FM","description":"Um site completo!","publisher":{"@id":"https:\/\/afogadosfm.com.br\/afogadosfm\/#organization"},"potentialAction":[{"@type":"SearchAction","target":{"@type":"EntryPoint","urlTemplate":"https:\/\/afogadosfm.com.br\/afogadosfm\/?s={search_term_string}"},"query-input":{"@type":"PropertyValueSpecification","valueRequired":true,"valueName":"search_term_string"}}],"inLanguage":"pt-BR"},{"@type":"Organization","@id":"https:\/\/afogadosfm.com.br\/afogadosfm\/#organization","name":"Afogados FM","url":"https:\/\/afogadosfm.com.br\/afogadosfm\/","logo":{"@type":"ImageObject","inLanguage":"pt-BR","@id":"https:\/\/afogadosfm.com.br\/afogadosfm\/#\/schema\/logo\/image\/","url":"https:\/\/i0.wp.com\/afogadosfm.com.br\/afogadosfm\/wp-content\/uploads\/2020\/06\/cropped-banner-afogados-4.jpg?fit=369%2C137&ssl=1","contentUrl":"https:\/\/i0.wp.com\/afogadosfm.com.br\/afogadosfm\/wp-content\/uploads\/2020\/06\/cropped-banner-afogados-4.jpg?fit=369%2C137&ssl=1","width":369,"height":137,"caption":"Afogados FM"},"image":{"@id":"https:\/\/afogadosfm.com.br\/afogadosfm\/#\/schema\/logo\/image\/"}},{"@type":"Person","@id":"https:\/\/afogadosfm.com.br\/afogadosfm\/#\/schema\/person\/60e56f2cf5dc960fc093fe093d9e9057","name":"afogadosfm","image":{"@type":"ImageObject","inLanguage":"pt-BR","@id":"https:\/\/secure.gravatar.com\/avatar\/e0359add7ed5dc3560906d861b52c6a8cf5c1e199d3a7dd85070998f49bd4701?s=96&d=mm&r=g","url":"https:\/\/secure.gravatar.com\/avatar\/e0359add7ed5dc3560906d861b52c6a8cf5c1e199d3a7dd85070998f49bd4701?s=96&d=mm&r=g","contentUrl":"https:\/\/secure.gravatar.com\/avatar\/e0359add7ed5dc3560906d861b52c6a8cf5c1e199d3a7dd85070998f49bd4701?s=96&d=mm&r=g","caption":"afogadosfm"},"url":"https:\/\/afogadosfm.com.br\/afogadosfm\/author\/afogadosfm\/"}]}},"jetpack_publicize_connections":[],"jetpack_featured_media_url":"https:\/\/i0.wp.com\/afogadosfm.com.br\/afogadosfm\/wp-content\/uploads\/2025\/05\/2222333.jpg?fit=400%2C226&ssl=1","jetpack-related-posts":[],"jetpack_sharing_enabled":true,"jetpack_likes_enabled":true,"_links":{"self":[{"href":"https:\/\/afogadosfm.com.br\/afogadosfm\/wp-json\/wp\/v2\/posts\/65418","targetHints":{"allow":["GET"]}}],"collection":[{"href":"https:\/\/afogadosfm.com.br\/afogadosfm\/wp-json\/wp\/v2\/posts"}],"about":[{"href":"https:\/\/afogadosfm.com.br\/afogadosfm\/wp-json\/wp\/v2\/types\/post"}],"author":[{"embeddable":true,"href":"https:\/\/afogadosfm.com.br\/afogadosfm\/wp-json\/wp\/v2\/users\/2"}],"replies":[{"embeddable":true,"href":"https:\/\/afogadosfm.com.br\/afogadosfm\/wp-json\/wp\/v2\/comments?post=65418"}],"version-history":[{"count":1,"href":"https:\/\/afogadosfm.com.br\/afogadosfm\/wp-json\/wp\/v2\/posts\/65418\/revisions"}],"predecessor-version":[{"id":65420,"href":"https:\/\/afogadosfm.com.br\/afogadosfm\/wp-json\/wp\/v2\/posts\/65418\/revisions\/65420"}],"wp:featuredmedia":[{"embeddable":true,"href":"https:\/\/afogadosfm.com.br\/afogadosfm\/wp-json\/wp\/v2\/media\/65419"}],"wp:attachment":[{"href":"https:\/\/afogadosfm.com.br\/afogadosfm\/wp-json\/wp\/v2\/media?parent=65418"}],"wp:term":[{"taxonomy":"category","embeddable":true,"href":"https:\/\/afogadosfm.com.br\/afogadosfm\/wp-json\/wp\/v2\/categories?post=65418"},{"taxonomy":"post_tag","embeddable":true,"href":"https:\/\/afogadosfm.com.br\/afogadosfm\/wp-json\/wp\/v2\/tags?post=65418"}],"curies":[{"name":"wp","href":"https:\/\/api.w.org\/{rel}","templated":true}]}}