{"id":65421,"date":"2025-05-01T05:58:47","date_gmt":"2025-05-01T08:58:47","guid":{"rendered":"https:\/\/afogadosfm.com.br\/afogadosfm\/?p=65421"},"modified":"2025-05-01T05:58:49","modified_gmt":"2025-05-01T08:58:49","slug":"lula-defendeu-reducao-de-jornada-6-por-1-e-disse-que-seu-governo-descobriu-a-fraude-no-inss","status":"publish","type":"post","link":"https:\/\/afogadosfm.com.br\/afogadosfm\/2025\/05\/01\/lula-defendeu-reducao-de-jornada-6-por-1-e-disse-que-seu-governo-descobriu-a-fraude-no-inss\/","title":{"rendered":"Lula defendeu redu\u00e7\u00e3o de jornada 6 por 1 e disse que seu governo descobriu a fraude no INSS"},"content":{"rendered":"\n<p>O presidente Luiz In\u00e1cio Lula da Silva defendeu nesta quarta-feira, 30, a revis\u00e3o da jornada de trabalho no Pa\u00eds. Em pronunciamento em cadeia de r\u00e1dio e TV na v\u00e9spera do Dia do Trabalhador, o petista afirmou que chegou o momento de por o tema da mudan\u00e7a da jornada 6 por 1 em discuss\u00e3o.<\/p>\n\n\n\n<p>&#8220;N\u00f3s vamos aprofundar o debate sobre a redu\u00e7\u00e3o da jornada de trabalho vigente no Pa\u00eds, em que o trabalhador e a trabalhadora passam seis dias no servi\u00e7o e t\u00eam apenas um dia de descanso. A chamada jornada 6 por 1&#8221;, declarou.<\/p>\n\n\n\n<p>A proposta est\u00e1 em tramita\u00e7\u00e3o no Congresso Nacional por meio de diferentes projetos. O \u00faltimo foi protocolado pela deputada federal Erika Hilton (PSOL-SP), na forma de proposta de emenda \u00e0 Constitui\u00e7\u00e3o (PEC).<\/p>\n\n\n\n<p>Lula continuou: &#8220;Est\u00e1 na hora de o Brasil dar esse passo, ouvindo todos os setores da sociedade para permitir um equil\u00edbrio entre a vida profissional e o bem-estar dos trabalhadores e trabalhadoras&#8221;.<\/p>\n\n\n\n<p>O presidente da Rep\u00fablica tamb\u00e9m mencionou o envio do projeto ao Congresso Nacional para a amplia\u00e7\u00e3o da isen\u00e7\u00e3o do Imposto de Renda.<\/p>\n\n\n\n<p>&#8220;Enviamos ao Congresso Nacional o Projeto de Lei que zera o Imposto de Renda para quem ganha at\u00e9 R$ 5 mil por m\u00eas. E quem ganha entre R$ 5 mil e R$ 7 mil tamb\u00e9m ser\u00e1 beneficiado pagando menos do que paga hoje. Agora \u00e9 assim: quem ganha menos, n\u00e3o paga. E quem ganha muito paga o valor justo&#8221;, afirmou.<\/p>\n\n\n\n<p>O petista tamb\u00e9m enalteceu o Cr\u00e9dito do Trabalhador. &#8220;Estamos facilitando o acesso ao cr\u00e9dito consignado para quem tem carteira assinada e os trabalhadores rurais e as trabalhadoras dom\u00e9sticas&#8221;, disse o chefe do Executivo.<\/p>\n\n\n\n<p>No in\u00edcio do pronunciamento, Lula afirmou que o dia 1\u00ba de maio \u00e9 de &#8220;celebrar&#8221; as trabalhadoras e trabalhadores brasileiros e mencionou dados favor\u00e1veis ao governo federal.<\/p>\n\n\n\n<p>&#8220;Em apenas dois anos e quatro meses de governo, j\u00e1 geramos 3 milh\u00f5es e 800 mil postos de trabalho com carteira assinada. Sa\u00edmos do maior para o menor desemprego da hist\u00f3ria. E atingimos o recorde hist\u00f3rico de pessoas empregadas&#8221;, afirmou.<\/p>\n\n\n\n<p>Lula prosseguiu: &#8220;O sal\u00e1rio m\u00ednimo voltou a subir acima da infla\u00e7\u00e3o, e 90% das categorias profissionais tiveram ganhos reais de sal\u00e1rio. Tudo isso s\u00f3 foi poss\u00edvel porque, depois de uma d\u00e9cada, a economia do Brasil voltou a crescer acima de 3% por dois anos consecutivos, superando todas as expectativas&#8221;.<\/p>\n\n\n\n<p>O presidente tamb\u00e9m destacou investimentos em educa\u00e7\u00e3o em tempo integral e em institui\u00e7\u00f5es de ensino e afirmou que &#8220;estamos construindo um Brasil mais justo, onde o humanismo e o desenvolvimento caminhem juntos&#8221;.<\/p>\n\n\n\n<p>No pronunciamento, o presidente falou que foi no seu governo que se descobriu o esquema de descontos irregulares de aposentadorias e pens\u00f5es do INSS. &#8220;O esquema criminoso vinha operando desde 2019&#8221;, afirmou.<\/p>\n\n\n\n<p>Nesta quarta-feira, o governo anunciou a nomea\u00e7\u00e3o de um novo presidente para o INSS. O escolhido foi o procurador Gilberto Waller Junior. A Pol\u00edcia Federal e a Controladoria-Geral da Uni\u00e3o (CGU) deflagaram na semana passada a Opera\u00e7\u00e3o Sem Desconto que identificou um esquema fraudulento de dedu\u00e7\u00f5es indevidas em benef\u00edcios de aposentados e pensionistas do INSS.<\/p>\n\n\n\n<p>O valor estimado em cobran\u00e7as irregulares soma R$ 6,3 bilh\u00f5es entre 2019 e 2024, segundo a PF. Mas, se retroagir a data at\u00e9 2016, esse valor sobe para quase R$ 8 bilh\u00f5es referentes a descontos sem autoriza\u00e7\u00e3o.<\/p>\n\n\n\n<p>Do Conte\u00fado Estad\u00e3o<\/p>\n","protected":false},"excerpt":{"rendered":"<p>O presidente Luiz In\u00e1cio Lula da Silva defendeu nesta quarta-feira, 30, a revis\u00e3o da jornada de trabalho no Pa\u00eds. Em<\/p>\n","protected":false},"author":2,"featured_media":44195,"comment_status":"open","ping_status":"open","sticky":false,"template":"","format":"standard","meta":{"jetpack_post_was_ever_published":false,"_jetpack_newsletter_access":"","_jetpack_dont_email_post_to_subs":false,"_jetpack_newsletter_tier_id":0,"_jetpack_memberships_contains_paywalled_content":false,"_jetpack_memberships_contains_paid_content":false,"footnotes":"","jetpack_publicize_message":"","jetpack_publicize_feature_enabled":true,"jetpack_social_post_already_shared":true,"jetpack_social_options":{"image_generator_settings":{"template":"highway","default_image_id":0,"font":"","enabled":false},"version":2}},"categories":[12],"tags":[],"class_list":["post-65421","post","type-post","status-publish","format-standard","has-post-thumbnail","hentry","category-brasil"],"yoast_head":"<!-- This site is optimized with the Yoast SEO plugin v27.5 - https:\/\/yoast.com\/product\/yoast-seo-wordpress\/ -->\n<title>Lula defendeu redu\u00e7\u00e3o de jornada 6 por 1 e disse que seu governo descobriu a fraude no INSS - Afogados FM<\/title>\n<meta name=\"robots\" content=\"index, follow, max-snippet:-1, max-image-preview:large, max-video-preview:-1\" \/>\n<link rel=\"canonical\" href=\"https:\/\/afogadosfm.com.br\/afogadosfm\/2025\/05\/01\/lula-defendeu-reducao-de-jornada-6-por-1-e-disse-que-seu-governo-descobriu-a-fraude-no-inss\/\" \/>\n<meta property=\"og:locale\" content=\"pt_BR\" \/>\n<meta property=\"og:type\" content=\"article\" \/>\n<meta property=\"og:title\" content=\"Lula defendeu redu\u00e7\u00e3o de jornada 6 por 1 e disse que seu governo descobriu a fraude no INSS - Afogados FM\" \/>\n<meta property=\"og:description\" content=\"O presidente Luiz In\u00e1cio Lula da Silva defendeu nesta quarta-feira, 30, a revis\u00e3o da jornada de trabalho no Pa\u00eds. Em\" \/>\n<meta property=\"og:url\" content=\"https:\/\/afogadosfm.com.br\/afogadosfm\/2025\/05\/01\/lula-defendeu-reducao-de-jornada-6-por-1-e-disse-que-seu-governo-descobriu-a-fraude-no-inss\/\" \/>\n<meta property=\"og:site_name\" content=\"Afogados FM\" \/>\n<meta property=\"article:published_time\" content=\"2025-05-01T08:58:47+00:00\" \/>\n<meta property=\"article:modified_time\" content=\"2025-05-01T08:58:49+00:00\" \/>\n<meta property=\"og:image\" content=\"https:\/\/afogadosfm.com.br\/afogadosfm\/wp-content\/uploads\/2023\/01\/lulair.webp\" \/>\n\t<meta property=\"og:image:width\" content=\"1024\" \/>\n\t<meta property=\"og:image:height\" content=\"768\" \/>\n\t<meta property=\"og:image:type\" content=\"image\/webp\" \/>\n<meta name=\"author\" content=\"afogadosfm\" \/>\n<meta name=\"twitter:card\" content=\"summary_large_image\" \/>\n<meta name=\"twitter:label1\" content=\"Escrito por\" \/>\n\t<meta name=\"twitter:data1\" content=\"afogadosfm\" \/>\n\t<meta name=\"twitter:label2\" content=\"Est. tempo de leitura\" \/>\n\t<meta name=\"twitter:data2\" content=\"4 minutos\" \/>\n<script type=\"application\/ld+json\" class=\"yoast-schema-graph\">{\"@context\":\"https:\\\/\\\/schema.org\",\"@graph\":[{\"@type\":\"Article\",\"@id\":\"https:\\\/\\\/afogadosfm.com.br\\\/afogadosfm\\\/2025\\\/05\\\/01\\\/lula-defendeu-reducao-de-jornada-6-por-1-e-disse-que-seu-governo-descobriu-a-fraude-no-inss\\\/#article\",\"isPartOf\":{\"@id\":\"https:\\\/\\\/afogadosfm.com.br\\\/afogadosfm\\\/2025\\\/05\\\/01\\\/lula-defendeu-reducao-de-jornada-6-por-1-e-disse-que-seu-governo-descobriu-a-fraude-no-inss\\\/\"},\"author\":{\"name\":\"afogadosfm\",\"@id\":\"https:\\\/\\\/afogadosfm.com.br\\\/afogadosfm\\\/#\\\/schema\\\/person\\\/60e56f2cf5dc960fc093fe093d9e9057\"},\"headline\":\"Lula defendeu redu\u00e7\u00e3o de jornada 6 por 1 e disse que seu governo descobriu a fraude no INSS\",\"datePublished\":\"2025-05-01T08:58:47+00:00\",\"dateModified\":\"2025-05-01T08:58:49+00:00\",\"mainEntityOfPage\":{\"@id\":\"https:\\\/\\\/afogadosfm.com.br\\\/afogadosfm\\\/2025\\\/05\\\/01\\\/lula-defendeu-reducao-de-jornada-6-por-1-e-disse-que-seu-governo-descobriu-a-fraude-no-inss\\\/\"},\"wordCount\":597,\"commentCount\":0,\"publisher\":{\"@id\":\"https:\\\/\\\/afogadosfm.com.br\\\/afogadosfm\\\/#organization\"},\"image\":{\"@id\":\"https:\\\/\\\/afogadosfm.com.br\\\/afogadosfm\\\/2025\\\/05\\\/01\\\/lula-defendeu-reducao-de-jornada-6-por-1-e-disse-que-seu-governo-descobriu-a-fraude-no-inss\\\/#primaryimage\"},\"thumbnailUrl\":\"https:\\\/\\\/i0.wp.com\\\/afogadosfm.com.br\\\/afogadosfm\\\/wp-content\\\/uploads\\\/2023\\\/01\\\/lulair.webp?fit=1024%2C768&ssl=1\",\"articleSection\":[\"Brasil\"],\"inLanguage\":\"pt-BR\",\"potentialAction\":[{\"@type\":\"CommentAction\",\"name\":\"Comment\",\"target\":[\"https:\\\/\\\/afogadosfm.com.br\\\/afogadosfm\\\/2025\\\/05\\\/01\\\/lula-defendeu-reducao-de-jornada-6-por-1-e-disse-que-seu-governo-descobriu-a-fraude-no-inss\\\/#respond\"]}]},{\"@type\":\"WebPage\",\"@id\":\"https:\\\/\\\/afogadosfm.com.br\\\/afogadosfm\\\/2025\\\/05\\\/01\\\/lula-defendeu-reducao-de-jornada-6-por-1-e-disse-que-seu-governo-descobriu-a-fraude-no-inss\\\/\",\"url\":\"https:\\\/\\\/afogadosfm.com.br\\\/afogadosfm\\\/2025\\\/05\\\/01\\\/lula-defendeu-reducao-de-jornada-6-por-1-e-disse-que-seu-governo-descobriu-a-fraude-no-inss\\\/\",\"name\":\"Lula defendeu redu\u00e7\u00e3o de jornada 6 por 1 e disse que seu governo descobriu a fraude no INSS - Afogados FM\",\"isPartOf\":{\"@id\":\"https:\\\/\\\/afogadosfm.com.br\\\/afogadosfm\\\/#website\"},\"primaryImageOfPage\":{\"@id\":\"https:\\\/\\\/afogadosfm.com.br\\\/afogadosfm\\\/2025\\\/05\\\/01\\\/lula-defendeu-reducao-de-jornada-6-por-1-e-disse-que-seu-governo-descobriu-a-fraude-no-inss\\\/#primaryimage\"},\"image\":{\"@id\":\"https:\\\/\\\/afogadosfm.com.br\\\/afogadosfm\\\/2025\\\/05\\\/01\\\/lula-defendeu-reducao-de-jornada-6-por-1-e-disse-que-seu-governo-descobriu-a-fraude-no-inss\\\/#primaryimage\"},\"thumbnailUrl\":\"https:\\\/\\\/i0.wp.com\\\/afogadosfm.com.br\\\/afogadosfm\\\/wp-content\\\/uploads\\\/2023\\\/01\\\/lulair.webp?fit=1024%2C768&ssl=1\",\"datePublished\":\"2025-05-01T08:58:47+00:00\",\"dateModified\":\"2025-05-01T08:58:49+00:00\",\"breadcrumb\":{\"@id\":\"https:\\\/\\\/afogadosfm.com.br\\\/afogadosfm\\\/2025\\\/05\\\/01\\\/lula-defendeu-reducao-de-jornada-6-por-1-e-disse-que-seu-governo-descobriu-a-fraude-no-inss\\\/#breadcrumb\"},\"inLanguage\":\"pt-BR\",\"potentialAction\":[{\"@type\":\"ReadAction\",\"target\":[\"https:\\\/\\\/afogadosfm.com.br\\\/afogadosfm\\\/2025\\\/05\\\/01\\\/lula-defendeu-reducao-de-jornada-6-por-1-e-disse-que-seu-governo-descobriu-a-fraude-no-inss\\\/\"]}]},{\"@type\":\"ImageObject\",\"inLanguage\":\"pt-BR\",\"@id\":\"https:\\\/\\\/afogadosfm.com.br\\\/afogadosfm\\\/2025\\\/05\\\/01\\\/lula-defendeu-reducao-de-jornada-6-por-1-e-disse-que-seu-governo-descobriu-a-fraude-no-inss\\\/#primaryimage\",\"url\":\"https:\\\/\\\/i0.wp.com\\\/afogadosfm.com.br\\\/afogadosfm\\\/wp-content\\\/uploads\\\/2023\\\/01\\\/lulair.webp?fit=1024%2C768&ssl=1\",\"contentUrl\":\"https:\\\/\\\/i0.wp.com\\\/afogadosfm.com.br\\\/afogadosfm\\\/wp-content\\\/uploads\\\/2023\\\/01\\\/lulair.webp?fit=1024%2C768&ssl=1\",\"width\":1024,\"height\":768},{\"@type\":\"BreadcrumbList\",\"@id\":\"https:\\\/\\\/afogadosfm.com.br\\\/afogadosfm\\\/2025\\\/05\\\/01\\\/lula-defendeu-reducao-de-jornada-6-por-1-e-disse-que-seu-governo-descobriu-a-fraude-no-inss\\\/#breadcrumb\",\"itemListElement\":[{\"@type\":\"ListItem\",\"position\":1,\"name\":\"In\u00edcio\",\"item\":\"https:\\\/\\\/afogadosfm.com.br\\\/afogadosfm\\\/\"},{\"@type\":\"ListItem\",\"position\":2,\"name\":\"Lula defendeu redu\u00e7\u00e3o de jornada 6 por 1 e disse que seu governo descobriu a fraude no INSS\"}]},{\"@type\":\"WebSite\",\"@id\":\"https:\\\/\\\/afogadosfm.com.br\\\/afogadosfm\\\/#website\",\"url\":\"https:\\\/\\\/afogadosfm.com.br\\\/afogadosfm\\\/\",\"name\":\"Afogados FM\",\"description\":\"Um site completo!\",\"publisher\":{\"@id\":\"https:\\\/\\\/afogadosfm.com.br\\\/afogadosfm\\\/#organization\"},\"potentialAction\":[{\"@type\":\"SearchAction\",\"target\":{\"@type\":\"EntryPoint\",\"urlTemplate\":\"https:\\\/\\\/afogadosfm.com.br\\\/afogadosfm\\\/?s={search_term_string}\"},\"query-input\":{\"@type\":\"PropertyValueSpecification\",\"valueRequired\":true,\"valueName\":\"search_term_string\"}}],\"inLanguage\":\"pt-BR\"},{\"@type\":\"Organization\",\"@id\":\"https:\\\/\\\/afogadosfm.com.br\\\/afogadosfm\\\/#organization\",\"name\":\"Afogados FM\",\"url\":\"https:\\\/\\\/afogadosfm.com.br\\\/afogadosfm\\\/\",\"logo\":{\"@type\":\"ImageObject\",\"inLanguage\":\"pt-BR\",\"@id\":\"https:\\\/\\\/afogadosfm.com.br\\\/afogadosfm\\\/#\\\/schema\\\/logo\\\/image\\\/\",\"url\":\"https:\\\/\\\/i0.wp.com\\\/afogadosfm.com.br\\\/afogadosfm\\\/wp-content\\\/uploads\\\/2020\\\/06\\\/cropped-banner-afogados-4.jpg?fit=369%2C137&ssl=1\",\"contentUrl\":\"https:\\\/\\\/i0.wp.com\\\/afogadosfm.com.br\\\/afogadosfm\\\/wp-content\\\/uploads\\\/2020\\\/06\\\/cropped-banner-afogados-4.jpg?fit=369%2C137&ssl=1\",\"width\":369,\"height\":137,\"caption\":\"Afogados FM\"},\"image\":{\"@id\":\"https:\\\/\\\/afogadosfm.com.br\\\/afogadosfm\\\/#\\\/schema\\\/logo\\\/image\\\/\"}},{\"@type\":\"Person\",\"@id\":\"https:\\\/\\\/afogadosfm.com.br\\\/afogadosfm\\\/#\\\/schema\\\/person\\\/60e56f2cf5dc960fc093fe093d9e9057\",\"name\":\"afogadosfm\",\"image\":{\"@type\":\"ImageObject\",\"inLanguage\":\"pt-BR\",\"@id\":\"https:\\\/\\\/secure.gravatar.com\\\/avatar\\\/e0359add7ed5dc3560906d861b52c6a8cf5c1e199d3a7dd85070998f49bd4701?s=96&d=mm&r=g\",\"url\":\"https:\\\/\\\/secure.gravatar.com\\\/avatar\\\/e0359add7ed5dc3560906d861b52c6a8cf5c1e199d3a7dd85070998f49bd4701?s=96&d=mm&r=g\",\"contentUrl\":\"https:\\\/\\\/secure.gravatar.com\\\/avatar\\\/e0359add7ed5dc3560906d861b52c6a8cf5c1e199d3a7dd85070998f49bd4701?s=96&d=mm&r=g\",\"caption\":\"afogadosfm\"},\"url\":\"https:\\\/\\\/afogadosfm.com.br\\\/afogadosfm\\\/author\\\/afogadosfm\\\/\"}]}<\/script>\n<!-- \/ Yoast SEO plugin. -->","yoast_head_json":{"title":"Lula defendeu redu\u00e7\u00e3o de jornada 6 por 1 e disse que seu governo descobriu a fraude no INSS - Afogados FM","robots":{"index":"index","follow":"follow","max-snippet":"max-snippet:-1","max-image-preview":"max-image-preview:large","max-video-preview":"max-video-preview:-1"},"canonical":"https:\/\/afogadosfm.com.br\/afogadosfm\/2025\/05\/01\/lula-defendeu-reducao-de-jornada-6-por-1-e-disse-que-seu-governo-descobriu-a-fraude-no-inss\/","og_locale":"pt_BR","og_type":"article","og_title":"Lula defendeu redu\u00e7\u00e3o de jornada 6 por 1 e disse que seu governo descobriu a fraude no INSS - Afogados FM","og_description":"O presidente Luiz In\u00e1cio Lula da Silva defendeu nesta quarta-feira, 30, a revis\u00e3o da jornada de trabalho no Pa\u00eds. Em","og_url":"https:\/\/afogadosfm.com.br\/afogadosfm\/2025\/05\/01\/lula-defendeu-reducao-de-jornada-6-por-1-e-disse-que-seu-governo-descobriu-a-fraude-no-inss\/","og_site_name":"Afogados FM","article_published_time":"2025-05-01T08:58:47+00:00","article_modified_time":"2025-05-01T08:58:49+00:00","og_image":[{"width":1024,"height":768,"url":"https:\/\/afogadosfm.com.br\/afogadosfm\/wp-content\/uploads\/2023\/01\/lulair.webp","type":"image\/webp"}],"author":"afogadosfm","twitter_card":"summary_large_image","twitter_misc":{"Escrito por":"afogadosfm","Est. tempo de leitura":"4 minutos"},"schema":{"@context":"https:\/\/schema.org","@graph":[{"@type":"Article","@id":"https:\/\/afogadosfm.com.br\/afogadosfm\/2025\/05\/01\/lula-defendeu-reducao-de-jornada-6-por-1-e-disse-que-seu-governo-descobriu-a-fraude-no-inss\/#article","isPartOf":{"@id":"https:\/\/afogadosfm.com.br\/afogadosfm\/2025\/05\/01\/lula-defendeu-reducao-de-jornada-6-por-1-e-disse-que-seu-governo-descobriu-a-fraude-no-inss\/"},"author":{"name":"afogadosfm","@id":"https:\/\/afogadosfm.com.br\/afogadosfm\/#\/schema\/person\/60e56f2cf5dc960fc093fe093d9e9057"},"headline":"Lula defendeu redu\u00e7\u00e3o de jornada 6 por 1 e disse que seu governo descobriu a fraude no INSS","datePublished":"2025-05-01T08:58:47+00:00","dateModified":"2025-05-01T08:58:49+00:00","mainEntityOfPage":{"@id":"https:\/\/afogadosfm.com.br\/afogadosfm\/2025\/05\/01\/lula-defendeu-reducao-de-jornada-6-por-1-e-disse-que-seu-governo-descobriu-a-fraude-no-inss\/"},"wordCount":597,"commentCount":0,"publisher":{"@id":"https:\/\/afogadosfm.com.br\/afogadosfm\/#organization"},"image":{"@id":"https:\/\/afogadosfm.com.br\/afogadosfm\/2025\/05\/01\/lula-defendeu-reducao-de-jornada-6-por-1-e-disse-que-seu-governo-descobriu-a-fraude-no-inss\/#primaryimage"},"thumbnailUrl":"https:\/\/i0.wp.com\/afogadosfm.com.br\/afogadosfm\/wp-content\/uploads\/2023\/01\/lulair.webp?fit=1024%2C768&ssl=1","articleSection":["Brasil"],"inLanguage":"pt-BR","potentialAction":[{"@type":"CommentAction","name":"Comment","target":["https:\/\/afogadosfm.com.br\/afogadosfm\/2025\/05\/01\/lula-defendeu-reducao-de-jornada-6-por-1-e-disse-que-seu-governo-descobriu-a-fraude-no-inss\/#respond"]}]},{"@type":"WebPage","@id":"https:\/\/afogadosfm.com.br\/afogadosfm\/2025\/05\/01\/lula-defendeu-reducao-de-jornada-6-por-1-e-disse-que-seu-governo-descobriu-a-fraude-no-inss\/","url":"https:\/\/afogadosfm.com.br\/afogadosfm\/2025\/05\/01\/lula-defendeu-reducao-de-jornada-6-por-1-e-disse-que-seu-governo-descobriu-a-fraude-no-inss\/","name":"Lula defendeu redu\u00e7\u00e3o de jornada 6 por 1 e disse que seu governo descobriu a fraude no INSS - Afogados FM","isPartOf":{"@id":"https:\/\/afogadosfm.com.br\/afogadosfm\/#website"},"primaryImageOfPage":{"@id":"https:\/\/afogadosfm.com.br\/afogadosfm\/2025\/05\/01\/lula-defendeu-reducao-de-jornada-6-por-1-e-disse-que-seu-governo-descobriu-a-fraude-no-inss\/#primaryimage"},"image":{"@id":"https:\/\/afogadosfm.com.br\/afogadosfm\/2025\/05\/01\/lula-defendeu-reducao-de-jornada-6-por-1-e-disse-que-seu-governo-descobriu-a-fraude-no-inss\/#primaryimage"},"thumbnailUrl":"https:\/\/i0.wp.com\/afogadosfm.com.br\/afogadosfm\/wp-content\/uploads\/2023\/01\/lulair.webp?fit=1024%2C768&ssl=1","datePublished":"2025-05-01T08:58:47+00:00","dateModified":"2025-05-01T08:58:49+00:00","breadcrumb":{"@id":"https:\/\/afogadosfm.com.br\/afogadosfm\/2025\/05\/01\/lula-defendeu-reducao-de-jornada-6-por-1-e-disse-que-seu-governo-descobriu-a-fraude-no-inss\/#breadcrumb"},"inLanguage":"pt-BR","potentialAction":[{"@type":"ReadAction","target":["https:\/\/afogadosfm.com.br\/afogadosfm\/2025\/05\/01\/lula-defendeu-reducao-de-jornada-6-por-1-e-disse-que-seu-governo-descobriu-a-fraude-no-inss\/"]}]},{"@type":"ImageObject","inLanguage":"pt-BR","@id":"https:\/\/afogadosfm.com.br\/afogadosfm\/2025\/05\/01\/lula-defendeu-reducao-de-jornada-6-por-1-e-disse-que-seu-governo-descobriu-a-fraude-no-inss\/#primaryimage","url":"https:\/\/i0.wp.com\/afogadosfm.com.br\/afogadosfm\/wp-content\/uploads\/2023\/01\/lulair.webp?fit=1024%2C768&ssl=1","contentUrl":"https:\/\/i0.wp.com\/afogadosfm.com.br\/afogadosfm\/wp-content\/uploads\/2023\/01\/lulair.webp?fit=1024%2C768&ssl=1","width":1024,"height":768},{"@type":"BreadcrumbList","@id":"https:\/\/afogadosfm.com.br\/afogadosfm\/2025\/05\/01\/lula-defendeu-reducao-de-jornada-6-por-1-e-disse-que-seu-governo-descobriu-a-fraude-no-inss\/#breadcrumb","itemListElement":[{"@type":"ListItem","position":1,"name":"In\u00edcio","item":"https:\/\/afogadosfm.com.br\/afogadosfm\/"},{"@type":"ListItem","position":2,"name":"Lula defendeu redu\u00e7\u00e3o de jornada 6 por 1 e disse que seu governo descobriu a fraude no INSS"}]},{"@type":"WebSite","@id":"https:\/\/afogadosfm.com.br\/afogadosfm\/#website","url":"https:\/\/afogadosfm.com.br\/afogadosfm\/","name":"Afogados FM","description":"Um site completo!","publisher":{"@id":"https:\/\/afogadosfm.com.br\/afogadosfm\/#organization"},"potentialAction":[{"@type":"SearchAction","target":{"@type":"EntryPoint","urlTemplate":"https:\/\/afogadosfm.com.br\/afogadosfm\/?s={search_term_string}"},"query-input":{"@type":"PropertyValueSpecification","valueRequired":true,"valueName":"search_term_string"}}],"inLanguage":"pt-BR"},{"@type":"Organization","@id":"https:\/\/afogadosfm.com.br\/afogadosfm\/#organization","name":"Afogados FM","url":"https:\/\/afogadosfm.com.br\/afogadosfm\/","logo":{"@type":"ImageObject","inLanguage":"pt-BR","@id":"https:\/\/afogadosfm.com.br\/afogadosfm\/#\/schema\/logo\/image\/","url":"https:\/\/i0.wp.com\/afogadosfm.com.br\/afogadosfm\/wp-content\/uploads\/2020\/06\/cropped-banner-afogados-4.jpg?fit=369%2C137&ssl=1","contentUrl":"https:\/\/i0.wp.com\/afogadosfm.com.br\/afogadosfm\/wp-content\/uploads\/2020\/06\/cropped-banner-afogados-4.jpg?fit=369%2C137&ssl=1","width":369,"height":137,"caption":"Afogados FM"},"image":{"@id":"https:\/\/afogadosfm.com.br\/afogadosfm\/#\/schema\/logo\/image\/"}},{"@type":"Person","@id":"https:\/\/afogadosfm.com.br\/afogadosfm\/#\/schema\/person\/60e56f2cf5dc960fc093fe093d9e9057","name":"afogadosfm","image":{"@type":"ImageObject","inLanguage":"pt-BR","@id":"https:\/\/secure.gravatar.com\/avatar\/e0359add7ed5dc3560906d861b52c6a8cf5c1e199d3a7dd85070998f49bd4701?s=96&d=mm&r=g","url":"https:\/\/secure.gravatar.com\/avatar\/e0359add7ed5dc3560906d861b52c6a8cf5c1e199d3a7dd85070998f49bd4701?s=96&d=mm&r=g","contentUrl":"https:\/\/secure.gravatar.com\/avatar\/e0359add7ed5dc3560906d861b52c6a8cf5c1e199d3a7dd85070998f49bd4701?s=96&d=mm&r=g","caption":"afogadosfm"},"url":"https:\/\/afogadosfm.com.br\/afogadosfm\/author\/afogadosfm\/"}]}},"jetpack_publicize_connections":[],"jetpack_featured_media_url":"https:\/\/i0.wp.com\/afogadosfm.com.br\/afogadosfm\/wp-content\/uploads\/2023\/01\/lulair.webp?fit=1024%2C768&ssl=1","jetpack-related-posts":[],"jetpack_sharing_enabled":true,"jetpack_likes_enabled":true,"_links":{"self":[{"href":"https:\/\/afogadosfm.com.br\/afogadosfm\/wp-json\/wp\/v2\/posts\/65421","targetHints":{"allow":["GET"]}}],"collection":[{"href":"https:\/\/afogadosfm.com.br\/afogadosfm\/wp-json\/wp\/v2\/posts"}],"about":[{"href":"https:\/\/afogadosfm.com.br\/afogadosfm\/wp-json\/wp\/v2\/types\/post"}],"author":[{"embeddable":true,"href":"https:\/\/afogadosfm.com.br\/afogadosfm\/wp-json\/wp\/v2\/users\/2"}],"replies":[{"embeddable":true,"href":"https:\/\/afogadosfm.com.br\/afogadosfm\/wp-json\/wp\/v2\/comments?post=65421"}],"version-history":[{"count":1,"href":"https:\/\/afogadosfm.com.br\/afogadosfm\/wp-json\/wp\/v2\/posts\/65421\/revisions"}],"predecessor-version":[{"id":65422,"href":"https:\/\/afogadosfm.com.br\/afogadosfm\/wp-json\/wp\/v2\/posts\/65421\/revisions\/65422"}],"wp:featuredmedia":[{"embeddable":true,"href":"https:\/\/afogadosfm.com.br\/afogadosfm\/wp-json\/wp\/v2\/media\/44195"}],"wp:attachment":[{"href":"https:\/\/afogadosfm.com.br\/afogadosfm\/wp-json\/wp\/v2\/media?parent=65421"}],"wp:term":[{"taxonomy":"category","embeddable":true,"href":"https:\/\/afogadosfm.com.br\/afogadosfm\/wp-json\/wp\/v2\/categories?post=65421"},{"taxonomy":"post_tag","embeddable":true,"href":"https:\/\/afogadosfm.com.br\/afogadosfm\/wp-json\/wp\/v2\/tags?post=65421"}],"curies":[{"name":"wp","href":"https:\/\/api.w.org\/{rel}","templated":true}]}}