{"id":66051,"date":"2025-05-22T07:51:05","date_gmt":"2025-05-22T10:51:05","guid":{"rendered":"https:\/\/afogadosfm.com.br\/afogadosfm\/?p=66051"},"modified":"2025-05-22T07:51:07","modified_gmt":"2025-05-22T10:51:07","slug":"veiculo-que-foi-furtado-em-carnaiba-e-localizado-em-belo-jardim-pe","status":"publish","type":"post","link":"https:\/\/afogadosfm.com.br\/afogadosfm\/2025\/05\/22\/veiculo-que-foi-furtado-em-carnaiba-e-localizado-em-belo-jardim-pe\/","title":{"rendered":"Veiculo que foi furtado em Carna\u00edba \u00e9 localizado em Belo Jardim-PE"},"content":{"rendered":"\n<p>Lad\u00f5es furtaram na madrugada da quarta feira 21, um ve\u00edculo Gol, de cor prata, de placas CDA 4486, da Rua Jo\u00e3o Pereira Lima, no bairro da Caixa D\u2019\u00e1gua, na cidade de Carna\u00edba, no sert\u00e3o de Pernambuco.<\/p>\n\n\n\n<p>O ve\u00edculo pertence a Val de Lulu Borracheiro.<\/p>\n\n\n\n<p>Com a\u00e7\u00e3o r\u00e1pida do propriet\u00e1rio em efetuar o Boletim de Ocorr\u00eancia j\u00e1 na manh\u00e3 desta quarta feira&nbsp; na Delegacia de Policia Civil de Carna\u00edba, o veiculo foi recuperado poucas horas depois j\u00e1 na cidade de Belo Jardim, cidade distante 220 Km de onde o carro foi furtado. O percurso leva em m\u00e9dia tr\u00eas horas.<\/p>\n\n\n\n<p>Ainda de acordo com informa\u00e7\u00f5es, dois suspeitos foram detidos e o carro apreendido at\u00e9 a chegada do propriet\u00e1rio.<\/p>\n\n\n\n<p>do Cau\u00ea rodrigues<\/p>\n","protected":false},"excerpt":{"rendered":"<p>Lad\u00f5es furtaram na madrugada da quarta feira 21, um ve\u00edculo Gol, de cor prata, de placas CDA 4486, da Rua<\/p>\n","protected":false},"author":2,"featured_media":66052,"comment_status":"open","ping_status":"open","sticky":false,"template":"","format":"standard","meta":{"jetpack_post_was_ever_published":false,"_jetpack_newsletter_access":"","_jetpack_dont_email_post_to_subs":false,"_jetpack_newsletter_tier_id":0,"_jetpack_memberships_contains_paywalled_content":false,"_jetpack_memberships_contains_paid_content":false,"footnotes":"","jetpack_publicize_message":"","jetpack_publicize_feature_enabled":true,"jetpack_social_post_already_shared":true,"jetpack_social_options":{"image_generator_settings":{"template":"highway","default_image_id":0,"font":"","enabled":false},"version":2}},"categories":[34],"tags":[],"class_list":["post-66051","post","type-post","status-publish","format-standard","has-post-thumbnail","hentry","category-policia"],"yoast_head":"<!-- This site is optimized with the Yoast SEO plugin v27.5 - https:\/\/yoast.com\/product\/yoast-seo-wordpress\/ -->\n<title>Veiculo que foi furtado em Carna\u00edba \u00e9 localizado em Belo Jardim-PE - Afogados FM<\/title>\n<meta name=\"robots\" content=\"index, follow, max-snippet:-1, max-image-preview:large, max-video-preview:-1\" \/>\n<link rel=\"canonical\" href=\"https:\/\/afogadosfm.com.br\/afogadosfm\/2025\/05\/22\/veiculo-que-foi-furtado-em-carnaiba-e-localizado-em-belo-jardim-pe\/\" \/>\n<meta property=\"og:locale\" content=\"pt_BR\" \/>\n<meta property=\"og:type\" content=\"article\" \/>\n<meta property=\"og:title\" content=\"Veiculo que foi furtado em Carna\u00edba \u00e9 localizado em Belo Jardim-PE - Afogados FM\" \/>\n<meta property=\"og:description\" content=\"Lad\u00f5es furtaram na madrugada da quarta feira 21, um ve\u00edculo Gol, de cor prata, de placas CDA 4486, da Rua\" \/>\n<meta property=\"og:url\" content=\"https:\/\/afogadosfm.com.br\/afogadosfm\/2025\/05\/22\/veiculo-que-foi-furtado-em-carnaiba-e-localizado-em-belo-jardim-pe\/\" \/>\n<meta property=\"og:site_name\" content=\"Afogados FM\" \/>\n<meta property=\"article:published_time\" content=\"2025-05-22T10:51:05+00:00\" \/>\n<meta property=\"article:modified_time\" content=\"2025-05-22T10:51:07+00:00\" \/>\n<meta property=\"og:image\" content=\"https:\/\/afogadosfm.com.br\/afogadosfm\/wp-content\/uploads\/2025\/05\/CARRO-ROUBADO-EM-CARNAIBA.jpg\" \/>\n\t<meta property=\"og:image:width\" content=\"720\" \/>\n\t<meta property=\"og:image:height\" content=\"739\" \/>\n\t<meta property=\"og:image:type\" content=\"image\/jpeg\" \/>\n<meta name=\"author\" content=\"afogadosfm\" \/>\n<meta name=\"twitter:card\" content=\"summary_large_image\" \/>\n<meta name=\"twitter:label1\" content=\"Escrito por\" \/>\n\t<meta name=\"twitter:data1\" content=\"afogadosfm\" \/>\n\t<meta name=\"twitter:label2\" content=\"Est. tempo de leitura\" \/>\n\t<meta name=\"twitter:data2\" content=\"1 minuto\" \/>\n<script type=\"application\/ld+json\" class=\"yoast-schema-graph\">{\"@context\":\"https:\\\/\\\/schema.org\",\"@graph\":[{\"@type\":\"Article\",\"@id\":\"https:\\\/\\\/afogadosfm.com.br\\\/afogadosfm\\\/2025\\\/05\\\/22\\\/veiculo-que-foi-furtado-em-carnaiba-e-localizado-em-belo-jardim-pe\\\/#article\",\"isPartOf\":{\"@id\":\"https:\\\/\\\/afogadosfm.com.br\\\/afogadosfm\\\/2025\\\/05\\\/22\\\/veiculo-que-foi-furtado-em-carnaiba-e-localizado-em-belo-jardim-pe\\\/\"},\"author\":{\"name\":\"afogadosfm\",\"@id\":\"https:\\\/\\\/afogadosfm.com.br\\\/afogadosfm\\\/#\\\/schema\\\/person\\\/60e56f2cf5dc960fc093fe093d9e9057\"},\"headline\":\"Veiculo que foi furtado em Carna\u00edba \u00e9 localizado em Belo Jardim-PE\",\"datePublished\":\"2025-05-22T10:51:05+00:00\",\"dateModified\":\"2025-05-22T10:51:07+00:00\",\"mainEntityOfPage\":{\"@id\":\"https:\\\/\\\/afogadosfm.com.br\\\/afogadosfm\\\/2025\\\/05\\\/22\\\/veiculo-que-foi-furtado-em-carnaiba-e-localizado-em-belo-jardim-pe\\\/\"},\"wordCount\":144,\"commentCount\":0,\"publisher\":{\"@id\":\"https:\\\/\\\/afogadosfm.com.br\\\/afogadosfm\\\/#organization\"},\"image\":{\"@id\":\"https:\\\/\\\/afogadosfm.com.br\\\/afogadosfm\\\/2025\\\/05\\\/22\\\/veiculo-que-foi-furtado-em-carnaiba-e-localizado-em-belo-jardim-pe\\\/#primaryimage\"},\"thumbnailUrl\":\"https:\\\/\\\/i0.wp.com\\\/afogadosfm.com.br\\\/afogadosfm\\\/wp-content\\\/uploads\\\/2025\\\/05\\\/CARRO-ROUBADO-EM-CARNAIBA.jpg?fit=720%2C739&ssl=1\",\"articleSection\":[\"Pol\u00edcia\"],\"inLanguage\":\"pt-BR\",\"potentialAction\":[{\"@type\":\"CommentAction\",\"name\":\"Comment\",\"target\":[\"https:\\\/\\\/afogadosfm.com.br\\\/afogadosfm\\\/2025\\\/05\\\/22\\\/veiculo-que-foi-furtado-em-carnaiba-e-localizado-em-belo-jardim-pe\\\/#respond\"]}]},{\"@type\":\"WebPage\",\"@id\":\"https:\\\/\\\/afogadosfm.com.br\\\/afogadosfm\\\/2025\\\/05\\\/22\\\/veiculo-que-foi-furtado-em-carnaiba-e-localizado-em-belo-jardim-pe\\\/\",\"url\":\"https:\\\/\\\/afogadosfm.com.br\\\/afogadosfm\\\/2025\\\/05\\\/22\\\/veiculo-que-foi-furtado-em-carnaiba-e-localizado-em-belo-jardim-pe\\\/\",\"name\":\"Veiculo que foi furtado em Carna\u00edba \u00e9 localizado em Belo Jardim-PE - Afogados FM\",\"isPartOf\":{\"@id\":\"https:\\\/\\\/afogadosfm.com.br\\\/afogadosfm\\\/#website\"},\"primaryImageOfPage\":{\"@id\":\"https:\\\/\\\/afogadosfm.com.br\\\/afogadosfm\\\/2025\\\/05\\\/22\\\/veiculo-que-foi-furtado-em-carnaiba-e-localizado-em-belo-jardim-pe\\\/#primaryimage\"},\"image\":{\"@id\":\"https:\\\/\\\/afogadosfm.com.br\\\/afogadosfm\\\/2025\\\/05\\\/22\\\/veiculo-que-foi-furtado-em-carnaiba-e-localizado-em-belo-jardim-pe\\\/#primaryimage\"},\"thumbnailUrl\":\"https:\\\/\\\/i0.wp.com\\\/afogadosfm.com.br\\\/afogadosfm\\\/wp-content\\\/uploads\\\/2025\\\/05\\\/CARRO-ROUBADO-EM-CARNAIBA.jpg?fit=720%2C739&ssl=1\",\"datePublished\":\"2025-05-22T10:51:05+00:00\",\"dateModified\":\"2025-05-22T10:51:07+00:00\",\"breadcrumb\":{\"@id\":\"https:\\\/\\\/afogadosfm.com.br\\\/afogadosfm\\\/2025\\\/05\\\/22\\\/veiculo-que-foi-furtado-em-carnaiba-e-localizado-em-belo-jardim-pe\\\/#breadcrumb\"},\"inLanguage\":\"pt-BR\",\"potentialAction\":[{\"@type\":\"ReadAction\",\"target\":[\"https:\\\/\\\/afogadosfm.com.br\\\/afogadosfm\\\/2025\\\/05\\\/22\\\/veiculo-que-foi-furtado-em-carnaiba-e-localizado-em-belo-jardim-pe\\\/\"]}]},{\"@type\":\"ImageObject\",\"inLanguage\":\"pt-BR\",\"@id\":\"https:\\\/\\\/afogadosfm.com.br\\\/afogadosfm\\\/2025\\\/05\\\/22\\\/veiculo-que-foi-furtado-em-carnaiba-e-localizado-em-belo-jardim-pe\\\/#primaryimage\",\"url\":\"https:\\\/\\\/i0.wp.com\\\/afogadosfm.com.br\\\/afogadosfm\\\/wp-content\\\/uploads\\\/2025\\\/05\\\/CARRO-ROUBADO-EM-CARNAIBA.jpg?fit=720%2C739&ssl=1\",\"contentUrl\":\"https:\\\/\\\/i0.wp.com\\\/afogadosfm.com.br\\\/afogadosfm\\\/wp-content\\\/uploads\\\/2025\\\/05\\\/CARRO-ROUBADO-EM-CARNAIBA.jpg?fit=720%2C739&ssl=1\",\"width\":720,\"height\":739},{\"@type\":\"BreadcrumbList\",\"@id\":\"https:\\\/\\\/afogadosfm.com.br\\\/afogadosfm\\\/2025\\\/05\\\/22\\\/veiculo-que-foi-furtado-em-carnaiba-e-localizado-em-belo-jardim-pe\\\/#breadcrumb\",\"itemListElement\":[{\"@type\":\"ListItem\",\"position\":1,\"name\":\"In\u00edcio\",\"item\":\"https:\\\/\\\/afogadosfm.com.br\\\/afogadosfm\\\/\"},{\"@type\":\"ListItem\",\"position\":2,\"name\":\"Veiculo que foi furtado em Carna\u00edba \u00e9 localizado em Belo Jardim-PE\"}]},{\"@type\":\"WebSite\",\"@id\":\"https:\\\/\\\/afogadosfm.com.br\\\/afogadosfm\\\/#website\",\"url\":\"https:\\\/\\\/afogadosfm.com.br\\\/afogadosfm\\\/\",\"name\":\"Afogados FM\",\"description\":\"Um site completo!\",\"publisher\":{\"@id\":\"https:\\\/\\\/afogadosfm.com.br\\\/afogadosfm\\\/#organization\"},\"potentialAction\":[{\"@type\":\"SearchAction\",\"target\":{\"@type\":\"EntryPoint\",\"urlTemplate\":\"https:\\\/\\\/afogadosfm.com.br\\\/afogadosfm\\\/?s={search_term_string}\"},\"query-input\":{\"@type\":\"PropertyValueSpecification\",\"valueRequired\":true,\"valueName\":\"search_term_string\"}}],\"inLanguage\":\"pt-BR\"},{\"@type\":\"Organization\",\"@id\":\"https:\\\/\\\/afogadosfm.com.br\\\/afogadosfm\\\/#organization\",\"name\":\"Afogados FM\",\"url\":\"https:\\\/\\\/afogadosfm.com.br\\\/afogadosfm\\\/\",\"logo\":{\"@type\":\"ImageObject\",\"inLanguage\":\"pt-BR\",\"@id\":\"https:\\\/\\\/afogadosfm.com.br\\\/afogadosfm\\\/#\\\/schema\\\/logo\\\/image\\\/\",\"url\":\"https:\\\/\\\/i0.wp.com\\\/afogadosfm.com.br\\\/afogadosfm\\\/wp-content\\\/uploads\\\/2020\\\/06\\\/cropped-banner-afogados-4.jpg?fit=369%2C137&ssl=1\",\"contentUrl\":\"https:\\\/\\\/i0.wp.com\\\/afogadosfm.com.br\\\/afogadosfm\\\/wp-content\\\/uploads\\\/2020\\\/06\\\/cropped-banner-afogados-4.jpg?fit=369%2C137&ssl=1\",\"width\":369,\"height\":137,\"caption\":\"Afogados FM\"},\"image\":{\"@id\":\"https:\\\/\\\/afogadosfm.com.br\\\/afogadosfm\\\/#\\\/schema\\\/logo\\\/image\\\/\"}},{\"@type\":\"Person\",\"@id\":\"https:\\\/\\\/afogadosfm.com.br\\\/afogadosfm\\\/#\\\/schema\\\/person\\\/60e56f2cf5dc960fc093fe093d9e9057\",\"name\":\"afogadosfm\",\"image\":{\"@type\":\"ImageObject\",\"inLanguage\":\"pt-BR\",\"@id\":\"https:\\\/\\\/secure.gravatar.com\\\/avatar\\\/e0359add7ed5dc3560906d861b52c6a8cf5c1e199d3a7dd85070998f49bd4701?s=96&d=mm&r=g\",\"url\":\"https:\\\/\\\/secure.gravatar.com\\\/avatar\\\/e0359add7ed5dc3560906d861b52c6a8cf5c1e199d3a7dd85070998f49bd4701?s=96&d=mm&r=g\",\"contentUrl\":\"https:\\\/\\\/secure.gravatar.com\\\/avatar\\\/e0359add7ed5dc3560906d861b52c6a8cf5c1e199d3a7dd85070998f49bd4701?s=96&d=mm&r=g\",\"caption\":\"afogadosfm\"},\"url\":\"https:\\\/\\\/afogadosfm.com.br\\\/afogadosfm\\\/author\\\/afogadosfm\\\/\"}]}<\/script>\n<!-- \/ Yoast SEO plugin. -->","yoast_head_json":{"title":"Veiculo que foi furtado em Carna\u00edba \u00e9 localizado em Belo Jardim-PE - Afogados FM","robots":{"index":"index","follow":"follow","max-snippet":"max-snippet:-1","max-image-preview":"max-image-preview:large","max-video-preview":"max-video-preview:-1"},"canonical":"https:\/\/afogadosfm.com.br\/afogadosfm\/2025\/05\/22\/veiculo-que-foi-furtado-em-carnaiba-e-localizado-em-belo-jardim-pe\/","og_locale":"pt_BR","og_type":"article","og_title":"Veiculo que foi furtado em Carna\u00edba \u00e9 localizado em Belo Jardim-PE - Afogados FM","og_description":"Lad\u00f5es furtaram na madrugada da quarta feira 21, um ve\u00edculo Gol, de cor prata, de placas CDA 4486, da Rua","og_url":"https:\/\/afogadosfm.com.br\/afogadosfm\/2025\/05\/22\/veiculo-que-foi-furtado-em-carnaiba-e-localizado-em-belo-jardim-pe\/","og_site_name":"Afogados FM","article_published_time":"2025-05-22T10:51:05+00:00","article_modified_time":"2025-05-22T10:51:07+00:00","og_image":[{"width":720,"height":739,"url":"https:\/\/afogadosfm.com.br\/afogadosfm\/wp-content\/uploads\/2025\/05\/CARRO-ROUBADO-EM-CARNAIBA.jpg","type":"image\/jpeg"}],"author":"afogadosfm","twitter_card":"summary_large_image","twitter_misc":{"Escrito por":"afogadosfm","Est. tempo de leitura":"1 minuto"},"schema":{"@context":"https:\/\/schema.org","@graph":[{"@type":"Article","@id":"https:\/\/afogadosfm.com.br\/afogadosfm\/2025\/05\/22\/veiculo-que-foi-furtado-em-carnaiba-e-localizado-em-belo-jardim-pe\/#article","isPartOf":{"@id":"https:\/\/afogadosfm.com.br\/afogadosfm\/2025\/05\/22\/veiculo-que-foi-furtado-em-carnaiba-e-localizado-em-belo-jardim-pe\/"},"author":{"name":"afogadosfm","@id":"https:\/\/afogadosfm.com.br\/afogadosfm\/#\/schema\/person\/60e56f2cf5dc960fc093fe093d9e9057"},"headline":"Veiculo que foi furtado em Carna\u00edba \u00e9 localizado em Belo Jardim-PE","datePublished":"2025-05-22T10:51:05+00:00","dateModified":"2025-05-22T10:51:07+00:00","mainEntityOfPage":{"@id":"https:\/\/afogadosfm.com.br\/afogadosfm\/2025\/05\/22\/veiculo-que-foi-furtado-em-carnaiba-e-localizado-em-belo-jardim-pe\/"},"wordCount":144,"commentCount":0,"publisher":{"@id":"https:\/\/afogadosfm.com.br\/afogadosfm\/#organization"},"image":{"@id":"https:\/\/afogadosfm.com.br\/afogadosfm\/2025\/05\/22\/veiculo-que-foi-furtado-em-carnaiba-e-localizado-em-belo-jardim-pe\/#primaryimage"},"thumbnailUrl":"https:\/\/i0.wp.com\/afogadosfm.com.br\/afogadosfm\/wp-content\/uploads\/2025\/05\/CARRO-ROUBADO-EM-CARNAIBA.jpg?fit=720%2C739&ssl=1","articleSection":["Pol\u00edcia"],"inLanguage":"pt-BR","potentialAction":[{"@type":"CommentAction","name":"Comment","target":["https:\/\/afogadosfm.com.br\/afogadosfm\/2025\/05\/22\/veiculo-que-foi-furtado-em-carnaiba-e-localizado-em-belo-jardim-pe\/#respond"]}]},{"@type":"WebPage","@id":"https:\/\/afogadosfm.com.br\/afogadosfm\/2025\/05\/22\/veiculo-que-foi-furtado-em-carnaiba-e-localizado-em-belo-jardim-pe\/","url":"https:\/\/afogadosfm.com.br\/afogadosfm\/2025\/05\/22\/veiculo-que-foi-furtado-em-carnaiba-e-localizado-em-belo-jardim-pe\/","name":"Veiculo que foi furtado em Carna\u00edba \u00e9 localizado em Belo Jardim-PE - Afogados FM","isPartOf":{"@id":"https:\/\/afogadosfm.com.br\/afogadosfm\/#website"},"primaryImageOfPage":{"@id":"https:\/\/afogadosfm.com.br\/afogadosfm\/2025\/05\/22\/veiculo-que-foi-furtado-em-carnaiba-e-localizado-em-belo-jardim-pe\/#primaryimage"},"image":{"@id":"https:\/\/afogadosfm.com.br\/afogadosfm\/2025\/05\/22\/veiculo-que-foi-furtado-em-carnaiba-e-localizado-em-belo-jardim-pe\/#primaryimage"},"thumbnailUrl":"https:\/\/i0.wp.com\/afogadosfm.com.br\/afogadosfm\/wp-content\/uploads\/2025\/05\/CARRO-ROUBADO-EM-CARNAIBA.jpg?fit=720%2C739&ssl=1","datePublished":"2025-05-22T10:51:05+00:00","dateModified":"2025-05-22T10:51:07+00:00","breadcrumb":{"@id":"https:\/\/afogadosfm.com.br\/afogadosfm\/2025\/05\/22\/veiculo-que-foi-furtado-em-carnaiba-e-localizado-em-belo-jardim-pe\/#breadcrumb"},"inLanguage":"pt-BR","potentialAction":[{"@type":"ReadAction","target":["https:\/\/afogadosfm.com.br\/afogadosfm\/2025\/05\/22\/veiculo-que-foi-furtado-em-carnaiba-e-localizado-em-belo-jardim-pe\/"]}]},{"@type":"ImageObject","inLanguage":"pt-BR","@id":"https:\/\/afogadosfm.com.br\/afogadosfm\/2025\/05\/22\/veiculo-que-foi-furtado-em-carnaiba-e-localizado-em-belo-jardim-pe\/#primaryimage","url":"https:\/\/i0.wp.com\/afogadosfm.com.br\/afogadosfm\/wp-content\/uploads\/2025\/05\/CARRO-ROUBADO-EM-CARNAIBA.jpg?fit=720%2C739&ssl=1","contentUrl":"https:\/\/i0.wp.com\/afogadosfm.com.br\/afogadosfm\/wp-content\/uploads\/2025\/05\/CARRO-ROUBADO-EM-CARNAIBA.jpg?fit=720%2C739&ssl=1","width":720,"height":739},{"@type":"BreadcrumbList","@id":"https:\/\/afogadosfm.com.br\/afogadosfm\/2025\/05\/22\/veiculo-que-foi-furtado-em-carnaiba-e-localizado-em-belo-jardim-pe\/#breadcrumb","itemListElement":[{"@type":"ListItem","position":1,"name":"In\u00edcio","item":"https:\/\/afogadosfm.com.br\/afogadosfm\/"},{"@type":"ListItem","position":2,"name":"Veiculo que foi furtado em Carna\u00edba \u00e9 localizado em Belo Jardim-PE"}]},{"@type":"WebSite","@id":"https:\/\/afogadosfm.com.br\/afogadosfm\/#website","url":"https:\/\/afogadosfm.com.br\/afogadosfm\/","name":"Afogados FM","description":"Um site completo!","publisher":{"@id":"https:\/\/afogadosfm.com.br\/afogadosfm\/#organization"},"potentialAction":[{"@type":"SearchAction","target":{"@type":"EntryPoint","urlTemplate":"https:\/\/afogadosfm.com.br\/afogadosfm\/?s={search_term_string}"},"query-input":{"@type":"PropertyValueSpecification","valueRequired":true,"valueName":"search_term_string"}}],"inLanguage":"pt-BR"},{"@type":"Organization","@id":"https:\/\/afogadosfm.com.br\/afogadosfm\/#organization","name":"Afogados FM","url":"https:\/\/afogadosfm.com.br\/afogadosfm\/","logo":{"@type":"ImageObject","inLanguage":"pt-BR","@id":"https:\/\/afogadosfm.com.br\/afogadosfm\/#\/schema\/logo\/image\/","url":"https:\/\/i0.wp.com\/afogadosfm.com.br\/afogadosfm\/wp-content\/uploads\/2020\/06\/cropped-banner-afogados-4.jpg?fit=369%2C137&ssl=1","contentUrl":"https:\/\/i0.wp.com\/afogadosfm.com.br\/afogadosfm\/wp-content\/uploads\/2020\/06\/cropped-banner-afogados-4.jpg?fit=369%2C137&ssl=1","width":369,"height":137,"caption":"Afogados FM"},"image":{"@id":"https:\/\/afogadosfm.com.br\/afogadosfm\/#\/schema\/logo\/image\/"}},{"@type":"Person","@id":"https:\/\/afogadosfm.com.br\/afogadosfm\/#\/schema\/person\/60e56f2cf5dc960fc093fe093d9e9057","name":"afogadosfm","image":{"@type":"ImageObject","inLanguage":"pt-BR","@id":"https:\/\/secure.gravatar.com\/avatar\/e0359add7ed5dc3560906d861b52c6a8cf5c1e199d3a7dd85070998f49bd4701?s=96&d=mm&r=g","url":"https:\/\/secure.gravatar.com\/avatar\/e0359add7ed5dc3560906d861b52c6a8cf5c1e199d3a7dd85070998f49bd4701?s=96&d=mm&r=g","contentUrl":"https:\/\/secure.gravatar.com\/avatar\/e0359add7ed5dc3560906d861b52c6a8cf5c1e199d3a7dd85070998f49bd4701?s=96&d=mm&r=g","caption":"afogadosfm"},"url":"https:\/\/afogadosfm.com.br\/afogadosfm\/author\/afogadosfm\/"}]}},"jetpack_publicize_connections":[],"jetpack_featured_media_url":"https:\/\/i0.wp.com\/afogadosfm.com.br\/afogadosfm\/wp-content\/uploads\/2025\/05\/CARRO-ROUBADO-EM-CARNAIBA.jpg?fit=720%2C739&ssl=1","jetpack-related-posts":[],"jetpack_sharing_enabled":true,"jetpack_likes_enabled":true,"_links":{"self":[{"href":"https:\/\/afogadosfm.com.br\/afogadosfm\/wp-json\/wp\/v2\/posts\/66051","targetHints":{"allow":["GET"]}}],"collection":[{"href":"https:\/\/afogadosfm.com.br\/afogadosfm\/wp-json\/wp\/v2\/posts"}],"about":[{"href":"https:\/\/afogadosfm.com.br\/afogadosfm\/wp-json\/wp\/v2\/types\/post"}],"author":[{"embeddable":true,"href":"https:\/\/afogadosfm.com.br\/afogadosfm\/wp-json\/wp\/v2\/users\/2"}],"replies":[{"embeddable":true,"href":"https:\/\/afogadosfm.com.br\/afogadosfm\/wp-json\/wp\/v2\/comments?post=66051"}],"version-history":[{"count":1,"href":"https:\/\/afogadosfm.com.br\/afogadosfm\/wp-json\/wp\/v2\/posts\/66051\/revisions"}],"predecessor-version":[{"id":66053,"href":"https:\/\/afogadosfm.com.br\/afogadosfm\/wp-json\/wp\/v2\/posts\/66051\/revisions\/66053"}],"wp:featuredmedia":[{"embeddable":true,"href":"https:\/\/afogadosfm.com.br\/afogadosfm\/wp-json\/wp\/v2\/media\/66052"}],"wp:attachment":[{"href":"https:\/\/afogadosfm.com.br\/afogadosfm\/wp-json\/wp\/v2\/media?parent=66051"}],"wp:term":[{"taxonomy":"category","embeddable":true,"href":"https:\/\/afogadosfm.com.br\/afogadosfm\/wp-json\/wp\/v2\/categories?post=66051"},{"taxonomy":"post_tag","embeddable":true,"href":"https:\/\/afogadosfm.com.br\/afogadosfm\/wp-json\/wp\/v2\/tags?post=66051"}],"curies":[{"name":"wp","href":"https:\/\/api.w.org\/{rel}","templated":true}]}}