{"id":66058,"date":"2025-05-23T05:46:24","date_gmt":"2025-05-23T08:46:24","guid":{"rendered":"https:\/\/afogadosfm.com.br\/afogadosfm\/?p=66058"},"modified":"2025-05-23T05:46:25","modified_gmt":"2025-05-23T08:46:25","slug":"pe-bombeiros-soam-alerta-mais-uma-vez-para-a-epidemia-silenciosa-dos-sinistros-com-motos-no-estado","status":"publish","type":"post","link":"https:\/\/afogadosfm.com.br\/afogadosfm\/2025\/05\/23\/pe-bombeiros-soam-alerta-mais-uma-vez-para-a-epidemia-silenciosa-dos-sinistros-com-motos-no-estado\/","title":{"rendered":"PE: Bombeiros soam alerta, mais uma vez, para a epidemia silenciosa dos sinistros com motos no estado"},"content":{"rendered":"\n<p>A quantidade de sinistros de tr\u00e2nsito registrados em Pernambuco em 2024 tem deixado o Corpo de Bombeiros Militar do Estado (CBMPE) em alerta constante. O motivo \u00e9 o alto n\u00famero de v\u00edtimas, muitas delas fatais, que poderiam ter sobrevivido se atitudes b\u00e1sicas de seguran\u00e7a tivessem sido adotadas. A preocupa\u00e7\u00e3o maior recai sobre os motociclistas e passageiros de motos, principais envolvidos nas quedas e colis\u00f5es que se espalham pelas ruas, avenidas e estradas do Estado e do Pa\u00eds.<\/p>\n\n\n\n<p>Levantamento feito pela Corpora\u00e7\u00e3o aponta que Pernambuco registrou quase 9 mil ocorr\u00eancias de tr\u00e2nsito no ano passado. O dado se refere exclusivamente aos atendimentos realizados pelas equipes dos Bombeiros, sem incluir os casos socorridos pelo Servi\u00e7o de Atendimento M\u00f3vel de Urg\u00eancia (SAMU), que tamb\u00e9m responde por uma parcela significativa dos resgates nas cidades.<\/p>\n\n\n\n<p>Do total, foram contabilizadas 4.983 colis\u00f5es e abalroamentos, 1.063 atropelamentos, 394 choques de tr\u00e2nsito e 369 capotamentos. As trag\u00e9dias resultaram em 153 mortes. Os motociclistas lideram os registros de v\u00edtimas: 2.084 quedas de moto foram atendidas em 2024, representando mais de 40% dos sinistros registrados pela corpora\u00e7\u00e3o no per\u00edodo.<\/p>\n\n\n\n<p>Em nota oficial, os Bombeiros destacaram que muitos desses casos poderiam ter sido evitados com o uso de equipamentos de seguran\u00e7a, como capacete e cinto, al\u00e9m da obedi\u00eancia \u00e0 sinaliza\u00e7\u00e3o, limites de velocidade e aten\u00e7\u00e3o plena ao tr\u00e2nsito. \u201cA imprud\u00eancia, o excesso de confian\u00e7a e o desrespeito \u00e0s normas continuam sendo as principais causas de acidentes com v\u00edtimas\u201d, afirma o comunicado.<\/p>\n\n\n\n<p>Em 2023, os n\u00fameros j\u00e1 vinham chamando aten\u00e7\u00e3o. A Regi\u00e3o Metropolitana do Recife concentrou a maior parte dos sinistros com motos registrados pelos Bombeiros. Dos 4.300 sinistros de tr\u00e2nsito contabilizados pela corpora\u00e7\u00e3o naquele ano, 3.831 envolveram motocicletas, o equivalente a 77% do total.<\/p>\n\n\n\n<p>Tamb\u00e9m houve crescimento nos atropelamentos envolvendo motos, com 408 ocorr\u00eancias, o que representa quase 42% de todos os casos do tipo registrados no ano. Para o major Get\u00falio Sena, ent\u00e3o subchefe do Centro de Comunica\u00e7\u00e3o Social dos Bombeiros, a situa\u00e7\u00e3o \u00e9 preocupante. \u201cEsse aumento de 10% em rela\u00e7\u00e3o a 2022 \u00e9 ainda mais grave porque partimos de estat\u00edsticas que j\u00e1 eram muito altas\u201d, alertou.<\/p>\n\n\n\n<p>A explos\u00e3o dos servi\u00e7os de entrega e transporte por motocicletas, como Uber Moto e 99 Moto, \u00e9 considerada um dos fatores por tr\u00e1s do aumento das ocorr\u00eancias. Embora o relat\u00f3rio do CBMPE n\u00e3o traga um recorte espec\u00edfico, a rela\u00e7\u00e3o entre o crescimento desses aplicativos e a maior circula\u00e7\u00e3o de motos nas cidades \u00e9 evidente. A falta de preparo dos passageiros tamb\u00e9m preocupa: muitos sequer sabem como se comportar de forma segura na garupa de uma motocicleta.<\/p>\n\n\n\n<p>No mesmo caminho, os dados da Secretaria Nacional de Tr\u00e2nsito (Senatran) revelam um outro fator alarmante. Mais da metade dos condutores de motos no Brasil n\u00e3o possuem habilita\u00e7\u00e3o na categoria A. De acordo com levantamento divulgado em 2024, 17,5 milh\u00f5es dos 34,2 milh\u00f5es de propriet\u00e1rios de motocicletas, motonetas e ciclomotores registrados no pa\u00eds n\u00e3o t\u00eam CNH, o que representa 53,8% do total.<\/p>\n\n\n\n<p>A dificuldade de acesso \u00e0 carteira de habilita\u00e7\u00e3o, cujo custo varia entre R$ 2.500 e R$ 3 mil, \u00e9 apontada como uma das causas. Outra \u00e9 o aumento de modelos de neg\u00f3cio baseados em ve\u00edculos compartilhados, como o aluguel de motocicletas \u2014 pr\u00e1tica que se tornou comum principalmente nas regi\u00f5es Norte e Nordeste.<\/p>\n\n\n\n<p>A expans\u00e3o da frota de motocicletas tem papel central nesse contexto. A pesquisa da Senatran mostra que as motos representam atualmente 28% de toda a frota de ve\u00edculos no Brasil. A tend\u00eancia \u00e9 que esse n\u00famero chegue a 30% at\u00e9 o fim da d\u00e9cada, caso o ritmo atual de crescimento se mantenha.<\/p>\n\n\n\n<p>O aumento \u00e9 puxado especialmente pelas regi\u00f5es mais pobres, onde a moto \u00e9 vista como alternativa de mobilidade e fonte de renda r\u00e1pida. Por\u00e9m, a combina\u00e7\u00e3o de motoristas sem habilita\u00e7\u00e3o, alta exposi\u00e7\u00e3o ao risco e despreparo generalizado tem transformado as ruas em armadilhas fatais.<\/p>\n","protected":false},"excerpt":{"rendered":"<p>A quantidade de sinistros de tr\u00e2nsito registrados em Pernambuco em 2024 tem deixado o Corpo de Bombeiros Militar do Estado<\/p>\n","protected":false},"author":2,"featured_media":1184,"comment_status":"open","ping_status":"open","sticky":false,"template":"","format":"standard","meta":{"jetpack_post_was_ever_published":false,"_jetpack_newsletter_access":"","_jetpack_dont_email_post_to_subs":false,"_jetpack_newsletter_tier_id":0,"_jetpack_memberships_contains_paywalled_content":false,"_jetpack_memberships_contains_paid_content":false,"footnotes":"","jetpack_publicize_message":"","jetpack_publicize_feature_enabled":true,"jetpack_social_post_already_shared":true,"jetpack_social_options":{"image_generator_settings":{"template":"highway","default_image_id":0,"font":"","enabled":false},"version":2}},"categories":[13],"tags":[],"class_list":["post-66058","post","type-post","status-publish","format-standard","has-post-thumbnail","hentry","category-pernambuco"],"yoast_head":"<!-- This site is optimized with the Yoast SEO plugin v27.5 - https:\/\/yoast.com\/product\/yoast-seo-wordpress\/ -->\n<title>PE: Bombeiros soam alerta, mais uma vez, para a epidemia silenciosa dos sinistros com motos no estado - Afogados FM<\/title>\n<meta name=\"robots\" content=\"index, follow, max-snippet:-1, max-image-preview:large, max-video-preview:-1\" \/>\n<link rel=\"canonical\" href=\"https:\/\/afogadosfm.com.br\/afogadosfm\/2025\/05\/23\/pe-bombeiros-soam-alerta-mais-uma-vez-para-a-epidemia-silenciosa-dos-sinistros-com-motos-no-estado\/\" \/>\n<meta property=\"og:locale\" content=\"pt_BR\" \/>\n<meta property=\"og:type\" content=\"article\" \/>\n<meta property=\"og:title\" content=\"PE: Bombeiros soam alerta, mais uma vez, para a epidemia silenciosa dos sinistros com motos no estado - Afogados FM\" \/>\n<meta property=\"og:description\" content=\"A quantidade de sinistros de tr\u00e2nsito registrados em Pernambuco em 2024 tem deixado o Corpo de Bombeiros Militar do Estado\" \/>\n<meta property=\"og:url\" content=\"https:\/\/afogadosfm.com.br\/afogadosfm\/2025\/05\/23\/pe-bombeiros-soam-alerta-mais-uma-vez-para-a-epidemia-silenciosa-dos-sinistros-com-motos-no-estado\/\" \/>\n<meta property=\"og:site_name\" content=\"Afogados FM\" \/>\n<meta property=\"article:published_time\" content=\"2025-05-23T08:46:24+00:00\" \/>\n<meta property=\"article:modified_time\" content=\"2025-05-23T08:46:25+00:00\" \/>\n<meta property=\"og:image\" content=\"https:\/\/afogadosfm.com.br\/afogadosfm\/wp-content\/uploads\/2017\/12\/motos.jpg\" \/>\n\t<meta property=\"og:image:width\" content=\"300\" \/>\n\t<meta property=\"og:image:height\" content=\"168\" \/>\n\t<meta property=\"og:image:type\" content=\"image\/jpeg\" \/>\n<meta name=\"author\" content=\"afogadosfm\" \/>\n<meta name=\"twitter:card\" content=\"summary_large_image\" \/>\n<meta name=\"twitter:label1\" content=\"Escrito por\" \/>\n\t<meta name=\"twitter:data1\" content=\"afogadosfm\" \/>\n\t<meta name=\"twitter:label2\" content=\"Est. tempo de leitura\" \/>\n\t<meta name=\"twitter:data2\" content=\"4 minutos\" \/>\n<script type=\"application\/ld+json\" class=\"yoast-schema-graph\">{\"@context\":\"https:\\\/\\\/schema.org\",\"@graph\":[{\"@type\":\"Article\",\"@id\":\"https:\\\/\\\/afogadosfm.com.br\\\/afogadosfm\\\/2025\\\/05\\\/23\\\/pe-bombeiros-soam-alerta-mais-uma-vez-para-a-epidemia-silenciosa-dos-sinistros-com-motos-no-estado\\\/#article\",\"isPartOf\":{\"@id\":\"https:\\\/\\\/afogadosfm.com.br\\\/afogadosfm\\\/2025\\\/05\\\/23\\\/pe-bombeiros-soam-alerta-mais-uma-vez-para-a-epidemia-silenciosa-dos-sinistros-com-motos-no-estado\\\/\"},\"author\":{\"name\":\"afogadosfm\",\"@id\":\"https:\\\/\\\/afogadosfm.com.br\\\/afogadosfm\\\/#\\\/schema\\\/person\\\/60e56f2cf5dc960fc093fe093d9e9057\"},\"headline\":\"PE: Bombeiros soam alerta, mais uma vez, para a epidemia silenciosa dos sinistros com motos no estado\",\"datePublished\":\"2025-05-23T08:46:24+00:00\",\"dateModified\":\"2025-05-23T08:46:25+00:00\",\"mainEntityOfPage\":{\"@id\":\"https:\\\/\\\/afogadosfm.com.br\\\/afogadosfm\\\/2025\\\/05\\\/23\\\/pe-bombeiros-soam-alerta-mais-uma-vez-para-a-epidemia-silenciosa-dos-sinistros-com-motos-no-estado\\\/\"},\"wordCount\":689,\"commentCount\":0,\"publisher\":{\"@id\":\"https:\\\/\\\/afogadosfm.com.br\\\/afogadosfm\\\/#organization\"},\"image\":{\"@id\":\"https:\\\/\\\/afogadosfm.com.br\\\/afogadosfm\\\/2025\\\/05\\\/23\\\/pe-bombeiros-soam-alerta-mais-uma-vez-para-a-epidemia-silenciosa-dos-sinistros-com-motos-no-estado\\\/#primaryimage\"},\"thumbnailUrl\":\"https:\\\/\\\/i0.wp.com\\\/afogadosfm.com.br\\\/afogadosfm\\\/wp-content\\\/uploads\\\/2017\\\/12\\\/motos.jpg?fit=300%2C168&ssl=1\",\"articleSection\":[\"Pernambuco\"],\"inLanguage\":\"pt-BR\",\"potentialAction\":[{\"@type\":\"CommentAction\",\"name\":\"Comment\",\"target\":[\"https:\\\/\\\/afogadosfm.com.br\\\/afogadosfm\\\/2025\\\/05\\\/23\\\/pe-bombeiros-soam-alerta-mais-uma-vez-para-a-epidemia-silenciosa-dos-sinistros-com-motos-no-estado\\\/#respond\"]}]},{\"@type\":\"WebPage\",\"@id\":\"https:\\\/\\\/afogadosfm.com.br\\\/afogadosfm\\\/2025\\\/05\\\/23\\\/pe-bombeiros-soam-alerta-mais-uma-vez-para-a-epidemia-silenciosa-dos-sinistros-com-motos-no-estado\\\/\",\"url\":\"https:\\\/\\\/afogadosfm.com.br\\\/afogadosfm\\\/2025\\\/05\\\/23\\\/pe-bombeiros-soam-alerta-mais-uma-vez-para-a-epidemia-silenciosa-dos-sinistros-com-motos-no-estado\\\/\",\"name\":\"PE: Bombeiros soam alerta, mais uma vez, para a epidemia silenciosa dos sinistros com motos no estado - Afogados FM\",\"isPartOf\":{\"@id\":\"https:\\\/\\\/afogadosfm.com.br\\\/afogadosfm\\\/#website\"},\"primaryImageOfPage\":{\"@id\":\"https:\\\/\\\/afogadosfm.com.br\\\/afogadosfm\\\/2025\\\/05\\\/23\\\/pe-bombeiros-soam-alerta-mais-uma-vez-para-a-epidemia-silenciosa-dos-sinistros-com-motos-no-estado\\\/#primaryimage\"},\"image\":{\"@id\":\"https:\\\/\\\/afogadosfm.com.br\\\/afogadosfm\\\/2025\\\/05\\\/23\\\/pe-bombeiros-soam-alerta-mais-uma-vez-para-a-epidemia-silenciosa-dos-sinistros-com-motos-no-estado\\\/#primaryimage\"},\"thumbnailUrl\":\"https:\\\/\\\/i0.wp.com\\\/afogadosfm.com.br\\\/afogadosfm\\\/wp-content\\\/uploads\\\/2017\\\/12\\\/motos.jpg?fit=300%2C168&ssl=1\",\"datePublished\":\"2025-05-23T08:46:24+00:00\",\"dateModified\":\"2025-05-23T08:46:25+00:00\",\"breadcrumb\":{\"@id\":\"https:\\\/\\\/afogadosfm.com.br\\\/afogadosfm\\\/2025\\\/05\\\/23\\\/pe-bombeiros-soam-alerta-mais-uma-vez-para-a-epidemia-silenciosa-dos-sinistros-com-motos-no-estado\\\/#breadcrumb\"},\"inLanguage\":\"pt-BR\",\"potentialAction\":[{\"@type\":\"ReadAction\",\"target\":[\"https:\\\/\\\/afogadosfm.com.br\\\/afogadosfm\\\/2025\\\/05\\\/23\\\/pe-bombeiros-soam-alerta-mais-uma-vez-para-a-epidemia-silenciosa-dos-sinistros-com-motos-no-estado\\\/\"]}]},{\"@type\":\"ImageObject\",\"inLanguage\":\"pt-BR\",\"@id\":\"https:\\\/\\\/afogadosfm.com.br\\\/afogadosfm\\\/2025\\\/05\\\/23\\\/pe-bombeiros-soam-alerta-mais-uma-vez-para-a-epidemia-silenciosa-dos-sinistros-com-motos-no-estado\\\/#primaryimage\",\"url\":\"https:\\\/\\\/i0.wp.com\\\/afogadosfm.com.br\\\/afogadosfm\\\/wp-content\\\/uploads\\\/2017\\\/12\\\/motos.jpg?fit=300%2C168&ssl=1\",\"contentUrl\":\"https:\\\/\\\/i0.wp.com\\\/afogadosfm.com.br\\\/afogadosfm\\\/wp-content\\\/uploads\\\/2017\\\/12\\\/motos.jpg?fit=300%2C168&ssl=1\",\"width\":300,\"height\":168},{\"@type\":\"BreadcrumbList\",\"@id\":\"https:\\\/\\\/afogadosfm.com.br\\\/afogadosfm\\\/2025\\\/05\\\/23\\\/pe-bombeiros-soam-alerta-mais-uma-vez-para-a-epidemia-silenciosa-dos-sinistros-com-motos-no-estado\\\/#breadcrumb\",\"itemListElement\":[{\"@type\":\"ListItem\",\"position\":1,\"name\":\"In\u00edcio\",\"item\":\"https:\\\/\\\/afogadosfm.com.br\\\/afogadosfm\\\/\"},{\"@type\":\"ListItem\",\"position\":2,\"name\":\"PE: Bombeiros soam alerta, mais uma vez, para a epidemia silenciosa dos sinistros com motos no estado\"}]},{\"@type\":\"WebSite\",\"@id\":\"https:\\\/\\\/afogadosfm.com.br\\\/afogadosfm\\\/#website\",\"url\":\"https:\\\/\\\/afogadosfm.com.br\\\/afogadosfm\\\/\",\"name\":\"Afogados FM\",\"description\":\"Um site completo!\",\"publisher\":{\"@id\":\"https:\\\/\\\/afogadosfm.com.br\\\/afogadosfm\\\/#organization\"},\"potentialAction\":[{\"@type\":\"SearchAction\",\"target\":{\"@type\":\"EntryPoint\",\"urlTemplate\":\"https:\\\/\\\/afogadosfm.com.br\\\/afogadosfm\\\/?s={search_term_string}\"},\"query-input\":{\"@type\":\"PropertyValueSpecification\",\"valueRequired\":true,\"valueName\":\"search_term_string\"}}],\"inLanguage\":\"pt-BR\"},{\"@type\":\"Organization\",\"@id\":\"https:\\\/\\\/afogadosfm.com.br\\\/afogadosfm\\\/#organization\",\"name\":\"Afogados FM\",\"url\":\"https:\\\/\\\/afogadosfm.com.br\\\/afogadosfm\\\/\",\"logo\":{\"@type\":\"ImageObject\",\"inLanguage\":\"pt-BR\",\"@id\":\"https:\\\/\\\/afogadosfm.com.br\\\/afogadosfm\\\/#\\\/schema\\\/logo\\\/image\\\/\",\"url\":\"https:\\\/\\\/i0.wp.com\\\/afogadosfm.com.br\\\/afogadosfm\\\/wp-content\\\/uploads\\\/2020\\\/06\\\/cropped-banner-afogados-4.jpg?fit=369%2C137&ssl=1\",\"contentUrl\":\"https:\\\/\\\/i0.wp.com\\\/afogadosfm.com.br\\\/afogadosfm\\\/wp-content\\\/uploads\\\/2020\\\/06\\\/cropped-banner-afogados-4.jpg?fit=369%2C137&ssl=1\",\"width\":369,\"height\":137,\"caption\":\"Afogados FM\"},\"image\":{\"@id\":\"https:\\\/\\\/afogadosfm.com.br\\\/afogadosfm\\\/#\\\/schema\\\/logo\\\/image\\\/\"}},{\"@type\":\"Person\",\"@id\":\"https:\\\/\\\/afogadosfm.com.br\\\/afogadosfm\\\/#\\\/schema\\\/person\\\/60e56f2cf5dc960fc093fe093d9e9057\",\"name\":\"afogadosfm\",\"image\":{\"@type\":\"ImageObject\",\"inLanguage\":\"pt-BR\",\"@id\":\"https:\\\/\\\/secure.gravatar.com\\\/avatar\\\/e0359add7ed5dc3560906d861b52c6a8cf5c1e199d3a7dd85070998f49bd4701?s=96&d=mm&r=g\",\"url\":\"https:\\\/\\\/secure.gravatar.com\\\/avatar\\\/e0359add7ed5dc3560906d861b52c6a8cf5c1e199d3a7dd85070998f49bd4701?s=96&d=mm&r=g\",\"contentUrl\":\"https:\\\/\\\/secure.gravatar.com\\\/avatar\\\/e0359add7ed5dc3560906d861b52c6a8cf5c1e199d3a7dd85070998f49bd4701?s=96&d=mm&r=g\",\"caption\":\"afogadosfm\"},\"url\":\"https:\\\/\\\/afogadosfm.com.br\\\/afogadosfm\\\/author\\\/afogadosfm\\\/\"}]}<\/script>\n<!-- \/ Yoast SEO plugin. -->","yoast_head_json":{"title":"PE: Bombeiros soam alerta, mais uma vez, para a epidemia silenciosa dos sinistros com motos no estado - Afogados FM","robots":{"index":"index","follow":"follow","max-snippet":"max-snippet:-1","max-image-preview":"max-image-preview:large","max-video-preview":"max-video-preview:-1"},"canonical":"https:\/\/afogadosfm.com.br\/afogadosfm\/2025\/05\/23\/pe-bombeiros-soam-alerta-mais-uma-vez-para-a-epidemia-silenciosa-dos-sinistros-com-motos-no-estado\/","og_locale":"pt_BR","og_type":"article","og_title":"PE: Bombeiros soam alerta, mais uma vez, para a epidemia silenciosa dos sinistros com motos no estado - Afogados FM","og_description":"A quantidade de sinistros de tr\u00e2nsito registrados em Pernambuco em 2024 tem deixado o Corpo de Bombeiros Militar do Estado","og_url":"https:\/\/afogadosfm.com.br\/afogadosfm\/2025\/05\/23\/pe-bombeiros-soam-alerta-mais-uma-vez-para-a-epidemia-silenciosa-dos-sinistros-com-motos-no-estado\/","og_site_name":"Afogados FM","article_published_time":"2025-05-23T08:46:24+00:00","article_modified_time":"2025-05-23T08:46:25+00:00","og_image":[{"width":300,"height":168,"url":"https:\/\/afogadosfm.com.br\/afogadosfm\/wp-content\/uploads\/2017\/12\/motos.jpg","type":"image\/jpeg"}],"author":"afogadosfm","twitter_card":"summary_large_image","twitter_misc":{"Escrito por":"afogadosfm","Est. tempo de leitura":"4 minutos"},"schema":{"@context":"https:\/\/schema.org","@graph":[{"@type":"Article","@id":"https:\/\/afogadosfm.com.br\/afogadosfm\/2025\/05\/23\/pe-bombeiros-soam-alerta-mais-uma-vez-para-a-epidemia-silenciosa-dos-sinistros-com-motos-no-estado\/#article","isPartOf":{"@id":"https:\/\/afogadosfm.com.br\/afogadosfm\/2025\/05\/23\/pe-bombeiros-soam-alerta-mais-uma-vez-para-a-epidemia-silenciosa-dos-sinistros-com-motos-no-estado\/"},"author":{"name":"afogadosfm","@id":"https:\/\/afogadosfm.com.br\/afogadosfm\/#\/schema\/person\/60e56f2cf5dc960fc093fe093d9e9057"},"headline":"PE: Bombeiros soam alerta, mais uma vez, para a epidemia silenciosa dos sinistros com motos no estado","datePublished":"2025-05-23T08:46:24+00:00","dateModified":"2025-05-23T08:46:25+00:00","mainEntityOfPage":{"@id":"https:\/\/afogadosfm.com.br\/afogadosfm\/2025\/05\/23\/pe-bombeiros-soam-alerta-mais-uma-vez-para-a-epidemia-silenciosa-dos-sinistros-com-motos-no-estado\/"},"wordCount":689,"commentCount":0,"publisher":{"@id":"https:\/\/afogadosfm.com.br\/afogadosfm\/#organization"},"image":{"@id":"https:\/\/afogadosfm.com.br\/afogadosfm\/2025\/05\/23\/pe-bombeiros-soam-alerta-mais-uma-vez-para-a-epidemia-silenciosa-dos-sinistros-com-motos-no-estado\/#primaryimage"},"thumbnailUrl":"https:\/\/i0.wp.com\/afogadosfm.com.br\/afogadosfm\/wp-content\/uploads\/2017\/12\/motos.jpg?fit=300%2C168&ssl=1","articleSection":["Pernambuco"],"inLanguage":"pt-BR","potentialAction":[{"@type":"CommentAction","name":"Comment","target":["https:\/\/afogadosfm.com.br\/afogadosfm\/2025\/05\/23\/pe-bombeiros-soam-alerta-mais-uma-vez-para-a-epidemia-silenciosa-dos-sinistros-com-motos-no-estado\/#respond"]}]},{"@type":"WebPage","@id":"https:\/\/afogadosfm.com.br\/afogadosfm\/2025\/05\/23\/pe-bombeiros-soam-alerta-mais-uma-vez-para-a-epidemia-silenciosa-dos-sinistros-com-motos-no-estado\/","url":"https:\/\/afogadosfm.com.br\/afogadosfm\/2025\/05\/23\/pe-bombeiros-soam-alerta-mais-uma-vez-para-a-epidemia-silenciosa-dos-sinistros-com-motos-no-estado\/","name":"PE: Bombeiros soam alerta, mais uma vez, para a epidemia silenciosa dos sinistros com motos no estado - Afogados FM","isPartOf":{"@id":"https:\/\/afogadosfm.com.br\/afogadosfm\/#website"},"primaryImageOfPage":{"@id":"https:\/\/afogadosfm.com.br\/afogadosfm\/2025\/05\/23\/pe-bombeiros-soam-alerta-mais-uma-vez-para-a-epidemia-silenciosa-dos-sinistros-com-motos-no-estado\/#primaryimage"},"image":{"@id":"https:\/\/afogadosfm.com.br\/afogadosfm\/2025\/05\/23\/pe-bombeiros-soam-alerta-mais-uma-vez-para-a-epidemia-silenciosa-dos-sinistros-com-motos-no-estado\/#primaryimage"},"thumbnailUrl":"https:\/\/i0.wp.com\/afogadosfm.com.br\/afogadosfm\/wp-content\/uploads\/2017\/12\/motos.jpg?fit=300%2C168&ssl=1","datePublished":"2025-05-23T08:46:24+00:00","dateModified":"2025-05-23T08:46:25+00:00","breadcrumb":{"@id":"https:\/\/afogadosfm.com.br\/afogadosfm\/2025\/05\/23\/pe-bombeiros-soam-alerta-mais-uma-vez-para-a-epidemia-silenciosa-dos-sinistros-com-motos-no-estado\/#breadcrumb"},"inLanguage":"pt-BR","potentialAction":[{"@type":"ReadAction","target":["https:\/\/afogadosfm.com.br\/afogadosfm\/2025\/05\/23\/pe-bombeiros-soam-alerta-mais-uma-vez-para-a-epidemia-silenciosa-dos-sinistros-com-motos-no-estado\/"]}]},{"@type":"ImageObject","inLanguage":"pt-BR","@id":"https:\/\/afogadosfm.com.br\/afogadosfm\/2025\/05\/23\/pe-bombeiros-soam-alerta-mais-uma-vez-para-a-epidemia-silenciosa-dos-sinistros-com-motos-no-estado\/#primaryimage","url":"https:\/\/i0.wp.com\/afogadosfm.com.br\/afogadosfm\/wp-content\/uploads\/2017\/12\/motos.jpg?fit=300%2C168&ssl=1","contentUrl":"https:\/\/i0.wp.com\/afogadosfm.com.br\/afogadosfm\/wp-content\/uploads\/2017\/12\/motos.jpg?fit=300%2C168&ssl=1","width":300,"height":168},{"@type":"BreadcrumbList","@id":"https:\/\/afogadosfm.com.br\/afogadosfm\/2025\/05\/23\/pe-bombeiros-soam-alerta-mais-uma-vez-para-a-epidemia-silenciosa-dos-sinistros-com-motos-no-estado\/#breadcrumb","itemListElement":[{"@type":"ListItem","position":1,"name":"In\u00edcio","item":"https:\/\/afogadosfm.com.br\/afogadosfm\/"},{"@type":"ListItem","position":2,"name":"PE: Bombeiros soam alerta, mais uma vez, para a epidemia silenciosa dos sinistros com motos no estado"}]},{"@type":"WebSite","@id":"https:\/\/afogadosfm.com.br\/afogadosfm\/#website","url":"https:\/\/afogadosfm.com.br\/afogadosfm\/","name":"Afogados FM","description":"Um site completo!","publisher":{"@id":"https:\/\/afogadosfm.com.br\/afogadosfm\/#organization"},"potentialAction":[{"@type":"SearchAction","target":{"@type":"EntryPoint","urlTemplate":"https:\/\/afogadosfm.com.br\/afogadosfm\/?s={search_term_string}"},"query-input":{"@type":"PropertyValueSpecification","valueRequired":true,"valueName":"search_term_string"}}],"inLanguage":"pt-BR"},{"@type":"Organization","@id":"https:\/\/afogadosfm.com.br\/afogadosfm\/#organization","name":"Afogados FM","url":"https:\/\/afogadosfm.com.br\/afogadosfm\/","logo":{"@type":"ImageObject","inLanguage":"pt-BR","@id":"https:\/\/afogadosfm.com.br\/afogadosfm\/#\/schema\/logo\/image\/","url":"https:\/\/i0.wp.com\/afogadosfm.com.br\/afogadosfm\/wp-content\/uploads\/2020\/06\/cropped-banner-afogados-4.jpg?fit=369%2C137&ssl=1","contentUrl":"https:\/\/i0.wp.com\/afogadosfm.com.br\/afogadosfm\/wp-content\/uploads\/2020\/06\/cropped-banner-afogados-4.jpg?fit=369%2C137&ssl=1","width":369,"height":137,"caption":"Afogados FM"},"image":{"@id":"https:\/\/afogadosfm.com.br\/afogadosfm\/#\/schema\/logo\/image\/"}},{"@type":"Person","@id":"https:\/\/afogadosfm.com.br\/afogadosfm\/#\/schema\/person\/60e56f2cf5dc960fc093fe093d9e9057","name":"afogadosfm","image":{"@type":"ImageObject","inLanguage":"pt-BR","@id":"https:\/\/secure.gravatar.com\/avatar\/e0359add7ed5dc3560906d861b52c6a8cf5c1e199d3a7dd85070998f49bd4701?s=96&d=mm&r=g","url":"https:\/\/secure.gravatar.com\/avatar\/e0359add7ed5dc3560906d861b52c6a8cf5c1e199d3a7dd85070998f49bd4701?s=96&d=mm&r=g","contentUrl":"https:\/\/secure.gravatar.com\/avatar\/e0359add7ed5dc3560906d861b52c6a8cf5c1e199d3a7dd85070998f49bd4701?s=96&d=mm&r=g","caption":"afogadosfm"},"url":"https:\/\/afogadosfm.com.br\/afogadosfm\/author\/afogadosfm\/"}]}},"jetpack_publicize_connections":[],"jetpack_featured_media_url":"https:\/\/i0.wp.com\/afogadosfm.com.br\/afogadosfm\/wp-content\/uploads\/2017\/12\/motos.jpg?fit=300%2C168&ssl=1","jetpack-related-posts":[],"jetpack_sharing_enabled":true,"jetpack_likes_enabled":true,"_links":{"self":[{"href":"https:\/\/afogadosfm.com.br\/afogadosfm\/wp-json\/wp\/v2\/posts\/66058","targetHints":{"allow":["GET"]}}],"collection":[{"href":"https:\/\/afogadosfm.com.br\/afogadosfm\/wp-json\/wp\/v2\/posts"}],"about":[{"href":"https:\/\/afogadosfm.com.br\/afogadosfm\/wp-json\/wp\/v2\/types\/post"}],"author":[{"embeddable":true,"href":"https:\/\/afogadosfm.com.br\/afogadosfm\/wp-json\/wp\/v2\/users\/2"}],"replies":[{"embeddable":true,"href":"https:\/\/afogadosfm.com.br\/afogadosfm\/wp-json\/wp\/v2\/comments?post=66058"}],"version-history":[{"count":1,"href":"https:\/\/afogadosfm.com.br\/afogadosfm\/wp-json\/wp\/v2\/posts\/66058\/revisions"}],"predecessor-version":[{"id":66059,"href":"https:\/\/afogadosfm.com.br\/afogadosfm\/wp-json\/wp\/v2\/posts\/66058\/revisions\/66059"}],"wp:featuredmedia":[{"embeddable":true,"href":"https:\/\/afogadosfm.com.br\/afogadosfm\/wp-json\/wp\/v2\/media\/1184"}],"wp:attachment":[{"href":"https:\/\/afogadosfm.com.br\/afogadosfm\/wp-json\/wp\/v2\/media?parent=66058"}],"wp:term":[{"taxonomy":"category","embeddable":true,"href":"https:\/\/afogadosfm.com.br\/afogadosfm\/wp-json\/wp\/v2\/categories?post=66058"},{"taxonomy":"post_tag","embeddable":true,"href":"https:\/\/afogadosfm.com.br\/afogadosfm\/wp-json\/wp\/v2\/tags?post=66058"}],"curies":[{"name":"wp","href":"https:\/\/api.w.org\/{rel}","templated":true}]}}