{"id":66066,"date":"2025-05-23T05:51:35","date_gmt":"2025-05-23T08:51:35","guid":{"rendered":"https:\/\/afogadosfm.com.br\/afogadosfm\/?p=66066"},"modified":"2025-05-23T05:52:04","modified_gmt":"2025-05-23T08:52:04","slug":"bmw-que-foi-apreendido-com-careca-do-inss-esta-em-nome-de-esposa-de-ministro-do-tcu","status":"publish","type":"post","link":"https:\/\/afogadosfm.com.br\/afogadosfm\/2025\/05\/23\/bmw-que-foi-apreendido-com-careca-do-inss-esta-em-nome-de-esposa-de-ministro-do-tcu\/","title":{"rendered":"BMW que foi apreendido com \u2018Careca do INSS\u2019 est\u00e1 em nome de esposa de ministro do TCU"},"content":{"rendered":"\n<p>Com atua\u00e7\u00e3o criticada no esc\u00e2ndalo do roubo a aposentados e pensionistas do INSS, o Tribunal de Contas da Uni\u00e3o (TCU) volta aos holofotes em mais uma pol\u00eamica sobre o assunto.<\/p>\n\n\n\n<p>Um dos carros de luxo apreendidos na \u00faltima ter\u00e7a-feira pela Pol\u00edcia Federal e atribu\u00eddos ao lobista Antonio Carlos Camilo Antunes, conhecido como \u201cCareca do INSS\u201d, est\u00e1 no nome de Thallys Mendes dos Santos de Jesus, esposa do ministro do TCU, Jhonatan de Jesus.<\/p>\n\n\n\n<p>Antes de ser al\u00e7ado ao posto de ministro do TCU, Jhonatan de Jesus era deputado federal de Roraima e filiado ao Republicanos, mesmo partido de Hugo Motta (Rep-PB), presidente da C\u00e2mara que j\u00e1 deu sinais de que n\u00e3o vai criar a CPI para investigar a falcatrua.<\/p>\n\n\n\n<p>Ao portal Metr\u00f3poles, o ministro disse que o carro foi comprado pelo pai de Thallys e que ele \u00e9 dono de uma das maiores revendas de ve\u00edculos de Roraima. O ve\u00edculo teria sido vendido ao Careca do INSS.<\/p>\n\n\n\n<p>\u201cN\u00f3s entregamos o carro antes e foi pago antes de qualquer opera\u00e7\u00e3o [da PF]. N\u00e3o tinha nada que desabonasse, era um processo de venda normal.\u201d, diz trecho da nota.<\/p>\n\n\n\n<p>Outro personagem tamb\u00e9m tem liga\u00e7\u00f5es com o Republicanos de Hugo Motta. Trata-se de Jer\u00f4nimo Arlindo, ex-dirigente da Conafer, uma confedera\u00e7\u00e3o de \u201cagricultores e empreendedores familiares\u201d, conhecido como Junior do Peixe.<\/p>\n\n\n\n<p>A Conafer teria fraudado documentos para meter a m\u00e3o no bolso dos aposentados. Do faturamento de R$400 mil, registrado em 2019, saltou para R$202 milh\u00f5es em 2023.<\/p>\n\n\n\n<p>Junior do Peixe tamb\u00e9m manteve cargo estrat\u00e9gico do Minist\u00e9rio da Pesca do governo Dilma. O ministro \u00e0 \u00e9poca era Eduardo Lopes, outro nome do Republicanos. Ao sair da Pasta, ap\u00f3s o impeachment da presidente petista, Junior do Peixe passou uma temporada como secret\u00e1rio-executivo da Pesca na secretaria do ent\u00e3o governador Ricardo Coutinho (PT), at\u00e9 garantir um cargo no gabinete de Motta, em 14 de outubro de 2020.<\/p>\n\n\n\n<p>Do Metr\u00f3poles<\/p>\n","protected":false},"excerpt":{"rendered":"<p>Com atua\u00e7\u00e3o criticada no esc\u00e2ndalo do roubo a aposentados e pensionistas do INSS, o Tribunal de Contas da Uni\u00e3o (TCU)<\/p>\n","protected":false},"author":2,"featured_media":66067,"comment_status":"open","ping_status":"open","sticky":false,"template":"","format":"standard","meta":{"jetpack_post_was_ever_published":false,"_jetpack_newsletter_access":"","_jetpack_dont_email_post_to_subs":false,"_jetpack_newsletter_tier_id":0,"_jetpack_memberships_contains_paywalled_content":false,"_jetpack_memberships_contains_paid_content":false,"footnotes":"","jetpack_publicize_message":"","jetpack_publicize_feature_enabled":true,"jetpack_social_post_already_shared":true,"jetpack_social_options":{"image_generator_settings":{"template":"highway","default_image_id":0,"font":"","enabled":false},"version":2}},"categories":[12],"tags":[],"class_list":["post-66066","post","type-post","status-publish","format-standard","has-post-thumbnail","hentry","category-brasil"],"yoast_head":"<!-- This site is optimized with the Yoast SEO plugin v27.5 - https:\/\/yoast.com\/product\/yoast-seo-wordpress\/ -->\n<title>BMW que foi apreendido com \u2018Careca do INSS\u2019 est\u00e1 em nome de esposa de ministro do TCU - Afogados FM<\/title>\n<meta name=\"robots\" content=\"index, follow, max-snippet:-1, max-image-preview:large, max-video-preview:-1\" \/>\n<link rel=\"canonical\" href=\"https:\/\/afogadosfm.com.br\/afogadosfm\/2025\/05\/23\/bmw-que-foi-apreendido-com-careca-do-inss-esta-em-nome-de-esposa-de-ministro-do-tcu\/\" \/>\n<meta property=\"og:locale\" content=\"pt_BR\" \/>\n<meta property=\"og:type\" content=\"article\" \/>\n<meta property=\"og:title\" content=\"BMW que foi apreendido com \u2018Careca do INSS\u2019 est\u00e1 em nome de esposa de ministro do TCU - Afogados FM\" \/>\n<meta property=\"og:description\" content=\"Com atua\u00e7\u00e3o criticada no esc\u00e2ndalo do roubo a aposentados e pensionistas do INSS, o Tribunal de Contas da Uni\u00e3o (TCU)\" \/>\n<meta property=\"og:url\" content=\"https:\/\/afogadosfm.com.br\/afogadosfm\/2025\/05\/23\/bmw-que-foi-apreendido-com-careca-do-inss-esta-em-nome-de-esposa-de-ministro-do-tcu\/\" \/>\n<meta property=\"og:site_name\" content=\"Afogados FM\" \/>\n<meta property=\"article:published_time\" content=\"2025-05-23T08:51:35+00:00\" \/>\n<meta property=\"article:modified_time\" content=\"2025-05-23T08:52:04+00:00\" \/>\n<meta property=\"og:image\" content=\"https:\/\/afogadosfm.com.br\/afogadosfm\/wp-content\/uploads\/2025\/05\/bmw.jpeg\" \/>\n\t<meta property=\"og:image:width\" content=\"400\" \/>\n\t<meta property=\"og:image:height\" content=\"249\" \/>\n\t<meta property=\"og:image:type\" content=\"image\/jpeg\" \/>\n<meta name=\"author\" content=\"afogadosfm\" \/>\n<meta name=\"twitter:card\" content=\"summary_large_image\" \/>\n<meta name=\"twitter:label1\" content=\"Escrito por\" \/>\n\t<meta name=\"twitter:data1\" content=\"afogadosfm\" \/>\n\t<meta name=\"twitter:label2\" content=\"Est. tempo de leitura\" \/>\n\t<meta name=\"twitter:data2\" content=\"2 minutos\" \/>\n<script type=\"application\/ld+json\" class=\"yoast-schema-graph\">{\"@context\":\"https:\\\/\\\/schema.org\",\"@graph\":[{\"@type\":\"Article\",\"@id\":\"https:\\\/\\\/afogadosfm.com.br\\\/afogadosfm\\\/2025\\\/05\\\/23\\\/bmw-que-foi-apreendido-com-careca-do-inss-esta-em-nome-de-esposa-de-ministro-do-tcu\\\/#article\",\"isPartOf\":{\"@id\":\"https:\\\/\\\/afogadosfm.com.br\\\/afogadosfm\\\/2025\\\/05\\\/23\\\/bmw-que-foi-apreendido-com-careca-do-inss-esta-em-nome-de-esposa-de-ministro-do-tcu\\\/\"},\"author\":{\"name\":\"afogadosfm\",\"@id\":\"https:\\\/\\\/afogadosfm.com.br\\\/afogadosfm\\\/#\\\/schema\\\/person\\\/60e56f2cf5dc960fc093fe093d9e9057\"},\"headline\":\"BMW que foi apreendido com \u2018Careca do INSS\u2019 est\u00e1 em nome de esposa de ministro do TCU\",\"datePublished\":\"2025-05-23T08:51:35+00:00\",\"dateModified\":\"2025-05-23T08:52:04+00:00\",\"mainEntityOfPage\":{\"@id\":\"https:\\\/\\\/afogadosfm.com.br\\\/afogadosfm\\\/2025\\\/05\\\/23\\\/bmw-que-foi-apreendido-com-careca-do-inss-esta-em-nome-de-esposa-de-ministro-do-tcu\\\/\"},\"wordCount\":352,\"commentCount\":0,\"publisher\":{\"@id\":\"https:\\\/\\\/afogadosfm.com.br\\\/afogadosfm\\\/#organization\"},\"image\":{\"@id\":\"https:\\\/\\\/afogadosfm.com.br\\\/afogadosfm\\\/2025\\\/05\\\/23\\\/bmw-que-foi-apreendido-com-careca-do-inss-esta-em-nome-de-esposa-de-ministro-do-tcu\\\/#primaryimage\"},\"thumbnailUrl\":\"https:\\\/\\\/i0.wp.com\\\/afogadosfm.com.br\\\/afogadosfm\\\/wp-content\\\/uploads\\\/2025\\\/05\\\/bmw.jpeg?fit=400%2C249&ssl=1\",\"articleSection\":[\"Brasil\"],\"inLanguage\":\"pt-BR\",\"potentialAction\":[{\"@type\":\"CommentAction\",\"name\":\"Comment\",\"target\":[\"https:\\\/\\\/afogadosfm.com.br\\\/afogadosfm\\\/2025\\\/05\\\/23\\\/bmw-que-foi-apreendido-com-careca-do-inss-esta-em-nome-de-esposa-de-ministro-do-tcu\\\/#respond\"]}]},{\"@type\":\"WebPage\",\"@id\":\"https:\\\/\\\/afogadosfm.com.br\\\/afogadosfm\\\/2025\\\/05\\\/23\\\/bmw-que-foi-apreendido-com-careca-do-inss-esta-em-nome-de-esposa-de-ministro-do-tcu\\\/\",\"url\":\"https:\\\/\\\/afogadosfm.com.br\\\/afogadosfm\\\/2025\\\/05\\\/23\\\/bmw-que-foi-apreendido-com-careca-do-inss-esta-em-nome-de-esposa-de-ministro-do-tcu\\\/\",\"name\":\"BMW que foi apreendido com \u2018Careca do INSS\u2019 est\u00e1 em nome de esposa de ministro do TCU - Afogados FM\",\"isPartOf\":{\"@id\":\"https:\\\/\\\/afogadosfm.com.br\\\/afogadosfm\\\/#website\"},\"primaryImageOfPage\":{\"@id\":\"https:\\\/\\\/afogadosfm.com.br\\\/afogadosfm\\\/2025\\\/05\\\/23\\\/bmw-que-foi-apreendido-com-careca-do-inss-esta-em-nome-de-esposa-de-ministro-do-tcu\\\/#primaryimage\"},\"image\":{\"@id\":\"https:\\\/\\\/afogadosfm.com.br\\\/afogadosfm\\\/2025\\\/05\\\/23\\\/bmw-que-foi-apreendido-com-careca-do-inss-esta-em-nome-de-esposa-de-ministro-do-tcu\\\/#primaryimage\"},\"thumbnailUrl\":\"https:\\\/\\\/i0.wp.com\\\/afogadosfm.com.br\\\/afogadosfm\\\/wp-content\\\/uploads\\\/2025\\\/05\\\/bmw.jpeg?fit=400%2C249&ssl=1\",\"datePublished\":\"2025-05-23T08:51:35+00:00\",\"dateModified\":\"2025-05-23T08:52:04+00:00\",\"breadcrumb\":{\"@id\":\"https:\\\/\\\/afogadosfm.com.br\\\/afogadosfm\\\/2025\\\/05\\\/23\\\/bmw-que-foi-apreendido-com-careca-do-inss-esta-em-nome-de-esposa-de-ministro-do-tcu\\\/#breadcrumb\"},\"inLanguage\":\"pt-BR\",\"potentialAction\":[{\"@type\":\"ReadAction\",\"target\":[\"https:\\\/\\\/afogadosfm.com.br\\\/afogadosfm\\\/2025\\\/05\\\/23\\\/bmw-que-foi-apreendido-com-careca-do-inss-esta-em-nome-de-esposa-de-ministro-do-tcu\\\/\"]}]},{\"@type\":\"ImageObject\",\"inLanguage\":\"pt-BR\",\"@id\":\"https:\\\/\\\/afogadosfm.com.br\\\/afogadosfm\\\/2025\\\/05\\\/23\\\/bmw-que-foi-apreendido-com-careca-do-inss-esta-em-nome-de-esposa-de-ministro-do-tcu\\\/#primaryimage\",\"url\":\"https:\\\/\\\/i0.wp.com\\\/afogadosfm.com.br\\\/afogadosfm\\\/wp-content\\\/uploads\\\/2025\\\/05\\\/bmw.jpeg?fit=400%2C249&ssl=1\",\"contentUrl\":\"https:\\\/\\\/i0.wp.com\\\/afogadosfm.com.br\\\/afogadosfm\\\/wp-content\\\/uploads\\\/2025\\\/05\\\/bmw.jpeg?fit=400%2C249&ssl=1\",\"width\":400,\"height\":249},{\"@type\":\"BreadcrumbList\",\"@id\":\"https:\\\/\\\/afogadosfm.com.br\\\/afogadosfm\\\/2025\\\/05\\\/23\\\/bmw-que-foi-apreendido-com-careca-do-inss-esta-em-nome-de-esposa-de-ministro-do-tcu\\\/#breadcrumb\",\"itemListElement\":[{\"@type\":\"ListItem\",\"position\":1,\"name\":\"In\u00edcio\",\"item\":\"https:\\\/\\\/afogadosfm.com.br\\\/afogadosfm\\\/\"},{\"@type\":\"ListItem\",\"position\":2,\"name\":\"BMW que foi apreendido com \u2018Careca do INSS\u2019 est\u00e1 em nome de esposa de ministro do TCU\"}]},{\"@type\":\"WebSite\",\"@id\":\"https:\\\/\\\/afogadosfm.com.br\\\/afogadosfm\\\/#website\",\"url\":\"https:\\\/\\\/afogadosfm.com.br\\\/afogadosfm\\\/\",\"name\":\"Afogados FM\",\"description\":\"Um site completo!\",\"publisher\":{\"@id\":\"https:\\\/\\\/afogadosfm.com.br\\\/afogadosfm\\\/#organization\"},\"potentialAction\":[{\"@type\":\"SearchAction\",\"target\":{\"@type\":\"EntryPoint\",\"urlTemplate\":\"https:\\\/\\\/afogadosfm.com.br\\\/afogadosfm\\\/?s={search_term_string}\"},\"query-input\":{\"@type\":\"PropertyValueSpecification\",\"valueRequired\":true,\"valueName\":\"search_term_string\"}}],\"inLanguage\":\"pt-BR\"},{\"@type\":\"Organization\",\"@id\":\"https:\\\/\\\/afogadosfm.com.br\\\/afogadosfm\\\/#organization\",\"name\":\"Afogados FM\",\"url\":\"https:\\\/\\\/afogadosfm.com.br\\\/afogadosfm\\\/\",\"logo\":{\"@type\":\"ImageObject\",\"inLanguage\":\"pt-BR\",\"@id\":\"https:\\\/\\\/afogadosfm.com.br\\\/afogadosfm\\\/#\\\/schema\\\/logo\\\/image\\\/\",\"url\":\"https:\\\/\\\/i0.wp.com\\\/afogadosfm.com.br\\\/afogadosfm\\\/wp-content\\\/uploads\\\/2020\\\/06\\\/cropped-banner-afogados-4.jpg?fit=369%2C137&ssl=1\",\"contentUrl\":\"https:\\\/\\\/i0.wp.com\\\/afogadosfm.com.br\\\/afogadosfm\\\/wp-content\\\/uploads\\\/2020\\\/06\\\/cropped-banner-afogados-4.jpg?fit=369%2C137&ssl=1\",\"width\":369,\"height\":137,\"caption\":\"Afogados FM\"},\"image\":{\"@id\":\"https:\\\/\\\/afogadosfm.com.br\\\/afogadosfm\\\/#\\\/schema\\\/logo\\\/image\\\/\"}},{\"@type\":\"Person\",\"@id\":\"https:\\\/\\\/afogadosfm.com.br\\\/afogadosfm\\\/#\\\/schema\\\/person\\\/60e56f2cf5dc960fc093fe093d9e9057\",\"name\":\"afogadosfm\",\"image\":{\"@type\":\"ImageObject\",\"inLanguage\":\"pt-BR\",\"@id\":\"https:\\\/\\\/secure.gravatar.com\\\/avatar\\\/e0359add7ed5dc3560906d861b52c6a8cf5c1e199d3a7dd85070998f49bd4701?s=96&d=mm&r=g\",\"url\":\"https:\\\/\\\/secure.gravatar.com\\\/avatar\\\/e0359add7ed5dc3560906d861b52c6a8cf5c1e199d3a7dd85070998f49bd4701?s=96&d=mm&r=g\",\"contentUrl\":\"https:\\\/\\\/secure.gravatar.com\\\/avatar\\\/e0359add7ed5dc3560906d861b52c6a8cf5c1e199d3a7dd85070998f49bd4701?s=96&d=mm&r=g\",\"caption\":\"afogadosfm\"},\"url\":\"https:\\\/\\\/afogadosfm.com.br\\\/afogadosfm\\\/author\\\/afogadosfm\\\/\"}]}<\/script>\n<!-- \/ Yoast SEO plugin. -->","yoast_head_json":{"title":"BMW que foi apreendido com \u2018Careca do INSS\u2019 est\u00e1 em nome de esposa de ministro do TCU - Afogados FM","robots":{"index":"index","follow":"follow","max-snippet":"max-snippet:-1","max-image-preview":"max-image-preview:large","max-video-preview":"max-video-preview:-1"},"canonical":"https:\/\/afogadosfm.com.br\/afogadosfm\/2025\/05\/23\/bmw-que-foi-apreendido-com-careca-do-inss-esta-em-nome-de-esposa-de-ministro-do-tcu\/","og_locale":"pt_BR","og_type":"article","og_title":"BMW que foi apreendido com \u2018Careca do INSS\u2019 est\u00e1 em nome de esposa de ministro do TCU - Afogados FM","og_description":"Com atua\u00e7\u00e3o criticada no esc\u00e2ndalo do roubo a aposentados e pensionistas do INSS, o Tribunal de Contas da Uni\u00e3o (TCU)","og_url":"https:\/\/afogadosfm.com.br\/afogadosfm\/2025\/05\/23\/bmw-que-foi-apreendido-com-careca-do-inss-esta-em-nome-de-esposa-de-ministro-do-tcu\/","og_site_name":"Afogados FM","article_published_time":"2025-05-23T08:51:35+00:00","article_modified_time":"2025-05-23T08:52:04+00:00","og_image":[{"width":400,"height":249,"url":"https:\/\/afogadosfm.com.br\/afogadosfm\/wp-content\/uploads\/2025\/05\/bmw.jpeg","type":"image\/jpeg"}],"author":"afogadosfm","twitter_card":"summary_large_image","twitter_misc":{"Escrito por":"afogadosfm","Est. tempo de leitura":"2 minutos"},"schema":{"@context":"https:\/\/schema.org","@graph":[{"@type":"Article","@id":"https:\/\/afogadosfm.com.br\/afogadosfm\/2025\/05\/23\/bmw-que-foi-apreendido-com-careca-do-inss-esta-em-nome-de-esposa-de-ministro-do-tcu\/#article","isPartOf":{"@id":"https:\/\/afogadosfm.com.br\/afogadosfm\/2025\/05\/23\/bmw-que-foi-apreendido-com-careca-do-inss-esta-em-nome-de-esposa-de-ministro-do-tcu\/"},"author":{"name":"afogadosfm","@id":"https:\/\/afogadosfm.com.br\/afogadosfm\/#\/schema\/person\/60e56f2cf5dc960fc093fe093d9e9057"},"headline":"BMW que foi apreendido com \u2018Careca do INSS\u2019 est\u00e1 em nome de esposa de ministro do TCU","datePublished":"2025-05-23T08:51:35+00:00","dateModified":"2025-05-23T08:52:04+00:00","mainEntityOfPage":{"@id":"https:\/\/afogadosfm.com.br\/afogadosfm\/2025\/05\/23\/bmw-que-foi-apreendido-com-careca-do-inss-esta-em-nome-de-esposa-de-ministro-do-tcu\/"},"wordCount":352,"commentCount":0,"publisher":{"@id":"https:\/\/afogadosfm.com.br\/afogadosfm\/#organization"},"image":{"@id":"https:\/\/afogadosfm.com.br\/afogadosfm\/2025\/05\/23\/bmw-que-foi-apreendido-com-careca-do-inss-esta-em-nome-de-esposa-de-ministro-do-tcu\/#primaryimage"},"thumbnailUrl":"https:\/\/i0.wp.com\/afogadosfm.com.br\/afogadosfm\/wp-content\/uploads\/2025\/05\/bmw.jpeg?fit=400%2C249&ssl=1","articleSection":["Brasil"],"inLanguage":"pt-BR","potentialAction":[{"@type":"CommentAction","name":"Comment","target":["https:\/\/afogadosfm.com.br\/afogadosfm\/2025\/05\/23\/bmw-que-foi-apreendido-com-careca-do-inss-esta-em-nome-de-esposa-de-ministro-do-tcu\/#respond"]}]},{"@type":"WebPage","@id":"https:\/\/afogadosfm.com.br\/afogadosfm\/2025\/05\/23\/bmw-que-foi-apreendido-com-careca-do-inss-esta-em-nome-de-esposa-de-ministro-do-tcu\/","url":"https:\/\/afogadosfm.com.br\/afogadosfm\/2025\/05\/23\/bmw-que-foi-apreendido-com-careca-do-inss-esta-em-nome-de-esposa-de-ministro-do-tcu\/","name":"BMW que foi apreendido com \u2018Careca do INSS\u2019 est\u00e1 em nome de esposa de ministro do TCU - Afogados FM","isPartOf":{"@id":"https:\/\/afogadosfm.com.br\/afogadosfm\/#website"},"primaryImageOfPage":{"@id":"https:\/\/afogadosfm.com.br\/afogadosfm\/2025\/05\/23\/bmw-que-foi-apreendido-com-careca-do-inss-esta-em-nome-de-esposa-de-ministro-do-tcu\/#primaryimage"},"image":{"@id":"https:\/\/afogadosfm.com.br\/afogadosfm\/2025\/05\/23\/bmw-que-foi-apreendido-com-careca-do-inss-esta-em-nome-de-esposa-de-ministro-do-tcu\/#primaryimage"},"thumbnailUrl":"https:\/\/i0.wp.com\/afogadosfm.com.br\/afogadosfm\/wp-content\/uploads\/2025\/05\/bmw.jpeg?fit=400%2C249&ssl=1","datePublished":"2025-05-23T08:51:35+00:00","dateModified":"2025-05-23T08:52:04+00:00","breadcrumb":{"@id":"https:\/\/afogadosfm.com.br\/afogadosfm\/2025\/05\/23\/bmw-que-foi-apreendido-com-careca-do-inss-esta-em-nome-de-esposa-de-ministro-do-tcu\/#breadcrumb"},"inLanguage":"pt-BR","potentialAction":[{"@type":"ReadAction","target":["https:\/\/afogadosfm.com.br\/afogadosfm\/2025\/05\/23\/bmw-que-foi-apreendido-com-careca-do-inss-esta-em-nome-de-esposa-de-ministro-do-tcu\/"]}]},{"@type":"ImageObject","inLanguage":"pt-BR","@id":"https:\/\/afogadosfm.com.br\/afogadosfm\/2025\/05\/23\/bmw-que-foi-apreendido-com-careca-do-inss-esta-em-nome-de-esposa-de-ministro-do-tcu\/#primaryimage","url":"https:\/\/i0.wp.com\/afogadosfm.com.br\/afogadosfm\/wp-content\/uploads\/2025\/05\/bmw.jpeg?fit=400%2C249&ssl=1","contentUrl":"https:\/\/i0.wp.com\/afogadosfm.com.br\/afogadosfm\/wp-content\/uploads\/2025\/05\/bmw.jpeg?fit=400%2C249&ssl=1","width":400,"height":249},{"@type":"BreadcrumbList","@id":"https:\/\/afogadosfm.com.br\/afogadosfm\/2025\/05\/23\/bmw-que-foi-apreendido-com-careca-do-inss-esta-em-nome-de-esposa-de-ministro-do-tcu\/#breadcrumb","itemListElement":[{"@type":"ListItem","position":1,"name":"In\u00edcio","item":"https:\/\/afogadosfm.com.br\/afogadosfm\/"},{"@type":"ListItem","position":2,"name":"BMW que foi apreendido com \u2018Careca do INSS\u2019 est\u00e1 em nome de esposa de ministro do TCU"}]},{"@type":"WebSite","@id":"https:\/\/afogadosfm.com.br\/afogadosfm\/#website","url":"https:\/\/afogadosfm.com.br\/afogadosfm\/","name":"Afogados FM","description":"Um site completo!","publisher":{"@id":"https:\/\/afogadosfm.com.br\/afogadosfm\/#organization"},"potentialAction":[{"@type":"SearchAction","target":{"@type":"EntryPoint","urlTemplate":"https:\/\/afogadosfm.com.br\/afogadosfm\/?s={search_term_string}"},"query-input":{"@type":"PropertyValueSpecification","valueRequired":true,"valueName":"search_term_string"}}],"inLanguage":"pt-BR"},{"@type":"Organization","@id":"https:\/\/afogadosfm.com.br\/afogadosfm\/#organization","name":"Afogados FM","url":"https:\/\/afogadosfm.com.br\/afogadosfm\/","logo":{"@type":"ImageObject","inLanguage":"pt-BR","@id":"https:\/\/afogadosfm.com.br\/afogadosfm\/#\/schema\/logo\/image\/","url":"https:\/\/i0.wp.com\/afogadosfm.com.br\/afogadosfm\/wp-content\/uploads\/2020\/06\/cropped-banner-afogados-4.jpg?fit=369%2C137&ssl=1","contentUrl":"https:\/\/i0.wp.com\/afogadosfm.com.br\/afogadosfm\/wp-content\/uploads\/2020\/06\/cropped-banner-afogados-4.jpg?fit=369%2C137&ssl=1","width":369,"height":137,"caption":"Afogados FM"},"image":{"@id":"https:\/\/afogadosfm.com.br\/afogadosfm\/#\/schema\/logo\/image\/"}},{"@type":"Person","@id":"https:\/\/afogadosfm.com.br\/afogadosfm\/#\/schema\/person\/60e56f2cf5dc960fc093fe093d9e9057","name":"afogadosfm","image":{"@type":"ImageObject","inLanguage":"pt-BR","@id":"https:\/\/secure.gravatar.com\/avatar\/e0359add7ed5dc3560906d861b52c6a8cf5c1e199d3a7dd85070998f49bd4701?s=96&d=mm&r=g","url":"https:\/\/secure.gravatar.com\/avatar\/e0359add7ed5dc3560906d861b52c6a8cf5c1e199d3a7dd85070998f49bd4701?s=96&d=mm&r=g","contentUrl":"https:\/\/secure.gravatar.com\/avatar\/e0359add7ed5dc3560906d861b52c6a8cf5c1e199d3a7dd85070998f49bd4701?s=96&d=mm&r=g","caption":"afogadosfm"},"url":"https:\/\/afogadosfm.com.br\/afogadosfm\/author\/afogadosfm\/"}]}},"jetpack_publicize_connections":[],"jetpack_featured_media_url":"https:\/\/i0.wp.com\/afogadosfm.com.br\/afogadosfm\/wp-content\/uploads\/2025\/05\/bmw.jpeg?fit=400%2C249&ssl=1","jetpack-related-posts":[],"jetpack_sharing_enabled":true,"jetpack_likes_enabled":true,"_links":{"self":[{"href":"https:\/\/afogadosfm.com.br\/afogadosfm\/wp-json\/wp\/v2\/posts\/66066","targetHints":{"allow":["GET"]}}],"collection":[{"href":"https:\/\/afogadosfm.com.br\/afogadosfm\/wp-json\/wp\/v2\/posts"}],"about":[{"href":"https:\/\/afogadosfm.com.br\/afogadosfm\/wp-json\/wp\/v2\/types\/post"}],"author":[{"embeddable":true,"href":"https:\/\/afogadosfm.com.br\/afogadosfm\/wp-json\/wp\/v2\/users\/2"}],"replies":[{"embeddable":true,"href":"https:\/\/afogadosfm.com.br\/afogadosfm\/wp-json\/wp\/v2\/comments?post=66066"}],"version-history":[{"count":2,"href":"https:\/\/afogadosfm.com.br\/afogadosfm\/wp-json\/wp\/v2\/posts\/66066\/revisions"}],"predecessor-version":[{"id":66069,"href":"https:\/\/afogadosfm.com.br\/afogadosfm\/wp-json\/wp\/v2\/posts\/66066\/revisions\/66069"}],"wp:featuredmedia":[{"embeddable":true,"href":"https:\/\/afogadosfm.com.br\/afogadosfm\/wp-json\/wp\/v2\/media\/66067"}],"wp:attachment":[{"href":"https:\/\/afogadosfm.com.br\/afogadosfm\/wp-json\/wp\/v2\/media?parent=66066"}],"wp:term":[{"taxonomy":"category","embeddable":true,"href":"https:\/\/afogadosfm.com.br\/afogadosfm\/wp-json\/wp\/v2\/categories?post=66066"},{"taxonomy":"post_tag","embeddable":true,"href":"https:\/\/afogadosfm.com.br\/afogadosfm\/wp-json\/wp\/v2\/tags?post=66066"}],"curies":[{"name":"wp","href":"https:\/\/api.w.org\/{rel}","templated":true}]}}