{"id":66082,"date":"2025-05-23T07:59:21","date_gmt":"2025-05-23T10:59:21","guid":{"rendered":"https:\/\/afogadosfm.com.br\/afogadosfm\/?p=66082"},"modified":"2025-05-23T07:59:22","modified_gmt":"2025-05-23T10:59:22","slug":"copa-do-brasil-quem-sao-os-16-times-que-avancam-para-proxima-fase","status":"publish","type":"post","link":"https:\/\/afogadosfm.com.br\/afogadosfm\/2025\/05\/23\/copa-do-brasil-quem-sao-os-16-times-que-avancam-para-proxima-fase\/","title":{"rendered":"Copa do Brasil, quem s\u00e3o os 16 times que avan\u00e7am para pr\u00f3xima fase"},"content":{"rendered":"\n<p>Dois grupos com oito times em cada est\u00e3o aptos para disputar a pr\u00f3xima fase da Copa do Brasil, competi\u00e7\u00e3o que mais bem paga aos clubes, como forma de premia\u00e7\u00e3o nesta pr\u00f3xima fase cada um receber\u00e1 mais de R$ 3 milh\u00f5es.<\/p>\n\n\n\n<p>Vasco (venceu o Oper\u00e1rio-PR)<br>Athletico (venceu o Brusque)<br>CSA (venceu o Gr\u00eamio)<br>S\u00e3o Paulo (venceu o N\u00e1utico)<br>Retr\u00f4 (venceu o Fortaleza)<br>Fluminense (venceu a Aparecidense)<br>Bahia (venceu o Paysandu)<\/p>\n\n\n\n<p>Flamengo (venceu o Botafogo-PB)<br>Atl\u00e9tico-MG (venceu o Maring\u00e1)<br>Corinthians (venceu o Novorizontino)<br>Inter (venceu o Maracan\u00e3)<br>Cruzeiro (venceu o Vila Nova)<br>Palmeiras (venceu o Cear\u00e1)<br>Bragantino (venceu o Crici\u00fama)<\/p>\n\n\n\n<p>Botafogo (venceu o Capital)<br>CRB (venceu o Santos)<\/p>\n\n\n\n<p>As oitavas ser\u00e3o disputadas entre o fim de julho e o come\u00e7o de agosto \u2014 a CBF ainda vai definir os dias e os hor\u00e1rios dos duelos.<\/p>\n\n\n\n<p>As oitavas ser\u00e3o disputadas entre o fim de julho e o come\u00e7o de agosto \u2014 a CBF ainda vai definir os dias e os hor\u00e1rios dos duelos<\/p>\n","protected":false},"excerpt":{"rendered":"<p>Dois grupos com oito times em cada est\u00e3o aptos para disputar a pr\u00f3xima fase da Copa do Brasil, competi\u00e7\u00e3o que<\/p>\n","protected":false},"author":2,"featured_media":62383,"comment_status":"open","ping_status":"open","sticky":false,"template":"","format":"standard","meta":{"jetpack_post_was_ever_published":false,"_jetpack_newsletter_access":"","_jetpack_dont_email_post_to_subs":false,"_jetpack_newsletter_tier_id":0,"_jetpack_memberships_contains_paywalled_content":false,"_jetpack_memberships_contains_paid_content":false,"footnotes":"","jetpack_publicize_message":"","jetpack_publicize_feature_enabled":true,"jetpack_social_post_already_shared":true,"jetpack_social_options":{"image_generator_settings":{"template":"highway","default_image_id":0,"font":"","enabled":false},"version":2}},"categories":[8],"tags":[],"class_list":["post-66082","post","type-post","status-publish","format-standard","has-post-thumbnail","hentry","category-esporte"],"yoast_head":"<!-- This site is optimized with the Yoast SEO plugin v27.5 - https:\/\/yoast.com\/product\/yoast-seo-wordpress\/ -->\n<title>Copa do Brasil, quem s\u00e3o os 16 times que avan\u00e7am para pr\u00f3xima fase - Afogados FM<\/title>\n<meta name=\"robots\" content=\"index, follow, max-snippet:-1, max-image-preview:large, max-video-preview:-1\" \/>\n<link rel=\"canonical\" href=\"https:\/\/afogadosfm.com.br\/afogadosfm\/2025\/05\/23\/copa-do-brasil-quem-sao-os-16-times-que-avancam-para-proxima-fase\/\" \/>\n<meta property=\"og:locale\" content=\"pt_BR\" \/>\n<meta property=\"og:type\" content=\"article\" \/>\n<meta property=\"og:title\" content=\"Copa do Brasil, quem s\u00e3o os 16 times que avan\u00e7am para pr\u00f3xima fase - Afogados FM\" \/>\n<meta property=\"og:description\" content=\"Dois grupos com oito times em cada est\u00e3o aptos para disputar a pr\u00f3xima fase da Copa do Brasil, competi\u00e7\u00e3o que\" \/>\n<meta property=\"og:url\" content=\"https:\/\/afogadosfm.com.br\/afogadosfm\/2025\/05\/23\/copa-do-brasil-quem-sao-os-16-times-que-avancam-para-proxima-fase\/\" \/>\n<meta property=\"og:site_name\" content=\"Afogados FM\" \/>\n<meta property=\"article:published_time\" content=\"2025-05-23T10:59:21+00:00\" \/>\n<meta property=\"article:modified_time\" content=\"2025-05-23T10:59:22+00:00\" \/>\n<meta name=\"author\" content=\"afogadosfm\" \/>\n<meta name=\"twitter:card\" content=\"summary_large_image\" \/>\n<meta name=\"twitter:label1\" content=\"Escrito por\" \/>\n\t<meta name=\"twitter:data1\" content=\"afogadosfm\" \/>\n\t<meta name=\"twitter:label2\" content=\"Est. tempo de leitura\" \/>\n\t<meta name=\"twitter:data2\" content=\"2 minutos\" \/>\n<script type=\"application\/ld+json\" class=\"yoast-schema-graph\">{\"@context\":\"https:\\\/\\\/schema.org\",\"@graph\":[{\"@type\":\"Article\",\"@id\":\"https:\\\/\\\/afogadosfm.com.br\\\/afogadosfm\\\/2025\\\/05\\\/23\\\/copa-do-brasil-quem-sao-os-16-times-que-avancam-para-proxima-fase\\\/#article\",\"isPartOf\":{\"@id\":\"https:\\\/\\\/afogadosfm.com.br\\\/afogadosfm\\\/2025\\\/05\\\/23\\\/copa-do-brasil-quem-sao-os-16-times-que-avancam-para-proxima-fase\\\/\"},\"author\":{\"name\":\"afogadosfm\",\"@id\":\"https:\\\/\\\/afogadosfm.com.br\\\/afogadosfm\\\/#\\\/schema\\\/person\\\/60e56f2cf5dc960fc093fe093d9e9057\"},\"headline\":\"Copa do Brasil, quem s\u00e3o os 16 times que avan\u00e7am para pr\u00f3xima fase\",\"datePublished\":\"2025-05-23T10:59:21+00:00\",\"dateModified\":\"2025-05-23T10:59:22+00:00\",\"mainEntityOfPage\":{\"@id\":\"https:\\\/\\\/afogadosfm.com.br\\\/afogadosfm\\\/2025\\\/05\\\/23\\\/copa-do-brasil-quem-sao-os-16-times-que-avancam-para-proxima-fase\\\/\"},\"wordCount\":190,\"commentCount\":0,\"publisher\":{\"@id\":\"https:\\\/\\\/afogadosfm.com.br\\\/afogadosfm\\\/#organization\"},\"image\":{\"@id\":\"https:\\\/\\\/afogadosfm.com.br\\\/afogadosfm\\\/2025\\\/05\\\/23\\\/copa-do-brasil-quem-sao-os-16-times-que-avancam-para-proxima-fase\\\/#primaryimage\"},\"thumbnailUrl\":\"https:\\\/\\\/afogadosfm.com.br\\\/afogadosfm\\\/wp-content\\\/uploads\\\/2025\\\/01\\\/copadobrasil.avif\",\"articleSection\":[\"Esporte\"],\"inLanguage\":\"pt-BR\",\"potentialAction\":[{\"@type\":\"CommentAction\",\"name\":\"Comment\",\"target\":[\"https:\\\/\\\/afogadosfm.com.br\\\/afogadosfm\\\/2025\\\/05\\\/23\\\/copa-do-brasil-quem-sao-os-16-times-que-avancam-para-proxima-fase\\\/#respond\"]}]},{\"@type\":\"WebPage\",\"@id\":\"https:\\\/\\\/afogadosfm.com.br\\\/afogadosfm\\\/2025\\\/05\\\/23\\\/copa-do-brasil-quem-sao-os-16-times-que-avancam-para-proxima-fase\\\/\",\"url\":\"https:\\\/\\\/afogadosfm.com.br\\\/afogadosfm\\\/2025\\\/05\\\/23\\\/copa-do-brasil-quem-sao-os-16-times-que-avancam-para-proxima-fase\\\/\",\"name\":\"Copa do Brasil, quem s\u00e3o os 16 times que avan\u00e7am para pr\u00f3xima fase - Afogados FM\",\"isPartOf\":{\"@id\":\"https:\\\/\\\/afogadosfm.com.br\\\/afogadosfm\\\/#website\"},\"primaryImageOfPage\":{\"@id\":\"https:\\\/\\\/afogadosfm.com.br\\\/afogadosfm\\\/2025\\\/05\\\/23\\\/copa-do-brasil-quem-sao-os-16-times-que-avancam-para-proxima-fase\\\/#primaryimage\"},\"image\":{\"@id\":\"https:\\\/\\\/afogadosfm.com.br\\\/afogadosfm\\\/2025\\\/05\\\/23\\\/copa-do-brasil-quem-sao-os-16-times-que-avancam-para-proxima-fase\\\/#primaryimage\"},\"thumbnailUrl\":\"https:\\\/\\\/afogadosfm.com.br\\\/afogadosfm\\\/wp-content\\\/uploads\\\/2025\\\/01\\\/copadobrasil.avif\",\"datePublished\":\"2025-05-23T10:59:21+00:00\",\"dateModified\":\"2025-05-23T10:59:22+00:00\",\"breadcrumb\":{\"@id\":\"https:\\\/\\\/afogadosfm.com.br\\\/afogadosfm\\\/2025\\\/05\\\/23\\\/copa-do-brasil-quem-sao-os-16-times-que-avancam-para-proxima-fase\\\/#breadcrumb\"},\"inLanguage\":\"pt-BR\",\"potentialAction\":[{\"@type\":\"ReadAction\",\"target\":[\"https:\\\/\\\/afogadosfm.com.br\\\/afogadosfm\\\/2025\\\/05\\\/23\\\/copa-do-brasil-quem-sao-os-16-times-que-avancam-para-proxima-fase\\\/\"]}]},{\"@type\":\"ImageObject\",\"inLanguage\":\"pt-BR\",\"@id\":\"https:\\\/\\\/afogadosfm.com.br\\\/afogadosfm\\\/2025\\\/05\\\/23\\\/copa-do-brasil-quem-sao-os-16-times-que-avancam-para-proxima-fase\\\/#primaryimage\",\"url\":\"https:\\\/\\\/afogadosfm.com.br\\\/afogadosfm\\\/wp-content\\\/uploads\\\/2025\\\/01\\\/copadobrasil.avif\",\"contentUrl\":\"https:\\\/\\\/afogadosfm.com.br\\\/afogadosfm\\\/wp-content\\\/uploads\\\/2025\\\/01\\\/copadobrasil.avif\",\"width\":984,\"height\":615},{\"@type\":\"BreadcrumbList\",\"@id\":\"https:\\\/\\\/afogadosfm.com.br\\\/afogadosfm\\\/2025\\\/05\\\/23\\\/copa-do-brasil-quem-sao-os-16-times-que-avancam-para-proxima-fase\\\/#breadcrumb\",\"itemListElement\":[{\"@type\":\"ListItem\",\"position\":1,\"name\":\"In\u00edcio\",\"item\":\"https:\\\/\\\/afogadosfm.com.br\\\/afogadosfm\\\/\"},{\"@type\":\"ListItem\",\"position\":2,\"name\":\"Copa do Brasil, quem s\u00e3o os 16 times que avan\u00e7am para pr\u00f3xima fase\"}]},{\"@type\":\"WebSite\",\"@id\":\"https:\\\/\\\/afogadosfm.com.br\\\/afogadosfm\\\/#website\",\"url\":\"https:\\\/\\\/afogadosfm.com.br\\\/afogadosfm\\\/\",\"name\":\"Afogados FM\",\"description\":\"Um site completo!\",\"publisher\":{\"@id\":\"https:\\\/\\\/afogadosfm.com.br\\\/afogadosfm\\\/#organization\"},\"potentialAction\":[{\"@type\":\"SearchAction\",\"target\":{\"@type\":\"EntryPoint\",\"urlTemplate\":\"https:\\\/\\\/afogadosfm.com.br\\\/afogadosfm\\\/?s={search_term_string}\"},\"query-input\":{\"@type\":\"PropertyValueSpecification\",\"valueRequired\":true,\"valueName\":\"search_term_string\"}}],\"inLanguage\":\"pt-BR\"},{\"@type\":\"Organization\",\"@id\":\"https:\\\/\\\/afogadosfm.com.br\\\/afogadosfm\\\/#organization\",\"name\":\"Afogados FM\",\"url\":\"https:\\\/\\\/afogadosfm.com.br\\\/afogadosfm\\\/\",\"logo\":{\"@type\":\"ImageObject\",\"inLanguage\":\"pt-BR\",\"@id\":\"https:\\\/\\\/afogadosfm.com.br\\\/afogadosfm\\\/#\\\/schema\\\/logo\\\/image\\\/\",\"url\":\"https:\\\/\\\/i0.wp.com\\\/afogadosfm.com.br\\\/afogadosfm\\\/wp-content\\\/uploads\\\/2020\\\/06\\\/cropped-banner-afogados-4.jpg?fit=369%2C137&ssl=1\",\"contentUrl\":\"https:\\\/\\\/i0.wp.com\\\/afogadosfm.com.br\\\/afogadosfm\\\/wp-content\\\/uploads\\\/2020\\\/06\\\/cropped-banner-afogados-4.jpg?fit=369%2C137&ssl=1\",\"width\":369,\"height\":137,\"caption\":\"Afogados FM\"},\"image\":{\"@id\":\"https:\\\/\\\/afogadosfm.com.br\\\/afogadosfm\\\/#\\\/schema\\\/logo\\\/image\\\/\"}},{\"@type\":\"Person\",\"@id\":\"https:\\\/\\\/afogadosfm.com.br\\\/afogadosfm\\\/#\\\/schema\\\/person\\\/60e56f2cf5dc960fc093fe093d9e9057\",\"name\":\"afogadosfm\",\"image\":{\"@type\":\"ImageObject\",\"inLanguage\":\"pt-BR\",\"@id\":\"https:\\\/\\\/secure.gravatar.com\\\/avatar\\\/e0359add7ed5dc3560906d861b52c6a8cf5c1e199d3a7dd85070998f49bd4701?s=96&d=mm&r=g\",\"url\":\"https:\\\/\\\/secure.gravatar.com\\\/avatar\\\/e0359add7ed5dc3560906d861b52c6a8cf5c1e199d3a7dd85070998f49bd4701?s=96&d=mm&r=g\",\"contentUrl\":\"https:\\\/\\\/secure.gravatar.com\\\/avatar\\\/e0359add7ed5dc3560906d861b52c6a8cf5c1e199d3a7dd85070998f49bd4701?s=96&d=mm&r=g\",\"caption\":\"afogadosfm\"},\"url\":\"https:\\\/\\\/afogadosfm.com.br\\\/afogadosfm\\\/author\\\/afogadosfm\\\/\"}]}<\/script>\n<!-- \/ Yoast SEO plugin. -->","yoast_head_json":{"title":"Copa do Brasil, quem s\u00e3o os 16 times que avan\u00e7am para pr\u00f3xima fase - Afogados FM","robots":{"index":"index","follow":"follow","max-snippet":"max-snippet:-1","max-image-preview":"max-image-preview:large","max-video-preview":"max-video-preview:-1"},"canonical":"https:\/\/afogadosfm.com.br\/afogadosfm\/2025\/05\/23\/copa-do-brasil-quem-sao-os-16-times-que-avancam-para-proxima-fase\/","og_locale":"pt_BR","og_type":"article","og_title":"Copa do Brasil, quem s\u00e3o os 16 times que avan\u00e7am para pr\u00f3xima fase - Afogados FM","og_description":"Dois grupos com oito times em cada est\u00e3o aptos para disputar a pr\u00f3xima fase da Copa do Brasil, competi\u00e7\u00e3o que","og_url":"https:\/\/afogadosfm.com.br\/afogadosfm\/2025\/05\/23\/copa-do-brasil-quem-sao-os-16-times-que-avancam-para-proxima-fase\/","og_site_name":"Afogados FM","article_published_time":"2025-05-23T10:59:21+00:00","article_modified_time":"2025-05-23T10:59:22+00:00","author":"afogadosfm","twitter_card":"summary_large_image","twitter_misc":{"Escrito por":"afogadosfm","Est. tempo de leitura":"2 minutos"},"schema":{"@context":"https:\/\/schema.org","@graph":[{"@type":"Article","@id":"https:\/\/afogadosfm.com.br\/afogadosfm\/2025\/05\/23\/copa-do-brasil-quem-sao-os-16-times-que-avancam-para-proxima-fase\/#article","isPartOf":{"@id":"https:\/\/afogadosfm.com.br\/afogadosfm\/2025\/05\/23\/copa-do-brasil-quem-sao-os-16-times-que-avancam-para-proxima-fase\/"},"author":{"name":"afogadosfm","@id":"https:\/\/afogadosfm.com.br\/afogadosfm\/#\/schema\/person\/60e56f2cf5dc960fc093fe093d9e9057"},"headline":"Copa do Brasil, quem s\u00e3o os 16 times que avan\u00e7am para pr\u00f3xima fase","datePublished":"2025-05-23T10:59:21+00:00","dateModified":"2025-05-23T10:59:22+00:00","mainEntityOfPage":{"@id":"https:\/\/afogadosfm.com.br\/afogadosfm\/2025\/05\/23\/copa-do-brasil-quem-sao-os-16-times-que-avancam-para-proxima-fase\/"},"wordCount":190,"commentCount":0,"publisher":{"@id":"https:\/\/afogadosfm.com.br\/afogadosfm\/#organization"},"image":{"@id":"https:\/\/afogadosfm.com.br\/afogadosfm\/2025\/05\/23\/copa-do-brasil-quem-sao-os-16-times-que-avancam-para-proxima-fase\/#primaryimage"},"thumbnailUrl":"https:\/\/afogadosfm.com.br\/afogadosfm\/wp-content\/uploads\/2025\/01\/copadobrasil.avif","articleSection":["Esporte"],"inLanguage":"pt-BR","potentialAction":[{"@type":"CommentAction","name":"Comment","target":["https:\/\/afogadosfm.com.br\/afogadosfm\/2025\/05\/23\/copa-do-brasil-quem-sao-os-16-times-que-avancam-para-proxima-fase\/#respond"]}]},{"@type":"WebPage","@id":"https:\/\/afogadosfm.com.br\/afogadosfm\/2025\/05\/23\/copa-do-brasil-quem-sao-os-16-times-que-avancam-para-proxima-fase\/","url":"https:\/\/afogadosfm.com.br\/afogadosfm\/2025\/05\/23\/copa-do-brasil-quem-sao-os-16-times-que-avancam-para-proxima-fase\/","name":"Copa do Brasil, quem s\u00e3o os 16 times que avan\u00e7am para pr\u00f3xima fase - Afogados FM","isPartOf":{"@id":"https:\/\/afogadosfm.com.br\/afogadosfm\/#website"},"primaryImageOfPage":{"@id":"https:\/\/afogadosfm.com.br\/afogadosfm\/2025\/05\/23\/copa-do-brasil-quem-sao-os-16-times-que-avancam-para-proxima-fase\/#primaryimage"},"image":{"@id":"https:\/\/afogadosfm.com.br\/afogadosfm\/2025\/05\/23\/copa-do-brasil-quem-sao-os-16-times-que-avancam-para-proxima-fase\/#primaryimage"},"thumbnailUrl":"https:\/\/afogadosfm.com.br\/afogadosfm\/wp-content\/uploads\/2025\/01\/copadobrasil.avif","datePublished":"2025-05-23T10:59:21+00:00","dateModified":"2025-05-23T10:59:22+00:00","breadcrumb":{"@id":"https:\/\/afogadosfm.com.br\/afogadosfm\/2025\/05\/23\/copa-do-brasil-quem-sao-os-16-times-que-avancam-para-proxima-fase\/#breadcrumb"},"inLanguage":"pt-BR","potentialAction":[{"@type":"ReadAction","target":["https:\/\/afogadosfm.com.br\/afogadosfm\/2025\/05\/23\/copa-do-brasil-quem-sao-os-16-times-que-avancam-para-proxima-fase\/"]}]},{"@type":"ImageObject","inLanguage":"pt-BR","@id":"https:\/\/afogadosfm.com.br\/afogadosfm\/2025\/05\/23\/copa-do-brasil-quem-sao-os-16-times-que-avancam-para-proxima-fase\/#primaryimage","url":"https:\/\/afogadosfm.com.br\/afogadosfm\/wp-content\/uploads\/2025\/01\/copadobrasil.avif","contentUrl":"https:\/\/afogadosfm.com.br\/afogadosfm\/wp-content\/uploads\/2025\/01\/copadobrasil.avif","width":984,"height":615},{"@type":"BreadcrumbList","@id":"https:\/\/afogadosfm.com.br\/afogadosfm\/2025\/05\/23\/copa-do-brasil-quem-sao-os-16-times-que-avancam-para-proxima-fase\/#breadcrumb","itemListElement":[{"@type":"ListItem","position":1,"name":"In\u00edcio","item":"https:\/\/afogadosfm.com.br\/afogadosfm\/"},{"@type":"ListItem","position":2,"name":"Copa do Brasil, quem s\u00e3o os 16 times que avan\u00e7am para pr\u00f3xima fase"}]},{"@type":"WebSite","@id":"https:\/\/afogadosfm.com.br\/afogadosfm\/#website","url":"https:\/\/afogadosfm.com.br\/afogadosfm\/","name":"Afogados FM","description":"Um site completo!","publisher":{"@id":"https:\/\/afogadosfm.com.br\/afogadosfm\/#organization"},"potentialAction":[{"@type":"SearchAction","target":{"@type":"EntryPoint","urlTemplate":"https:\/\/afogadosfm.com.br\/afogadosfm\/?s={search_term_string}"},"query-input":{"@type":"PropertyValueSpecification","valueRequired":true,"valueName":"search_term_string"}}],"inLanguage":"pt-BR"},{"@type":"Organization","@id":"https:\/\/afogadosfm.com.br\/afogadosfm\/#organization","name":"Afogados FM","url":"https:\/\/afogadosfm.com.br\/afogadosfm\/","logo":{"@type":"ImageObject","inLanguage":"pt-BR","@id":"https:\/\/afogadosfm.com.br\/afogadosfm\/#\/schema\/logo\/image\/","url":"https:\/\/i0.wp.com\/afogadosfm.com.br\/afogadosfm\/wp-content\/uploads\/2020\/06\/cropped-banner-afogados-4.jpg?fit=369%2C137&ssl=1","contentUrl":"https:\/\/i0.wp.com\/afogadosfm.com.br\/afogadosfm\/wp-content\/uploads\/2020\/06\/cropped-banner-afogados-4.jpg?fit=369%2C137&ssl=1","width":369,"height":137,"caption":"Afogados FM"},"image":{"@id":"https:\/\/afogadosfm.com.br\/afogadosfm\/#\/schema\/logo\/image\/"}},{"@type":"Person","@id":"https:\/\/afogadosfm.com.br\/afogadosfm\/#\/schema\/person\/60e56f2cf5dc960fc093fe093d9e9057","name":"afogadosfm","image":{"@type":"ImageObject","inLanguage":"pt-BR","@id":"https:\/\/secure.gravatar.com\/avatar\/e0359add7ed5dc3560906d861b52c6a8cf5c1e199d3a7dd85070998f49bd4701?s=96&d=mm&r=g","url":"https:\/\/secure.gravatar.com\/avatar\/e0359add7ed5dc3560906d861b52c6a8cf5c1e199d3a7dd85070998f49bd4701?s=96&d=mm&r=g","contentUrl":"https:\/\/secure.gravatar.com\/avatar\/e0359add7ed5dc3560906d861b52c6a8cf5c1e199d3a7dd85070998f49bd4701?s=96&d=mm&r=g","caption":"afogadosfm"},"url":"https:\/\/afogadosfm.com.br\/afogadosfm\/author\/afogadosfm\/"}]}},"jetpack_publicize_connections":[],"jetpack_featured_media_url":"https:\/\/afogadosfm.com.br\/afogadosfm\/wp-content\/uploads\/2025\/01\/copadobrasil.avif","jetpack-related-posts":[],"jetpack_sharing_enabled":true,"jetpack_likes_enabled":true,"_links":{"self":[{"href":"https:\/\/afogadosfm.com.br\/afogadosfm\/wp-json\/wp\/v2\/posts\/66082","targetHints":{"allow":["GET"]}}],"collection":[{"href":"https:\/\/afogadosfm.com.br\/afogadosfm\/wp-json\/wp\/v2\/posts"}],"about":[{"href":"https:\/\/afogadosfm.com.br\/afogadosfm\/wp-json\/wp\/v2\/types\/post"}],"author":[{"embeddable":true,"href":"https:\/\/afogadosfm.com.br\/afogadosfm\/wp-json\/wp\/v2\/users\/2"}],"replies":[{"embeddable":true,"href":"https:\/\/afogadosfm.com.br\/afogadosfm\/wp-json\/wp\/v2\/comments?post=66082"}],"version-history":[{"count":1,"href":"https:\/\/afogadosfm.com.br\/afogadosfm\/wp-json\/wp\/v2\/posts\/66082\/revisions"}],"predecessor-version":[{"id":66083,"href":"https:\/\/afogadosfm.com.br\/afogadosfm\/wp-json\/wp\/v2\/posts\/66082\/revisions\/66083"}],"wp:featuredmedia":[{"embeddable":true,"href":"https:\/\/afogadosfm.com.br\/afogadosfm\/wp-json\/wp\/v2\/media\/62383"}],"wp:attachment":[{"href":"https:\/\/afogadosfm.com.br\/afogadosfm\/wp-json\/wp\/v2\/media?parent=66082"}],"wp:term":[{"taxonomy":"category","embeddable":true,"href":"https:\/\/afogadosfm.com.br\/afogadosfm\/wp-json\/wp\/v2\/categories?post=66082"},{"taxonomy":"post_tag","embeddable":true,"href":"https:\/\/afogadosfm.com.br\/afogadosfm\/wp-json\/wp\/v2\/tags?post=66082"}],"curies":[{"name":"wp","href":"https:\/\/api.w.org\/{rel}","templated":true}]}}