{"id":66092,"date":"2025-05-23T16:22:46","date_gmt":"2025-05-23T19:22:46","guid":{"rendered":"https:\/\/afogadosfm.com.br\/afogadosfm\/?p=66092"},"modified":"2025-05-23T16:22:47","modified_gmt":"2025-05-23T19:22:47","slug":"pnab-prefeitura-de-afogados-iniciou-processo-de-escutas-publicas","status":"publish","type":"post","link":"https:\/\/afogadosfm.com.br\/afogadosfm\/2025\/05\/23\/pnab-prefeitura-de-afogados-iniciou-processo-de-escutas-publicas\/","title":{"rendered":"PNAB: Prefeitura de Afogados iniciou processo de escutas p\u00fablicas\u00a0"},"content":{"rendered":"\n<p>A Prefeitura de Afogados da Ingazeira deu in\u00edcio, nesta quinta(22), ao processo de escutas p\u00fablicas para a elabora\u00e7\u00e3o do Plano de A\u00e7\u00e3o da Pol\u00edtica Nacional Aldir Blanc (PNAB) no munic\u00edpio.&nbsp;<\/p>\n\n\n\n<p>A iniciativa visa garantir a participa\u00e7\u00e3o efetiva da comunidade cultural na constru\u00e7\u00e3o de pol\u00edticas p\u00fablicas voltadas para o setor. A a\u00e7\u00e3o \u00e9 coordenada pela Secretaria Municipal de Cultura e Esportes.<\/p>\n\n\n\n<p>Nesta primeira etapa, os segmentos de audiovisual, m\u00fasica e artes c\u00eanicas estiveram em destaque. O encontro foi marcado por um di\u00e1logo aberto, democr\u00e1tico e acolhedor, ouvindo de forma direta artistas, produtores e agentes culturais do munic\u00edpio. As contribui\u00e7\u00f5es apresentadas ser\u00e3o fundamentais para a formula\u00e7\u00e3o de um plano que reflita as reais demandas da classe art\u00edstica local.<\/p>\n\n\n\n<p>As escutas seguem nesta sexta (23) e s\u00e1bado (24), contemplando outros segmentos culturais. A Prefeitura refor\u00e7a o convite a todos os fazedores de cultura de Afogados. \u201cEsse \u00e9 um processo democr\u00e1tico, transparente, de constru\u00e7\u00e3o coletiva, onde a participa\u00e7\u00e3o de cada um \u00e9 essencial para o fortalecimento das pol\u00edticas culturais em nosso munic\u00edpio,\u201d destacou o Secret\u00e1rio de Cultura e Esportes de Afogados, Augusto Martins.&nbsp;<\/p>\n\n\n\n<p>Confira o calend\u00e1rio das escutas p\u00fablicas:&nbsp;<\/p>\n\n\n\n<p>Segmentos: Cultura Popular, Artes Pl\u00e1sticas e Visuais, Literatura, Cultura de Matriz Africana e Artesanato<\/p>\n\n\n\n<p>Sexta, 23 de maio &#8211; 19h<\/p>\n\n\n\n<p>(Audit\u00f3rio da Secretaria de Assist\u00eancia Social)<\/p>\n\n\n\n<p>Segmentos: Artistas e fazedores de cultura da zona rural, Espa\u00e7os Culturais, Organiza\u00e7\u00f5es Culturais e Agentes Culturais Individuais.<\/p>\n\n\n\n<p>S\u00e1bado, 24 de Maio &#8211; 8h<\/p>\n\n\n\n<p>(Sindicato dos Trabalhadores e Trabalhadoras Rurais)<\/p>\n\n\n\n<p>Escutas complementares (online):<\/p>\n\n\n\n<p>Para quem n\u00e3o puder participar presencialmente, a Secretaria tamb\u00e9m disponibiliza um canal de escuta via WhatsApp. As contribui\u00e7\u00f5es podem ser enviadas em formato de texto, \u00e1udio ou v\u00eddeo para o n\u00famero (87) 9 9978-1444.<\/p>\n","protected":false},"excerpt":{"rendered":"<p>A Prefeitura de Afogados da Ingazeira deu in\u00edcio, nesta quinta(22), ao processo de escutas p\u00fablicas para a elabora\u00e7\u00e3o do Plano<\/p>\n","protected":false},"author":2,"featured_media":66093,"comment_status":"open","ping_status":"open","sticky":false,"template":"","format":"standard","meta":{"jetpack_post_was_ever_published":false,"_jetpack_newsletter_access":"","_jetpack_dont_email_post_to_subs":false,"_jetpack_newsletter_tier_id":0,"_jetpack_memberships_contains_paywalled_content":false,"_jetpack_memberships_contains_paid_content":false,"footnotes":"","jetpack_publicize_message":"","jetpack_publicize_feature_enabled":true,"jetpack_social_post_already_shared":true,"jetpack_social_options":{"image_generator_settings":{"template":"highway","default_image_id":0,"font":"","enabled":false},"version":2}},"categories":[14],"tags":[],"class_list":["post-66092","post","type-post","status-publish","format-standard","has-post-thumbnail","hentry","category-afogados-da-ingazeira"],"yoast_head":"<!-- This site is optimized with the Yoast SEO plugin v27.5 - https:\/\/yoast.com\/product\/yoast-seo-wordpress\/ -->\n<title>PNAB: Prefeitura de Afogados iniciou processo de escutas p\u00fablicas\u00a0 - Afogados FM<\/title>\n<meta name=\"robots\" content=\"index, follow, max-snippet:-1, max-image-preview:large, max-video-preview:-1\" \/>\n<link rel=\"canonical\" href=\"https:\/\/afogadosfm.com.br\/afogadosfm\/2025\/05\/23\/pnab-prefeitura-de-afogados-iniciou-processo-de-escutas-publicas\/\" \/>\n<meta property=\"og:locale\" content=\"pt_BR\" \/>\n<meta property=\"og:type\" content=\"article\" \/>\n<meta property=\"og:title\" content=\"PNAB: Prefeitura de Afogados iniciou processo de escutas p\u00fablicas\u00a0 - Afogados FM\" \/>\n<meta property=\"og:description\" content=\"A Prefeitura de Afogados da Ingazeira deu in\u00edcio, nesta quinta(22), ao processo de escutas p\u00fablicas para a elabora\u00e7\u00e3o do Plano\" \/>\n<meta property=\"og:url\" content=\"https:\/\/afogadosfm.com.br\/afogadosfm\/2025\/05\/23\/pnab-prefeitura-de-afogados-iniciou-processo-de-escutas-publicas\/\" \/>\n<meta property=\"og:site_name\" content=\"Afogados FM\" \/>\n<meta property=\"article:published_time\" content=\"2025-05-23T19:22:46+00:00\" \/>\n<meta property=\"article:modified_time\" content=\"2025-05-23T19:22:47+00:00\" \/>\n<meta property=\"og:image\" content=\"https:\/\/afogadosfm.com.br\/afogadosfm\/wp-content\/uploads\/2025\/05\/7bb93f67-85a8-4d0e-9072-9f431cb37b5a.jpeg\" \/>\n\t<meta property=\"og:image:width\" content=\"1600\" \/>\n\t<meta property=\"og:image:height\" content=\"1063\" \/>\n\t<meta property=\"og:image:type\" content=\"image\/jpeg\" \/>\n<meta name=\"author\" content=\"afogadosfm\" \/>\n<meta name=\"twitter:card\" content=\"summary_large_image\" \/>\n<meta name=\"twitter:label1\" content=\"Escrito por\" \/>\n\t<meta name=\"twitter:data1\" content=\"afogadosfm\" \/>\n\t<meta name=\"twitter:label2\" content=\"Est. tempo de leitura\" \/>\n\t<meta name=\"twitter:data2\" content=\"2 minutos\" \/>\n<script type=\"application\/ld+json\" class=\"yoast-schema-graph\">{\"@context\":\"https:\\\/\\\/schema.org\",\"@graph\":[{\"@type\":\"Article\",\"@id\":\"https:\\\/\\\/afogadosfm.com.br\\\/afogadosfm\\\/2025\\\/05\\\/23\\\/pnab-prefeitura-de-afogados-iniciou-processo-de-escutas-publicas\\\/#article\",\"isPartOf\":{\"@id\":\"https:\\\/\\\/afogadosfm.com.br\\\/afogadosfm\\\/2025\\\/05\\\/23\\\/pnab-prefeitura-de-afogados-iniciou-processo-de-escutas-publicas\\\/\"},\"author\":{\"name\":\"afogadosfm\",\"@id\":\"https:\\\/\\\/afogadosfm.com.br\\\/afogadosfm\\\/#\\\/schema\\\/person\\\/60e56f2cf5dc960fc093fe093d9e9057\"},\"headline\":\"PNAB: Prefeitura de Afogados iniciou processo de escutas p\u00fablicas\u00a0\",\"datePublished\":\"2025-05-23T19:22:46+00:00\",\"dateModified\":\"2025-05-23T19:22:47+00:00\",\"mainEntityOfPage\":{\"@id\":\"https:\\\/\\\/afogadosfm.com.br\\\/afogadosfm\\\/2025\\\/05\\\/23\\\/pnab-prefeitura-de-afogados-iniciou-processo-de-escutas-publicas\\\/\"},\"wordCount\":322,\"commentCount\":0,\"publisher\":{\"@id\":\"https:\\\/\\\/afogadosfm.com.br\\\/afogadosfm\\\/#organization\"},\"image\":{\"@id\":\"https:\\\/\\\/afogadosfm.com.br\\\/afogadosfm\\\/2025\\\/05\\\/23\\\/pnab-prefeitura-de-afogados-iniciou-processo-de-escutas-publicas\\\/#primaryimage\"},\"thumbnailUrl\":\"https:\\\/\\\/i0.wp.com\\\/afogadosfm.com.br\\\/afogadosfm\\\/wp-content\\\/uploads\\\/2025\\\/05\\\/7bb93f67-85a8-4d0e-9072-9f431cb37b5a.jpeg?fit=1600%2C1063&ssl=1\",\"articleSection\":[\"Afogados da Ingazeira\"],\"inLanguage\":\"pt-BR\",\"potentialAction\":[{\"@type\":\"CommentAction\",\"name\":\"Comment\",\"target\":[\"https:\\\/\\\/afogadosfm.com.br\\\/afogadosfm\\\/2025\\\/05\\\/23\\\/pnab-prefeitura-de-afogados-iniciou-processo-de-escutas-publicas\\\/#respond\"]}]},{\"@type\":\"WebPage\",\"@id\":\"https:\\\/\\\/afogadosfm.com.br\\\/afogadosfm\\\/2025\\\/05\\\/23\\\/pnab-prefeitura-de-afogados-iniciou-processo-de-escutas-publicas\\\/\",\"url\":\"https:\\\/\\\/afogadosfm.com.br\\\/afogadosfm\\\/2025\\\/05\\\/23\\\/pnab-prefeitura-de-afogados-iniciou-processo-de-escutas-publicas\\\/\",\"name\":\"PNAB: Prefeitura de Afogados iniciou processo de escutas p\u00fablicas\u00a0 - Afogados FM\",\"isPartOf\":{\"@id\":\"https:\\\/\\\/afogadosfm.com.br\\\/afogadosfm\\\/#website\"},\"primaryImageOfPage\":{\"@id\":\"https:\\\/\\\/afogadosfm.com.br\\\/afogadosfm\\\/2025\\\/05\\\/23\\\/pnab-prefeitura-de-afogados-iniciou-processo-de-escutas-publicas\\\/#primaryimage\"},\"image\":{\"@id\":\"https:\\\/\\\/afogadosfm.com.br\\\/afogadosfm\\\/2025\\\/05\\\/23\\\/pnab-prefeitura-de-afogados-iniciou-processo-de-escutas-publicas\\\/#primaryimage\"},\"thumbnailUrl\":\"https:\\\/\\\/i0.wp.com\\\/afogadosfm.com.br\\\/afogadosfm\\\/wp-content\\\/uploads\\\/2025\\\/05\\\/7bb93f67-85a8-4d0e-9072-9f431cb37b5a.jpeg?fit=1600%2C1063&ssl=1\",\"datePublished\":\"2025-05-23T19:22:46+00:00\",\"dateModified\":\"2025-05-23T19:22:47+00:00\",\"breadcrumb\":{\"@id\":\"https:\\\/\\\/afogadosfm.com.br\\\/afogadosfm\\\/2025\\\/05\\\/23\\\/pnab-prefeitura-de-afogados-iniciou-processo-de-escutas-publicas\\\/#breadcrumb\"},\"inLanguage\":\"pt-BR\",\"potentialAction\":[{\"@type\":\"ReadAction\",\"target\":[\"https:\\\/\\\/afogadosfm.com.br\\\/afogadosfm\\\/2025\\\/05\\\/23\\\/pnab-prefeitura-de-afogados-iniciou-processo-de-escutas-publicas\\\/\"]}]},{\"@type\":\"ImageObject\",\"inLanguage\":\"pt-BR\",\"@id\":\"https:\\\/\\\/afogadosfm.com.br\\\/afogadosfm\\\/2025\\\/05\\\/23\\\/pnab-prefeitura-de-afogados-iniciou-processo-de-escutas-publicas\\\/#primaryimage\",\"url\":\"https:\\\/\\\/i0.wp.com\\\/afogadosfm.com.br\\\/afogadosfm\\\/wp-content\\\/uploads\\\/2025\\\/05\\\/7bb93f67-85a8-4d0e-9072-9f431cb37b5a.jpeg?fit=1600%2C1063&ssl=1\",\"contentUrl\":\"https:\\\/\\\/i0.wp.com\\\/afogadosfm.com.br\\\/afogadosfm\\\/wp-content\\\/uploads\\\/2025\\\/05\\\/7bb93f67-85a8-4d0e-9072-9f431cb37b5a.jpeg?fit=1600%2C1063&ssl=1\",\"width\":1600,\"height\":1063},{\"@type\":\"BreadcrumbList\",\"@id\":\"https:\\\/\\\/afogadosfm.com.br\\\/afogadosfm\\\/2025\\\/05\\\/23\\\/pnab-prefeitura-de-afogados-iniciou-processo-de-escutas-publicas\\\/#breadcrumb\",\"itemListElement\":[{\"@type\":\"ListItem\",\"position\":1,\"name\":\"In\u00edcio\",\"item\":\"https:\\\/\\\/afogadosfm.com.br\\\/afogadosfm\\\/\"},{\"@type\":\"ListItem\",\"position\":2,\"name\":\"PNAB: Prefeitura de Afogados iniciou processo de escutas p\u00fablicas\u00a0\"}]},{\"@type\":\"WebSite\",\"@id\":\"https:\\\/\\\/afogadosfm.com.br\\\/afogadosfm\\\/#website\",\"url\":\"https:\\\/\\\/afogadosfm.com.br\\\/afogadosfm\\\/\",\"name\":\"Afogados FM\",\"description\":\"Um site completo!\",\"publisher\":{\"@id\":\"https:\\\/\\\/afogadosfm.com.br\\\/afogadosfm\\\/#organization\"},\"potentialAction\":[{\"@type\":\"SearchAction\",\"target\":{\"@type\":\"EntryPoint\",\"urlTemplate\":\"https:\\\/\\\/afogadosfm.com.br\\\/afogadosfm\\\/?s={search_term_string}\"},\"query-input\":{\"@type\":\"PropertyValueSpecification\",\"valueRequired\":true,\"valueName\":\"search_term_string\"}}],\"inLanguage\":\"pt-BR\"},{\"@type\":\"Organization\",\"@id\":\"https:\\\/\\\/afogadosfm.com.br\\\/afogadosfm\\\/#organization\",\"name\":\"Afogados FM\",\"url\":\"https:\\\/\\\/afogadosfm.com.br\\\/afogadosfm\\\/\",\"logo\":{\"@type\":\"ImageObject\",\"inLanguage\":\"pt-BR\",\"@id\":\"https:\\\/\\\/afogadosfm.com.br\\\/afogadosfm\\\/#\\\/schema\\\/logo\\\/image\\\/\",\"url\":\"https:\\\/\\\/i0.wp.com\\\/afogadosfm.com.br\\\/afogadosfm\\\/wp-content\\\/uploads\\\/2020\\\/06\\\/cropped-banner-afogados-4.jpg?fit=369%2C137&ssl=1\",\"contentUrl\":\"https:\\\/\\\/i0.wp.com\\\/afogadosfm.com.br\\\/afogadosfm\\\/wp-content\\\/uploads\\\/2020\\\/06\\\/cropped-banner-afogados-4.jpg?fit=369%2C137&ssl=1\",\"width\":369,\"height\":137,\"caption\":\"Afogados FM\"},\"image\":{\"@id\":\"https:\\\/\\\/afogadosfm.com.br\\\/afogadosfm\\\/#\\\/schema\\\/logo\\\/image\\\/\"}},{\"@type\":\"Person\",\"@id\":\"https:\\\/\\\/afogadosfm.com.br\\\/afogadosfm\\\/#\\\/schema\\\/person\\\/60e56f2cf5dc960fc093fe093d9e9057\",\"name\":\"afogadosfm\",\"image\":{\"@type\":\"ImageObject\",\"inLanguage\":\"pt-BR\",\"@id\":\"https:\\\/\\\/secure.gravatar.com\\\/avatar\\\/e0359add7ed5dc3560906d861b52c6a8cf5c1e199d3a7dd85070998f49bd4701?s=96&d=mm&r=g\",\"url\":\"https:\\\/\\\/secure.gravatar.com\\\/avatar\\\/e0359add7ed5dc3560906d861b52c6a8cf5c1e199d3a7dd85070998f49bd4701?s=96&d=mm&r=g\",\"contentUrl\":\"https:\\\/\\\/secure.gravatar.com\\\/avatar\\\/e0359add7ed5dc3560906d861b52c6a8cf5c1e199d3a7dd85070998f49bd4701?s=96&d=mm&r=g\",\"caption\":\"afogadosfm\"},\"url\":\"https:\\\/\\\/afogadosfm.com.br\\\/afogadosfm\\\/author\\\/afogadosfm\\\/\"}]}<\/script>\n<!-- \/ Yoast SEO plugin. -->","yoast_head_json":{"title":"PNAB: Prefeitura de Afogados iniciou processo de escutas p\u00fablicas\u00a0 - Afogados FM","robots":{"index":"index","follow":"follow","max-snippet":"max-snippet:-1","max-image-preview":"max-image-preview:large","max-video-preview":"max-video-preview:-1"},"canonical":"https:\/\/afogadosfm.com.br\/afogadosfm\/2025\/05\/23\/pnab-prefeitura-de-afogados-iniciou-processo-de-escutas-publicas\/","og_locale":"pt_BR","og_type":"article","og_title":"PNAB: Prefeitura de Afogados iniciou processo de escutas p\u00fablicas\u00a0 - Afogados FM","og_description":"A Prefeitura de Afogados da Ingazeira deu in\u00edcio, nesta quinta(22), ao processo de escutas p\u00fablicas para a elabora\u00e7\u00e3o do Plano","og_url":"https:\/\/afogadosfm.com.br\/afogadosfm\/2025\/05\/23\/pnab-prefeitura-de-afogados-iniciou-processo-de-escutas-publicas\/","og_site_name":"Afogados FM","article_published_time":"2025-05-23T19:22:46+00:00","article_modified_time":"2025-05-23T19:22:47+00:00","og_image":[{"width":1600,"height":1063,"url":"https:\/\/afogadosfm.com.br\/afogadosfm\/wp-content\/uploads\/2025\/05\/7bb93f67-85a8-4d0e-9072-9f431cb37b5a.jpeg","type":"image\/jpeg"}],"author":"afogadosfm","twitter_card":"summary_large_image","twitter_misc":{"Escrito por":"afogadosfm","Est. tempo de leitura":"2 minutos"},"schema":{"@context":"https:\/\/schema.org","@graph":[{"@type":"Article","@id":"https:\/\/afogadosfm.com.br\/afogadosfm\/2025\/05\/23\/pnab-prefeitura-de-afogados-iniciou-processo-de-escutas-publicas\/#article","isPartOf":{"@id":"https:\/\/afogadosfm.com.br\/afogadosfm\/2025\/05\/23\/pnab-prefeitura-de-afogados-iniciou-processo-de-escutas-publicas\/"},"author":{"name":"afogadosfm","@id":"https:\/\/afogadosfm.com.br\/afogadosfm\/#\/schema\/person\/60e56f2cf5dc960fc093fe093d9e9057"},"headline":"PNAB: Prefeitura de Afogados iniciou processo de escutas p\u00fablicas\u00a0","datePublished":"2025-05-23T19:22:46+00:00","dateModified":"2025-05-23T19:22:47+00:00","mainEntityOfPage":{"@id":"https:\/\/afogadosfm.com.br\/afogadosfm\/2025\/05\/23\/pnab-prefeitura-de-afogados-iniciou-processo-de-escutas-publicas\/"},"wordCount":322,"commentCount":0,"publisher":{"@id":"https:\/\/afogadosfm.com.br\/afogadosfm\/#organization"},"image":{"@id":"https:\/\/afogadosfm.com.br\/afogadosfm\/2025\/05\/23\/pnab-prefeitura-de-afogados-iniciou-processo-de-escutas-publicas\/#primaryimage"},"thumbnailUrl":"https:\/\/i0.wp.com\/afogadosfm.com.br\/afogadosfm\/wp-content\/uploads\/2025\/05\/7bb93f67-85a8-4d0e-9072-9f431cb37b5a.jpeg?fit=1600%2C1063&ssl=1","articleSection":["Afogados da Ingazeira"],"inLanguage":"pt-BR","potentialAction":[{"@type":"CommentAction","name":"Comment","target":["https:\/\/afogadosfm.com.br\/afogadosfm\/2025\/05\/23\/pnab-prefeitura-de-afogados-iniciou-processo-de-escutas-publicas\/#respond"]}]},{"@type":"WebPage","@id":"https:\/\/afogadosfm.com.br\/afogadosfm\/2025\/05\/23\/pnab-prefeitura-de-afogados-iniciou-processo-de-escutas-publicas\/","url":"https:\/\/afogadosfm.com.br\/afogadosfm\/2025\/05\/23\/pnab-prefeitura-de-afogados-iniciou-processo-de-escutas-publicas\/","name":"PNAB: Prefeitura de Afogados iniciou processo de escutas p\u00fablicas\u00a0 - Afogados FM","isPartOf":{"@id":"https:\/\/afogadosfm.com.br\/afogadosfm\/#website"},"primaryImageOfPage":{"@id":"https:\/\/afogadosfm.com.br\/afogadosfm\/2025\/05\/23\/pnab-prefeitura-de-afogados-iniciou-processo-de-escutas-publicas\/#primaryimage"},"image":{"@id":"https:\/\/afogadosfm.com.br\/afogadosfm\/2025\/05\/23\/pnab-prefeitura-de-afogados-iniciou-processo-de-escutas-publicas\/#primaryimage"},"thumbnailUrl":"https:\/\/i0.wp.com\/afogadosfm.com.br\/afogadosfm\/wp-content\/uploads\/2025\/05\/7bb93f67-85a8-4d0e-9072-9f431cb37b5a.jpeg?fit=1600%2C1063&ssl=1","datePublished":"2025-05-23T19:22:46+00:00","dateModified":"2025-05-23T19:22:47+00:00","breadcrumb":{"@id":"https:\/\/afogadosfm.com.br\/afogadosfm\/2025\/05\/23\/pnab-prefeitura-de-afogados-iniciou-processo-de-escutas-publicas\/#breadcrumb"},"inLanguage":"pt-BR","potentialAction":[{"@type":"ReadAction","target":["https:\/\/afogadosfm.com.br\/afogadosfm\/2025\/05\/23\/pnab-prefeitura-de-afogados-iniciou-processo-de-escutas-publicas\/"]}]},{"@type":"ImageObject","inLanguage":"pt-BR","@id":"https:\/\/afogadosfm.com.br\/afogadosfm\/2025\/05\/23\/pnab-prefeitura-de-afogados-iniciou-processo-de-escutas-publicas\/#primaryimage","url":"https:\/\/i0.wp.com\/afogadosfm.com.br\/afogadosfm\/wp-content\/uploads\/2025\/05\/7bb93f67-85a8-4d0e-9072-9f431cb37b5a.jpeg?fit=1600%2C1063&ssl=1","contentUrl":"https:\/\/i0.wp.com\/afogadosfm.com.br\/afogadosfm\/wp-content\/uploads\/2025\/05\/7bb93f67-85a8-4d0e-9072-9f431cb37b5a.jpeg?fit=1600%2C1063&ssl=1","width":1600,"height":1063},{"@type":"BreadcrumbList","@id":"https:\/\/afogadosfm.com.br\/afogadosfm\/2025\/05\/23\/pnab-prefeitura-de-afogados-iniciou-processo-de-escutas-publicas\/#breadcrumb","itemListElement":[{"@type":"ListItem","position":1,"name":"In\u00edcio","item":"https:\/\/afogadosfm.com.br\/afogadosfm\/"},{"@type":"ListItem","position":2,"name":"PNAB: Prefeitura de Afogados iniciou processo de escutas p\u00fablicas\u00a0"}]},{"@type":"WebSite","@id":"https:\/\/afogadosfm.com.br\/afogadosfm\/#website","url":"https:\/\/afogadosfm.com.br\/afogadosfm\/","name":"Afogados FM","description":"Um site completo!","publisher":{"@id":"https:\/\/afogadosfm.com.br\/afogadosfm\/#organization"},"potentialAction":[{"@type":"SearchAction","target":{"@type":"EntryPoint","urlTemplate":"https:\/\/afogadosfm.com.br\/afogadosfm\/?s={search_term_string}"},"query-input":{"@type":"PropertyValueSpecification","valueRequired":true,"valueName":"search_term_string"}}],"inLanguage":"pt-BR"},{"@type":"Organization","@id":"https:\/\/afogadosfm.com.br\/afogadosfm\/#organization","name":"Afogados FM","url":"https:\/\/afogadosfm.com.br\/afogadosfm\/","logo":{"@type":"ImageObject","inLanguage":"pt-BR","@id":"https:\/\/afogadosfm.com.br\/afogadosfm\/#\/schema\/logo\/image\/","url":"https:\/\/i0.wp.com\/afogadosfm.com.br\/afogadosfm\/wp-content\/uploads\/2020\/06\/cropped-banner-afogados-4.jpg?fit=369%2C137&ssl=1","contentUrl":"https:\/\/i0.wp.com\/afogadosfm.com.br\/afogadosfm\/wp-content\/uploads\/2020\/06\/cropped-banner-afogados-4.jpg?fit=369%2C137&ssl=1","width":369,"height":137,"caption":"Afogados FM"},"image":{"@id":"https:\/\/afogadosfm.com.br\/afogadosfm\/#\/schema\/logo\/image\/"}},{"@type":"Person","@id":"https:\/\/afogadosfm.com.br\/afogadosfm\/#\/schema\/person\/60e56f2cf5dc960fc093fe093d9e9057","name":"afogadosfm","image":{"@type":"ImageObject","inLanguage":"pt-BR","@id":"https:\/\/secure.gravatar.com\/avatar\/e0359add7ed5dc3560906d861b52c6a8cf5c1e199d3a7dd85070998f49bd4701?s=96&d=mm&r=g","url":"https:\/\/secure.gravatar.com\/avatar\/e0359add7ed5dc3560906d861b52c6a8cf5c1e199d3a7dd85070998f49bd4701?s=96&d=mm&r=g","contentUrl":"https:\/\/secure.gravatar.com\/avatar\/e0359add7ed5dc3560906d861b52c6a8cf5c1e199d3a7dd85070998f49bd4701?s=96&d=mm&r=g","caption":"afogadosfm"},"url":"https:\/\/afogadosfm.com.br\/afogadosfm\/author\/afogadosfm\/"}]}},"jetpack_publicize_connections":[],"jetpack_featured_media_url":"https:\/\/i0.wp.com\/afogadosfm.com.br\/afogadosfm\/wp-content\/uploads\/2025\/05\/7bb93f67-85a8-4d0e-9072-9f431cb37b5a.jpeg?fit=1600%2C1063&ssl=1","jetpack-related-posts":[],"jetpack_sharing_enabled":true,"jetpack_likes_enabled":true,"_links":{"self":[{"href":"https:\/\/afogadosfm.com.br\/afogadosfm\/wp-json\/wp\/v2\/posts\/66092","targetHints":{"allow":["GET"]}}],"collection":[{"href":"https:\/\/afogadosfm.com.br\/afogadosfm\/wp-json\/wp\/v2\/posts"}],"about":[{"href":"https:\/\/afogadosfm.com.br\/afogadosfm\/wp-json\/wp\/v2\/types\/post"}],"author":[{"embeddable":true,"href":"https:\/\/afogadosfm.com.br\/afogadosfm\/wp-json\/wp\/v2\/users\/2"}],"replies":[{"embeddable":true,"href":"https:\/\/afogadosfm.com.br\/afogadosfm\/wp-json\/wp\/v2\/comments?post=66092"}],"version-history":[{"count":1,"href":"https:\/\/afogadosfm.com.br\/afogadosfm\/wp-json\/wp\/v2\/posts\/66092\/revisions"}],"predecessor-version":[{"id":66094,"href":"https:\/\/afogadosfm.com.br\/afogadosfm\/wp-json\/wp\/v2\/posts\/66092\/revisions\/66094"}],"wp:featuredmedia":[{"embeddable":true,"href":"https:\/\/afogadosfm.com.br\/afogadosfm\/wp-json\/wp\/v2\/media\/66093"}],"wp:attachment":[{"href":"https:\/\/afogadosfm.com.br\/afogadosfm\/wp-json\/wp\/v2\/media?parent=66092"}],"wp:term":[{"taxonomy":"category","embeddable":true,"href":"https:\/\/afogadosfm.com.br\/afogadosfm\/wp-json\/wp\/v2\/categories?post=66092"},{"taxonomy":"post_tag","embeddable":true,"href":"https:\/\/afogadosfm.com.br\/afogadosfm\/wp-json\/wp\/v2\/tags?post=66092"}],"curies":[{"name":"wp","href":"https:\/\/api.w.org\/{rel}","templated":true}]}}