{"id":66095,"date":"2025-05-24T07:17:57","date_gmt":"2025-05-24T10:17:57","guid":{"rendered":"https:\/\/afogadosfm.com.br\/afogadosfm\/?p=66095"},"modified":"2025-05-24T07:17:58","modified_gmt":"2025-05-24T10:17:58","slug":"iguaracy-anuncia-caravana-da-cidadania-nos-dias-29-e-30-de-maio","status":"publish","type":"post","link":"https:\/\/afogadosfm.com.br\/afogadosfm\/2025\/05\/24\/iguaracy-anuncia-caravana-da-cidadania-nos-dias-29-e-30-de-maio\/","title":{"rendered":"Iguaracy anuncia Caravana da Cidadania nos dias 29 e 30 de maio"},"content":{"rendered":"\n<p>A Prefeitura de Iguaracy informa que nos dias 29 e 30 de maio, estar\u00e1 realizando uma grande programa\u00e7\u00e3o ao lado do Centro de Artesanato Carlos C\u00e9lio Santana, para levar servi\u00e7os e a\u00e7\u00f5es de sa\u00fade, cultura, educa\u00e7\u00e3o, assist\u00eancia social e procuradoria jur\u00eddica \u00e0 popula\u00e7\u00e3o do munic\u00edpio.<\/p>\n\n\n\n<p>Durante esses dois dias, diversas atividades e atendimentos especiais acontecer\u00e3o, com destaque para a Carreta Sa\u00fade Express com os servi\u00e7os m\u00e9dicos inclusos, exames e consultas como:&nbsp; ultrassonografias com Doppler Colorido, endoscopias, ecocardiogramas, eletrocardiogramas, testes ergom\u00e9tricos, mapas de 24 horas, Holter de 24 horas, consultas cardiol\u00f3gicas entre outros. Uma equipe altamente qualificada estar\u00e1 \u00e0 disposi\u00e7\u00e3o, composta por um cardiologista, um gastroenterologista e um ultrassonografista.<\/p>\n\n\n\n<p>O prefeito Dr. Pedro Alves ressalta a import\u00e2ncia dessas a\u00e7\u00f5es para promover a sa\u00fade e o bem-estar de nossa popula\u00e7\u00e3o. Ele destaca ainda a participa\u00e7\u00e3o de v\u00e1rias secretarias municipais, como Sa\u00fade, Desenvolvimento e Assist\u00eancia Social, Cultura e Turismo, Educa\u00e7\u00e3o e Esportes e procuradoria&nbsp; jur\u00eddica, todas empenhadas em oferecer uma programa\u00e7\u00e3o diversificada e de qualidade.<\/p>\n\n\n\n<p>Dr. Pedro afirmou que \u201cestamos trabalhando para levar o melhor para nossa comunidade, promovendo a\u00e7\u00f5es integradas e oferecendo servi\u00e7os essenciais. Contamos com a colabora\u00e7\u00e3o de nossos&nbsp; secret\u00e1rios e secret\u00e1rias e equipes para fazer deste evento um grande sucesso, e com toda certeza absoluta ser\u00e1\u201d.<\/p>\n\n\n\n<p>Al\u00e9m dos servi\u00e7os m\u00e9dicos, acontecer\u00e1 a 1\u00aa Caravana da Cidadania, com atividades culturais, educativas e de cidadania, refor\u00e7ando o compromisso da nossa gest\u00e3o com o desenvolvimento social.<\/p>\n","protected":false},"excerpt":{"rendered":"<p>A Prefeitura de Iguaracy informa que nos dias 29 e 30 de maio, estar\u00e1 realizando uma grande programa\u00e7\u00e3o ao lado<\/p>\n","protected":false},"author":2,"featured_media":66096,"comment_status":"open","ping_status":"open","sticky":false,"template":"","format":"standard","meta":{"jetpack_post_was_ever_published":false,"_jetpack_newsletter_access":"","_jetpack_dont_email_post_to_subs":false,"_jetpack_newsletter_tier_id":0,"_jetpack_memberships_contains_paywalled_content":false,"_jetpack_memberships_contains_paid_content":false,"footnotes":"","jetpack_publicize_message":"","jetpack_publicize_feature_enabled":true,"jetpack_social_post_already_shared":true,"jetpack_social_options":{"image_generator_settings":{"template":"highway","default_image_id":0,"font":"","enabled":false},"version":2}},"categories":[32],"tags":[],"class_list":["post-66095","post","type-post","status-publish","format-standard","has-post-thumbnail","hentry","category-sertao"],"yoast_head":"<!-- This site is optimized with the Yoast SEO plugin v27.5 - https:\/\/yoast.com\/product\/yoast-seo-wordpress\/ -->\n<title>Iguaracy anuncia Caravana da Cidadania nos dias 29 e 30 de maio - Afogados FM<\/title>\n<meta name=\"robots\" content=\"index, follow, max-snippet:-1, max-image-preview:large, max-video-preview:-1\" \/>\n<link rel=\"canonical\" href=\"https:\/\/afogadosfm.com.br\/afogadosfm\/2025\/05\/24\/iguaracy-anuncia-caravana-da-cidadania-nos-dias-29-e-30-de-maio\/\" \/>\n<meta property=\"og:locale\" content=\"pt_BR\" \/>\n<meta property=\"og:type\" content=\"article\" \/>\n<meta property=\"og:title\" content=\"Iguaracy anuncia Caravana da Cidadania nos dias 29 e 30 de maio - Afogados FM\" \/>\n<meta property=\"og:description\" content=\"A Prefeitura de Iguaracy informa que nos dias 29 e 30 de maio, estar\u00e1 realizando uma grande programa\u00e7\u00e3o ao lado\" \/>\n<meta property=\"og:url\" content=\"https:\/\/afogadosfm.com.br\/afogadosfm\/2025\/05\/24\/iguaracy-anuncia-caravana-da-cidadania-nos-dias-29-e-30-de-maio\/\" \/>\n<meta property=\"og:site_name\" content=\"Afogados FM\" \/>\n<meta property=\"article:published_time\" content=\"2025-05-24T10:17:57+00:00\" \/>\n<meta property=\"article:modified_time\" content=\"2025-05-24T10:17:58+00:00\" \/>\n<meta property=\"og:image\" content=\"https:\/\/afogadosfm.com.br\/afogadosfm\/wp-content\/uploads\/2025\/05\/cidadania.jpg\" \/>\n\t<meta property=\"og:image:width\" content=\"768\" \/>\n\t<meta property=\"og:image:height\" content=\"542\" \/>\n\t<meta property=\"og:image:type\" content=\"image\/jpeg\" \/>\n<meta name=\"author\" content=\"afogadosfm\" \/>\n<meta name=\"twitter:card\" content=\"summary_large_image\" \/>\n<meta name=\"twitter:label1\" content=\"Escrito por\" \/>\n\t<meta name=\"twitter:data1\" content=\"afogadosfm\" \/>\n\t<meta name=\"twitter:label2\" content=\"Est. tempo de leitura\" \/>\n\t<meta name=\"twitter:data2\" content=\"2 minutos\" \/>\n<script type=\"application\/ld+json\" class=\"yoast-schema-graph\">{\"@context\":\"https:\\\/\\\/schema.org\",\"@graph\":[{\"@type\":\"Article\",\"@id\":\"https:\\\/\\\/afogadosfm.com.br\\\/afogadosfm\\\/2025\\\/05\\\/24\\\/iguaracy-anuncia-caravana-da-cidadania-nos-dias-29-e-30-de-maio\\\/#article\",\"isPartOf\":{\"@id\":\"https:\\\/\\\/afogadosfm.com.br\\\/afogadosfm\\\/2025\\\/05\\\/24\\\/iguaracy-anuncia-caravana-da-cidadania-nos-dias-29-e-30-de-maio\\\/\"},\"author\":{\"name\":\"afogadosfm\",\"@id\":\"https:\\\/\\\/afogadosfm.com.br\\\/afogadosfm\\\/#\\\/schema\\\/person\\\/60e56f2cf5dc960fc093fe093d9e9057\"},\"headline\":\"Iguaracy anuncia Caravana da Cidadania nos dias 29 e 30 de maio\",\"datePublished\":\"2025-05-24T10:17:57+00:00\",\"dateModified\":\"2025-05-24T10:17:58+00:00\",\"mainEntityOfPage\":{\"@id\":\"https:\\\/\\\/afogadosfm.com.br\\\/afogadosfm\\\/2025\\\/05\\\/24\\\/iguaracy-anuncia-caravana-da-cidadania-nos-dias-29-e-30-de-maio\\\/\"},\"wordCount\":277,\"commentCount\":0,\"publisher\":{\"@id\":\"https:\\\/\\\/afogadosfm.com.br\\\/afogadosfm\\\/#organization\"},\"image\":{\"@id\":\"https:\\\/\\\/afogadosfm.com.br\\\/afogadosfm\\\/2025\\\/05\\\/24\\\/iguaracy-anuncia-caravana-da-cidadania-nos-dias-29-e-30-de-maio\\\/#primaryimage\"},\"thumbnailUrl\":\"https:\\\/\\\/i0.wp.com\\\/afogadosfm.com.br\\\/afogadosfm\\\/wp-content\\\/uploads\\\/2025\\\/05\\\/cidadania.jpg?fit=768%2C542&ssl=1\",\"articleSection\":[\"Sert\u00e3o\"],\"inLanguage\":\"pt-BR\",\"potentialAction\":[{\"@type\":\"CommentAction\",\"name\":\"Comment\",\"target\":[\"https:\\\/\\\/afogadosfm.com.br\\\/afogadosfm\\\/2025\\\/05\\\/24\\\/iguaracy-anuncia-caravana-da-cidadania-nos-dias-29-e-30-de-maio\\\/#respond\"]}]},{\"@type\":\"WebPage\",\"@id\":\"https:\\\/\\\/afogadosfm.com.br\\\/afogadosfm\\\/2025\\\/05\\\/24\\\/iguaracy-anuncia-caravana-da-cidadania-nos-dias-29-e-30-de-maio\\\/\",\"url\":\"https:\\\/\\\/afogadosfm.com.br\\\/afogadosfm\\\/2025\\\/05\\\/24\\\/iguaracy-anuncia-caravana-da-cidadania-nos-dias-29-e-30-de-maio\\\/\",\"name\":\"Iguaracy anuncia Caravana da Cidadania nos dias 29 e 30 de maio - Afogados FM\",\"isPartOf\":{\"@id\":\"https:\\\/\\\/afogadosfm.com.br\\\/afogadosfm\\\/#website\"},\"primaryImageOfPage\":{\"@id\":\"https:\\\/\\\/afogadosfm.com.br\\\/afogadosfm\\\/2025\\\/05\\\/24\\\/iguaracy-anuncia-caravana-da-cidadania-nos-dias-29-e-30-de-maio\\\/#primaryimage\"},\"image\":{\"@id\":\"https:\\\/\\\/afogadosfm.com.br\\\/afogadosfm\\\/2025\\\/05\\\/24\\\/iguaracy-anuncia-caravana-da-cidadania-nos-dias-29-e-30-de-maio\\\/#primaryimage\"},\"thumbnailUrl\":\"https:\\\/\\\/i0.wp.com\\\/afogadosfm.com.br\\\/afogadosfm\\\/wp-content\\\/uploads\\\/2025\\\/05\\\/cidadania.jpg?fit=768%2C542&ssl=1\",\"datePublished\":\"2025-05-24T10:17:57+00:00\",\"dateModified\":\"2025-05-24T10:17:58+00:00\",\"breadcrumb\":{\"@id\":\"https:\\\/\\\/afogadosfm.com.br\\\/afogadosfm\\\/2025\\\/05\\\/24\\\/iguaracy-anuncia-caravana-da-cidadania-nos-dias-29-e-30-de-maio\\\/#breadcrumb\"},\"inLanguage\":\"pt-BR\",\"potentialAction\":[{\"@type\":\"ReadAction\",\"target\":[\"https:\\\/\\\/afogadosfm.com.br\\\/afogadosfm\\\/2025\\\/05\\\/24\\\/iguaracy-anuncia-caravana-da-cidadania-nos-dias-29-e-30-de-maio\\\/\"]}]},{\"@type\":\"ImageObject\",\"inLanguage\":\"pt-BR\",\"@id\":\"https:\\\/\\\/afogadosfm.com.br\\\/afogadosfm\\\/2025\\\/05\\\/24\\\/iguaracy-anuncia-caravana-da-cidadania-nos-dias-29-e-30-de-maio\\\/#primaryimage\",\"url\":\"https:\\\/\\\/i0.wp.com\\\/afogadosfm.com.br\\\/afogadosfm\\\/wp-content\\\/uploads\\\/2025\\\/05\\\/cidadania.jpg?fit=768%2C542&ssl=1\",\"contentUrl\":\"https:\\\/\\\/i0.wp.com\\\/afogadosfm.com.br\\\/afogadosfm\\\/wp-content\\\/uploads\\\/2025\\\/05\\\/cidadania.jpg?fit=768%2C542&ssl=1\",\"width\":768,\"height\":542},{\"@type\":\"BreadcrumbList\",\"@id\":\"https:\\\/\\\/afogadosfm.com.br\\\/afogadosfm\\\/2025\\\/05\\\/24\\\/iguaracy-anuncia-caravana-da-cidadania-nos-dias-29-e-30-de-maio\\\/#breadcrumb\",\"itemListElement\":[{\"@type\":\"ListItem\",\"position\":1,\"name\":\"In\u00edcio\",\"item\":\"https:\\\/\\\/afogadosfm.com.br\\\/afogadosfm\\\/\"},{\"@type\":\"ListItem\",\"position\":2,\"name\":\"Iguaracy anuncia Caravana da Cidadania nos dias 29 e 30 de maio\"}]},{\"@type\":\"WebSite\",\"@id\":\"https:\\\/\\\/afogadosfm.com.br\\\/afogadosfm\\\/#website\",\"url\":\"https:\\\/\\\/afogadosfm.com.br\\\/afogadosfm\\\/\",\"name\":\"Afogados FM\",\"description\":\"Um site completo!\",\"publisher\":{\"@id\":\"https:\\\/\\\/afogadosfm.com.br\\\/afogadosfm\\\/#organization\"},\"potentialAction\":[{\"@type\":\"SearchAction\",\"target\":{\"@type\":\"EntryPoint\",\"urlTemplate\":\"https:\\\/\\\/afogadosfm.com.br\\\/afogadosfm\\\/?s={search_term_string}\"},\"query-input\":{\"@type\":\"PropertyValueSpecification\",\"valueRequired\":true,\"valueName\":\"search_term_string\"}}],\"inLanguage\":\"pt-BR\"},{\"@type\":\"Organization\",\"@id\":\"https:\\\/\\\/afogadosfm.com.br\\\/afogadosfm\\\/#organization\",\"name\":\"Afogados FM\",\"url\":\"https:\\\/\\\/afogadosfm.com.br\\\/afogadosfm\\\/\",\"logo\":{\"@type\":\"ImageObject\",\"inLanguage\":\"pt-BR\",\"@id\":\"https:\\\/\\\/afogadosfm.com.br\\\/afogadosfm\\\/#\\\/schema\\\/logo\\\/image\\\/\",\"url\":\"https:\\\/\\\/i0.wp.com\\\/afogadosfm.com.br\\\/afogadosfm\\\/wp-content\\\/uploads\\\/2020\\\/06\\\/cropped-banner-afogados-4.jpg?fit=369%2C137&ssl=1\",\"contentUrl\":\"https:\\\/\\\/i0.wp.com\\\/afogadosfm.com.br\\\/afogadosfm\\\/wp-content\\\/uploads\\\/2020\\\/06\\\/cropped-banner-afogados-4.jpg?fit=369%2C137&ssl=1\",\"width\":369,\"height\":137,\"caption\":\"Afogados FM\"},\"image\":{\"@id\":\"https:\\\/\\\/afogadosfm.com.br\\\/afogadosfm\\\/#\\\/schema\\\/logo\\\/image\\\/\"}},{\"@type\":\"Person\",\"@id\":\"https:\\\/\\\/afogadosfm.com.br\\\/afogadosfm\\\/#\\\/schema\\\/person\\\/60e56f2cf5dc960fc093fe093d9e9057\",\"name\":\"afogadosfm\",\"image\":{\"@type\":\"ImageObject\",\"inLanguage\":\"pt-BR\",\"@id\":\"https:\\\/\\\/secure.gravatar.com\\\/avatar\\\/e0359add7ed5dc3560906d861b52c6a8cf5c1e199d3a7dd85070998f49bd4701?s=96&d=mm&r=g\",\"url\":\"https:\\\/\\\/secure.gravatar.com\\\/avatar\\\/e0359add7ed5dc3560906d861b52c6a8cf5c1e199d3a7dd85070998f49bd4701?s=96&d=mm&r=g\",\"contentUrl\":\"https:\\\/\\\/secure.gravatar.com\\\/avatar\\\/e0359add7ed5dc3560906d861b52c6a8cf5c1e199d3a7dd85070998f49bd4701?s=96&d=mm&r=g\",\"caption\":\"afogadosfm\"},\"url\":\"https:\\\/\\\/afogadosfm.com.br\\\/afogadosfm\\\/author\\\/afogadosfm\\\/\"}]}<\/script>\n<!-- \/ Yoast SEO plugin. -->","yoast_head_json":{"title":"Iguaracy anuncia Caravana da Cidadania nos dias 29 e 30 de maio - Afogados FM","robots":{"index":"index","follow":"follow","max-snippet":"max-snippet:-1","max-image-preview":"max-image-preview:large","max-video-preview":"max-video-preview:-1"},"canonical":"https:\/\/afogadosfm.com.br\/afogadosfm\/2025\/05\/24\/iguaracy-anuncia-caravana-da-cidadania-nos-dias-29-e-30-de-maio\/","og_locale":"pt_BR","og_type":"article","og_title":"Iguaracy anuncia Caravana da Cidadania nos dias 29 e 30 de maio - Afogados FM","og_description":"A Prefeitura de Iguaracy informa que nos dias 29 e 30 de maio, estar\u00e1 realizando uma grande programa\u00e7\u00e3o ao lado","og_url":"https:\/\/afogadosfm.com.br\/afogadosfm\/2025\/05\/24\/iguaracy-anuncia-caravana-da-cidadania-nos-dias-29-e-30-de-maio\/","og_site_name":"Afogados FM","article_published_time":"2025-05-24T10:17:57+00:00","article_modified_time":"2025-05-24T10:17:58+00:00","og_image":[{"width":768,"height":542,"url":"https:\/\/afogadosfm.com.br\/afogadosfm\/wp-content\/uploads\/2025\/05\/cidadania.jpg","type":"image\/jpeg"}],"author":"afogadosfm","twitter_card":"summary_large_image","twitter_misc":{"Escrito por":"afogadosfm","Est. tempo de leitura":"2 minutos"},"schema":{"@context":"https:\/\/schema.org","@graph":[{"@type":"Article","@id":"https:\/\/afogadosfm.com.br\/afogadosfm\/2025\/05\/24\/iguaracy-anuncia-caravana-da-cidadania-nos-dias-29-e-30-de-maio\/#article","isPartOf":{"@id":"https:\/\/afogadosfm.com.br\/afogadosfm\/2025\/05\/24\/iguaracy-anuncia-caravana-da-cidadania-nos-dias-29-e-30-de-maio\/"},"author":{"name":"afogadosfm","@id":"https:\/\/afogadosfm.com.br\/afogadosfm\/#\/schema\/person\/60e56f2cf5dc960fc093fe093d9e9057"},"headline":"Iguaracy anuncia Caravana da Cidadania nos dias 29 e 30 de maio","datePublished":"2025-05-24T10:17:57+00:00","dateModified":"2025-05-24T10:17:58+00:00","mainEntityOfPage":{"@id":"https:\/\/afogadosfm.com.br\/afogadosfm\/2025\/05\/24\/iguaracy-anuncia-caravana-da-cidadania-nos-dias-29-e-30-de-maio\/"},"wordCount":277,"commentCount":0,"publisher":{"@id":"https:\/\/afogadosfm.com.br\/afogadosfm\/#organization"},"image":{"@id":"https:\/\/afogadosfm.com.br\/afogadosfm\/2025\/05\/24\/iguaracy-anuncia-caravana-da-cidadania-nos-dias-29-e-30-de-maio\/#primaryimage"},"thumbnailUrl":"https:\/\/i0.wp.com\/afogadosfm.com.br\/afogadosfm\/wp-content\/uploads\/2025\/05\/cidadania.jpg?fit=768%2C542&ssl=1","articleSection":["Sert\u00e3o"],"inLanguage":"pt-BR","potentialAction":[{"@type":"CommentAction","name":"Comment","target":["https:\/\/afogadosfm.com.br\/afogadosfm\/2025\/05\/24\/iguaracy-anuncia-caravana-da-cidadania-nos-dias-29-e-30-de-maio\/#respond"]}]},{"@type":"WebPage","@id":"https:\/\/afogadosfm.com.br\/afogadosfm\/2025\/05\/24\/iguaracy-anuncia-caravana-da-cidadania-nos-dias-29-e-30-de-maio\/","url":"https:\/\/afogadosfm.com.br\/afogadosfm\/2025\/05\/24\/iguaracy-anuncia-caravana-da-cidadania-nos-dias-29-e-30-de-maio\/","name":"Iguaracy anuncia Caravana da Cidadania nos dias 29 e 30 de maio - Afogados FM","isPartOf":{"@id":"https:\/\/afogadosfm.com.br\/afogadosfm\/#website"},"primaryImageOfPage":{"@id":"https:\/\/afogadosfm.com.br\/afogadosfm\/2025\/05\/24\/iguaracy-anuncia-caravana-da-cidadania-nos-dias-29-e-30-de-maio\/#primaryimage"},"image":{"@id":"https:\/\/afogadosfm.com.br\/afogadosfm\/2025\/05\/24\/iguaracy-anuncia-caravana-da-cidadania-nos-dias-29-e-30-de-maio\/#primaryimage"},"thumbnailUrl":"https:\/\/i0.wp.com\/afogadosfm.com.br\/afogadosfm\/wp-content\/uploads\/2025\/05\/cidadania.jpg?fit=768%2C542&ssl=1","datePublished":"2025-05-24T10:17:57+00:00","dateModified":"2025-05-24T10:17:58+00:00","breadcrumb":{"@id":"https:\/\/afogadosfm.com.br\/afogadosfm\/2025\/05\/24\/iguaracy-anuncia-caravana-da-cidadania-nos-dias-29-e-30-de-maio\/#breadcrumb"},"inLanguage":"pt-BR","potentialAction":[{"@type":"ReadAction","target":["https:\/\/afogadosfm.com.br\/afogadosfm\/2025\/05\/24\/iguaracy-anuncia-caravana-da-cidadania-nos-dias-29-e-30-de-maio\/"]}]},{"@type":"ImageObject","inLanguage":"pt-BR","@id":"https:\/\/afogadosfm.com.br\/afogadosfm\/2025\/05\/24\/iguaracy-anuncia-caravana-da-cidadania-nos-dias-29-e-30-de-maio\/#primaryimage","url":"https:\/\/i0.wp.com\/afogadosfm.com.br\/afogadosfm\/wp-content\/uploads\/2025\/05\/cidadania.jpg?fit=768%2C542&ssl=1","contentUrl":"https:\/\/i0.wp.com\/afogadosfm.com.br\/afogadosfm\/wp-content\/uploads\/2025\/05\/cidadania.jpg?fit=768%2C542&ssl=1","width":768,"height":542},{"@type":"BreadcrumbList","@id":"https:\/\/afogadosfm.com.br\/afogadosfm\/2025\/05\/24\/iguaracy-anuncia-caravana-da-cidadania-nos-dias-29-e-30-de-maio\/#breadcrumb","itemListElement":[{"@type":"ListItem","position":1,"name":"In\u00edcio","item":"https:\/\/afogadosfm.com.br\/afogadosfm\/"},{"@type":"ListItem","position":2,"name":"Iguaracy anuncia Caravana da Cidadania nos dias 29 e 30 de maio"}]},{"@type":"WebSite","@id":"https:\/\/afogadosfm.com.br\/afogadosfm\/#website","url":"https:\/\/afogadosfm.com.br\/afogadosfm\/","name":"Afogados FM","description":"Um site completo!","publisher":{"@id":"https:\/\/afogadosfm.com.br\/afogadosfm\/#organization"},"potentialAction":[{"@type":"SearchAction","target":{"@type":"EntryPoint","urlTemplate":"https:\/\/afogadosfm.com.br\/afogadosfm\/?s={search_term_string}"},"query-input":{"@type":"PropertyValueSpecification","valueRequired":true,"valueName":"search_term_string"}}],"inLanguage":"pt-BR"},{"@type":"Organization","@id":"https:\/\/afogadosfm.com.br\/afogadosfm\/#organization","name":"Afogados FM","url":"https:\/\/afogadosfm.com.br\/afogadosfm\/","logo":{"@type":"ImageObject","inLanguage":"pt-BR","@id":"https:\/\/afogadosfm.com.br\/afogadosfm\/#\/schema\/logo\/image\/","url":"https:\/\/i0.wp.com\/afogadosfm.com.br\/afogadosfm\/wp-content\/uploads\/2020\/06\/cropped-banner-afogados-4.jpg?fit=369%2C137&ssl=1","contentUrl":"https:\/\/i0.wp.com\/afogadosfm.com.br\/afogadosfm\/wp-content\/uploads\/2020\/06\/cropped-banner-afogados-4.jpg?fit=369%2C137&ssl=1","width":369,"height":137,"caption":"Afogados FM"},"image":{"@id":"https:\/\/afogadosfm.com.br\/afogadosfm\/#\/schema\/logo\/image\/"}},{"@type":"Person","@id":"https:\/\/afogadosfm.com.br\/afogadosfm\/#\/schema\/person\/60e56f2cf5dc960fc093fe093d9e9057","name":"afogadosfm","image":{"@type":"ImageObject","inLanguage":"pt-BR","@id":"https:\/\/secure.gravatar.com\/avatar\/e0359add7ed5dc3560906d861b52c6a8cf5c1e199d3a7dd85070998f49bd4701?s=96&d=mm&r=g","url":"https:\/\/secure.gravatar.com\/avatar\/e0359add7ed5dc3560906d861b52c6a8cf5c1e199d3a7dd85070998f49bd4701?s=96&d=mm&r=g","contentUrl":"https:\/\/secure.gravatar.com\/avatar\/e0359add7ed5dc3560906d861b52c6a8cf5c1e199d3a7dd85070998f49bd4701?s=96&d=mm&r=g","caption":"afogadosfm"},"url":"https:\/\/afogadosfm.com.br\/afogadosfm\/author\/afogadosfm\/"}]}},"jetpack_publicize_connections":[],"jetpack_featured_media_url":"https:\/\/i0.wp.com\/afogadosfm.com.br\/afogadosfm\/wp-content\/uploads\/2025\/05\/cidadania.jpg?fit=768%2C542&ssl=1","jetpack-related-posts":[],"jetpack_sharing_enabled":true,"jetpack_likes_enabled":true,"_links":{"self":[{"href":"https:\/\/afogadosfm.com.br\/afogadosfm\/wp-json\/wp\/v2\/posts\/66095","targetHints":{"allow":["GET"]}}],"collection":[{"href":"https:\/\/afogadosfm.com.br\/afogadosfm\/wp-json\/wp\/v2\/posts"}],"about":[{"href":"https:\/\/afogadosfm.com.br\/afogadosfm\/wp-json\/wp\/v2\/types\/post"}],"author":[{"embeddable":true,"href":"https:\/\/afogadosfm.com.br\/afogadosfm\/wp-json\/wp\/v2\/users\/2"}],"replies":[{"embeddable":true,"href":"https:\/\/afogadosfm.com.br\/afogadosfm\/wp-json\/wp\/v2\/comments?post=66095"}],"version-history":[{"count":1,"href":"https:\/\/afogadosfm.com.br\/afogadosfm\/wp-json\/wp\/v2\/posts\/66095\/revisions"}],"predecessor-version":[{"id":66097,"href":"https:\/\/afogadosfm.com.br\/afogadosfm\/wp-json\/wp\/v2\/posts\/66095\/revisions\/66097"}],"wp:featuredmedia":[{"embeddable":true,"href":"https:\/\/afogadosfm.com.br\/afogadosfm\/wp-json\/wp\/v2\/media\/66096"}],"wp:attachment":[{"href":"https:\/\/afogadosfm.com.br\/afogadosfm\/wp-json\/wp\/v2\/media?parent=66095"}],"wp:term":[{"taxonomy":"category","embeddable":true,"href":"https:\/\/afogadosfm.com.br\/afogadosfm\/wp-json\/wp\/v2\/categories?post=66095"},{"taxonomy":"post_tag","embeddable":true,"href":"https:\/\/afogadosfm.com.br\/afogadosfm\/wp-json\/wp\/v2\/tags?post=66095"}],"curies":[{"name":"wp","href":"https:\/\/api.w.org\/{rel}","templated":true}]}}