{"id":66098,"date":"2025-05-24T07:19:09","date_gmt":"2025-05-24T10:19:09","guid":{"rendered":"https:\/\/afogadosfm.com.br\/afogadosfm\/?p=66098"},"modified":"2025-05-24T07:19:10","modified_gmt":"2025-05-24T10:19:10","slug":"lula-reforca-presenca-no-nordeste-e-tem-agenda-prevista-em-pernambuco-na-proxima-quarta-feira","status":"publish","type":"post","link":"https:\/\/afogadosfm.com.br\/afogadosfm\/2025\/05\/24\/lula-reforca-presenca-no-nordeste-e-tem-agenda-prevista-em-pernambuco-na-proxima-quarta-feira\/","title":{"rendered":"Lula refor\u00e7a presen\u00e7a no Nordeste e tem agenda prevista em Pernambuco na pr\u00f3xima quarta-feira"},"content":{"rendered":"\n<p>O presidente da Rep\u00fablica, Luiz In\u00e1cio Lula da Silva (PT) vai refor\u00e7ar a presen\u00e7a na Regi\u00e3o Nordeste, que ajudou a garantir seu mandato em 2022, e tem chegada a Pernambuco prevista para a pr\u00f3xima quarta-feira (28). Vai aos munic\u00edpios de Cabrob\u00f3,&nbsp;Terra Nova e Salgueiro, no Sert\u00e3o.<\/p>\n\n\n\n<p>Em Salgueiro,&nbsp;vai assinar&nbsp;a ordem de servi\u00e7o para a duplica\u00e7\u00e3o da Esta\u00e7\u00e3o de Bombeamento EBI-3, no Ramal do Salgado. A interven\u00e7\u00e3o ampliar\u00e1 a capacidade de 24,75 m\u00b3\/s para 49 m\u00b3\/s, beneficiando 237 munic\u00edpios e cerca de 8,1 milh\u00f5es de pessoas nos estados de PE, CE, PB e RN.<\/p>\n\n\n\n<p><strong>Integra\u00e7\u00e3o<\/strong><\/p>\n\n\n\n<p>Ao lado do ministro da Integra\u00e7\u00e3o e Desenvolvimento Regional, Valdez G\u00f3es, o presidente pretende realizar&nbsp;a trilha da Transposi\u00e7\u00e3o do Rio S\u00e3o Francisco, que passa pelos Estados de&nbsp;Pernambuco, Para\u00edba, Rio Grande do Norte e Cear\u00e1.<\/p>\n\n\n\n<p>A agenda ainda est\u00e1 sendo detalhada pelo Pal\u00e1cio do Planalto, mas a programa\u00e7\u00e3o do chamado Caminho das \u00c1guas come\u00e7a com visita t\u00e9cnica \u00e0 Esta\u00e7\u00e3o de Bombeamento EBI-1, em Cabrob\u00f3, ponto inicial do Eixo Norte do Projeto de Integra\u00e7\u00e3o do Rio S\u00e3o Francisco (PISF)<\/p>\n\n\n\n<p>Conclu\u00edda em 2015, a EBI-1 conta atualmente com dois conjuntos de motobombas, com capacidade de 24,8 m\u00b3\/s, e passar\u00e1 por duplica\u00e7\u00e3o para quatro conjuntos, elevando a capacidade para 49 m\u00b3\/s.<\/p>\n\n\n\n<p>A segunda parada ser\u00e1 em Terra Nova, para visita t\u00e9cnica \u00e0 agricultura irrigada com as \u00e1guas do PISF, junto \u00e0 Barragem de Serra do Livramento, que possui capacidade m\u00e1xima de 18,8 milh\u00f5es de metros quadrados.<\/p>\n\n\n\n<p><strong>Cear\u00e1<\/strong><\/p>\n\n\n\n<p>A comitiva do Caminho das \u00c1guas acompanhar\u00e1, ainda, a inaugura\u00e7\u00e3o do sistema de abastecimento de \u00e1gua em Mauriti (CE), obra integrante do PBA 15 do PISF. No munic\u00edpio, foram investidos cerca de R$ 69 milh\u00f5es, com destaque para os sistemas de abastecimento das comunidades rurais de Palestina e Anau\u00e1.<\/p>\n\n\n\n<p>A programa\u00e7\u00e3o inclui ainda compromissos em Barbalha (CE) e Crato (CE), com visita ao Cintur\u00e3o das \u00c1guas \u2014 obra h\u00eddrica de 145 km de extens\u00e3o, sob responsabilidade da SRH\/CE, iniciada em 2013 e com 83,49% de execu\u00e7\u00e3o at\u00e9 o momento.<\/p>\n\n\n\n<p>A estrutura beneficiar\u00e1 mais de 5 milh\u00f5es de pessoas em munic\u00edpios como Fortaleza, Juazeiro do Norte e outros atendidos pelos a\u00e7udes de Or\u00f3s e Castanh\u00e3o.<\/p>\n\n\n\n<p><strong>Para\u00edba<\/strong><\/p>\n\n\n\n<p>Ainda na etapa final do Caminho das \u00c1guas, ser\u00e1 inaugurado o trecho 1&nbsp; do Ramal do Apodi, em Cachoeira dos \u00cdndios (PB), com 30 km de canal, al\u00e9m da Barragem de Redondo.<\/p>\n\n\n\n<p>O presidente Lula e sua comitiva encerram a primeira etapa da viagem com um sobrevoo sobre o Ramal do Salgado, a partir de Ipaumirim (CE). A estrutura faz parte do Eixo Norte do Projeto de Integra\u00e7\u00e3o do Rio S\u00e3o Francisco (PISF) e beneficiar\u00e1 at\u00e9 5 milh\u00f5es de habitantes no estado do Cear\u00e1.<\/p>\n\n\n\n<p>Com informa\u00e7\u00f5es da Ag\u00eancia Brasil.<\/p>\n","protected":false},"excerpt":{"rendered":"<p>O presidente da Rep\u00fablica, Luiz In\u00e1cio Lula da Silva (PT) vai refor\u00e7ar a presen\u00e7a na Regi\u00e3o Nordeste, que ajudou a<\/p>\n","protected":false},"author":2,"featured_media":44195,"comment_status":"open","ping_status":"open","sticky":false,"template":"","format":"standard","meta":{"jetpack_post_was_ever_published":false,"_jetpack_newsletter_access":"","_jetpack_dont_email_post_to_subs":false,"_jetpack_newsletter_tier_id":0,"_jetpack_memberships_contains_paywalled_content":false,"_jetpack_memberships_contains_paid_content":false,"footnotes":"","jetpack_publicize_message":"","jetpack_publicize_feature_enabled":true,"jetpack_social_post_already_shared":true,"jetpack_social_options":{"image_generator_settings":{"template":"highway","default_image_id":0,"font":"","enabled":false},"version":2}},"categories":[31],"tags":[],"class_list":["post-66098","post","type-post","status-publish","format-standard","has-post-thumbnail","hentry","category-nordeste"],"yoast_head":"<!-- This site is optimized with the Yoast SEO plugin v27.5 - https:\/\/yoast.com\/product\/yoast-seo-wordpress\/ -->\n<title>Lula refor\u00e7a presen\u00e7a no Nordeste e tem agenda prevista em Pernambuco na pr\u00f3xima quarta-feira - Afogados FM<\/title>\n<meta name=\"robots\" content=\"index, follow, max-snippet:-1, max-image-preview:large, max-video-preview:-1\" \/>\n<link rel=\"canonical\" href=\"https:\/\/afogadosfm.com.br\/afogadosfm\/2025\/05\/24\/lula-reforca-presenca-no-nordeste-e-tem-agenda-prevista-em-pernambuco-na-proxima-quarta-feira\/\" \/>\n<meta property=\"og:locale\" content=\"pt_BR\" \/>\n<meta property=\"og:type\" content=\"article\" \/>\n<meta property=\"og:title\" content=\"Lula refor\u00e7a presen\u00e7a no Nordeste e tem agenda prevista em Pernambuco na pr\u00f3xima quarta-feira - Afogados FM\" \/>\n<meta property=\"og:description\" content=\"O presidente da Rep\u00fablica, Luiz In\u00e1cio Lula da Silva (PT) vai refor\u00e7ar a presen\u00e7a na Regi\u00e3o Nordeste, que ajudou a\" \/>\n<meta property=\"og:url\" content=\"https:\/\/afogadosfm.com.br\/afogadosfm\/2025\/05\/24\/lula-reforca-presenca-no-nordeste-e-tem-agenda-prevista-em-pernambuco-na-proxima-quarta-feira\/\" \/>\n<meta property=\"og:site_name\" content=\"Afogados FM\" \/>\n<meta property=\"article:published_time\" content=\"2025-05-24T10:19:09+00:00\" \/>\n<meta property=\"article:modified_time\" content=\"2025-05-24T10:19:10+00:00\" \/>\n<meta property=\"og:image\" content=\"https:\/\/afogadosfm.com.br\/afogadosfm\/wp-content\/uploads\/2023\/01\/lulair.webp\" \/>\n\t<meta property=\"og:image:width\" content=\"1024\" \/>\n\t<meta property=\"og:image:height\" content=\"768\" \/>\n\t<meta property=\"og:image:type\" content=\"image\/webp\" \/>\n<meta name=\"author\" content=\"afogadosfm\" \/>\n<meta name=\"twitter:card\" content=\"summary_large_image\" \/>\n<meta name=\"twitter:label1\" content=\"Escrito por\" \/>\n\t<meta name=\"twitter:data1\" content=\"afogadosfm\" \/>\n\t<meta name=\"twitter:label2\" content=\"Est. tempo de leitura\" \/>\n\t<meta name=\"twitter:data2\" content=\"3 minutos\" \/>\n<script type=\"application\/ld+json\" class=\"yoast-schema-graph\">{\"@context\":\"https:\\\/\\\/schema.org\",\"@graph\":[{\"@type\":\"Article\",\"@id\":\"https:\\\/\\\/afogadosfm.com.br\\\/afogadosfm\\\/2025\\\/05\\\/24\\\/lula-reforca-presenca-no-nordeste-e-tem-agenda-prevista-em-pernambuco-na-proxima-quarta-feira\\\/#article\",\"isPartOf\":{\"@id\":\"https:\\\/\\\/afogadosfm.com.br\\\/afogadosfm\\\/2025\\\/05\\\/24\\\/lula-reforca-presenca-no-nordeste-e-tem-agenda-prevista-em-pernambuco-na-proxima-quarta-feira\\\/\"},\"author\":{\"name\":\"afogadosfm\",\"@id\":\"https:\\\/\\\/afogadosfm.com.br\\\/afogadosfm\\\/#\\\/schema\\\/person\\\/60e56f2cf5dc960fc093fe093d9e9057\"},\"headline\":\"Lula refor\u00e7a presen\u00e7a no Nordeste e tem agenda prevista em Pernambuco na pr\u00f3xima quarta-feira\",\"datePublished\":\"2025-05-24T10:19:09+00:00\",\"dateModified\":\"2025-05-24T10:19:10+00:00\",\"mainEntityOfPage\":{\"@id\":\"https:\\\/\\\/afogadosfm.com.br\\\/afogadosfm\\\/2025\\\/05\\\/24\\\/lula-reforca-presenca-no-nordeste-e-tem-agenda-prevista-em-pernambuco-na-proxima-quarta-feira\\\/\"},\"wordCount\":503,\"commentCount\":0,\"publisher\":{\"@id\":\"https:\\\/\\\/afogadosfm.com.br\\\/afogadosfm\\\/#organization\"},\"image\":{\"@id\":\"https:\\\/\\\/afogadosfm.com.br\\\/afogadosfm\\\/2025\\\/05\\\/24\\\/lula-reforca-presenca-no-nordeste-e-tem-agenda-prevista-em-pernambuco-na-proxima-quarta-feira\\\/#primaryimage\"},\"thumbnailUrl\":\"https:\\\/\\\/i0.wp.com\\\/afogadosfm.com.br\\\/afogadosfm\\\/wp-content\\\/uploads\\\/2023\\\/01\\\/lulair.webp?fit=1024%2C768&ssl=1\",\"articleSection\":[\"Nordeste\"],\"inLanguage\":\"pt-BR\",\"potentialAction\":[{\"@type\":\"CommentAction\",\"name\":\"Comment\",\"target\":[\"https:\\\/\\\/afogadosfm.com.br\\\/afogadosfm\\\/2025\\\/05\\\/24\\\/lula-reforca-presenca-no-nordeste-e-tem-agenda-prevista-em-pernambuco-na-proxima-quarta-feira\\\/#respond\"]}]},{\"@type\":\"WebPage\",\"@id\":\"https:\\\/\\\/afogadosfm.com.br\\\/afogadosfm\\\/2025\\\/05\\\/24\\\/lula-reforca-presenca-no-nordeste-e-tem-agenda-prevista-em-pernambuco-na-proxima-quarta-feira\\\/\",\"url\":\"https:\\\/\\\/afogadosfm.com.br\\\/afogadosfm\\\/2025\\\/05\\\/24\\\/lula-reforca-presenca-no-nordeste-e-tem-agenda-prevista-em-pernambuco-na-proxima-quarta-feira\\\/\",\"name\":\"Lula refor\u00e7a presen\u00e7a no Nordeste e tem agenda prevista em Pernambuco na pr\u00f3xima quarta-feira - Afogados FM\",\"isPartOf\":{\"@id\":\"https:\\\/\\\/afogadosfm.com.br\\\/afogadosfm\\\/#website\"},\"primaryImageOfPage\":{\"@id\":\"https:\\\/\\\/afogadosfm.com.br\\\/afogadosfm\\\/2025\\\/05\\\/24\\\/lula-reforca-presenca-no-nordeste-e-tem-agenda-prevista-em-pernambuco-na-proxima-quarta-feira\\\/#primaryimage\"},\"image\":{\"@id\":\"https:\\\/\\\/afogadosfm.com.br\\\/afogadosfm\\\/2025\\\/05\\\/24\\\/lula-reforca-presenca-no-nordeste-e-tem-agenda-prevista-em-pernambuco-na-proxima-quarta-feira\\\/#primaryimage\"},\"thumbnailUrl\":\"https:\\\/\\\/i0.wp.com\\\/afogadosfm.com.br\\\/afogadosfm\\\/wp-content\\\/uploads\\\/2023\\\/01\\\/lulair.webp?fit=1024%2C768&ssl=1\",\"datePublished\":\"2025-05-24T10:19:09+00:00\",\"dateModified\":\"2025-05-24T10:19:10+00:00\",\"breadcrumb\":{\"@id\":\"https:\\\/\\\/afogadosfm.com.br\\\/afogadosfm\\\/2025\\\/05\\\/24\\\/lula-reforca-presenca-no-nordeste-e-tem-agenda-prevista-em-pernambuco-na-proxima-quarta-feira\\\/#breadcrumb\"},\"inLanguage\":\"pt-BR\",\"potentialAction\":[{\"@type\":\"ReadAction\",\"target\":[\"https:\\\/\\\/afogadosfm.com.br\\\/afogadosfm\\\/2025\\\/05\\\/24\\\/lula-reforca-presenca-no-nordeste-e-tem-agenda-prevista-em-pernambuco-na-proxima-quarta-feira\\\/\"]}]},{\"@type\":\"ImageObject\",\"inLanguage\":\"pt-BR\",\"@id\":\"https:\\\/\\\/afogadosfm.com.br\\\/afogadosfm\\\/2025\\\/05\\\/24\\\/lula-reforca-presenca-no-nordeste-e-tem-agenda-prevista-em-pernambuco-na-proxima-quarta-feira\\\/#primaryimage\",\"url\":\"https:\\\/\\\/i0.wp.com\\\/afogadosfm.com.br\\\/afogadosfm\\\/wp-content\\\/uploads\\\/2023\\\/01\\\/lulair.webp?fit=1024%2C768&ssl=1\",\"contentUrl\":\"https:\\\/\\\/i0.wp.com\\\/afogadosfm.com.br\\\/afogadosfm\\\/wp-content\\\/uploads\\\/2023\\\/01\\\/lulair.webp?fit=1024%2C768&ssl=1\",\"width\":1024,\"height\":768},{\"@type\":\"BreadcrumbList\",\"@id\":\"https:\\\/\\\/afogadosfm.com.br\\\/afogadosfm\\\/2025\\\/05\\\/24\\\/lula-reforca-presenca-no-nordeste-e-tem-agenda-prevista-em-pernambuco-na-proxima-quarta-feira\\\/#breadcrumb\",\"itemListElement\":[{\"@type\":\"ListItem\",\"position\":1,\"name\":\"In\u00edcio\",\"item\":\"https:\\\/\\\/afogadosfm.com.br\\\/afogadosfm\\\/\"},{\"@type\":\"ListItem\",\"position\":2,\"name\":\"Lula refor\u00e7a presen\u00e7a no Nordeste e tem agenda prevista em Pernambuco na pr\u00f3xima quarta-feira\"}]},{\"@type\":\"WebSite\",\"@id\":\"https:\\\/\\\/afogadosfm.com.br\\\/afogadosfm\\\/#website\",\"url\":\"https:\\\/\\\/afogadosfm.com.br\\\/afogadosfm\\\/\",\"name\":\"Afogados FM\",\"description\":\"Um site completo!\",\"publisher\":{\"@id\":\"https:\\\/\\\/afogadosfm.com.br\\\/afogadosfm\\\/#organization\"},\"potentialAction\":[{\"@type\":\"SearchAction\",\"target\":{\"@type\":\"EntryPoint\",\"urlTemplate\":\"https:\\\/\\\/afogadosfm.com.br\\\/afogadosfm\\\/?s={search_term_string}\"},\"query-input\":{\"@type\":\"PropertyValueSpecification\",\"valueRequired\":true,\"valueName\":\"search_term_string\"}}],\"inLanguage\":\"pt-BR\"},{\"@type\":\"Organization\",\"@id\":\"https:\\\/\\\/afogadosfm.com.br\\\/afogadosfm\\\/#organization\",\"name\":\"Afogados FM\",\"url\":\"https:\\\/\\\/afogadosfm.com.br\\\/afogadosfm\\\/\",\"logo\":{\"@type\":\"ImageObject\",\"inLanguage\":\"pt-BR\",\"@id\":\"https:\\\/\\\/afogadosfm.com.br\\\/afogadosfm\\\/#\\\/schema\\\/logo\\\/image\\\/\",\"url\":\"https:\\\/\\\/i0.wp.com\\\/afogadosfm.com.br\\\/afogadosfm\\\/wp-content\\\/uploads\\\/2020\\\/06\\\/cropped-banner-afogados-4.jpg?fit=369%2C137&ssl=1\",\"contentUrl\":\"https:\\\/\\\/i0.wp.com\\\/afogadosfm.com.br\\\/afogadosfm\\\/wp-content\\\/uploads\\\/2020\\\/06\\\/cropped-banner-afogados-4.jpg?fit=369%2C137&ssl=1\",\"width\":369,\"height\":137,\"caption\":\"Afogados FM\"},\"image\":{\"@id\":\"https:\\\/\\\/afogadosfm.com.br\\\/afogadosfm\\\/#\\\/schema\\\/logo\\\/image\\\/\"}},{\"@type\":\"Person\",\"@id\":\"https:\\\/\\\/afogadosfm.com.br\\\/afogadosfm\\\/#\\\/schema\\\/person\\\/60e56f2cf5dc960fc093fe093d9e9057\",\"name\":\"afogadosfm\",\"image\":{\"@type\":\"ImageObject\",\"inLanguage\":\"pt-BR\",\"@id\":\"https:\\\/\\\/secure.gravatar.com\\\/avatar\\\/e0359add7ed5dc3560906d861b52c6a8cf5c1e199d3a7dd85070998f49bd4701?s=96&d=mm&r=g\",\"url\":\"https:\\\/\\\/secure.gravatar.com\\\/avatar\\\/e0359add7ed5dc3560906d861b52c6a8cf5c1e199d3a7dd85070998f49bd4701?s=96&d=mm&r=g\",\"contentUrl\":\"https:\\\/\\\/secure.gravatar.com\\\/avatar\\\/e0359add7ed5dc3560906d861b52c6a8cf5c1e199d3a7dd85070998f49bd4701?s=96&d=mm&r=g\",\"caption\":\"afogadosfm\"},\"url\":\"https:\\\/\\\/afogadosfm.com.br\\\/afogadosfm\\\/author\\\/afogadosfm\\\/\"}]}<\/script>\n<!-- \/ Yoast SEO plugin. -->","yoast_head_json":{"title":"Lula refor\u00e7a presen\u00e7a no Nordeste e tem agenda prevista em Pernambuco na pr\u00f3xima quarta-feira - Afogados FM","robots":{"index":"index","follow":"follow","max-snippet":"max-snippet:-1","max-image-preview":"max-image-preview:large","max-video-preview":"max-video-preview:-1"},"canonical":"https:\/\/afogadosfm.com.br\/afogadosfm\/2025\/05\/24\/lula-reforca-presenca-no-nordeste-e-tem-agenda-prevista-em-pernambuco-na-proxima-quarta-feira\/","og_locale":"pt_BR","og_type":"article","og_title":"Lula refor\u00e7a presen\u00e7a no Nordeste e tem agenda prevista em Pernambuco na pr\u00f3xima quarta-feira - Afogados FM","og_description":"O presidente da Rep\u00fablica, Luiz In\u00e1cio Lula da Silva (PT) vai refor\u00e7ar a presen\u00e7a na Regi\u00e3o Nordeste, que ajudou a","og_url":"https:\/\/afogadosfm.com.br\/afogadosfm\/2025\/05\/24\/lula-reforca-presenca-no-nordeste-e-tem-agenda-prevista-em-pernambuco-na-proxima-quarta-feira\/","og_site_name":"Afogados FM","article_published_time":"2025-05-24T10:19:09+00:00","article_modified_time":"2025-05-24T10:19:10+00:00","og_image":[{"width":1024,"height":768,"url":"https:\/\/afogadosfm.com.br\/afogadosfm\/wp-content\/uploads\/2023\/01\/lulair.webp","type":"image\/webp"}],"author":"afogadosfm","twitter_card":"summary_large_image","twitter_misc":{"Escrito por":"afogadosfm","Est. tempo de leitura":"3 minutos"},"schema":{"@context":"https:\/\/schema.org","@graph":[{"@type":"Article","@id":"https:\/\/afogadosfm.com.br\/afogadosfm\/2025\/05\/24\/lula-reforca-presenca-no-nordeste-e-tem-agenda-prevista-em-pernambuco-na-proxima-quarta-feira\/#article","isPartOf":{"@id":"https:\/\/afogadosfm.com.br\/afogadosfm\/2025\/05\/24\/lula-reforca-presenca-no-nordeste-e-tem-agenda-prevista-em-pernambuco-na-proxima-quarta-feira\/"},"author":{"name":"afogadosfm","@id":"https:\/\/afogadosfm.com.br\/afogadosfm\/#\/schema\/person\/60e56f2cf5dc960fc093fe093d9e9057"},"headline":"Lula refor\u00e7a presen\u00e7a no Nordeste e tem agenda prevista em Pernambuco na pr\u00f3xima quarta-feira","datePublished":"2025-05-24T10:19:09+00:00","dateModified":"2025-05-24T10:19:10+00:00","mainEntityOfPage":{"@id":"https:\/\/afogadosfm.com.br\/afogadosfm\/2025\/05\/24\/lula-reforca-presenca-no-nordeste-e-tem-agenda-prevista-em-pernambuco-na-proxima-quarta-feira\/"},"wordCount":503,"commentCount":0,"publisher":{"@id":"https:\/\/afogadosfm.com.br\/afogadosfm\/#organization"},"image":{"@id":"https:\/\/afogadosfm.com.br\/afogadosfm\/2025\/05\/24\/lula-reforca-presenca-no-nordeste-e-tem-agenda-prevista-em-pernambuco-na-proxima-quarta-feira\/#primaryimage"},"thumbnailUrl":"https:\/\/i0.wp.com\/afogadosfm.com.br\/afogadosfm\/wp-content\/uploads\/2023\/01\/lulair.webp?fit=1024%2C768&ssl=1","articleSection":["Nordeste"],"inLanguage":"pt-BR","potentialAction":[{"@type":"CommentAction","name":"Comment","target":["https:\/\/afogadosfm.com.br\/afogadosfm\/2025\/05\/24\/lula-reforca-presenca-no-nordeste-e-tem-agenda-prevista-em-pernambuco-na-proxima-quarta-feira\/#respond"]}]},{"@type":"WebPage","@id":"https:\/\/afogadosfm.com.br\/afogadosfm\/2025\/05\/24\/lula-reforca-presenca-no-nordeste-e-tem-agenda-prevista-em-pernambuco-na-proxima-quarta-feira\/","url":"https:\/\/afogadosfm.com.br\/afogadosfm\/2025\/05\/24\/lula-reforca-presenca-no-nordeste-e-tem-agenda-prevista-em-pernambuco-na-proxima-quarta-feira\/","name":"Lula refor\u00e7a presen\u00e7a no Nordeste e tem agenda prevista em Pernambuco na pr\u00f3xima quarta-feira - Afogados FM","isPartOf":{"@id":"https:\/\/afogadosfm.com.br\/afogadosfm\/#website"},"primaryImageOfPage":{"@id":"https:\/\/afogadosfm.com.br\/afogadosfm\/2025\/05\/24\/lula-reforca-presenca-no-nordeste-e-tem-agenda-prevista-em-pernambuco-na-proxima-quarta-feira\/#primaryimage"},"image":{"@id":"https:\/\/afogadosfm.com.br\/afogadosfm\/2025\/05\/24\/lula-reforca-presenca-no-nordeste-e-tem-agenda-prevista-em-pernambuco-na-proxima-quarta-feira\/#primaryimage"},"thumbnailUrl":"https:\/\/i0.wp.com\/afogadosfm.com.br\/afogadosfm\/wp-content\/uploads\/2023\/01\/lulair.webp?fit=1024%2C768&ssl=1","datePublished":"2025-05-24T10:19:09+00:00","dateModified":"2025-05-24T10:19:10+00:00","breadcrumb":{"@id":"https:\/\/afogadosfm.com.br\/afogadosfm\/2025\/05\/24\/lula-reforca-presenca-no-nordeste-e-tem-agenda-prevista-em-pernambuco-na-proxima-quarta-feira\/#breadcrumb"},"inLanguage":"pt-BR","potentialAction":[{"@type":"ReadAction","target":["https:\/\/afogadosfm.com.br\/afogadosfm\/2025\/05\/24\/lula-reforca-presenca-no-nordeste-e-tem-agenda-prevista-em-pernambuco-na-proxima-quarta-feira\/"]}]},{"@type":"ImageObject","inLanguage":"pt-BR","@id":"https:\/\/afogadosfm.com.br\/afogadosfm\/2025\/05\/24\/lula-reforca-presenca-no-nordeste-e-tem-agenda-prevista-em-pernambuco-na-proxima-quarta-feira\/#primaryimage","url":"https:\/\/i0.wp.com\/afogadosfm.com.br\/afogadosfm\/wp-content\/uploads\/2023\/01\/lulair.webp?fit=1024%2C768&ssl=1","contentUrl":"https:\/\/i0.wp.com\/afogadosfm.com.br\/afogadosfm\/wp-content\/uploads\/2023\/01\/lulair.webp?fit=1024%2C768&ssl=1","width":1024,"height":768},{"@type":"BreadcrumbList","@id":"https:\/\/afogadosfm.com.br\/afogadosfm\/2025\/05\/24\/lula-reforca-presenca-no-nordeste-e-tem-agenda-prevista-em-pernambuco-na-proxima-quarta-feira\/#breadcrumb","itemListElement":[{"@type":"ListItem","position":1,"name":"In\u00edcio","item":"https:\/\/afogadosfm.com.br\/afogadosfm\/"},{"@type":"ListItem","position":2,"name":"Lula refor\u00e7a presen\u00e7a no Nordeste e tem agenda prevista em Pernambuco na pr\u00f3xima quarta-feira"}]},{"@type":"WebSite","@id":"https:\/\/afogadosfm.com.br\/afogadosfm\/#website","url":"https:\/\/afogadosfm.com.br\/afogadosfm\/","name":"Afogados FM","description":"Um site completo!","publisher":{"@id":"https:\/\/afogadosfm.com.br\/afogadosfm\/#organization"},"potentialAction":[{"@type":"SearchAction","target":{"@type":"EntryPoint","urlTemplate":"https:\/\/afogadosfm.com.br\/afogadosfm\/?s={search_term_string}"},"query-input":{"@type":"PropertyValueSpecification","valueRequired":true,"valueName":"search_term_string"}}],"inLanguage":"pt-BR"},{"@type":"Organization","@id":"https:\/\/afogadosfm.com.br\/afogadosfm\/#organization","name":"Afogados FM","url":"https:\/\/afogadosfm.com.br\/afogadosfm\/","logo":{"@type":"ImageObject","inLanguage":"pt-BR","@id":"https:\/\/afogadosfm.com.br\/afogadosfm\/#\/schema\/logo\/image\/","url":"https:\/\/i0.wp.com\/afogadosfm.com.br\/afogadosfm\/wp-content\/uploads\/2020\/06\/cropped-banner-afogados-4.jpg?fit=369%2C137&ssl=1","contentUrl":"https:\/\/i0.wp.com\/afogadosfm.com.br\/afogadosfm\/wp-content\/uploads\/2020\/06\/cropped-banner-afogados-4.jpg?fit=369%2C137&ssl=1","width":369,"height":137,"caption":"Afogados FM"},"image":{"@id":"https:\/\/afogadosfm.com.br\/afogadosfm\/#\/schema\/logo\/image\/"}},{"@type":"Person","@id":"https:\/\/afogadosfm.com.br\/afogadosfm\/#\/schema\/person\/60e56f2cf5dc960fc093fe093d9e9057","name":"afogadosfm","image":{"@type":"ImageObject","inLanguage":"pt-BR","@id":"https:\/\/secure.gravatar.com\/avatar\/e0359add7ed5dc3560906d861b52c6a8cf5c1e199d3a7dd85070998f49bd4701?s=96&d=mm&r=g","url":"https:\/\/secure.gravatar.com\/avatar\/e0359add7ed5dc3560906d861b52c6a8cf5c1e199d3a7dd85070998f49bd4701?s=96&d=mm&r=g","contentUrl":"https:\/\/secure.gravatar.com\/avatar\/e0359add7ed5dc3560906d861b52c6a8cf5c1e199d3a7dd85070998f49bd4701?s=96&d=mm&r=g","caption":"afogadosfm"},"url":"https:\/\/afogadosfm.com.br\/afogadosfm\/author\/afogadosfm\/"}]}},"jetpack_publicize_connections":[],"jetpack_featured_media_url":"https:\/\/i0.wp.com\/afogadosfm.com.br\/afogadosfm\/wp-content\/uploads\/2023\/01\/lulair.webp?fit=1024%2C768&ssl=1","jetpack-related-posts":[],"jetpack_sharing_enabled":true,"jetpack_likes_enabled":true,"_links":{"self":[{"href":"https:\/\/afogadosfm.com.br\/afogadosfm\/wp-json\/wp\/v2\/posts\/66098","targetHints":{"allow":["GET"]}}],"collection":[{"href":"https:\/\/afogadosfm.com.br\/afogadosfm\/wp-json\/wp\/v2\/posts"}],"about":[{"href":"https:\/\/afogadosfm.com.br\/afogadosfm\/wp-json\/wp\/v2\/types\/post"}],"author":[{"embeddable":true,"href":"https:\/\/afogadosfm.com.br\/afogadosfm\/wp-json\/wp\/v2\/users\/2"}],"replies":[{"embeddable":true,"href":"https:\/\/afogadosfm.com.br\/afogadosfm\/wp-json\/wp\/v2\/comments?post=66098"}],"version-history":[{"count":1,"href":"https:\/\/afogadosfm.com.br\/afogadosfm\/wp-json\/wp\/v2\/posts\/66098\/revisions"}],"predecessor-version":[{"id":66099,"href":"https:\/\/afogadosfm.com.br\/afogadosfm\/wp-json\/wp\/v2\/posts\/66098\/revisions\/66099"}],"wp:featuredmedia":[{"embeddable":true,"href":"https:\/\/afogadosfm.com.br\/afogadosfm\/wp-json\/wp\/v2\/media\/44195"}],"wp:attachment":[{"href":"https:\/\/afogadosfm.com.br\/afogadosfm\/wp-json\/wp\/v2\/media?parent=66098"}],"wp:term":[{"taxonomy":"category","embeddable":true,"href":"https:\/\/afogadosfm.com.br\/afogadosfm\/wp-json\/wp\/v2\/categories?post=66098"},{"taxonomy":"post_tag","embeddable":true,"href":"https:\/\/afogadosfm.com.br\/afogadosfm\/wp-json\/wp\/v2\/tags?post=66098"}],"curies":[{"name":"wp","href":"https:\/\/api.w.org\/{rel}","templated":true}]}}