{"id":66115,"date":"2025-05-24T08:19:37","date_gmt":"2025-05-24T11:19:37","guid":{"rendered":"https:\/\/afogadosfm.com.br\/afogadosfm\/?p=66115"},"modified":"2025-05-24T08:19:38","modified_gmt":"2025-05-24T11:19:38","slug":"cientista-responsavel-pelo-retorno-do-lobo-terrivel-diz-ser-impossivel-recriar-especie-extinta","status":"publish","type":"post","link":"https:\/\/afogadosfm.com.br\/afogadosfm\/2025\/05\/24\/cientista-responsavel-pelo-retorno-do-lobo-terrivel-diz-ser-impossivel-recriar-especie-extinta\/","title":{"rendered":"Cientista respons\u00e1vel pelo retorno do lobo-terr\u00edvel diz ser imposs\u00edvel recriar esp\u00e9cie extinta"},"content":{"rendered":"\n<p>A cientista-chefe da Colossal Biosciences, empresa que afirmou ter recriado a esp\u00e9cie extinta de &#8216;lobo-terr\u00edvel&#8217;, Beth Shapiro, admitiu ser imposs\u00edvel a desextin\u00e7\u00e3o do animal.<\/p>\n\n\n\n<p>Durante uma entrevista ao New Scientist, a pesquisadora afirmou que os animais s\u00e3o, na realidade, lobos-cinzentos que sofreram cerca 20 modifica\u00e7\u00f5es gen\u00e9ticas.<\/p>\n\n\n\n<p>\u201cN\u00e3o \u00e9 poss\u00edvel trazer de volta algo id\u00eantico a uma esp\u00e9cie que existia. Nossos animais s\u00e3o lobos-cinzentos com 20 altera\u00e7\u00f5es gen\u00e9ticas clonadas. Dissemos isso desde o come\u00e7o. Colocaram o nome de \u2018lobos terr\u00edveis\u2019 de forma coloquial, e isso irritou as pessoas\u201d, declarou Shapiro.<\/p>\n\n\n\n<p>Em abril deste ano, ap\u00f3s a empresa de engenharia gen\u00e9tica anunciar a desextin\u00e7\u00e3o do canino-pr\u00e9-hist\u00f3rico, a comunidade cientifica repudiou a a\u00e7\u00e3o e disse se tratar de &#8220;exagero&#8221; ou &#8220;mentira&#8221;.<\/p>\n","protected":false},"excerpt":{"rendered":"<p>A cientista-chefe da Colossal Biosciences, empresa que afirmou ter recriado a esp\u00e9cie extinta de &#8216;lobo-terr\u00edvel&#8217;, Beth Shapiro, admitiu ser imposs\u00edvel<\/p>\n","protected":false},"author":2,"featured_media":64882,"comment_status":"open","ping_status":"open","sticky":false,"template":"","format":"standard","meta":{"jetpack_post_was_ever_published":false,"_jetpack_newsletter_access":"","_jetpack_dont_email_post_to_subs":false,"_jetpack_newsletter_tier_id":0,"_jetpack_memberships_contains_paywalled_content":false,"_jetpack_memberships_contains_paid_content":false,"footnotes":"","jetpack_publicize_message":"","jetpack_publicize_feature_enabled":true,"jetpack_social_post_already_shared":true,"jetpack_social_options":{"image_generator_settings":{"template":"highway","default_image_id":0,"font":"","enabled":false},"version":2}},"categories":[42],"tags":[],"class_list":["post-66115","post","type-post","status-publish","format-standard","has-post-thumbnail","hentry","category-mundo"],"yoast_head":"<!-- This site is optimized with the Yoast SEO plugin v27.5 - https:\/\/yoast.com\/product\/yoast-seo-wordpress\/ -->\n<title>Cientista respons\u00e1vel pelo retorno do lobo-terr\u00edvel diz ser imposs\u00edvel recriar esp\u00e9cie extinta - Afogados FM<\/title>\n<meta name=\"robots\" content=\"index, follow, max-snippet:-1, max-image-preview:large, max-video-preview:-1\" \/>\n<link rel=\"canonical\" href=\"https:\/\/afogadosfm.com.br\/afogadosfm\/2025\/05\/24\/cientista-responsavel-pelo-retorno-do-lobo-terrivel-diz-ser-impossivel-recriar-especie-extinta\/\" \/>\n<meta property=\"og:locale\" content=\"pt_BR\" \/>\n<meta property=\"og:type\" content=\"article\" \/>\n<meta property=\"og:title\" content=\"Cientista respons\u00e1vel pelo retorno do lobo-terr\u00edvel diz ser imposs\u00edvel recriar esp\u00e9cie extinta - Afogados FM\" \/>\n<meta property=\"og:description\" content=\"A cientista-chefe da Colossal Biosciences, empresa que afirmou ter recriado a esp\u00e9cie extinta de &#8216;lobo-terr\u00edvel&#8217;, Beth Shapiro, admitiu ser imposs\u00edvel\" \/>\n<meta property=\"og:url\" content=\"https:\/\/afogadosfm.com.br\/afogadosfm\/2025\/05\/24\/cientista-responsavel-pelo-retorno-do-lobo-terrivel-diz-ser-impossivel-recriar-especie-extinta\/\" \/>\n<meta property=\"og:site_name\" content=\"Afogados FM\" \/>\n<meta property=\"article:published_time\" content=\"2025-05-24T11:19:37+00:00\" \/>\n<meta property=\"article:modified_time\" content=\"2025-05-24T11:19:38+00:00\" \/>\n<meta property=\"og:image\" content=\"https:\/\/afogadosfm.com.br\/afogadosfm\/wp-content\/uploads\/2025\/04\/lobos.jpg\" \/>\n\t<meta property=\"og:image:width\" content=\"1251\" \/>\n\t<meta property=\"og:image:height\" content=\"1139\" \/>\n\t<meta property=\"og:image:type\" content=\"image\/jpeg\" \/>\n<meta name=\"author\" content=\"afogadosfm\" \/>\n<meta name=\"twitter:card\" content=\"summary_large_image\" \/>\n<meta name=\"twitter:label1\" content=\"Escrito por\" \/>\n\t<meta name=\"twitter:data1\" content=\"afogadosfm\" \/>\n\t<meta name=\"twitter:label2\" content=\"Est. tempo de leitura\" \/>\n\t<meta name=\"twitter:data2\" content=\"1 minuto\" \/>\n<script type=\"application\/ld+json\" class=\"yoast-schema-graph\">{\"@context\":\"https:\\\/\\\/schema.org\",\"@graph\":[{\"@type\":\"Article\",\"@id\":\"https:\\\/\\\/afogadosfm.com.br\\\/afogadosfm\\\/2025\\\/05\\\/24\\\/cientista-responsavel-pelo-retorno-do-lobo-terrivel-diz-ser-impossivel-recriar-especie-extinta\\\/#article\",\"isPartOf\":{\"@id\":\"https:\\\/\\\/afogadosfm.com.br\\\/afogadosfm\\\/2025\\\/05\\\/24\\\/cientista-responsavel-pelo-retorno-do-lobo-terrivel-diz-ser-impossivel-recriar-especie-extinta\\\/\"},\"author\":{\"name\":\"afogadosfm\",\"@id\":\"https:\\\/\\\/afogadosfm.com.br\\\/afogadosfm\\\/#\\\/schema\\\/person\\\/60e56f2cf5dc960fc093fe093d9e9057\"},\"headline\":\"Cientista respons\u00e1vel pelo retorno do lobo-terr\u00edvel diz ser imposs\u00edvel recriar esp\u00e9cie extinta\",\"datePublished\":\"2025-05-24T11:19:37+00:00\",\"dateModified\":\"2025-05-24T11:19:38+00:00\",\"mainEntityOfPage\":{\"@id\":\"https:\\\/\\\/afogadosfm.com.br\\\/afogadosfm\\\/2025\\\/05\\\/24\\\/cientista-responsavel-pelo-retorno-do-lobo-terrivel-diz-ser-impossivel-recriar-especie-extinta\\\/\"},\"wordCount\":153,\"commentCount\":0,\"publisher\":{\"@id\":\"https:\\\/\\\/afogadosfm.com.br\\\/afogadosfm\\\/#organization\"},\"image\":{\"@id\":\"https:\\\/\\\/afogadosfm.com.br\\\/afogadosfm\\\/2025\\\/05\\\/24\\\/cientista-responsavel-pelo-retorno-do-lobo-terrivel-diz-ser-impossivel-recriar-especie-extinta\\\/#primaryimage\"},\"thumbnailUrl\":\"https:\\\/\\\/i0.wp.com\\\/afogadosfm.com.br\\\/afogadosfm\\\/wp-content\\\/uploads\\\/2025\\\/04\\\/lobos.jpg?fit=1251%2C1139&ssl=1\",\"articleSection\":[\"Mundo\"],\"inLanguage\":\"pt-BR\",\"potentialAction\":[{\"@type\":\"CommentAction\",\"name\":\"Comment\",\"target\":[\"https:\\\/\\\/afogadosfm.com.br\\\/afogadosfm\\\/2025\\\/05\\\/24\\\/cientista-responsavel-pelo-retorno-do-lobo-terrivel-diz-ser-impossivel-recriar-especie-extinta\\\/#respond\"]}]},{\"@type\":\"WebPage\",\"@id\":\"https:\\\/\\\/afogadosfm.com.br\\\/afogadosfm\\\/2025\\\/05\\\/24\\\/cientista-responsavel-pelo-retorno-do-lobo-terrivel-diz-ser-impossivel-recriar-especie-extinta\\\/\",\"url\":\"https:\\\/\\\/afogadosfm.com.br\\\/afogadosfm\\\/2025\\\/05\\\/24\\\/cientista-responsavel-pelo-retorno-do-lobo-terrivel-diz-ser-impossivel-recriar-especie-extinta\\\/\",\"name\":\"Cientista respons\u00e1vel pelo retorno do lobo-terr\u00edvel diz ser imposs\u00edvel recriar esp\u00e9cie extinta - Afogados FM\",\"isPartOf\":{\"@id\":\"https:\\\/\\\/afogadosfm.com.br\\\/afogadosfm\\\/#website\"},\"primaryImageOfPage\":{\"@id\":\"https:\\\/\\\/afogadosfm.com.br\\\/afogadosfm\\\/2025\\\/05\\\/24\\\/cientista-responsavel-pelo-retorno-do-lobo-terrivel-diz-ser-impossivel-recriar-especie-extinta\\\/#primaryimage\"},\"image\":{\"@id\":\"https:\\\/\\\/afogadosfm.com.br\\\/afogadosfm\\\/2025\\\/05\\\/24\\\/cientista-responsavel-pelo-retorno-do-lobo-terrivel-diz-ser-impossivel-recriar-especie-extinta\\\/#primaryimage\"},\"thumbnailUrl\":\"https:\\\/\\\/i0.wp.com\\\/afogadosfm.com.br\\\/afogadosfm\\\/wp-content\\\/uploads\\\/2025\\\/04\\\/lobos.jpg?fit=1251%2C1139&ssl=1\",\"datePublished\":\"2025-05-24T11:19:37+00:00\",\"dateModified\":\"2025-05-24T11:19:38+00:00\",\"breadcrumb\":{\"@id\":\"https:\\\/\\\/afogadosfm.com.br\\\/afogadosfm\\\/2025\\\/05\\\/24\\\/cientista-responsavel-pelo-retorno-do-lobo-terrivel-diz-ser-impossivel-recriar-especie-extinta\\\/#breadcrumb\"},\"inLanguage\":\"pt-BR\",\"potentialAction\":[{\"@type\":\"ReadAction\",\"target\":[\"https:\\\/\\\/afogadosfm.com.br\\\/afogadosfm\\\/2025\\\/05\\\/24\\\/cientista-responsavel-pelo-retorno-do-lobo-terrivel-diz-ser-impossivel-recriar-especie-extinta\\\/\"]}]},{\"@type\":\"ImageObject\",\"inLanguage\":\"pt-BR\",\"@id\":\"https:\\\/\\\/afogadosfm.com.br\\\/afogadosfm\\\/2025\\\/05\\\/24\\\/cientista-responsavel-pelo-retorno-do-lobo-terrivel-diz-ser-impossivel-recriar-especie-extinta\\\/#primaryimage\",\"url\":\"https:\\\/\\\/i0.wp.com\\\/afogadosfm.com.br\\\/afogadosfm\\\/wp-content\\\/uploads\\\/2025\\\/04\\\/lobos.jpg?fit=1251%2C1139&ssl=1\",\"contentUrl\":\"https:\\\/\\\/i0.wp.com\\\/afogadosfm.com.br\\\/afogadosfm\\\/wp-content\\\/uploads\\\/2025\\\/04\\\/lobos.jpg?fit=1251%2C1139&ssl=1\",\"width\":1251,\"height\":1139},{\"@type\":\"BreadcrumbList\",\"@id\":\"https:\\\/\\\/afogadosfm.com.br\\\/afogadosfm\\\/2025\\\/05\\\/24\\\/cientista-responsavel-pelo-retorno-do-lobo-terrivel-diz-ser-impossivel-recriar-especie-extinta\\\/#breadcrumb\",\"itemListElement\":[{\"@type\":\"ListItem\",\"position\":1,\"name\":\"In\u00edcio\",\"item\":\"https:\\\/\\\/afogadosfm.com.br\\\/afogadosfm\\\/\"},{\"@type\":\"ListItem\",\"position\":2,\"name\":\"Cientista respons\u00e1vel pelo retorno do lobo-terr\u00edvel diz ser imposs\u00edvel recriar esp\u00e9cie extinta\"}]},{\"@type\":\"WebSite\",\"@id\":\"https:\\\/\\\/afogadosfm.com.br\\\/afogadosfm\\\/#website\",\"url\":\"https:\\\/\\\/afogadosfm.com.br\\\/afogadosfm\\\/\",\"name\":\"Afogados FM\",\"description\":\"Um site completo!\",\"publisher\":{\"@id\":\"https:\\\/\\\/afogadosfm.com.br\\\/afogadosfm\\\/#organization\"},\"potentialAction\":[{\"@type\":\"SearchAction\",\"target\":{\"@type\":\"EntryPoint\",\"urlTemplate\":\"https:\\\/\\\/afogadosfm.com.br\\\/afogadosfm\\\/?s={search_term_string}\"},\"query-input\":{\"@type\":\"PropertyValueSpecification\",\"valueRequired\":true,\"valueName\":\"search_term_string\"}}],\"inLanguage\":\"pt-BR\"},{\"@type\":\"Organization\",\"@id\":\"https:\\\/\\\/afogadosfm.com.br\\\/afogadosfm\\\/#organization\",\"name\":\"Afogados FM\",\"url\":\"https:\\\/\\\/afogadosfm.com.br\\\/afogadosfm\\\/\",\"logo\":{\"@type\":\"ImageObject\",\"inLanguage\":\"pt-BR\",\"@id\":\"https:\\\/\\\/afogadosfm.com.br\\\/afogadosfm\\\/#\\\/schema\\\/logo\\\/image\\\/\",\"url\":\"https:\\\/\\\/i0.wp.com\\\/afogadosfm.com.br\\\/afogadosfm\\\/wp-content\\\/uploads\\\/2020\\\/06\\\/cropped-banner-afogados-4.jpg?fit=369%2C137&ssl=1\",\"contentUrl\":\"https:\\\/\\\/i0.wp.com\\\/afogadosfm.com.br\\\/afogadosfm\\\/wp-content\\\/uploads\\\/2020\\\/06\\\/cropped-banner-afogados-4.jpg?fit=369%2C137&ssl=1\",\"width\":369,\"height\":137,\"caption\":\"Afogados FM\"},\"image\":{\"@id\":\"https:\\\/\\\/afogadosfm.com.br\\\/afogadosfm\\\/#\\\/schema\\\/logo\\\/image\\\/\"}},{\"@type\":\"Person\",\"@id\":\"https:\\\/\\\/afogadosfm.com.br\\\/afogadosfm\\\/#\\\/schema\\\/person\\\/60e56f2cf5dc960fc093fe093d9e9057\",\"name\":\"afogadosfm\",\"image\":{\"@type\":\"ImageObject\",\"inLanguage\":\"pt-BR\",\"@id\":\"https:\\\/\\\/secure.gravatar.com\\\/avatar\\\/e0359add7ed5dc3560906d861b52c6a8cf5c1e199d3a7dd85070998f49bd4701?s=96&d=mm&r=g\",\"url\":\"https:\\\/\\\/secure.gravatar.com\\\/avatar\\\/e0359add7ed5dc3560906d861b52c6a8cf5c1e199d3a7dd85070998f49bd4701?s=96&d=mm&r=g\",\"contentUrl\":\"https:\\\/\\\/secure.gravatar.com\\\/avatar\\\/e0359add7ed5dc3560906d861b52c6a8cf5c1e199d3a7dd85070998f49bd4701?s=96&d=mm&r=g\",\"caption\":\"afogadosfm\"},\"url\":\"https:\\\/\\\/afogadosfm.com.br\\\/afogadosfm\\\/author\\\/afogadosfm\\\/\"}]}<\/script>\n<!-- \/ Yoast SEO plugin. -->","yoast_head_json":{"title":"Cientista respons\u00e1vel pelo retorno do lobo-terr\u00edvel diz ser imposs\u00edvel recriar esp\u00e9cie extinta - Afogados FM","robots":{"index":"index","follow":"follow","max-snippet":"max-snippet:-1","max-image-preview":"max-image-preview:large","max-video-preview":"max-video-preview:-1"},"canonical":"https:\/\/afogadosfm.com.br\/afogadosfm\/2025\/05\/24\/cientista-responsavel-pelo-retorno-do-lobo-terrivel-diz-ser-impossivel-recriar-especie-extinta\/","og_locale":"pt_BR","og_type":"article","og_title":"Cientista respons\u00e1vel pelo retorno do lobo-terr\u00edvel diz ser imposs\u00edvel recriar esp\u00e9cie extinta - Afogados FM","og_description":"A cientista-chefe da Colossal Biosciences, empresa que afirmou ter recriado a esp\u00e9cie extinta de &#8216;lobo-terr\u00edvel&#8217;, Beth Shapiro, admitiu ser imposs\u00edvel","og_url":"https:\/\/afogadosfm.com.br\/afogadosfm\/2025\/05\/24\/cientista-responsavel-pelo-retorno-do-lobo-terrivel-diz-ser-impossivel-recriar-especie-extinta\/","og_site_name":"Afogados FM","article_published_time":"2025-05-24T11:19:37+00:00","article_modified_time":"2025-05-24T11:19:38+00:00","og_image":[{"width":1251,"height":1139,"url":"https:\/\/afogadosfm.com.br\/afogadosfm\/wp-content\/uploads\/2025\/04\/lobos.jpg","type":"image\/jpeg"}],"author":"afogadosfm","twitter_card":"summary_large_image","twitter_misc":{"Escrito por":"afogadosfm","Est. tempo de leitura":"1 minuto"},"schema":{"@context":"https:\/\/schema.org","@graph":[{"@type":"Article","@id":"https:\/\/afogadosfm.com.br\/afogadosfm\/2025\/05\/24\/cientista-responsavel-pelo-retorno-do-lobo-terrivel-diz-ser-impossivel-recriar-especie-extinta\/#article","isPartOf":{"@id":"https:\/\/afogadosfm.com.br\/afogadosfm\/2025\/05\/24\/cientista-responsavel-pelo-retorno-do-lobo-terrivel-diz-ser-impossivel-recriar-especie-extinta\/"},"author":{"name":"afogadosfm","@id":"https:\/\/afogadosfm.com.br\/afogadosfm\/#\/schema\/person\/60e56f2cf5dc960fc093fe093d9e9057"},"headline":"Cientista respons\u00e1vel pelo retorno do lobo-terr\u00edvel diz ser imposs\u00edvel recriar esp\u00e9cie extinta","datePublished":"2025-05-24T11:19:37+00:00","dateModified":"2025-05-24T11:19:38+00:00","mainEntityOfPage":{"@id":"https:\/\/afogadosfm.com.br\/afogadosfm\/2025\/05\/24\/cientista-responsavel-pelo-retorno-do-lobo-terrivel-diz-ser-impossivel-recriar-especie-extinta\/"},"wordCount":153,"commentCount":0,"publisher":{"@id":"https:\/\/afogadosfm.com.br\/afogadosfm\/#organization"},"image":{"@id":"https:\/\/afogadosfm.com.br\/afogadosfm\/2025\/05\/24\/cientista-responsavel-pelo-retorno-do-lobo-terrivel-diz-ser-impossivel-recriar-especie-extinta\/#primaryimage"},"thumbnailUrl":"https:\/\/i0.wp.com\/afogadosfm.com.br\/afogadosfm\/wp-content\/uploads\/2025\/04\/lobos.jpg?fit=1251%2C1139&ssl=1","articleSection":["Mundo"],"inLanguage":"pt-BR","potentialAction":[{"@type":"CommentAction","name":"Comment","target":["https:\/\/afogadosfm.com.br\/afogadosfm\/2025\/05\/24\/cientista-responsavel-pelo-retorno-do-lobo-terrivel-diz-ser-impossivel-recriar-especie-extinta\/#respond"]}]},{"@type":"WebPage","@id":"https:\/\/afogadosfm.com.br\/afogadosfm\/2025\/05\/24\/cientista-responsavel-pelo-retorno-do-lobo-terrivel-diz-ser-impossivel-recriar-especie-extinta\/","url":"https:\/\/afogadosfm.com.br\/afogadosfm\/2025\/05\/24\/cientista-responsavel-pelo-retorno-do-lobo-terrivel-diz-ser-impossivel-recriar-especie-extinta\/","name":"Cientista respons\u00e1vel pelo retorno do lobo-terr\u00edvel diz ser imposs\u00edvel recriar esp\u00e9cie extinta - Afogados FM","isPartOf":{"@id":"https:\/\/afogadosfm.com.br\/afogadosfm\/#website"},"primaryImageOfPage":{"@id":"https:\/\/afogadosfm.com.br\/afogadosfm\/2025\/05\/24\/cientista-responsavel-pelo-retorno-do-lobo-terrivel-diz-ser-impossivel-recriar-especie-extinta\/#primaryimage"},"image":{"@id":"https:\/\/afogadosfm.com.br\/afogadosfm\/2025\/05\/24\/cientista-responsavel-pelo-retorno-do-lobo-terrivel-diz-ser-impossivel-recriar-especie-extinta\/#primaryimage"},"thumbnailUrl":"https:\/\/i0.wp.com\/afogadosfm.com.br\/afogadosfm\/wp-content\/uploads\/2025\/04\/lobos.jpg?fit=1251%2C1139&ssl=1","datePublished":"2025-05-24T11:19:37+00:00","dateModified":"2025-05-24T11:19:38+00:00","breadcrumb":{"@id":"https:\/\/afogadosfm.com.br\/afogadosfm\/2025\/05\/24\/cientista-responsavel-pelo-retorno-do-lobo-terrivel-diz-ser-impossivel-recriar-especie-extinta\/#breadcrumb"},"inLanguage":"pt-BR","potentialAction":[{"@type":"ReadAction","target":["https:\/\/afogadosfm.com.br\/afogadosfm\/2025\/05\/24\/cientista-responsavel-pelo-retorno-do-lobo-terrivel-diz-ser-impossivel-recriar-especie-extinta\/"]}]},{"@type":"ImageObject","inLanguage":"pt-BR","@id":"https:\/\/afogadosfm.com.br\/afogadosfm\/2025\/05\/24\/cientista-responsavel-pelo-retorno-do-lobo-terrivel-diz-ser-impossivel-recriar-especie-extinta\/#primaryimage","url":"https:\/\/i0.wp.com\/afogadosfm.com.br\/afogadosfm\/wp-content\/uploads\/2025\/04\/lobos.jpg?fit=1251%2C1139&ssl=1","contentUrl":"https:\/\/i0.wp.com\/afogadosfm.com.br\/afogadosfm\/wp-content\/uploads\/2025\/04\/lobos.jpg?fit=1251%2C1139&ssl=1","width":1251,"height":1139},{"@type":"BreadcrumbList","@id":"https:\/\/afogadosfm.com.br\/afogadosfm\/2025\/05\/24\/cientista-responsavel-pelo-retorno-do-lobo-terrivel-diz-ser-impossivel-recriar-especie-extinta\/#breadcrumb","itemListElement":[{"@type":"ListItem","position":1,"name":"In\u00edcio","item":"https:\/\/afogadosfm.com.br\/afogadosfm\/"},{"@type":"ListItem","position":2,"name":"Cientista respons\u00e1vel pelo retorno do lobo-terr\u00edvel diz ser imposs\u00edvel recriar esp\u00e9cie extinta"}]},{"@type":"WebSite","@id":"https:\/\/afogadosfm.com.br\/afogadosfm\/#website","url":"https:\/\/afogadosfm.com.br\/afogadosfm\/","name":"Afogados FM","description":"Um site completo!","publisher":{"@id":"https:\/\/afogadosfm.com.br\/afogadosfm\/#organization"},"potentialAction":[{"@type":"SearchAction","target":{"@type":"EntryPoint","urlTemplate":"https:\/\/afogadosfm.com.br\/afogadosfm\/?s={search_term_string}"},"query-input":{"@type":"PropertyValueSpecification","valueRequired":true,"valueName":"search_term_string"}}],"inLanguage":"pt-BR"},{"@type":"Organization","@id":"https:\/\/afogadosfm.com.br\/afogadosfm\/#organization","name":"Afogados FM","url":"https:\/\/afogadosfm.com.br\/afogadosfm\/","logo":{"@type":"ImageObject","inLanguage":"pt-BR","@id":"https:\/\/afogadosfm.com.br\/afogadosfm\/#\/schema\/logo\/image\/","url":"https:\/\/i0.wp.com\/afogadosfm.com.br\/afogadosfm\/wp-content\/uploads\/2020\/06\/cropped-banner-afogados-4.jpg?fit=369%2C137&ssl=1","contentUrl":"https:\/\/i0.wp.com\/afogadosfm.com.br\/afogadosfm\/wp-content\/uploads\/2020\/06\/cropped-banner-afogados-4.jpg?fit=369%2C137&ssl=1","width":369,"height":137,"caption":"Afogados FM"},"image":{"@id":"https:\/\/afogadosfm.com.br\/afogadosfm\/#\/schema\/logo\/image\/"}},{"@type":"Person","@id":"https:\/\/afogadosfm.com.br\/afogadosfm\/#\/schema\/person\/60e56f2cf5dc960fc093fe093d9e9057","name":"afogadosfm","image":{"@type":"ImageObject","inLanguage":"pt-BR","@id":"https:\/\/secure.gravatar.com\/avatar\/e0359add7ed5dc3560906d861b52c6a8cf5c1e199d3a7dd85070998f49bd4701?s=96&d=mm&r=g","url":"https:\/\/secure.gravatar.com\/avatar\/e0359add7ed5dc3560906d861b52c6a8cf5c1e199d3a7dd85070998f49bd4701?s=96&d=mm&r=g","contentUrl":"https:\/\/secure.gravatar.com\/avatar\/e0359add7ed5dc3560906d861b52c6a8cf5c1e199d3a7dd85070998f49bd4701?s=96&d=mm&r=g","caption":"afogadosfm"},"url":"https:\/\/afogadosfm.com.br\/afogadosfm\/author\/afogadosfm\/"}]}},"jetpack_publicize_connections":[],"jetpack_featured_media_url":"https:\/\/i0.wp.com\/afogadosfm.com.br\/afogadosfm\/wp-content\/uploads\/2025\/04\/lobos.jpg?fit=1251%2C1139&ssl=1","jetpack-related-posts":[],"jetpack_sharing_enabled":true,"jetpack_likes_enabled":true,"_links":{"self":[{"href":"https:\/\/afogadosfm.com.br\/afogadosfm\/wp-json\/wp\/v2\/posts\/66115","targetHints":{"allow":["GET"]}}],"collection":[{"href":"https:\/\/afogadosfm.com.br\/afogadosfm\/wp-json\/wp\/v2\/posts"}],"about":[{"href":"https:\/\/afogadosfm.com.br\/afogadosfm\/wp-json\/wp\/v2\/types\/post"}],"author":[{"embeddable":true,"href":"https:\/\/afogadosfm.com.br\/afogadosfm\/wp-json\/wp\/v2\/users\/2"}],"replies":[{"embeddable":true,"href":"https:\/\/afogadosfm.com.br\/afogadosfm\/wp-json\/wp\/v2\/comments?post=66115"}],"version-history":[{"count":1,"href":"https:\/\/afogadosfm.com.br\/afogadosfm\/wp-json\/wp\/v2\/posts\/66115\/revisions"}],"predecessor-version":[{"id":66116,"href":"https:\/\/afogadosfm.com.br\/afogadosfm\/wp-json\/wp\/v2\/posts\/66115\/revisions\/66116"}],"wp:featuredmedia":[{"embeddable":true,"href":"https:\/\/afogadosfm.com.br\/afogadosfm\/wp-json\/wp\/v2\/media\/64882"}],"wp:attachment":[{"href":"https:\/\/afogadosfm.com.br\/afogadosfm\/wp-json\/wp\/v2\/media?parent=66115"}],"wp:term":[{"taxonomy":"category","embeddable":true,"href":"https:\/\/afogadosfm.com.br\/afogadosfm\/wp-json\/wp\/v2\/categories?post=66115"},{"taxonomy":"post_tag","embeddable":true,"href":"https:\/\/afogadosfm.com.br\/afogadosfm\/wp-json\/wp\/v2\/tags?post=66115"}],"curies":[{"name":"wp","href":"https:\/\/api.w.org\/{rel}","templated":true}]}}