{"id":66321,"date":"2025-06-02T06:58:27","date_gmt":"2025-06-02T09:58:27","guid":{"rendered":"https:\/\/afogadosfm.com.br\/afogadosfm\/?p=66321"},"modified":"2025-06-02T07:16:11","modified_gmt":"2025-06-02T10:16:11","slug":"casal-e-alvejado-a-bala-na-estrada-que-liga-itapetim-ambo-homem-morre-no-local","status":"publish","type":"post","link":"https:\/\/afogadosfm.com.br\/afogadosfm\/2025\/06\/02\/casal-e-alvejado-a-bala-na-estrada-que-liga-itapetim-ambo-homem-morre-no-local\/","title":{"rendered":"Casal \u00e9 alvejado a bala na estrada que liga Itapetim\/Amb\u00f3, homem morre no local"},"content":{"rendered":"\n<p>Um casal natural de Itapetim foi alvejado a balas na estrada sentido Itapetim\/Amb\u00f3, o crime aconteceu na tarde desse domingo(01), Anchieta Silva, levou v\u00e1rios tiros e morreu no local, a companheira foi atingida por um tiro e foi levada para o Hospital Maria Silva em Itapetim e em seguida transferida para o Hospital Regional Em\u00edlia C\u00e2mara em Afogados da Ingazeira, o estado de sa\u00fade da mulher n\u00e3o foi informado. Chieta, como era conhecido tinha aproximadamente 43 anos. <\/p>\n\n\n\n<p>Segundo relatos de populares dois homens numa motocicleta acompanharam o carro em que o casal estava e na sa\u00edda de Itapetim, ap\u00f3s a Vila da Crian\u00e7as, na parte da estrada esburacada, com a diminui\u00e7\u00e3o da velocidade, alvejaram com disparos de arma de fogo, provavelmente Pistola 9mm. Chieta levou v\u00e1rios tiros e a companheira um, Chieta j\u00e1 tinha sido alvo de outras tentativas de homic\u00eddio em Itapetim.<\/p>\n\n\n\n<p>A Pol\u00edcia Militar estava no local e o IC-Instituto de Criminal\u00edstica foi acionado, e posteriormente a Pol\u00edcia Civil encaminharam&nbsp; o corpo para o Instituto M\u00e9dico Legal (IML). O caso segue sob investiga\u00e7\u00e3o da motiva\u00e7\u00e3o do crime. O caso est\u00e1 sob investiga\u00e7\u00e3o da Delegacia de Policia Civil de Itapetim.<\/p>\n\n\n\n<p>Do marcello Patriota<\/p>\n","protected":false},"excerpt":{"rendered":"<p>Um casal natural de Itapetim foi alvejado a balas na estrada sentido Itapetim\/Amb\u00f3, o crime aconteceu na tarde desse domingo(01),<\/p>\n","protected":false},"author":2,"featured_media":66322,"comment_status":"open","ping_status":"open","sticky":false,"template":"","format":"standard","meta":{"jetpack_post_was_ever_published":false,"_jetpack_newsletter_access":"","_jetpack_dont_email_post_to_subs":false,"_jetpack_newsletter_tier_id":0,"_jetpack_memberships_contains_paywalled_content":false,"_jetpack_memberships_contains_paid_content":false,"footnotes":"","jetpack_publicize_message":"","jetpack_publicize_feature_enabled":true,"jetpack_social_post_already_shared":true,"jetpack_social_options":{"image_generator_settings":{"template":"highway","default_image_id":0,"font":"","enabled":false},"version":2}},"categories":[32],"tags":[],"class_list":["post-66321","post","type-post","status-publish","format-standard","has-post-thumbnail","hentry","category-sertao"],"yoast_head":"<!-- This site is optimized with the Yoast SEO plugin v27.5 - https:\/\/yoast.com\/product\/yoast-seo-wordpress\/ -->\n<title>Casal \u00e9 alvejado a bala na estrada que liga Itapetim\/Amb\u00f3, homem morre no local - Afogados FM<\/title>\n<meta name=\"robots\" content=\"index, follow, max-snippet:-1, max-image-preview:large, max-video-preview:-1\" \/>\n<link rel=\"canonical\" href=\"https:\/\/afogadosfm.com.br\/afogadosfm\/2025\/06\/02\/casal-e-alvejado-a-bala-na-estrada-que-liga-itapetim-ambo-homem-morre-no-local\/\" \/>\n<meta property=\"og:locale\" content=\"pt_BR\" \/>\n<meta property=\"og:type\" content=\"article\" \/>\n<meta property=\"og:title\" content=\"Casal \u00e9 alvejado a bala na estrada que liga Itapetim\/Amb\u00f3, homem morre no local - Afogados FM\" \/>\n<meta property=\"og:description\" content=\"Um casal natural de Itapetim foi alvejado a balas na estrada sentido Itapetim\/Amb\u00f3, o crime aconteceu na tarde desse domingo(01),\" \/>\n<meta property=\"og:url\" content=\"https:\/\/afogadosfm.com.br\/afogadosfm\/2025\/06\/02\/casal-e-alvejado-a-bala-na-estrada-que-liga-itapetim-ambo-homem-morre-no-local\/\" \/>\n<meta property=\"og:site_name\" content=\"Afogados FM\" \/>\n<meta property=\"article:published_time\" content=\"2025-06-02T09:58:27+00:00\" \/>\n<meta property=\"article:modified_time\" content=\"2025-06-02T10:16:11+00:00\" \/>\n<meta property=\"og:image\" content=\"https:\/\/afogadosfm.com.br\/afogadosfm\/wp-content\/uploads\/2025\/06\/casal.jpg\" \/>\n\t<meta property=\"og:image:width\" content=\"1080\" \/>\n\t<meta property=\"og:image:height\" content=\"1350\" \/>\n\t<meta property=\"og:image:type\" content=\"image\/jpeg\" \/>\n<meta name=\"author\" content=\"afogadosfm\" \/>\n<meta name=\"twitter:card\" content=\"summary_large_image\" \/>\n<meta name=\"twitter:label1\" content=\"Escrito por\" \/>\n\t<meta name=\"twitter:data1\" content=\"afogadosfm\" \/>\n\t<meta name=\"twitter:label2\" content=\"Est. tempo de leitura\" \/>\n\t<meta name=\"twitter:data2\" content=\"2 minutos\" \/>\n<script type=\"application\/ld+json\" class=\"yoast-schema-graph\">{\"@context\":\"https:\\\/\\\/schema.org\",\"@graph\":[{\"@type\":\"Article\",\"@id\":\"https:\\\/\\\/afogadosfm.com.br\\\/afogadosfm\\\/2025\\\/06\\\/02\\\/casal-e-alvejado-a-bala-na-estrada-que-liga-itapetim-ambo-homem-morre-no-local\\\/#article\",\"isPartOf\":{\"@id\":\"https:\\\/\\\/afogadosfm.com.br\\\/afogadosfm\\\/2025\\\/06\\\/02\\\/casal-e-alvejado-a-bala-na-estrada-que-liga-itapetim-ambo-homem-morre-no-local\\\/\"},\"author\":{\"name\":\"afogadosfm\",\"@id\":\"https:\\\/\\\/afogadosfm.com.br\\\/afogadosfm\\\/#\\\/schema\\\/person\\\/60e56f2cf5dc960fc093fe093d9e9057\"},\"headline\":\"Casal \u00e9 alvejado a bala na estrada que liga Itapetim\\\/Amb\u00f3, homem morre no local\",\"datePublished\":\"2025-06-02T09:58:27+00:00\",\"dateModified\":\"2025-06-02T10:16:11+00:00\",\"mainEntityOfPage\":{\"@id\":\"https:\\\/\\\/afogadosfm.com.br\\\/afogadosfm\\\/2025\\\/06\\\/02\\\/casal-e-alvejado-a-bala-na-estrada-que-liga-itapetim-ambo-homem-morre-no-local\\\/\"},\"wordCount\":227,\"commentCount\":0,\"publisher\":{\"@id\":\"https:\\\/\\\/afogadosfm.com.br\\\/afogadosfm\\\/#organization\"},\"image\":{\"@id\":\"https:\\\/\\\/afogadosfm.com.br\\\/afogadosfm\\\/2025\\\/06\\\/02\\\/casal-e-alvejado-a-bala-na-estrada-que-liga-itapetim-ambo-homem-morre-no-local\\\/#primaryimage\"},\"thumbnailUrl\":\"https:\\\/\\\/i0.wp.com\\\/afogadosfm.com.br\\\/afogadosfm\\\/wp-content\\\/uploads\\\/2025\\\/06\\\/casal.jpg?fit=1080%2C1350&ssl=1\",\"articleSection\":[\"Sert\u00e3o\"],\"inLanguage\":\"pt-BR\",\"potentialAction\":[{\"@type\":\"CommentAction\",\"name\":\"Comment\",\"target\":[\"https:\\\/\\\/afogadosfm.com.br\\\/afogadosfm\\\/2025\\\/06\\\/02\\\/casal-e-alvejado-a-bala-na-estrada-que-liga-itapetim-ambo-homem-morre-no-local\\\/#respond\"]}]},{\"@type\":\"WebPage\",\"@id\":\"https:\\\/\\\/afogadosfm.com.br\\\/afogadosfm\\\/2025\\\/06\\\/02\\\/casal-e-alvejado-a-bala-na-estrada-que-liga-itapetim-ambo-homem-morre-no-local\\\/\",\"url\":\"https:\\\/\\\/afogadosfm.com.br\\\/afogadosfm\\\/2025\\\/06\\\/02\\\/casal-e-alvejado-a-bala-na-estrada-que-liga-itapetim-ambo-homem-morre-no-local\\\/\",\"name\":\"Casal \u00e9 alvejado a bala na estrada que liga Itapetim\\\/Amb\u00f3, homem morre no local - Afogados FM\",\"isPartOf\":{\"@id\":\"https:\\\/\\\/afogadosfm.com.br\\\/afogadosfm\\\/#website\"},\"primaryImageOfPage\":{\"@id\":\"https:\\\/\\\/afogadosfm.com.br\\\/afogadosfm\\\/2025\\\/06\\\/02\\\/casal-e-alvejado-a-bala-na-estrada-que-liga-itapetim-ambo-homem-morre-no-local\\\/#primaryimage\"},\"image\":{\"@id\":\"https:\\\/\\\/afogadosfm.com.br\\\/afogadosfm\\\/2025\\\/06\\\/02\\\/casal-e-alvejado-a-bala-na-estrada-que-liga-itapetim-ambo-homem-morre-no-local\\\/#primaryimage\"},\"thumbnailUrl\":\"https:\\\/\\\/i0.wp.com\\\/afogadosfm.com.br\\\/afogadosfm\\\/wp-content\\\/uploads\\\/2025\\\/06\\\/casal.jpg?fit=1080%2C1350&ssl=1\",\"datePublished\":\"2025-06-02T09:58:27+00:00\",\"dateModified\":\"2025-06-02T10:16:11+00:00\",\"breadcrumb\":{\"@id\":\"https:\\\/\\\/afogadosfm.com.br\\\/afogadosfm\\\/2025\\\/06\\\/02\\\/casal-e-alvejado-a-bala-na-estrada-que-liga-itapetim-ambo-homem-morre-no-local\\\/#breadcrumb\"},\"inLanguage\":\"pt-BR\",\"potentialAction\":[{\"@type\":\"ReadAction\",\"target\":[\"https:\\\/\\\/afogadosfm.com.br\\\/afogadosfm\\\/2025\\\/06\\\/02\\\/casal-e-alvejado-a-bala-na-estrada-que-liga-itapetim-ambo-homem-morre-no-local\\\/\"]}]},{\"@type\":\"ImageObject\",\"inLanguage\":\"pt-BR\",\"@id\":\"https:\\\/\\\/afogadosfm.com.br\\\/afogadosfm\\\/2025\\\/06\\\/02\\\/casal-e-alvejado-a-bala-na-estrada-que-liga-itapetim-ambo-homem-morre-no-local\\\/#primaryimage\",\"url\":\"https:\\\/\\\/i0.wp.com\\\/afogadosfm.com.br\\\/afogadosfm\\\/wp-content\\\/uploads\\\/2025\\\/06\\\/casal.jpg?fit=1080%2C1350&ssl=1\",\"contentUrl\":\"https:\\\/\\\/i0.wp.com\\\/afogadosfm.com.br\\\/afogadosfm\\\/wp-content\\\/uploads\\\/2025\\\/06\\\/casal.jpg?fit=1080%2C1350&ssl=1\",\"width\":1080,\"height\":1350},{\"@type\":\"BreadcrumbList\",\"@id\":\"https:\\\/\\\/afogadosfm.com.br\\\/afogadosfm\\\/2025\\\/06\\\/02\\\/casal-e-alvejado-a-bala-na-estrada-que-liga-itapetim-ambo-homem-morre-no-local\\\/#breadcrumb\",\"itemListElement\":[{\"@type\":\"ListItem\",\"position\":1,\"name\":\"In\u00edcio\",\"item\":\"https:\\\/\\\/afogadosfm.com.br\\\/afogadosfm\\\/\"},{\"@type\":\"ListItem\",\"position\":2,\"name\":\"Casal \u00e9 alvejado a bala na estrada que liga Itapetim\\\/Amb\u00f3, homem morre no local\"}]},{\"@type\":\"WebSite\",\"@id\":\"https:\\\/\\\/afogadosfm.com.br\\\/afogadosfm\\\/#website\",\"url\":\"https:\\\/\\\/afogadosfm.com.br\\\/afogadosfm\\\/\",\"name\":\"Afogados FM\",\"description\":\"Um site completo!\",\"publisher\":{\"@id\":\"https:\\\/\\\/afogadosfm.com.br\\\/afogadosfm\\\/#organization\"},\"potentialAction\":[{\"@type\":\"SearchAction\",\"target\":{\"@type\":\"EntryPoint\",\"urlTemplate\":\"https:\\\/\\\/afogadosfm.com.br\\\/afogadosfm\\\/?s={search_term_string}\"},\"query-input\":{\"@type\":\"PropertyValueSpecification\",\"valueRequired\":true,\"valueName\":\"search_term_string\"}}],\"inLanguage\":\"pt-BR\"},{\"@type\":\"Organization\",\"@id\":\"https:\\\/\\\/afogadosfm.com.br\\\/afogadosfm\\\/#organization\",\"name\":\"Afogados FM\",\"url\":\"https:\\\/\\\/afogadosfm.com.br\\\/afogadosfm\\\/\",\"logo\":{\"@type\":\"ImageObject\",\"inLanguage\":\"pt-BR\",\"@id\":\"https:\\\/\\\/afogadosfm.com.br\\\/afogadosfm\\\/#\\\/schema\\\/logo\\\/image\\\/\",\"url\":\"https:\\\/\\\/i0.wp.com\\\/afogadosfm.com.br\\\/afogadosfm\\\/wp-content\\\/uploads\\\/2020\\\/06\\\/cropped-banner-afogados-4.jpg?fit=369%2C137&ssl=1\",\"contentUrl\":\"https:\\\/\\\/i0.wp.com\\\/afogadosfm.com.br\\\/afogadosfm\\\/wp-content\\\/uploads\\\/2020\\\/06\\\/cropped-banner-afogados-4.jpg?fit=369%2C137&ssl=1\",\"width\":369,\"height\":137,\"caption\":\"Afogados FM\"},\"image\":{\"@id\":\"https:\\\/\\\/afogadosfm.com.br\\\/afogadosfm\\\/#\\\/schema\\\/logo\\\/image\\\/\"}},{\"@type\":\"Person\",\"@id\":\"https:\\\/\\\/afogadosfm.com.br\\\/afogadosfm\\\/#\\\/schema\\\/person\\\/60e56f2cf5dc960fc093fe093d9e9057\",\"name\":\"afogadosfm\",\"image\":{\"@type\":\"ImageObject\",\"inLanguage\":\"pt-BR\",\"@id\":\"https:\\\/\\\/secure.gravatar.com\\\/avatar\\\/e0359add7ed5dc3560906d861b52c6a8cf5c1e199d3a7dd85070998f49bd4701?s=96&d=mm&r=g\",\"url\":\"https:\\\/\\\/secure.gravatar.com\\\/avatar\\\/e0359add7ed5dc3560906d861b52c6a8cf5c1e199d3a7dd85070998f49bd4701?s=96&d=mm&r=g\",\"contentUrl\":\"https:\\\/\\\/secure.gravatar.com\\\/avatar\\\/e0359add7ed5dc3560906d861b52c6a8cf5c1e199d3a7dd85070998f49bd4701?s=96&d=mm&r=g\",\"caption\":\"afogadosfm\"},\"url\":\"https:\\\/\\\/afogadosfm.com.br\\\/afogadosfm\\\/author\\\/afogadosfm\\\/\"}]}<\/script>\n<!-- \/ Yoast SEO plugin. -->","yoast_head_json":{"title":"Casal \u00e9 alvejado a bala na estrada que liga Itapetim\/Amb\u00f3, homem morre no local - Afogados FM","robots":{"index":"index","follow":"follow","max-snippet":"max-snippet:-1","max-image-preview":"max-image-preview:large","max-video-preview":"max-video-preview:-1"},"canonical":"https:\/\/afogadosfm.com.br\/afogadosfm\/2025\/06\/02\/casal-e-alvejado-a-bala-na-estrada-que-liga-itapetim-ambo-homem-morre-no-local\/","og_locale":"pt_BR","og_type":"article","og_title":"Casal \u00e9 alvejado a bala na estrada que liga Itapetim\/Amb\u00f3, homem morre no local - Afogados FM","og_description":"Um casal natural de Itapetim foi alvejado a balas na estrada sentido Itapetim\/Amb\u00f3, o crime aconteceu na tarde desse domingo(01),","og_url":"https:\/\/afogadosfm.com.br\/afogadosfm\/2025\/06\/02\/casal-e-alvejado-a-bala-na-estrada-que-liga-itapetim-ambo-homem-morre-no-local\/","og_site_name":"Afogados FM","article_published_time":"2025-06-02T09:58:27+00:00","article_modified_time":"2025-06-02T10:16:11+00:00","og_image":[{"width":1080,"height":1350,"url":"https:\/\/afogadosfm.com.br\/afogadosfm\/wp-content\/uploads\/2025\/06\/casal.jpg","type":"image\/jpeg"}],"author":"afogadosfm","twitter_card":"summary_large_image","twitter_misc":{"Escrito por":"afogadosfm","Est. tempo de leitura":"2 minutos"},"schema":{"@context":"https:\/\/schema.org","@graph":[{"@type":"Article","@id":"https:\/\/afogadosfm.com.br\/afogadosfm\/2025\/06\/02\/casal-e-alvejado-a-bala-na-estrada-que-liga-itapetim-ambo-homem-morre-no-local\/#article","isPartOf":{"@id":"https:\/\/afogadosfm.com.br\/afogadosfm\/2025\/06\/02\/casal-e-alvejado-a-bala-na-estrada-que-liga-itapetim-ambo-homem-morre-no-local\/"},"author":{"name":"afogadosfm","@id":"https:\/\/afogadosfm.com.br\/afogadosfm\/#\/schema\/person\/60e56f2cf5dc960fc093fe093d9e9057"},"headline":"Casal \u00e9 alvejado a bala na estrada que liga Itapetim\/Amb\u00f3, homem morre no local","datePublished":"2025-06-02T09:58:27+00:00","dateModified":"2025-06-02T10:16:11+00:00","mainEntityOfPage":{"@id":"https:\/\/afogadosfm.com.br\/afogadosfm\/2025\/06\/02\/casal-e-alvejado-a-bala-na-estrada-que-liga-itapetim-ambo-homem-morre-no-local\/"},"wordCount":227,"commentCount":0,"publisher":{"@id":"https:\/\/afogadosfm.com.br\/afogadosfm\/#organization"},"image":{"@id":"https:\/\/afogadosfm.com.br\/afogadosfm\/2025\/06\/02\/casal-e-alvejado-a-bala-na-estrada-que-liga-itapetim-ambo-homem-morre-no-local\/#primaryimage"},"thumbnailUrl":"https:\/\/i0.wp.com\/afogadosfm.com.br\/afogadosfm\/wp-content\/uploads\/2025\/06\/casal.jpg?fit=1080%2C1350&ssl=1","articleSection":["Sert\u00e3o"],"inLanguage":"pt-BR","potentialAction":[{"@type":"CommentAction","name":"Comment","target":["https:\/\/afogadosfm.com.br\/afogadosfm\/2025\/06\/02\/casal-e-alvejado-a-bala-na-estrada-que-liga-itapetim-ambo-homem-morre-no-local\/#respond"]}]},{"@type":"WebPage","@id":"https:\/\/afogadosfm.com.br\/afogadosfm\/2025\/06\/02\/casal-e-alvejado-a-bala-na-estrada-que-liga-itapetim-ambo-homem-morre-no-local\/","url":"https:\/\/afogadosfm.com.br\/afogadosfm\/2025\/06\/02\/casal-e-alvejado-a-bala-na-estrada-que-liga-itapetim-ambo-homem-morre-no-local\/","name":"Casal \u00e9 alvejado a bala na estrada que liga Itapetim\/Amb\u00f3, homem morre no local - Afogados FM","isPartOf":{"@id":"https:\/\/afogadosfm.com.br\/afogadosfm\/#website"},"primaryImageOfPage":{"@id":"https:\/\/afogadosfm.com.br\/afogadosfm\/2025\/06\/02\/casal-e-alvejado-a-bala-na-estrada-que-liga-itapetim-ambo-homem-morre-no-local\/#primaryimage"},"image":{"@id":"https:\/\/afogadosfm.com.br\/afogadosfm\/2025\/06\/02\/casal-e-alvejado-a-bala-na-estrada-que-liga-itapetim-ambo-homem-morre-no-local\/#primaryimage"},"thumbnailUrl":"https:\/\/i0.wp.com\/afogadosfm.com.br\/afogadosfm\/wp-content\/uploads\/2025\/06\/casal.jpg?fit=1080%2C1350&ssl=1","datePublished":"2025-06-02T09:58:27+00:00","dateModified":"2025-06-02T10:16:11+00:00","breadcrumb":{"@id":"https:\/\/afogadosfm.com.br\/afogadosfm\/2025\/06\/02\/casal-e-alvejado-a-bala-na-estrada-que-liga-itapetim-ambo-homem-morre-no-local\/#breadcrumb"},"inLanguage":"pt-BR","potentialAction":[{"@type":"ReadAction","target":["https:\/\/afogadosfm.com.br\/afogadosfm\/2025\/06\/02\/casal-e-alvejado-a-bala-na-estrada-que-liga-itapetim-ambo-homem-morre-no-local\/"]}]},{"@type":"ImageObject","inLanguage":"pt-BR","@id":"https:\/\/afogadosfm.com.br\/afogadosfm\/2025\/06\/02\/casal-e-alvejado-a-bala-na-estrada-que-liga-itapetim-ambo-homem-morre-no-local\/#primaryimage","url":"https:\/\/i0.wp.com\/afogadosfm.com.br\/afogadosfm\/wp-content\/uploads\/2025\/06\/casal.jpg?fit=1080%2C1350&ssl=1","contentUrl":"https:\/\/i0.wp.com\/afogadosfm.com.br\/afogadosfm\/wp-content\/uploads\/2025\/06\/casal.jpg?fit=1080%2C1350&ssl=1","width":1080,"height":1350},{"@type":"BreadcrumbList","@id":"https:\/\/afogadosfm.com.br\/afogadosfm\/2025\/06\/02\/casal-e-alvejado-a-bala-na-estrada-que-liga-itapetim-ambo-homem-morre-no-local\/#breadcrumb","itemListElement":[{"@type":"ListItem","position":1,"name":"In\u00edcio","item":"https:\/\/afogadosfm.com.br\/afogadosfm\/"},{"@type":"ListItem","position":2,"name":"Casal \u00e9 alvejado a bala na estrada que liga Itapetim\/Amb\u00f3, homem morre no local"}]},{"@type":"WebSite","@id":"https:\/\/afogadosfm.com.br\/afogadosfm\/#website","url":"https:\/\/afogadosfm.com.br\/afogadosfm\/","name":"Afogados FM","description":"Um site completo!","publisher":{"@id":"https:\/\/afogadosfm.com.br\/afogadosfm\/#organization"},"potentialAction":[{"@type":"SearchAction","target":{"@type":"EntryPoint","urlTemplate":"https:\/\/afogadosfm.com.br\/afogadosfm\/?s={search_term_string}"},"query-input":{"@type":"PropertyValueSpecification","valueRequired":true,"valueName":"search_term_string"}}],"inLanguage":"pt-BR"},{"@type":"Organization","@id":"https:\/\/afogadosfm.com.br\/afogadosfm\/#organization","name":"Afogados FM","url":"https:\/\/afogadosfm.com.br\/afogadosfm\/","logo":{"@type":"ImageObject","inLanguage":"pt-BR","@id":"https:\/\/afogadosfm.com.br\/afogadosfm\/#\/schema\/logo\/image\/","url":"https:\/\/i0.wp.com\/afogadosfm.com.br\/afogadosfm\/wp-content\/uploads\/2020\/06\/cropped-banner-afogados-4.jpg?fit=369%2C137&ssl=1","contentUrl":"https:\/\/i0.wp.com\/afogadosfm.com.br\/afogadosfm\/wp-content\/uploads\/2020\/06\/cropped-banner-afogados-4.jpg?fit=369%2C137&ssl=1","width":369,"height":137,"caption":"Afogados FM"},"image":{"@id":"https:\/\/afogadosfm.com.br\/afogadosfm\/#\/schema\/logo\/image\/"}},{"@type":"Person","@id":"https:\/\/afogadosfm.com.br\/afogadosfm\/#\/schema\/person\/60e56f2cf5dc960fc093fe093d9e9057","name":"afogadosfm","image":{"@type":"ImageObject","inLanguage":"pt-BR","@id":"https:\/\/secure.gravatar.com\/avatar\/e0359add7ed5dc3560906d861b52c6a8cf5c1e199d3a7dd85070998f49bd4701?s=96&d=mm&r=g","url":"https:\/\/secure.gravatar.com\/avatar\/e0359add7ed5dc3560906d861b52c6a8cf5c1e199d3a7dd85070998f49bd4701?s=96&d=mm&r=g","contentUrl":"https:\/\/secure.gravatar.com\/avatar\/e0359add7ed5dc3560906d861b52c6a8cf5c1e199d3a7dd85070998f49bd4701?s=96&d=mm&r=g","caption":"afogadosfm"},"url":"https:\/\/afogadosfm.com.br\/afogadosfm\/author\/afogadosfm\/"}]}},"jetpack_publicize_connections":[],"jetpack_featured_media_url":"https:\/\/i0.wp.com\/afogadosfm.com.br\/afogadosfm\/wp-content\/uploads\/2025\/06\/casal.jpg?fit=1080%2C1350&ssl=1","jetpack-related-posts":[],"jetpack_sharing_enabled":true,"jetpack_likes_enabled":true,"_links":{"self":[{"href":"https:\/\/afogadosfm.com.br\/afogadosfm\/wp-json\/wp\/v2\/posts\/66321","targetHints":{"allow":["GET"]}}],"collection":[{"href":"https:\/\/afogadosfm.com.br\/afogadosfm\/wp-json\/wp\/v2\/posts"}],"about":[{"href":"https:\/\/afogadosfm.com.br\/afogadosfm\/wp-json\/wp\/v2\/types\/post"}],"author":[{"embeddable":true,"href":"https:\/\/afogadosfm.com.br\/afogadosfm\/wp-json\/wp\/v2\/users\/2"}],"replies":[{"embeddable":true,"href":"https:\/\/afogadosfm.com.br\/afogadosfm\/wp-json\/wp\/v2\/comments?post=66321"}],"version-history":[{"count":2,"href":"https:\/\/afogadosfm.com.br\/afogadosfm\/wp-json\/wp\/v2\/posts\/66321\/revisions"}],"predecessor-version":[{"id":66328,"href":"https:\/\/afogadosfm.com.br\/afogadosfm\/wp-json\/wp\/v2\/posts\/66321\/revisions\/66328"}],"wp:featuredmedia":[{"embeddable":true,"href":"https:\/\/afogadosfm.com.br\/afogadosfm\/wp-json\/wp\/v2\/media\/66322"}],"wp:attachment":[{"href":"https:\/\/afogadosfm.com.br\/afogadosfm\/wp-json\/wp\/v2\/media?parent=66321"}],"wp:term":[{"taxonomy":"category","embeddable":true,"href":"https:\/\/afogadosfm.com.br\/afogadosfm\/wp-json\/wp\/v2\/categories?post=66321"},{"taxonomy":"post_tag","embeddable":true,"href":"https:\/\/afogadosfm.com.br\/afogadosfm\/wp-json\/wp\/v2\/tags?post=66321"}],"curies":[{"name":"wp","href":"https:\/\/api.w.org\/{rel}","templated":true}]}}