{"id":66324,"date":"2025-06-02T07:00:41","date_gmt":"2025-06-02T10:00:41","guid":{"rendered":"https:\/\/afogadosfm.com.br\/afogadosfm\/?p=66324"},"modified":"2025-06-02T07:00:42","modified_gmt":"2025-06-02T10:00:42","slug":"senadores-alertam-para-aumento-de-criancas-que-migram-sozinhas-da-venezuela","status":"publish","type":"post","link":"https:\/\/afogadosfm.com.br\/afogadosfm\/2025\/06\/02\/senadores-alertam-para-aumento-de-criancas-que-migram-sozinhas-da-venezuela\/","title":{"rendered":"Senadores alertam para aumento de crian\u00e7as que migram sozinhas da Venezuela"},"content":{"rendered":"\n<p>Durante a dilig\u00eancia da Comiss\u00e3o de Direitos Humanos, parlamentares realizaram visitas em abrigos da Opera\u00e7\u00e3o Acolhida, em Pacaraima, munic\u00edpio de Roraima que faz divisa com a Venezuela.\u00a0 A Opera\u00e7\u00e3o Acolhida foi criada em 2018 pelo Governo Federal como uma resposta humanit\u00e1ria ao fluxo de imigrantes venezuelanos no estado ao Norte do pa\u00eds. A Opera\u00e7\u00e3o realoca, de forma volunt\u00e1ria e gratuita, a popula\u00e7\u00e3o venezuelana para outras cidades do Brasil.\u00a0<\/p>\n\n\n\n<p> Segundo o senador Chico Rodrigues, do PSB do estado, o que eles encontraram nos abrigos foram diversas crian\u00e7as venezuelanas ind\u00edgenas Warao que chegam ao Brasil sozinhas.\u00a0 Essa irriga\u00e7\u00e3o invis\u00edvel de entrada de crian\u00e7as sem pais, sem m\u00e3es, sem documentos, precisa ser realmente cuidadosamente acompanhada. N\u00f3s, que representamos Roraima, o nosso estado de Roraima, que \u00e9 quem paga, mas tem que haver um olhar diferente tamb\u00e9m do estado brasileiro. \u00a0 Apesar do alto n\u00famero de crian\u00e7as, os parlamentares afirmaram terem encontrado nos abrigos da Acolhida mais imigrantes sendo interiorizados pelo Brasil do que pessoas cruzando a fronteira. Segundo dados da Opera\u00e7\u00e3o Acolhida, mais de 300 pessoas atravessam a fronteira em Pacaraima por dia. Este n\u00famero j\u00e1 chegou a 900.<\/p>\n\n\n\n<p> Al\u00e9m disso, a comiss\u00e3o tamb\u00e9m se reuniu na Casa de Governo, em Boa Vista, com representantes de Roraima para discutir a situa\u00e7\u00e3o da crise humanit\u00e1ria que os povos Ianom\u00e2mis tamb\u00e9m enfrentam. Al\u00e9m do senador Chico Rodrigues, estavam presentes a senadora Damares Alves, do Republicanos do Distrito Federal, a deputada federal Coronel Fernanda, do PL de Mato Grosso, e o deputado federal Nicoletti, do Uni\u00e3o de Roraima.\u00a0 Tr\u00eas pontos essenciais foram discutidos na reuni\u00e3o: a desintrus\u00e3o, ou seja, a retirada de pessoas n\u00e3o ind\u00edgenas de territ\u00f3rios demarcados, a sa\u00fade dos povos ind\u00edgenas e quest\u00f5es or\u00e7ament\u00e1rias.\u00a0\u00a0\u00a0 <\/p>\n\n\n\n<p>Ainda, os parlamentares participaram de uma oitiva t\u00e9cnica na Assembleia Legislativa de Roraima, com a presen\u00e7a de lideran\u00e7as ind\u00edgenas e autoridades locais, onde discutiram a crise de sa\u00fade Yanomami. Durante a reuni\u00e3o, o deputado Nicoletti apontou para a precariedade encontrada nos centros de apoio ao ind\u00edgena\u00a0 O que a gente quer \u00e9 saber se o dinheiro est\u00e1 sendo empregado, se realmente est\u00e1 tendo medicamentos l\u00e1 onde precisa estar. <\/p>\n\n\n\n<p>Tivemos agora na Kazai, Yanomami, onde faltam medicamentos, faltam estruturas. Tem uma obra que precisa de celeridade e n\u00f3s precisamos cobrar isso como parlamentares, porque a ind\u00edgena precisa de respeito, a ind\u00edgena precisa ser cuidado. Ser\u00e1 entregue ao Senado Federal um relat\u00f3rio t\u00e9cnico com sugest\u00f5es de provid\u00eancia que devem ser tomadas em Roraima. Sob a supervis\u00e3o de Samara Sadeck, da R\u00e1dio Senado, Maria Beatriz Giusti.<\/p>\n","protected":false},"excerpt":{"rendered":"<p>Durante a dilig\u00eancia da Comiss\u00e3o de Direitos Humanos, parlamentares realizaram visitas em abrigos da Opera\u00e7\u00e3o Acolhida, em Pacaraima, munic\u00edpio de<\/p>\n","protected":false},"author":2,"featured_media":66325,"comment_status":"open","ping_status":"open","sticky":false,"template":"","format":"standard","meta":{"jetpack_post_was_ever_published":false,"_jetpack_newsletter_access":"","_jetpack_dont_email_post_to_subs":false,"_jetpack_newsletter_tier_id":0,"_jetpack_memberships_contains_paywalled_content":false,"_jetpack_memberships_contains_paid_content":false,"footnotes":"","jetpack_publicize_message":"","jetpack_publicize_feature_enabled":true,"jetpack_social_post_already_shared":true,"jetpack_social_options":{"image_generator_settings":{"template":"highway","default_image_id":0,"font":"","enabled":false},"version":2}},"categories":[12],"tags":[],"class_list":["post-66324","post","type-post","status-publish","format-standard","has-post-thumbnail","hentry","category-brasil"],"yoast_head":"<!-- This site is optimized with the Yoast SEO plugin v27.5 - https:\/\/yoast.com\/product\/yoast-seo-wordpress\/ -->\n<title>Senadores alertam para aumento de crian\u00e7as que migram sozinhas da Venezuela - Afogados FM<\/title>\n<meta name=\"robots\" content=\"index, follow, max-snippet:-1, max-image-preview:large, max-video-preview:-1\" \/>\n<link rel=\"canonical\" href=\"https:\/\/afogadosfm.com.br\/afogadosfm\/2025\/06\/02\/senadores-alertam-para-aumento-de-criancas-que-migram-sozinhas-da-venezuela\/\" \/>\n<meta property=\"og:locale\" content=\"pt_BR\" \/>\n<meta property=\"og:type\" content=\"article\" \/>\n<meta property=\"og:title\" content=\"Senadores alertam para aumento de crian\u00e7as que migram sozinhas da Venezuela - Afogados FM\" \/>\n<meta property=\"og:description\" content=\"Durante a dilig\u00eancia da Comiss\u00e3o de Direitos Humanos, parlamentares realizaram visitas em abrigos da Opera\u00e7\u00e3o Acolhida, em Pacaraima, munic\u00edpio de\" \/>\n<meta property=\"og:url\" content=\"https:\/\/afogadosfm.com.br\/afogadosfm\/2025\/06\/02\/senadores-alertam-para-aumento-de-criancas-que-migram-sozinhas-da-venezuela\/\" \/>\n<meta property=\"og:site_name\" content=\"Afogados FM\" \/>\n<meta property=\"article:published_time\" content=\"2025-06-02T10:00:41+00:00\" \/>\n<meta property=\"article:modified_time\" content=\"2025-06-02T10:00:42+00:00\" \/>\n<meta property=\"og:image\" content=\"https:\/\/afogadosfm.com.br\/afogadosfm\/wp-content\/uploads\/2025\/06\/sena.jpeg\" \/>\n\t<meta property=\"og:image:width\" content=\"678\" \/>\n\t<meta property=\"og:image:height\" content=\"450\" \/>\n\t<meta property=\"og:image:type\" content=\"image\/jpeg\" \/>\n<meta name=\"author\" content=\"afogadosfm\" \/>\n<meta name=\"twitter:card\" content=\"summary_large_image\" \/>\n<meta name=\"twitter:label1\" content=\"Escrito por\" \/>\n\t<meta name=\"twitter:data1\" content=\"afogadosfm\" \/>\n\t<meta name=\"twitter:label2\" content=\"Est. tempo de leitura\" \/>\n\t<meta name=\"twitter:data2\" content=\"3 minutos\" \/>\n<script type=\"application\/ld+json\" class=\"yoast-schema-graph\">{\"@context\":\"https:\\\/\\\/schema.org\",\"@graph\":[{\"@type\":\"Article\",\"@id\":\"https:\\\/\\\/afogadosfm.com.br\\\/afogadosfm\\\/2025\\\/06\\\/02\\\/senadores-alertam-para-aumento-de-criancas-que-migram-sozinhas-da-venezuela\\\/#article\",\"isPartOf\":{\"@id\":\"https:\\\/\\\/afogadosfm.com.br\\\/afogadosfm\\\/2025\\\/06\\\/02\\\/senadores-alertam-para-aumento-de-criancas-que-migram-sozinhas-da-venezuela\\\/\"},\"author\":{\"name\":\"afogadosfm\",\"@id\":\"https:\\\/\\\/afogadosfm.com.br\\\/afogadosfm\\\/#\\\/schema\\\/person\\\/60e56f2cf5dc960fc093fe093d9e9057\"},\"headline\":\"Senadores alertam para aumento de crian\u00e7as que migram sozinhas da Venezuela\",\"datePublished\":\"2025-06-02T10:00:41+00:00\",\"dateModified\":\"2025-06-02T10:00:42+00:00\",\"mainEntityOfPage\":{\"@id\":\"https:\\\/\\\/afogadosfm.com.br\\\/afogadosfm\\\/2025\\\/06\\\/02\\\/senadores-alertam-para-aumento-de-criancas-que-migram-sozinhas-da-venezuela\\\/\"},\"wordCount\":477,\"commentCount\":0,\"publisher\":{\"@id\":\"https:\\\/\\\/afogadosfm.com.br\\\/afogadosfm\\\/#organization\"},\"image\":{\"@id\":\"https:\\\/\\\/afogadosfm.com.br\\\/afogadosfm\\\/2025\\\/06\\\/02\\\/senadores-alertam-para-aumento-de-criancas-que-migram-sozinhas-da-venezuela\\\/#primaryimage\"},\"thumbnailUrl\":\"https:\\\/\\\/i0.wp.com\\\/afogadosfm.com.br\\\/afogadosfm\\\/wp-content\\\/uploads\\\/2025\\\/06\\\/sena.jpeg?fit=678%2C450&ssl=1\",\"articleSection\":[\"Brasil\"],\"inLanguage\":\"pt-BR\",\"potentialAction\":[{\"@type\":\"CommentAction\",\"name\":\"Comment\",\"target\":[\"https:\\\/\\\/afogadosfm.com.br\\\/afogadosfm\\\/2025\\\/06\\\/02\\\/senadores-alertam-para-aumento-de-criancas-que-migram-sozinhas-da-venezuela\\\/#respond\"]}]},{\"@type\":\"WebPage\",\"@id\":\"https:\\\/\\\/afogadosfm.com.br\\\/afogadosfm\\\/2025\\\/06\\\/02\\\/senadores-alertam-para-aumento-de-criancas-que-migram-sozinhas-da-venezuela\\\/\",\"url\":\"https:\\\/\\\/afogadosfm.com.br\\\/afogadosfm\\\/2025\\\/06\\\/02\\\/senadores-alertam-para-aumento-de-criancas-que-migram-sozinhas-da-venezuela\\\/\",\"name\":\"Senadores alertam para aumento de crian\u00e7as que migram sozinhas da Venezuela - Afogados FM\",\"isPartOf\":{\"@id\":\"https:\\\/\\\/afogadosfm.com.br\\\/afogadosfm\\\/#website\"},\"primaryImageOfPage\":{\"@id\":\"https:\\\/\\\/afogadosfm.com.br\\\/afogadosfm\\\/2025\\\/06\\\/02\\\/senadores-alertam-para-aumento-de-criancas-que-migram-sozinhas-da-venezuela\\\/#primaryimage\"},\"image\":{\"@id\":\"https:\\\/\\\/afogadosfm.com.br\\\/afogadosfm\\\/2025\\\/06\\\/02\\\/senadores-alertam-para-aumento-de-criancas-que-migram-sozinhas-da-venezuela\\\/#primaryimage\"},\"thumbnailUrl\":\"https:\\\/\\\/i0.wp.com\\\/afogadosfm.com.br\\\/afogadosfm\\\/wp-content\\\/uploads\\\/2025\\\/06\\\/sena.jpeg?fit=678%2C450&ssl=1\",\"datePublished\":\"2025-06-02T10:00:41+00:00\",\"dateModified\":\"2025-06-02T10:00:42+00:00\",\"breadcrumb\":{\"@id\":\"https:\\\/\\\/afogadosfm.com.br\\\/afogadosfm\\\/2025\\\/06\\\/02\\\/senadores-alertam-para-aumento-de-criancas-que-migram-sozinhas-da-venezuela\\\/#breadcrumb\"},\"inLanguage\":\"pt-BR\",\"potentialAction\":[{\"@type\":\"ReadAction\",\"target\":[\"https:\\\/\\\/afogadosfm.com.br\\\/afogadosfm\\\/2025\\\/06\\\/02\\\/senadores-alertam-para-aumento-de-criancas-que-migram-sozinhas-da-venezuela\\\/\"]}]},{\"@type\":\"ImageObject\",\"inLanguage\":\"pt-BR\",\"@id\":\"https:\\\/\\\/afogadosfm.com.br\\\/afogadosfm\\\/2025\\\/06\\\/02\\\/senadores-alertam-para-aumento-de-criancas-que-migram-sozinhas-da-venezuela\\\/#primaryimage\",\"url\":\"https:\\\/\\\/i0.wp.com\\\/afogadosfm.com.br\\\/afogadosfm\\\/wp-content\\\/uploads\\\/2025\\\/06\\\/sena.jpeg?fit=678%2C450&ssl=1\",\"contentUrl\":\"https:\\\/\\\/i0.wp.com\\\/afogadosfm.com.br\\\/afogadosfm\\\/wp-content\\\/uploads\\\/2025\\\/06\\\/sena.jpeg?fit=678%2C450&ssl=1\",\"width\":678,\"height\":450},{\"@type\":\"BreadcrumbList\",\"@id\":\"https:\\\/\\\/afogadosfm.com.br\\\/afogadosfm\\\/2025\\\/06\\\/02\\\/senadores-alertam-para-aumento-de-criancas-que-migram-sozinhas-da-venezuela\\\/#breadcrumb\",\"itemListElement\":[{\"@type\":\"ListItem\",\"position\":1,\"name\":\"In\u00edcio\",\"item\":\"https:\\\/\\\/afogadosfm.com.br\\\/afogadosfm\\\/\"},{\"@type\":\"ListItem\",\"position\":2,\"name\":\"Senadores alertam para aumento de crian\u00e7as que migram sozinhas da Venezuela\"}]},{\"@type\":\"WebSite\",\"@id\":\"https:\\\/\\\/afogadosfm.com.br\\\/afogadosfm\\\/#website\",\"url\":\"https:\\\/\\\/afogadosfm.com.br\\\/afogadosfm\\\/\",\"name\":\"Afogados FM\",\"description\":\"Um site completo!\",\"publisher\":{\"@id\":\"https:\\\/\\\/afogadosfm.com.br\\\/afogadosfm\\\/#organization\"},\"potentialAction\":[{\"@type\":\"SearchAction\",\"target\":{\"@type\":\"EntryPoint\",\"urlTemplate\":\"https:\\\/\\\/afogadosfm.com.br\\\/afogadosfm\\\/?s={search_term_string}\"},\"query-input\":{\"@type\":\"PropertyValueSpecification\",\"valueRequired\":true,\"valueName\":\"search_term_string\"}}],\"inLanguage\":\"pt-BR\"},{\"@type\":\"Organization\",\"@id\":\"https:\\\/\\\/afogadosfm.com.br\\\/afogadosfm\\\/#organization\",\"name\":\"Afogados FM\",\"url\":\"https:\\\/\\\/afogadosfm.com.br\\\/afogadosfm\\\/\",\"logo\":{\"@type\":\"ImageObject\",\"inLanguage\":\"pt-BR\",\"@id\":\"https:\\\/\\\/afogadosfm.com.br\\\/afogadosfm\\\/#\\\/schema\\\/logo\\\/image\\\/\",\"url\":\"https:\\\/\\\/i0.wp.com\\\/afogadosfm.com.br\\\/afogadosfm\\\/wp-content\\\/uploads\\\/2020\\\/06\\\/cropped-banner-afogados-4.jpg?fit=369%2C137&ssl=1\",\"contentUrl\":\"https:\\\/\\\/i0.wp.com\\\/afogadosfm.com.br\\\/afogadosfm\\\/wp-content\\\/uploads\\\/2020\\\/06\\\/cropped-banner-afogados-4.jpg?fit=369%2C137&ssl=1\",\"width\":369,\"height\":137,\"caption\":\"Afogados FM\"},\"image\":{\"@id\":\"https:\\\/\\\/afogadosfm.com.br\\\/afogadosfm\\\/#\\\/schema\\\/logo\\\/image\\\/\"}},{\"@type\":\"Person\",\"@id\":\"https:\\\/\\\/afogadosfm.com.br\\\/afogadosfm\\\/#\\\/schema\\\/person\\\/60e56f2cf5dc960fc093fe093d9e9057\",\"name\":\"afogadosfm\",\"image\":{\"@type\":\"ImageObject\",\"inLanguage\":\"pt-BR\",\"@id\":\"https:\\\/\\\/secure.gravatar.com\\\/avatar\\\/e0359add7ed5dc3560906d861b52c6a8cf5c1e199d3a7dd85070998f49bd4701?s=96&d=mm&r=g\",\"url\":\"https:\\\/\\\/secure.gravatar.com\\\/avatar\\\/e0359add7ed5dc3560906d861b52c6a8cf5c1e199d3a7dd85070998f49bd4701?s=96&d=mm&r=g\",\"contentUrl\":\"https:\\\/\\\/secure.gravatar.com\\\/avatar\\\/e0359add7ed5dc3560906d861b52c6a8cf5c1e199d3a7dd85070998f49bd4701?s=96&d=mm&r=g\",\"caption\":\"afogadosfm\"},\"url\":\"https:\\\/\\\/afogadosfm.com.br\\\/afogadosfm\\\/author\\\/afogadosfm\\\/\"}]}<\/script>\n<!-- \/ Yoast SEO plugin. -->","yoast_head_json":{"title":"Senadores alertam para aumento de crian\u00e7as que migram sozinhas da Venezuela - Afogados FM","robots":{"index":"index","follow":"follow","max-snippet":"max-snippet:-1","max-image-preview":"max-image-preview:large","max-video-preview":"max-video-preview:-1"},"canonical":"https:\/\/afogadosfm.com.br\/afogadosfm\/2025\/06\/02\/senadores-alertam-para-aumento-de-criancas-que-migram-sozinhas-da-venezuela\/","og_locale":"pt_BR","og_type":"article","og_title":"Senadores alertam para aumento de crian\u00e7as que migram sozinhas da Venezuela - Afogados FM","og_description":"Durante a dilig\u00eancia da Comiss\u00e3o de Direitos Humanos, parlamentares realizaram visitas em abrigos da Opera\u00e7\u00e3o Acolhida, em Pacaraima, munic\u00edpio de","og_url":"https:\/\/afogadosfm.com.br\/afogadosfm\/2025\/06\/02\/senadores-alertam-para-aumento-de-criancas-que-migram-sozinhas-da-venezuela\/","og_site_name":"Afogados FM","article_published_time":"2025-06-02T10:00:41+00:00","article_modified_time":"2025-06-02T10:00:42+00:00","og_image":[{"width":678,"height":450,"url":"https:\/\/afogadosfm.com.br\/afogadosfm\/wp-content\/uploads\/2025\/06\/sena.jpeg","type":"image\/jpeg"}],"author":"afogadosfm","twitter_card":"summary_large_image","twitter_misc":{"Escrito por":"afogadosfm","Est. tempo de leitura":"3 minutos"},"schema":{"@context":"https:\/\/schema.org","@graph":[{"@type":"Article","@id":"https:\/\/afogadosfm.com.br\/afogadosfm\/2025\/06\/02\/senadores-alertam-para-aumento-de-criancas-que-migram-sozinhas-da-venezuela\/#article","isPartOf":{"@id":"https:\/\/afogadosfm.com.br\/afogadosfm\/2025\/06\/02\/senadores-alertam-para-aumento-de-criancas-que-migram-sozinhas-da-venezuela\/"},"author":{"name":"afogadosfm","@id":"https:\/\/afogadosfm.com.br\/afogadosfm\/#\/schema\/person\/60e56f2cf5dc960fc093fe093d9e9057"},"headline":"Senadores alertam para aumento de crian\u00e7as que migram sozinhas da Venezuela","datePublished":"2025-06-02T10:00:41+00:00","dateModified":"2025-06-02T10:00:42+00:00","mainEntityOfPage":{"@id":"https:\/\/afogadosfm.com.br\/afogadosfm\/2025\/06\/02\/senadores-alertam-para-aumento-de-criancas-que-migram-sozinhas-da-venezuela\/"},"wordCount":477,"commentCount":0,"publisher":{"@id":"https:\/\/afogadosfm.com.br\/afogadosfm\/#organization"},"image":{"@id":"https:\/\/afogadosfm.com.br\/afogadosfm\/2025\/06\/02\/senadores-alertam-para-aumento-de-criancas-que-migram-sozinhas-da-venezuela\/#primaryimage"},"thumbnailUrl":"https:\/\/i0.wp.com\/afogadosfm.com.br\/afogadosfm\/wp-content\/uploads\/2025\/06\/sena.jpeg?fit=678%2C450&ssl=1","articleSection":["Brasil"],"inLanguage":"pt-BR","potentialAction":[{"@type":"CommentAction","name":"Comment","target":["https:\/\/afogadosfm.com.br\/afogadosfm\/2025\/06\/02\/senadores-alertam-para-aumento-de-criancas-que-migram-sozinhas-da-venezuela\/#respond"]}]},{"@type":"WebPage","@id":"https:\/\/afogadosfm.com.br\/afogadosfm\/2025\/06\/02\/senadores-alertam-para-aumento-de-criancas-que-migram-sozinhas-da-venezuela\/","url":"https:\/\/afogadosfm.com.br\/afogadosfm\/2025\/06\/02\/senadores-alertam-para-aumento-de-criancas-que-migram-sozinhas-da-venezuela\/","name":"Senadores alertam para aumento de crian\u00e7as que migram sozinhas da Venezuela - Afogados FM","isPartOf":{"@id":"https:\/\/afogadosfm.com.br\/afogadosfm\/#website"},"primaryImageOfPage":{"@id":"https:\/\/afogadosfm.com.br\/afogadosfm\/2025\/06\/02\/senadores-alertam-para-aumento-de-criancas-que-migram-sozinhas-da-venezuela\/#primaryimage"},"image":{"@id":"https:\/\/afogadosfm.com.br\/afogadosfm\/2025\/06\/02\/senadores-alertam-para-aumento-de-criancas-que-migram-sozinhas-da-venezuela\/#primaryimage"},"thumbnailUrl":"https:\/\/i0.wp.com\/afogadosfm.com.br\/afogadosfm\/wp-content\/uploads\/2025\/06\/sena.jpeg?fit=678%2C450&ssl=1","datePublished":"2025-06-02T10:00:41+00:00","dateModified":"2025-06-02T10:00:42+00:00","breadcrumb":{"@id":"https:\/\/afogadosfm.com.br\/afogadosfm\/2025\/06\/02\/senadores-alertam-para-aumento-de-criancas-que-migram-sozinhas-da-venezuela\/#breadcrumb"},"inLanguage":"pt-BR","potentialAction":[{"@type":"ReadAction","target":["https:\/\/afogadosfm.com.br\/afogadosfm\/2025\/06\/02\/senadores-alertam-para-aumento-de-criancas-que-migram-sozinhas-da-venezuela\/"]}]},{"@type":"ImageObject","inLanguage":"pt-BR","@id":"https:\/\/afogadosfm.com.br\/afogadosfm\/2025\/06\/02\/senadores-alertam-para-aumento-de-criancas-que-migram-sozinhas-da-venezuela\/#primaryimage","url":"https:\/\/i0.wp.com\/afogadosfm.com.br\/afogadosfm\/wp-content\/uploads\/2025\/06\/sena.jpeg?fit=678%2C450&ssl=1","contentUrl":"https:\/\/i0.wp.com\/afogadosfm.com.br\/afogadosfm\/wp-content\/uploads\/2025\/06\/sena.jpeg?fit=678%2C450&ssl=1","width":678,"height":450},{"@type":"BreadcrumbList","@id":"https:\/\/afogadosfm.com.br\/afogadosfm\/2025\/06\/02\/senadores-alertam-para-aumento-de-criancas-que-migram-sozinhas-da-venezuela\/#breadcrumb","itemListElement":[{"@type":"ListItem","position":1,"name":"In\u00edcio","item":"https:\/\/afogadosfm.com.br\/afogadosfm\/"},{"@type":"ListItem","position":2,"name":"Senadores alertam para aumento de crian\u00e7as que migram sozinhas da Venezuela"}]},{"@type":"WebSite","@id":"https:\/\/afogadosfm.com.br\/afogadosfm\/#website","url":"https:\/\/afogadosfm.com.br\/afogadosfm\/","name":"Afogados FM","description":"Um site completo!","publisher":{"@id":"https:\/\/afogadosfm.com.br\/afogadosfm\/#organization"},"potentialAction":[{"@type":"SearchAction","target":{"@type":"EntryPoint","urlTemplate":"https:\/\/afogadosfm.com.br\/afogadosfm\/?s={search_term_string}"},"query-input":{"@type":"PropertyValueSpecification","valueRequired":true,"valueName":"search_term_string"}}],"inLanguage":"pt-BR"},{"@type":"Organization","@id":"https:\/\/afogadosfm.com.br\/afogadosfm\/#organization","name":"Afogados FM","url":"https:\/\/afogadosfm.com.br\/afogadosfm\/","logo":{"@type":"ImageObject","inLanguage":"pt-BR","@id":"https:\/\/afogadosfm.com.br\/afogadosfm\/#\/schema\/logo\/image\/","url":"https:\/\/i0.wp.com\/afogadosfm.com.br\/afogadosfm\/wp-content\/uploads\/2020\/06\/cropped-banner-afogados-4.jpg?fit=369%2C137&ssl=1","contentUrl":"https:\/\/i0.wp.com\/afogadosfm.com.br\/afogadosfm\/wp-content\/uploads\/2020\/06\/cropped-banner-afogados-4.jpg?fit=369%2C137&ssl=1","width":369,"height":137,"caption":"Afogados FM"},"image":{"@id":"https:\/\/afogadosfm.com.br\/afogadosfm\/#\/schema\/logo\/image\/"}},{"@type":"Person","@id":"https:\/\/afogadosfm.com.br\/afogadosfm\/#\/schema\/person\/60e56f2cf5dc960fc093fe093d9e9057","name":"afogadosfm","image":{"@type":"ImageObject","inLanguage":"pt-BR","@id":"https:\/\/secure.gravatar.com\/avatar\/e0359add7ed5dc3560906d861b52c6a8cf5c1e199d3a7dd85070998f49bd4701?s=96&d=mm&r=g","url":"https:\/\/secure.gravatar.com\/avatar\/e0359add7ed5dc3560906d861b52c6a8cf5c1e199d3a7dd85070998f49bd4701?s=96&d=mm&r=g","contentUrl":"https:\/\/secure.gravatar.com\/avatar\/e0359add7ed5dc3560906d861b52c6a8cf5c1e199d3a7dd85070998f49bd4701?s=96&d=mm&r=g","caption":"afogadosfm"},"url":"https:\/\/afogadosfm.com.br\/afogadosfm\/author\/afogadosfm\/"}]}},"jetpack_publicize_connections":[],"jetpack_featured_media_url":"https:\/\/i0.wp.com\/afogadosfm.com.br\/afogadosfm\/wp-content\/uploads\/2025\/06\/sena.jpeg?fit=678%2C450&ssl=1","jetpack-related-posts":[],"jetpack_sharing_enabled":true,"jetpack_likes_enabled":true,"_links":{"self":[{"href":"https:\/\/afogadosfm.com.br\/afogadosfm\/wp-json\/wp\/v2\/posts\/66324","targetHints":{"allow":["GET"]}}],"collection":[{"href":"https:\/\/afogadosfm.com.br\/afogadosfm\/wp-json\/wp\/v2\/posts"}],"about":[{"href":"https:\/\/afogadosfm.com.br\/afogadosfm\/wp-json\/wp\/v2\/types\/post"}],"author":[{"embeddable":true,"href":"https:\/\/afogadosfm.com.br\/afogadosfm\/wp-json\/wp\/v2\/users\/2"}],"replies":[{"embeddable":true,"href":"https:\/\/afogadosfm.com.br\/afogadosfm\/wp-json\/wp\/v2\/comments?post=66324"}],"version-history":[{"count":1,"href":"https:\/\/afogadosfm.com.br\/afogadosfm\/wp-json\/wp\/v2\/posts\/66324\/revisions"}],"predecessor-version":[{"id":66326,"href":"https:\/\/afogadosfm.com.br\/afogadosfm\/wp-json\/wp\/v2\/posts\/66324\/revisions\/66326"}],"wp:featuredmedia":[{"embeddable":true,"href":"https:\/\/afogadosfm.com.br\/afogadosfm\/wp-json\/wp\/v2\/media\/66325"}],"wp:attachment":[{"href":"https:\/\/afogadosfm.com.br\/afogadosfm\/wp-json\/wp\/v2\/media?parent=66324"}],"wp:term":[{"taxonomy":"category","embeddable":true,"href":"https:\/\/afogadosfm.com.br\/afogadosfm\/wp-json\/wp\/v2\/categories?post=66324"},{"taxonomy":"post_tag","embeddable":true,"href":"https:\/\/afogadosfm.com.br\/afogadosfm\/wp-json\/wp\/v2\/tags?post=66324"}],"curies":[{"name":"wp","href":"https:\/\/api.w.org\/{rel}","templated":true}]}}