{"id":66434,"date":"2025-06-06T05:52:45","date_gmt":"2025-06-06T08:52:45","guid":{"rendered":"https:\/\/afogadosfm.com.br\/afogadosfm\/?p=66434"},"modified":"2025-06-06T05:52:46","modified_gmt":"2025-06-06T08:52:46","slug":"bolsonaro-diz-que-mandou-r-2-milhoes-para-eduardo-bolsonaro-nao-passar-privacoes-nos-eua","status":"publish","type":"post","link":"https:\/\/afogadosfm.com.br\/afogadosfm\/2025\/06\/06\/bolsonaro-diz-que-mandou-r-2-milhoes-para-eduardo-bolsonaro-nao-passar-privacoes-nos-eua\/","title":{"rendered":"Bolsonaro diz que mandou &#8220;R$ 2 milh\u00f5es&#8221; para Eduardo Bolsonaro n\u00e3o passar priva\u00e7\u00f5es nos EUA"},"content":{"rendered":"\n<p>Ap\u00f3s depor perante \u00e0 Pol\u00edcia Federal nesta quinta-feira (5), o ex-presidente Jair Bolsonaro (PL) conversou com jornalistas e afirmou que enviou cerca de R$ 2 milh\u00f5es para o filho Eduardo (PL), deputado que est\u00e1 licenciado nos Estados Unidos. A informa\u00e7\u00e3o \u00e9 do g1.<\/p>\n\n\n\n<p>&#8220;Bastante dinheiro legal&#8221;, disse o pol\u00edtico. \u201cBotei dinheiro na conta dele, bastante at\u00e9, dinheiro limpo, legal, at\u00e9 PIX\u201d, complementou Bolsonaro.<\/p>\n\n\n\n<p>O ex-presidente foi chamado a depor na investiga\u00e7\u00e3o sobre seu filho Eduardo Bolsonaro, por buscar san\u00e7\u00f5es do governo dos Estados Unidos, onde est\u00e1 morando atualmente, contra autoridades brasileiras que ele acusa de agir contra seu pai.<\/p>\n\n\n\n<p>Foram cerca de duas horas de depoimento. O ex-chefe do Executivo chegou \u00e0 sede da PF as 14h40, deixando o local \u00e0s 17h. O interrogat\u00f3rio estava previsto para iniciar as 15h.<\/p>\n\n\n\n<p>O deputado federal Eduardo Bolsonaro, que se afastou temporariamente de suas fun\u00e7\u00f5es, se mudou para Washington em fevereiro, com o argumento de que a Justi\u00e7a brasileira tentaria proibi-lo de deixar o pa\u00eds.<\/p>\n\n\n\n<p>Ele \u00e9 acusado de fazer campanha na capital americana contra os ministros do STF e em defesa de seu pai, a quem considera um perseguido pol\u00edtico.<\/p>\n","protected":false},"excerpt":{"rendered":"<p>Ap\u00f3s depor perante \u00e0 Pol\u00edcia Federal nesta quinta-feira (5), o ex-presidente Jair Bolsonaro (PL) conversou com jornalistas e afirmou que<\/p>\n","protected":false},"author":2,"featured_media":15137,"comment_status":"open","ping_status":"open","sticky":false,"template":"","format":"standard","meta":{"jetpack_post_was_ever_published":false,"_jetpack_newsletter_access":"","_jetpack_dont_email_post_to_subs":false,"_jetpack_newsletter_tier_id":0,"_jetpack_memberships_contains_paywalled_content":false,"_jetpack_memberships_contains_paid_content":false,"footnotes":"","jetpack_publicize_message":"","jetpack_publicize_feature_enabled":true,"jetpack_social_post_already_shared":true,"jetpack_social_options":{"image_generator_settings":{"template":"highway","default_image_id":0,"font":"","enabled":false},"version":2}},"categories":[12],"tags":[],"class_list":["post-66434","post","type-post","status-publish","format-standard","has-post-thumbnail","hentry","category-brasil"],"yoast_head":"<!-- This site is optimized with the Yoast SEO plugin v27.5 - https:\/\/yoast.com\/product\/yoast-seo-wordpress\/ -->\n<title>Bolsonaro diz que mandou &quot;R$ 2 milh\u00f5es&quot; para Eduardo Bolsonaro n\u00e3o passar priva\u00e7\u00f5es nos EUA - Afogados FM<\/title>\n<meta name=\"robots\" content=\"index, follow, max-snippet:-1, max-image-preview:large, max-video-preview:-1\" \/>\n<link rel=\"canonical\" href=\"https:\/\/afogadosfm.com.br\/afogadosfm\/2025\/06\/06\/bolsonaro-diz-que-mandou-r-2-milhoes-para-eduardo-bolsonaro-nao-passar-privacoes-nos-eua\/\" \/>\n<meta property=\"og:locale\" content=\"pt_BR\" \/>\n<meta property=\"og:type\" content=\"article\" \/>\n<meta property=\"og:title\" content=\"Bolsonaro diz que mandou &quot;R$ 2 milh\u00f5es&quot; para Eduardo Bolsonaro n\u00e3o passar priva\u00e7\u00f5es nos EUA - Afogados FM\" \/>\n<meta property=\"og:description\" content=\"Ap\u00f3s depor perante \u00e0 Pol\u00edcia Federal nesta quinta-feira (5), o ex-presidente Jair Bolsonaro (PL) conversou com jornalistas e afirmou que\" \/>\n<meta property=\"og:url\" content=\"https:\/\/afogadosfm.com.br\/afogadosfm\/2025\/06\/06\/bolsonaro-diz-que-mandou-r-2-milhoes-para-eduardo-bolsonaro-nao-passar-privacoes-nos-eua\/\" \/>\n<meta property=\"og:site_name\" content=\"Afogados FM\" \/>\n<meta property=\"article:published_time\" content=\"2025-06-06T08:52:45+00:00\" \/>\n<meta property=\"article:modified_time\" content=\"2025-06-06T08:52:46+00:00\" \/>\n<meta property=\"og:image\" content=\"https:\/\/afogadosfm.com.br\/afogadosfm\/wp-content\/uploads\/2020\/02\/bolsonaro2020.jpg\" \/>\n\t<meta property=\"og:image:width\" content=\"400\" \/>\n\t<meta property=\"og:image:height\" content=\"235\" \/>\n\t<meta property=\"og:image:type\" content=\"image\/jpeg\" \/>\n<meta name=\"author\" content=\"afogadosfm\" \/>\n<meta name=\"twitter:card\" content=\"summary_large_image\" \/>\n<meta name=\"twitter:label1\" content=\"Escrito por\" \/>\n\t<meta name=\"twitter:data1\" content=\"afogadosfm\" \/>\n\t<meta name=\"twitter:label2\" content=\"Est. tempo de leitura\" \/>\n\t<meta name=\"twitter:data2\" content=\"2 minutos\" \/>\n<script type=\"application\/ld+json\" class=\"yoast-schema-graph\">{\"@context\":\"https:\\\/\\\/schema.org\",\"@graph\":[{\"@type\":\"Article\",\"@id\":\"https:\\\/\\\/afogadosfm.com.br\\\/afogadosfm\\\/2025\\\/06\\\/06\\\/bolsonaro-diz-que-mandou-r-2-milhoes-para-eduardo-bolsonaro-nao-passar-privacoes-nos-eua\\\/#article\",\"isPartOf\":{\"@id\":\"https:\\\/\\\/afogadosfm.com.br\\\/afogadosfm\\\/2025\\\/06\\\/06\\\/bolsonaro-diz-que-mandou-r-2-milhoes-para-eduardo-bolsonaro-nao-passar-privacoes-nos-eua\\\/\"},\"author\":{\"name\":\"afogadosfm\",\"@id\":\"https:\\\/\\\/afogadosfm.com.br\\\/afogadosfm\\\/#\\\/schema\\\/person\\\/60e56f2cf5dc960fc093fe093d9e9057\"},\"headline\":\"Bolsonaro diz que mandou &#8220;R$ 2 milh\u00f5es&#8221; para Eduardo Bolsonaro n\u00e3o passar priva\u00e7\u00f5es nos EUA\",\"datePublished\":\"2025-06-06T08:52:45+00:00\",\"dateModified\":\"2025-06-06T08:52:46+00:00\",\"mainEntityOfPage\":{\"@id\":\"https:\\\/\\\/afogadosfm.com.br\\\/afogadosfm\\\/2025\\\/06\\\/06\\\/bolsonaro-diz-que-mandou-r-2-milhoes-para-eduardo-bolsonaro-nao-passar-privacoes-nos-eua\\\/\"},\"wordCount\":211,\"commentCount\":0,\"publisher\":{\"@id\":\"https:\\\/\\\/afogadosfm.com.br\\\/afogadosfm\\\/#organization\"},\"image\":{\"@id\":\"https:\\\/\\\/afogadosfm.com.br\\\/afogadosfm\\\/2025\\\/06\\\/06\\\/bolsonaro-diz-que-mandou-r-2-milhoes-para-eduardo-bolsonaro-nao-passar-privacoes-nos-eua\\\/#primaryimage\"},\"thumbnailUrl\":\"https:\\\/\\\/i0.wp.com\\\/afogadosfm.com.br\\\/afogadosfm\\\/wp-content\\\/uploads\\\/2020\\\/02\\\/bolsonaro2020.jpg?fit=400%2C235&ssl=1\",\"articleSection\":[\"Brasil\"],\"inLanguage\":\"pt-BR\",\"potentialAction\":[{\"@type\":\"CommentAction\",\"name\":\"Comment\",\"target\":[\"https:\\\/\\\/afogadosfm.com.br\\\/afogadosfm\\\/2025\\\/06\\\/06\\\/bolsonaro-diz-que-mandou-r-2-milhoes-para-eduardo-bolsonaro-nao-passar-privacoes-nos-eua\\\/#respond\"]}]},{\"@type\":\"WebPage\",\"@id\":\"https:\\\/\\\/afogadosfm.com.br\\\/afogadosfm\\\/2025\\\/06\\\/06\\\/bolsonaro-diz-que-mandou-r-2-milhoes-para-eduardo-bolsonaro-nao-passar-privacoes-nos-eua\\\/\",\"url\":\"https:\\\/\\\/afogadosfm.com.br\\\/afogadosfm\\\/2025\\\/06\\\/06\\\/bolsonaro-diz-que-mandou-r-2-milhoes-para-eduardo-bolsonaro-nao-passar-privacoes-nos-eua\\\/\",\"name\":\"Bolsonaro diz que mandou \\\"R$ 2 milh\u00f5es\\\" para Eduardo Bolsonaro n\u00e3o passar priva\u00e7\u00f5es nos EUA - Afogados FM\",\"isPartOf\":{\"@id\":\"https:\\\/\\\/afogadosfm.com.br\\\/afogadosfm\\\/#website\"},\"primaryImageOfPage\":{\"@id\":\"https:\\\/\\\/afogadosfm.com.br\\\/afogadosfm\\\/2025\\\/06\\\/06\\\/bolsonaro-diz-que-mandou-r-2-milhoes-para-eduardo-bolsonaro-nao-passar-privacoes-nos-eua\\\/#primaryimage\"},\"image\":{\"@id\":\"https:\\\/\\\/afogadosfm.com.br\\\/afogadosfm\\\/2025\\\/06\\\/06\\\/bolsonaro-diz-que-mandou-r-2-milhoes-para-eduardo-bolsonaro-nao-passar-privacoes-nos-eua\\\/#primaryimage\"},\"thumbnailUrl\":\"https:\\\/\\\/i0.wp.com\\\/afogadosfm.com.br\\\/afogadosfm\\\/wp-content\\\/uploads\\\/2020\\\/02\\\/bolsonaro2020.jpg?fit=400%2C235&ssl=1\",\"datePublished\":\"2025-06-06T08:52:45+00:00\",\"dateModified\":\"2025-06-06T08:52:46+00:00\",\"breadcrumb\":{\"@id\":\"https:\\\/\\\/afogadosfm.com.br\\\/afogadosfm\\\/2025\\\/06\\\/06\\\/bolsonaro-diz-que-mandou-r-2-milhoes-para-eduardo-bolsonaro-nao-passar-privacoes-nos-eua\\\/#breadcrumb\"},\"inLanguage\":\"pt-BR\",\"potentialAction\":[{\"@type\":\"ReadAction\",\"target\":[\"https:\\\/\\\/afogadosfm.com.br\\\/afogadosfm\\\/2025\\\/06\\\/06\\\/bolsonaro-diz-que-mandou-r-2-milhoes-para-eduardo-bolsonaro-nao-passar-privacoes-nos-eua\\\/\"]}]},{\"@type\":\"ImageObject\",\"inLanguage\":\"pt-BR\",\"@id\":\"https:\\\/\\\/afogadosfm.com.br\\\/afogadosfm\\\/2025\\\/06\\\/06\\\/bolsonaro-diz-que-mandou-r-2-milhoes-para-eduardo-bolsonaro-nao-passar-privacoes-nos-eua\\\/#primaryimage\",\"url\":\"https:\\\/\\\/i0.wp.com\\\/afogadosfm.com.br\\\/afogadosfm\\\/wp-content\\\/uploads\\\/2020\\\/02\\\/bolsonaro2020.jpg?fit=400%2C235&ssl=1\",\"contentUrl\":\"https:\\\/\\\/i0.wp.com\\\/afogadosfm.com.br\\\/afogadosfm\\\/wp-content\\\/uploads\\\/2020\\\/02\\\/bolsonaro2020.jpg?fit=400%2C235&ssl=1\",\"width\":400,\"height\":235},{\"@type\":\"BreadcrumbList\",\"@id\":\"https:\\\/\\\/afogadosfm.com.br\\\/afogadosfm\\\/2025\\\/06\\\/06\\\/bolsonaro-diz-que-mandou-r-2-milhoes-para-eduardo-bolsonaro-nao-passar-privacoes-nos-eua\\\/#breadcrumb\",\"itemListElement\":[{\"@type\":\"ListItem\",\"position\":1,\"name\":\"In\u00edcio\",\"item\":\"https:\\\/\\\/afogadosfm.com.br\\\/afogadosfm\\\/\"},{\"@type\":\"ListItem\",\"position\":2,\"name\":\"Bolsonaro diz que mandou &#8220;R$ 2 milh\u00f5es&#8221; para Eduardo Bolsonaro n\u00e3o passar priva\u00e7\u00f5es nos EUA\"}]},{\"@type\":\"WebSite\",\"@id\":\"https:\\\/\\\/afogadosfm.com.br\\\/afogadosfm\\\/#website\",\"url\":\"https:\\\/\\\/afogadosfm.com.br\\\/afogadosfm\\\/\",\"name\":\"Afogados FM\",\"description\":\"Um site completo!\",\"publisher\":{\"@id\":\"https:\\\/\\\/afogadosfm.com.br\\\/afogadosfm\\\/#organization\"},\"potentialAction\":[{\"@type\":\"SearchAction\",\"target\":{\"@type\":\"EntryPoint\",\"urlTemplate\":\"https:\\\/\\\/afogadosfm.com.br\\\/afogadosfm\\\/?s={search_term_string}\"},\"query-input\":{\"@type\":\"PropertyValueSpecification\",\"valueRequired\":true,\"valueName\":\"search_term_string\"}}],\"inLanguage\":\"pt-BR\"},{\"@type\":\"Organization\",\"@id\":\"https:\\\/\\\/afogadosfm.com.br\\\/afogadosfm\\\/#organization\",\"name\":\"Afogados FM\",\"url\":\"https:\\\/\\\/afogadosfm.com.br\\\/afogadosfm\\\/\",\"logo\":{\"@type\":\"ImageObject\",\"inLanguage\":\"pt-BR\",\"@id\":\"https:\\\/\\\/afogadosfm.com.br\\\/afogadosfm\\\/#\\\/schema\\\/logo\\\/image\\\/\",\"url\":\"https:\\\/\\\/i0.wp.com\\\/afogadosfm.com.br\\\/afogadosfm\\\/wp-content\\\/uploads\\\/2020\\\/06\\\/cropped-banner-afogados-4.jpg?fit=369%2C137&ssl=1\",\"contentUrl\":\"https:\\\/\\\/i0.wp.com\\\/afogadosfm.com.br\\\/afogadosfm\\\/wp-content\\\/uploads\\\/2020\\\/06\\\/cropped-banner-afogados-4.jpg?fit=369%2C137&ssl=1\",\"width\":369,\"height\":137,\"caption\":\"Afogados FM\"},\"image\":{\"@id\":\"https:\\\/\\\/afogadosfm.com.br\\\/afogadosfm\\\/#\\\/schema\\\/logo\\\/image\\\/\"}},{\"@type\":\"Person\",\"@id\":\"https:\\\/\\\/afogadosfm.com.br\\\/afogadosfm\\\/#\\\/schema\\\/person\\\/60e56f2cf5dc960fc093fe093d9e9057\",\"name\":\"afogadosfm\",\"image\":{\"@type\":\"ImageObject\",\"inLanguage\":\"pt-BR\",\"@id\":\"https:\\\/\\\/secure.gravatar.com\\\/avatar\\\/e0359add7ed5dc3560906d861b52c6a8cf5c1e199d3a7dd85070998f49bd4701?s=96&d=mm&r=g\",\"url\":\"https:\\\/\\\/secure.gravatar.com\\\/avatar\\\/e0359add7ed5dc3560906d861b52c6a8cf5c1e199d3a7dd85070998f49bd4701?s=96&d=mm&r=g\",\"contentUrl\":\"https:\\\/\\\/secure.gravatar.com\\\/avatar\\\/e0359add7ed5dc3560906d861b52c6a8cf5c1e199d3a7dd85070998f49bd4701?s=96&d=mm&r=g\",\"caption\":\"afogadosfm\"},\"url\":\"https:\\\/\\\/afogadosfm.com.br\\\/afogadosfm\\\/author\\\/afogadosfm\\\/\"}]}<\/script>\n<!-- \/ Yoast SEO plugin. -->","yoast_head_json":{"title":"Bolsonaro diz que mandou \"R$ 2 milh\u00f5es\" para Eduardo Bolsonaro n\u00e3o passar priva\u00e7\u00f5es nos EUA - Afogados FM","robots":{"index":"index","follow":"follow","max-snippet":"max-snippet:-1","max-image-preview":"max-image-preview:large","max-video-preview":"max-video-preview:-1"},"canonical":"https:\/\/afogadosfm.com.br\/afogadosfm\/2025\/06\/06\/bolsonaro-diz-que-mandou-r-2-milhoes-para-eduardo-bolsonaro-nao-passar-privacoes-nos-eua\/","og_locale":"pt_BR","og_type":"article","og_title":"Bolsonaro diz que mandou \"R$ 2 milh\u00f5es\" para Eduardo Bolsonaro n\u00e3o passar priva\u00e7\u00f5es nos EUA - Afogados FM","og_description":"Ap\u00f3s depor perante \u00e0 Pol\u00edcia Federal nesta quinta-feira (5), o ex-presidente Jair Bolsonaro (PL) conversou com jornalistas e afirmou que","og_url":"https:\/\/afogadosfm.com.br\/afogadosfm\/2025\/06\/06\/bolsonaro-diz-que-mandou-r-2-milhoes-para-eduardo-bolsonaro-nao-passar-privacoes-nos-eua\/","og_site_name":"Afogados FM","article_published_time":"2025-06-06T08:52:45+00:00","article_modified_time":"2025-06-06T08:52:46+00:00","og_image":[{"width":400,"height":235,"url":"https:\/\/afogadosfm.com.br\/afogadosfm\/wp-content\/uploads\/2020\/02\/bolsonaro2020.jpg","type":"image\/jpeg"}],"author":"afogadosfm","twitter_card":"summary_large_image","twitter_misc":{"Escrito por":"afogadosfm","Est. tempo de leitura":"2 minutos"},"schema":{"@context":"https:\/\/schema.org","@graph":[{"@type":"Article","@id":"https:\/\/afogadosfm.com.br\/afogadosfm\/2025\/06\/06\/bolsonaro-diz-que-mandou-r-2-milhoes-para-eduardo-bolsonaro-nao-passar-privacoes-nos-eua\/#article","isPartOf":{"@id":"https:\/\/afogadosfm.com.br\/afogadosfm\/2025\/06\/06\/bolsonaro-diz-que-mandou-r-2-milhoes-para-eduardo-bolsonaro-nao-passar-privacoes-nos-eua\/"},"author":{"name":"afogadosfm","@id":"https:\/\/afogadosfm.com.br\/afogadosfm\/#\/schema\/person\/60e56f2cf5dc960fc093fe093d9e9057"},"headline":"Bolsonaro diz que mandou &#8220;R$ 2 milh\u00f5es&#8221; para Eduardo Bolsonaro n\u00e3o passar priva\u00e7\u00f5es nos EUA","datePublished":"2025-06-06T08:52:45+00:00","dateModified":"2025-06-06T08:52:46+00:00","mainEntityOfPage":{"@id":"https:\/\/afogadosfm.com.br\/afogadosfm\/2025\/06\/06\/bolsonaro-diz-que-mandou-r-2-milhoes-para-eduardo-bolsonaro-nao-passar-privacoes-nos-eua\/"},"wordCount":211,"commentCount":0,"publisher":{"@id":"https:\/\/afogadosfm.com.br\/afogadosfm\/#organization"},"image":{"@id":"https:\/\/afogadosfm.com.br\/afogadosfm\/2025\/06\/06\/bolsonaro-diz-que-mandou-r-2-milhoes-para-eduardo-bolsonaro-nao-passar-privacoes-nos-eua\/#primaryimage"},"thumbnailUrl":"https:\/\/i0.wp.com\/afogadosfm.com.br\/afogadosfm\/wp-content\/uploads\/2020\/02\/bolsonaro2020.jpg?fit=400%2C235&ssl=1","articleSection":["Brasil"],"inLanguage":"pt-BR","potentialAction":[{"@type":"CommentAction","name":"Comment","target":["https:\/\/afogadosfm.com.br\/afogadosfm\/2025\/06\/06\/bolsonaro-diz-que-mandou-r-2-milhoes-para-eduardo-bolsonaro-nao-passar-privacoes-nos-eua\/#respond"]}]},{"@type":"WebPage","@id":"https:\/\/afogadosfm.com.br\/afogadosfm\/2025\/06\/06\/bolsonaro-diz-que-mandou-r-2-milhoes-para-eduardo-bolsonaro-nao-passar-privacoes-nos-eua\/","url":"https:\/\/afogadosfm.com.br\/afogadosfm\/2025\/06\/06\/bolsonaro-diz-que-mandou-r-2-milhoes-para-eduardo-bolsonaro-nao-passar-privacoes-nos-eua\/","name":"Bolsonaro diz que mandou \"R$ 2 milh\u00f5es\" para Eduardo Bolsonaro n\u00e3o passar priva\u00e7\u00f5es nos EUA - Afogados FM","isPartOf":{"@id":"https:\/\/afogadosfm.com.br\/afogadosfm\/#website"},"primaryImageOfPage":{"@id":"https:\/\/afogadosfm.com.br\/afogadosfm\/2025\/06\/06\/bolsonaro-diz-que-mandou-r-2-milhoes-para-eduardo-bolsonaro-nao-passar-privacoes-nos-eua\/#primaryimage"},"image":{"@id":"https:\/\/afogadosfm.com.br\/afogadosfm\/2025\/06\/06\/bolsonaro-diz-que-mandou-r-2-milhoes-para-eduardo-bolsonaro-nao-passar-privacoes-nos-eua\/#primaryimage"},"thumbnailUrl":"https:\/\/i0.wp.com\/afogadosfm.com.br\/afogadosfm\/wp-content\/uploads\/2020\/02\/bolsonaro2020.jpg?fit=400%2C235&ssl=1","datePublished":"2025-06-06T08:52:45+00:00","dateModified":"2025-06-06T08:52:46+00:00","breadcrumb":{"@id":"https:\/\/afogadosfm.com.br\/afogadosfm\/2025\/06\/06\/bolsonaro-diz-que-mandou-r-2-milhoes-para-eduardo-bolsonaro-nao-passar-privacoes-nos-eua\/#breadcrumb"},"inLanguage":"pt-BR","potentialAction":[{"@type":"ReadAction","target":["https:\/\/afogadosfm.com.br\/afogadosfm\/2025\/06\/06\/bolsonaro-diz-que-mandou-r-2-milhoes-para-eduardo-bolsonaro-nao-passar-privacoes-nos-eua\/"]}]},{"@type":"ImageObject","inLanguage":"pt-BR","@id":"https:\/\/afogadosfm.com.br\/afogadosfm\/2025\/06\/06\/bolsonaro-diz-que-mandou-r-2-milhoes-para-eduardo-bolsonaro-nao-passar-privacoes-nos-eua\/#primaryimage","url":"https:\/\/i0.wp.com\/afogadosfm.com.br\/afogadosfm\/wp-content\/uploads\/2020\/02\/bolsonaro2020.jpg?fit=400%2C235&ssl=1","contentUrl":"https:\/\/i0.wp.com\/afogadosfm.com.br\/afogadosfm\/wp-content\/uploads\/2020\/02\/bolsonaro2020.jpg?fit=400%2C235&ssl=1","width":400,"height":235},{"@type":"BreadcrumbList","@id":"https:\/\/afogadosfm.com.br\/afogadosfm\/2025\/06\/06\/bolsonaro-diz-que-mandou-r-2-milhoes-para-eduardo-bolsonaro-nao-passar-privacoes-nos-eua\/#breadcrumb","itemListElement":[{"@type":"ListItem","position":1,"name":"In\u00edcio","item":"https:\/\/afogadosfm.com.br\/afogadosfm\/"},{"@type":"ListItem","position":2,"name":"Bolsonaro diz que mandou &#8220;R$ 2 milh\u00f5es&#8221; para Eduardo Bolsonaro n\u00e3o passar priva\u00e7\u00f5es nos EUA"}]},{"@type":"WebSite","@id":"https:\/\/afogadosfm.com.br\/afogadosfm\/#website","url":"https:\/\/afogadosfm.com.br\/afogadosfm\/","name":"Afogados FM","description":"Um site completo!","publisher":{"@id":"https:\/\/afogadosfm.com.br\/afogadosfm\/#organization"},"potentialAction":[{"@type":"SearchAction","target":{"@type":"EntryPoint","urlTemplate":"https:\/\/afogadosfm.com.br\/afogadosfm\/?s={search_term_string}"},"query-input":{"@type":"PropertyValueSpecification","valueRequired":true,"valueName":"search_term_string"}}],"inLanguage":"pt-BR"},{"@type":"Organization","@id":"https:\/\/afogadosfm.com.br\/afogadosfm\/#organization","name":"Afogados FM","url":"https:\/\/afogadosfm.com.br\/afogadosfm\/","logo":{"@type":"ImageObject","inLanguage":"pt-BR","@id":"https:\/\/afogadosfm.com.br\/afogadosfm\/#\/schema\/logo\/image\/","url":"https:\/\/i0.wp.com\/afogadosfm.com.br\/afogadosfm\/wp-content\/uploads\/2020\/06\/cropped-banner-afogados-4.jpg?fit=369%2C137&ssl=1","contentUrl":"https:\/\/i0.wp.com\/afogadosfm.com.br\/afogadosfm\/wp-content\/uploads\/2020\/06\/cropped-banner-afogados-4.jpg?fit=369%2C137&ssl=1","width":369,"height":137,"caption":"Afogados FM"},"image":{"@id":"https:\/\/afogadosfm.com.br\/afogadosfm\/#\/schema\/logo\/image\/"}},{"@type":"Person","@id":"https:\/\/afogadosfm.com.br\/afogadosfm\/#\/schema\/person\/60e56f2cf5dc960fc093fe093d9e9057","name":"afogadosfm","image":{"@type":"ImageObject","inLanguage":"pt-BR","@id":"https:\/\/secure.gravatar.com\/avatar\/e0359add7ed5dc3560906d861b52c6a8cf5c1e199d3a7dd85070998f49bd4701?s=96&d=mm&r=g","url":"https:\/\/secure.gravatar.com\/avatar\/e0359add7ed5dc3560906d861b52c6a8cf5c1e199d3a7dd85070998f49bd4701?s=96&d=mm&r=g","contentUrl":"https:\/\/secure.gravatar.com\/avatar\/e0359add7ed5dc3560906d861b52c6a8cf5c1e199d3a7dd85070998f49bd4701?s=96&d=mm&r=g","caption":"afogadosfm"},"url":"https:\/\/afogadosfm.com.br\/afogadosfm\/author\/afogadosfm\/"}]}},"jetpack_publicize_connections":[],"jetpack_featured_media_url":"https:\/\/i0.wp.com\/afogadosfm.com.br\/afogadosfm\/wp-content\/uploads\/2020\/02\/bolsonaro2020.jpg?fit=400%2C235&ssl=1","jetpack-related-posts":[],"jetpack_sharing_enabled":true,"jetpack_likes_enabled":true,"_links":{"self":[{"href":"https:\/\/afogadosfm.com.br\/afogadosfm\/wp-json\/wp\/v2\/posts\/66434","targetHints":{"allow":["GET"]}}],"collection":[{"href":"https:\/\/afogadosfm.com.br\/afogadosfm\/wp-json\/wp\/v2\/posts"}],"about":[{"href":"https:\/\/afogadosfm.com.br\/afogadosfm\/wp-json\/wp\/v2\/types\/post"}],"author":[{"embeddable":true,"href":"https:\/\/afogadosfm.com.br\/afogadosfm\/wp-json\/wp\/v2\/users\/2"}],"replies":[{"embeddable":true,"href":"https:\/\/afogadosfm.com.br\/afogadosfm\/wp-json\/wp\/v2\/comments?post=66434"}],"version-history":[{"count":1,"href":"https:\/\/afogadosfm.com.br\/afogadosfm\/wp-json\/wp\/v2\/posts\/66434\/revisions"}],"predecessor-version":[{"id":66435,"href":"https:\/\/afogadosfm.com.br\/afogadosfm\/wp-json\/wp\/v2\/posts\/66434\/revisions\/66435"}],"wp:featuredmedia":[{"embeddable":true,"href":"https:\/\/afogadosfm.com.br\/afogadosfm\/wp-json\/wp\/v2\/media\/15137"}],"wp:attachment":[{"href":"https:\/\/afogadosfm.com.br\/afogadosfm\/wp-json\/wp\/v2\/media?parent=66434"}],"wp:term":[{"taxonomy":"category","embeddable":true,"href":"https:\/\/afogadosfm.com.br\/afogadosfm\/wp-json\/wp\/v2\/categories?post=66434"},{"taxonomy":"post_tag","embeddable":true,"href":"https:\/\/afogadosfm.com.br\/afogadosfm\/wp-json\/wp\/v2\/tags?post=66434"}],"curies":[{"name":"wp","href":"https:\/\/api.w.org\/{rel}","templated":true}]}}