{"id":66499,"date":"2025-06-09T05:55:54","date_gmt":"2025-06-09T08:55:54","guid":{"rendered":"https:\/\/afogadosfm.com.br\/afogadosfm\/?p=66499"},"modified":"2025-06-09T05:55:55","modified_gmt":"2025-06-09T08:55:55","slug":"23obpm-apreende-menor-acusado-de-tentativa-de-homicidio-e-trafico-em-tabira-pe","status":"publish","type":"post","link":"https:\/\/afogadosfm.com.br\/afogadosfm\/2025\/06\/09\/23obpm-apreende-menor-acusado-de-tentativa-de-homicidio-e-trafico-em-tabira-pe\/","title":{"rendered":"23\u00baBPM apreende menor acusado de tentativa de homic\u00eddio e tr\u00e1fico em Tabira\/PE"},"content":{"rendered":"\n<p>O 23\u00ba Batalh\u00e3o de Pol\u00edcia Militar de Pernambuco informa que, na tarde de hoje, foi acionado pela perman\u00eancia da 2\u00aa Companhia ap\u00f3s a entrada, no Hospital Municipal de Tabira, de uma v\u00edtima do sexo feminino, ferida por disparo de arma de fogo.<\/p>\n\n\n\n<p>A v\u00edtima foi identificada como&nbsp;<strong>M. do S. C., 74 anos<\/strong>.<\/p>\n\n\n\n<p>Imediatamente, equipes da&nbsp;<strong>GT Tabira e do Servi\u00e7o de Intelig\u00eancia&nbsp;<\/strong>(Malhas da Lei e NI-20) deslocaram-se at\u00e9 o referido nosoc\u00f4mio, onde a v\u00edtima recebia atendimento m\u00e9dico-hospitalar.<\/p>\n\n\n\n<p>Segundo relato da pr\u00f3pria v\u00edtima, ela se encontrava parada em via p\u00fablica quando foi surpreendida por um disparo de arma de fogo proveniente do interior de uma resid\u00eancia, sendo atingida na regi\u00e3o do rosto.<\/p>\n\n\n\n<p>Em dilig\u00eancia, as equipes policiais identificaram o adolescente infrator&nbsp;<strong>D. N. S. S.<\/strong>, 15 anos, como autor do disparo e respons\u00e1vel pelo im\u00f3vel de onde partiu o tiro. Ap\u00f3s o ocorrido, o menor evadiu-se do local, tomando destino ignorado.<\/p>\n\n\n\n<p>Durante buscas, a&nbsp;<strong>GT Tabira<\/strong>&nbsp;conseguiu localiz\u00e1-lo e apreend\u00ea-lo em via p\u00fablica. O adolescente&nbsp;<strong>confessou a autoria<\/strong>&nbsp;do ato infracional an\u00e1logo aos crimes de&nbsp;<strong>disparo de arma de fogo e les\u00e3o corporal<\/strong>, Tentativa de Homic\u00eddio, alegando ter atirado por acreditar que a v\u00edtima fosse um inimigo, devido a desaven\u00e7as anteriores.<\/p>\n\n\n\n<p>Na resid\u00eancia de onde partiu o disparo, foi apreendida a arma utilizada no crime:&nbsp;<strong>uma espingarda calibre 12<\/strong>, com cano curto e&nbsp;<strong>numera\u00e7\u00e3o ileg\u00edvel<\/strong>, al\u00e9m de&nbsp;<strong>um cartucho deflagrado<\/strong>&nbsp;do mesmo calibre.<\/p>\n\n\n\n<p><strong>Tamb\u00e9m foram encontrados no local:<\/strong><\/p>\n\n\n\n<p>\u2022<strong>22 inv\u00f3lucros de subst\u00e2ncia an\u00e1loga \u00e0 coca\u00edna, totalizando aproximadamente 53g<\/strong>;<\/p>\n\n\n\n<p>\u2022<strong>R$ 110,00 em esp\u00e9cie<\/strong>;<\/p>\n\n\n\n<p>\u2022<strong>3 aparelhos celulares<\/strong>;<\/p>\n\n\n\n<p>\u2022<strong>1 balan\u00e7a eletr\u00f4nica de precis\u00e3o<\/strong>;<\/p>\n\n\n\n<p>\u2022<strong>1 carregador de pistola calibre .380 com 14 muni\u00e7\u00f5es intactas<\/strong>.<\/p>\n\n\n\n<p>Ap\u00f3s a apreens\u00e3o do carregador, o menor revelou ter escondido uma pistola&nbsp;<strong>Taurus PT 938,<\/strong>&nbsp;n\u00famero de s\u00e9rie&nbsp;<strong>KWF75740<\/strong>, na resid\u00eancia de sua genitora.<\/p>\n\n\n\n<p>As equipes do&nbsp;<strong>Servi\u00e7o de Intelig\u00eancia do 23\u00ba BPM, GATI e GT Rural<\/strong>&nbsp;deslocaram-se ao local informado, onde apreenderam a referida arma de fogo.<\/p>\n\n\n\n<p><strong>Na resid\u00eancia da genitora foram localizados:<\/strong><\/p>\n\n\n\n<p><strong>\u20221 pistola Taurus PT 938 inox, n\u00famero de s\u00e9rie KWF75740, com 14 muni\u00e7\u00f5es calibre .380;<\/strong><\/p>\n\n\n\n<p><strong>\u20221 carregador adicional com 14 muni\u00e7\u00f5es;<\/strong><\/p>\n\n\n\n<p><strong>\u202211 cartuchos calibre 12 (10 intactos e 1 deflagrado);<\/strong><\/p>\n\n\n\n<p><strong>\u20221 balan\u00e7a eletr\u00f4nica de precis\u00e3o;<\/strong><\/p>\n\n\n\n<p><strong>\u2022Aproximadamente 1.000 microtubos pl\u00e1sticos vazios, comumente utilizados para acondicionamento de coca\u00edna.<\/strong><\/p>\n\n\n\n<p>No momento do disparo, havia um casal presente no im\u00f3vel, identificados como&nbsp;<strong>J. S. F. e G. S. C.<\/strong>, os quais, segundo informa\u00e7\u00f5es, fugiram do local levando uma mochila e ainda n\u00e3o foram localizados.<\/p>\n\n\n\n<p>Populares relataram que o im\u00f3vel era utilizado como&nbsp;<strong>ponto de venda de entorpecentes<\/strong>.<\/p>\n\n\n\n<p>O adolescente e todo o material apreendido foram apresentados \u00e0 Delegacia de Pol\u00edcia Civil de Tabira-PE e, posteriormente, encaminhados ao plant\u00e3o policial de Afogados da Ingazeira-PE, para ado\u00e7\u00e3o das medidas legais cab\u00edveis.<\/p>\n","protected":false},"excerpt":{"rendered":"<p>O 23\u00ba Batalh\u00e3o de Pol\u00edcia Militar de Pernambuco informa que, na tarde de hoje, foi acionado pela perman\u00eancia da 2\u00aa<\/p>\n","protected":false},"author":2,"featured_media":33834,"comment_status":"open","ping_status":"open","sticky":false,"template":"","format":"standard","meta":{"jetpack_post_was_ever_published":false,"_jetpack_newsletter_access":"","_jetpack_dont_email_post_to_subs":false,"_jetpack_newsletter_tier_id":0,"_jetpack_memberships_contains_paywalled_content":false,"_jetpack_memberships_contains_paid_content":false,"footnotes":"","jetpack_publicize_message":"","jetpack_publicize_feature_enabled":true,"jetpack_social_post_already_shared":true,"jetpack_social_options":{"image_generator_settings":{"template":"highway","default_image_id":0,"font":"","enabled":false},"version":2}},"categories":[32],"tags":[],"class_list":["post-66499","post","type-post","status-publish","format-standard","has-post-thumbnail","hentry","category-sertao"],"yoast_head":"<!-- This site is optimized with the Yoast SEO plugin v27.5 - https:\/\/yoast.com\/product\/yoast-seo-wordpress\/ -->\n<title>23\u00baBPM apreende menor acusado de tentativa de homic\u00eddio e tr\u00e1fico em Tabira\/PE - Afogados FM<\/title>\n<meta name=\"robots\" content=\"index, follow, max-snippet:-1, max-image-preview:large, max-video-preview:-1\" \/>\n<link rel=\"canonical\" href=\"https:\/\/afogadosfm.com.br\/afogadosfm\/2025\/06\/09\/23obpm-apreende-menor-acusado-de-tentativa-de-homicidio-e-trafico-em-tabira-pe\/\" \/>\n<meta property=\"og:locale\" content=\"pt_BR\" \/>\n<meta property=\"og:type\" content=\"article\" \/>\n<meta property=\"og:title\" content=\"23\u00baBPM apreende menor acusado de tentativa de homic\u00eddio e tr\u00e1fico em Tabira\/PE - Afogados FM\" \/>\n<meta property=\"og:description\" content=\"O 23\u00ba Batalh\u00e3o de Pol\u00edcia Militar de Pernambuco informa que, na tarde de hoje, foi acionado pela perman\u00eancia da 2\u00aa\" \/>\n<meta property=\"og:url\" content=\"https:\/\/afogadosfm.com.br\/afogadosfm\/2025\/06\/09\/23obpm-apreende-menor-acusado-de-tentativa-de-homicidio-e-trafico-em-tabira-pe\/\" \/>\n<meta property=\"og:site_name\" content=\"Afogados FM\" \/>\n<meta property=\"article:published_time\" content=\"2025-06-09T08:55:54+00:00\" \/>\n<meta property=\"article:modified_time\" content=\"2025-06-09T08:55:55+00:00\" \/>\n<meta property=\"og:image\" content=\"https:\/\/afogadosfm.com.br\/afogadosfm\/wp-content\/uploads\/2022\/01\/23bpm.jpg\" \/>\n\t<meta property=\"og:image:width\" content=\"198\" \/>\n\t<meta property=\"og:image:height\" content=\"220\" \/>\n\t<meta property=\"og:image:type\" content=\"image\/jpeg\" \/>\n<meta name=\"author\" content=\"afogadosfm\" \/>\n<meta name=\"twitter:card\" content=\"summary_large_image\" \/>\n<meta name=\"twitter:label1\" content=\"Escrito por\" \/>\n\t<meta name=\"twitter:data1\" content=\"afogadosfm\" \/>\n\t<meta name=\"twitter:label2\" content=\"Est. tempo de leitura\" \/>\n\t<meta name=\"twitter:data2\" content=\"3 minutos\" \/>\n<script type=\"application\/ld+json\" class=\"yoast-schema-graph\">{\"@context\":\"https:\\\/\\\/schema.org\",\"@graph\":[{\"@type\":\"Article\",\"@id\":\"https:\\\/\\\/afogadosfm.com.br\\\/afogadosfm\\\/2025\\\/06\\\/09\\\/23obpm-apreende-menor-acusado-de-tentativa-de-homicidio-e-trafico-em-tabira-pe\\\/#article\",\"isPartOf\":{\"@id\":\"https:\\\/\\\/afogadosfm.com.br\\\/afogadosfm\\\/2025\\\/06\\\/09\\\/23obpm-apreende-menor-acusado-de-tentativa-de-homicidio-e-trafico-em-tabira-pe\\\/\"},\"author\":{\"name\":\"afogadosfm\",\"@id\":\"https:\\\/\\\/afogadosfm.com.br\\\/afogadosfm\\\/#\\\/schema\\\/person\\\/60e56f2cf5dc960fc093fe093d9e9057\"},\"headline\":\"23\u00baBPM apreende menor acusado de tentativa de homic\u00eddio e tr\u00e1fico em Tabira\\\/PE\",\"datePublished\":\"2025-06-09T08:55:54+00:00\",\"dateModified\":\"2025-06-09T08:55:55+00:00\",\"mainEntityOfPage\":{\"@id\":\"https:\\\/\\\/afogadosfm.com.br\\\/afogadosfm\\\/2025\\\/06\\\/09\\\/23obpm-apreende-menor-acusado-de-tentativa-de-homicidio-e-trafico-em-tabira-pe\\\/\"},\"wordCount\":524,\"commentCount\":0,\"publisher\":{\"@id\":\"https:\\\/\\\/afogadosfm.com.br\\\/afogadosfm\\\/#organization\"},\"image\":{\"@id\":\"https:\\\/\\\/afogadosfm.com.br\\\/afogadosfm\\\/2025\\\/06\\\/09\\\/23obpm-apreende-menor-acusado-de-tentativa-de-homicidio-e-trafico-em-tabira-pe\\\/#primaryimage\"},\"thumbnailUrl\":\"https:\\\/\\\/i0.wp.com\\\/afogadosfm.com.br\\\/afogadosfm\\\/wp-content\\\/uploads\\\/2022\\\/01\\\/23bpm.jpg?fit=198%2C220&ssl=1\",\"articleSection\":[\"Sert\u00e3o\"],\"inLanguage\":\"pt-BR\",\"potentialAction\":[{\"@type\":\"CommentAction\",\"name\":\"Comment\",\"target\":[\"https:\\\/\\\/afogadosfm.com.br\\\/afogadosfm\\\/2025\\\/06\\\/09\\\/23obpm-apreende-menor-acusado-de-tentativa-de-homicidio-e-trafico-em-tabira-pe\\\/#respond\"]}]},{\"@type\":\"WebPage\",\"@id\":\"https:\\\/\\\/afogadosfm.com.br\\\/afogadosfm\\\/2025\\\/06\\\/09\\\/23obpm-apreende-menor-acusado-de-tentativa-de-homicidio-e-trafico-em-tabira-pe\\\/\",\"url\":\"https:\\\/\\\/afogadosfm.com.br\\\/afogadosfm\\\/2025\\\/06\\\/09\\\/23obpm-apreende-menor-acusado-de-tentativa-de-homicidio-e-trafico-em-tabira-pe\\\/\",\"name\":\"23\u00baBPM apreende menor acusado de tentativa de homic\u00eddio e tr\u00e1fico em Tabira\\\/PE - Afogados FM\",\"isPartOf\":{\"@id\":\"https:\\\/\\\/afogadosfm.com.br\\\/afogadosfm\\\/#website\"},\"primaryImageOfPage\":{\"@id\":\"https:\\\/\\\/afogadosfm.com.br\\\/afogadosfm\\\/2025\\\/06\\\/09\\\/23obpm-apreende-menor-acusado-de-tentativa-de-homicidio-e-trafico-em-tabira-pe\\\/#primaryimage\"},\"image\":{\"@id\":\"https:\\\/\\\/afogadosfm.com.br\\\/afogadosfm\\\/2025\\\/06\\\/09\\\/23obpm-apreende-menor-acusado-de-tentativa-de-homicidio-e-trafico-em-tabira-pe\\\/#primaryimage\"},\"thumbnailUrl\":\"https:\\\/\\\/i0.wp.com\\\/afogadosfm.com.br\\\/afogadosfm\\\/wp-content\\\/uploads\\\/2022\\\/01\\\/23bpm.jpg?fit=198%2C220&ssl=1\",\"datePublished\":\"2025-06-09T08:55:54+00:00\",\"dateModified\":\"2025-06-09T08:55:55+00:00\",\"breadcrumb\":{\"@id\":\"https:\\\/\\\/afogadosfm.com.br\\\/afogadosfm\\\/2025\\\/06\\\/09\\\/23obpm-apreende-menor-acusado-de-tentativa-de-homicidio-e-trafico-em-tabira-pe\\\/#breadcrumb\"},\"inLanguage\":\"pt-BR\",\"potentialAction\":[{\"@type\":\"ReadAction\",\"target\":[\"https:\\\/\\\/afogadosfm.com.br\\\/afogadosfm\\\/2025\\\/06\\\/09\\\/23obpm-apreende-menor-acusado-de-tentativa-de-homicidio-e-trafico-em-tabira-pe\\\/\"]}]},{\"@type\":\"ImageObject\",\"inLanguage\":\"pt-BR\",\"@id\":\"https:\\\/\\\/afogadosfm.com.br\\\/afogadosfm\\\/2025\\\/06\\\/09\\\/23obpm-apreende-menor-acusado-de-tentativa-de-homicidio-e-trafico-em-tabira-pe\\\/#primaryimage\",\"url\":\"https:\\\/\\\/i0.wp.com\\\/afogadosfm.com.br\\\/afogadosfm\\\/wp-content\\\/uploads\\\/2022\\\/01\\\/23bpm.jpg?fit=198%2C220&ssl=1\",\"contentUrl\":\"https:\\\/\\\/i0.wp.com\\\/afogadosfm.com.br\\\/afogadosfm\\\/wp-content\\\/uploads\\\/2022\\\/01\\\/23bpm.jpg?fit=198%2C220&ssl=1\",\"width\":198,\"height\":220},{\"@type\":\"BreadcrumbList\",\"@id\":\"https:\\\/\\\/afogadosfm.com.br\\\/afogadosfm\\\/2025\\\/06\\\/09\\\/23obpm-apreende-menor-acusado-de-tentativa-de-homicidio-e-trafico-em-tabira-pe\\\/#breadcrumb\",\"itemListElement\":[{\"@type\":\"ListItem\",\"position\":1,\"name\":\"In\u00edcio\",\"item\":\"https:\\\/\\\/afogadosfm.com.br\\\/afogadosfm\\\/\"},{\"@type\":\"ListItem\",\"position\":2,\"name\":\"23\u00baBPM apreende menor acusado de tentativa de homic\u00eddio e tr\u00e1fico em Tabira\\\/PE\"}]},{\"@type\":\"WebSite\",\"@id\":\"https:\\\/\\\/afogadosfm.com.br\\\/afogadosfm\\\/#website\",\"url\":\"https:\\\/\\\/afogadosfm.com.br\\\/afogadosfm\\\/\",\"name\":\"Afogados FM\",\"description\":\"Um site completo!\",\"publisher\":{\"@id\":\"https:\\\/\\\/afogadosfm.com.br\\\/afogadosfm\\\/#organization\"},\"potentialAction\":[{\"@type\":\"SearchAction\",\"target\":{\"@type\":\"EntryPoint\",\"urlTemplate\":\"https:\\\/\\\/afogadosfm.com.br\\\/afogadosfm\\\/?s={search_term_string}\"},\"query-input\":{\"@type\":\"PropertyValueSpecification\",\"valueRequired\":true,\"valueName\":\"search_term_string\"}}],\"inLanguage\":\"pt-BR\"},{\"@type\":\"Organization\",\"@id\":\"https:\\\/\\\/afogadosfm.com.br\\\/afogadosfm\\\/#organization\",\"name\":\"Afogados FM\",\"url\":\"https:\\\/\\\/afogadosfm.com.br\\\/afogadosfm\\\/\",\"logo\":{\"@type\":\"ImageObject\",\"inLanguage\":\"pt-BR\",\"@id\":\"https:\\\/\\\/afogadosfm.com.br\\\/afogadosfm\\\/#\\\/schema\\\/logo\\\/image\\\/\",\"url\":\"https:\\\/\\\/i0.wp.com\\\/afogadosfm.com.br\\\/afogadosfm\\\/wp-content\\\/uploads\\\/2020\\\/06\\\/cropped-banner-afogados-4.jpg?fit=369%2C137&ssl=1\",\"contentUrl\":\"https:\\\/\\\/i0.wp.com\\\/afogadosfm.com.br\\\/afogadosfm\\\/wp-content\\\/uploads\\\/2020\\\/06\\\/cropped-banner-afogados-4.jpg?fit=369%2C137&ssl=1\",\"width\":369,\"height\":137,\"caption\":\"Afogados FM\"},\"image\":{\"@id\":\"https:\\\/\\\/afogadosfm.com.br\\\/afogadosfm\\\/#\\\/schema\\\/logo\\\/image\\\/\"}},{\"@type\":\"Person\",\"@id\":\"https:\\\/\\\/afogadosfm.com.br\\\/afogadosfm\\\/#\\\/schema\\\/person\\\/60e56f2cf5dc960fc093fe093d9e9057\",\"name\":\"afogadosfm\",\"image\":{\"@type\":\"ImageObject\",\"inLanguage\":\"pt-BR\",\"@id\":\"https:\\\/\\\/secure.gravatar.com\\\/avatar\\\/e0359add7ed5dc3560906d861b52c6a8cf5c1e199d3a7dd85070998f49bd4701?s=96&d=mm&r=g\",\"url\":\"https:\\\/\\\/secure.gravatar.com\\\/avatar\\\/e0359add7ed5dc3560906d861b52c6a8cf5c1e199d3a7dd85070998f49bd4701?s=96&d=mm&r=g\",\"contentUrl\":\"https:\\\/\\\/secure.gravatar.com\\\/avatar\\\/e0359add7ed5dc3560906d861b52c6a8cf5c1e199d3a7dd85070998f49bd4701?s=96&d=mm&r=g\",\"caption\":\"afogadosfm\"},\"url\":\"https:\\\/\\\/afogadosfm.com.br\\\/afogadosfm\\\/author\\\/afogadosfm\\\/\"}]}<\/script>\n<!-- \/ Yoast SEO plugin. -->","yoast_head_json":{"title":"23\u00baBPM apreende menor acusado de tentativa de homic\u00eddio e tr\u00e1fico em Tabira\/PE - Afogados FM","robots":{"index":"index","follow":"follow","max-snippet":"max-snippet:-1","max-image-preview":"max-image-preview:large","max-video-preview":"max-video-preview:-1"},"canonical":"https:\/\/afogadosfm.com.br\/afogadosfm\/2025\/06\/09\/23obpm-apreende-menor-acusado-de-tentativa-de-homicidio-e-trafico-em-tabira-pe\/","og_locale":"pt_BR","og_type":"article","og_title":"23\u00baBPM apreende menor acusado de tentativa de homic\u00eddio e tr\u00e1fico em Tabira\/PE - Afogados FM","og_description":"O 23\u00ba Batalh\u00e3o de Pol\u00edcia Militar de Pernambuco informa que, na tarde de hoje, foi acionado pela perman\u00eancia da 2\u00aa","og_url":"https:\/\/afogadosfm.com.br\/afogadosfm\/2025\/06\/09\/23obpm-apreende-menor-acusado-de-tentativa-de-homicidio-e-trafico-em-tabira-pe\/","og_site_name":"Afogados FM","article_published_time":"2025-06-09T08:55:54+00:00","article_modified_time":"2025-06-09T08:55:55+00:00","og_image":[{"width":198,"height":220,"url":"https:\/\/afogadosfm.com.br\/afogadosfm\/wp-content\/uploads\/2022\/01\/23bpm.jpg","type":"image\/jpeg"}],"author":"afogadosfm","twitter_card":"summary_large_image","twitter_misc":{"Escrito por":"afogadosfm","Est. tempo de leitura":"3 minutos"},"schema":{"@context":"https:\/\/schema.org","@graph":[{"@type":"Article","@id":"https:\/\/afogadosfm.com.br\/afogadosfm\/2025\/06\/09\/23obpm-apreende-menor-acusado-de-tentativa-de-homicidio-e-trafico-em-tabira-pe\/#article","isPartOf":{"@id":"https:\/\/afogadosfm.com.br\/afogadosfm\/2025\/06\/09\/23obpm-apreende-menor-acusado-de-tentativa-de-homicidio-e-trafico-em-tabira-pe\/"},"author":{"name":"afogadosfm","@id":"https:\/\/afogadosfm.com.br\/afogadosfm\/#\/schema\/person\/60e56f2cf5dc960fc093fe093d9e9057"},"headline":"23\u00baBPM apreende menor acusado de tentativa de homic\u00eddio e tr\u00e1fico em Tabira\/PE","datePublished":"2025-06-09T08:55:54+00:00","dateModified":"2025-06-09T08:55:55+00:00","mainEntityOfPage":{"@id":"https:\/\/afogadosfm.com.br\/afogadosfm\/2025\/06\/09\/23obpm-apreende-menor-acusado-de-tentativa-de-homicidio-e-trafico-em-tabira-pe\/"},"wordCount":524,"commentCount":0,"publisher":{"@id":"https:\/\/afogadosfm.com.br\/afogadosfm\/#organization"},"image":{"@id":"https:\/\/afogadosfm.com.br\/afogadosfm\/2025\/06\/09\/23obpm-apreende-menor-acusado-de-tentativa-de-homicidio-e-trafico-em-tabira-pe\/#primaryimage"},"thumbnailUrl":"https:\/\/i0.wp.com\/afogadosfm.com.br\/afogadosfm\/wp-content\/uploads\/2022\/01\/23bpm.jpg?fit=198%2C220&ssl=1","articleSection":["Sert\u00e3o"],"inLanguage":"pt-BR","potentialAction":[{"@type":"CommentAction","name":"Comment","target":["https:\/\/afogadosfm.com.br\/afogadosfm\/2025\/06\/09\/23obpm-apreende-menor-acusado-de-tentativa-de-homicidio-e-trafico-em-tabira-pe\/#respond"]}]},{"@type":"WebPage","@id":"https:\/\/afogadosfm.com.br\/afogadosfm\/2025\/06\/09\/23obpm-apreende-menor-acusado-de-tentativa-de-homicidio-e-trafico-em-tabira-pe\/","url":"https:\/\/afogadosfm.com.br\/afogadosfm\/2025\/06\/09\/23obpm-apreende-menor-acusado-de-tentativa-de-homicidio-e-trafico-em-tabira-pe\/","name":"23\u00baBPM apreende menor acusado de tentativa de homic\u00eddio e tr\u00e1fico em Tabira\/PE - Afogados FM","isPartOf":{"@id":"https:\/\/afogadosfm.com.br\/afogadosfm\/#website"},"primaryImageOfPage":{"@id":"https:\/\/afogadosfm.com.br\/afogadosfm\/2025\/06\/09\/23obpm-apreende-menor-acusado-de-tentativa-de-homicidio-e-trafico-em-tabira-pe\/#primaryimage"},"image":{"@id":"https:\/\/afogadosfm.com.br\/afogadosfm\/2025\/06\/09\/23obpm-apreende-menor-acusado-de-tentativa-de-homicidio-e-trafico-em-tabira-pe\/#primaryimage"},"thumbnailUrl":"https:\/\/i0.wp.com\/afogadosfm.com.br\/afogadosfm\/wp-content\/uploads\/2022\/01\/23bpm.jpg?fit=198%2C220&ssl=1","datePublished":"2025-06-09T08:55:54+00:00","dateModified":"2025-06-09T08:55:55+00:00","breadcrumb":{"@id":"https:\/\/afogadosfm.com.br\/afogadosfm\/2025\/06\/09\/23obpm-apreende-menor-acusado-de-tentativa-de-homicidio-e-trafico-em-tabira-pe\/#breadcrumb"},"inLanguage":"pt-BR","potentialAction":[{"@type":"ReadAction","target":["https:\/\/afogadosfm.com.br\/afogadosfm\/2025\/06\/09\/23obpm-apreende-menor-acusado-de-tentativa-de-homicidio-e-trafico-em-tabira-pe\/"]}]},{"@type":"ImageObject","inLanguage":"pt-BR","@id":"https:\/\/afogadosfm.com.br\/afogadosfm\/2025\/06\/09\/23obpm-apreende-menor-acusado-de-tentativa-de-homicidio-e-trafico-em-tabira-pe\/#primaryimage","url":"https:\/\/i0.wp.com\/afogadosfm.com.br\/afogadosfm\/wp-content\/uploads\/2022\/01\/23bpm.jpg?fit=198%2C220&ssl=1","contentUrl":"https:\/\/i0.wp.com\/afogadosfm.com.br\/afogadosfm\/wp-content\/uploads\/2022\/01\/23bpm.jpg?fit=198%2C220&ssl=1","width":198,"height":220},{"@type":"BreadcrumbList","@id":"https:\/\/afogadosfm.com.br\/afogadosfm\/2025\/06\/09\/23obpm-apreende-menor-acusado-de-tentativa-de-homicidio-e-trafico-em-tabira-pe\/#breadcrumb","itemListElement":[{"@type":"ListItem","position":1,"name":"In\u00edcio","item":"https:\/\/afogadosfm.com.br\/afogadosfm\/"},{"@type":"ListItem","position":2,"name":"23\u00baBPM apreende menor acusado de tentativa de homic\u00eddio e tr\u00e1fico em Tabira\/PE"}]},{"@type":"WebSite","@id":"https:\/\/afogadosfm.com.br\/afogadosfm\/#website","url":"https:\/\/afogadosfm.com.br\/afogadosfm\/","name":"Afogados FM","description":"Um site completo!","publisher":{"@id":"https:\/\/afogadosfm.com.br\/afogadosfm\/#organization"},"potentialAction":[{"@type":"SearchAction","target":{"@type":"EntryPoint","urlTemplate":"https:\/\/afogadosfm.com.br\/afogadosfm\/?s={search_term_string}"},"query-input":{"@type":"PropertyValueSpecification","valueRequired":true,"valueName":"search_term_string"}}],"inLanguage":"pt-BR"},{"@type":"Organization","@id":"https:\/\/afogadosfm.com.br\/afogadosfm\/#organization","name":"Afogados FM","url":"https:\/\/afogadosfm.com.br\/afogadosfm\/","logo":{"@type":"ImageObject","inLanguage":"pt-BR","@id":"https:\/\/afogadosfm.com.br\/afogadosfm\/#\/schema\/logo\/image\/","url":"https:\/\/i0.wp.com\/afogadosfm.com.br\/afogadosfm\/wp-content\/uploads\/2020\/06\/cropped-banner-afogados-4.jpg?fit=369%2C137&ssl=1","contentUrl":"https:\/\/i0.wp.com\/afogadosfm.com.br\/afogadosfm\/wp-content\/uploads\/2020\/06\/cropped-banner-afogados-4.jpg?fit=369%2C137&ssl=1","width":369,"height":137,"caption":"Afogados FM"},"image":{"@id":"https:\/\/afogadosfm.com.br\/afogadosfm\/#\/schema\/logo\/image\/"}},{"@type":"Person","@id":"https:\/\/afogadosfm.com.br\/afogadosfm\/#\/schema\/person\/60e56f2cf5dc960fc093fe093d9e9057","name":"afogadosfm","image":{"@type":"ImageObject","inLanguage":"pt-BR","@id":"https:\/\/secure.gravatar.com\/avatar\/e0359add7ed5dc3560906d861b52c6a8cf5c1e199d3a7dd85070998f49bd4701?s=96&d=mm&r=g","url":"https:\/\/secure.gravatar.com\/avatar\/e0359add7ed5dc3560906d861b52c6a8cf5c1e199d3a7dd85070998f49bd4701?s=96&d=mm&r=g","contentUrl":"https:\/\/secure.gravatar.com\/avatar\/e0359add7ed5dc3560906d861b52c6a8cf5c1e199d3a7dd85070998f49bd4701?s=96&d=mm&r=g","caption":"afogadosfm"},"url":"https:\/\/afogadosfm.com.br\/afogadosfm\/author\/afogadosfm\/"}]}},"jetpack_publicize_connections":[],"jetpack_featured_media_url":"https:\/\/i0.wp.com\/afogadosfm.com.br\/afogadosfm\/wp-content\/uploads\/2022\/01\/23bpm.jpg?fit=198%2C220&ssl=1","jetpack-related-posts":[],"jetpack_sharing_enabled":true,"jetpack_likes_enabled":true,"_links":{"self":[{"href":"https:\/\/afogadosfm.com.br\/afogadosfm\/wp-json\/wp\/v2\/posts\/66499","targetHints":{"allow":["GET"]}}],"collection":[{"href":"https:\/\/afogadosfm.com.br\/afogadosfm\/wp-json\/wp\/v2\/posts"}],"about":[{"href":"https:\/\/afogadosfm.com.br\/afogadosfm\/wp-json\/wp\/v2\/types\/post"}],"author":[{"embeddable":true,"href":"https:\/\/afogadosfm.com.br\/afogadosfm\/wp-json\/wp\/v2\/users\/2"}],"replies":[{"embeddable":true,"href":"https:\/\/afogadosfm.com.br\/afogadosfm\/wp-json\/wp\/v2\/comments?post=66499"}],"version-history":[{"count":1,"href":"https:\/\/afogadosfm.com.br\/afogadosfm\/wp-json\/wp\/v2\/posts\/66499\/revisions"}],"predecessor-version":[{"id":66500,"href":"https:\/\/afogadosfm.com.br\/afogadosfm\/wp-json\/wp\/v2\/posts\/66499\/revisions\/66500"}],"wp:featuredmedia":[{"embeddable":true,"href":"https:\/\/afogadosfm.com.br\/afogadosfm\/wp-json\/wp\/v2\/media\/33834"}],"wp:attachment":[{"href":"https:\/\/afogadosfm.com.br\/afogadosfm\/wp-json\/wp\/v2\/media?parent=66499"}],"wp:term":[{"taxonomy":"category","embeddable":true,"href":"https:\/\/afogadosfm.com.br\/afogadosfm\/wp-json\/wp\/v2\/categories?post=66499"},{"taxonomy":"post_tag","embeddable":true,"href":"https:\/\/afogadosfm.com.br\/afogadosfm\/wp-json\/wp\/v2\/tags?post=66499"}],"curies":[{"name":"wp","href":"https:\/\/api.w.org\/{rel}","templated":true}]}}