{"id":66708,"date":"2025-06-17T05:54:52","date_gmt":"2025-06-17T08:54:52","guid":{"rendered":"https:\/\/afogadosfm.com.br\/afogadosfm\/?p=66708"},"modified":"2025-06-17T05:54:53","modified_gmt":"2025-06-17T08:54:53","slug":"governo-de-pernambuco-implanta-reajuste-salarial-para-cerca-de-190-mil-servidores-estaduais","status":"publish","type":"post","link":"https:\/\/afogadosfm.com.br\/afogadosfm\/2025\/06\/17\/governo-de-pernambuco-implanta-reajuste-salarial-para-cerca-de-190-mil-servidores-estaduais\/","title":{"rendered":"Governo de Pernambuco implanta reajuste salarial para cerca de 190 mil servidores estaduais"},"content":{"rendered":"\n<p>O Governo do Estado, honrando o compromisso firmado durante as Mesas de Negocia\u00e7\u00f5es salariais e comprometido em promover a valoriza\u00e7\u00e3o do funcionalismo p\u00fablico estadual, implantou, na folha salarial deste m\u00eas de junho, o reajuste salarial constru\u00eddo junto com as categorias. Isso corresponde a dizer que, a partir da sexta-feira (20), cerca de 190 mil servidores estaduais de 43 categorias ser\u00e3o beneficiados com a a\u00e7\u00e3o.<\/p>\n\n\n\n<p>Essa medida \u00e9 decorrente do aumento firmado, por meio da Secretaria de Administra\u00e7\u00e3o (SAD), para o per\u00edodo de 2024 a 2026 e abrange Militares do Estado, Delegados, Agentes de Pol\u00edcia e correlatos, M\u00e9dicos, Auditores Fiscais, Procuradores, Quadro T\u00e9cnico Administrativo da Sa\u00fade, entre outros.<\/p>\n\n\n\n<p>Entre os principais avan\u00e7os implantados pelo Governo de Pernambuco para os servidores do Estado, destaque para o in\u00edcio da reorganiza\u00e7\u00e3o de carreiras at\u00e9 ent\u00e3o desestruturadas; a extin\u00e7\u00e3o de t\u00edtulos remunerat\u00f3rios preexistentes, a exemplo da Parcela Remunerat\u00f3ria de Valoriza\u00e7\u00e3o do Servidor (PARES), sendo incorporada aos vencimentos; o fim de valores-base iniciais inferiores ao valor do sal\u00e1rio m\u00ednimo vigente, al\u00e9m de reajustes variados na ordem de 20% para todas as categorias.<\/p>\n\n\n\n<p>A secret\u00e1ria de Administra\u00e7\u00e3o, Ana Mara\u00edza, ressaltou a import\u00e2ncia das negocia\u00e7\u00f5es entre o Poder Executivo Estadual e o funcionalismo p\u00fablico. \u201cEssas melhorias s\u00e3o resultado de amplo processo de di\u00e1logo do Governo do Estado com sindicatos, associa\u00e7\u00f5es e demais entidades representativas. Realizamos cerca de 160 reuni\u00f5es de Mesas Espec\u00edficas, Mesa Geral e encontros t\u00e9cnicos, em 2024 e 2025. Todos os reajustes salariais foram firmados alinhando a necessidade das categorias com o que determina a Lei de Responsabilidade Fiscal\u201d, destacou a titular da pasta.<\/p>\n\n\n\n<p>Outra melhoria trazida para os servidores do Estado \u00e9 o reajuste de 9,09% no Vale Refei\u00e7\u00e3o dos Servidores do Poder Executivo Estadual, assim como a atualiza\u00e7\u00e3o das di\u00e1rias parcial e integral. Esses valores, que estavam h\u00e1 quase uma d\u00e9cada sem reajuste, passaram de R$ 17,52 e R$ 54,01 para R$ 55,00 e R$ 120,00, respectivamente.<\/p>\n\n\n\n<p><strong>Educa\u00e7\u00e3o<\/strong><\/p>\n\n\n\n<p>Tamb\u00e9m neste m\u00eas de junho, o Governo do Estado implantar\u00e1 reajuste salarial para cerca de 76 mil profissionais da educa\u00e7\u00e3o, n\u00famero que j\u00e1 est\u00e1 inclu\u00eddo nos 190 mil servidores beneficiados com o aumento. O acordo contemplou uma s\u00e9rie de avan\u00e7os, a exemplo do incremento de 6,27% referente ao novo valor do piso salarial profissional nacional do magist\u00e9rio p\u00fablico da Educa\u00e7\u00e3o B\u00e1sica \u2013 ajustado anualmente \u2013 e a implanta\u00e7\u00e3o de melhorias no Plano de Cargos, Carreiras e Vencimentos (PCCV), resultando em ganhos de at\u00e9 8,38% para professores.<\/p>\n\n\n\n<p>A negocia\u00e7\u00e3o, firmada em abril de 2025, tamb\u00e9m abrangeu a realiza\u00e7\u00e3o do primeiro ciclo avaliativo de desempenho dos profissionais em Educa\u00e7\u00e3o. Essa medida, que ser\u00e1 implementada ap\u00f3s 27 anos da cria\u00e7\u00e3o do PCCV, ser\u00e1 realizada durante o exerc\u00edcio de 2026, com efeitos financeiros a partir de dezembro do pr\u00f3ximo ano.<\/p>\n\n\n\n<p>Al\u00e9m disso, o acordo com os profissionais da Educa\u00e7\u00e3o contemplou reajuste de 6,27% sobre a Gratifica\u00e7\u00e3o de Fun\u00e7\u00e3o T\u00e9cnico-pedag\u00f3gica concedida aos servidores ocupantes dos cargos p\u00fablicos de Analista em Gest\u00e3o Educacional; e manteve aberto o espa\u00e7o de Mesa de Negocia\u00e7\u00e3o Espec\u00edfica, no \u00e2mbito da Secretaria Estadual de Educa\u00e7\u00e3o.<\/p>\n\n\n\n<p>A remunera\u00e7\u00e3o desses profissionais acompanha o piso salarial nacional do magist\u00e9rio p\u00fablico da Educa\u00e7\u00e3o B\u00e1sica, que \u00e9 reajustado anualmente. Em 2024, professores, analistas e administrativos da Educa\u00e7\u00e3o tamb\u00e9m receberam aumento, juntamente com as demais categorias.<\/p>\n\n\n\n<p>Importante frisar que o di\u00e1logo do Governo do Estado com todo o funcionalismo p\u00fablico estadual resultou na san\u00e7\u00e3o de, aproximadamente, 15 Leis Complementares, beneficiando 190 mil servidores estaduais.<\/p>\n","protected":false},"excerpt":{"rendered":"<p>O Governo do Estado, honrando o compromisso firmado durante as Mesas de Negocia\u00e7\u00f5es salariais e comprometido em promover a valoriza\u00e7\u00e3o<\/p>\n","protected":false},"author":2,"featured_media":66628,"comment_status":"open","ping_status":"open","sticky":false,"template":"","format":"standard","meta":{"jetpack_post_was_ever_published":false,"_jetpack_newsletter_access":"","_jetpack_dont_email_post_to_subs":false,"_jetpack_newsletter_tier_id":0,"_jetpack_memberships_contains_paywalled_content":false,"_jetpack_memberships_contains_paid_content":false,"footnotes":"","jetpack_publicize_message":"","jetpack_publicize_feature_enabled":true,"jetpack_social_post_already_shared":true,"jetpack_social_options":{"image_generator_settings":{"template":"highway","default_image_id":0,"font":"","enabled":false},"version":2}},"categories":[13],"tags":[],"class_list":["post-66708","post","type-post","status-publish","format-standard","has-post-thumbnail","hentry","category-pernambuco"],"yoast_head":"<!-- This site is optimized with the Yoast SEO plugin v27.5 - https:\/\/yoast.com\/product\/yoast-seo-wordpress\/ -->\n<title>Governo de Pernambuco implanta reajuste salarial para cerca de 190 mil servidores estaduais - Afogados FM<\/title>\n<meta name=\"robots\" content=\"index, follow, max-snippet:-1, max-image-preview:large, max-video-preview:-1\" \/>\n<link rel=\"canonical\" href=\"https:\/\/afogadosfm.com.br\/afogadosfm\/2025\/06\/17\/governo-de-pernambuco-implanta-reajuste-salarial-para-cerca-de-190-mil-servidores-estaduais\/\" \/>\n<meta property=\"og:locale\" content=\"pt_BR\" \/>\n<meta property=\"og:type\" content=\"article\" \/>\n<meta property=\"og:title\" content=\"Governo de Pernambuco implanta reajuste salarial para cerca de 190 mil servidores estaduais - Afogados FM\" \/>\n<meta property=\"og:description\" content=\"O Governo do Estado, honrando o compromisso firmado durante as Mesas de Negocia\u00e7\u00f5es salariais e comprometido em promover a valoriza\u00e7\u00e3o\" \/>\n<meta property=\"og:url\" content=\"https:\/\/afogadosfm.com.br\/afogadosfm\/2025\/06\/17\/governo-de-pernambuco-implanta-reajuste-salarial-para-cerca-de-190-mil-servidores-estaduais\/\" \/>\n<meta property=\"og:site_name\" content=\"Afogados FM\" \/>\n<meta property=\"article:published_time\" content=\"2025-06-17T08:54:52+00:00\" \/>\n<meta property=\"article:modified_time\" content=\"2025-06-17T08:54:53+00:00\" \/>\n<meta property=\"og:image\" content=\"https:\/\/afogadosfm.com.br\/afogadosfm\/wp-content\/uploads\/2025\/06\/real-1.jpeg\" \/>\n\t<meta property=\"og:image:width\" content=\"474\" \/>\n\t<meta property=\"og:image:height\" content=\"315\" \/>\n\t<meta property=\"og:image:type\" content=\"image\/jpeg\" \/>\n<meta name=\"author\" content=\"afogadosfm\" \/>\n<meta name=\"twitter:card\" content=\"summary_large_image\" \/>\n<meta name=\"twitter:label1\" content=\"Escrito por\" \/>\n\t<meta name=\"twitter:data1\" content=\"afogadosfm\" \/>\n\t<meta name=\"twitter:label2\" content=\"Est. tempo de leitura\" \/>\n\t<meta name=\"twitter:data2\" content=\"4 minutos\" \/>\n<script type=\"application\/ld+json\" class=\"yoast-schema-graph\">{\"@context\":\"https:\\\/\\\/schema.org\",\"@graph\":[{\"@type\":\"Article\",\"@id\":\"https:\\\/\\\/afogadosfm.com.br\\\/afogadosfm\\\/2025\\\/06\\\/17\\\/governo-de-pernambuco-implanta-reajuste-salarial-para-cerca-de-190-mil-servidores-estaduais\\\/#article\",\"isPartOf\":{\"@id\":\"https:\\\/\\\/afogadosfm.com.br\\\/afogadosfm\\\/2025\\\/06\\\/17\\\/governo-de-pernambuco-implanta-reajuste-salarial-para-cerca-de-190-mil-servidores-estaduais\\\/\"},\"author\":{\"name\":\"afogadosfm\",\"@id\":\"https:\\\/\\\/afogadosfm.com.br\\\/afogadosfm\\\/#\\\/schema\\\/person\\\/60e56f2cf5dc960fc093fe093d9e9057\"},\"headline\":\"Governo de Pernambuco implanta reajuste salarial para cerca de 190 mil servidores estaduais\",\"datePublished\":\"2025-06-17T08:54:52+00:00\",\"dateModified\":\"2025-06-17T08:54:53+00:00\",\"mainEntityOfPage\":{\"@id\":\"https:\\\/\\\/afogadosfm.com.br\\\/afogadosfm\\\/2025\\\/06\\\/17\\\/governo-de-pernambuco-implanta-reajuste-salarial-para-cerca-de-190-mil-servidores-estaduais\\\/\"},\"wordCount\":627,\"commentCount\":0,\"publisher\":{\"@id\":\"https:\\\/\\\/afogadosfm.com.br\\\/afogadosfm\\\/#organization\"},\"image\":{\"@id\":\"https:\\\/\\\/afogadosfm.com.br\\\/afogadosfm\\\/2025\\\/06\\\/17\\\/governo-de-pernambuco-implanta-reajuste-salarial-para-cerca-de-190-mil-servidores-estaduais\\\/#primaryimage\"},\"thumbnailUrl\":\"https:\\\/\\\/i0.wp.com\\\/afogadosfm.com.br\\\/afogadosfm\\\/wp-content\\\/uploads\\\/2025\\\/06\\\/real-1.jpeg?fit=474%2C315&ssl=1\",\"articleSection\":[\"Pernambuco\"],\"inLanguage\":\"pt-BR\",\"potentialAction\":[{\"@type\":\"CommentAction\",\"name\":\"Comment\",\"target\":[\"https:\\\/\\\/afogadosfm.com.br\\\/afogadosfm\\\/2025\\\/06\\\/17\\\/governo-de-pernambuco-implanta-reajuste-salarial-para-cerca-de-190-mil-servidores-estaduais\\\/#respond\"]}]},{\"@type\":\"WebPage\",\"@id\":\"https:\\\/\\\/afogadosfm.com.br\\\/afogadosfm\\\/2025\\\/06\\\/17\\\/governo-de-pernambuco-implanta-reajuste-salarial-para-cerca-de-190-mil-servidores-estaduais\\\/\",\"url\":\"https:\\\/\\\/afogadosfm.com.br\\\/afogadosfm\\\/2025\\\/06\\\/17\\\/governo-de-pernambuco-implanta-reajuste-salarial-para-cerca-de-190-mil-servidores-estaduais\\\/\",\"name\":\"Governo de Pernambuco implanta reajuste salarial para cerca de 190 mil servidores estaduais - Afogados FM\",\"isPartOf\":{\"@id\":\"https:\\\/\\\/afogadosfm.com.br\\\/afogadosfm\\\/#website\"},\"primaryImageOfPage\":{\"@id\":\"https:\\\/\\\/afogadosfm.com.br\\\/afogadosfm\\\/2025\\\/06\\\/17\\\/governo-de-pernambuco-implanta-reajuste-salarial-para-cerca-de-190-mil-servidores-estaduais\\\/#primaryimage\"},\"image\":{\"@id\":\"https:\\\/\\\/afogadosfm.com.br\\\/afogadosfm\\\/2025\\\/06\\\/17\\\/governo-de-pernambuco-implanta-reajuste-salarial-para-cerca-de-190-mil-servidores-estaduais\\\/#primaryimage\"},\"thumbnailUrl\":\"https:\\\/\\\/i0.wp.com\\\/afogadosfm.com.br\\\/afogadosfm\\\/wp-content\\\/uploads\\\/2025\\\/06\\\/real-1.jpeg?fit=474%2C315&ssl=1\",\"datePublished\":\"2025-06-17T08:54:52+00:00\",\"dateModified\":\"2025-06-17T08:54:53+00:00\",\"breadcrumb\":{\"@id\":\"https:\\\/\\\/afogadosfm.com.br\\\/afogadosfm\\\/2025\\\/06\\\/17\\\/governo-de-pernambuco-implanta-reajuste-salarial-para-cerca-de-190-mil-servidores-estaduais\\\/#breadcrumb\"},\"inLanguage\":\"pt-BR\",\"potentialAction\":[{\"@type\":\"ReadAction\",\"target\":[\"https:\\\/\\\/afogadosfm.com.br\\\/afogadosfm\\\/2025\\\/06\\\/17\\\/governo-de-pernambuco-implanta-reajuste-salarial-para-cerca-de-190-mil-servidores-estaduais\\\/\"]}]},{\"@type\":\"ImageObject\",\"inLanguage\":\"pt-BR\",\"@id\":\"https:\\\/\\\/afogadosfm.com.br\\\/afogadosfm\\\/2025\\\/06\\\/17\\\/governo-de-pernambuco-implanta-reajuste-salarial-para-cerca-de-190-mil-servidores-estaduais\\\/#primaryimage\",\"url\":\"https:\\\/\\\/i0.wp.com\\\/afogadosfm.com.br\\\/afogadosfm\\\/wp-content\\\/uploads\\\/2025\\\/06\\\/real-1.jpeg?fit=474%2C315&ssl=1\",\"contentUrl\":\"https:\\\/\\\/i0.wp.com\\\/afogadosfm.com.br\\\/afogadosfm\\\/wp-content\\\/uploads\\\/2025\\\/06\\\/real-1.jpeg?fit=474%2C315&ssl=1\",\"width\":474,\"height\":315},{\"@type\":\"BreadcrumbList\",\"@id\":\"https:\\\/\\\/afogadosfm.com.br\\\/afogadosfm\\\/2025\\\/06\\\/17\\\/governo-de-pernambuco-implanta-reajuste-salarial-para-cerca-de-190-mil-servidores-estaduais\\\/#breadcrumb\",\"itemListElement\":[{\"@type\":\"ListItem\",\"position\":1,\"name\":\"In\u00edcio\",\"item\":\"https:\\\/\\\/afogadosfm.com.br\\\/afogadosfm\\\/\"},{\"@type\":\"ListItem\",\"position\":2,\"name\":\"Governo de Pernambuco implanta reajuste salarial para cerca de 190 mil servidores estaduais\"}]},{\"@type\":\"WebSite\",\"@id\":\"https:\\\/\\\/afogadosfm.com.br\\\/afogadosfm\\\/#website\",\"url\":\"https:\\\/\\\/afogadosfm.com.br\\\/afogadosfm\\\/\",\"name\":\"Afogados FM\",\"description\":\"Um site completo!\",\"publisher\":{\"@id\":\"https:\\\/\\\/afogadosfm.com.br\\\/afogadosfm\\\/#organization\"},\"potentialAction\":[{\"@type\":\"SearchAction\",\"target\":{\"@type\":\"EntryPoint\",\"urlTemplate\":\"https:\\\/\\\/afogadosfm.com.br\\\/afogadosfm\\\/?s={search_term_string}\"},\"query-input\":{\"@type\":\"PropertyValueSpecification\",\"valueRequired\":true,\"valueName\":\"search_term_string\"}}],\"inLanguage\":\"pt-BR\"},{\"@type\":\"Organization\",\"@id\":\"https:\\\/\\\/afogadosfm.com.br\\\/afogadosfm\\\/#organization\",\"name\":\"Afogados FM\",\"url\":\"https:\\\/\\\/afogadosfm.com.br\\\/afogadosfm\\\/\",\"logo\":{\"@type\":\"ImageObject\",\"inLanguage\":\"pt-BR\",\"@id\":\"https:\\\/\\\/afogadosfm.com.br\\\/afogadosfm\\\/#\\\/schema\\\/logo\\\/image\\\/\",\"url\":\"https:\\\/\\\/i0.wp.com\\\/afogadosfm.com.br\\\/afogadosfm\\\/wp-content\\\/uploads\\\/2020\\\/06\\\/cropped-banner-afogados-4.jpg?fit=369%2C137&ssl=1\",\"contentUrl\":\"https:\\\/\\\/i0.wp.com\\\/afogadosfm.com.br\\\/afogadosfm\\\/wp-content\\\/uploads\\\/2020\\\/06\\\/cropped-banner-afogados-4.jpg?fit=369%2C137&ssl=1\",\"width\":369,\"height\":137,\"caption\":\"Afogados FM\"},\"image\":{\"@id\":\"https:\\\/\\\/afogadosfm.com.br\\\/afogadosfm\\\/#\\\/schema\\\/logo\\\/image\\\/\"}},{\"@type\":\"Person\",\"@id\":\"https:\\\/\\\/afogadosfm.com.br\\\/afogadosfm\\\/#\\\/schema\\\/person\\\/60e56f2cf5dc960fc093fe093d9e9057\",\"name\":\"afogadosfm\",\"image\":{\"@type\":\"ImageObject\",\"inLanguage\":\"pt-BR\",\"@id\":\"https:\\\/\\\/secure.gravatar.com\\\/avatar\\\/e0359add7ed5dc3560906d861b52c6a8cf5c1e199d3a7dd85070998f49bd4701?s=96&d=mm&r=g\",\"url\":\"https:\\\/\\\/secure.gravatar.com\\\/avatar\\\/e0359add7ed5dc3560906d861b52c6a8cf5c1e199d3a7dd85070998f49bd4701?s=96&d=mm&r=g\",\"contentUrl\":\"https:\\\/\\\/secure.gravatar.com\\\/avatar\\\/e0359add7ed5dc3560906d861b52c6a8cf5c1e199d3a7dd85070998f49bd4701?s=96&d=mm&r=g\",\"caption\":\"afogadosfm\"},\"url\":\"https:\\\/\\\/afogadosfm.com.br\\\/afogadosfm\\\/author\\\/afogadosfm\\\/\"}]}<\/script>\n<!-- \/ Yoast SEO plugin. -->","yoast_head_json":{"title":"Governo de Pernambuco implanta reajuste salarial para cerca de 190 mil servidores estaduais - Afogados FM","robots":{"index":"index","follow":"follow","max-snippet":"max-snippet:-1","max-image-preview":"max-image-preview:large","max-video-preview":"max-video-preview:-1"},"canonical":"https:\/\/afogadosfm.com.br\/afogadosfm\/2025\/06\/17\/governo-de-pernambuco-implanta-reajuste-salarial-para-cerca-de-190-mil-servidores-estaduais\/","og_locale":"pt_BR","og_type":"article","og_title":"Governo de Pernambuco implanta reajuste salarial para cerca de 190 mil servidores estaduais - Afogados FM","og_description":"O Governo do Estado, honrando o compromisso firmado durante as Mesas de Negocia\u00e7\u00f5es salariais e comprometido em promover a valoriza\u00e7\u00e3o","og_url":"https:\/\/afogadosfm.com.br\/afogadosfm\/2025\/06\/17\/governo-de-pernambuco-implanta-reajuste-salarial-para-cerca-de-190-mil-servidores-estaduais\/","og_site_name":"Afogados FM","article_published_time":"2025-06-17T08:54:52+00:00","article_modified_time":"2025-06-17T08:54:53+00:00","og_image":[{"width":474,"height":315,"url":"https:\/\/afogadosfm.com.br\/afogadosfm\/wp-content\/uploads\/2025\/06\/real-1.jpeg","type":"image\/jpeg"}],"author":"afogadosfm","twitter_card":"summary_large_image","twitter_misc":{"Escrito por":"afogadosfm","Est. tempo de leitura":"4 minutos"},"schema":{"@context":"https:\/\/schema.org","@graph":[{"@type":"Article","@id":"https:\/\/afogadosfm.com.br\/afogadosfm\/2025\/06\/17\/governo-de-pernambuco-implanta-reajuste-salarial-para-cerca-de-190-mil-servidores-estaduais\/#article","isPartOf":{"@id":"https:\/\/afogadosfm.com.br\/afogadosfm\/2025\/06\/17\/governo-de-pernambuco-implanta-reajuste-salarial-para-cerca-de-190-mil-servidores-estaduais\/"},"author":{"name":"afogadosfm","@id":"https:\/\/afogadosfm.com.br\/afogadosfm\/#\/schema\/person\/60e56f2cf5dc960fc093fe093d9e9057"},"headline":"Governo de Pernambuco implanta reajuste salarial para cerca de 190 mil servidores estaduais","datePublished":"2025-06-17T08:54:52+00:00","dateModified":"2025-06-17T08:54:53+00:00","mainEntityOfPage":{"@id":"https:\/\/afogadosfm.com.br\/afogadosfm\/2025\/06\/17\/governo-de-pernambuco-implanta-reajuste-salarial-para-cerca-de-190-mil-servidores-estaduais\/"},"wordCount":627,"commentCount":0,"publisher":{"@id":"https:\/\/afogadosfm.com.br\/afogadosfm\/#organization"},"image":{"@id":"https:\/\/afogadosfm.com.br\/afogadosfm\/2025\/06\/17\/governo-de-pernambuco-implanta-reajuste-salarial-para-cerca-de-190-mil-servidores-estaduais\/#primaryimage"},"thumbnailUrl":"https:\/\/i0.wp.com\/afogadosfm.com.br\/afogadosfm\/wp-content\/uploads\/2025\/06\/real-1.jpeg?fit=474%2C315&ssl=1","articleSection":["Pernambuco"],"inLanguage":"pt-BR","potentialAction":[{"@type":"CommentAction","name":"Comment","target":["https:\/\/afogadosfm.com.br\/afogadosfm\/2025\/06\/17\/governo-de-pernambuco-implanta-reajuste-salarial-para-cerca-de-190-mil-servidores-estaduais\/#respond"]}]},{"@type":"WebPage","@id":"https:\/\/afogadosfm.com.br\/afogadosfm\/2025\/06\/17\/governo-de-pernambuco-implanta-reajuste-salarial-para-cerca-de-190-mil-servidores-estaduais\/","url":"https:\/\/afogadosfm.com.br\/afogadosfm\/2025\/06\/17\/governo-de-pernambuco-implanta-reajuste-salarial-para-cerca-de-190-mil-servidores-estaduais\/","name":"Governo de Pernambuco implanta reajuste salarial para cerca de 190 mil servidores estaduais - Afogados FM","isPartOf":{"@id":"https:\/\/afogadosfm.com.br\/afogadosfm\/#website"},"primaryImageOfPage":{"@id":"https:\/\/afogadosfm.com.br\/afogadosfm\/2025\/06\/17\/governo-de-pernambuco-implanta-reajuste-salarial-para-cerca-de-190-mil-servidores-estaduais\/#primaryimage"},"image":{"@id":"https:\/\/afogadosfm.com.br\/afogadosfm\/2025\/06\/17\/governo-de-pernambuco-implanta-reajuste-salarial-para-cerca-de-190-mil-servidores-estaduais\/#primaryimage"},"thumbnailUrl":"https:\/\/i0.wp.com\/afogadosfm.com.br\/afogadosfm\/wp-content\/uploads\/2025\/06\/real-1.jpeg?fit=474%2C315&ssl=1","datePublished":"2025-06-17T08:54:52+00:00","dateModified":"2025-06-17T08:54:53+00:00","breadcrumb":{"@id":"https:\/\/afogadosfm.com.br\/afogadosfm\/2025\/06\/17\/governo-de-pernambuco-implanta-reajuste-salarial-para-cerca-de-190-mil-servidores-estaduais\/#breadcrumb"},"inLanguage":"pt-BR","potentialAction":[{"@type":"ReadAction","target":["https:\/\/afogadosfm.com.br\/afogadosfm\/2025\/06\/17\/governo-de-pernambuco-implanta-reajuste-salarial-para-cerca-de-190-mil-servidores-estaduais\/"]}]},{"@type":"ImageObject","inLanguage":"pt-BR","@id":"https:\/\/afogadosfm.com.br\/afogadosfm\/2025\/06\/17\/governo-de-pernambuco-implanta-reajuste-salarial-para-cerca-de-190-mil-servidores-estaduais\/#primaryimage","url":"https:\/\/i0.wp.com\/afogadosfm.com.br\/afogadosfm\/wp-content\/uploads\/2025\/06\/real-1.jpeg?fit=474%2C315&ssl=1","contentUrl":"https:\/\/i0.wp.com\/afogadosfm.com.br\/afogadosfm\/wp-content\/uploads\/2025\/06\/real-1.jpeg?fit=474%2C315&ssl=1","width":474,"height":315},{"@type":"BreadcrumbList","@id":"https:\/\/afogadosfm.com.br\/afogadosfm\/2025\/06\/17\/governo-de-pernambuco-implanta-reajuste-salarial-para-cerca-de-190-mil-servidores-estaduais\/#breadcrumb","itemListElement":[{"@type":"ListItem","position":1,"name":"In\u00edcio","item":"https:\/\/afogadosfm.com.br\/afogadosfm\/"},{"@type":"ListItem","position":2,"name":"Governo de Pernambuco implanta reajuste salarial para cerca de 190 mil servidores estaduais"}]},{"@type":"WebSite","@id":"https:\/\/afogadosfm.com.br\/afogadosfm\/#website","url":"https:\/\/afogadosfm.com.br\/afogadosfm\/","name":"Afogados FM","description":"Um site completo!","publisher":{"@id":"https:\/\/afogadosfm.com.br\/afogadosfm\/#organization"},"potentialAction":[{"@type":"SearchAction","target":{"@type":"EntryPoint","urlTemplate":"https:\/\/afogadosfm.com.br\/afogadosfm\/?s={search_term_string}"},"query-input":{"@type":"PropertyValueSpecification","valueRequired":true,"valueName":"search_term_string"}}],"inLanguage":"pt-BR"},{"@type":"Organization","@id":"https:\/\/afogadosfm.com.br\/afogadosfm\/#organization","name":"Afogados FM","url":"https:\/\/afogadosfm.com.br\/afogadosfm\/","logo":{"@type":"ImageObject","inLanguage":"pt-BR","@id":"https:\/\/afogadosfm.com.br\/afogadosfm\/#\/schema\/logo\/image\/","url":"https:\/\/i0.wp.com\/afogadosfm.com.br\/afogadosfm\/wp-content\/uploads\/2020\/06\/cropped-banner-afogados-4.jpg?fit=369%2C137&ssl=1","contentUrl":"https:\/\/i0.wp.com\/afogadosfm.com.br\/afogadosfm\/wp-content\/uploads\/2020\/06\/cropped-banner-afogados-4.jpg?fit=369%2C137&ssl=1","width":369,"height":137,"caption":"Afogados FM"},"image":{"@id":"https:\/\/afogadosfm.com.br\/afogadosfm\/#\/schema\/logo\/image\/"}},{"@type":"Person","@id":"https:\/\/afogadosfm.com.br\/afogadosfm\/#\/schema\/person\/60e56f2cf5dc960fc093fe093d9e9057","name":"afogadosfm","image":{"@type":"ImageObject","inLanguage":"pt-BR","@id":"https:\/\/secure.gravatar.com\/avatar\/e0359add7ed5dc3560906d861b52c6a8cf5c1e199d3a7dd85070998f49bd4701?s=96&d=mm&r=g","url":"https:\/\/secure.gravatar.com\/avatar\/e0359add7ed5dc3560906d861b52c6a8cf5c1e199d3a7dd85070998f49bd4701?s=96&d=mm&r=g","contentUrl":"https:\/\/secure.gravatar.com\/avatar\/e0359add7ed5dc3560906d861b52c6a8cf5c1e199d3a7dd85070998f49bd4701?s=96&d=mm&r=g","caption":"afogadosfm"},"url":"https:\/\/afogadosfm.com.br\/afogadosfm\/author\/afogadosfm\/"}]}},"jetpack_publicize_connections":[],"jetpack_featured_media_url":"https:\/\/i0.wp.com\/afogadosfm.com.br\/afogadosfm\/wp-content\/uploads\/2025\/06\/real-1.jpeg?fit=474%2C315&ssl=1","jetpack-related-posts":[],"jetpack_sharing_enabled":true,"jetpack_likes_enabled":true,"_links":{"self":[{"href":"https:\/\/afogadosfm.com.br\/afogadosfm\/wp-json\/wp\/v2\/posts\/66708","targetHints":{"allow":["GET"]}}],"collection":[{"href":"https:\/\/afogadosfm.com.br\/afogadosfm\/wp-json\/wp\/v2\/posts"}],"about":[{"href":"https:\/\/afogadosfm.com.br\/afogadosfm\/wp-json\/wp\/v2\/types\/post"}],"author":[{"embeddable":true,"href":"https:\/\/afogadosfm.com.br\/afogadosfm\/wp-json\/wp\/v2\/users\/2"}],"replies":[{"embeddable":true,"href":"https:\/\/afogadosfm.com.br\/afogadosfm\/wp-json\/wp\/v2\/comments?post=66708"}],"version-history":[{"count":1,"href":"https:\/\/afogadosfm.com.br\/afogadosfm\/wp-json\/wp\/v2\/posts\/66708\/revisions"}],"predecessor-version":[{"id":66709,"href":"https:\/\/afogadosfm.com.br\/afogadosfm\/wp-json\/wp\/v2\/posts\/66708\/revisions\/66709"}],"wp:featuredmedia":[{"embeddable":true,"href":"https:\/\/afogadosfm.com.br\/afogadosfm\/wp-json\/wp\/v2\/media\/66628"}],"wp:attachment":[{"href":"https:\/\/afogadosfm.com.br\/afogadosfm\/wp-json\/wp\/v2\/media?parent=66708"}],"wp:term":[{"taxonomy":"category","embeddable":true,"href":"https:\/\/afogadosfm.com.br\/afogadosfm\/wp-json\/wp\/v2\/categories?post=66708"},{"taxonomy":"post_tag","embeddable":true,"href":"https:\/\/afogadosfm.com.br\/afogadosfm\/wp-json\/wp\/v2\/tags?post=66708"}],"curies":[{"name":"wp","href":"https:\/\/api.w.org\/{rel}","templated":true}]}}