{"id":66710,"date":"2025-06-17T05:57:56","date_gmt":"2025-06-17T08:57:56","guid":{"rendered":"https:\/\/afogadosfm.com.br\/afogadosfm\/?p=66710"},"modified":"2025-06-17T05:57:58","modified_gmt":"2025-06-17T08:57:58","slug":"nova-formatacao-da-camara-de-sao-jose-do-egito-sera-conhecida-julho","status":"publish","type":"post","link":"https:\/\/afogadosfm.com.br\/afogadosfm\/2025\/06\/17\/nova-formatacao-da-camara-de-sao-jose-do-egito-sera-conhecida-julho\/","title":{"rendered":"Nova formata\u00e7\u00e3o da C\u00e2mara de S\u00e3o Jos\u00e9 do Egito ser\u00e1 conhecida julho"},"content":{"rendered":"\n<p>O novo c\u00e1lculo do quociente eleitoral que vai definir a nova formata\u00e7\u00e3o da C\u00e2mara de S\u00e3o Jos\u00e9 do Egito est\u00e1 marcada para 7 de julho.<\/p>\n\n\n\n<p>Foi publicado o Edital hoje, segundo art. 213 da Res 23677: \u201cSe houver reprocessamento da totaliza\u00e7\u00e3o que enseje altera\u00e7\u00e3o de resultado, os partidos pol\u00edticos, as federa\u00e7\u00f5es, as coliga\u00e7\u00f5es, o Minist\u00e9rio P\u00fablico e a Ordem dos Advogados do Brasil dever\u00e3o ser convocados com anteced\u00eancia m\u00ednima de 2 (dois) dias, por edital, para acompanhamento dos procedimentos previstos na Res.-TSE n\u00ba 23.677\/2021\u201d.<\/p>\n\n\n\n<p>A retotaliza\u00e7\u00e3o ficou para o dia 07\/07\/2025, no Cart\u00f3rio Eleitoral, como confirma o promotor eleitoral Aurinilton Le\u00e3o Sobrinho.<\/p>\n\n\n\n<p>Outra quest\u00e3o \u00e9 que a decis\u00e3o da ju\u00edza Tain\u00e1 Lima Prado tem efeito imediato,&nbsp; e n\u00e3o pode aguardar o recurso com os afastados no cargo.<\/p>\n\n\n\n<p>A S\u00famula Vinculante 73 do TSE&nbsp; prev\u00ea que a decis\u00e3o tomada mesmo que em primeira inst\u00e2ncia por fraude \u00e0 cota de g\u00eanero, consistente no desrespeito ao percentual m\u00ednimo de 30% (trinta por cento) de candidaturas femininas, tem cumprimento imediato.<\/p>\n\n\n\n<p>Configura-se a fraude com a presen\u00e7a de um ou alguns dos seguintes elementos, quando os fatos e as circunst\u00e2ncias do caso concreto assim permitirem concluir: (1) vota\u00e7\u00e3o zerada ou inexpressiva; (2) presta\u00e7\u00e3o de contas zerada, padronizada ou aus\u00eancia de movimenta\u00e7\u00e3o financeira relevante; e (3) aus\u00eancia de atos efetivos de campanhas, divulga\u00e7\u00e3o ou promo\u00e7\u00e3o da candidatura de terceiros.<\/p>\n\n\n\n<p>O reconhecimento do il\u00edcito acarretar\u00e1: (a) a cassa\u00e7\u00e3o do Demonstrativo de Regularidade de Atos Partid\u00e1rios (Drap) da legenda e dos diplomas dos candidatos a ele vinculados, independentemente de prova de participa\u00e7\u00e3o, ci\u00eancia ou anu\u00eancia deles; (b) a inelegibilidade daqueles que praticaram ou anu\u00edram com a conduta, nas hip\u00f3teses de A\u00e7\u00e3o de Investiga\u00e7\u00e3o Judicial Eleitoral (AIJE); (c) a nulidade dos votos obtidos pelo partido, com a recontagem dos quocientes eleitoral e partid\u00e1rio (art. 222 do C\u00f3digo Eleitoral), inclusive para fins de aplica\u00e7\u00e3o do art. 224 do C\u00f3digo Eleitoral.<\/p>\n\n\n\n<p>Na decis\u00e3o,&nbsp; a ju\u00edza define o efeito imediato da decis\u00e3o. \u201cA natureza da presente a\u00e7\u00e3o, voltada \u00e0 prote\u00e7\u00e3o da normalidade e da legitimidade do processo eleitoral, justifica a execu\u00e7\u00e3o imediata da decis\u00e3o. A manuten\u00e7\u00e3o no exerc\u00edcio do cargo por quem foi declarado eleito mediante a pr\u00e1tica de il\u00edcitos eleitorais compromete a moralidade administrativa e a soberania popular, fundamentos essenciais do Estado Democr\u00e1tico de Direito\u201d.<\/p>\n\n\n\n<p>E segue: \u201cO prosseguimento da execu\u00e7\u00e3o da senten\u00e7a, antes mesmo do tr\u00e2nsito em julgado, \u00e9 medida necess\u00e1ria para a pronta restaura\u00e7\u00e3o da legitimidade do mandato eletivo, em conson\u00e2ncia com a finalidade preventiva e corretiva da a\u00e7\u00e3o de investiga\u00e7\u00e3o judicial eleitoral\u201d.<\/p>\n\n\n\n<p>Quatro nomes brigam pelas vagas a partir do novo c\u00e1lculo segundo consultores ouvidos pelo blog: Nen\u00e9m Palito (PT), autor da a\u00e7\u00e3o,&nbsp; Jota Ferreira (Podemos), Lu\u00edza Baixinha (PSB) ou Odeilson Siqueira (Republicanos).<\/p>\n\n\n\n<p>Do Marcello Patriota<\/p>\n","protected":false},"excerpt":{"rendered":"<p>O novo c\u00e1lculo do quociente eleitoral que vai definir a nova formata\u00e7\u00e3o da C\u00e2mara de S\u00e3o Jos\u00e9 do Egito est\u00e1<\/p>\n","protected":false},"author":2,"featured_media":66711,"comment_status":"open","ping_status":"open","sticky":false,"template":"","format":"standard","meta":{"jetpack_post_was_ever_published":false,"_jetpack_newsletter_access":"","_jetpack_dont_email_post_to_subs":false,"_jetpack_newsletter_tier_id":0,"_jetpack_memberships_contains_paywalled_content":false,"_jetpack_memberships_contains_paid_content":false,"footnotes":"","jetpack_publicize_message":"","jetpack_publicize_feature_enabled":true,"jetpack_social_post_already_shared":true,"jetpack_social_options":{"image_generator_settings":{"template":"highway","default_image_id":0,"font":"","enabled":false},"version":2}},"categories":[35],"tags":[],"class_list":["post-66710","post","type-post","status-publish","format-standard","has-post-thumbnail","hentry","category-politica"],"yoast_head":"<!-- This site is optimized with the Yoast SEO plugin v27.5 - https:\/\/yoast.com\/product\/yoast-seo-wordpress\/ -->\n<title>Nova formata\u00e7\u00e3o da C\u00e2mara de S\u00e3o Jos\u00e9 do Egito ser\u00e1 conhecida julho - Afogados FM<\/title>\n<meta name=\"robots\" content=\"index, follow, max-snippet:-1, max-image-preview:large, max-video-preview:-1\" \/>\n<link rel=\"canonical\" href=\"https:\/\/afogadosfm.com.br\/afogadosfm\/2025\/06\/17\/nova-formatacao-da-camara-de-sao-jose-do-egito-sera-conhecida-julho\/\" \/>\n<meta property=\"og:locale\" content=\"pt_BR\" \/>\n<meta property=\"og:type\" content=\"article\" \/>\n<meta property=\"og:title\" content=\"Nova formata\u00e7\u00e3o da C\u00e2mara de S\u00e3o Jos\u00e9 do Egito ser\u00e1 conhecida julho - Afogados FM\" \/>\n<meta property=\"og:description\" content=\"O novo c\u00e1lculo do quociente eleitoral que vai definir a nova formata\u00e7\u00e3o da C\u00e2mara de S\u00e3o Jos\u00e9 do Egito est\u00e1\" \/>\n<meta property=\"og:url\" content=\"https:\/\/afogadosfm.com.br\/afogadosfm\/2025\/06\/17\/nova-formatacao-da-camara-de-sao-jose-do-egito-sera-conhecida-julho\/\" \/>\n<meta property=\"og:site_name\" content=\"Afogados FM\" \/>\n<meta property=\"article:published_time\" content=\"2025-06-17T08:57:56+00:00\" \/>\n<meta property=\"article:modified_time\" content=\"2025-06-17T08:57:58+00:00\" \/>\n<meta property=\"og:image\" content=\"https:\/\/afogadosfm.com.br\/afogadosfm\/wp-content\/uploads\/2025\/06\/sjevere.webp\" \/>\n\t<meta property=\"og:image:width\" content=\"400\" \/>\n\t<meta property=\"og:image:height\" content=\"400\" \/>\n\t<meta property=\"og:image:type\" content=\"image\/webp\" \/>\n<meta name=\"author\" content=\"afogadosfm\" \/>\n<meta name=\"twitter:card\" content=\"summary_large_image\" \/>\n<meta name=\"twitter:label1\" content=\"Escrito por\" \/>\n\t<meta name=\"twitter:data1\" content=\"afogadosfm\" \/>\n\t<meta name=\"twitter:label2\" content=\"Est. tempo de leitura\" \/>\n\t<meta name=\"twitter:data2\" content=\"3 minutos\" \/>\n<script type=\"application\/ld+json\" class=\"yoast-schema-graph\">{\"@context\":\"https:\\\/\\\/schema.org\",\"@graph\":[{\"@type\":\"Article\",\"@id\":\"https:\\\/\\\/afogadosfm.com.br\\\/afogadosfm\\\/2025\\\/06\\\/17\\\/nova-formatacao-da-camara-de-sao-jose-do-egito-sera-conhecida-julho\\\/#article\",\"isPartOf\":{\"@id\":\"https:\\\/\\\/afogadosfm.com.br\\\/afogadosfm\\\/2025\\\/06\\\/17\\\/nova-formatacao-da-camara-de-sao-jose-do-egito-sera-conhecida-julho\\\/\"},\"author\":{\"name\":\"afogadosfm\",\"@id\":\"https:\\\/\\\/afogadosfm.com.br\\\/afogadosfm\\\/#\\\/schema\\\/person\\\/60e56f2cf5dc960fc093fe093d9e9057\"},\"headline\":\"Nova formata\u00e7\u00e3o da C\u00e2mara de S\u00e3o Jos\u00e9 do Egito ser\u00e1 conhecida julho\",\"datePublished\":\"2025-06-17T08:57:56+00:00\",\"dateModified\":\"2025-06-17T08:57:58+00:00\",\"mainEntityOfPage\":{\"@id\":\"https:\\\/\\\/afogadosfm.com.br\\\/afogadosfm\\\/2025\\\/06\\\/17\\\/nova-formatacao-da-camara-de-sao-jose-do-egito-sera-conhecida-julho\\\/\"},\"wordCount\":524,\"commentCount\":0,\"publisher\":{\"@id\":\"https:\\\/\\\/afogadosfm.com.br\\\/afogadosfm\\\/#organization\"},\"image\":{\"@id\":\"https:\\\/\\\/afogadosfm.com.br\\\/afogadosfm\\\/2025\\\/06\\\/17\\\/nova-formatacao-da-camara-de-sao-jose-do-egito-sera-conhecida-julho\\\/#primaryimage\"},\"thumbnailUrl\":\"https:\\\/\\\/i0.wp.com\\\/afogadosfm.com.br\\\/afogadosfm\\\/wp-content\\\/uploads\\\/2025\\\/06\\\/sjevere.webp?fit=400%2C400&ssl=1\",\"articleSection\":[\"Pol\u00edtica\"],\"inLanguage\":\"pt-BR\",\"potentialAction\":[{\"@type\":\"CommentAction\",\"name\":\"Comment\",\"target\":[\"https:\\\/\\\/afogadosfm.com.br\\\/afogadosfm\\\/2025\\\/06\\\/17\\\/nova-formatacao-da-camara-de-sao-jose-do-egito-sera-conhecida-julho\\\/#respond\"]}]},{\"@type\":\"WebPage\",\"@id\":\"https:\\\/\\\/afogadosfm.com.br\\\/afogadosfm\\\/2025\\\/06\\\/17\\\/nova-formatacao-da-camara-de-sao-jose-do-egito-sera-conhecida-julho\\\/\",\"url\":\"https:\\\/\\\/afogadosfm.com.br\\\/afogadosfm\\\/2025\\\/06\\\/17\\\/nova-formatacao-da-camara-de-sao-jose-do-egito-sera-conhecida-julho\\\/\",\"name\":\"Nova formata\u00e7\u00e3o da C\u00e2mara de S\u00e3o Jos\u00e9 do Egito ser\u00e1 conhecida julho - Afogados FM\",\"isPartOf\":{\"@id\":\"https:\\\/\\\/afogadosfm.com.br\\\/afogadosfm\\\/#website\"},\"primaryImageOfPage\":{\"@id\":\"https:\\\/\\\/afogadosfm.com.br\\\/afogadosfm\\\/2025\\\/06\\\/17\\\/nova-formatacao-da-camara-de-sao-jose-do-egito-sera-conhecida-julho\\\/#primaryimage\"},\"image\":{\"@id\":\"https:\\\/\\\/afogadosfm.com.br\\\/afogadosfm\\\/2025\\\/06\\\/17\\\/nova-formatacao-da-camara-de-sao-jose-do-egito-sera-conhecida-julho\\\/#primaryimage\"},\"thumbnailUrl\":\"https:\\\/\\\/i0.wp.com\\\/afogadosfm.com.br\\\/afogadosfm\\\/wp-content\\\/uploads\\\/2025\\\/06\\\/sjevere.webp?fit=400%2C400&ssl=1\",\"datePublished\":\"2025-06-17T08:57:56+00:00\",\"dateModified\":\"2025-06-17T08:57:58+00:00\",\"breadcrumb\":{\"@id\":\"https:\\\/\\\/afogadosfm.com.br\\\/afogadosfm\\\/2025\\\/06\\\/17\\\/nova-formatacao-da-camara-de-sao-jose-do-egito-sera-conhecida-julho\\\/#breadcrumb\"},\"inLanguage\":\"pt-BR\",\"potentialAction\":[{\"@type\":\"ReadAction\",\"target\":[\"https:\\\/\\\/afogadosfm.com.br\\\/afogadosfm\\\/2025\\\/06\\\/17\\\/nova-formatacao-da-camara-de-sao-jose-do-egito-sera-conhecida-julho\\\/\"]}]},{\"@type\":\"ImageObject\",\"inLanguage\":\"pt-BR\",\"@id\":\"https:\\\/\\\/afogadosfm.com.br\\\/afogadosfm\\\/2025\\\/06\\\/17\\\/nova-formatacao-da-camara-de-sao-jose-do-egito-sera-conhecida-julho\\\/#primaryimage\",\"url\":\"https:\\\/\\\/i0.wp.com\\\/afogadosfm.com.br\\\/afogadosfm\\\/wp-content\\\/uploads\\\/2025\\\/06\\\/sjevere.webp?fit=400%2C400&ssl=1\",\"contentUrl\":\"https:\\\/\\\/i0.wp.com\\\/afogadosfm.com.br\\\/afogadosfm\\\/wp-content\\\/uploads\\\/2025\\\/06\\\/sjevere.webp?fit=400%2C400&ssl=1\",\"width\":400,\"height\":400},{\"@type\":\"BreadcrumbList\",\"@id\":\"https:\\\/\\\/afogadosfm.com.br\\\/afogadosfm\\\/2025\\\/06\\\/17\\\/nova-formatacao-da-camara-de-sao-jose-do-egito-sera-conhecida-julho\\\/#breadcrumb\",\"itemListElement\":[{\"@type\":\"ListItem\",\"position\":1,\"name\":\"In\u00edcio\",\"item\":\"https:\\\/\\\/afogadosfm.com.br\\\/afogadosfm\\\/\"},{\"@type\":\"ListItem\",\"position\":2,\"name\":\"Nova formata\u00e7\u00e3o da C\u00e2mara de S\u00e3o Jos\u00e9 do Egito ser\u00e1 conhecida julho\"}]},{\"@type\":\"WebSite\",\"@id\":\"https:\\\/\\\/afogadosfm.com.br\\\/afogadosfm\\\/#website\",\"url\":\"https:\\\/\\\/afogadosfm.com.br\\\/afogadosfm\\\/\",\"name\":\"Afogados FM\",\"description\":\"Um site completo!\",\"publisher\":{\"@id\":\"https:\\\/\\\/afogadosfm.com.br\\\/afogadosfm\\\/#organization\"},\"potentialAction\":[{\"@type\":\"SearchAction\",\"target\":{\"@type\":\"EntryPoint\",\"urlTemplate\":\"https:\\\/\\\/afogadosfm.com.br\\\/afogadosfm\\\/?s={search_term_string}\"},\"query-input\":{\"@type\":\"PropertyValueSpecification\",\"valueRequired\":true,\"valueName\":\"search_term_string\"}}],\"inLanguage\":\"pt-BR\"},{\"@type\":\"Organization\",\"@id\":\"https:\\\/\\\/afogadosfm.com.br\\\/afogadosfm\\\/#organization\",\"name\":\"Afogados FM\",\"url\":\"https:\\\/\\\/afogadosfm.com.br\\\/afogadosfm\\\/\",\"logo\":{\"@type\":\"ImageObject\",\"inLanguage\":\"pt-BR\",\"@id\":\"https:\\\/\\\/afogadosfm.com.br\\\/afogadosfm\\\/#\\\/schema\\\/logo\\\/image\\\/\",\"url\":\"https:\\\/\\\/i0.wp.com\\\/afogadosfm.com.br\\\/afogadosfm\\\/wp-content\\\/uploads\\\/2020\\\/06\\\/cropped-banner-afogados-4.jpg?fit=369%2C137&ssl=1\",\"contentUrl\":\"https:\\\/\\\/i0.wp.com\\\/afogadosfm.com.br\\\/afogadosfm\\\/wp-content\\\/uploads\\\/2020\\\/06\\\/cropped-banner-afogados-4.jpg?fit=369%2C137&ssl=1\",\"width\":369,\"height\":137,\"caption\":\"Afogados FM\"},\"image\":{\"@id\":\"https:\\\/\\\/afogadosfm.com.br\\\/afogadosfm\\\/#\\\/schema\\\/logo\\\/image\\\/\"}},{\"@type\":\"Person\",\"@id\":\"https:\\\/\\\/afogadosfm.com.br\\\/afogadosfm\\\/#\\\/schema\\\/person\\\/60e56f2cf5dc960fc093fe093d9e9057\",\"name\":\"afogadosfm\",\"image\":{\"@type\":\"ImageObject\",\"inLanguage\":\"pt-BR\",\"@id\":\"https:\\\/\\\/secure.gravatar.com\\\/avatar\\\/e0359add7ed5dc3560906d861b52c6a8cf5c1e199d3a7dd85070998f49bd4701?s=96&d=mm&r=g\",\"url\":\"https:\\\/\\\/secure.gravatar.com\\\/avatar\\\/e0359add7ed5dc3560906d861b52c6a8cf5c1e199d3a7dd85070998f49bd4701?s=96&d=mm&r=g\",\"contentUrl\":\"https:\\\/\\\/secure.gravatar.com\\\/avatar\\\/e0359add7ed5dc3560906d861b52c6a8cf5c1e199d3a7dd85070998f49bd4701?s=96&d=mm&r=g\",\"caption\":\"afogadosfm\"},\"url\":\"https:\\\/\\\/afogadosfm.com.br\\\/afogadosfm\\\/author\\\/afogadosfm\\\/\"}]}<\/script>\n<!-- \/ Yoast SEO plugin. -->","yoast_head_json":{"title":"Nova formata\u00e7\u00e3o da C\u00e2mara de S\u00e3o Jos\u00e9 do Egito ser\u00e1 conhecida julho - Afogados FM","robots":{"index":"index","follow":"follow","max-snippet":"max-snippet:-1","max-image-preview":"max-image-preview:large","max-video-preview":"max-video-preview:-1"},"canonical":"https:\/\/afogadosfm.com.br\/afogadosfm\/2025\/06\/17\/nova-formatacao-da-camara-de-sao-jose-do-egito-sera-conhecida-julho\/","og_locale":"pt_BR","og_type":"article","og_title":"Nova formata\u00e7\u00e3o da C\u00e2mara de S\u00e3o Jos\u00e9 do Egito ser\u00e1 conhecida julho - Afogados FM","og_description":"O novo c\u00e1lculo do quociente eleitoral que vai definir a nova formata\u00e7\u00e3o da C\u00e2mara de S\u00e3o Jos\u00e9 do Egito est\u00e1","og_url":"https:\/\/afogadosfm.com.br\/afogadosfm\/2025\/06\/17\/nova-formatacao-da-camara-de-sao-jose-do-egito-sera-conhecida-julho\/","og_site_name":"Afogados FM","article_published_time":"2025-06-17T08:57:56+00:00","article_modified_time":"2025-06-17T08:57:58+00:00","og_image":[{"width":400,"height":400,"url":"https:\/\/afogadosfm.com.br\/afogadosfm\/wp-content\/uploads\/2025\/06\/sjevere.webp","type":"image\/webp"}],"author":"afogadosfm","twitter_card":"summary_large_image","twitter_misc":{"Escrito por":"afogadosfm","Est. tempo de leitura":"3 minutos"},"schema":{"@context":"https:\/\/schema.org","@graph":[{"@type":"Article","@id":"https:\/\/afogadosfm.com.br\/afogadosfm\/2025\/06\/17\/nova-formatacao-da-camara-de-sao-jose-do-egito-sera-conhecida-julho\/#article","isPartOf":{"@id":"https:\/\/afogadosfm.com.br\/afogadosfm\/2025\/06\/17\/nova-formatacao-da-camara-de-sao-jose-do-egito-sera-conhecida-julho\/"},"author":{"name":"afogadosfm","@id":"https:\/\/afogadosfm.com.br\/afogadosfm\/#\/schema\/person\/60e56f2cf5dc960fc093fe093d9e9057"},"headline":"Nova formata\u00e7\u00e3o da C\u00e2mara de S\u00e3o Jos\u00e9 do Egito ser\u00e1 conhecida julho","datePublished":"2025-06-17T08:57:56+00:00","dateModified":"2025-06-17T08:57:58+00:00","mainEntityOfPage":{"@id":"https:\/\/afogadosfm.com.br\/afogadosfm\/2025\/06\/17\/nova-formatacao-da-camara-de-sao-jose-do-egito-sera-conhecida-julho\/"},"wordCount":524,"commentCount":0,"publisher":{"@id":"https:\/\/afogadosfm.com.br\/afogadosfm\/#organization"},"image":{"@id":"https:\/\/afogadosfm.com.br\/afogadosfm\/2025\/06\/17\/nova-formatacao-da-camara-de-sao-jose-do-egito-sera-conhecida-julho\/#primaryimage"},"thumbnailUrl":"https:\/\/i0.wp.com\/afogadosfm.com.br\/afogadosfm\/wp-content\/uploads\/2025\/06\/sjevere.webp?fit=400%2C400&ssl=1","articleSection":["Pol\u00edtica"],"inLanguage":"pt-BR","potentialAction":[{"@type":"CommentAction","name":"Comment","target":["https:\/\/afogadosfm.com.br\/afogadosfm\/2025\/06\/17\/nova-formatacao-da-camara-de-sao-jose-do-egito-sera-conhecida-julho\/#respond"]}]},{"@type":"WebPage","@id":"https:\/\/afogadosfm.com.br\/afogadosfm\/2025\/06\/17\/nova-formatacao-da-camara-de-sao-jose-do-egito-sera-conhecida-julho\/","url":"https:\/\/afogadosfm.com.br\/afogadosfm\/2025\/06\/17\/nova-formatacao-da-camara-de-sao-jose-do-egito-sera-conhecida-julho\/","name":"Nova formata\u00e7\u00e3o da C\u00e2mara de S\u00e3o Jos\u00e9 do Egito ser\u00e1 conhecida julho - Afogados FM","isPartOf":{"@id":"https:\/\/afogadosfm.com.br\/afogadosfm\/#website"},"primaryImageOfPage":{"@id":"https:\/\/afogadosfm.com.br\/afogadosfm\/2025\/06\/17\/nova-formatacao-da-camara-de-sao-jose-do-egito-sera-conhecida-julho\/#primaryimage"},"image":{"@id":"https:\/\/afogadosfm.com.br\/afogadosfm\/2025\/06\/17\/nova-formatacao-da-camara-de-sao-jose-do-egito-sera-conhecida-julho\/#primaryimage"},"thumbnailUrl":"https:\/\/i0.wp.com\/afogadosfm.com.br\/afogadosfm\/wp-content\/uploads\/2025\/06\/sjevere.webp?fit=400%2C400&ssl=1","datePublished":"2025-06-17T08:57:56+00:00","dateModified":"2025-06-17T08:57:58+00:00","breadcrumb":{"@id":"https:\/\/afogadosfm.com.br\/afogadosfm\/2025\/06\/17\/nova-formatacao-da-camara-de-sao-jose-do-egito-sera-conhecida-julho\/#breadcrumb"},"inLanguage":"pt-BR","potentialAction":[{"@type":"ReadAction","target":["https:\/\/afogadosfm.com.br\/afogadosfm\/2025\/06\/17\/nova-formatacao-da-camara-de-sao-jose-do-egito-sera-conhecida-julho\/"]}]},{"@type":"ImageObject","inLanguage":"pt-BR","@id":"https:\/\/afogadosfm.com.br\/afogadosfm\/2025\/06\/17\/nova-formatacao-da-camara-de-sao-jose-do-egito-sera-conhecida-julho\/#primaryimage","url":"https:\/\/i0.wp.com\/afogadosfm.com.br\/afogadosfm\/wp-content\/uploads\/2025\/06\/sjevere.webp?fit=400%2C400&ssl=1","contentUrl":"https:\/\/i0.wp.com\/afogadosfm.com.br\/afogadosfm\/wp-content\/uploads\/2025\/06\/sjevere.webp?fit=400%2C400&ssl=1","width":400,"height":400},{"@type":"BreadcrumbList","@id":"https:\/\/afogadosfm.com.br\/afogadosfm\/2025\/06\/17\/nova-formatacao-da-camara-de-sao-jose-do-egito-sera-conhecida-julho\/#breadcrumb","itemListElement":[{"@type":"ListItem","position":1,"name":"In\u00edcio","item":"https:\/\/afogadosfm.com.br\/afogadosfm\/"},{"@type":"ListItem","position":2,"name":"Nova formata\u00e7\u00e3o da C\u00e2mara de S\u00e3o Jos\u00e9 do Egito ser\u00e1 conhecida julho"}]},{"@type":"WebSite","@id":"https:\/\/afogadosfm.com.br\/afogadosfm\/#website","url":"https:\/\/afogadosfm.com.br\/afogadosfm\/","name":"Afogados FM","description":"Um site completo!","publisher":{"@id":"https:\/\/afogadosfm.com.br\/afogadosfm\/#organization"},"potentialAction":[{"@type":"SearchAction","target":{"@type":"EntryPoint","urlTemplate":"https:\/\/afogadosfm.com.br\/afogadosfm\/?s={search_term_string}"},"query-input":{"@type":"PropertyValueSpecification","valueRequired":true,"valueName":"search_term_string"}}],"inLanguage":"pt-BR"},{"@type":"Organization","@id":"https:\/\/afogadosfm.com.br\/afogadosfm\/#organization","name":"Afogados FM","url":"https:\/\/afogadosfm.com.br\/afogadosfm\/","logo":{"@type":"ImageObject","inLanguage":"pt-BR","@id":"https:\/\/afogadosfm.com.br\/afogadosfm\/#\/schema\/logo\/image\/","url":"https:\/\/i0.wp.com\/afogadosfm.com.br\/afogadosfm\/wp-content\/uploads\/2020\/06\/cropped-banner-afogados-4.jpg?fit=369%2C137&ssl=1","contentUrl":"https:\/\/i0.wp.com\/afogadosfm.com.br\/afogadosfm\/wp-content\/uploads\/2020\/06\/cropped-banner-afogados-4.jpg?fit=369%2C137&ssl=1","width":369,"height":137,"caption":"Afogados FM"},"image":{"@id":"https:\/\/afogadosfm.com.br\/afogadosfm\/#\/schema\/logo\/image\/"}},{"@type":"Person","@id":"https:\/\/afogadosfm.com.br\/afogadosfm\/#\/schema\/person\/60e56f2cf5dc960fc093fe093d9e9057","name":"afogadosfm","image":{"@type":"ImageObject","inLanguage":"pt-BR","@id":"https:\/\/secure.gravatar.com\/avatar\/e0359add7ed5dc3560906d861b52c6a8cf5c1e199d3a7dd85070998f49bd4701?s=96&d=mm&r=g","url":"https:\/\/secure.gravatar.com\/avatar\/e0359add7ed5dc3560906d861b52c6a8cf5c1e199d3a7dd85070998f49bd4701?s=96&d=mm&r=g","contentUrl":"https:\/\/secure.gravatar.com\/avatar\/e0359add7ed5dc3560906d861b52c6a8cf5c1e199d3a7dd85070998f49bd4701?s=96&d=mm&r=g","caption":"afogadosfm"},"url":"https:\/\/afogadosfm.com.br\/afogadosfm\/author\/afogadosfm\/"}]}},"jetpack_publicize_connections":[],"jetpack_featured_media_url":"https:\/\/i0.wp.com\/afogadosfm.com.br\/afogadosfm\/wp-content\/uploads\/2025\/06\/sjevere.webp?fit=400%2C400&ssl=1","jetpack-related-posts":[],"jetpack_sharing_enabled":true,"jetpack_likes_enabled":true,"_links":{"self":[{"href":"https:\/\/afogadosfm.com.br\/afogadosfm\/wp-json\/wp\/v2\/posts\/66710","targetHints":{"allow":["GET"]}}],"collection":[{"href":"https:\/\/afogadosfm.com.br\/afogadosfm\/wp-json\/wp\/v2\/posts"}],"about":[{"href":"https:\/\/afogadosfm.com.br\/afogadosfm\/wp-json\/wp\/v2\/types\/post"}],"author":[{"embeddable":true,"href":"https:\/\/afogadosfm.com.br\/afogadosfm\/wp-json\/wp\/v2\/users\/2"}],"replies":[{"embeddable":true,"href":"https:\/\/afogadosfm.com.br\/afogadosfm\/wp-json\/wp\/v2\/comments?post=66710"}],"version-history":[{"count":1,"href":"https:\/\/afogadosfm.com.br\/afogadosfm\/wp-json\/wp\/v2\/posts\/66710\/revisions"}],"predecessor-version":[{"id":66712,"href":"https:\/\/afogadosfm.com.br\/afogadosfm\/wp-json\/wp\/v2\/posts\/66710\/revisions\/66712"}],"wp:featuredmedia":[{"embeddable":true,"href":"https:\/\/afogadosfm.com.br\/afogadosfm\/wp-json\/wp\/v2\/media\/66711"}],"wp:attachment":[{"href":"https:\/\/afogadosfm.com.br\/afogadosfm\/wp-json\/wp\/v2\/media?parent=66710"}],"wp:term":[{"taxonomy":"category","embeddable":true,"href":"https:\/\/afogadosfm.com.br\/afogadosfm\/wp-json\/wp\/v2\/categories?post=66710"},{"taxonomy":"post_tag","embeddable":true,"href":"https:\/\/afogadosfm.com.br\/afogadosfm\/wp-json\/wp\/v2\/tags?post=66710"}],"curies":[{"name":"wp","href":"https:\/\/api.w.org\/{rel}","templated":true}]}}