{"id":66722,"date":"2025-06-17T06:28:31","date_gmt":"2025-06-17T09:28:31","guid":{"rendered":"https:\/\/afogadosfm.com.br\/afogadosfm\/?p=66722"},"modified":"2025-06-17T06:28:32","modified_gmt":"2025-06-17T09:28:32","slug":"cristaos-continuam-sendo-maioria-mas-islamicos-sem-religiao-cresce-em-numeros","status":"publish","type":"post","link":"https:\/\/afogadosfm.com.br\/afogadosfm\/2025\/06\/17\/cristaos-continuam-sendo-maioria-mas-islamicos-sem-religiao-cresce-em-numeros\/","title":{"rendered":"Crist\u00e3os continuam sendo maioria, mas isl\u00e3micos sem religi\u00e3o cresce em n\u00fameros"},"content":{"rendered":"\n<p>O cristianismo continua sendo a principal religi\u00e3o do mundo, mas o islamismo est\u00e1 crescendo, assim como os sem religi\u00e3o est\u00e3o cada vez mais numerosos, segundo um estudo do Pew Research Center sobre a evolu\u00e7\u00e3o do cen\u00e1rio religioso entre 2010 e 2020.<\/p>\n\n\n\n<p>Com 2,3 bilh\u00f5es de pessoas (+122 milh\u00f5es), &#8220;os crist\u00e3os continuam sendo o maior grupo religioso do mundo&#8221;, e representam 28,8% da popula\u00e7\u00e3o, destaca esta meta-an\u00e1lise baseada em mais de 2.700 estudos e censos, publicada em 9 de junho.<\/p>\n\n\n\n<p>No entanto, o cristianismo n\u00e3o conseguiu crescer no mesmo ritmo que a popula\u00e7\u00e3o mundial, e sua participa\u00e7\u00e3o diminuiu 1,8%.<\/p>\n\n\n\n<p>A segunda maior religi\u00e3o, com 2 bilh\u00f5es de pessoas (+347 milh\u00f5es), \u00e9 o islamismo, com o &#8220;crescimento mais r\u00e1pido da d\u00e9cada&#8221;. Representa 25,6% da popula\u00e7\u00e3o mundial (+1,8 ponto percentual).<\/p>\n\n\n\n<p>O n\u00famero de pessoas sem-religi\u00e3o tamb\u00e9m est\u00e1 crescendo (1,9 bilh\u00e3o de pessoas), quase um quarto (24,2%) da popula\u00e7\u00e3o mundial.<\/p>\n\n\n\n<p>&#8220;Muitos fi\u00e9is no mundo, principalmente crist\u00e3os, est\u00e3o abandonando a religi\u00e3o&#8221;, explica o estudo, que indica um avan\u00e7o &#8220;impressionante&#8221;.<\/p>\n\n\n\n<p>Em dez anos, os Estados Unidos viram o n\u00famero de pessoas sem-religi\u00e3o aumentar em 97%, chegando a 101 milh\u00f5es de pessoas.<\/p>\n\n\n\n<p>O mundo tamb\u00e9m tem 1,2 bilh\u00e3o de hindus, 300.000 budistas e 14,8 milh\u00f5es de judeus, segundo dados de 2020.<\/p>\n","protected":false},"excerpt":{"rendered":"<p>O cristianismo continua sendo a principal religi\u00e3o do mundo, mas o islamismo est\u00e1 crescendo, assim como os sem religi\u00e3o est\u00e3o<\/p>\n","protected":false},"author":2,"featured_media":66723,"comment_status":"open","ping_status":"open","sticky":false,"template":"","format":"standard","meta":{"jetpack_post_was_ever_published":false,"_jetpack_newsletter_access":"","_jetpack_dont_email_post_to_subs":false,"_jetpack_newsletter_tier_id":0,"_jetpack_memberships_contains_paywalled_content":false,"_jetpack_memberships_contains_paid_content":false,"footnotes":"","jetpack_publicize_message":"","jetpack_publicize_feature_enabled":true,"jetpack_social_post_already_shared":true,"jetpack_social_options":{"image_generator_settings":{"template":"highway","default_image_id":0,"font":"","enabled":false},"version":2}},"categories":[42],"tags":[],"class_list":["post-66722","post","type-post","status-publish","format-standard","has-post-thumbnail","hentry","category-mundo"],"yoast_head":"<!-- This site is optimized with the Yoast SEO plugin v27.5 - https:\/\/yoast.com\/product\/yoast-seo-wordpress\/ -->\n<title>Crist\u00e3os continuam sendo maioria, mas isl\u00e3micos sem religi\u00e3o cresce em n\u00fameros - Afogados FM<\/title>\n<meta name=\"robots\" content=\"index, follow, max-snippet:-1, max-image-preview:large, max-video-preview:-1\" \/>\n<link rel=\"canonical\" href=\"https:\/\/afogadosfm.com.br\/afogadosfm\/2025\/06\/17\/cristaos-continuam-sendo-maioria-mas-islamicos-sem-religiao-cresce-em-numeros\/\" \/>\n<meta property=\"og:locale\" content=\"pt_BR\" \/>\n<meta property=\"og:type\" content=\"article\" \/>\n<meta property=\"og:title\" content=\"Crist\u00e3os continuam sendo maioria, mas isl\u00e3micos sem religi\u00e3o cresce em n\u00fameros - Afogados FM\" \/>\n<meta property=\"og:description\" content=\"O cristianismo continua sendo a principal religi\u00e3o do mundo, mas o islamismo est\u00e1 crescendo, assim como os sem religi\u00e3o est\u00e3o\" \/>\n<meta property=\"og:url\" content=\"https:\/\/afogadosfm.com.br\/afogadosfm\/2025\/06\/17\/cristaos-continuam-sendo-maioria-mas-islamicos-sem-religiao-cresce-em-numeros\/\" \/>\n<meta property=\"og:site_name\" content=\"Afogados FM\" \/>\n<meta property=\"article:published_time\" content=\"2025-06-17T09:28:31+00:00\" \/>\n<meta property=\"article:modified_time\" content=\"2025-06-17T09:28:32+00:00\" \/>\n<meta property=\"og:image\" content=\"https:\/\/afogadosfm.com.br\/afogadosfm\/wp-content\/uploads\/2025\/06\/fe.jpg\" \/>\n\t<meta property=\"og:image:width\" content=\"1600\" \/>\n\t<meta property=\"og:image:height\" content=\"1200\" \/>\n\t<meta property=\"og:image:type\" content=\"image\/jpeg\" \/>\n<meta name=\"author\" content=\"afogadosfm\" \/>\n<meta name=\"twitter:card\" content=\"summary_large_image\" \/>\n<meta name=\"twitter:label1\" content=\"Escrito por\" \/>\n\t<meta name=\"twitter:data1\" content=\"afogadosfm\" \/>\n\t<meta name=\"twitter:label2\" content=\"Est. tempo de leitura\" \/>\n\t<meta name=\"twitter:data2\" content=\"2 minutos\" \/>\n<script type=\"application\/ld+json\" class=\"yoast-schema-graph\">{\"@context\":\"https:\\\/\\\/schema.org\",\"@graph\":[{\"@type\":\"Article\",\"@id\":\"https:\\\/\\\/afogadosfm.com.br\\\/afogadosfm\\\/2025\\\/06\\\/17\\\/cristaos-continuam-sendo-maioria-mas-islamicos-sem-religiao-cresce-em-numeros\\\/#article\",\"isPartOf\":{\"@id\":\"https:\\\/\\\/afogadosfm.com.br\\\/afogadosfm\\\/2025\\\/06\\\/17\\\/cristaos-continuam-sendo-maioria-mas-islamicos-sem-religiao-cresce-em-numeros\\\/\"},\"author\":{\"name\":\"afogadosfm\",\"@id\":\"https:\\\/\\\/afogadosfm.com.br\\\/afogadosfm\\\/#\\\/schema\\\/person\\\/60e56f2cf5dc960fc093fe093d9e9057\"},\"headline\":\"Crist\u00e3os continuam sendo maioria, mas isl\u00e3micos sem religi\u00e3o cresce em n\u00fameros\",\"datePublished\":\"2025-06-17T09:28:31+00:00\",\"dateModified\":\"2025-06-17T09:28:32+00:00\",\"mainEntityOfPage\":{\"@id\":\"https:\\\/\\\/afogadosfm.com.br\\\/afogadosfm\\\/2025\\\/06\\\/17\\\/cristaos-continuam-sendo-maioria-mas-islamicos-sem-religiao-cresce-em-numeros\\\/\"},\"wordCount\":233,\"commentCount\":0,\"publisher\":{\"@id\":\"https:\\\/\\\/afogadosfm.com.br\\\/afogadosfm\\\/#organization\"},\"image\":{\"@id\":\"https:\\\/\\\/afogadosfm.com.br\\\/afogadosfm\\\/2025\\\/06\\\/17\\\/cristaos-continuam-sendo-maioria-mas-islamicos-sem-religiao-cresce-em-numeros\\\/#primaryimage\"},\"thumbnailUrl\":\"https:\\\/\\\/i0.wp.com\\\/afogadosfm.com.br\\\/afogadosfm\\\/wp-content\\\/uploads\\\/2025\\\/06\\\/fe.jpg?fit=1600%2C1200&ssl=1\",\"articleSection\":[\"Mundo\"],\"inLanguage\":\"pt-BR\",\"potentialAction\":[{\"@type\":\"CommentAction\",\"name\":\"Comment\",\"target\":[\"https:\\\/\\\/afogadosfm.com.br\\\/afogadosfm\\\/2025\\\/06\\\/17\\\/cristaos-continuam-sendo-maioria-mas-islamicos-sem-religiao-cresce-em-numeros\\\/#respond\"]}]},{\"@type\":\"WebPage\",\"@id\":\"https:\\\/\\\/afogadosfm.com.br\\\/afogadosfm\\\/2025\\\/06\\\/17\\\/cristaos-continuam-sendo-maioria-mas-islamicos-sem-religiao-cresce-em-numeros\\\/\",\"url\":\"https:\\\/\\\/afogadosfm.com.br\\\/afogadosfm\\\/2025\\\/06\\\/17\\\/cristaos-continuam-sendo-maioria-mas-islamicos-sem-religiao-cresce-em-numeros\\\/\",\"name\":\"Crist\u00e3os continuam sendo maioria, mas isl\u00e3micos sem religi\u00e3o cresce em n\u00fameros - Afogados FM\",\"isPartOf\":{\"@id\":\"https:\\\/\\\/afogadosfm.com.br\\\/afogadosfm\\\/#website\"},\"primaryImageOfPage\":{\"@id\":\"https:\\\/\\\/afogadosfm.com.br\\\/afogadosfm\\\/2025\\\/06\\\/17\\\/cristaos-continuam-sendo-maioria-mas-islamicos-sem-religiao-cresce-em-numeros\\\/#primaryimage\"},\"image\":{\"@id\":\"https:\\\/\\\/afogadosfm.com.br\\\/afogadosfm\\\/2025\\\/06\\\/17\\\/cristaos-continuam-sendo-maioria-mas-islamicos-sem-religiao-cresce-em-numeros\\\/#primaryimage\"},\"thumbnailUrl\":\"https:\\\/\\\/i0.wp.com\\\/afogadosfm.com.br\\\/afogadosfm\\\/wp-content\\\/uploads\\\/2025\\\/06\\\/fe.jpg?fit=1600%2C1200&ssl=1\",\"datePublished\":\"2025-06-17T09:28:31+00:00\",\"dateModified\":\"2025-06-17T09:28:32+00:00\",\"breadcrumb\":{\"@id\":\"https:\\\/\\\/afogadosfm.com.br\\\/afogadosfm\\\/2025\\\/06\\\/17\\\/cristaos-continuam-sendo-maioria-mas-islamicos-sem-religiao-cresce-em-numeros\\\/#breadcrumb\"},\"inLanguage\":\"pt-BR\",\"potentialAction\":[{\"@type\":\"ReadAction\",\"target\":[\"https:\\\/\\\/afogadosfm.com.br\\\/afogadosfm\\\/2025\\\/06\\\/17\\\/cristaos-continuam-sendo-maioria-mas-islamicos-sem-religiao-cresce-em-numeros\\\/\"]}]},{\"@type\":\"ImageObject\",\"inLanguage\":\"pt-BR\",\"@id\":\"https:\\\/\\\/afogadosfm.com.br\\\/afogadosfm\\\/2025\\\/06\\\/17\\\/cristaos-continuam-sendo-maioria-mas-islamicos-sem-religiao-cresce-em-numeros\\\/#primaryimage\",\"url\":\"https:\\\/\\\/i0.wp.com\\\/afogadosfm.com.br\\\/afogadosfm\\\/wp-content\\\/uploads\\\/2025\\\/06\\\/fe.jpg?fit=1600%2C1200&ssl=1\",\"contentUrl\":\"https:\\\/\\\/i0.wp.com\\\/afogadosfm.com.br\\\/afogadosfm\\\/wp-content\\\/uploads\\\/2025\\\/06\\\/fe.jpg?fit=1600%2C1200&ssl=1\",\"width\":1600,\"height\":1200},{\"@type\":\"BreadcrumbList\",\"@id\":\"https:\\\/\\\/afogadosfm.com.br\\\/afogadosfm\\\/2025\\\/06\\\/17\\\/cristaos-continuam-sendo-maioria-mas-islamicos-sem-religiao-cresce-em-numeros\\\/#breadcrumb\",\"itemListElement\":[{\"@type\":\"ListItem\",\"position\":1,\"name\":\"In\u00edcio\",\"item\":\"https:\\\/\\\/afogadosfm.com.br\\\/afogadosfm\\\/\"},{\"@type\":\"ListItem\",\"position\":2,\"name\":\"Crist\u00e3os continuam sendo maioria, mas isl\u00e3micos sem religi\u00e3o cresce em n\u00fameros\"}]},{\"@type\":\"WebSite\",\"@id\":\"https:\\\/\\\/afogadosfm.com.br\\\/afogadosfm\\\/#website\",\"url\":\"https:\\\/\\\/afogadosfm.com.br\\\/afogadosfm\\\/\",\"name\":\"Afogados FM\",\"description\":\"Um site completo!\",\"publisher\":{\"@id\":\"https:\\\/\\\/afogadosfm.com.br\\\/afogadosfm\\\/#organization\"},\"potentialAction\":[{\"@type\":\"SearchAction\",\"target\":{\"@type\":\"EntryPoint\",\"urlTemplate\":\"https:\\\/\\\/afogadosfm.com.br\\\/afogadosfm\\\/?s={search_term_string}\"},\"query-input\":{\"@type\":\"PropertyValueSpecification\",\"valueRequired\":true,\"valueName\":\"search_term_string\"}}],\"inLanguage\":\"pt-BR\"},{\"@type\":\"Organization\",\"@id\":\"https:\\\/\\\/afogadosfm.com.br\\\/afogadosfm\\\/#organization\",\"name\":\"Afogados FM\",\"url\":\"https:\\\/\\\/afogadosfm.com.br\\\/afogadosfm\\\/\",\"logo\":{\"@type\":\"ImageObject\",\"inLanguage\":\"pt-BR\",\"@id\":\"https:\\\/\\\/afogadosfm.com.br\\\/afogadosfm\\\/#\\\/schema\\\/logo\\\/image\\\/\",\"url\":\"https:\\\/\\\/i0.wp.com\\\/afogadosfm.com.br\\\/afogadosfm\\\/wp-content\\\/uploads\\\/2020\\\/06\\\/cropped-banner-afogados-4.jpg?fit=369%2C137&ssl=1\",\"contentUrl\":\"https:\\\/\\\/i0.wp.com\\\/afogadosfm.com.br\\\/afogadosfm\\\/wp-content\\\/uploads\\\/2020\\\/06\\\/cropped-banner-afogados-4.jpg?fit=369%2C137&ssl=1\",\"width\":369,\"height\":137,\"caption\":\"Afogados FM\"},\"image\":{\"@id\":\"https:\\\/\\\/afogadosfm.com.br\\\/afogadosfm\\\/#\\\/schema\\\/logo\\\/image\\\/\"}},{\"@type\":\"Person\",\"@id\":\"https:\\\/\\\/afogadosfm.com.br\\\/afogadosfm\\\/#\\\/schema\\\/person\\\/60e56f2cf5dc960fc093fe093d9e9057\",\"name\":\"afogadosfm\",\"image\":{\"@type\":\"ImageObject\",\"inLanguage\":\"pt-BR\",\"@id\":\"https:\\\/\\\/secure.gravatar.com\\\/avatar\\\/e0359add7ed5dc3560906d861b52c6a8cf5c1e199d3a7dd85070998f49bd4701?s=96&d=mm&r=g\",\"url\":\"https:\\\/\\\/secure.gravatar.com\\\/avatar\\\/e0359add7ed5dc3560906d861b52c6a8cf5c1e199d3a7dd85070998f49bd4701?s=96&d=mm&r=g\",\"contentUrl\":\"https:\\\/\\\/secure.gravatar.com\\\/avatar\\\/e0359add7ed5dc3560906d861b52c6a8cf5c1e199d3a7dd85070998f49bd4701?s=96&d=mm&r=g\",\"caption\":\"afogadosfm\"},\"url\":\"https:\\\/\\\/afogadosfm.com.br\\\/afogadosfm\\\/author\\\/afogadosfm\\\/\"}]}<\/script>\n<!-- \/ Yoast SEO plugin. -->","yoast_head_json":{"title":"Crist\u00e3os continuam sendo maioria, mas isl\u00e3micos sem religi\u00e3o cresce em n\u00fameros - Afogados FM","robots":{"index":"index","follow":"follow","max-snippet":"max-snippet:-1","max-image-preview":"max-image-preview:large","max-video-preview":"max-video-preview:-1"},"canonical":"https:\/\/afogadosfm.com.br\/afogadosfm\/2025\/06\/17\/cristaos-continuam-sendo-maioria-mas-islamicos-sem-religiao-cresce-em-numeros\/","og_locale":"pt_BR","og_type":"article","og_title":"Crist\u00e3os continuam sendo maioria, mas isl\u00e3micos sem religi\u00e3o cresce em n\u00fameros - Afogados FM","og_description":"O cristianismo continua sendo a principal religi\u00e3o do mundo, mas o islamismo est\u00e1 crescendo, assim como os sem religi\u00e3o est\u00e3o","og_url":"https:\/\/afogadosfm.com.br\/afogadosfm\/2025\/06\/17\/cristaos-continuam-sendo-maioria-mas-islamicos-sem-religiao-cresce-em-numeros\/","og_site_name":"Afogados FM","article_published_time":"2025-06-17T09:28:31+00:00","article_modified_time":"2025-06-17T09:28:32+00:00","og_image":[{"width":1600,"height":1200,"url":"https:\/\/afogadosfm.com.br\/afogadosfm\/wp-content\/uploads\/2025\/06\/fe.jpg","type":"image\/jpeg"}],"author":"afogadosfm","twitter_card":"summary_large_image","twitter_misc":{"Escrito por":"afogadosfm","Est. tempo de leitura":"2 minutos"},"schema":{"@context":"https:\/\/schema.org","@graph":[{"@type":"Article","@id":"https:\/\/afogadosfm.com.br\/afogadosfm\/2025\/06\/17\/cristaos-continuam-sendo-maioria-mas-islamicos-sem-religiao-cresce-em-numeros\/#article","isPartOf":{"@id":"https:\/\/afogadosfm.com.br\/afogadosfm\/2025\/06\/17\/cristaos-continuam-sendo-maioria-mas-islamicos-sem-religiao-cresce-em-numeros\/"},"author":{"name":"afogadosfm","@id":"https:\/\/afogadosfm.com.br\/afogadosfm\/#\/schema\/person\/60e56f2cf5dc960fc093fe093d9e9057"},"headline":"Crist\u00e3os continuam sendo maioria, mas isl\u00e3micos sem religi\u00e3o cresce em n\u00fameros","datePublished":"2025-06-17T09:28:31+00:00","dateModified":"2025-06-17T09:28:32+00:00","mainEntityOfPage":{"@id":"https:\/\/afogadosfm.com.br\/afogadosfm\/2025\/06\/17\/cristaos-continuam-sendo-maioria-mas-islamicos-sem-religiao-cresce-em-numeros\/"},"wordCount":233,"commentCount":0,"publisher":{"@id":"https:\/\/afogadosfm.com.br\/afogadosfm\/#organization"},"image":{"@id":"https:\/\/afogadosfm.com.br\/afogadosfm\/2025\/06\/17\/cristaos-continuam-sendo-maioria-mas-islamicos-sem-religiao-cresce-em-numeros\/#primaryimage"},"thumbnailUrl":"https:\/\/i0.wp.com\/afogadosfm.com.br\/afogadosfm\/wp-content\/uploads\/2025\/06\/fe.jpg?fit=1600%2C1200&ssl=1","articleSection":["Mundo"],"inLanguage":"pt-BR","potentialAction":[{"@type":"CommentAction","name":"Comment","target":["https:\/\/afogadosfm.com.br\/afogadosfm\/2025\/06\/17\/cristaos-continuam-sendo-maioria-mas-islamicos-sem-religiao-cresce-em-numeros\/#respond"]}]},{"@type":"WebPage","@id":"https:\/\/afogadosfm.com.br\/afogadosfm\/2025\/06\/17\/cristaos-continuam-sendo-maioria-mas-islamicos-sem-religiao-cresce-em-numeros\/","url":"https:\/\/afogadosfm.com.br\/afogadosfm\/2025\/06\/17\/cristaos-continuam-sendo-maioria-mas-islamicos-sem-religiao-cresce-em-numeros\/","name":"Crist\u00e3os continuam sendo maioria, mas isl\u00e3micos sem religi\u00e3o cresce em n\u00fameros - Afogados FM","isPartOf":{"@id":"https:\/\/afogadosfm.com.br\/afogadosfm\/#website"},"primaryImageOfPage":{"@id":"https:\/\/afogadosfm.com.br\/afogadosfm\/2025\/06\/17\/cristaos-continuam-sendo-maioria-mas-islamicos-sem-religiao-cresce-em-numeros\/#primaryimage"},"image":{"@id":"https:\/\/afogadosfm.com.br\/afogadosfm\/2025\/06\/17\/cristaos-continuam-sendo-maioria-mas-islamicos-sem-religiao-cresce-em-numeros\/#primaryimage"},"thumbnailUrl":"https:\/\/i0.wp.com\/afogadosfm.com.br\/afogadosfm\/wp-content\/uploads\/2025\/06\/fe.jpg?fit=1600%2C1200&ssl=1","datePublished":"2025-06-17T09:28:31+00:00","dateModified":"2025-06-17T09:28:32+00:00","breadcrumb":{"@id":"https:\/\/afogadosfm.com.br\/afogadosfm\/2025\/06\/17\/cristaos-continuam-sendo-maioria-mas-islamicos-sem-religiao-cresce-em-numeros\/#breadcrumb"},"inLanguage":"pt-BR","potentialAction":[{"@type":"ReadAction","target":["https:\/\/afogadosfm.com.br\/afogadosfm\/2025\/06\/17\/cristaos-continuam-sendo-maioria-mas-islamicos-sem-religiao-cresce-em-numeros\/"]}]},{"@type":"ImageObject","inLanguage":"pt-BR","@id":"https:\/\/afogadosfm.com.br\/afogadosfm\/2025\/06\/17\/cristaos-continuam-sendo-maioria-mas-islamicos-sem-religiao-cresce-em-numeros\/#primaryimage","url":"https:\/\/i0.wp.com\/afogadosfm.com.br\/afogadosfm\/wp-content\/uploads\/2025\/06\/fe.jpg?fit=1600%2C1200&ssl=1","contentUrl":"https:\/\/i0.wp.com\/afogadosfm.com.br\/afogadosfm\/wp-content\/uploads\/2025\/06\/fe.jpg?fit=1600%2C1200&ssl=1","width":1600,"height":1200},{"@type":"BreadcrumbList","@id":"https:\/\/afogadosfm.com.br\/afogadosfm\/2025\/06\/17\/cristaos-continuam-sendo-maioria-mas-islamicos-sem-religiao-cresce-em-numeros\/#breadcrumb","itemListElement":[{"@type":"ListItem","position":1,"name":"In\u00edcio","item":"https:\/\/afogadosfm.com.br\/afogadosfm\/"},{"@type":"ListItem","position":2,"name":"Crist\u00e3os continuam sendo maioria, mas isl\u00e3micos sem religi\u00e3o cresce em n\u00fameros"}]},{"@type":"WebSite","@id":"https:\/\/afogadosfm.com.br\/afogadosfm\/#website","url":"https:\/\/afogadosfm.com.br\/afogadosfm\/","name":"Afogados FM","description":"Um site completo!","publisher":{"@id":"https:\/\/afogadosfm.com.br\/afogadosfm\/#organization"},"potentialAction":[{"@type":"SearchAction","target":{"@type":"EntryPoint","urlTemplate":"https:\/\/afogadosfm.com.br\/afogadosfm\/?s={search_term_string}"},"query-input":{"@type":"PropertyValueSpecification","valueRequired":true,"valueName":"search_term_string"}}],"inLanguage":"pt-BR"},{"@type":"Organization","@id":"https:\/\/afogadosfm.com.br\/afogadosfm\/#organization","name":"Afogados FM","url":"https:\/\/afogadosfm.com.br\/afogadosfm\/","logo":{"@type":"ImageObject","inLanguage":"pt-BR","@id":"https:\/\/afogadosfm.com.br\/afogadosfm\/#\/schema\/logo\/image\/","url":"https:\/\/i0.wp.com\/afogadosfm.com.br\/afogadosfm\/wp-content\/uploads\/2020\/06\/cropped-banner-afogados-4.jpg?fit=369%2C137&ssl=1","contentUrl":"https:\/\/i0.wp.com\/afogadosfm.com.br\/afogadosfm\/wp-content\/uploads\/2020\/06\/cropped-banner-afogados-4.jpg?fit=369%2C137&ssl=1","width":369,"height":137,"caption":"Afogados FM"},"image":{"@id":"https:\/\/afogadosfm.com.br\/afogadosfm\/#\/schema\/logo\/image\/"}},{"@type":"Person","@id":"https:\/\/afogadosfm.com.br\/afogadosfm\/#\/schema\/person\/60e56f2cf5dc960fc093fe093d9e9057","name":"afogadosfm","image":{"@type":"ImageObject","inLanguage":"pt-BR","@id":"https:\/\/secure.gravatar.com\/avatar\/e0359add7ed5dc3560906d861b52c6a8cf5c1e199d3a7dd85070998f49bd4701?s=96&d=mm&r=g","url":"https:\/\/secure.gravatar.com\/avatar\/e0359add7ed5dc3560906d861b52c6a8cf5c1e199d3a7dd85070998f49bd4701?s=96&d=mm&r=g","contentUrl":"https:\/\/secure.gravatar.com\/avatar\/e0359add7ed5dc3560906d861b52c6a8cf5c1e199d3a7dd85070998f49bd4701?s=96&d=mm&r=g","caption":"afogadosfm"},"url":"https:\/\/afogadosfm.com.br\/afogadosfm\/author\/afogadosfm\/"}]}},"jetpack_publicize_connections":[],"jetpack_featured_media_url":"https:\/\/i0.wp.com\/afogadosfm.com.br\/afogadosfm\/wp-content\/uploads\/2025\/06\/fe.jpg?fit=1600%2C1200&ssl=1","jetpack-related-posts":[],"jetpack_sharing_enabled":true,"jetpack_likes_enabled":true,"_links":{"self":[{"href":"https:\/\/afogadosfm.com.br\/afogadosfm\/wp-json\/wp\/v2\/posts\/66722","targetHints":{"allow":["GET"]}}],"collection":[{"href":"https:\/\/afogadosfm.com.br\/afogadosfm\/wp-json\/wp\/v2\/posts"}],"about":[{"href":"https:\/\/afogadosfm.com.br\/afogadosfm\/wp-json\/wp\/v2\/types\/post"}],"author":[{"embeddable":true,"href":"https:\/\/afogadosfm.com.br\/afogadosfm\/wp-json\/wp\/v2\/users\/2"}],"replies":[{"embeddable":true,"href":"https:\/\/afogadosfm.com.br\/afogadosfm\/wp-json\/wp\/v2\/comments?post=66722"}],"version-history":[{"count":1,"href":"https:\/\/afogadosfm.com.br\/afogadosfm\/wp-json\/wp\/v2\/posts\/66722\/revisions"}],"predecessor-version":[{"id":66724,"href":"https:\/\/afogadosfm.com.br\/afogadosfm\/wp-json\/wp\/v2\/posts\/66722\/revisions\/66724"}],"wp:featuredmedia":[{"embeddable":true,"href":"https:\/\/afogadosfm.com.br\/afogadosfm\/wp-json\/wp\/v2\/media\/66723"}],"wp:attachment":[{"href":"https:\/\/afogadosfm.com.br\/afogadosfm\/wp-json\/wp\/v2\/media?parent=66722"}],"wp:term":[{"taxonomy":"category","embeddable":true,"href":"https:\/\/afogadosfm.com.br\/afogadosfm\/wp-json\/wp\/v2\/categories?post=66722"},{"taxonomy":"post_tag","embeddable":true,"href":"https:\/\/afogadosfm.com.br\/afogadosfm\/wp-json\/wp\/v2\/tags?post=66722"}],"curies":[{"name":"wp","href":"https:\/\/api.w.org\/{rel}","templated":true}]}}