{"id":66725,"date":"2025-06-17T06:35:03","date_gmt":"2025-06-17T09:35:03","guid":{"rendered":"https:\/\/afogadosfm.com.br\/afogadosfm\/?p=66725"},"modified":"2025-06-17T06:35:04","modified_gmt":"2025-06-17T09:35:04","slug":"homem-invade-palco-e-agride-crianca-de-04-anos-em-festa-junina-no-df","status":"publish","type":"post","link":"https:\/\/afogadosfm.com.br\/afogadosfm\/2025\/06\/17\/homem-invade-palco-e-agride-crianca-de-04-anos-em-festa-junina-no-df\/","title":{"rendered":"Homem invade palco e agride crian\u00e7a de 04 anos em festa junina no DF"},"content":{"rendered":"\n<p>Um homem de 41 anos \u00e9 investigado em Bras\u00edlia, no Distrito Federal, por ter agredido uma crian\u00e7a de quatro anos nesse domingo (15), em uma festa junina escolar. Douglas Filipe Parisio Lima alega que &#8220;perdeu o controle&#8221; ao ver a v\u00edtima &#8220;implicando&#8221; com seu filho.<\/p>\n\n\n\n<p>De acordo com os investigadores, o suspeito tamb\u00e9m teria agredido com um tapa no rosto uma policial civil que tentou apartar a briga e deu voz de pris\u00e3o a ele.<\/p>\n\n\n\n<p>O caso aconteceu em um col\u00e9gio particular em Vicente Pires. Segundo a TV Globo, o garoto agredido teria um &#8220;hist\u00f3rico de provoca\u00e7\u00f5es&#8221; contra o filho do suspeito, que foi ouvido na delegacia e liberado logo depois, assumindo o compromisso de comparecer \u00e0 Justi\u00e7a quando convocado.<\/p>\n\n\n\n<p>Em nota enviada ao G1, a escola se manifestou sobre o epis\u00f3dio afirmando estar com &#8220;um sentimento de profunda indigna\u00e7\u00e3o&#8221;.<\/p>\n\n\n\n<p>A institui\u00e7\u00e3o caracterizou as agress\u00f5es como &#8220;um ato de viol\u00eancia&#8221; chocante. &#8220;N\u00e3o h\u00e1 espa\u00e7o para atitudes como essa em nossa comunidade escolar. O que aconteceu \u00e9 inaceit\u00e1vel, inadmiss\u00edvel e absolutamente contr\u00e1rio a todos os valores que defendemos diariamente: o respeito, o cuidado e a prote\u00e7\u00e3o de cada aluno&#8221;, acrescentou.<\/p>\n\n\n\n<p>Por decis\u00e3o da diretoria, o filho do suspeito foi expulso da unidade. &#8220;A fam\u00edlia envolvida n\u00e3o seguir\u00e1 mais vinculada ao Col\u00e9gio Liceu. Essa medida \u00e9 um posicionamento claro e definitivo: nossa escola n\u00e3o compactua e jamais compactuar\u00e1 com qualquer forma de viol\u00eancia&#8221;, seguiu o comunicado.<\/p>\n","protected":false},"excerpt":{"rendered":"<p>Um homem de 41 anos \u00e9 investigado em Bras\u00edlia, no Distrito Federal, por ter agredido uma crian\u00e7a de quatro anos<\/p>\n","protected":false},"author":2,"featured_media":5670,"comment_status":"open","ping_status":"open","sticky":false,"template":"","format":"standard","meta":{"jetpack_post_was_ever_published":false,"_jetpack_newsletter_access":"","_jetpack_dont_email_post_to_subs":false,"_jetpack_newsletter_tier_id":0,"_jetpack_memberships_contains_paywalled_content":false,"_jetpack_memberships_contains_paid_content":false,"footnotes":"","jetpack_publicize_message":"","jetpack_publicize_feature_enabled":true,"jetpack_social_post_already_shared":true,"jetpack_social_options":{"image_generator_settings":{"template":"highway","default_image_id":0,"font":"","enabled":false},"version":2}},"categories":[12],"tags":[],"class_list":["post-66725","post","type-post","status-publish","format-standard","has-post-thumbnail","hentry","category-brasil"],"yoast_head":"<!-- This site is optimized with the Yoast SEO plugin v27.5 - https:\/\/yoast.com\/product\/yoast-seo-wordpress\/ -->\n<title>Homem invade palco e agride crian\u00e7a de 04 anos em festa junina no DF - Afogados FM<\/title>\n<meta name=\"robots\" content=\"index, follow, max-snippet:-1, max-image-preview:large, max-video-preview:-1\" \/>\n<link rel=\"canonical\" href=\"https:\/\/afogadosfm.com.br\/afogadosfm\/2025\/06\/17\/homem-invade-palco-e-agride-crianca-de-04-anos-em-festa-junina-no-df\/\" \/>\n<meta property=\"og:locale\" content=\"pt_BR\" \/>\n<meta property=\"og:type\" content=\"article\" \/>\n<meta property=\"og:title\" content=\"Homem invade palco e agride crian\u00e7a de 04 anos em festa junina no DF - Afogados FM\" \/>\n<meta property=\"og:description\" content=\"Um homem de 41 anos \u00e9 investigado em Bras\u00edlia, no Distrito Federal, por ter agredido uma crian\u00e7a de quatro anos\" \/>\n<meta property=\"og:url\" content=\"https:\/\/afogadosfm.com.br\/afogadosfm\/2025\/06\/17\/homem-invade-palco-e-agride-crianca-de-04-anos-em-festa-junina-no-df\/\" \/>\n<meta property=\"og:site_name\" content=\"Afogados FM\" \/>\n<meta property=\"article:published_time\" content=\"2025-06-17T09:35:03+00:00\" \/>\n<meta property=\"article:modified_time\" content=\"2025-06-17T09:35:04+00:00\" \/>\n<meta property=\"og:image\" content=\"https:\/\/afogadosfm.com.br\/afogadosfm\/wp-content\/uploads\/2018\/08\/vergonha-1.jpg\" \/>\n\t<meta property=\"og:image:width\" content=\"261\" \/>\n\t<meta property=\"og:image:height\" content=\"173\" \/>\n\t<meta property=\"og:image:type\" content=\"image\/jpeg\" \/>\n<meta name=\"author\" content=\"afogadosfm\" \/>\n<meta name=\"twitter:card\" content=\"summary_large_image\" \/>\n<meta name=\"twitter:label1\" content=\"Escrito por\" \/>\n\t<meta name=\"twitter:data1\" content=\"afogadosfm\" \/>\n\t<meta name=\"twitter:label2\" content=\"Est. tempo de leitura\" \/>\n\t<meta name=\"twitter:data2\" content=\"2 minutos\" \/>\n<script type=\"application\/ld+json\" class=\"yoast-schema-graph\">{\"@context\":\"https:\\\/\\\/schema.org\",\"@graph\":[{\"@type\":\"Article\",\"@id\":\"https:\\\/\\\/afogadosfm.com.br\\\/afogadosfm\\\/2025\\\/06\\\/17\\\/homem-invade-palco-e-agride-crianca-de-04-anos-em-festa-junina-no-df\\\/#article\",\"isPartOf\":{\"@id\":\"https:\\\/\\\/afogadosfm.com.br\\\/afogadosfm\\\/2025\\\/06\\\/17\\\/homem-invade-palco-e-agride-crianca-de-04-anos-em-festa-junina-no-df\\\/\"},\"author\":{\"name\":\"afogadosfm\",\"@id\":\"https:\\\/\\\/afogadosfm.com.br\\\/afogadosfm\\\/#\\\/schema\\\/person\\\/60e56f2cf5dc960fc093fe093d9e9057\"},\"headline\":\"Homem invade palco e agride crian\u00e7a de 04 anos em festa junina no DF\",\"datePublished\":\"2025-06-17T09:35:03+00:00\",\"dateModified\":\"2025-06-17T09:35:04+00:00\",\"mainEntityOfPage\":{\"@id\":\"https:\\\/\\\/afogadosfm.com.br\\\/afogadosfm\\\/2025\\\/06\\\/17\\\/homem-invade-palco-e-agride-crianca-de-04-anos-em-festa-junina-no-df\\\/\"},\"wordCount\":268,\"commentCount\":0,\"publisher\":{\"@id\":\"https:\\\/\\\/afogadosfm.com.br\\\/afogadosfm\\\/#organization\"},\"image\":{\"@id\":\"https:\\\/\\\/afogadosfm.com.br\\\/afogadosfm\\\/2025\\\/06\\\/17\\\/homem-invade-palco-e-agride-crianca-de-04-anos-em-festa-junina-no-df\\\/#primaryimage\"},\"thumbnailUrl\":\"https:\\\/\\\/i0.wp.com\\\/afogadosfm.com.br\\\/afogadosfm\\\/wp-content\\\/uploads\\\/2018\\\/08\\\/vergonha-1.jpg?fit=261%2C173&ssl=1\",\"articleSection\":[\"Brasil\"],\"inLanguage\":\"pt-BR\",\"potentialAction\":[{\"@type\":\"CommentAction\",\"name\":\"Comment\",\"target\":[\"https:\\\/\\\/afogadosfm.com.br\\\/afogadosfm\\\/2025\\\/06\\\/17\\\/homem-invade-palco-e-agride-crianca-de-04-anos-em-festa-junina-no-df\\\/#respond\"]}]},{\"@type\":\"WebPage\",\"@id\":\"https:\\\/\\\/afogadosfm.com.br\\\/afogadosfm\\\/2025\\\/06\\\/17\\\/homem-invade-palco-e-agride-crianca-de-04-anos-em-festa-junina-no-df\\\/\",\"url\":\"https:\\\/\\\/afogadosfm.com.br\\\/afogadosfm\\\/2025\\\/06\\\/17\\\/homem-invade-palco-e-agride-crianca-de-04-anos-em-festa-junina-no-df\\\/\",\"name\":\"Homem invade palco e agride crian\u00e7a de 04 anos em festa junina no DF - Afogados FM\",\"isPartOf\":{\"@id\":\"https:\\\/\\\/afogadosfm.com.br\\\/afogadosfm\\\/#website\"},\"primaryImageOfPage\":{\"@id\":\"https:\\\/\\\/afogadosfm.com.br\\\/afogadosfm\\\/2025\\\/06\\\/17\\\/homem-invade-palco-e-agride-crianca-de-04-anos-em-festa-junina-no-df\\\/#primaryimage\"},\"image\":{\"@id\":\"https:\\\/\\\/afogadosfm.com.br\\\/afogadosfm\\\/2025\\\/06\\\/17\\\/homem-invade-palco-e-agride-crianca-de-04-anos-em-festa-junina-no-df\\\/#primaryimage\"},\"thumbnailUrl\":\"https:\\\/\\\/i0.wp.com\\\/afogadosfm.com.br\\\/afogadosfm\\\/wp-content\\\/uploads\\\/2018\\\/08\\\/vergonha-1.jpg?fit=261%2C173&ssl=1\",\"datePublished\":\"2025-06-17T09:35:03+00:00\",\"dateModified\":\"2025-06-17T09:35:04+00:00\",\"breadcrumb\":{\"@id\":\"https:\\\/\\\/afogadosfm.com.br\\\/afogadosfm\\\/2025\\\/06\\\/17\\\/homem-invade-palco-e-agride-crianca-de-04-anos-em-festa-junina-no-df\\\/#breadcrumb\"},\"inLanguage\":\"pt-BR\",\"potentialAction\":[{\"@type\":\"ReadAction\",\"target\":[\"https:\\\/\\\/afogadosfm.com.br\\\/afogadosfm\\\/2025\\\/06\\\/17\\\/homem-invade-palco-e-agride-crianca-de-04-anos-em-festa-junina-no-df\\\/\"]}]},{\"@type\":\"ImageObject\",\"inLanguage\":\"pt-BR\",\"@id\":\"https:\\\/\\\/afogadosfm.com.br\\\/afogadosfm\\\/2025\\\/06\\\/17\\\/homem-invade-palco-e-agride-crianca-de-04-anos-em-festa-junina-no-df\\\/#primaryimage\",\"url\":\"https:\\\/\\\/i0.wp.com\\\/afogadosfm.com.br\\\/afogadosfm\\\/wp-content\\\/uploads\\\/2018\\\/08\\\/vergonha-1.jpg?fit=261%2C173&ssl=1\",\"contentUrl\":\"https:\\\/\\\/i0.wp.com\\\/afogadosfm.com.br\\\/afogadosfm\\\/wp-content\\\/uploads\\\/2018\\\/08\\\/vergonha-1.jpg?fit=261%2C173&ssl=1\",\"width\":261,\"height\":173},{\"@type\":\"BreadcrumbList\",\"@id\":\"https:\\\/\\\/afogadosfm.com.br\\\/afogadosfm\\\/2025\\\/06\\\/17\\\/homem-invade-palco-e-agride-crianca-de-04-anos-em-festa-junina-no-df\\\/#breadcrumb\",\"itemListElement\":[{\"@type\":\"ListItem\",\"position\":1,\"name\":\"In\u00edcio\",\"item\":\"https:\\\/\\\/afogadosfm.com.br\\\/afogadosfm\\\/\"},{\"@type\":\"ListItem\",\"position\":2,\"name\":\"Homem invade palco e agride crian\u00e7a de 04 anos em festa junina no DF\"}]},{\"@type\":\"WebSite\",\"@id\":\"https:\\\/\\\/afogadosfm.com.br\\\/afogadosfm\\\/#website\",\"url\":\"https:\\\/\\\/afogadosfm.com.br\\\/afogadosfm\\\/\",\"name\":\"Afogados FM\",\"description\":\"Um site completo!\",\"publisher\":{\"@id\":\"https:\\\/\\\/afogadosfm.com.br\\\/afogadosfm\\\/#organization\"},\"potentialAction\":[{\"@type\":\"SearchAction\",\"target\":{\"@type\":\"EntryPoint\",\"urlTemplate\":\"https:\\\/\\\/afogadosfm.com.br\\\/afogadosfm\\\/?s={search_term_string}\"},\"query-input\":{\"@type\":\"PropertyValueSpecification\",\"valueRequired\":true,\"valueName\":\"search_term_string\"}}],\"inLanguage\":\"pt-BR\"},{\"@type\":\"Organization\",\"@id\":\"https:\\\/\\\/afogadosfm.com.br\\\/afogadosfm\\\/#organization\",\"name\":\"Afogados FM\",\"url\":\"https:\\\/\\\/afogadosfm.com.br\\\/afogadosfm\\\/\",\"logo\":{\"@type\":\"ImageObject\",\"inLanguage\":\"pt-BR\",\"@id\":\"https:\\\/\\\/afogadosfm.com.br\\\/afogadosfm\\\/#\\\/schema\\\/logo\\\/image\\\/\",\"url\":\"https:\\\/\\\/i0.wp.com\\\/afogadosfm.com.br\\\/afogadosfm\\\/wp-content\\\/uploads\\\/2020\\\/06\\\/cropped-banner-afogados-4.jpg?fit=369%2C137&ssl=1\",\"contentUrl\":\"https:\\\/\\\/i0.wp.com\\\/afogadosfm.com.br\\\/afogadosfm\\\/wp-content\\\/uploads\\\/2020\\\/06\\\/cropped-banner-afogados-4.jpg?fit=369%2C137&ssl=1\",\"width\":369,\"height\":137,\"caption\":\"Afogados FM\"},\"image\":{\"@id\":\"https:\\\/\\\/afogadosfm.com.br\\\/afogadosfm\\\/#\\\/schema\\\/logo\\\/image\\\/\"}},{\"@type\":\"Person\",\"@id\":\"https:\\\/\\\/afogadosfm.com.br\\\/afogadosfm\\\/#\\\/schema\\\/person\\\/60e56f2cf5dc960fc093fe093d9e9057\",\"name\":\"afogadosfm\",\"image\":{\"@type\":\"ImageObject\",\"inLanguage\":\"pt-BR\",\"@id\":\"https:\\\/\\\/secure.gravatar.com\\\/avatar\\\/e0359add7ed5dc3560906d861b52c6a8cf5c1e199d3a7dd85070998f49bd4701?s=96&d=mm&r=g\",\"url\":\"https:\\\/\\\/secure.gravatar.com\\\/avatar\\\/e0359add7ed5dc3560906d861b52c6a8cf5c1e199d3a7dd85070998f49bd4701?s=96&d=mm&r=g\",\"contentUrl\":\"https:\\\/\\\/secure.gravatar.com\\\/avatar\\\/e0359add7ed5dc3560906d861b52c6a8cf5c1e199d3a7dd85070998f49bd4701?s=96&d=mm&r=g\",\"caption\":\"afogadosfm\"},\"url\":\"https:\\\/\\\/afogadosfm.com.br\\\/afogadosfm\\\/author\\\/afogadosfm\\\/\"}]}<\/script>\n<!-- \/ Yoast SEO plugin. -->","yoast_head_json":{"title":"Homem invade palco e agride crian\u00e7a de 04 anos em festa junina no DF - Afogados FM","robots":{"index":"index","follow":"follow","max-snippet":"max-snippet:-1","max-image-preview":"max-image-preview:large","max-video-preview":"max-video-preview:-1"},"canonical":"https:\/\/afogadosfm.com.br\/afogadosfm\/2025\/06\/17\/homem-invade-palco-e-agride-crianca-de-04-anos-em-festa-junina-no-df\/","og_locale":"pt_BR","og_type":"article","og_title":"Homem invade palco e agride crian\u00e7a de 04 anos em festa junina no DF - Afogados FM","og_description":"Um homem de 41 anos \u00e9 investigado em Bras\u00edlia, no Distrito Federal, por ter agredido uma crian\u00e7a de quatro anos","og_url":"https:\/\/afogadosfm.com.br\/afogadosfm\/2025\/06\/17\/homem-invade-palco-e-agride-crianca-de-04-anos-em-festa-junina-no-df\/","og_site_name":"Afogados FM","article_published_time":"2025-06-17T09:35:03+00:00","article_modified_time":"2025-06-17T09:35:04+00:00","og_image":[{"width":261,"height":173,"url":"https:\/\/afogadosfm.com.br\/afogadosfm\/wp-content\/uploads\/2018\/08\/vergonha-1.jpg","type":"image\/jpeg"}],"author":"afogadosfm","twitter_card":"summary_large_image","twitter_misc":{"Escrito por":"afogadosfm","Est. tempo de leitura":"2 minutos"},"schema":{"@context":"https:\/\/schema.org","@graph":[{"@type":"Article","@id":"https:\/\/afogadosfm.com.br\/afogadosfm\/2025\/06\/17\/homem-invade-palco-e-agride-crianca-de-04-anos-em-festa-junina-no-df\/#article","isPartOf":{"@id":"https:\/\/afogadosfm.com.br\/afogadosfm\/2025\/06\/17\/homem-invade-palco-e-agride-crianca-de-04-anos-em-festa-junina-no-df\/"},"author":{"name":"afogadosfm","@id":"https:\/\/afogadosfm.com.br\/afogadosfm\/#\/schema\/person\/60e56f2cf5dc960fc093fe093d9e9057"},"headline":"Homem invade palco e agride crian\u00e7a de 04 anos em festa junina no DF","datePublished":"2025-06-17T09:35:03+00:00","dateModified":"2025-06-17T09:35:04+00:00","mainEntityOfPage":{"@id":"https:\/\/afogadosfm.com.br\/afogadosfm\/2025\/06\/17\/homem-invade-palco-e-agride-crianca-de-04-anos-em-festa-junina-no-df\/"},"wordCount":268,"commentCount":0,"publisher":{"@id":"https:\/\/afogadosfm.com.br\/afogadosfm\/#organization"},"image":{"@id":"https:\/\/afogadosfm.com.br\/afogadosfm\/2025\/06\/17\/homem-invade-palco-e-agride-crianca-de-04-anos-em-festa-junina-no-df\/#primaryimage"},"thumbnailUrl":"https:\/\/i0.wp.com\/afogadosfm.com.br\/afogadosfm\/wp-content\/uploads\/2018\/08\/vergonha-1.jpg?fit=261%2C173&ssl=1","articleSection":["Brasil"],"inLanguage":"pt-BR","potentialAction":[{"@type":"CommentAction","name":"Comment","target":["https:\/\/afogadosfm.com.br\/afogadosfm\/2025\/06\/17\/homem-invade-palco-e-agride-crianca-de-04-anos-em-festa-junina-no-df\/#respond"]}]},{"@type":"WebPage","@id":"https:\/\/afogadosfm.com.br\/afogadosfm\/2025\/06\/17\/homem-invade-palco-e-agride-crianca-de-04-anos-em-festa-junina-no-df\/","url":"https:\/\/afogadosfm.com.br\/afogadosfm\/2025\/06\/17\/homem-invade-palco-e-agride-crianca-de-04-anos-em-festa-junina-no-df\/","name":"Homem invade palco e agride crian\u00e7a de 04 anos em festa junina no DF - Afogados FM","isPartOf":{"@id":"https:\/\/afogadosfm.com.br\/afogadosfm\/#website"},"primaryImageOfPage":{"@id":"https:\/\/afogadosfm.com.br\/afogadosfm\/2025\/06\/17\/homem-invade-palco-e-agride-crianca-de-04-anos-em-festa-junina-no-df\/#primaryimage"},"image":{"@id":"https:\/\/afogadosfm.com.br\/afogadosfm\/2025\/06\/17\/homem-invade-palco-e-agride-crianca-de-04-anos-em-festa-junina-no-df\/#primaryimage"},"thumbnailUrl":"https:\/\/i0.wp.com\/afogadosfm.com.br\/afogadosfm\/wp-content\/uploads\/2018\/08\/vergonha-1.jpg?fit=261%2C173&ssl=1","datePublished":"2025-06-17T09:35:03+00:00","dateModified":"2025-06-17T09:35:04+00:00","breadcrumb":{"@id":"https:\/\/afogadosfm.com.br\/afogadosfm\/2025\/06\/17\/homem-invade-palco-e-agride-crianca-de-04-anos-em-festa-junina-no-df\/#breadcrumb"},"inLanguage":"pt-BR","potentialAction":[{"@type":"ReadAction","target":["https:\/\/afogadosfm.com.br\/afogadosfm\/2025\/06\/17\/homem-invade-palco-e-agride-crianca-de-04-anos-em-festa-junina-no-df\/"]}]},{"@type":"ImageObject","inLanguage":"pt-BR","@id":"https:\/\/afogadosfm.com.br\/afogadosfm\/2025\/06\/17\/homem-invade-palco-e-agride-crianca-de-04-anos-em-festa-junina-no-df\/#primaryimage","url":"https:\/\/i0.wp.com\/afogadosfm.com.br\/afogadosfm\/wp-content\/uploads\/2018\/08\/vergonha-1.jpg?fit=261%2C173&ssl=1","contentUrl":"https:\/\/i0.wp.com\/afogadosfm.com.br\/afogadosfm\/wp-content\/uploads\/2018\/08\/vergonha-1.jpg?fit=261%2C173&ssl=1","width":261,"height":173},{"@type":"BreadcrumbList","@id":"https:\/\/afogadosfm.com.br\/afogadosfm\/2025\/06\/17\/homem-invade-palco-e-agride-crianca-de-04-anos-em-festa-junina-no-df\/#breadcrumb","itemListElement":[{"@type":"ListItem","position":1,"name":"In\u00edcio","item":"https:\/\/afogadosfm.com.br\/afogadosfm\/"},{"@type":"ListItem","position":2,"name":"Homem invade palco e agride crian\u00e7a de 04 anos em festa junina no DF"}]},{"@type":"WebSite","@id":"https:\/\/afogadosfm.com.br\/afogadosfm\/#website","url":"https:\/\/afogadosfm.com.br\/afogadosfm\/","name":"Afogados FM","description":"Um site completo!","publisher":{"@id":"https:\/\/afogadosfm.com.br\/afogadosfm\/#organization"},"potentialAction":[{"@type":"SearchAction","target":{"@type":"EntryPoint","urlTemplate":"https:\/\/afogadosfm.com.br\/afogadosfm\/?s={search_term_string}"},"query-input":{"@type":"PropertyValueSpecification","valueRequired":true,"valueName":"search_term_string"}}],"inLanguage":"pt-BR"},{"@type":"Organization","@id":"https:\/\/afogadosfm.com.br\/afogadosfm\/#organization","name":"Afogados FM","url":"https:\/\/afogadosfm.com.br\/afogadosfm\/","logo":{"@type":"ImageObject","inLanguage":"pt-BR","@id":"https:\/\/afogadosfm.com.br\/afogadosfm\/#\/schema\/logo\/image\/","url":"https:\/\/i0.wp.com\/afogadosfm.com.br\/afogadosfm\/wp-content\/uploads\/2020\/06\/cropped-banner-afogados-4.jpg?fit=369%2C137&ssl=1","contentUrl":"https:\/\/i0.wp.com\/afogadosfm.com.br\/afogadosfm\/wp-content\/uploads\/2020\/06\/cropped-banner-afogados-4.jpg?fit=369%2C137&ssl=1","width":369,"height":137,"caption":"Afogados FM"},"image":{"@id":"https:\/\/afogadosfm.com.br\/afogadosfm\/#\/schema\/logo\/image\/"}},{"@type":"Person","@id":"https:\/\/afogadosfm.com.br\/afogadosfm\/#\/schema\/person\/60e56f2cf5dc960fc093fe093d9e9057","name":"afogadosfm","image":{"@type":"ImageObject","inLanguage":"pt-BR","@id":"https:\/\/secure.gravatar.com\/avatar\/e0359add7ed5dc3560906d861b52c6a8cf5c1e199d3a7dd85070998f49bd4701?s=96&d=mm&r=g","url":"https:\/\/secure.gravatar.com\/avatar\/e0359add7ed5dc3560906d861b52c6a8cf5c1e199d3a7dd85070998f49bd4701?s=96&d=mm&r=g","contentUrl":"https:\/\/secure.gravatar.com\/avatar\/e0359add7ed5dc3560906d861b52c6a8cf5c1e199d3a7dd85070998f49bd4701?s=96&d=mm&r=g","caption":"afogadosfm"},"url":"https:\/\/afogadosfm.com.br\/afogadosfm\/author\/afogadosfm\/"}]}},"jetpack_publicize_connections":[],"jetpack_featured_media_url":"https:\/\/i0.wp.com\/afogadosfm.com.br\/afogadosfm\/wp-content\/uploads\/2018\/08\/vergonha-1.jpg?fit=261%2C173&ssl=1","jetpack-related-posts":[],"jetpack_sharing_enabled":true,"jetpack_likes_enabled":true,"_links":{"self":[{"href":"https:\/\/afogadosfm.com.br\/afogadosfm\/wp-json\/wp\/v2\/posts\/66725","targetHints":{"allow":["GET"]}}],"collection":[{"href":"https:\/\/afogadosfm.com.br\/afogadosfm\/wp-json\/wp\/v2\/posts"}],"about":[{"href":"https:\/\/afogadosfm.com.br\/afogadosfm\/wp-json\/wp\/v2\/types\/post"}],"author":[{"embeddable":true,"href":"https:\/\/afogadosfm.com.br\/afogadosfm\/wp-json\/wp\/v2\/users\/2"}],"replies":[{"embeddable":true,"href":"https:\/\/afogadosfm.com.br\/afogadosfm\/wp-json\/wp\/v2\/comments?post=66725"}],"version-history":[{"count":1,"href":"https:\/\/afogadosfm.com.br\/afogadosfm\/wp-json\/wp\/v2\/posts\/66725\/revisions"}],"predecessor-version":[{"id":66726,"href":"https:\/\/afogadosfm.com.br\/afogadosfm\/wp-json\/wp\/v2\/posts\/66725\/revisions\/66726"}],"wp:featuredmedia":[{"embeddable":true,"href":"https:\/\/afogadosfm.com.br\/afogadosfm\/wp-json\/wp\/v2\/media\/5670"}],"wp:attachment":[{"href":"https:\/\/afogadosfm.com.br\/afogadosfm\/wp-json\/wp\/v2\/media?parent=66725"}],"wp:term":[{"taxonomy":"category","embeddable":true,"href":"https:\/\/afogadosfm.com.br\/afogadosfm\/wp-json\/wp\/v2\/categories?post=66725"},{"taxonomy":"post_tag","embeddable":true,"href":"https:\/\/afogadosfm.com.br\/afogadosfm\/wp-json\/wp\/v2\/tags?post=66725"}],"curies":[{"name":"wp","href":"https:\/\/api.w.org\/{rel}","templated":true}]}}