{"id":66743,"date":"2025-06-18T06:01:58","date_gmt":"2025-06-18T09:01:58","guid":{"rendered":"https:\/\/afogadosfm.com.br\/afogadosfm\/?p=66743"},"modified":"2025-06-18T06:01:58","modified_gmt":"2025-06-18T09:01:58","slug":"sao-joao-no-palhocao-gonzagao-em-iguaracy-comeca-com-cafe-da-manha-e-shows-com-walison-vaqueiro-e-assisao-hoje-18","status":"publish","type":"post","link":"https:\/\/afogadosfm.com.br\/afogadosfm\/2025\/06\/18\/sao-joao-no-palhocao-gonzagao-em-iguaracy-comeca-com-cafe-da-manha-e-shows-com-walison-vaqueiro-e-assisao-hoje-18\/","title":{"rendered":"S\u00e3o Jo\u00e3o no Palho\u00e7\u00e3o Gonzag\u00e3o em Iguaracy come\u00e7a com caf\u00e9 da manh\u00e3 e shows com Walison Vaqueiro e Assis\u00e3o hoje (18)"},"content":{"rendered":"\n<p>A Prefeitura de Iguaracy, sob a gest\u00e3o do prefeito Dr. Pedro Alves, junto com a Secretaria de Cultura e Turismo, dar\u00e3o&nbsp; in\u00edcio nesta quarta-feira dia 18 de junho \u00e0 programa\u00e7\u00e3o do S\u00e3o Jo\u00e3o do Gonzag\u00e3o, uma das festas tradicionais da cidade. A cerim\u00f4nia de abertura acontecer\u00e1 na Pra\u00e7a Ant\u00f4nio Rabelo, onde ser\u00e1 realizado um caf\u00e9 da manh\u00e3 especial \u00e0s 6h da manh\u00e3, marcando oficialmente o come\u00e7o das festividades.<\/p>\n\n\n\n<p>O prefeito Dr. Pedro Alves aproveita a oportunidade para convidar toda a popula\u00e7\u00e3o a participar do evento:<\/p>\n\n\n\n<p>&#8220;Estamos muito felizes em iniciar o nosso S\u00e3o Jo\u00e3o do Gonzag\u00e3o amanh\u00e3. Convidamos todos a vir \u00e0 pra\u00e7a, participar do caf\u00e9 da manh\u00e3 e aproveitar as atra\u00e7\u00f5es que preparamos com muito carinho para nossa cidade.&#8221;<\/p>\n\n\n\n<p>\u00c0 noite, a programa\u00e7\u00e3o segue com, apresenta\u00e7\u00f5es culturais e shows.<\/p>\n\n\n\n<p>O secret\u00e1rio de Cultura e Turismo, Marcone Melo, destaca a import\u00e2ncia desta festa para a cultura local:<\/p>\n\n\n\n<p>&#8220;O S\u00e3o Jo\u00e3o de Iguaracy uma tradi\u00e7\u00e3o que fortalece nossa identidade cultural. Estamos preparados para receber todos com muita festa, seguran\u00e7a e tradi\u00e7\u00e3o.&#8221;<\/p>\n\n\n\n<p>A programa\u00e7\u00e3o completa est\u00e1 dispon\u00edvel nas redes sociais da prefeitura de Iguaracy. O evento conta com o apoio do Governo do Estado de Pernambuco, Secretaria de Turismo e Lazer \/ Fundarpe.<\/p>\n\n\n\n<p>Confira \u00e0 programa\u00e7\u00e3o completa:<\/p>\n\n\n\n<p>Dia 18 de junho em Iguaracy, \u00e0s 19h: Apresenta\u00e7\u00f5es Culturais \/ 22h: Walison Vaqueiro \/ 00h30: Assis\u00e3o<\/p>\n\n\n\n<p>Dia 19 de junho em Iguaracy &#8211; Noite Cultural &#8211; 22h \u00e0s 02h \u2013 Repentistas, Emboladores, Mulheres no Repente e Mesa de Glosa<\/p>\n\n\n\n<p>Dia 20 de junho em Iguaracy, \u00e0s 19h: Apresenta\u00e7\u00f5es Culturais \/ 22h: Camily Ramos \/ 23h: Maciel Freitas \/ 00h: Dami\u00e3o Mota<\/p>\n\n\n\n<p>Dia 21 de junho em Iguaracy &#8211; 12h de forr\u00f3 &#8211; 14h: Trio Macambira \/ 16h: Paulo Bom de Farra \/ 18h: Arthur Vaqueiro \/ 19h: Moacir e Z\u00edlio \/ 21h30: Quentura do Forr\u00f3 \/ 00h \u2013 Farra de Pared\u00e3o<\/p>\n\n\n\n<p>Dia 22 de junho em Iguaracy, \u00e0s 19h: Apresenta\u00e7\u00f5es Culturais \/ 22h: J\u00fanior Mendes \/ 00h: J\u00e9ssica e Diego<\/p>\n\n\n\n<p>Dia 23 de junho em Iguaracy, \u00e0s 19h:<\/p>\n\n\n\n<p>&nbsp;Apresenta\u00e7\u00f5es Culturais \/ 22h: Encanto de Mulher \/ 00h: Allysson (Fundarpe)<\/p>\n\n\n\n<p>JABITAC\u00c1<\/p>\n\n\n\n<p>Dia 27 &#8211; 22h: Moacir e Z\u00edlio \/ 00h \u2013 Jenailson<\/p>\n\n\n\n<p>CAATINGUEIRA<\/p>\n\n\n\n<p>Dia 28 &#8211; 22h: Farra de Pared\u00e3o<\/p>\n","protected":false},"excerpt":{"rendered":"<p>A Prefeitura de Iguaracy, sob a gest\u00e3o do prefeito Dr. Pedro Alves, junto com a Secretaria de Cultura e Turismo,<\/p>\n","protected":false},"author":2,"featured_media":66562,"comment_status":"open","ping_status":"open","sticky":false,"template":"","format":"standard","meta":{"jetpack_post_was_ever_published":false,"_jetpack_newsletter_access":"","_jetpack_dont_email_post_to_subs":false,"_jetpack_newsletter_tier_id":0,"_jetpack_memberships_contains_paywalled_content":false,"_jetpack_memberships_contains_paid_content":false,"footnotes":"","jetpack_publicize_message":"","jetpack_publicize_feature_enabled":true,"jetpack_social_post_already_shared":true,"jetpack_social_options":{"image_generator_settings":{"template":"highway","default_image_id":0,"font":"","enabled":false},"version":2}},"categories":[32],"tags":[],"class_list":["post-66743","post","type-post","status-publish","format-standard","has-post-thumbnail","hentry","category-sertao"],"yoast_head":"<!-- This site is optimized with the Yoast SEO plugin v27.5 - https:\/\/yoast.com\/product\/yoast-seo-wordpress\/ -->\n<title>S\u00e3o Jo\u00e3o no Palho\u00e7\u00e3o Gonzag\u00e3o em Iguaracy come\u00e7a com caf\u00e9 da manh\u00e3 e shows com Walison Vaqueiro e Assis\u00e3o hoje (18) - Afogados FM<\/title>\n<meta name=\"robots\" content=\"index, follow, max-snippet:-1, max-image-preview:large, max-video-preview:-1\" \/>\n<link rel=\"canonical\" href=\"https:\/\/afogadosfm.com.br\/afogadosfm\/2025\/06\/18\/sao-joao-no-palhocao-gonzagao-em-iguaracy-comeca-com-cafe-da-manha-e-shows-com-walison-vaqueiro-e-assisao-hoje-18\/\" \/>\n<meta property=\"og:locale\" content=\"pt_BR\" \/>\n<meta property=\"og:type\" content=\"article\" \/>\n<meta property=\"og:title\" content=\"S\u00e3o Jo\u00e3o no Palho\u00e7\u00e3o Gonzag\u00e3o em Iguaracy come\u00e7a com caf\u00e9 da manh\u00e3 e shows com Walison Vaqueiro e Assis\u00e3o hoje (18) - Afogados FM\" \/>\n<meta property=\"og:description\" content=\"A Prefeitura de Iguaracy, sob a gest\u00e3o do prefeito Dr. Pedro Alves, junto com a Secretaria de Cultura e Turismo,\" \/>\n<meta property=\"og:url\" content=\"https:\/\/afogadosfm.com.br\/afogadosfm\/2025\/06\/18\/sao-joao-no-palhocao-gonzagao-em-iguaracy-comeca-com-cafe-da-manha-e-shows-com-walison-vaqueiro-e-assisao-hoje-18\/\" \/>\n<meta property=\"og:site_name\" content=\"Afogados FM\" \/>\n<meta property=\"article:published_time\" content=\"2025-06-18T09:01:58+00:00\" \/>\n<meta property=\"og:image\" content=\"https:\/\/afogadosfm.com.br\/afogadosfm\/wp-content\/uploads\/2025\/06\/saojoaoigua-1.jpg\" \/>\n\t<meta property=\"og:image:width\" content=\"768\" \/>\n\t<meta property=\"og:image:height\" content=\"879\" \/>\n\t<meta property=\"og:image:type\" content=\"image\/jpeg\" \/>\n<meta name=\"author\" content=\"afogadosfm\" \/>\n<meta name=\"twitter:card\" content=\"summary_large_image\" \/>\n<meta name=\"twitter:label1\" content=\"Escrito por\" \/>\n\t<meta name=\"twitter:data1\" content=\"afogadosfm\" \/>\n\t<meta name=\"twitter:label2\" content=\"Est. tempo de leitura\" \/>\n\t<meta name=\"twitter:data2\" content=\"3 minutos\" \/>\n<script type=\"application\/ld+json\" class=\"yoast-schema-graph\">{\"@context\":\"https:\\\/\\\/schema.org\",\"@graph\":[{\"@type\":\"Article\",\"@id\":\"https:\\\/\\\/afogadosfm.com.br\\\/afogadosfm\\\/2025\\\/06\\\/18\\\/sao-joao-no-palhocao-gonzagao-em-iguaracy-comeca-com-cafe-da-manha-e-shows-com-walison-vaqueiro-e-assisao-hoje-18\\\/#article\",\"isPartOf\":{\"@id\":\"https:\\\/\\\/afogadosfm.com.br\\\/afogadosfm\\\/2025\\\/06\\\/18\\\/sao-joao-no-palhocao-gonzagao-em-iguaracy-comeca-com-cafe-da-manha-e-shows-com-walison-vaqueiro-e-assisao-hoje-18\\\/\"},\"author\":{\"name\":\"afogadosfm\",\"@id\":\"https:\\\/\\\/afogadosfm.com.br\\\/afogadosfm\\\/#\\\/schema\\\/person\\\/60e56f2cf5dc960fc093fe093d9e9057\"},\"headline\":\"S\u00e3o Jo\u00e3o no Palho\u00e7\u00e3o Gonzag\u00e3o em Iguaracy come\u00e7a com caf\u00e9 da manh\u00e3 e shows com Walison Vaqueiro e Assis\u00e3o hoje (18)\",\"datePublished\":\"2025-06-18T09:01:58+00:00\",\"mainEntityOfPage\":{\"@id\":\"https:\\\/\\\/afogadosfm.com.br\\\/afogadosfm\\\/2025\\\/06\\\/18\\\/sao-joao-no-palhocao-gonzagao-em-iguaracy-comeca-com-cafe-da-manha-e-shows-com-walison-vaqueiro-e-assisao-hoje-18\\\/\"},\"wordCount\":402,\"commentCount\":0,\"publisher\":{\"@id\":\"https:\\\/\\\/afogadosfm.com.br\\\/afogadosfm\\\/#organization\"},\"image\":{\"@id\":\"https:\\\/\\\/afogadosfm.com.br\\\/afogadosfm\\\/2025\\\/06\\\/18\\\/sao-joao-no-palhocao-gonzagao-em-iguaracy-comeca-com-cafe-da-manha-e-shows-com-walison-vaqueiro-e-assisao-hoje-18\\\/#primaryimage\"},\"thumbnailUrl\":\"https:\\\/\\\/i0.wp.com\\\/afogadosfm.com.br\\\/afogadosfm\\\/wp-content\\\/uploads\\\/2025\\\/06\\\/saojoaoigua-1.jpg?fit=768%2C879&ssl=1\",\"articleSection\":[\"Sert\u00e3o\"],\"inLanguage\":\"pt-BR\",\"potentialAction\":[{\"@type\":\"CommentAction\",\"name\":\"Comment\",\"target\":[\"https:\\\/\\\/afogadosfm.com.br\\\/afogadosfm\\\/2025\\\/06\\\/18\\\/sao-joao-no-palhocao-gonzagao-em-iguaracy-comeca-com-cafe-da-manha-e-shows-com-walison-vaqueiro-e-assisao-hoje-18\\\/#respond\"]}]},{\"@type\":\"WebPage\",\"@id\":\"https:\\\/\\\/afogadosfm.com.br\\\/afogadosfm\\\/2025\\\/06\\\/18\\\/sao-joao-no-palhocao-gonzagao-em-iguaracy-comeca-com-cafe-da-manha-e-shows-com-walison-vaqueiro-e-assisao-hoje-18\\\/\",\"url\":\"https:\\\/\\\/afogadosfm.com.br\\\/afogadosfm\\\/2025\\\/06\\\/18\\\/sao-joao-no-palhocao-gonzagao-em-iguaracy-comeca-com-cafe-da-manha-e-shows-com-walison-vaqueiro-e-assisao-hoje-18\\\/\",\"name\":\"S\u00e3o Jo\u00e3o no Palho\u00e7\u00e3o Gonzag\u00e3o em Iguaracy come\u00e7a com caf\u00e9 da manh\u00e3 e shows com Walison Vaqueiro e Assis\u00e3o hoje (18) - Afogados FM\",\"isPartOf\":{\"@id\":\"https:\\\/\\\/afogadosfm.com.br\\\/afogadosfm\\\/#website\"},\"primaryImageOfPage\":{\"@id\":\"https:\\\/\\\/afogadosfm.com.br\\\/afogadosfm\\\/2025\\\/06\\\/18\\\/sao-joao-no-palhocao-gonzagao-em-iguaracy-comeca-com-cafe-da-manha-e-shows-com-walison-vaqueiro-e-assisao-hoje-18\\\/#primaryimage\"},\"image\":{\"@id\":\"https:\\\/\\\/afogadosfm.com.br\\\/afogadosfm\\\/2025\\\/06\\\/18\\\/sao-joao-no-palhocao-gonzagao-em-iguaracy-comeca-com-cafe-da-manha-e-shows-com-walison-vaqueiro-e-assisao-hoje-18\\\/#primaryimage\"},\"thumbnailUrl\":\"https:\\\/\\\/i0.wp.com\\\/afogadosfm.com.br\\\/afogadosfm\\\/wp-content\\\/uploads\\\/2025\\\/06\\\/saojoaoigua-1.jpg?fit=768%2C879&ssl=1\",\"datePublished\":\"2025-06-18T09:01:58+00:00\",\"breadcrumb\":{\"@id\":\"https:\\\/\\\/afogadosfm.com.br\\\/afogadosfm\\\/2025\\\/06\\\/18\\\/sao-joao-no-palhocao-gonzagao-em-iguaracy-comeca-com-cafe-da-manha-e-shows-com-walison-vaqueiro-e-assisao-hoje-18\\\/#breadcrumb\"},\"inLanguage\":\"pt-BR\",\"potentialAction\":[{\"@type\":\"ReadAction\",\"target\":[\"https:\\\/\\\/afogadosfm.com.br\\\/afogadosfm\\\/2025\\\/06\\\/18\\\/sao-joao-no-palhocao-gonzagao-em-iguaracy-comeca-com-cafe-da-manha-e-shows-com-walison-vaqueiro-e-assisao-hoje-18\\\/\"]}]},{\"@type\":\"ImageObject\",\"inLanguage\":\"pt-BR\",\"@id\":\"https:\\\/\\\/afogadosfm.com.br\\\/afogadosfm\\\/2025\\\/06\\\/18\\\/sao-joao-no-palhocao-gonzagao-em-iguaracy-comeca-com-cafe-da-manha-e-shows-com-walison-vaqueiro-e-assisao-hoje-18\\\/#primaryimage\",\"url\":\"https:\\\/\\\/i0.wp.com\\\/afogadosfm.com.br\\\/afogadosfm\\\/wp-content\\\/uploads\\\/2025\\\/06\\\/saojoaoigua-1.jpg?fit=768%2C879&ssl=1\",\"contentUrl\":\"https:\\\/\\\/i0.wp.com\\\/afogadosfm.com.br\\\/afogadosfm\\\/wp-content\\\/uploads\\\/2025\\\/06\\\/saojoaoigua-1.jpg?fit=768%2C879&ssl=1\",\"width\":768,\"height\":879},{\"@type\":\"BreadcrumbList\",\"@id\":\"https:\\\/\\\/afogadosfm.com.br\\\/afogadosfm\\\/2025\\\/06\\\/18\\\/sao-joao-no-palhocao-gonzagao-em-iguaracy-comeca-com-cafe-da-manha-e-shows-com-walison-vaqueiro-e-assisao-hoje-18\\\/#breadcrumb\",\"itemListElement\":[{\"@type\":\"ListItem\",\"position\":1,\"name\":\"In\u00edcio\",\"item\":\"https:\\\/\\\/afogadosfm.com.br\\\/afogadosfm\\\/\"},{\"@type\":\"ListItem\",\"position\":2,\"name\":\"S\u00e3o Jo\u00e3o no Palho\u00e7\u00e3o Gonzag\u00e3o em Iguaracy come\u00e7a com caf\u00e9 da manh\u00e3 e shows com Walison Vaqueiro e Assis\u00e3o hoje (18)\"}]},{\"@type\":\"WebSite\",\"@id\":\"https:\\\/\\\/afogadosfm.com.br\\\/afogadosfm\\\/#website\",\"url\":\"https:\\\/\\\/afogadosfm.com.br\\\/afogadosfm\\\/\",\"name\":\"Afogados FM\",\"description\":\"Um site completo!\",\"publisher\":{\"@id\":\"https:\\\/\\\/afogadosfm.com.br\\\/afogadosfm\\\/#organization\"},\"potentialAction\":[{\"@type\":\"SearchAction\",\"target\":{\"@type\":\"EntryPoint\",\"urlTemplate\":\"https:\\\/\\\/afogadosfm.com.br\\\/afogadosfm\\\/?s={search_term_string}\"},\"query-input\":{\"@type\":\"PropertyValueSpecification\",\"valueRequired\":true,\"valueName\":\"search_term_string\"}}],\"inLanguage\":\"pt-BR\"},{\"@type\":\"Organization\",\"@id\":\"https:\\\/\\\/afogadosfm.com.br\\\/afogadosfm\\\/#organization\",\"name\":\"Afogados FM\",\"url\":\"https:\\\/\\\/afogadosfm.com.br\\\/afogadosfm\\\/\",\"logo\":{\"@type\":\"ImageObject\",\"inLanguage\":\"pt-BR\",\"@id\":\"https:\\\/\\\/afogadosfm.com.br\\\/afogadosfm\\\/#\\\/schema\\\/logo\\\/image\\\/\",\"url\":\"https:\\\/\\\/i0.wp.com\\\/afogadosfm.com.br\\\/afogadosfm\\\/wp-content\\\/uploads\\\/2020\\\/06\\\/cropped-banner-afogados-4.jpg?fit=369%2C137&ssl=1\",\"contentUrl\":\"https:\\\/\\\/i0.wp.com\\\/afogadosfm.com.br\\\/afogadosfm\\\/wp-content\\\/uploads\\\/2020\\\/06\\\/cropped-banner-afogados-4.jpg?fit=369%2C137&ssl=1\",\"width\":369,\"height\":137,\"caption\":\"Afogados FM\"},\"image\":{\"@id\":\"https:\\\/\\\/afogadosfm.com.br\\\/afogadosfm\\\/#\\\/schema\\\/logo\\\/image\\\/\"}},{\"@type\":\"Person\",\"@id\":\"https:\\\/\\\/afogadosfm.com.br\\\/afogadosfm\\\/#\\\/schema\\\/person\\\/60e56f2cf5dc960fc093fe093d9e9057\",\"name\":\"afogadosfm\",\"image\":{\"@type\":\"ImageObject\",\"inLanguage\":\"pt-BR\",\"@id\":\"https:\\\/\\\/secure.gravatar.com\\\/avatar\\\/e0359add7ed5dc3560906d861b52c6a8cf5c1e199d3a7dd85070998f49bd4701?s=96&d=mm&r=g\",\"url\":\"https:\\\/\\\/secure.gravatar.com\\\/avatar\\\/e0359add7ed5dc3560906d861b52c6a8cf5c1e199d3a7dd85070998f49bd4701?s=96&d=mm&r=g\",\"contentUrl\":\"https:\\\/\\\/secure.gravatar.com\\\/avatar\\\/e0359add7ed5dc3560906d861b52c6a8cf5c1e199d3a7dd85070998f49bd4701?s=96&d=mm&r=g\",\"caption\":\"afogadosfm\"},\"url\":\"https:\\\/\\\/afogadosfm.com.br\\\/afogadosfm\\\/author\\\/afogadosfm\\\/\"}]}<\/script>\n<!-- \/ Yoast SEO plugin. -->","yoast_head_json":{"title":"S\u00e3o Jo\u00e3o no Palho\u00e7\u00e3o Gonzag\u00e3o em Iguaracy come\u00e7a com caf\u00e9 da manh\u00e3 e shows com Walison Vaqueiro e Assis\u00e3o hoje (18) - Afogados FM","robots":{"index":"index","follow":"follow","max-snippet":"max-snippet:-1","max-image-preview":"max-image-preview:large","max-video-preview":"max-video-preview:-1"},"canonical":"https:\/\/afogadosfm.com.br\/afogadosfm\/2025\/06\/18\/sao-joao-no-palhocao-gonzagao-em-iguaracy-comeca-com-cafe-da-manha-e-shows-com-walison-vaqueiro-e-assisao-hoje-18\/","og_locale":"pt_BR","og_type":"article","og_title":"S\u00e3o Jo\u00e3o no Palho\u00e7\u00e3o Gonzag\u00e3o em Iguaracy come\u00e7a com caf\u00e9 da manh\u00e3 e shows com Walison Vaqueiro e Assis\u00e3o hoje (18) - Afogados FM","og_description":"A Prefeitura de Iguaracy, sob a gest\u00e3o do prefeito Dr. Pedro Alves, junto com a Secretaria de Cultura e Turismo,","og_url":"https:\/\/afogadosfm.com.br\/afogadosfm\/2025\/06\/18\/sao-joao-no-palhocao-gonzagao-em-iguaracy-comeca-com-cafe-da-manha-e-shows-com-walison-vaqueiro-e-assisao-hoje-18\/","og_site_name":"Afogados FM","article_published_time":"2025-06-18T09:01:58+00:00","og_image":[{"width":768,"height":879,"url":"https:\/\/afogadosfm.com.br\/afogadosfm\/wp-content\/uploads\/2025\/06\/saojoaoigua-1.jpg","type":"image\/jpeg"}],"author":"afogadosfm","twitter_card":"summary_large_image","twitter_misc":{"Escrito por":"afogadosfm","Est. tempo de leitura":"3 minutos"},"schema":{"@context":"https:\/\/schema.org","@graph":[{"@type":"Article","@id":"https:\/\/afogadosfm.com.br\/afogadosfm\/2025\/06\/18\/sao-joao-no-palhocao-gonzagao-em-iguaracy-comeca-com-cafe-da-manha-e-shows-com-walison-vaqueiro-e-assisao-hoje-18\/#article","isPartOf":{"@id":"https:\/\/afogadosfm.com.br\/afogadosfm\/2025\/06\/18\/sao-joao-no-palhocao-gonzagao-em-iguaracy-comeca-com-cafe-da-manha-e-shows-com-walison-vaqueiro-e-assisao-hoje-18\/"},"author":{"name":"afogadosfm","@id":"https:\/\/afogadosfm.com.br\/afogadosfm\/#\/schema\/person\/60e56f2cf5dc960fc093fe093d9e9057"},"headline":"S\u00e3o Jo\u00e3o no Palho\u00e7\u00e3o Gonzag\u00e3o em Iguaracy come\u00e7a com caf\u00e9 da manh\u00e3 e shows com Walison Vaqueiro e Assis\u00e3o hoje (18)","datePublished":"2025-06-18T09:01:58+00:00","mainEntityOfPage":{"@id":"https:\/\/afogadosfm.com.br\/afogadosfm\/2025\/06\/18\/sao-joao-no-palhocao-gonzagao-em-iguaracy-comeca-com-cafe-da-manha-e-shows-com-walison-vaqueiro-e-assisao-hoje-18\/"},"wordCount":402,"commentCount":0,"publisher":{"@id":"https:\/\/afogadosfm.com.br\/afogadosfm\/#organization"},"image":{"@id":"https:\/\/afogadosfm.com.br\/afogadosfm\/2025\/06\/18\/sao-joao-no-palhocao-gonzagao-em-iguaracy-comeca-com-cafe-da-manha-e-shows-com-walison-vaqueiro-e-assisao-hoje-18\/#primaryimage"},"thumbnailUrl":"https:\/\/i0.wp.com\/afogadosfm.com.br\/afogadosfm\/wp-content\/uploads\/2025\/06\/saojoaoigua-1.jpg?fit=768%2C879&ssl=1","articleSection":["Sert\u00e3o"],"inLanguage":"pt-BR","potentialAction":[{"@type":"CommentAction","name":"Comment","target":["https:\/\/afogadosfm.com.br\/afogadosfm\/2025\/06\/18\/sao-joao-no-palhocao-gonzagao-em-iguaracy-comeca-com-cafe-da-manha-e-shows-com-walison-vaqueiro-e-assisao-hoje-18\/#respond"]}]},{"@type":"WebPage","@id":"https:\/\/afogadosfm.com.br\/afogadosfm\/2025\/06\/18\/sao-joao-no-palhocao-gonzagao-em-iguaracy-comeca-com-cafe-da-manha-e-shows-com-walison-vaqueiro-e-assisao-hoje-18\/","url":"https:\/\/afogadosfm.com.br\/afogadosfm\/2025\/06\/18\/sao-joao-no-palhocao-gonzagao-em-iguaracy-comeca-com-cafe-da-manha-e-shows-com-walison-vaqueiro-e-assisao-hoje-18\/","name":"S\u00e3o Jo\u00e3o no Palho\u00e7\u00e3o Gonzag\u00e3o em Iguaracy come\u00e7a com caf\u00e9 da manh\u00e3 e shows com Walison Vaqueiro e Assis\u00e3o hoje (18) - Afogados FM","isPartOf":{"@id":"https:\/\/afogadosfm.com.br\/afogadosfm\/#website"},"primaryImageOfPage":{"@id":"https:\/\/afogadosfm.com.br\/afogadosfm\/2025\/06\/18\/sao-joao-no-palhocao-gonzagao-em-iguaracy-comeca-com-cafe-da-manha-e-shows-com-walison-vaqueiro-e-assisao-hoje-18\/#primaryimage"},"image":{"@id":"https:\/\/afogadosfm.com.br\/afogadosfm\/2025\/06\/18\/sao-joao-no-palhocao-gonzagao-em-iguaracy-comeca-com-cafe-da-manha-e-shows-com-walison-vaqueiro-e-assisao-hoje-18\/#primaryimage"},"thumbnailUrl":"https:\/\/i0.wp.com\/afogadosfm.com.br\/afogadosfm\/wp-content\/uploads\/2025\/06\/saojoaoigua-1.jpg?fit=768%2C879&ssl=1","datePublished":"2025-06-18T09:01:58+00:00","breadcrumb":{"@id":"https:\/\/afogadosfm.com.br\/afogadosfm\/2025\/06\/18\/sao-joao-no-palhocao-gonzagao-em-iguaracy-comeca-com-cafe-da-manha-e-shows-com-walison-vaqueiro-e-assisao-hoje-18\/#breadcrumb"},"inLanguage":"pt-BR","potentialAction":[{"@type":"ReadAction","target":["https:\/\/afogadosfm.com.br\/afogadosfm\/2025\/06\/18\/sao-joao-no-palhocao-gonzagao-em-iguaracy-comeca-com-cafe-da-manha-e-shows-com-walison-vaqueiro-e-assisao-hoje-18\/"]}]},{"@type":"ImageObject","inLanguage":"pt-BR","@id":"https:\/\/afogadosfm.com.br\/afogadosfm\/2025\/06\/18\/sao-joao-no-palhocao-gonzagao-em-iguaracy-comeca-com-cafe-da-manha-e-shows-com-walison-vaqueiro-e-assisao-hoje-18\/#primaryimage","url":"https:\/\/i0.wp.com\/afogadosfm.com.br\/afogadosfm\/wp-content\/uploads\/2025\/06\/saojoaoigua-1.jpg?fit=768%2C879&ssl=1","contentUrl":"https:\/\/i0.wp.com\/afogadosfm.com.br\/afogadosfm\/wp-content\/uploads\/2025\/06\/saojoaoigua-1.jpg?fit=768%2C879&ssl=1","width":768,"height":879},{"@type":"BreadcrumbList","@id":"https:\/\/afogadosfm.com.br\/afogadosfm\/2025\/06\/18\/sao-joao-no-palhocao-gonzagao-em-iguaracy-comeca-com-cafe-da-manha-e-shows-com-walison-vaqueiro-e-assisao-hoje-18\/#breadcrumb","itemListElement":[{"@type":"ListItem","position":1,"name":"In\u00edcio","item":"https:\/\/afogadosfm.com.br\/afogadosfm\/"},{"@type":"ListItem","position":2,"name":"S\u00e3o Jo\u00e3o no Palho\u00e7\u00e3o Gonzag\u00e3o em Iguaracy come\u00e7a com caf\u00e9 da manh\u00e3 e shows com Walison Vaqueiro e Assis\u00e3o hoje (18)"}]},{"@type":"WebSite","@id":"https:\/\/afogadosfm.com.br\/afogadosfm\/#website","url":"https:\/\/afogadosfm.com.br\/afogadosfm\/","name":"Afogados FM","description":"Um site completo!","publisher":{"@id":"https:\/\/afogadosfm.com.br\/afogadosfm\/#organization"},"potentialAction":[{"@type":"SearchAction","target":{"@type":"EntryPoint","urlTemplate":"https:\/\/afogadosfm.com.br\/afogadosfm\/?s={search_term_string}"},"query-input":{"@type":"PropertyValueSpecification","valueRequired":true,"valueName":"search_term_string"}}],"inLanguage":"pt-BR"},{"@type":"Organization","@id":"https:\/\/afogadosfm.com.br\/afogadosfm\/#organization","name":"Afogados FM","url":"https:\/\/afogadosfm.com.br\/afogadosfm\/","logo":{"@type":"ImageObject","inLanguage":"pt-BR","@id":"https:\/\/afogadosfm.com.br\/afogadosfm\/#\/schema\/logo\/image\/","url":"https:\/\/i0.wp.com\/afogadosfm.com.br\/afogadosfm\/wp-content\/uploads\/2020\/06\/cropped-banner-afogados-4.jpg?fit=369%2C137&ssl=1","contentUrl":"https:\/\/i0.wp.com\/afogadosfm.com.br\/afogadosfm\/wp-content\/uploads\/2020\/06\/cropped-banner-afogados-4.jpg?fit=369%2C137&ssl=1","width":369,"height":137,"caption":"Afogados FM"},"image":{"@id":"https:\/\/afogadosfm.com.br\/afogadosfm\/#\/schema\/logo\/image\/"}},{"@type":"Person","@id":"https:\/\/afogadosfm.com.br\/afogadosfm\/#\/schema\/person\/60e56f2cf5dc960fc093fe093d9e9057","name":"afogadosfm","image":{"@type":"ImageObject","inLanguage":"pt-BR","@id":"https:\/\/secure.gravatar.com\/avatar\/e0359add7ed5dc3560906d861b52c6a8cf5c1e199d3a7dd85070998f49bd4701?s=96&d=mm&r=g","url":"https:\/\/secure.gravatar.com\/avatar\/e0359add7ed5dc3560906d861b52c6a8cf5c1e199d3a7dd85070998f49bd4701?s=96&d=mm&r=g","contentUrl":"https:\/\/secure.gravatar.com\/avatar\/e0359add7ed5dc3560906d861b52c6a8cf5c1e199d3a7dd85070998f49bd4701?s=96&d=mm&r=g","caption":"afogadosfm"},"url":"https:\/\/afogadosfm.com.br\/afogadosfm\/author\/afogadosfm\/"}]}},"jetpack_publicize_connections":[],"jetpack_featured_media_url":"https:\/\/i0.wp.com\/afogadosfm.com.br\/afogadosfm\/wp-content\/uploads\/2025\/06\/saojoaoigua-1.jpg?fit=768%2C879&ssl=1","jetpack-related-posts":[],"jetpack_sharing_enabled":true,"jetpack_likes_enabled":true,"_links":{"self":[{"href":"https:\/\/afogadosfm.com.br\/afogadosfm\/wp-json\/wp\/v2\/posts\/66743","targetHints":{"allow":["GET"]}}],"collection":[{"href":"https:\/\/afogadosfm.com.br\/afogadosfm\/wp-json\/wp\/v2\/posts"}],"about":[{"href":"https:\/\/afogadosfm.com.br\/afogadosfm\/wp-json\/wp\/v2\/types\/post"}],"author":[{"embeddable":true,"href":"https:\/\/afogadosfm.com.br\/afogadosfm\/wp-json\/wp\/v2\/users\/2"}],"replies":[{"embeddable":true,"href":"https:\/\/afogadosfm.com.br\/afogadosfm\/wp-json\/wp\/v2\/comments?post=66743"}],"version-history":[{"count":1,"href":"https:\/\/afogadosfm.com.br\/afogadosfm\/wp-json\/wp\/v2\/posts\/66743\/revisions"}],"predecessor-version":[{"id":66744,"href":"https:\/\/afogadosfm.com.br\/afogadosfm\/wp-json\/wp\/v2\/posts\/66743\/revisions\/66744"}],"wp:featuredmedia":[{"embeddable":true,"href":"https:\/\/afogadosfm.com.br\/afogadosfm\/wp-json\/wp\/v2\/media\/66562"}],"wp:attachment":[{"href":"https:\/\/afogadosfm.com.br\/afogadosfm\/wp-json\/wp\/v2\/media?parent=66743"}],"wp:term":[{"taxonomy":"category","embeddable":true,"href":"https:\/\/afogadosfm.com.br\/afogadosfm\/wp-json\/wp\/v2\/categories?post=66743"},{"taxonomy":"post_tag","embeddable":true,"href":"https:\/\/afogadosfm.com.br\/afogadosfm\/wp-json\/wp\/v2\/tags?post=66743"}],"curies":[{"name":"wp","href":"https:\/\/api.w.org\/{rel}","templated":true}]}}