{"id":66747,"date":"2025-06-18T06:20:50","date_gmt":"2025-06-18T09:20:50","guid":{"rendered":"https:\/\/afogadosfm.com.br\/afogadosfm\/?p=66747"},"modified":"2025-06-18T06:20:51","modified_gmt":"2025-06-18T09:20:51","slug":"sistema-de-defesa-civil-alerta-comeca-a-funcionar-nesta-quarta-18","status":"publish","type":"post","link":"https:\/\/afogadosfm.com.br\/afogadosfm\/2025\/06\/18\/sistema-de-defesa-civil-alerta-comeca-a-funcionar-nesta-quarta-18\/","title":{"rendered":"Sistema de Defesa Civil Alerta come\u00e7a a funcionar nesta quarta (18)"},"content":{"rendered":"\n<p>O sistema Defesa Civil Alerta passa a funcionar no Nordeste a partir desta quarta-feira (18) como ferramenta de comunica\u00e7\u00e3o emergencial para informar pessoas que vivem em \u00e1reas de risco sobre desastres naturais. No s\u00e1bado (14), foi feito um teste em 36 cidades da regi\u00e3o, incluindo quatro em Pernambuco.<\/p>\n\n\n\n<p>Os alertas, que ser\u00e3o enviados diretamente para a tela dos celulares da popula\u00e7\u00e3o, ter\u00e3o seus conte\u00fados e crit\u00e9rios de envio definidos exclusivamente pelas Defesas Civis estaduais, com base em protocolos t\u00e9cnicos. O objetivo \u00e9 informar, orientar e proteger a popula\u00e7\u00e3o em situa\u00e7\u00f5es de risco iminente, como alagamentos, enxurradas, deslizamentos de terra, vendavais e chuvas de granizo.<\/p>\n\n\n\n<p>&#8220;Essa ferramenta foi criada para que o aviso chegue antes que o perigo alcance as pessoas. Nosso compromisso \u00e9 salvar vidas, garantindo que a popula\u00e7\u00e3o receba alertas em tempo h\u00e1bil para agir com seguran\u00e7a&#8221;, afirmou o ministro da Integra\u00e7\u00e3o e do Desenvolvimento Regional, Waldez G\u00f3es.<\/p>\n\n\n\n<p>O sistema envia mensagens de texto que emitem som para os moradores de \u00e1reas de risco, mesmo que o celular esteja no modo silencioso, sobrepondo-se ao conte\u00fado acessado no momento. N\u00e3o \u00e9 necess\u00e1rio fazer nenhum cadastro para receber o aviso e ele \u00e9 emitido em aparelhos conectados \u00e0s redes 4G e 5G em \u00e1reas sob risco de desastres.<\/p>\n\n\n\n<p>De acordo com o governo federal, a ferramenta permite que as autoridades tenham uma resposta mais r\u00e1pida para atuar em \u00e1reas perigosas. Al\u00e9m disso, omplementa os canais j\u00e1 existentes de comunica\u00e7\u00e3o de risco, como SMS, TV por assinatura, WhatsApp, Telegram e Google Public Alerts.<\/p>\n\n\n\n<p>A iniciativa segue uma determina\u00e7\u00e3o da Ag\u00eancia Nacional de Telecomunica\u00e7\u00f5es (Anatel), de outubro de 2022, que orientou a moderniza\u00e7\u00e3o do sistema de notifica\u00e7\u00f5es p\u00fablicas de desastres no pa\u00eds.<\/p>\n\n\n\n<p>O objetivo \u00e9 que a ferramenta tamb\u00e9m seja estendida para as regi\u00f5es Norte e Centro-Oeste ainda no segundo semestre de 2025.<\/p>\n","protected":false},"excerpt":{"rendered":"<p>O sistema Defesa Civil Alerta passa a funcionar no Nordeste a partir desta quarta-feira (18) como ferramenta de comunica\u00e7\u00e3o emergencial<\/p>\n","protected":false},"author":2,"featured_media":66748,"comment_status":"open","ping_status":"open","sticky":false,"template":"","format":"standard","meta":{"jetpack_post_was_ever_published":false,"_jetpack_newsletter_access":"","_jetpack_dont_email_post_to_subs":false,"_jetpack_newsletter_tier_id":0,"_jetpack_memberships_contains_paywalled_content":false,"_jetpack_memberships_contains_paid_content":false,"footnotes":"","jetpack_publicize_message":"","jetpack_publicize_feature_enabled":true,"jetpack_social_post_already_shared":true,"jetpack_social_options":{"image_generator_settings":{"template":"highway","default_image_id":0,"font":"","enabled":false},"version":2}},"categories":[31],"tags":[],"class_list":["post-66747","post","type-post","status-publish","format-standard","has-post-thumbnail","hentry","category-nordeste"],"yoast_head":"<!-- This site is optimized with the Yoast SEO plugin v27.5 - https:\/\/yoast.com\/product\/yoast-seo-wordpress\/ -->\n<title>Sistema de Defesa Civil Alerta come\u00e7a a funcionar nesta quarta (18) - Afogados FM<\/title>\n<meta name=\"robots\" content=\"index, follow, max-snippet:-1, max-image-preview:large, max-video-preview:-1\" \/>\n<link rel=\"canonical\" href=\"https:\/\/afogadosfm.com.br\/afogadosfm\/2025\/06\/18\/sistema-de-defesa-civil-alerta-comeca-a-funcionar-nesta-quarta-18\/\" \/>\n<meta property=\"og:locale\" content=\"pt_BR\" \/>\n<meta property=\"og:type\" content=\"article\" \/>\n<meta property=\"og:title\" content=\"Sistema de Defesa Civil Alerta come\u00e7a a funcionar nesta quarta (18) - Afogados FM\" \/>\n<meta property=\"og:description\" content=\"O sistema Defesa Civil Alerta passa a funcionar no Nordeste a partir desta quarta-feira (18) como ferramenta de comunica\u00e7\u00e3o emergencial\" \/>\n<meta property=\"og:url\" content=\"https:\/\/afogadosfm.com.br\/afogadosfm\/2025\/06\/18\/sistema-de-defesa-civil-alerta-comeca-a-funcionar-nesta-quarta-18\/\" \/>\n<meta property=\"og:site_name\" content=\"Afogados FM\" \/>\n<meta property=\"article:published_time\" content=\"2025-06-18T09:20:50+00:00\" \/>\n<meta property=\"article:modified_time\" content=\"2025-06-18T09:20:51+00:00\" \/>\n<meta property=\"og:image\" content=\"https:\/\/afogadosfm.com.br\/afogadosfm\/wp-content\/uploads\/2025\/06\/defesacivil.jpg\" \/>\n\t<meta property=\"og:image:width\" content=\"474\" \/>\n\t<meta property=\"og:image:height\" content=\"311\" \/>\n\t<meta property=\"og:image:type\" content=\"image\/jpeg\" \/>\n<meta name=\"author\" content=\"afogadosfm\" \/>\n<meta name=\"twitter:card\" content=\"summary_large_image\" \/>\n<meta name=\"twitter:label1\" content=\"Escrito por\" \/>\n\t<meta name=\"twitter:data1\" content=\"afogadosfm\" \/>\n\t<meta name=\"twitter:label2\" content=\"Est. tempo de leitura\" \/>\n\t<meta name=\"twitter:data2\" content=\"2 minutos\" \/>\n<script type=\"application\/ld+json\" class=\"yoast-schema-graph\">{\"@context\":\"https:\\\/\\\/schema.org\",\"@graph\":[{\"@type\":\"Article\",\"@id\":\"https:\\\/\\\/afogadosfm.com.br\\\/afogadosfm\\\/2025\\\/06\\\/18\\\/sistema-de-defesa-civil-alerta-comeca-a-funcionar-nesta-quarta-18\\\/#article\",\"isPartOf\":{\"@id\":\"https:\\\/\\\/afogadosfm.com.br\\\/afogadosfm\\\/2025\\\/06\\\/18\\\/sistema-de-defesa-civil-alerta-comeca-a-funcionar-nesta-quarta-18\\\/\"},\"author\":{\"name\":\"afogadosfm\",\"@id\":\"https:\\\/\\\/afogadosfm.com.br\\\/afogadosfm\\\/#\\\/schema\\\/person\\\/60e56f2cf5dc960fc093fe093d9e9057\"},\"headline\":\"Sistema de Defesa Civil Alerta come\u00e7a a funcionar nesta quarta (18)\",\"datePublished\":\"2025-06-18T09:20:50+00:00\",\"dateModified\":\"2025-06-18T09:20:51+00:00\",\"mainEntityOfPage\":{\"@id\":\"https:\\\/\\\/afogadosfm.com.br\\\/afogadosfm\\\/2025\\\/06\\\/18\\\/sistema-de-defesa-civil-alerta-comeca-a-funcionar-nesta-quarta-18\\\/\"},\"wordCount\":332,\"commentCount\":0,\"publisher\":{\"@id\":\"https:\\\/\\\/afogadosfm.com.br\\\/afogadosfm\\\/#organization\"},\"image\":{\"@id\":\"https:\\\/\\\/afogadosfm.com.br\\\/afogadosfm\\\/2025\\\/06\\\/18\\\/sistema-de-defesa-civil-alerta-comeca-a-funcionar-nesta-quarta-18\\\/#primaryimage\"},\"thumbnailUrl\":\"https:\\\/\\\/i0.wp.com\\\/afogadosfm.com.br\\\/afogadosfm\\\/wp-content\\\/uploads\\\/2025\\\/06\\\/defesacivil.jpg?fit=474%2C311&ssl=1\",\"articleSection\":[\"Nordeste\"],\"inLanguage\":\"pt-BR\",\"potentialAction\":[{\"@type\":\"CommentAction\",\"name\":\"Comment\",\"target\":[\"https:\\\/\\\/afogadosfm.com.br\\\/afogadosfm\\\/2025\\\/06\\\/18\\\/sistema-de-defesa-civil-alerta-comeca-a-funcionar-nesta-quarta-18\\\/#respond\"]}]},{\"@type\":\"WebPage\",\"@id\":\"https:\\\/\\\/afogadosfm.com.br\\\/afogadosfm\\\/2025\\\/06\\\/18\\\/sistema-de-defesa-civil-alerta-comeca-a-funcionar-nesta-quarta-18\\\/\",\"url\":\"https:\\\/\\\/afogadosfm.com.br\\\/afogadosfm\\\/2025\\\/06\\\/18\\\/sistema-de-defesa-civil-alerta-comeca-a-funcionar-nesta-quarta-18\\\/\",\"name\":\"Sistema de Defesa Civil Alerta come\u00e7a a funcionar nesta quarta (18) - Afogados FM\",\"isPartOf\":{\"@id\":\"https:\\\/\\\/afogadosfm.com.br\\\/afogadosfm\\\/#website\"},\"primaryImageOfPage\":{\"@id\":\"https:\\\/\\\/afogadosfm.com.br\\\/afogadosfm\\\/2025\\\/06\\\/18\\\/sistema-de-defesa-civil-alerta-comeca-a-funcionar-nesta-quarta-18\\\/#primaryimage\"},\"image\":{\"@id\":\"https:\\\/\\\/afogadosfm.com.br\\\/afogadosfm\\\/2025\\\/06\\\/18\\\/sistema-de-defesa-civil-alerta-comeca-a-funcionar-nesta-quarta-18\\\/#primaryimage\"},\"thumbnailUrl\":\"https:\\\/\\\/i0.wp.com\\\/afogadosfm.com.br\\\/afogadosfm\\\/wp-content\\\/uploads\\\/2025\\\/06\\\/defesacivil.jpg?fit=474%2C311&ssl=1\",\"datePublished\":\"2025-06-18T09:20:50+00:00\",\"dateModified\":\"2025-06-18T09:20:51+00:00\",\"breadcrumb\":{\"@id\":\"https:\\\/\\\/afogadosfm.com.br\\\/afogadosfm\\\/2025\\\/06\\\/18\\\/sistema-de-defesa-civil-alerta-comeca-a-funcionar-nesta-quarta-18\\\/#breadcrumb\"},\"inLanguage\":\"pt-BR\",\"potentialAction\":[{\"@type\":\"ReadAction\",\"target\":[\"https:\\\/\\\/afogadosfm.com.br\\\/afogadosfm\\\/2025\\\/06\\\/18\\\/sistema-de-defesa-civil-alerta-comeca-a-funcionar-nesta-quarta-18\\\/\"]}]},{\"@type\":\"ImageObject\",\"inLanguage\":\"pt-BR\",\"@id\":\"https:\\\/\\\/afogadosfm.com.br\\\/afogadosfm\\\/2025\\\/06\\\/18\\\/sistema-de-defesa-civil-alerta-comeca-a-funcionar-nesta-quarta-18\\\/#primaryimage\",\"url\":\"https:\\\/\\\/i0.wp.com\\\/afogadosfm.com.br\\\/afogadosfm\\\/wp-content\\\/uploads\\\/2025\\\/06\\\/defesacivil.jpg?fit=474%2C311&ssl=1\",\"contentUrl\":\"https:\\\/\\\/i0.wp.com\\\/afogadosfm.com.br\\\/afogadosfm\\\/wp-content\\\/uploads\\\/2025\\\/06\\\/defesacivil.jpg?fit=474%2C311&ssl=1\",\"width\":474,\"height\":311},{\"@type\":\"BreadcrumbList\",\"@id\":\"https:\\\/\\\/afogadosfm.com.br\\\/afogadosfm\\\/2025\\\/06\\\/18\\\/sistema-de-defesa-civil-alerta-comeca-a-funcionar-nesta-quarta-18\\\/#breadcrumb\",\"itemListElement\":[{\"@type\":\"ListItem\",\"position\":1,\"name\":\"In\u00edcio\",\"item\":\"https:\\\/\\\/afogadosfm.com.br\\\/afogadosfm\\\/\"},{\"@type\":\"ListItem\",\"position\":2,\"name\":\"Sistema de Defesa Civil Alerta come\u00e7a a funcionar nesta quarta (18)\"}]},{\"@type\":\"WebSite\",\"@id\":\"https:\\\/\\\/afogadosfm.com.br\\\/afogadosfm\\\/#website\",\"url\":\"https:\\\/\\\/afogadosfm.com.br\\\/afogadosfm\\\/\",\"name\":\"Afogados FM\",\"description\":\"Um site completo!\",\"publisher\":{\"@id\":\"https:\\\/\\\/afogadosfm.com.br\\\/afogadosfm\\\/#organization\"},\"potentialAction\":[{\"@type\":\"SearchAction\",\"target\":{\"@type\":\"EntryPoint\",\"urlTemplate\":\"https:\\\/\\\/afogadosfm.com.br\\\/afogadosfm\\\/?s={search_term_string}\"},\"query-input\":{\"@type\":\"PropertyValueSpecification\",\"valueRequired\":true,\"valueName\":\"search_term_string\"}}],\"inLanguage\":\"pt-BR\"},{\"@type\":\"Organization\",\"@id\":\"https:\\\/\\\/afogadosfm.com.br\\\/afogadosfm\\\/#organization\",\"name\":\"Afogados FM\",\"url\":\"https:\\\/\\\/afogadosfm.com.br\\\/afogadosfm\\\/\",\"logo\":{\"@type\":\"ImageObject\",\"inLanguage\":\"pt-BR\",\"@id\":\"https:\\\/\\\/afogadosfm.com.br\\\/afogadosfm\\\/#\\\/schema\\\/logo\\\/image\\\/\",\"url\":\"https:\\\/\\\/i0.wp.com\\\/afogadosfm.com.br\\\/afogadosfm\\\/wp-content\\\/uploads\\\/2020\\\/06\\\/cropped-banner-afogados-4.jpg?fit=369%2C137&ssl=1\",\"contentUrl\":\"https:\\\/\\\/i0.wp.com\\\/afogadosfm.com.br\\\/afogadosfm\\\/wp-content\\\/uploads\\\/2020\\\/06\\\/cropped-banner-afogados-4.jpg?fit=369%2C137&ssl=1\",\"width\":369,\"height\":137,\"caption\":\"Afogados FM\"},\"image\":{\"@id\":\"https:\\\/\\\/afogadosfm.com.br\\\/afogadosfm\\\/#\\\/schema\\\/logo\\\/image\\\/\"}},{\"@type\":\"Person\",\"@id\":\"https:\\\/\\\/afogadosfm.com.br\\\/afogadosfm\\\/#\\\/schema\\\/person\\\/60e56f2cf5dc960fc093fe093d9e9057\",\"name\":\"afogadosfm\",\"image\":{\"@type\":\"ImageObject\",\"inLanguage\":\"pt-BR\",\"@id\":\"https:\\\/\\\/secure.gravatar.com\\\/avatar\\\/e0359add7ed5dc3560906d861b52c6a8cf5c1e199d3a7dd85070998f49bd4701?s=96&d=mm&r=g\",\"url\":\"https:\\\/\\\/secure.gravatar.com\\\/avatar\\\/e0359add7ed5dc3560906d861b52c6a8cf5c1e199d3a7dd85070998f49bd4701?s=96&d=mm&r=g\",\"contentUrl\":\"https:\\\/\\\/secure.gravatar.com\\\/avatar\\\/e0359add7ed5dc3560906d861b52c6a8cf5c1e199d3a7dd85070998f49bd4701?s=96&d=mm&r=g\",\"caption\":\"afogadosfm\"},\"url\":\"https:\\\/\\\/afogadosfm.com.br\\\/afogadosfm\\\/author\\\/afogadosfm\\\/\"}]}<\/script>\n<!-- \/ Yoast SEO plugin. -->","yoast_head_json":{"title":"Sistema de Defesa Civil Alerta come\u00e7a a funcionar nesta quarta (18) - Afogados FM","robots":{"index":"index","follow":"follow","max-snippet":"max-snippet:-1","max-image-preview":"max-image-preview:large","max-video-preview":"max-video-preview:-1"},"canonical":"https:\/\/afogadosfm.com.br\/afogadosfm\/2025\/06\/18\/sistema-de-defesa-civil-alerta-comeca-a-funcionar-nesta-quarta-18\/","og_locale":"pt_BR","og_type":"article","og_title":"Sistema de Defesa Civil Alerta come\u00e7a a funcionar nesta quarta (18) - Afogados FM","og_description":"O sistema Defesa Civil Alerta passa a funcionar no Nordeste a partir desta quarta-feira (18) como ferramenta de comunica\u00e7\u00e3o emergencial","og_url":"https:\/\/afogadosfm.com.br\/afogadosfm\/2025\/06\/18\/sistema-de-defesa-civil-alerta-comeca-a-funcionar-nesta-quarta-18\/","og_site_name":"Afogados FM","article_published_time":"2025-06-18T09:20:50+00:00","article_modified_time":"2025-06-18T09:20:51+00:00","og_image":[{"width":474,"height":311,"url":"https:\/\/afogadosfm.com.br\/afogadosfm\/wp-content\/uploads\/2025\/06\/defesacivil.jpg","type":"image\/jpeg"}],"author":"afogadosfm","twitter_card":"summary_large_image","twitter_misc":{"Escrito por":"afogadosfm","Est. tempo de leitura":"2 minutos"},"schema":{"@context":"https:\/\/schema.org","@graph":[{"@type":"Article","@id":"https:\/\/afogadosfm.com.br\/afogadosfm\/2025\/06\/18\/sistema-de-defesa-civil-alerta-comeca-a-funcionar-nesta-quarta-18\/#article","isPartOf":{"@id":"https:\/\/afogadosfm.com.br\/afogadosfm\/2025\/06\/18\/sistema-de-defesa-civil-alerta-comeca-a-funcionar-nesta-quarta-18\/"},"author":{"name":"afogadosfm","@id":"https:\/\/afogadosfm.com.br\/afogadosfm\/#\/schema\/person\/60e56f2cf5dc960fc093fe093d9e9057"},"headline":"Sistema de Defesa Civil Alerta come\u00e7a a funcionar nesta quarta (18)","datePublished":"2025-06-18T09:20:50+00:00","dateModified":"2025-06-18T09:20:51+00:00","mainEntityOfPage":{"@id":"https:\/\/afogadosfm.com.br\/afogadosfm\/2025\/06\/18\/sistema-de-defesa-civil-alerta-comeca-a-funcionar-nesta-quarta-18\/"},"wordCount":332,"commentCount":0,"publisher":{"@id":"https:\/\/afogadosfm.com.br\/afogadosfm\/#organization"},"image":{"@id":"https:\/\/afogadosfm.com.br\/afogadosfm\/2025\/06\/18\/sistema-de-defesa-civil-alerta-comeca-a-funcionar-nesta-quarta-18\/#primaryimage"},"thumbnailUrl":"https:\/\/i0.wp.com\/afogadosfm.com.br\/afogadosfm\/wp-content\/uploads\/2025\/06\/defesacivil.jpg?fit=474%2C311&ssl=1","articleSection":["Nordeste"],"inLanguage":"pt-BR","potentialAction":[{"@type":"CommentAction","name":"Comment","target":["https:\/\/afogadosfm.com.br\/afogadosfm\/2025\/06\/18\/sistema-de-defesa-civil-alerta-comeca-a-funcionar-nesta-quarta-18\/#respond"]}]},{"@type":"WebPage","@id":"https:\/\/afogadosfm.com.br\/afogadosfm\/2025\/06\/18\/sistema-de-defesa-civil-alerta-comeca-a-funcionar-nesta-quarta-18\/","url":"https:\/\/afogadosfm.com.br\/afogadosfm\/2025\/06\/18\/sistema-de-defesa-civil-alerta-comeca-a-funcionar-nesta-quarta-18\/","name":"Sistema de Defesa Civil Alerta come\u00e7a a funcionar nesta quarta (18) - Afogados FM","isPartOf":{"@id":"https:\/\/afogadosfm.com.br\/afogadosfm\/#website"},"primaryImageOfPage":{"@id":"https:\/\/afogadosfm.com.br\/afogadosfm\/2025\/06\/18\/sistema-de-defesa-civil-alerta-comeca-a-funcionar-nesta-quarta-18\/#primaryimage"},"image":{"@id":"https:\/\/afogadosfm.com.br\/afogadosfm\/2025\/06\/18\/sistema-de-defesa-civil-alerta-comeca-a-funcionar-nesta-quarta-18\/#primaryimage"},"thumbnailUrl":"https:\/\/i0.wp.com\/afogadosfm.com.br\/afogadosfm\/wp-content\/uploads\/2025\/06\/defesacivil.jpg?fit=474%2C311&ssl=1","datePublished":"2025-06-18T09:20:50+00:00","dateModified":"2025-06-18T09:20:51+00:00","breadcrumb":{"@id":"https:\/\/afogadosfm.com.br\/afogadosfm\/2025\/06\/18\/sistema-de-defesa-civil-alerta-comeca-a-funcionar-nesta-quarta-18\/#breadcrumb"},"inLanguage":"pt-BR","potentialAction":[{"@type":"ReadAction","target":["https:\/\/afogadosfm.com.br\/afogadosfm\/2025\/06\/18\/sistema-de-defesa-civil-alerta-comeca-a-funcionar-nesta-quarta-18\/"]}]},{"@type":"ImageObject","inLanguage":"pt-BR","@id":"https:\/\/afogadosfm.com.br\/afogadosfm\/2025\/06\/18\/sistema-de-defesa-civil-alerta-comeca-a-funcionar-nesta-quarta-18\/#primaryimage","url":"https:\/\/i0.wp.com\/afogadosfm.com.br\/afogadosfm\/wp-content\/uploads\/2025\/06\/defesacivil.jpg?fit=474%2C311&ssl=1","contentUrl":"https:\/\/i0.wp.com\/afogadosfm.com.br\/afogadosfm\/wp-content\/uploads\/2025\/06\/defesacivil.jpg?fit=474%2C311&ssl=1","width":474,"height":311},{"@type":"BreadcrumbList","@id":"https:\/\/afogadosfm.com.br\/afogadosfm\/2025\/06\/18\/sistema-de-defesa-civil-alerta-comeca-a-funcionar-nesta-quarta-18\/#breadcrumb","itemListElement":[{"@type":"ListItem","position":1,"name":"In\u00edcio","item":"https:\/\/afogadosfm.com.br\/afogadosfm\/"},{"@type":"ListItem","position":2,"name":"Sistema de Defesa Civil Alerta come\u00e7a a funcionar nesta quarta (18)"}]},{"@type":"WebSite","@id":"https:\/\/afogadosfm.com.br\/afogadosfm\/#website","url":"https:\/\/afogadosfm.com.br\/afogadosfm\/","name":"Afogados FM","description":"Um site completo!","publisher":{"@id":"https:\/\/afogadosfm.com.br\/afogadosfm\/#organization"},"potentialAction":[{"@type":"SearchAction","target":{"@type":"EntryPoint","urlTemplate":"https:\/\/afogadosfm.com.br\/afogadosfm\/?s={search_term_string}"},"query-input":{"@type":"PropertyValueSpecification","valueRequired":true,"valueName":"search_term_string"}}],"inLanguage":"pt-BR"},{"@type":"Organization","@id":"https:\/\/afogadosfm.com.br\/afogadosfm\/#organization","name":"Afogados FM","url":"https:\/\/afogadosfm.com.br\/afogadosfm\/","logo":{"@type":"ImageObject","inLanguage":"pt-BR","@id":"https:\/\/afogadosfm.com.br\/afogadosfm\/#\/schema\/logo\/image\/","url":"https:\/\/i0.wp.com\/afogadosfm.com.br\/afogadosfm\/wp-content\/uploads\/2020\/06\/cropped-banner-afogados-4.jpg?fit=369%2C137&ssl=1","contentUrl":"https:\/\/i0.wp.com\/afogadosfm.com.br\/afogadosfm\/wp-content\/uploads\/2020\/06\/cropped-banner-afogados-4.jpg?fit=369%2C137&ssl=1","width":369,"height":137,"caption":"Afogados FM"},"image":{"@id":"https:\/\/afogadosfm.com.br\/afogadosfm\/#\/schema\/logo\/image\/"}},{"@type":"Person","@id":"https:\/\/afogadosfm.com.br\/afogadosfm\/#\/schema\/person\/60e56f2cf5dc960fc093fe093d9e9057","name":"afogadosfm","image":{"@type":"ImageObject","inLanguage":"pt-BR","@id":"https:\/\/secure.gravatar.com\/avatar\/e0359add7ed5dc3560906d861b52c6a8cf5c1e199d3a7dd85070998f49bd4701?s=96&d=mm&r=g","url":"https:\/\/secure.gravatar.com\/avatar\/e0359add7ed5dc3560906d861b52c6a8cf5c1e199d3a7dd85070998f49bd4701?s=96&d=mm&r=g","contentUrl":"https:\/\/secure.gravatar.com\/avatar\/e0359add7ed5dc3560906d861b52c6a8cf5c1e199d3a7dd85070998f49bd4701?s=96&d=mm&r=g","caption":"afogadosfm"},"url":"https:\/\/afogadosfm.com.br\/afogadosfm\/author\/afogadosfm\/"}]}},"jetpack_publicize_connections":[],"jetpack_featured_media_url":"https:\/\/i0.wp.com\/afogadosfm.com.br\/afogadosfm\/wp-content\/uploads\/2025\/06\/defesacivil.jpg?fit=474%2C311&ssl=1","jetpack-related-posts":[],"jetpack_sharing_enabled":true,"jetpack_likes_enabled":true,"_links":{"self":[{"href":"https:\/\/afogadosfm.com.br\/afogadosfm\/wp-json\/wp\/v2\/posts\/66747","targetHints":{"allow":["GET"]}}],"collection":[{"href":"https:\/\/afogadosfm.com.br\/afogadosfm\/wp-json\/wp\/v2\/posts"}],"about":[{"href":"https:\/\/afogadosfm.com.br\/afogadosfm\/wp-json\/wp\/v2\/types\/post"}],"author":[{"embeddable":true,"href":"https:\/\/afogadosfm.com.br\/afogadosfm\/wp-json\/wp\/v2\/users\/2"}],"replies":[{"embeddable":true,"href":"https:\/\/afogadosfm.com.br\/afogadosfm\/wp-json\/wp\/v2\/comments?post=66747"}],"version-history":[{"count":1,"href":"https:\/\/afogadosfm.com.br\/afogadosfm\/wp-json\/wp\/v2\/posts\/66747\/revisions"}],"predecessor-version":[{"id":66749,"href":"https:\/\/afogadosfm.com.br\/afogadosfm\/wp-json\/wp\/v2\/posts\/66747\/revisions\/66749"}],"wp:featuredmedia":[{"embeddable":true,"href":"https:\/\/afogadosfm.com.br\/afogadosfm\/wp-json\/wp\/v2\/media\/66748"}],"wp:attachment":[{"href":"https:\/\/afogadosfm.com.br\/afogadosfm\/wp-json\/wp\/v2\/media?parent=66747"}],"wp:term":[{"taxonomy":"category","embeddable":true,"href":"https:\/\/afogadosfm.com.br\/afogadosfm\/wp-json\/wp\/v2\/categories?post=66747"},{"taxonomy":"post_tag","embeddable":true,"href":"https:\/\/afogadosfm.com.br\/afogadosfm\/wp-json\/wp\/v2\/tags?post=66747"}],"curies":[{"name":"wp","href":"https:\/\/api.w.org\/{rel}","templated":true}]}}