{"id":66765,"date":"2025-06-19T05:54:57","date_gmt":"2025-06-19T08:54:57","guid":{"rendered":"https:\/\/afogadosfm.com.br\/afogadosfm\/?p=66765"},"modified":"2025-06-19T05:54:58","modified_gmt":"2025-06-19T08:54:58","slug":"ecad-entra-em-acao-para-suspender-shows-do-sao-joao-de-petrolina","status":"publish","type":"post","link":"https:\/\/afogadosfm.com.br\/afogadosfm\/2025\/06\/19\/ecad-entra-em-acao-para-suspender-shows-do-sao-joao-de-petrolina\/","title":{"rendered":"Ecad entra em a\u00e7\u00e3o para suspender shows do S\u00e3o Jo\u00e3o de Petrolina"},"content":{"rendered":"\n<p>O Escrit\u00f3rio Central de Arrecada\u00e7\u00e3o e Distribui\u00e7\u00e3o (Ecad) entrou com a\u00e7\u00e3o na Justi\u00e7a para suspender os shows no S\u00e3o Jo\u00e3o de Petrolina, no Sert\u00e3o pernambucano, por falta de pagamento de direitos autorais. Ainda n\u00e3o h\u00e1 decis\u00e3o no Tribunal de Justi\u00e7a de Pernambuco (TJPE).<\/p>\n\n\n\n<p>A a\u00e7\u00e3o \u00e9 movida contra a prefeitura de Petrolina e a empresa Marsom Sonoriza\u00e7\u00e3o Ltda, que produz o evento. Segundo o Ecad, a d\u00edvida no munic\u00edpio \u00e9 estimada entre R$ 7 e R$ 8 milh\u00f5es. Procuradas, a gest\u00e3o municipal e a empresa negam d\u00e9bito.<\/p>\n\n\n\n<p>O munic\u00edpio estaria sem quitar o d\u00e9bito com a entidade h\u00e1 mais de 20 anos, de acordo com o Ecad. No processo, a entidade diz que a prefeitura tamb\u00e9m n\u00e3o determinou \u201ca \u2018garantia m\u00ednima\u2019 dos direitos autorais\u201d para compositores na edi\u00e7\u00e3o do S\u00e3o Jo\u00e3o 2025 \u2013 \u201cdemonstrando, nitidamente, o descaso para com o direito autoral dos verdadeiros titulares das obras protegidas\u201d, segundo o texto.<\/p>\n\n\n\n<p>O \u00f3rg\u00e3o solicita \u00e0 Justi\u00e7a que suspenda ou interrompa \u201cqualquer execu\u00e7\u00e3o\/radiodifus\u00e3o de obras musicais, l\u00edtero-musical e fonogramas enquanto a Prefeitura de Petrolina n\u00e3o providenciar a pr\u00e9via autoriza\u00e7\u00e3o do autor\u201d. Tamb\u00e9m pede que a prefeitura seja condenada a pagar a retribui\u00e7\u00e3o autoral, no valor de 10% sobre o total de contratos firmados com as bandas.<\/p>\n\n\n\n<p>\u201cVale acentuar que n\u00e3o se dispondo \u00e0 pr\u00e9via libera\u00e7\u00e3o das execu\u00e7\u00f5es e persistindo nas realiza\u00e7\u00f5es anuais do evento em refer\u00eancia, tem-se a imin\u00eancia da viola\u00e7\u00e3o autoral\u201d, diz a peti\u00e7\u00e3o.<\/p>\n\n\n\n<p>Em nota, a Marsom Sonoriza\u00e7\u00e3o Ltda alega que &#8220;n\u00e3o h\u00e1 inadimpl\u00eancia com rela\u00e7\u00e3o ao pagamento de direitos autorais ao ECAD para o evento S\u00e3o Jo\u00e3o de Petrolina 2025&#8221;. A empresa afirma que o pagamento &#8220;foi devidamente efetuado na manh\u00e3 desta quarta-feira, 18\/06\/2025, dentro do prazo legal e contratual estabelecido&#8221;.<\/p>\n\n\n\n<p>Tamb\u00e9m em nota, a Prefeitura de Petrolina afirma que &#8220;n\u00e3o reconhece a d\u00edvida de R$ 7 milh\u00f5es&#8221;. A prefeitura alega, tamb\u00e9m, que &#8220;os valores representam eventos que aconteceram em gest\u00f5es anteriores&#8221;. &#8220;O evento est\u00e1 sendo organizado dentro dos tr\u00e2mites legais, com todas as autoriza\u00e7\u00f5es emitidas e obriga\u00e7\u00f5es em dia por parte das empresas respons\u00e1veis&#8221;, conclui.<\/p>\n","protected":false},"excerpt":{"rendered":"<p>O Escrit\u00f3rio Central de Arrecada\u00e7\u00e3o e Distribui\u00e7\u00e3o (Ecad) entrou com a\u00e7\u00e3o na Justi\u00e7a para suspender os shows no S\u00e3o Jo\u00e3o<\/p>\n","protected":false},"author":2,"featured_media":25315,"comment_status":"open","ping_status":"open","sticky":false,"template":"","format":"standard","meta":{"jetpack_post_was_ever_published":false,"_jetpack_newsletter_access":"","_jetpack_dont_email_post_to_subs":false,"_jetpack_newsletter_tier_id":0,"_jetpack_memberships_contains_paywalled_content":false,"_jetpack_memberships_contains_paid_content":false,"footnotes":"","jetpack_publicize_message":"","jetpack_publicize_feature_enabled":true,"jetpack_social_post_already_shared":true,"jetpack_social_options":{"image_generator_settings":{"template":"highway","default_image_id":0,"font":"","enabled":false},"version":2}},"categories":[32],"tags":[],"class_list":["post-66765","post","type-post","status-publish","format-standard","has-post-thumbnail","hentry","category-sertao"],"yoast_head":"<!-- This site is optimized with the Yoast SEO plugin v27.5 - https:\/\/yoast.com\/product\/yoast-seo-wordpress\/ -->\n<title>Ecad entra em a\u00e7\u00e3o para suspender shows do S\u00e3o Jo\u00e3o de Petrolina - Afogados FM<\/title>\n<meta name=\"robots\" content=\"index, follow, max-snippet:-1, max-image-preview:large, max-video-preview:-1\" \/>\n<link rel=\"canonical\" href=\"https:\/\/afogadosfm.com.br\/afogadosfm\/2025\/06\/19\/ecad-entra-em-acao-para-suspender-shows-do-sao-joao-de-petrolina\/\" \/>\n<meta property=\"og:locale\" content=\"pt_BR\" \/>\n<meta property=\"og:type\" content=\"article\" \/>\n<meta property=\"og:title\" content=\"Ecad entra em a\u00e7\u00e3o para suspender shows do S\u00e3o Jo\u00e3o de Petrolina - Afogados FM\" \/>\n<meta property=\"og:description\" content=\"O Escrit\u00f3rio Central de Arrecada\u00e7\u00e3o e Distribui\u00e7\u00e3o (Ecad) entrou com a\u00e7\u00e3o na Justi\u00e7a para suspender os shows no S\u00e3o Jo\u00e3o\" \/>\n<meta property=\"og:url\" content=\"https:\/\/afogadosfm.com.br\/afogadosfm\/2025\/06\/19\/ecad-entra-em-acao-para-suspender-shows-do-sao-joao-de-petrolina\/\" \/>\n<meta property=\"og:site_name\" content=\"Afogados FM\" \/>\n<meta property=\"article:published_time\" content=\"2025-06-19T08:54:57+00:00\" \/>\n<meta property=\"article:modified_time\" content=\"2025-06-19T08:54:58+00:00\" \/>\n<meta property=\"og:image\" content=\"https:\/\/afogadosfm.com.br\/afogadosfm\/wp-content\/uploads\/2021\/04\/eventos.jpg\" \/>\n\t<meta property=\"og:image:width\" content=\"362\" \/>\n\t<meta property=\"og:image:height\" content=\"139\" \/>\n\t<meta property=\"og:image:type\" content=\"image\/jpeg\" \/>\n<meta name=\"author\" content=\"afogadosfm\" \/>\n<meta name=\"twitter:card\" content=\"summary_large_image\" \/>\n<meta name=\"twitter:label1\" content=\"Escrito por\" \/>\n\t<meta name=\"twitter:data1\" content=\"afogadosfm\" \/>\n\t<meta name=\"twitter:label2\" content=\"Est. tempo de leitura\" \/>\n\t<meta name=\"twitter:data2\" content=\"3 minutos\" \/>\n<script type=\"application\/ld+json\" class=\"yoast-schema-graph\">{\"@context\":\"https:\\\/\\\/schema.org\",\"@graph\":[{\"@type\":\"Article\",\"@id\":\"https:\\\/\\\/afogadosfm.com.br\\\/afogadosfm\\\/2025\\\/06\\\/19\\\/ecad-entra-em-acao-para-suspender-shows-do-sao-joao-de-petrolina\\\/#article\",\"isPartOf\":{\"@id\":\"https:\\\/\\\/afogadosfm.com.br\\\/afogadosfm\\\/2025\\\/06\\\/19\\\/ecad-entra-em-acao-para-suspender-shows-do-sao-joao-de-petrolina\\\/\"},\"author\":{\"name\":\"afogadosfm\",\"@id\":\"https:\\\/\\\/afogadosfm.com.br\\\/afogadosfm\\\/#\\\/schema\\\/person\\\/60e56f2cf5dc960fc093fe093d9e9057\"},\"headline\":\"Ecad entra em a\u00e7\u00e3o para suspender shows do S\u00e3o Jo\u00e3o de Petrolina\",\"datePublished\":\"2025-06-19T08:54:57+00:00\",\"dateModified\":\"2025-06-19T08:54:58+00:00\",\"mainEntityOfPage\":{\"@id\":\"https:\\\/\\\/afogadosfm.com.br\\\/afogadosfm\\\/2025\\\/06\\\/19\\\/ecad-entra-em-acao-para-suspender-shows-do-sao-joao-de-petrolina\\\/\"},\"wordCount\":402,\"commentCount\":0,\"publisher\":{\"@id\":\"https:\\\/\\\/afogadosfm.com.br\\\/afogadosfm\\\/#organization\"},\"image\":{\"@id\":\"https:\\\/\\\/afogadosfm.com.br\\\/afogadosfm\\\/2025\\\/06\\\/19\\\/ecad-entra-em-acao-para-suspender-shows-do-sao-joao-de-petrolina\\\/#primaryimage\"},\"thumbnailUrl\":\"https:\\\/\\\/i0.wp.com\\\/afogadosfm.com.br\\\/afogadosfm\\\/wp-content\\\/uploads\\\/2021\\\/04\\\/eventos.jpg?fit=362%2C139&ssl=1\",\"articleSection\":[\"Sert\u00e3o\"],\"inLanguage\":\"pt-BR\",\"potentialAction\":[{\"@type\":\"CommentAction\",\"name\":\"Comment\",\"target\":[\"https:\\\/\\\/afogadosfm.com.br\\\/afogadosfm\\\/2025\\\/06\\\/19\\\/ecad-entra-em-acao-para-suspender-shows-do-sao-joao-de-petrolina\\\/#respond\"]}]},{\"@type\":\"WebPage\",\"@id\":\"https:\\\/\\\/afogadosfm.com.br\\\/afogadosfm\\\/2025\\\/06\\\/19\\\/ecad-entra-em-acao-para-suspender-shows-do-sao-joao-de-petrolina\\\/\",\"url\":\"https:\\\/\\\/afogadosfm.com.br\\\/afogadosfm\\\/2025\\\/06\\\/19\\\/ecad-entra-em-acao-para-suspender-shows-do-sao-joao-de-petrolina\\\/\",\"name\":\"Ecad entra em a\u00e7\u00e3o para suspender shows do S\u00e3o Jo\u00e3o de Petrolina - Afogados FM\",\"isPartOf\":{\"@id\":\"https:\\\/\\\/afogadosfm.com.br\\\/afogadosfm\\\/#website\"},\"primaryImageOfPage\":{\"@id\":\"https:\\\/\\\/afogadosfm.com.br\\\/afogadosfm\\\/2025\\\/06\\\/19\\\/ecad-entra-em-acao-para-suspender-shows-do-sao-joao-de-petrolina\\\/#primaryimage\"},\"image\":{\"@id\":\"https:\\\/\\\/afogadosfm.com.br\\\/afogadosfm\\\/2025\\\/06\\\/19\\\/ecad-entra-em-acao-para-suspender-shows-do-sao-joao-de-petrolina\\\/#primaryimage\"},\"thumbnailUrl\":\"https:\\\/\\\/i0.wp.com\\\/afogadosfm.com.br\\\/afogadosfm\\\/wp-content\\\/uploads\\\/2021\\\/04\\\/eventos.jpg?fit=362%2C139&ssl=1\",\"datePublished\":\"2025-06-19T08:54:57+00:00\",\"dateModified\":\"2025-06-19T08:54:58+00:00\",\"breadcrumb\":{\"@id\":\"https:\\\/\\\/afogadosfm.com.br\\\/afogadosfm\\\/2025\\\/06\\\/19\\\/ecad-entra-em-acao-para-suspender-shows-do-sao-joao-de-petrolina\\\/#breadcrumb\"},\"inLanguage\":\"pt-BR\",\"potentialAction\":[{\"@type\":\"ReadAction\",\"target\":[\"https:\\\/\\\/afogadosfm.com.br\\\/afogadosfm\\\/2025\\\/06\\\/19\\\/ecad-entra-em-acao-para-suspender-shows-do-sao-joao-de-petrolina\\\/\"]}]},{\"@type\":\"ImageObject\",\"inLanguage\":\"pt-BR\",\"@id\":\"https:\\\/\\\/afogadosfm.com.br\\\/afogadosfm\\\/2025\\\/06\\\/19\\\/ecad-entra-em-acao-para-suspender-shows-do-sao-joao-de-petrolina\\\/#primaryimage\",\"url\":\"https:\\\/\\\/i0.wp.com\\\/afogadosfm.com.br\\\/afogadosfm\\\/wp-content\\\/uploads\\\/2021\\\/04\\\/eventos.jpg?fit=362%2C139&ssl=1\",\"contentUrl\":\"https:\\\/\\\/i0.wp.com\\\/afogadosfm.com.br\\\/afogadosfm\\\/wp-content\\\/uploads\\\/2021\\\/04\\\/eventos.jpg?fit=362%2C139&ssl=1\",\"width\":362,\"height\":139},{\"@type\":\"BreadcrumbList\",\"@id\":\"https:\\\/\\\/afogadosfm.com.br\\\/afogadosfm\\\/2025\\\/06\\\/19\\\/ecad-entra-em-acao-para-suspender-shows-do-sao-joao-de-petrolina\\\/#breadcrumb\",\"itemListElement\":[{\"@type\":\"ListItem\",\"position\":1,\"name\":\"In\u00edcio\",\"item\":\"https:\\\/\\\/afogadosfm.com.br\\\/afogadosfm\\\/\"},{\"@type\":\"ListItem\",\"position\":2,\"name\":\"Ecad entra em a\u00e7\u00e3o para suspender shows do S\u00e3o Jo\u00e3o de Petrolina\"}]},{\"@type\":\"WebSite\",\"@id\":\"https:\\\/\\\/afogadosfm.com.br\\\/afogadosfm\\\/#website\",\"url\":\"https:\\\/\\\/afogadosfm.com.br\\\/afogadosfm\\\/\",\"name\":\"Afogados FM\",\"description\":\"Um site completo!\",\"publisher\":{\"@id\":\"https:\\\/\\\/afogadosfm.com.br\\\/afogadosfm\\\/#organization\"},\"potentialAction\":[{\"@type\":\"SearchAction\",\"target\":{\"@type\":\"EntryPoint\",\"urlTemplate\":\"https:\\\/\\\/afogadosfm.com.br\\\/afogadosfm\\\/?s={search_term_string}\"},\"query-input\":{\"@type\":\"PropertyValueSpecification\",\"valueRequired\":true,\"valueName\":\"search_term_string\"}}],\"inLanguage\":\"pt-BR\"},{\"@type\":\"Organization\",\"@id\":\"https:\\\/\\\/afogadosfm.com.br\\\/afogadosfm\\\/#organization\",\"name\":\"Afogados FM\",\"url\":\"https:\\\/\\\/afogadosfm.com.br\\\/afogadosfm\\\/\",\"logo\":{\"@type\":\"ImageObject\",\"inLanguage\":\"pt-BR\",\"@id\":\"https:\\\/\\\/afogadosfm.com.br\\\/afogadosfm\\\/#\\\/schema\\\/logo\\\/image\\\/\",\"url\":\"https:\\\/\\\/i0.wp.com\\\/afogadosfm.com.br\\\/afogadosfm\\\/wp-content\\\/uploads\\\/2020\\\/06\\\/cropped-banner-afogados-4.jpg?fit=369%2C137&ssl=1\",\"contentUrl\":\"https:\\\/\\\/i0.wp.com\\\/afogadosfm.com.br\\\/afogadosfm\\\/wp-content\\\/uploads\\\/2020\\\/06\\\/cropped-banner-afogados-4.jpg?fit=369%2C137&ssl=1\",\"width\":369,\"height\":137,\"caption\":\"Afogados FM\"},\"image\":{\"@id\":\"https:\\\/\\\/afogadosfm.com.br\\\/afogadosfm\\\/#\\\/schema\\\/logo\\\/image\\\/\"}},{\"@type\":\"Person\",\"@id\":\"https:\\\/\\\/afogadosfm.com.br\\\/afogadosfm\\\/#\\\/schema\\\/person\\\/60e56f2cf5dc960fc093fe093d9e9057\",\"name\":\"afogadosfm\",\"image\":{\"@type\":\"ImageObject\",\"inLanguage\":\"pt-BR\",\"@id\":\"https:\\\/\\\/secure.gravatar.com\\\/avatar\\\/e0359add7ed5dc3560906d861b52c6a8cf5c1e199d3a7dd85070998f49bd4701?s=96&d=mm&r=g\",\"url\":\"https:\\\/\\\/secure.gravatar.com\\\/avatar\\\/e0359add7ed5dc3560906d861b52c6a8cf5c1e199d3a7dd85070998f49bd4701?s=96&d=mm&r=g\",\"contentUrl\":\"https:\\\/\\\/secure.gravatar.com\\\/avatar\\\/e0359add7ed5dc3560906d861b52c6a8cf5c1e199d3a7dd85070998f49bd4701?s=96&d=mm&r=g\",\"caption\":\"afogadosfm\"},\"url\":\"https:\\\/\\\/afogadosfm.com.br\\\/afogadosfm\\\/author\\\/afogadosfm\\\/\"}]}<\/script>\n<!-- \/ Yoast SEO plugin. -->","yoast_head_json":{"title":"Ecad entra em a\u00e7\u00e3o para suspender shows do S\u00e3o Jo\u00e3o de Petrolina - Afogados FM","robots":{"index":"index","follow":"follow","max-snippet":"max-snippet:-1","max-image-preview":"max-image-preview:large","max-video-preview":"max-video-preview:-1"},"canonical":"https:\/\/afogadosfm.com.br\/afogadosfm\/2025\/06\/19\/ecad-entra-em-acao-para-suspender-shows-do-sao-joao-de-petrolina\/","og_locale":"pt_BR","og_type":"article","og_title":"Ecad entra em a\u00e7\u00e3o para suspender shows do S\u00e3o Jo\u00e3o de Petrolina - Afogados FM","og_description":"O Escrit\u00f3rio Central de Arrecada\u00e7\u00e3o e Distribui\u00e7\u00e3o (Ecad) entrou com a\u00e7\u00e3o na Justi\u00e7a para suspender os shows no S\u00e3o Jo\u00e3o","og_url":"https:\/\/afogadosfm.com.br\/afogadosfm\/2025\/06\/19\/ecad-entra-em-acao-para-suspender-shows-do-sao-joao-de-petrolina\/","og_site_name":"Afogados FM","article_published_time":"2025-06-19T08:54:57+00:00","article_modified_time":"2025-06-19T08:54:58+00:00","og_image":[{"width":362,"height":139,"url":"https:\/\/afogadosfm.com.br\/afogadosfm\/wp-content\/uploads\/2021\/04\/eventos.jpg","type":"image\/jpeg"}],"author":"afogadosfm","twitter_card":"summary_large_image","twitter_misc":{"Escrito por":"afogadosfm","Est. tempo de leitura":"3 minutos"},"schema":{"@context":"https:\/\/schema.org","@graph":[{"@type":"Article","@id":"https:\/\/afogadosfm.com.br\/afogadosfm\/2025\/06\/19\/ecad-entra-em-acao-para-suspender-shows-do-sao-joao-de-petrolina\/#article","isPartOf":{"@id":"https:\/\/afogadosfm.com.br\/afogadosfm\/2025\/06\/19\/ecad-entra-em-acao-para-suspender-shows-do-sao-joao-de-petrolina\/"},"author":{"name":"afogadosfm","@id":"https:\/\/afogadosfm.com.br\/afogadosfm\/#\/schema\/person\/60e56f2cf5dc960fc093fe093d9e9057"},"headline":"Ecad entra em a\u00e7\u00e3o para suspender shows do S\u00e3o Jo\u00e3o de Petrolina","datePublished":"2025-06-19T08:54:57+00:00","dateModified":"2025-06-19T08:54:58+00:00","mainEntityOfPage":{"@id":"https:\/\/afogadosfm.com.br\/afogadosfm\/2025\/06\/19\/ecad-entra-em-acao-para-suspender-shows-do-sao-joao-de-petrolina\/"},"wordCount":402,"commentCount":0,"publisher":{"@id":"https:\/\/afogadosfm.com.br\/afogadosfm\/#organization"},"image":{"@id":"https:\/\/afogadosfm.com.br\/afogadosfm\/2025\/06\/19\/ecad-entra-em-acao-para-suspender-shows-do-sao-joao-de-petrolina\/#primaryimage"},"thumbnailUrl":"https:\/\/i0.wp.com\/afogadosfm.com.br\/afogadosfm\/wp-content\/uploads\/2021\/04\/eventos.jpg?fit=362%2C139&ssl=1","articleSection":["Sert\u00e3o"],"inLanguage":"pt-BR","potentialAction":[{"@type":"CommentAction","name":"Comment","target":["https:\/\/afogadosfm.com.br\/afogadosfm\/2025\/06\/19\/ecad-entra-em-acao-para-suspender-shows-do-sao-joao-de-petrolina\/#respond"]}]},{"@type":"WebPage","@id":"https:\/\/afogadosfm.com.br\/afogadosfm\/2025\/06\/19\/ecad-entra-em-acao-para-suspender-shows-do-sao-joao-de-petrolina\/","url":"https:\/\/afogadosfm.com.br\/afogadosfm\/2025\/06\/19\/ecad-entra-em-acao-para-suspender-shows-do-sao-joao-de-petrolina\/","name":"Ecad entra em a\u00e7\u00e3o para suspender shows do S\u00e3o Jo\u00e3o de Petrolina - Afogados FM","isPartOf":{"@id":"https:\/\/afogadosfm.com.br\/afogadosfm\/#website"},"primaryImageOfPage":{"@id":"https:\/\/afogadosfm.com.br\/afogadosfm\/2025\/06\/19\/ecad-entra-em-acao-para-suspender-shows-do-sao-joao-de-petrolina\/#primaryimage"},"image":{"@id":"https:\/\/afogadosfm.com.br\/afogadosfm\/2025\/06\/19\/ecad-entra-em-acao-para-suspender-shows-do-sao-joao-de-petrolina\/#primaryimage"},"thumbnailUrl":"https:\/\/i0.wp.com\/afogadosfm.com.br\/afogadosfm\/wp-content\/uploads\/2021\/04\/eventos.jpg?fit=362%2C139&ssl=1","datePublished":"2025-06-19T08:54:57+00:00","dateModified":"2025-06-19T08:54:58+00:00","breadcrumb":{"@id":"https:\/\/afogadosfm.com.br\/afogadosfm\/2025\/06\/19\/ecad-entra-em-acao-para-suspender-shows-do-sao-joao-de-petrolina\/#breadcrumb"},"inLanguage":"pt-BR","potentialAction":[{"@type":"ReadAction","target":["https:\/\/afogadosfm.com.br\/afogadosfm\/2025\/06\/19\/ecad-entra-em-acao-para-suspender-shows-do-sao-joao-de-petrolina\/"]}]},{"@type":"ImageObject","inLanguage":"pt-BR","@id":"https:\/\/afogadosfm.com.br\/afogadosfm\/2025\/06\/19\/ecad-entra-em-acao-para-suspender-shows-do-sao-joao-de-petrolina\/#primaryimage","url":"https:\/\/i0.wp.com\/afogadosfm.com.br\/afogadosfm\/wp-content\/uploads\/2021\/04\/eventos.jpg?fit=362%2C139&ssl=1","contentUrl":"https:\/\/i0.wp.com\/afogadosfm.com.br\/afogadosfm\/wp-content\/uploads\/2021\/04\/eventos.jpg?fit=362%2C139&ssl=1","width":362,"height":139},{"@type":"BreadcrumbList","@id":"https:\/\/afogadosfm.com.br\/afogadosfm\/2025\/06\/19\/ecad-entra-em-acao-para-suspender-shows-do-sao-joao-de-petrolina\/#breadcrumb","itemListElement":[{"@type":"ListItem","position":1,"name":"In\u00edcio","item":"https:\/\/afogadosfm.com.br\/afogadosfm\/"},{"@type":"ListItem","position":2,"name":"Ecad entra em a\u00e7\u00e3o para suspender shows do S\u00e3o Jo\u00e3o de Petrolina"}]},{"@type":"WebSite","@id":"https:\/\/afogadosfm.com.br\/afogadosfm\/#website","url":"https:\/\/afogadosfm.com.br\/afogadosfm\/","name":"Afogados FM","description":"Um site completo!","publisher":{"@id":"https:\/\/afogadosfm.com.br\/afogadosfm\/#organization"},"potentialAction":[{"@type":"SearchAction","target":{"@type":"EntryPoint","urlTemplate":"https:\/\/afogadosfm.com.br\/afogadosfm\/?s={search_term_string}"},"query-input":{"@type":"PropertyValueSpecification","valueRequired":true,"valueName":"search_term_string"}}],"inLanguage":"pt-BR"},{"@type":"Organization","@id":"https:\/\/afogadosfm.com.br\/afogadosfm\/#organization","name":"Afogados FM","url":"https:\/\/afogadosfm.com.br\/afogadosfm\/","logo":{"@type":"ImageObject","inLanguage":"pt-BR","@id":"https:\/\/afogadosfm.com.br\/afogadosfm\/#\/schema\/logo\/image\/","url":"https:\/\/i0.wp.com\/afogadosfm.com.br\/afogadosfm\/wp-content\/uploads\/2020\/06\/cropped-banner-afogados-4.jpg?fit=369%2C137&ssl=1","contentUrl":"https:\/\/i0.wp.com\/afogadosfm.com.br\/afogadosfm\/wp-content\/uploads\/2020\/06\/cropped-banner-afogados-4.jpg?fit=369%2C137&ssl=1","width":369,"height":137,"caption":"Afogados FM"},"image":{"@id":"https:\/\/afogadosfm.com.br\/afogadosfm\/#\/schema\/logo\/image\/"}},{"@type":"Person","@id":"https:\/\/afogadosfm.com.br\/afogadosfm\/#\/schema\/person\/60e56f2cf5dc960fc093fe093d9e9057","name":"afogadosfm","image":{"@type":"ImageObject","inLanguage":"pt-BR","@id":"https:\/\/secure.gravatar.com\/avatar\/e0359add7ed5dc3560906d861b52c6a8cf5c1e199d3a7dd85070998f49bd4701?s=96&d=mm&r=g","url":"https:\/\/secure.gravatar.com\/avatar\/e0359add7ed5dc3560906d861b52c6a8cf5c1e199d3a7dd85070998f49bd4701?s=96&d=mm&r=g","contentUrl":"https:\/\/secure.gravatar.com\/avatar\/e0359add7ed5dc3560906d861b52c6a8cf5c1e199d3a7dd85070998f49bd4701?s=96&d=mm&r=g","caption":"afogadosfm"},"url":"https:\/\/afogadosfm.com.br\/afogadosfm\/author\/afogadosfm\/"}]}},"jetpack_publicize_connections":[],"jetpack_featured_media_url":"https:\/\/i0.wp.com\/afogadosfm.com.br\/afogadosfm\/wp-content\/uploads\/2021\/04\/eventos.jpg?fit=362%2C139&ssl=1","jetpack-related-posts":[],"jetpack_sharing_enabled":true,"jetpack_likes_enabled":true,"_links":{"self":[{"href":"https:\/\/afogadosfm.com.br\/afogadosfm\/wp-json\/wp\/v2\/posts\/66765","targetHints":{"allow":["GET"]}}],"collection":[{"href":"https:\/\/afogadosfm.com.br\/afogadosfm\/wp-json\/wp\/v2\/posts"}],"about":[{"href":"https:\/\/afogadosfm.com.br\/afogadosfm\/wp-json\/wp\/v2\/types\/post"}],"author":[{"embeddable":true,"href":"https:\/\/afogadosfm.com.br\/afogadosfm\/wp-json\/wp\/v2\/users\/2"}],"replies":[{"embeddable":true,"href":"https:\/\/afogadosfm.com.br\/afogadosfm\/wp-json\/wp\/v2\/comments?post=66765"}],"version-history":[{"count":1,"href":"https:\/\/afogadosfm.com.br\/afogadosfm\/wp-json\/wp\/v2\/posts\/66765\/revisions"}],"predecessor-version":[{"id":66766,"href":"https:\/\/afogadosfm.com.br\/afogadosfm\/wp-json\/wp\/v2\/posts\/66765\/revisions\/66766"}],"wp:featuredmedia":[{"embeddable":true,"href":"https:\/\/afogadosfm.com.br\/afogadosfm\/wp-json\/wp\/v2\/media\/25315"}],"wp:attachment":[{"href":"https:\/\/afogadosfm.com.br\/afogadosfm\/wp-json\/wp\/v2\/media?parent=66765"}],"wp:term":[{"taxonomy":"category","embeddable":true,"href":"https:\/\/afogadosfm.com.br\/afogadosfm\/wp-json\/wp\/v2\/categories?post=66765"},{"taxonomy":"post_tag","embeddable":true,"href":"https:\/\/afogadosfm.com.br\/afogadosfm\/wp-json\/wp\/v2\/tags?post=66765"}],"curies":[{"name":"wp","href":"https:\/\/api.w.org\/{rel}","templated":true}]}}