{"id":66769,"date":"2025-06-19T05:58:48","date_gmt":"2025-06-19T08:58:48","guid":{"rendered":"https:\/\/afogadosfm.com.br\/afogadosfm\/?p=66769"},"modified":"2025-06-19T05:58:49","modified_gmt":"2025-06-19T08:58:49","slug":"afogados-promoveu-1a-conferencia-das-cidades","status":"publish","type":"post","link":"https:\/\/afogadosfm.com.br\/afogadosfm\/2025\/06\/19\/afogados-promoveu-1a-conferencia-das-cidades\/","title":{"rendered":"Afogados promoveu 1\u00aa Confer\u00eancia das cidades"},"content":{"rendered":"\n<p>Com o tema \u201cCidades inteligentes: como a intelig\u00eancia artificial est\u00e1 redesenhando o futuro urbano\u201d, a primeira confer\u00eancia das cidades realizada em Afogados da Ingazeira trouxe para o centro do debate, temas bastante importantes para a vida nas cidades: habita\u00e7\u00e3o e regulariza\u00e7\u00e3o fundi\u00e1ria; saneamento b\u00e1sico; mobilidade urbana; financiamento da Pol\u00edtica Nacional de Desenvolvimento Urbano (PNDU); controle social; sustentabilidade ambiental; emerg\u00eancias clim\u00e1ticas; al\u00e9m da transforma\u00e7\u00e3o digital e seu impacto no territ\u00f3rio.<\/p>\n\n\n\n<p>\u201cEssa \u00e9 uma confer\u00eancia pioneira em Afogados, com debates e constru\u00e7\u00e3o de propostas sobre temas extremamente importantes e relevantes para o presente e o futuro das nossas cidades,\u201d destacou Thaynara Queiroz, secret\u00e1ria de planejamento de Afogados na abertura da confer\u00eancia, que aconteceu no audit\u00f3rio da FASP.&nbsp;<\/p>\n\n\n\n<p>A confer\u00eancia contou com as participa\u00e7\u00f5es de alunos do col\u00e9gio C\u00f4nego Jo\u00e3o Leite e do IFPE, especialmente dos cursos de saneamento, inform\u00e1tica e engenharia civil. Participaram tamb\u00e9m da confer\u00eancia, representantes da OAB, CDL\/Afogados, FASP, COMDRUR e Cimpaje\u00fa.&nbsp;<\/p>\n\n\n\n<figure class=\"wp-block-image\"><a href=\"https:\/\/i0.wp.com\/blogger.googleusercontent.com\/img\/b\/R29vZ2xl\/AVvXsEjLJ1eVmf1HOFq9tJu48bJC87rEUcNbXlBjQ0hSS6fSrQ7CCb39u3HFrOP_xeNQMf7g4EoLyaHtfobCGi93t5LDEVVpadyEMK46TWZQLlJfFpuDXt-w0U660NovrlSonmYhB3cTAAG9kHDQ_uFEx1rLpNI6ZblmsV8KNeIgAfCVIYjRatjIDg8Y34BElDw7\/s1280\/24c8f769-c4b0-4d03-aac1-c310871259cd.jpg?ssl=1\"><img data-recalc-dims=\"1\" decoding=\"async\" src=\"https:\/\/i0.wp.com\/blogger.googleusercontent.com\/img\/b\/R29vZ2xl\/AVvXsEjLJ1eVmf1HOFq9tJu48bJC87rEUcNbXlBjQ0hSS6fSrQ7CCb39u3HFrOP_xeNQMf7g4EoLyaHtfobCGi93t5LDEVVpadyEMK46TWZQLlJfFpuDXt-w0U660NovrlSonmYhB3cTAAG9kHDQ_uFEx1rLpNI6ZblmsV8KNeIgAfCVIYjRatjIDg8Y34BElDw7\/w400-h266\/24c8f769-c4b0-4d03-aac1-c310871259cd.jpg?w=840&#038;ssl=1\" alt=\"\"\/><\/a><\/figure>\n\n\n\n<figure class=\"wp-block-image\"><a href=\"https:\/\/i0.wp.com\/blogger.googleusercontent.com\/img\/b\/R29vZ2xl\/AVvXsEgFdWbLXA4QKUDatNM1E8RKqOFeLqlP_ADOw1mUjw4fCfqK_PCFW_bOFGozHYd5quUobP9I95066IuDL7EK0EDaicoduvuLk_E7vPDwtlgZfKz6pQniOuQUu_MCdhn_zsbuzLphfWZcBsIgKxjm3pqZc5iimiO7i4NC7BsnG3xHZKUVtzoko5bTePpq_vRl\/s1280\/357b5f1c-4747-44cf-ae4f-c92f347d5df8.jpg?ssl=1\"><img data-recalc-dims=\"1\" decoding=\"async\" src=\"https:\/\/i0.wp.com\/blogger.googleusercontent.com\/img\/b\/R29vZ2xl\/AVvXsEgFdWbLXA4QKUDatNM1E8RKqOFeLqlP_ADOw1mUjw4fCfqK_PCFW_bOFGozHYd5quUobP9I95066IuDL7EK0EDaicoduvuLk_E7vPDwtlgZfKz6pQniOuQUu_MCdhn_zsbuzLphfWZcBsIgKxjm3pqZc5iimiO7i4NC7BsnG3xHZKUVtzoko5bTePpq_vRl\/w400-h266\/357b5f1c-4747-44cf-ae4f-c92f347d5df8.jpg?w=840&#038;ssl=1\" alt=\"\"\/><\/a><\/figure>\n\n\n\n<figure class=\"wp-block-image\"><a href=\"https:\/\/i0.wp.com\/blogger.googleusercontent.com\/img\/b\/R29vZ2xl\/AVvXsEiei394kRIl_-t95P70zoBqyGyduXxy1sUg7BoTgDK4p6WPsYgP40D6MgC86fZINoEi-igENVnUadz7Ks8iqApWsz0808qaOOJmJJ1c3CzGt_TmO6Srklfnki2a27q02FTcenwDVkIfSWsNzZVgxByzs-GyTDDxaxYyeY2pdwgAAhyuamofQAqAwXIrddHB\/s1280\/22491994-3a19-40f6-8977-2c004d60cebc.jpg?ssl=1\"><img data-recalc-dims=\"1\" decoding=\"async\" src=\"https:\/\/i0.wp.com\/blogger.googleusercontent.com\/img\/b\/R29vZ2xl\/AVvXsEiei394kRIl_-t95P70zoBqyGyduXxy1sUg7BoTgDK4p6WPsYgP40D6MgC86fZINoEi-igENVnUadz7Ks8iqApWsz0808qaOOJmJJ1c3CzGt_TmO6Srklfnki2a27q02FTcenwDVkIfSWsNzZVgxByzs-GyTDDxaxYyeY2pdwgAAhyuamofQAqAwXIrddHB\/w400-h266\/22491994-3a19-40f6-8977-2c004d60cebc.jpg?w=840&#038;ssl=1\" alt=\"\"\/><\/a><\/figure>\n\n\n\n<p>\u201cEstamos aqui para discutir o desenvolvimento da nossa cidade, sua infraestrutura, o acesso \u00e0 educa\u00e7\u00e3o, a quest\u00e3o da mobilidade urbana, as obras de infraestrutura que a popula\u00e7\u00e3o precisa, dentre tantos outros temas t\u00e3o relevantes para o desenvolvimento de nossa cidade,\u201c destacou na abertura do evento, o Prefeito de Afogados, Sandrinho Palmeira.&nbsp;<\/p>\n\n\n\n<p>Ap\u00f3s a abertura, o p\u00fablico se dividiu para participar das discuss\u00f5es nos grupos tem\u00e1ticos. Ao final da apresenta\u00e7\u00e3o, debate e aprova\u00e7\u00e3o das propostas tiradas na confer\u00eancia, os participantes puderam, democraticamente, eleger os representantes de Afogados da Ingazeira que ir\u00e3o participar da confer\u00eancia de estadual das cidades, a ser realizada no segundo semestre deste ano.&nbsp;<\/p>\n\n\n\n<p>Homenagens &#8211; durante a confer\u00eancia foram homenageados o estudante do IFPE , Ant\u00f4nio de Lima Cavalcanti, morador do s\u00edtio Travess\u00e3o, pela persist\u00eancia e dedica\u00e7\u00e3o aos estudos apesar das dificuldades. As professoras Luciete Martins e Alice Mota de Queiroz, tamb\u00e9m foram homenageadas. Essa \u00faltima, dando nome ao escrit\u00f3rio de projetos da gest\u00e3o municipal.<\/p>\n","protected":false},"excerpt":{"rendered":"<p>Com o tema \u201cCidades inteligentes: como a intelig\u00eancia artificial est\u00e1 redesenhando o futuro urbano\u201d, a primeira confer\u00eancia das cidades realizada<\/p>\n","protected":false},"author":2,"featured_media":66770,"comment_status":"open","ping_status":"open","sticky":false,"template":"","format":"standard","meta":{"jetpack_post_was_ever_published":false,"_jetpack_newsletter_access":"","_jetpack_dont_email_post_to_subs":false,"_jetpack_newsletter_tier_id":0,"_jetpack_memberships_contains_paywalled_content":false,"_jetpack_memberships_contains_paid_content":false,"footnotes":"","jetpack_publicize_message":"","jetpack_publicize_feature_enabled":true,"jetpack_social_post_already_shared":true,"jetpack_social_options":{"image_generator_settings":{"template":"highway","default_image_id":0,"font":"","enabled":false},"version":2}},"categories":[14],"tags":[],"class_list":["post-66769","post","type-post","status-publish","format-standard","has-post-thumbnail","hentry","category-afogados-da-ingazeira"],"yoast_head":"<!-- This site is optimized with the Yoast SEO plugin v27.5 - https:\/\/yoast.com\/product\/yoast-seo-wordpress\/ -->\n<title>Afogados promoveu 1\u00aa Confer\u00eancia das cidades - Afogados FM<\/title>\n<meta name=\"robots\" content=\"index, follow, max-snippet:-1, max-image-preview:large, max-video-preview:-1\" \/>\n<link rel=\"canonical\" href=\"https:\/\/afogadosfm.com.br\/afogadosfm\/2025\/06\/19\/afogados-promoveu-1a-conferencia-das-cidades\/\" \/>\n<meta property=\"og:locale\" content=\"pt_BR\" \/>\n<meta property=\"og:type\" content=\"article\" \/>\n<meta property=\"og:title\" content=\"Afogados promoveu 1\u00aa Confer\u00eancia das cidades - Afogados FM\" \/>\n<meta property=\"og:description\" content=\"Com o tema \u201cCidades inteligentes: como a intelig\u00eancia artificial est\u00e1 redesenhando o futuro urbano\u201d, a primeira confer\u00eancia das cidades realizada\" \/>\n<meta property=\"og:url\" content=\"https:\/\/afogadosfm.com.br\/afogadosfm\/2025\/06\/19\/afogados-promoveu-1a-conferencia-das-cidades\/\" \/>\n<meta property=\"og:site_name\" content=\"Afogados FM\" \/>\n<meta property=\"article:published_time\" content=\"2025-06-19T08:58:48+00:00\" \/>\n<meta property=\"article:modified_time\" content=\"2025-06-19T08:58:49+00:00\" \/>\n<meta property=\"og:image\" content=\"https:\/\/afogadosfm.com.br\/afogadosfm\/wp-content\/uploads\/2025\/06\/ec30bbd1-186d-4e9d-8da0-fdd7a00b02c2.jpg\" \/>\n\t<meta property=\"og:image:width\" content=\"400\" \/>\n\t<meta property=\"og:image:height\" content=\"266\" \/>\n\t<meta property=\"og:image:type\" content=\"image\/jpeg\" \/>\n<meta name=\"author\" content=\"afogadosfm\" \/>\n<meta name=\"twitter:card\" content=\"summary_large_image\" \/>\n<meta name=\"twitter:label1\" content=\"Escrito por\" \/>\n\t<meta name=\"twitter:data1\" content=\"afogadosfm\" \/>\n\t<meta name=\"twitter:label2\" content=\"Est. tempo de leitura\" \/>\n\t<meta name=\"twitter:data2\" content=\"3 minutos\" \/>\n<script type=\"application\/ld+json\" class=\"yoast-schema-graph\">{\"@context\":\"https:\\\/\\\/schema.org\",\"@graph\":[{\"@type\":\"Article\",\"@id\":\"https:\\\/\\\/afogadosfm.com.br\\\/afogadosfm\\\/2025\\\/06\\\/19\\\/afogados-promoveu-1a-conferencia-das-cidades\\\/#article\",\"isPartOf\":{\"@id\":\"https:\\\/\\\/afogadosfm.com.br\\\/afogadosfm\\\/2025\\\/06\\\/19\\\/afogados-promoveu-1a-conferencia-das-cidades\\\/\"},\"author\":{\"name\":\"afogadosfm\",\"@id\":\"https:\\\/\\\/afogadosfm.com.br\\\/afogadosfm\\\/#\\\/schema\\\/person\\\/60e56f2cf5dc960fc093fe093d9e9057\"},\"headline\":\"Afogados promoveu 1\u00aa Confer\u00eancia das cidades\",\"datePublished\":\"2025-06-19T08:58:48+00:00\",\"dateModified\":\"2025-06-19T08:58:49+00:00\",\"mainEntityOfPage\":{\"@id\":\"https:\\\/\\\/afogadosfm.com.br\\\/afogadosfm\\\/2025\\\/06\\\/19\\\/afogados-promoveu-1a-conferencia-das-cidades\\\/\"},\"wordCount\":364,\"commentCount\":0,\"publisher\":{\"@id\":\"https:\\\/\\\/afogadosfm.com.br\\\/afogadosfm\\\/#organization\"},\"image\":{\"@id\":\"https:\\\/\\\/afogadosfm.com.br\\\/afogadosfm\\\/2025\\\/06\\\/19\\\/afogados-promoveu-1a-conferencia-das-cidades\\\/#primaryimage\"},\"thumbnailUrl\":\"https:\\\/\\\/i0.wp.com\\\/afogadosfm.com.br\\\/afogadosfm\\\/wp-content\\\/uploads\\\/2025\\\/06\\\/ec30bbd1-186d-4e9d-8da0-fdd7a00b02c2.jpg?fit=400%2C266&ssl=1\",\"articleSection\":[\"Afogados da Ingazeira\"],\"inLanguage\":\"pt-BR\",\"potentialAction\":[{\"@type\":\"CommentAction\",\"name\":\"Comment\",\"target\":[\"https:\\\/\\\/afogadosfm.com.br\\\/afogadosfm\\\/2025\\\/06\\\/19\\\/afogados-promoveu-1a-conferencia-das-cidades\\\/#respond\"]}]},{\"@type\":\"WebPage\",\"@id\":\"https:\\\/\\\/afogadosfm.com.br\\\/afogadosfm\\\/2025\\\/06\\\/19\\\/afogados-promoveu-1a-conferencia-das-cidades\\\/\",\"url\":\"https:\\\/\\\/afogadosfm.com.br\\\/afogadosfm\\\/2025\\\/06\\\/19\\\/afogados-promoveu-1a-conferencia-das-cidades\\\/\",\"name\":\"Afogados promoveu 1\u00aa Confer\u00eancia das cidades - Afogados FM\",\"isPartOf\":{\"@id\":\"https:\\\/\\\/afogadosfm.com.br\\\/afogadosfm\\\/#website\"},\"primaryImageOfPage\":{\"@id\":\"https:\\\/\\\/afogadosfm.com.br\\\/afogadosfm\\\/2025\\\/06\\\/19\\\/afogados-promoveu-1a-conferencia-das-cidades\\\/#primaryimage\"},\"image\":{\"@id\":\"https:\\\/\\\/afogadosfm.com.br\\\/afogadosfm\\\/2025\\\/06\\\/19\\\/afogados-promoveu-1a-conferencia-das-cidades\\\/#primaryimage\"},\"thumbnailUrl\":\"https:\\\/\\\/i0.wp.com\\\/afogadosfm.com.br\\\/afogadosfm\\\/wp-content\\\/uploads\\\/2025\\\/06\\\/ec30bbd1-186d-4e9d-8da0-fdd7a00b02c2.jpg?fit=400%2C266&ssl=1\",\"datePublished\":\"2025-06-19T08:58:48+00:00\",\"dateModified\":\"2025-06-19T08:58:49+00:00\",\"breadcrumb\":{\"@id\":\"https:\\\/\\\/afogadosfm.com.br\\\/afogadosfm\\\/2025\\\/06\\\/19\\\/afogados-promoveu-1a-conferencia-das-cidades\\\/#breadcrumb\"},\"inLanguage\":\"pt-BR\",\"potentialAction\":[{\"@type\":\"ReadAction\",\"target\":[\"https:\\\/\\\/afogadosfm.com.br\\\/afogadosfm\\\/2025\\\/06\\\/19\\\/afogados-promoveu-1a-conferencia-das-cidades\\\/\"]}]},{\"@type\":\"ImageObject\",\"inLanguage\":\"pt-BR\",\"@id\":\"https:\\\/\\\/afogadosfm.com.br\\\/afogadosfm\\\/2025\\\/06\\\/19\\\/afogados-promoveu-1a-conferencia-das-cidades\\\/#primaryimage\",\"url\":\"https:\\\/\\\/i0.wp.com\\\/afogadosfm.com.br\\\/afogadosfm\\\/wp-content\\\/uploads\\\/2025\\\/06\\\/ec30bbd1-186d-4e9d-8da0-fdd7a00b02c2.jpg?fit=400%2C266&ssl=1\",\"contentUrl\":\"https:\\\/\\\/i0.wp.com\\\/afogadosfm.com.br\\\/afogadosfm\\\/wp-content\\\/uploads\\\/2025\\\/06\\\/ec30bbd1-186d-4e9d-8da0-fdd7a00b02c2.jpg?fit=400%2C266&ssl=1\",\"width\":400,\"height\":266},{\"@type\":\"BreadcrumbList\",\"@id\":\"https:\\\/\\\/afogadosfm.com.br\\\/afogadosfm\\\/2025\\\/06\\\/19\\\/afogados-promoveu-1a-conferencia-das-cidades\\\/#breadcrumb\",\"itemListElement\":[{\"@type\":\"ListItem\",\"position\":1,\"name\":\"In\u00edcio\",\"item\":\"https:\\\/\\\/afogadosfm.com.br\\\/afogadosfm\\\/\"},{\"@type\":\"ListItem\",\"position\":2,\"name\":\"Afogados promoveu 1\u00aa Confer\u00eancia das cidades\"}]},{\"@type\":\"WebSite\",\"@id\":\"https:\\\/\\\/afogadosfm.com.br\\\/afogadosfm\\\/#website\",\"url\":\"https:\\\/\\\/afogadosfm.com.br\\\/afogadosfm\\\/\",\"name\":\"Afogados FM\",\"description\":\"Um site completo!\",\"publisher\":{\"@id\":\"https:\\\/\\\/afogadosfm.com.br\\\/afogadosfm\\\/#organization\"},\"potentialAction\":[{\"@type\":\"SearchAction\",\"target\":{\"@type\":\"EntryPoint\",\"urlTemplate\":\"https:\\\/\\\/afogadosfm.com.br\\\/afogadosfm\\\/?s={search_term_string}\"},\"query-input\":{\"@type\":\"PropertyValueSpecification\",\"valueRequired\":true,\"valueName\":\"search_term_string\"}}],\"inLanguage\":\"pt-BR\"},{\"@type\":\"Organization\",\"@id\":\"https:\\\/\\\/afogadosfm.com.br\\\/afogadosfm\\\/#organization\",\"name\":\"Afogados FM\",\"url\":\"https:\\\/\\\/afogadosfm.com.br\\\/afogadosfm\\\/\",\"logo\":{\"@type\":\"ImageObject\",\"inLanguage\":\"pt-BR\",\"@id\":\"https:\\\/\\\/afogadosfm.com.br\\\/afogadosfm\\\/#\\\/schema\\\/logo\\\/image\\\/\",\"url\":\"https:\\\/\\\/i0.wp.com\\\/afogadosfm.com.br\\\/afogadosfm\\\/wp-content\\\/uploads\\\/2020\\\/06\\\/cropped-banner-afogados-4.jpg?fit=369%2C137&ssl=1\",\"contentUrl\":\"https:\\\/\\\/i0.wp.com\\\/afogadosfm.com.br\\\/afogadosfm\\\/wp-content\\\/uploads\\\/2020\\\/06\\\/cropped-banner-afogados-4.jpg?fit=369%2C137&ssl=1\",\"width\":369,\"height\":137,\"caption\":\"Afogados FM\"},\"image\":{\"@id\":\"https:\\\/\\\/afogadosfm.com.br\\\/afogadosfm\\\/#\\\/schema\\\/logo\\\/image\\\/\"}},{\"@type\":\"Person\",\"@id\":\"https:\\\/\\\/afogadosfm.com.br\\\/afogadosfm\\\/#\\\/schema\\\/person\\\/60e56f2cf5dc960fc093fe093d9e9057\",\"name\":\"afogadosfm\",\"image\":{\"@type\":\"ImageObject\",\"inLanguage\":\"pt-BR\",\"@id\":\"https:\\\/\\\/secure.gravatar.com\\\/avatar\\\/e0359add7ed5dc3560906d861b52c6a8cf5c1e199d3a7dd85070998f49bd4701?s=96&d=mm&r=g\",\"url\":\"https:\\\/\\\/secure.gravatar.com\\\/avatar\\\/e0359add7ed5dc3560906d861b52c6a8cf5c1e199d3a7dd85070998f49bd4701?s=96&d=mm&r=g\",\"contentUrl\":\"https:\\\/\\\/secure.gravatar.com\\\/avatar\\\/e0359add7ed5dc3560906d861b52c6a8cf5c1e199d3a7dd85070998f49bd4701?s=96&d=mm&r=g\",\"caption\":\"afogadosfm\"},\"url\":\"https:\\\/\\\/afogadosfm.com.br\\\/afogadosfm\\\/author\\\/afogadosfm\\\/\"}]}<\/script>\n<!-- \/ Yoast SEO plugin. -->","yoast_head_json":{"title":"Afogados promoveu 1\u00aa Confer\u00eancia das cidades - Afogados FM","robots":{"index":"index","follow":"follow","max-snippet":"max-snippet:-1","max-image-preview":"max-image-preview:large","max-video-preview":"max-video-preview:-1"},"canonical":"https:\/\/afogadosfm.com.br\/afogadosfm\/2025\/06\/19\/afogados-promoveu-1a-conferencia-das-cidades\/","og_locale":"pt_BR","og_type":"article","og_title":"Afogados promoveu 1\u00aa Confer\u00eancia das cidades - Afogados FM","og_description":"Com o tema \u201cCidades inteligentes: como a intelig\u00eancia artificial est\u00e1 redesenhando o futuro urbano\u201d, a primeira confer\u00eancia das cidades realizada","og_url":"https:\/\/afogadosfm.com.br\/afogadosfm\/2025\/06\/19\/afogados-promoveu-1a-conferencia-das-cidades\/","og_site_name":"Afogados FM","article_published_time":"2025-06-19T08:58:48+00:00","article_modified_time":"2025-06-19T08:58:49+00:00","og_image":[{"width":400,"height":266,"url":"https:\/\/afogadosfm.com.br\/afogadosfm\/wp-content\/uploads\/2025\/06\/ec30bbd1-186d-4e9d-8da0-fdd7a00b02c2.jpg","type":"image\/jpeg"}],"author":"afogadosfm","twitter_card":"summary_large_image","twitter_misc":{"Escrito por":"afogadosfm","Est. tempo de leitura":"3 minutos"},"schema":{"@context":"https:\/\/schema.org","@graph":[{"@type":"Article","@id":"https:\/\/afogadosfm.com.br\/afogadosfm\/2025\/06\/19\/afogados-promoveu-1a-conferencia-das-cidades\/#article","isPartOf":{"@id":"https:\/\/afogadosfm.com.br\/afogadosfm\/2025\/06\/19\/afogados-promoveu-1a-conferencia-das-cidades\/"},"author":{"name":"afogadosfm","@id":"https:\/\/afogadosfm.com.br\/afogadosfm\/#\/schema\/person\/60e56f2cf5dc960fc093fe093d9e9057"},"headline":"Afogados promoveu 1\u00aa Confer\u00eancia das cidades","datePublished":"2025-06-19T08:58:48+00:00","dateModified":"2025-06-19T08:58:49+00:00","mainEntityOfPage":{"@id":"https:\/\/afogadosfm.com.br\/afogadosfm\/2025\/06\/19\/afogados-promoveu-1a-conferencia-das-cidades\/"},"wordCount":364,"commentCount":0,"publisher":{"@id":"https:\/\/afogadosfm.com.br\/afogadosfm\/#organization"},"image":{"@id":"https:\/\/afogadosfm.com.br\/afogadosfm\/2025\/06\/19\/afogados-promoveu-1a-conferencia-das-cidades\/#primaryimage"},"thumbnailUrl":"https:\/\/i0.wp.com\/afogadosfm.com.br\/afogadosfm\/wp-content\/uploads\/2025\/06\/ec30bbd1-186d-4e9d-8da0-fdd7a00b02c2.jpg?fit=400%2C266&ssl=1","articleSection":["Afogados da Ingazeira"],"inLanguage":"pt-BR","potentialAction":[{"@type":"CommentAction","name":"Comment","target":["https:\/\/afogadosfm.com.br\/afogadosfm\/2025\/06\/19\/afogados-promoveu-1a-conferencia-das-cidades\/#respond"]}]},{"@type":"WebPage","@id":"https:\/\/afogadosfm.com.br\/afogadosfm\/2025\/06\/19\/afogados-promoveu-1a-conferencia-das-cidades\/","url":"https:\/\/afogadosfm.com.br\/afogadosfm\/2025\/06\/19\/afogados-promoveu-1a-conferencia-das-cidades\/","name":"Afogados promoveu 1\u00aa Confer\u00eancia das cidades - Afogados FM","isPartOf":{"@id":"https:\/\/afogadosfm.com.br\/afogadosfm\/#website"},"primaryImageOfPage":{"@id":"https:\/\/afogadosfm.com.br\/afogadosfm\/2025\/06\/19\/afogados-promoveu-1a-conferencia-das-cidades\/#primaryimage"},"image":{"@id":"https:\/\/afogadosfm.com.br\/afogadosfm\/2025\/06\/19\/afogados-promoveu-1a-conferencia-das-cidades\/#primaryimage"},"thumbnailUrl":"https:\/\/i0.wp.com\/afogadosfm.com.br\/afogadosfm\/wp-content\/uploads\/2025\/06\/ec30bbd1-186d-4e9d-8da0-fdd7a00b02c2.jpg?fit=400%2C266&ssl=1","datePublished":"2025-06-19T08:58:48+00:00","dateModified":"2025-06-19T08:58:49+00:00","breadcrumb":{"@id":"https:\/\/afogadosfm.com.br\/afogadosfm\/2025\/06\/19\/afogados-promoveu-1a-conferencia-das-cidades\/#breadcrumb"},"inLanguage":"pt-BR","potentialAction":[{"@type":"ReadAction","target":["https:\/\/afogadosfm.com.br\/afogadosfm\/2025\/06\/19\/afogados-promoveu-1a-conferencia-das-cidades\/"]}]},{"@type":"ImageObject","inLanguage":"pt-BR","@id":"https:\/\/afogadosfm.com.br\/afogadosfm\/2025\/06\/19\/afogados-promoveu-1a-conferencia-das-cidades\/#primaryimage","url":"https:\/\/i0.wp.com\/afogadosfm.com.br\/afogadosfm\/wp-content\/uploads\/2025\/06\/ec30bbd1-186d-4e9d-8da0-fdd7a00b02c2.jpg?fit=400%2C266&ssl=1","contentUrl":"https:\/\/i0.wp.com\/afogadosfm.com.br\/afogadosfm\/wp-content\/uploads\/2025\/06\/ec30bbd1-186d-4e9d-8da0-fdd7a00b02c2.jpg?fit=400%2C266&ssl=1","width":400,"height":266},{"@type":"BreadcrumbList","@id":"https:\/\/afogadosfm.com.br\/afogadosfm\/2025\/06\/19\/afogados-promoveu-1a-conferencia-das-cidades\/#breadcrumb","itemListElement":[{"@type":"ListItem","position":1,"name":"In\u00edcio","item":"https:\/\/afogadosfm.com.br\/afogadosfm\/"},{"@type":"ListItem","position":2,"name":"Afogados promoveu 1\u00aa Confer\u00eancia das cidades"}]},{"@type":"WebSite","@id":"https:\/\/afogadosfm.com.br\/afogadosfm\/#website","url":"https:\/\/afogadosfm.com.br\/afogadosfm\/","name":"Afogados FM","description":"Um site completo!","publisher":{"@id":"https:\/\/afogadosfm.com.br\/afogadosfm\/#organization"},"potentialAction":[{"@type":"SearchAction","target":{"@type":"EntryPoint","urlTemplate":"https:\/\/afogadosfm.com.br\/afogadosfm\/?s={search_term_string}"},"query-input":{"@type":"PropertyValueSpecification","valueRequired":true,"valueName":"search_term_string"}}],"inLanguage":"pt-BR"},{"@type":"Organization","@id":"https:\/\/afogadosfm.com.br\/afogadosfm\/#organization","name":"Afogados FM","url":"https:\/\/afogadosfm.com.br\/afogadosfm\/","logo":{"@type":"ImageObject","inLanguage":"pt-BR","@id":"https:\/\/afogadosfm.com.br\/afogadosfm\/#\/schema\/logo\/image\/","url":"https:\/\/i0.wp.com\/afogadosfm.com.br\/afogadosfm\/wp-content\/uploads\/2020\/06\/cropped-banner-afogados-4.jpg?fit=369%2C137&ssl=1","contentUrl":"https:\/\/i0.wp.com\/afogadosfm.com.br\/afogadosfm\/wp-content\/uploads\/2020\/06\/cropped-banner-afogados-4.jpg?fit=369%2C137&ssl=1","width":369,"height":137,"caption":"Afogados FM"},"image":{"@id":"https:\/\/afogadosfm.com.br\/afogadosfm\/#\/schema\/logo\/image\/"}},{"@type":"Person","@id":"https:\/\/afogadosfm.com.br\/afogadosfm\/#\/schema\/person\/60e56f2cf5dc960fc093fe093d9e9057","name":"afogadosfm","image":{"@type":"ImageObject","inLanguage":"pt-BR","@id":"https:\/\/secure.gravatar.com\/avatar\/e0359add7ed5dc3560906d861b52c6a8cf5c1e199d3a7dd85070998f49bd4701?s=96&d=mm&r=g","url":"https:\/\/secure.gravatar.com\/avatar\/e0359add7ed5dc3560906d861b52c6a8cf5c1e199d3a7dd85070998f49bd4701?s=96&d=mm&r=g","contentUrl":"https:\/\/secure.gravatar.com\/avatar\/e0359add7ed5dc3560906d861b52c6a8cf5c1e199d3a7dd85070998f49bd4701?s=96&d=mm&r=g","caption":"afogadosfm"},"url":"https:\/\/afogadosfm.com.br\/afogadosfm\/author\/afogadosfm\/"}]}},"jetpack_publicize_connections":[],"jetpack_featured_media_url":"https:\/\/i0.wp.com\/afogadosfm.com.br\/afogadosfm\/wp-content\/uploads\/2025\/06\/ec30bbd1-186d-4e9d-8da0-fdd7a00b02c2.jpg?fit=400%2C266&ssl=1","jetpack-related-posts":[],"jetpack_sharing_enabled":true,"jetpack_likes_enabled":true,"_links":{"self":[{"href":"https:\/\/afogadosfm.com.br\/afogadosfm\/wp-json\/wp\/v2\/posts\/66769","targetHints":{"allow":["GET"]}}],"collection":[{"href":"https:\/\/afogadosfm.com.br\/afogadosfm\/wp-json\/wp\/v2\/posts"}],"about":[{"href":"https:\/\/afogadosfm.com.br\/afogadosfm\/wp-json\/wp\/v2\/types\/post"}],"author":[{"embeddable":true,"href":"https:\/\/afogadosfm.com.br\/afogadosfm\/wp-json\/wp\/v2\/users\/2"}],"replies":[{"embeddable":true,"href":"https:\/\/afogadosfm.com.br\/afogadosfm\/wp-json\/wp\/v2\/comments?post=66769"}],"version-history":[{"count":1,"href":"https:\/\/afogadosfm.com.br\/afogadosfm\/wp-json\/wp\/v2\/posts\/66769\/revisions"}],"predecessor-version":[{"id":66771,"href":"https:\/\/afogadosfm.com.br\/afogadosfm\/wp-json\/wp\/v2\/posts\/66769\/revisions\/66771"}],"wp:featuredmedia":[{"embeddable":true,"href":"https:\/\/afogadosfm.com.br\/afogadosfm\/wp-json\/wp\/v2\/media\/66770"}],"wp:attachment":[{"href":"https:\/\/afogadosfm.com.br\/afogadosfm\/wp-json\/wp\/v2\/media?parent=66769"}],"wp:term":[{"taxonomy":"category","embeddable":true,"href":"https:\/\/afogadosfm.com.br\/afogadosfm\/wp-json\/wp\/v2\/categories?post=66769"},{"taxonomy":"post_tag","embeddable":true,"href":"https:\/\/afogadosfm.com.br\/afogadosfm\/wp-json\/wp\/v2\/tags?post=66769"}],"curies":[{"name":"wp","href":"https:\/\/api.w.org\/{rel}","templated":true}]}}