{"id":66772,"date":"2025-06-19T06:32:14","date_gmt":"2025-06-19T09:32:14","guid":{"rendered":"https:\/\/afogadosfm.com.br\/afogadosfm\/?p=66772"},"modified":"2025-06-19T06:32:15","modified_gmt":"2025-06-19T09:32:15","slug":"google-disse-ao-stf-que-nao-tem-dados-sobre-quem-publicou-minuta-do-golpe","status":"publish","type":"post","link":"https:\/\/afogadosfm.com.br\/afogadosfm\/2025\/06\/19\/google-disse-ao-stf-que-nao-tem-dados-sobre-quem-publicou-minuta-do-golpe\/","title":{"rendered":"Google disse ao STF que n\u00e3o tem dados sobre quem publicou minuta do golpe"},"content":{"rendered":"\n<p>O Google informou nesta quarta-feira (18) ao Supremo Tribunal Federal (STF) que n\u00e3o tem condi\u00e7\u00f5es de cumprir a decis\u00e3o do ministro Alexandre de Moraes que determinou o envio de dados sobre quem publicou uma c\u00f3pia da minuta do golpe em um dom\u00ednio p\u00fablico na internet.<\/p>\n\n\n\n<p>De acordo com o escrit\u00f3rio de advocacia que representa a plataforma no Brasil, o provedor de buscas n\u00e3o possui os dados, que, segundo a empresa, s\u00e3o de responsabilidade das p\u00e1ginas que divulgaram a minuta.<\/p>\n\n\n\n<p>&#8220;A Google informa a impossibilidade de processamento da ordem de fornecimento de dados que lhe foi direcionada, sem preju\u00edzo de que informa\u00e7\u00f5es e dados referentes a publica\u00e7\u00f5es em sites de terceiros sejam requeridas diretamente a seus administradores&#8221;, disse a empresa.<\/p>\n\n\n\n<p>Segundo a plataforma, o buscador n\u00e3o \u00e9 respons\u00e1vel pela hospedagem de p\u00e1ginas de terceiros. Al\u00e9m disso, o Google afirmou que Moraes n\u00e3o indicou a URL de conte\u00fado hospedado ou vinculado com os servi\u00e7os da empresa.<\/p>\n\n\n\n<p>&#8220;De forma espec\u00edfica, a busca do Google \u00e9 uma ferramenta gratuita que apenas organiza informa\u00e7\u00f5es, conte\u00fados j\u00e1 dispon\u00edveis na internet, de modo a torn\u00e1-las mais acess\u00edveis aos seus usu\u00e1rios&#8221;, completou a empresa.<\/p>\n\n\n\n<p>O envio de dados foi solicitado pelo ministro ap\u00f3s pedido da defesa de Anderson Torres, ex-ministro da Justi\u00e7a e ex-secret\u00e1rio de Seguran\u00e7a P\u00fablica do Distrito Federal. Ele \u00e9 um dos r\u00e9us do n\u00facleo 1 da trama golpista.<\/p>\n\n\n\n<p>Em 2023, uma c\u00f3pia da minuta foi encontrada na casa de Torres durante busca e apreens\u00e3o realizada pela Pol\u00edcia Federal (PF). Segundo as investiga\u00e7\u00f5es, o documento seria de conhecimento do ex-presidente Jair Bolsonaro e serviria para a decreta\u00e7\u00e3o de medidas de estado de defesa para tentar reverter o resultado das elei\u00e7\u00f5es de 2022 e impedir a posse do presidente Luiz In\u00e1cio Lula da Silva.<\/p>\n\n\n\n<p>A defesa de Torres busca minimizar a import\u00e2ncia da minuta para as investiga\u00e7\u00f5es e sustenta que o documento est\u00e1 dispon\u00edvel na internet.<\/p>\n\n\n\n<p>Ap\u00f3s receber as informa\u00e7\u00f5es, os advogados pretendem solicitar uma per\u00edcia para demonstrar que a minuta encontrada na casa do ex-ministro n\u00e3o tem rela\u00e7\u00e3o com o documento apresentado pelo ex-presidente aos ex-comandantes da For\u00e7as Armadas.<\/p>\n\n\n\n<p>Da AFP<\/p>\n","protected":false},"excerpt":{"rendered":"<p>O Google informou nesta quarta-feira (18) ao Supremo Tribunal Federal (STF) que n\u00e3o tem condi\u00e7\u00f5es de cumprir a decis\u00e3o do<\/p>\n","protected":false},"author":2,"featured_media":63517,"comment_status":"open","ping_status":"open","sticky":false,"template":"","format":"standard","meta":{"jetpack_post_was_ever_published":false,"_jetpack_newsletter_access":"","_jetpack_dont_email_post_to_subs":false,"_jetpack_newsletter_tier_id":0,"_jetpack_memberships_contains_paywalled_content":false,"_jetpack_memberships_contains_paid_content":false,"footnotes":"","jetpack_publicize_message":"","jetpack_publicize_feature_enabled":true,"jetpack_social_post_already_shared":true,"jetpack_social_options":{"image_generator_settings":{"template":"highway","default_image_id":0,"font":"","enabled":false},"version":2}},"categories":[12],"tags":[],"class_list":["post-66772","post","type-post","status-publish","format-standard","has-post-thumbnail","hentry","category-brasil"],"yoast_head":"<!-- This site is optimized with the Yoast SEO plugin v27.5 - https:\/\/yoast.com\/product\/yoast-seo-wordpress\/ -->\n<title>Google disse ao STF que n\u00e3o tem dados sobre quem publicou minuta do golpe - Afogados FM<\/title>\n<meta name=\"robots\" content=\"index, follow, max-snippet:-1, max-image-preview:large, max-video-preview:-1\" \/>\n<link rel=\"canonical\" href=\"https:\/\/afogadosfm.com.br\/afogadosfm\/2025\/06\/19\/google-disse-ao-stf-que-nao-tem-dados-sobre-quem-publicou-minuta-do-golpe\/\" \/>\n<meta property=\"og:locale\" content=\"pt_BR\" \/>\n<meta property=\"og:type\" content=\"article\" \/>\n<meta property=\"og:title\" content=\"Google disse ao STF que n\u00e3o tem dados sobre quem publicou minuta do golpe - Afogados FM\" \/>\n<meta property=\"og:description\" content=\"O Google informou nesta quarta-feira (18) ao Supremo Tribunal Federal (STF) que n\u00e3o tem condi\u00e7\u00f5es de cumprir a decis\u00e3o do\" \/>\n<meta property=\"og:url\" content=\"https:\/\/afogadosfm.com.br\/afogadosfm\/2025\/06\/19\/google-disse-ao-stf-que-nao-tem-dados-sobre-quem-publicou-minuta-do-golpe\/\" \/>\n<meta property=\"og:site_name\" content=\"Afogados FM\" \/>\n<meta property=\"article:published_time\" content=\"2025-06-19T09:32:14+00:00\" \/>\n<meta property=\"article:modified_time\" content=\"2025-06-19T09:32:15+00:00\" \/>\n<meta property=\"og:image\" content=\"https:\/\/afogadosfm.com.br\/afogadosfm\/wp-content\/uploads\/2025\/02\/google.jpeg\" \/>\n\t<meta property=\"og:image:width\" content=\"275\" \/>\n\t<meta property=\"og:image:height\" content=\"183\" \/>\n\t<meta property=\"og:image:type\" content=\"image\/jpeg\" \/>\n<meta name=\"author\" content=\"afogadosfm\" \/>\n<meta name=\"twitter:card\" content=\"summary_large_image\" \/>\n<meta name=\"twitter:label1\" content=\"Escrito por\" \/>\n\t<meta name=\"twitter:data1\" content=\"afogadosfm\" \/>\n\t<meta name=\"twitter:label2\" content=\"Est. tempo de leitura\" \/>\n\t<meta name=\"twitter:data2\" content=\"3 minutos\" \/>\n<script type=\"application\/ld+json\" class=\"yoast-schema-graph\">{\"@context\":\"https:\\\/\\\/schema.org\",\"@graph\":[{\"@type\":\"Article\",\"@id\":\"https:\\\/\\\/afogadosfm.com.br\\\/afogadosfm\\\/2025\\\/06\\\/19\\\/google-disse-ao-stf-que-nao-tem-dados-sobre-quem-publicou-minuta-do-golpe\\\/#article\",\"isPartOf\":{\"@id\":\"https:\\\/\\\/afogadosfm.com.br\\\/afogadosfm\\\/2025\\\/06\\\/19\\\/google-disse-ao-stf-que-nao-tem-dados-sobre-quem-publicou-minuta-do-golpe\\\/\"},\"author\":{\"name\":\"afogadosfm\",\"@id\":\"https:\\\/\\\/afogadosfm.com.br\\\/afogadosfm\\\/#\\\/schema\\\/person\\\/60e56f2cf5dc960fc093fe093d9e9057\"},\"headline\":\"Google disse ao STF que n\u00e3o tem dados sobre quem publicou minuta do golpe\",\"datePublished\":\"2025-06-19T09:32:14+00:00\",\"dateModified\":\"2025-06-19T09:32:15+00:00\",\"mainEntityOfPage\":{\"@id\":\"https:\\\/\\\/afogadosfm.com.br\\\/afogadosfm\\\/2025\\\/06\\\/19\\\/google-disse-ao-stf-que-nao-tem-dados-sobre-quem-publicou-minuta-do-golpe\\\/\"},\"wordCount\":403,\"commentCount\":0,\"publisher\":{\"@id\":\"https:\\\/\\\/afogadosfm.com.br\\\/afogadosfm\\\/#organization\"},\"image\":{\"@id\":\"https:\\\/\\\/afogadosfm.com.br\\\/afogadosfm\\\/2025\\\/06\\\/19\\\/google-disse-ao-stf-que-nao-tem-dados-sobre-quem-publicou-minuta-do-golpe\\\/#primaryimage\"},\"thumbnailUrl\":\"https:\\\/\\\/i0.wp.com\\\/afogadosfm.com.br\\\/afogadosfm\\\/wp-content\\\/uploads\\\/2025\\\/02\\\/google.jpeg?fit=275%2C183&ssl=1\",\"articleSection\":[\"Brasil\"],\"inLanguage\":\"pt-BR\",\"potentialAction\":[{\"@type\":\"CommentAction\",\"name\":\"Comment\",\"target\":[\"https:\\\/\\\/afogadosfm.com.br\\\/afogadosfm\\\/2025\\\/06\\\/19\\\/google-disse-ao-stf-que-nao-tem-dados-sobre-quem-publicou-minuta-do-golpe\\\/#respond\"]}]},{\"@type\":\"WebPage\",\"@id\":\"https:\\\/\\\/afogadosfm.com.br\\\/afogadosfm\\\/2025\\\/06\\\/19\\\/google-disse-ao-stf-que-nao-tem-dados-sobre-quem-publicou-minuta-do-golpe\\\/\",\"url\":\"https:\\\/\\\/afogadosfm.com.br\\\/afogadosfm\\\/2025\\\/06\\\/19\\\/google-disse-ao-stf-que-nao-tem-dados-sobre-quem-publicou-minuta-do-golpe\\\/\",\"name\":\"Google disse ao STF que n\u00e3o tem dados sobre quem publicou minuta do golpe - Afogados FM\",\"isPartOf\":{\"@id\":\"https:\\\/\\\/afogadosfm.com.br\\\/afogadosfm\\\/#website\"},\"primaryImageOfPage\":{\"@id\":\"https:\\\/\\\/afogadosfm.com.br\\\/afogadosfm\\\/2025\\\/06\\\/19\\\/google-disse-ao-stf-que-nao-tem-dados-sobre-quem-publicou-minuta-do-golpe\\\/#primaryimage\"},\"image\":{\"@id\":\"https:\\\/\\\/afogadosfm.com.br\\\/afogadosfm\\\/2025\\\/06\\\/19\\\/google-disse-ao-stf-que-nao-tem-dados-sobre-quem-publicou-minuta-do-golpe\\\/#primaryimage\"},\"thumbnailUrl\":\"https:\\\/\\\/i0.wp.com\\\/afogadosfm.com.br\\\/afogadosfm\\\/wp-content\\\/uploads\\\/2025\\\/02\\\/google.jpeg?fit=275%2C183&ssl=1\",\"datePublished\":\"2025-06-19T09:32:14+00:00\",\"dateModified\":\"2025-06-19T09:32:15+00:00\",\"breadcrumb\":{\"@id\":\"https:\\\/\\\/afogadosfm.com.br\\\/afogadosfm\\\/2025\\\/06\\\/19\\\/google-disse-ao-stf-que-nao-tem-dados-sobre-quem-publicou-minuta-do-golpe\\\/#breadcrumb\"},\"inLanguage\":\"pt-BR\",\"potentialAction\":[{\"@type\":\"ReadAction\",\"target\":[\"https:\\\/\\\/afogadosfm.com.br\\\/afogadosfm\\\/2025\\\/06\\\/19\\\/google-disse-ao-stf-que-nao-tem-dados-sobre-quem-publicou-minuta-do-golpe\\\/\"]}]},{\"@type\":\"ImageObject\",\"inLanguage\":\"pt-BR\",\"@id\":\"https:\\\/\\\/afogadosfm.com.br\\\/afogadosfm\\\/2025\\\/06\\\/19\\\/google-disse-ao-stf-que-nao-tem-dados-sobre-quem-publicou-minuta-do-golpe\\\/#primaryimage\",\"url\":\"https:\\\/\\\/i0.wp.com\\\/afogadosfm.com.br\\\/afogadosfm\\\/wp-content\\\/uploads\\\/2025\\\/02\\\/google.jpeg?fit=275%2C183&ssl=1\",\"contentUrl\":\"https:\\\/\\\/i0.wp.com\\\/afogadosfm.com.br\\\/afogadosfm\\\/wp-content\\\/uploads\\\/2025\\\/02\\\/google.jpeg?fit=275%2C183&ssl=1\",\"width\":275,\"height\":183},{\"@type\":\"BreadcrumbList\",\"@id\":\"https:\\\/\\\/afogadosfm.com.br\\\/afogadosfm\\\/2025\\\/06\\\/19\\\/google-disse-ao-stf-que-nao-tem-dados-sobre-quem-publicou-minuta-do-golpe\\\/#breadcrumb\",\"itemListElement\":[{\"@type\":\"ListItem\",\"position\":1,\"name\":\"In\u00edcio\",\"item\":\"https:\\\/\\\/afogadosfm.com.br\\\/afogadosfm\\\/\"},{\"@type\":\"ListItem\",\"position\":2,\"name\":\"Google disse ao STF que n\u00e3o tem dados sobre quem publicou minuta do golpe\"}]},{\"@type\":\"WebSite\",\"@id\":\"https:\\\/\\\/afogadosfm.com.br\\\/afogadosfm\\\/#website\",\"url\":\"https:\\\/\\\/afogadosfm.com.br\\\/afogadosfm\\\/\",\"name\":\"Afogados FM\",\"description\":\"Um site completo!\",\"publisher\":{\"@id\":\"https:\\\/\\\/afogadosfm.com.br\\\/afogadosfm\\\/#organization\"},\"potentialAction\":[{\"@type\":\"SearchAction\",\"target\":{\"@type\":\"EntryPoint\",\"urlTemplate\":\"https:\\\/\\\/afogadosfm.com.br\\\/afogadosfm\\\/?s={search_term_string}\"},\"query-input\":{\"@type\":\"PropertyValueSpecification\",\"valueRequired\":true,\"valueName\":\"search_term_string\"}}],\"inLanguage\":\"pt-BR\"},{\"@type\":\"Organization\",\"@id\":\"https:\\\/\\\/afogadosfm.com.br\\\/afogadosfm\\\/#organization\",\"name\":\"Afogados FM\",\"url\":\"https:\\\/\\\/afogadosfm.com.br\\\/afogadosfm\\\/\",\"logo\":{\"@type\":\"ImageObject\",\"inLanguage\":\"pt-BR\",\"@id\":\"https:\\\/\\\/afogadosfm.com.br\\\/afogadosfm\\\/#\\\/schema\\\/logo\\\/image\\\/\",\"url\":\"https:\\\/\\\/i0.wp.com\\\/afogadosfm.com.br\\\/afogadosfm\\\/wp-content\\\/uploads\\\/2020\\\/06\\\/cropped-banner-afogados-4.jpg?fit=369%2C137&ssl=1\",\"contentUrl\":\"https:\\\/\\\/i0.wp.com\\\/afogadosfm.com.br\\\/afogadosfm\\\/wp-content\\\/uploads\\\/2020\\\/06\\\/cropped-banner-afogados-4.jpg?fit=369%2C137&ssl=1\",\"width\":369,\"height\":137,\"caption\":\"Afogados FM\"},\"image\":{\"@id\":\"https:\\\/\\\/afogadosfm.com.br\\\/afogadosfm\\\/#\\\/schema\\\/logo\\\/image\\\/\"}},{\"@type\":\"Person\",\"@id\":\"https:\\\/\\\/afogadosfm.com.br\\\/afogadosfm\\\/#\\\/schema\\\/person\\\/60e56f2cf5dc960fc093fe093d9e9057\",\"name\":\"afogadosfm\",\"image\":{\"@type\":\"ImageObject\",\"inLanguage\":\"pt-BR\",\"@id\":\"https:\\\/\\\/secure.gravatar.com\\\/avatar\\\/e0359add7ed5dc3560906d861b52c6a8cf5c1e199d3a7dd85070998f49bd4701?s=96&d=mm&r=g\",\"url\":\"https:\\\/\\\/secure.gravatar.com\\\/avatar\\\/e0359add7ed5dc3560906d861b52c6a8cf5c1e199d3a7dd85070998f49bd4701?s=96&d=mm&r=g\",\"contentUrl\":\"https:\\\/\\\/secure.gravatar.com\\\/avatar\\\/e0359add7ed5dc3560906d861b52c6a8cf5c1e199d3a7dd85070998f49bd4701?s=96&d=mm&r=g\",\"caption\":\"afogadosfm\"},\"url\":\"https:\\\/\\\/afogadosfm.com.br\\\/afogadosfm\\\/author\\\/afogadosfm\\\/\"}]}<\/script>\n<!-- \/ Yoast SEO plugin. -->","yoast_head_json":{"title":"Google disse ao STF que n\u00e3o tem dados sobre quem publicou minuta do golpe - Afogados FM","robots":{"index":"index","follow":"follow","max-snippet":"max-snippet:-1","max-image-preview":"max-image-preview:large","max-video-preview":"max-video-preview:-1"},"canonical":"https:\/\/afogadosfm.com.br\/afogadosfm\/2025\/06\/19\/google-disse-ao-stf-que-nao-tem-dados-sobre-quem-publicou-minuta-do-golpe\/","og_locale":"pt_BR","og_type":"article","og_title":"Google disse ao STF que n\u00e3o tem dados sobre quem publicou minuta do golpe - Afogados FM","og_description":"O Google informou nesta quarta-feira (18) ao Supremo Tribunal Federal (STF) que n\u00e3o tem condi\u00e7\u00f5es de cumprir a decis\u00e3o do","og_url":"https:\/\/afogadosfm.com.br\/afogadosfm\/2025\/06\/19\/google-disse-ao-stf-que-nao-tem-dados-sobre-quem-publicou-minuta-do-golpe\/","og_site_name":"Afogados FM","article_published_time":"2025-06-19T09:32:14+00:00","article_modified_time":"2025-06-19T09:32:15+00:00","og_image":[{"width":275,"height":183,"url":"https:\/\/afogadosfm.com.br\/afogadosfm\/wp-content\/uploads\/2025\/02\/google.jpeg","type":"image\/jpeg"}],"author":"afogadosfm","twitter_card":"summary_large_image","twitter_misc":{"Escrito por":"afogadosfm","Est. tempo de leitura":"3 minutos"},"schema":{"@context":"https:\/\/schema.org","@graph":[{"@type":"Article","@id":"https:\/\/afogadosfm.com.br\/afogadosfm\/2025\/06\/19\/google-disse-ao-stf-que-nao-tem-dados-sobre-quem-publicou-minuta-do-golpe\/#article","isPartOf":{"@id":"https:\/\/afogadosfm.com.br\/afogadosfm\/2025\/06\/19\/google-disse-ao-stf-que-nao-tem-dados-sobre-quem-publicou-minuta-do-golpe\/"},"author":{"name":"afogadosfm","@id":"https:\/\/afogadosfm.com.br\/afogadosfm\/#\/schema\/person\/60e56f2cf5dc960fc093fe093d9e9057"},"headline":"Google disse ao STF que n\u00e3o tem dados sobre quem publicou minuta do golpe","datePublished":"2025-06-19T09:32:14+00:00","dateModified":"2025-06-19T09:32:15+00:00","mainEntityOfPage":{"@id":"https:\/\/afogadosfm.com.br\/afogadosfm\/2025\/06\/19\/google-disse-ao-stf-que-nao-tem-dados-sobre-quem-publicou-minuta-do-golpe\/"},"wordCount":403,"commentCount":0,"publisher":{"@id":"https:\/\/afogadosfm.com.br\/afogadosfm\/#organization"},"image":{"@id":"https:\/\/afogadosfm.com.br\/afogadosfm\/2025\/06\/19\/google-disse-ao-stf-que-nao-tem-dados-sobre-quem-publicou-minuta-do-golpe\/#primaryimage"},"thumbnailUrl":"https:\/\/i0.wp.com\/afogadosfm.com.br\/afogadosfm\/wp-content\/uploads\/2025\/02\/google.jpeg?fit=275%2C183&ssl=1","articleSection":["Brasil"],"inLanguage":"pt-BR","potentialAction":[{"@type":"CommentAction","name":"Comment","target":["https:\/\/afogadosfm.com.br\/afogadosfm\/2025\/06\/19\/google-disse-ao-stf-que-nao-tem-dados-sobre-quem-publicou-minuta-do-golpe\/#respond"]}]},{"@type":"WebPage","@id":"https:\/\/afogadosfm.com.br\/afogadosfm\/2025\/06\/19\/google-disse-ao-stf-que-nao-tem-dados-sobre-quem-publicou-minuta-do-golpe\/","url":"https:\/\/afogadosfm.com.br\/afogadosfm\/2025\/06\/19\/google-disse-ao-stf-que-nao-tem-dados-sobre-quem-publicou-minuta-do-golpe\/","name":"Google disse ao STF que n\u00e3o tem dados sobre quem publicou minuta do golpe - Afogados FM","isPartOf":{"@id":"https:\/\/afogadosfm.com.br\/afogadosfm\/#website"},"primaryImageOfPage":{"@id":"https:\/\/afogadosfm.com.br\/afogadosfm\/2025\/06\/19\/google-disse-ao-stf-que-nao-tem-dados-sobre-quem-publicou-minuta-do-golpe\/#primaryimage"},"image":{"@id":"https:\/\/afogadosfm.com.br\/afogadosfm\/2025\/06\/19\/google-disse-ao-stf-que-nao-tem-dados-sobre-quem-publicou-minuta-do-golpe\/#primaryimage"},"thumbnailUrl":"https:\/\/i0.wp.com\/afogadosfm.com.br\/afogadosfm\/wp-content\/uploads\/2025\/02\/google.jpeg?fit=275%2C183&ssl=1","datePublished":"2025-06-19T09:32:14+00:00","dateModified":"2025-06-19T09:32:15+00:00","breadcrumb":{"@id":"https:\/\/afogadosfm.com.br\/afogadosfm\/2025\/06\/19\/google-disse-ao-stf-que-nao-tem-dados-sobre-quem-publicou-minuta-do-golpe\/#breadcrumb"},"inLanguage":"pt-BR","potentialAction":[{"@type":"ReadAction","target":["https:\/\/afogadosfm.com.br\/afogadosfm\/2025\/06\/19\/google-disse-ao-stf-que-nao-tem-dados-sobre-quem-publicou-minuta-do-golpe\/"]}]},{"@type":"ImageObject","inLanguage":"pt-BR","@id":"https:\/\/afogadosfm.com.br\/afogadosfm\/2025\/06\/19\/google-disse-ao-stf-que-nao-tem-dados-sobre-quem-publicou-minuta-do-golpe\/#primaryimage","url":"https:\/\/i0.wp.com\/afogadosfm.com.br\/afogadosfm\/wp-content\/uploads\/2025\/02\/google.jpeg?fit=275%2C183&ssl=1","contentUrl":"https:\/\/i0.wp.com\/afogadosfm.com.br\/afogadosfm\/wp-content\/uploads\/2025\/02\/google.jpeg?fit=275%2C183&ssl=1","width":275,"height":183},{"@type":"BreadcrumbList","@id":"https:\/\/afogadosfm.com.br\/afogadosfm\/2025\/06\/19\/google-disse-ao-stf-que-nao-tem-dados-sobre-quem-publicou-minuta-do-golpe\/#breadcrumb","itemListElement":[{"@type":"ListItem","position":1,"name":"In\u00edcio","item":"https:\/\/afogadosfm.com.br\/afogadosfm\/"},{"@type":"ListItem","position":2,"name":"Google disse ao STF que n\u00e3o tem dados sobre quem publicou minuta do golpe"}]},{"@type":"WebSite","@id":"https:\/\/afogadosfm.com.br\/afogadosfm\/#website","url":"https:\/\/afogadosfm.com.br\/afogadosfm\/","name":"Afogados FM","description":"Um site completo!","publisher":{"@id":"https:\/\/afogadosfm.com.br\/afogadosfm\/#organization"},"potentialAction":[{"@type":"SearchAction","target":{"@type":"EntryPoint","urlTemplate":"https:\/\/afogadosfm.com.br\/afogadosfm\/?s={search_term_string}"},"query-input":{"@type":"PropertyValueSpecification","valueRequired":true,"valueName":"search_term_string"}}],"inLanguage":"pt-BR"},{"@type":"Organization","@id":"https:\/\/afogadosfm.com.br\/afogadosfm\/#organization","name":"Afogados FM","url":"https:\/\/afogadosfm.com.br\/afogadosfm\/","logo":{"@type":"ImageObject","inLanguage":"pt-BR","@id":"https:\/\/afogadosfm.com.br\/afogadosfm\/#\/schema\/logo\/image\/","url":"https:\/\/i0.wp.com\/afogadosfm.com.br\/afogadosfm\/wp-content\/uploads\/2020\/06\/cropped-banner-afogados-4.jpg?fit=369%2C137&ssl=1","contentUrl":"https:\/\/i0.wp.com\/afogadosfm.com.br\/afogadosfm\/wp-content\/uploads\/2020\/06\/cropped-banner-afogados-4.jpg?fit=369%2C137&ssl=1","width":369,"height":137,"caption":"Afogados FM"},"image":{"@id":"https:\/\/afogadosfm.com.br\/afogadosfm\/#\/schema\/logo\/image\/"}},{"@type":"Person","@id":"https:\/\/afogadosfm.com.br\/afogadosfm\/#\/schema\/person\/60e56f2cf5dc960fc093fe093d9e9057","name":"afogadosfm","image":{"@type":"ImageObject","inLanguage":"pt-BR","@id":"https:\/\/secure.gravatar.com\/avatar\/e0359add7ed5dc3560906d861b52c6a8cf5c1e199d3a7dd85070998f49bd4701?s=96&d=mm&r=g","url":"https:\/\/secure.gravatar.com\/avatar\/e0359add7ed5dc3560906d861b52c6a8cf5c1e199d3a7dd85070998f49bd4701?s=96&d=mm&r=g","contentUrl":"https:\/\/secure.gravatar.com\/avatar\/e0359add7ed5dc3560906d861b52c6a8cf5c1e199d3a7dd85070998f49bd4701?s=96&d=mm&r=g","caption":"afogadosfm"},"url":"https:\/\/afogadosfm.com.br\/afogadosfm\/author\/afogadosfm\/"}]}},"jetpack_publicize_connections":[],"jetpack_featured_media_url":"https:\/\/i0.wp.com\/afogadosfm.com.br\/afogadosfm\/wp-content\/uploads\/2025\/02\/google.jpeg?fit=275%2C183&ssl=1","jetpack-related-posts":[],"jetpack_sharing_enabled":true,"jetpack_likes_enabled":true,"_links":{"self":[{"href":"https:\/\/afogadosfm.com.br\/afogadosfm\/wp-json\/wp\/v2\/posts\/66772","targetHints":{"allow":["GET"]}}],"collection":[{"href":"https:\/\/afogadosfm.com.br\/afogadosfm\/wp-json\/wp\/v2\/posts"}],"about":[{"href":"https:\/\/afogadosfm.com.br\/afogadosfm\/wp-json\/wp\/v2\/types\/post"}],"author":[{"embeddable":true,"href":"https:\/\/afogadosfm.com.br\/afogadosfm\/wp-json\/wp\/v2\/users\/2"}],"replies":[{"embeddable":true,"href":"https:\/\/afogadosfm.com.br\/afogadosfm\/wp-json\/wp\/v2\/comments?post=66772"}],"version-history":[{"count":1,"href":"https:\/\/afogadosfm.com.br\/afogadosfm\/wp-json\/wp\/v2\/posts\/66772\/revisions"}],"predecessor-version":[{"id":66773,"href":"https:\/\/afogadosfm.com.br\/afogadosfm\/wp-json\/wp\/v2\/posts\/66772\/revisions\/66773"}],"wp:featuredmedia":[{"embeddable":true,"href":"https:\/\/afogadosfm.com.br\/afogadosfm\/wp-json\/wp\/v2\/media\/63517"}],"wp:attachment":[{"href":"https:\/\/afogadosfm.com.br\/afogadosfm\/wp-json\/wp\/v2\/media?parent=66772"}],"wp:term":[{"taxonomy":"category","embeddable":true,"href":"https:\/\/afogadosfm.com.br\/afogadosfm\/wp-json\/wp\/v2\/categories?post=66772"},{"taxonomy":"post_tag","embeddable":true,"href":"https:\/\/afogadosfm.com.br\/afogadosfm\/wp-json\/wp\/v2\/tags?post=66772"}],"curies":[{"name":"wp","href":"https:\/\/api.w.org\/{rel}","templated":true}]}}