{"id":66774,"date":"2025-06-19T06:34:26","date_gmt":"2025-06-19T09:34:26","guid":{"rendered":"https:\/\/afogadosfm.com.br\/afogadosfm\/?p=66774"},"modified":"2025-06-19T06:34:27","modified_gmt":"2025-06-19T09:34:27","slug":"uniao-brasil-de-sao-jose-do-egito-acha-brecha-e-diz-que-acao-contra-vereadores-nao-vai-prosperar","status":"publish","type":"post","link":"https:\/\/afogadosfm.com.br\/afogadosfm\/2025\/06\/19\/uniao-brasil-de-sao-jose-do-egito-acha-brecha-e-diz-que-acao-contra-vereadores-nao-vai-prosperar\/","title":{"rendered":"Uni\u00e3o Brasil de s\u00e3o Jos\u00e9 do Egito acha brecha e diz que a\u00e7\u00e3o contra vereadores n\u00e3o vai prosperar"},"content":{"rendered":"\n<p>Os advogados dos vereadores que em&nbsp; primeira inst\u00e2ncia perderam seus mandatos no Uni\u00e3o Brasil encontraram uma brecha jur\u00eddica para reverter a decis\u00e3o no TRE.<\/p>\n\n\n\n<p>Alegam que o partido uni\u00e3o Brasil estava inativo desde 10 de dezembro do ano passado. \u201cTodo ato do pseudo presidente Rogaciano Jorge \u00e9 nulo, do recebimento da cita\u00e7\u00e3o \u00e0 defesa\u201d, diz um advogado ao blog.<\/p>\n\n\n\n<p>O processo \u00e9 contra o Uni\u00e3o Brasil e 15 candidatos, ou seja, 16 partes. \u201cS\u00f3 que constava na inicial como representante do Uni\u00e3o Brasil Rogaciano, citado em 9 de janeiro mediante seu advogado. S\u00f3 que desde 10 de dezembro Rogaciano n\u00e3o fazia parte do Uni\u00e3o Brasil. Ele n\u00e3o apresentou defesa e o processo correu a revelia. \u201cAssim logo ser\u00e1 o processo ser\u00e1 nulo mais a frente e voltar\u00e1 \u00e0 estaca zero\u201d.<\/p>\n\n\n<div class=\"wp-block-image\">\n<figure class=\"alignright\"><img decoding=\"async\" src=\"https:\/\/i1.wp.com\/nilljunior.com.br\/wp-content\/uploads\/2025\/06\/e780bbc4-b102-41c5-aa34-ca4ab5f62b97.jpg?resize=400%2C169&amp;ssl=1\" alt=\"\"\/><\/figure>\n<\/div>\n\n\n<p>Ou seja, Rogaciano n\u00e3o tinha legitimidade para representar o Uni\u00e3o Brasil na a\u00e7\u00e3o porque n\u00e3o era mais presidente. A brecha, dizem advogados ao blog, pode salvar as cabe\u00e7as dos tr\u00eas vereadores cassados em primeira inst\u00e2ncia, assim como toda a chapa do Uni\u00e3o Brasil.<\/p>\n\n\n\n<p><strong>Relembre<\/strong><\/p>\n\n\n\n<p>A juiza Tain\u00e1 Lima Prado acatou dia 16 a den\u00fancia de pr\u00e1tica de fraude \u00e0 cota de g\u00eanero nas elei\u00e7\u00f5es proporcionais de 2024 no munic\u00edpio de S\u00e3o Jos\u00e9 do Egito, no \u00e2mbito do partido Uni\u00e3o Brasil, em raz\u00e3o das candidaturas fict\u00edcias de Diolinda Carvalho e Rafaela Ferreira.<\/p>\n\n\n\n<p>Ela reconheceu a legitimidade da candidatura de Mayara Rosa de Oliveira Guedes de Moura, a Mayara de Ch\u00f4ta, por n\u00e3o restarem demonstrados os elementos caracterizadores da candidatura fict\u00edcia. Ela obteve 54 votos.<\/p>\n\n\n\n<p>A decis\u00e3o foi de cassar o Demonstrativo de Regularidade de Atos Partid\u00e1rios \u2013 DRAP do partido Uni\u00e3o Brasil, cassar os diplomas de todos os candidatos vinculados ao referido DRAP, eleitos ou suplentes, independentemente de comprova\u00e7\u00e3o de participa\u00e7\u00e3o na fraude.<\/p>\n\n\n\n<p>Ainda declarar a inelegibilidade, pelo prazo de 8 (oito) anos subsequentes ao pleito de 2024, de Diolinda Marques de Carvalho e Rafaela Silva Ferreira, sem preju\u00edzo de apura\u00e7\u00e3o da pertin\u00eancia de inelegibilidade de dirigentes partid\u00e1rios e outros candidatos em a\u00e7\u00e3o pr\u00f3pria.<\/p>\n\n\n\n<p>Tamb\u00e9m anular os votos obtidos pelo partido Uni\u00e3o Brasil nas elei\u00e7\u00f5es proporcionais de 2024 no munic\u00edpio de S\u00e3o Jos\u00e9 do Egito e determinar a recontagem dos quocientes eleitoral e partid\u00e1rio, com a devida redistribui\u00e7\u00e3o das cadeiras da C\u00e2mara Municipal do munic\u00edpio.<\/p>\n\n\n\n<p>Com a decis\u00e3o, da qual cabe recurso, caem os vereadores Patr\u00edcia de Bacana, Tadeu do Hospital e Luiz de Raimundo. Os atos como a escolha da Mesa Diretora n\u00e3o mudam. Ainda n\u00e3o h\u00e1 o calculo do novo quociente e quem entra nas tr\u00eas vagas e supl\u00eancias.<\/p>\n\n\n\n<p>Do Nill Junior<\/p>\n","protected":false},"excerpt":{"rendered":"<p>Os advogados dos vereadores que em&nbsp; primeira inst\u00e2ncia perderam seus mandatos no Uni\u00e3o Brasil encontraram uma brecha jur\u00eddica para reverter<\/p>\n","protected":false},"author":2,"featured_media":66775,"comment_status":"open","ping_status":"open","sticky":false,"template":"","format":"standard","meta":{"jetpack_post_was_ever_published":false,"_jetpack_newsletter_access":"","_jetpack_dont_email_post_to_subs":false,"_jetpack_newsletter_tier_id":0,"_jetpack_memberships_contains_paywalled_content":false,"_jetpack_memberships_contains_paid_content":false,"footnotes":"","jetpack_publicize_message":"","jetpack_publicize_feature_enabled":true,"jetpack_social_post_already_shared":true,"jetpack_social_options":{"image_generator_settings":{"template":"highway","default_image_id":0,"font":"","enabled":false},"version":2}},"categories":[35],"tags":[],"class_list":["post-66774","post","type-post","status-publish","format-standard","has-post-thumbnail","hentry","category-politica"],"yoast_head":"<!-- This site is optimized with the Yoast SEO plugin v27.5 - https:\/\/yoast.com\/product\/yoast-seo-wordpress\/ -->\n<title>Uni\u00e3o Brasil de s\u00e3o Jos\u00e9 do Egito acha brecha e diz que a\u00e7\u00e3o contra vereadores n\u00e3o vai prosperar - Afogados FM<\/title>\n<meta name=\"robots\" content=\"index, follow, max-snippet:-1, max-image-preview:large, max-video-preview:-1\" \/>\n<link rel=\"canonical\" href=\"https:\/\/afogadosfm.com.br\/afogadosfm\/2025\/06\/19\/uniao-brasil-de-sao-jose-do-egito-acha-brecha-e-diz-que-acao-contra-vereadores-nao-vai-prosperar\/\" \/>\n<meta property=\"og:locale\" content=\"pt_BR\" \/>\n<meta property=\"og:type\" content=\"article\" \/>\n<meta property=\"og:title\" content=\"Uni\u00e3o Brasil de s\u00e3o Jos\u00e9 do Egito acha brecha e diz que a\u00e7\u00e3o contra vereadores n\u00e3o vai prosperar - Afogados FM\" \/>\n<meta property=\"og:description\" content=\"Os advogados dos vereadores que em&nbsp; primeira inst\u00e2ncia perderam seus mandatos no Uni\u00e3o Brasil encontraram uma brecha jur\u00eddica para reverter\" \/>\n<meta property=\"og:url\" content=\"https:\/\/afogadosfm.com.br\/afogadosfm\/2025\/06\/19\/uniao-brasil-de-sao-jose-do-egito-acha-brecha-e-diz-que-acao-contra-vereadores-nao-vai-prosperar\/\" \/>\n<meta property=\"og:site_name\" content=\"Afogados FM\" \/>\n<meta property=\"article:published_time\" content=\"2025-06-19T09:34:26+00:00\" \/>\n<meta property=\"article:modified_time\" content=\"2025-06-19T09:34:27+00:00\" \/>\n<meta property=\"og:image\" content=\"https:\/\/afogadosfm.com.br\/afogadosfm\/wp-content\/uploads\/2025\/06\/5N6A9896.webp\" \/>\n\t<meta property=\"og:image:width\" content=\"600\" \/>\n\t<meta property=\"og:image:height\" content=\"400\" \/>\n\t<meta property=\"og:image:type\" content=\"image\/webp\" \/>\n<meta name=\"author\" content=\"afogadosfm\" \/>\n<meta name=\"twitter:card\" content=\"summary_large_image\" \/>\n<meta name=\"twitter:label1\" content=\"Escrito por\" \/>\n\t<meta name=\"twitter:data1\" content=\"afogadosfm\" \/>\n\t<meta name=\"twitter:label2\" content=\"Est. tempo de leitura\" \/>\n\t<meta name=\"twitter:data2\" content=\"3 minutos\" \/>\n<script type=\"application\/ld+json\" class=\"yoast-schema-graph\">{\"@context\":\"https:\\\/\\\/schema.org\",\"@graph\":[{\"@type\":\"Article\",\"@id\":\"https:\\\/\\\/afogadosfm.com.br\\\/afogadosfm\\\/2025\\\/06\\\/19\\\/uniao-brasil-de-sao-jose-do-egito-acha-brecha-e-diz-que-acao-contra-vereadores-nao-vai-prosperar\\\/#article\",\"isPartOf\":{\"@id\":\"https:\\\/\\\/afogadosfm.com.br\\\/afogadosfm\\\/2025\\\/06\\\/19\\\/uniao-brasil-de-sao-jose-do-egito-acha-brecha-e-diz-que-acao-contra-vereadores-nao-vai-prosperar\\\/\"},\"author\":{\"name\":\"afogadosfm\",\"@id\":\"https:\\\/\\\/afogadosfm.com.br\\\/afogadosfm\\\/#\\\/schema\\\/person\\\/60e56f2cf5dc960fc093fe093d9e9057\"},\"headline\":\"Uni\u00e3o Brasil de s\u00e3o Jos\u00e9 do Egito acha brecha e diz que a\u00e7\u00e3o contra vereadores n\u00e3o vai prosperar\",\"datePublished\":\"2025-06-19T09:34:26+00:00\",\"dateModified\":\"2025-06-19T09:34:27+00:00\",\"mainEntityOfPage\":{\"@id\":\"https:\\\/\\\/afogadosfm.com.br\\\/afogadosfm\\\/2025\\\/06\\\/19\\\/uniao-brasil-de-sao-jose-do-egito-acha-brecha-e-diz-que-acao-contra-vereadores-nao-vai-prosperar\\\/\"},\"wordCount\":486,\"commentCount\":0,\"publisher\":{\"@id\":\"https:\\\/\\\/afogadosfm.com.br\\\/afogadosfm\\\/#organization\"},\"image\":{\"@id\":\"https:\\\/\\\/afogadosfm.com.br\\\/afogadosfm\\\/2025\\\/06\\\/19\\\/uniao-brasil-de-sao-jose-do-egito-acha-brecha-e-diz-que-acao-contra-vereadores-nao-vai-prosperar\\\/#primaryimage\"},\"thumbnailUrl\":\"https:\\\/\\\/i0.wp.com\\\/afogadosfm.com.br\\\/afogadosfm\\\/wp-content\\\/uploads\\\/2025\\\/06\\\/5N6A9896.webp?fit=600%2C400&ssl=1\",\"articleSection\":[\"Pol\u00edtica\"],\"inLanguage\":\"pt-BR\",\"potentialAction\":[{\"@type\":\"CommentAction\",\"name\":\"Comment\",\"target\":[\"https:\\\/\\\/afogadosfm.com.br\\\/afogadosfm\\\/2025\\\/06\\\/19\\\/uniao-brasil-de-sao-jose-do-egito-acha-brecha-e-diz-que-acao-contra-vereadores-nao-vai-prosperar\\\/#respond\"]}]},{\"@type\":\"WebPage\",\"@id\":\"https:\\\/\\\/afogadosfm.com.br\\\/afogadosfm\\\/2025\\\/06\\\/19\\\/uniao-brasil-de-sao-jose-do-egito-acha-brecha-e-diz-que-acao-contra-vereadores-nao-vai-prosperar\\\/\",\"url\":\"https:\\\/\\\/afogadosfm.com.br\\\/afogadosfm\\\/2025\\\/06\\\/19\\\/uniao-brasil-de-sao-jose-do-egito-acha-brecha-e-diz-que-acao-contra-vereadores-nao-vai-prosperar\\\/\",\"name\":\"Uni\u00e3o Brasil de s\u00e3o Jos\u00e9 do Egito acha brecha e diz que a\u00e7\u00e3o contra vereadores n\u00e3o vai prosperar - Afogados FM\",\"isPartOf\":{\"@id\":\"https:\\\/\\\/afogadosfm.com.br\\\/afogadosfm\\\/#website\"},\"primaryImageOfPage\":{\"@id\":\"https:\\\/\\\/afogadosfm.com.br\\\/afogadosfm\\\/2025\\\/06\\\/19\\\/uniao-brasil-de-sao-jose-do-egito-acha-brecha-e-diz-que-acao-contra-vereadores-nao-vai-prosperar\\\/#primaryimage\"},\"image\":{\"@id\":\"https:\\\/\\\/afogadosfm.com.br\\\/afogadosfm\\\/2025\\\/06\\\/19\\\/uniao-brasil-de-sao-jose-do-egito-acha-brecha-e-diz-que-acao-contra-vereadores-nao-vai-prosperar\\\/#primaryimage\"},\"thumbnailUrl\":\"https:\\\/\\\/i0.wp.com\\\/afogadosfm.com.br\\\/afogadosfm\\\/wp-content\\\/uploads\\\/2025\\\/06\\\/5N6A9896.webp?fit=600%2C400&ssl=1\",\"datePublished\":\"2025-06-19T09:34:26+00:00\",\"dateModified\":\"2025-06-19T09:34:27+00:00\",\"breadcrumb\":{\"@id\":\"https:\\\/\\\/afogadosfm.com.br\\\/afogadosfm\\\/2025\\\/06\\\/19\\\/uniao-brasil-de-sao-jose-do-egito-acha-brecha-e-diz-que-acao-contra-vereadores-nao-vai-prosperar\\\/#breadcrumb\"},\"inLanguage\":\"pt-BR\",\"potentialAction\":[{\"@type\":\"ReadAction\",\"target\":[\"https:\\\/\\\/afogadosfm.com.br\\\/afogadosfm\\\/2025\\\/06\\\/19\\\/uniao-brasil-de-sao-jose-do-egito-acha-brecha-e-diz-que-acao-contra-vereadores-nao-vai-prosperar\\\/\"]}]},{\"@type\":\"ImageObject\",\"inLanguage\":\"pt-BR\",\"@id\":\"https:\\\/\\\/afogadosfm.com.br\\\/afogadosfm\\\/2025\\\/06\\\/19\\\/uniao-brasil-de-sao-jose-do-egito-acha-brecha-e-diz-que-acao-contra-vereadores-nao-vai-prosperar\\\/#primaryimage\",\"url\":\"https:\\\/\\\/i0.wp.com\\\/afogadosfm.com.br\\\/afogadosfm\\\/wp-content\\\/uploads\\\/2025\\\/06\\\/5N6A9896.webp?fit=600%2C400&ssl=1\",\"contentUrl\":\"https:\\\/\\\/i0.wp.com\\\/afogadosfm.com.br\\\/afogadosfm\\\/wp-content\\\/uploads\\\/2025\\\/06\\\/5N6A9896.webp?fit=600%2C400&ssl=1\",\"width\":600,\"height\":400},{\"@type\":\"BreadcrumbList\",\"@id\":\"https:\\\/\\\/afogadosfm.com.br\\\/afogadosfm\\\/2025\\\/06\\\/19\\\/uniao-brasil-de-sao-jose-do-egito-acha-brecha-e-diz-que-acao-contra-vereadores-nao-vai-prosperar\\\/#breadcrumb\",\"itemListElement\":[{\"@type\":\"ListItem\",\"position\":1,\"name\":\"In\u00edcio\",\"item\":\"https:\\\/\\\/afogadosfm.com.br\\\/afogadosfm\\\/\"},{\"@type\":\"ListItem\",\"position\":2,\"name\":\"Uni\u00e3o Brasil de s\u00e3o Jos\u00e9 do Egito acha brecha e diz que a\u00e7\u00e3o contra vereadores n\u00e3o vai prosperar\"}]},{\"@type\":\"WebSite\",\"@id\":\"https:\\\/\\\/afogadosfm.com.br\\\/afogadosfm\\\/#website\",\"url\":\"https:\\\/\\\/afogadosfm.com.br\\\/afogadosfm\\\/\",\"name\":\"Afogados FM\",\"description\":\"Um site completo!\",\"publisher\":{\"@id\":\"https:\\\/\\\/afogadosfm.com.br\\\/afogadosfm\\\/#organization\"},\"potentialAction\":[{\"@type\":\"SearchAction\",\"target\":{\"@type\":\"EntryPoint\",\"urlTemplate\":\"https:\\\/\\\/afogadosfm.com.br\\\/afogadosfm\\\/?s={search_term_string}\"},\"query-input\":{\"@type\":\"PropertyValueSpecification\",\"valueRequired\":true,\"valueName\":\"search_term_string\"}}],\"inLanguage\":\"pt-BR\"},{\"@type\":\"Organization\",\"@id\":\"https:\\\/\\\/afogadosfm.com.br\\\/afogadosfm\\\/#organization\",\"name\":\"Afogados FM\",\"url\":\"https:\\\/\\\/afogadosfm.com.br\\\/afogadosfm\\\/\",\"logo\":{\"@type\":\"ImageObject\",\"inLanguage\":\"pt-BR\",\"@id\":\"https:\\\/\\\/afogadosfm.com.br\\\/afogadosfm\\\/#\\\/schema\\\/logo\\\/image\\\/\",\"url\":\"https:\\\/\\\/i0.wp.com\\\/afogadosfm.com.br\\\/afogadosfm\\\/wp-content\\\/uploads\\\/2020\\\/06\\\/cropped-banner-afogados-4.jpg?fit=369%2C137&ssl=1\",\"contentUrl\":\"https:\\\/\\\/i0.wp.com\\\/afogadosfm.com.br\\\/afogadosfm\\\/wp-content\\\/uploads\\\/2020\\\/06\\\/cropped-banner-afogados-4.jpg?fit=369%2C137&ssl=1\",\"width\":369,\"height\":137,\"caption\":\"Afogados FM\"},\"image\":{\"@id\":\"https:\\\/\\\/afogadosfm.com.br\\\/afogadosfm\\\/#\\\/schema\\\/logo\\\/image\\\/\"}},{\"@type\":\"Person\",\"@id\":\"https:\\\/\\\/afogadosfm.com.br\\\/afogadosfm\\\/#\\\/schema\\\/person\\\/60e56f2cf5dc960fc093fe093d9e9057\",\"name\":\"afogadosfm\",\"image\":{\"@type\":\"ImageObject\",\"inLanguage\":\"pt-BR\",\"@id\":\"https:\\\/\\\/secure.gravatar.com\\\/avatar\\\/e0359add7ed5dc3560906d861b52c6a8cf5c1e199d3a7dd85070998f49bd4701?s=96&d=mm&r=g\",\"url\":\"https:\\\/\\\/secure.gravatar.com\\\/avatar\\\/e0359add7ed5dc3560906d861b52c6a8cf5c1e199d3a7dd85070998f49bd4701?s=96&d=mm&r=g\",\"contentUrl\":\"https:\\\/\\\/secure.gravatar.com\\\/avatar\\\/e0359add7ed5dc3560906d861b52c6a8cf5c1e199d3a7dd85070998f49bd4701?s=96&d=mm&r=g\",\"caption\":\"afogadosfm\"},\"url\":\"https:\\\/\\\/afogadosfm.com.br\\\/afogadosfm\\\/author\\\/afogadosfm\\\/\"}]}<\/script>\n<!-- \/ Yoast SEO plugin. -->","yoast_head_json":{"title":"Uni\u00e3o Brasil de s\u00e3o Jos\u00e9 do Egito acha brecha e diz que a\u00e7\u00e3o contra vereadores n\u00e3o vai prosperar - Afogados FM","robots":{"index":"index","follow":"follow","max-snippet":"max-snippet:-1","max-image-preview":"max-image-preview:large","max-video-preview":"max-video-preview:-1"},"canonical":"https:\/\/afogadosfm.com.br\/afogadosfm\/2025\/06\/19\/uniao-brasil-de-sao-jose-do-egito-acha-brecha-e-diz-que-acao-contra-vereadores-nao-vai-prosperar\/","og_locale":"pt_BR","og_type":"article","og_title":"Uni\u00e3o Brasil de s\u00e3o Jos\u00e9 do Egito acha brecha e diz que a\u00e7\u00e3o contra vereadores n\u00e3o vai prosperar - Afogados FM","og_description":"Os advogados dos vereadores que em&nbsp; primeira inst\u00e2ncia perderam seus mandatos no Uni\u00e3o Brasil encontraram uma brecha jur\u00eddica para reverter","og_url":"https:\/\/afogadosfm.com.br\/afogadosfm\/2025\/06\/19\/uniao-brasil-de-sao-jose-do-egito-acha-brecha-e-diz-que-acao-contra-vereadores-nao-vai-prosperar\/","og_site_name":"Afogados FM","article_published_time":"2025-06-19T09:34:26+00:00","article_modified_time":"2025-06-19T09:34:27+00:00","og_image":[{"width":600,"height":400,"url":"https:\/\/afogadosfm.com.br\/afogadosfm\/wp-content\/uploads\/2025\/06\/5N6A9896.webp","type":"image\/webp"}],"author":"afogadosfm","twitter_card":"summary_large_image","twitter_misc":{"Escrito por":"afogadosfm","Est. tempo de leitura":"3 minutos"},"schema":{"@context":"https:\/\/schema.org","@graph":[{"@type":"Article","@id":"https:\/\/afogadosfm.com.br\/afogadosfm\/2025\/06\/19\/uniao-brasil-de-sao-jose-do-egito-acha-brecha-e-diz-que-acao-contra-vereadores-nao-vai-prosperar\/#article","isPartOf":{"@id":"https:\/\/afogadosfm.com.br\/afogadosfm\/2025\/06\/19\/uniao-brasil-de-sao-jose-do-egito-acha-brecha-e-diz-que-acao-contra-vereadores-nao-vai-prosperar\/"},"author":{"name":"afogadosfm","@id":"https:\/\/afogadosfm.com.br\/afogadosfm\/#\/schema\/person\/60e56f2cf5dc960fc093fe093d9e9057"},"headline":"Uni\u00e3o Brasil de s\u00e3o Jos\u00e9 do Egito acha brecha e diz que a\u00e7\u00e3o contra vereadores n\u00e3o vai prosperar","datePublished":"2025-06-19T09:34:26+00:00","dateModified":"2025-06-19T09:34:27+00:00","mainEntityOfPage":{"@id":"https:\/\/afogadosfm.com.br\/afogadosfm\/2025\/06\/19\/uniao-brasil-de-sao-jose-do-egito-acha-brecha-e-diz-que-acao-contra-vereadores-nao-vai-prosperar\/"},"wordCount":486,"commentCount":0,"publisher":{"@id":"https:\/\/afogadosfm.com.br\/afogadosfm\/#organization"},"image":{"@id":"https:\/\/afogadosfm.com.br\/afogadosfm\/2025\/06\/19\/uniao-brasil-de-sao-jose-do-egito-acha-brecha-e-diz-que-acao-contra-vereadores-nao-vai-prosperar\/#primaryimage"},"thumbnailUrl":"https:\/\/i0.wp.com\/afogadosfm.com.br\/afogadosfm\/wp-content\/uploads\/2025\/06\/5N6A9896.webp?fit=600%2C400&ssl=1","articleSection":["Pol\u00edtica"],"inLanguage":"pt-BR","potentialAction":[{"@type":"CommentAction","name":"Comment","target":["https:\/\/afogadosfm.com.br\/afogadosfm\/2025\/06\/19\/uniao-brasil-de-sao-jose-do-egito-acha-brecha-e-diz-que-acao-contra-vereadores-nao-vai-prosperar\/#respond"]}]},{"@type":"WebPage","@id":"https:\/\/afogadosfm.com.br\/afogadosfm\/2025\/06\/19\/uniao-brasil-de-sao-jose-do-egito-acha-brecha-e-diz-que-acao-contra-vereadores-nao-vai-prosperar\/","url":"https:\/\/afogadosfm.com.br\/afogadosfm\/2025\/06\/19\/uniao-brasil-de-sao-jose-do-egito-acha-brecha-e-diz-que-acao-contra-vereadores-nao-vai-prosperar\/","name":"Uni\u00e3o Brasil de s\u00e3o Jos\u00e9 do Egito acha brecha e diz que a\u00e7\u00e3o contra vereadores n\u00e3o vai prosperar - Afogados FM","isPartOf":{"@id":"https:\/\/afogadosfm.com.br\/afogadosfm\/#website"},"primaryImageOfPage":{"@id":"https:\/\/afogadosfm.com.br\/afogadosfm\/2025\/06\/19\/uniao-brasil-de-sao-jose-do-egito-acha-brecha-e-diz-que-acao-contra-vereadores-nao-vai-prosperar\/#primaryimage"},"image":{"@id":"https:\/\/afogadosfm.com.br\/afogadosfm\/2025\/06\/19\/uniao-brasil-de-sao-jose-do-egito-acha-brecha-e-diz-que-acao-contra-vereadores-nao-vai-prosperar\/#primaryimage"},"thumbnailUrl":"https:\/\/i0.wp.com\/afogadosfm.com.br\/afogadosfm\/wp-content\/uploads\/2025\/06\/5N6A9896.webp?fit=600%2C400&ssl=1","datePublished":"2025-06-19T09:34:26+00:00","dateModified":"2025-06-19T09:34:27+00:00","breadcrumb":{"@id":"https:\/\/afogadosfm.com.br\/afogadosfm\/2025\/06\/19\/uniao-brasil-de-sao-jose-do-egito-acha-brecha-e-diz-que-acao-contra-vereadores-nao-vai-prosperar\/#breadcrumb"},"inLanguage":"pt-BR","potentialAction":[{"@type":"ReadAction","target":["https:\/\/afogadosfm.com.br\/afogadosfm\/2025\/06\/19\/uniao-brasil-de-sao-jose-do-egito-acha-brecha-e-diz-que-acao-contra-vereadores-nao-vai-prosperar\/"]}]},{"@type":"ImageObject","inLanguage":"pt-BR","@id":"https:\/\/afogadosfm.com.br\/afogadosfm\/2025\/06\/19\/uniao-brasil-de-sao-jose-do-egito-acha-brecha-e-diz-que-acao-contra-vereadores-nao-vai-prosperar\/#primaryimage","url":"https:\/\/i0.wp.com\/afogadosfm.com.br\/afogadosfm\/wp-content\/uploads\/2025\/06\/5N6A9896.webp?fit=600%2C400&ssl=1","contentUrl":"https:\/\/i0.wp.com\/afogadosfm.com.br\/afogadosfm\/wp-content\/uploads\/2025\/06\/5N6A9896.webp?fit=600%2C400&ssl=1","width":600,"height":400},{"@type":"BreadcrumbList","@id":"https:\/\/afogadosfm.com.br\/afogadosfm\/2025\/06\/19\/uniao-brasil-de-sao-jose-do-egito-acha-brecha-e-diz-que-acao-contra-vereadores-nao-vai-prosperar\/#breadcrumb","itemListElement":[{"@type":"ListItem","position":1,"name":"In\u00edcio","item":"https:\/\/afogadosfm.com.br\/afogadosfm\/"},{"@type":"ListItem","position":2,"name":"Uni\u00e3o Brasil de s\u00e3o Jos\u00e9 do Egito acha brecha e diz que a\u00e7\u00e3o contra vereadores n\u00e3o vai prosperar"}]},{"@type":"WebSite","@id":"https:\/\/afogadosfm.com.br\/afogadosfm\/#website","url":"https:\/\/afogadosfm.com.br\/afogadosfm\/","name":"Afogados FM","description":"Um site completo!","publisher":{"@id":"https:\/\/afogadosfm.com.br\/afogadosfm\/#organization"},"potentialAction":[{"@type":"SearchAction","target":{"@type":"EntryPoint","urlTemplate":"https:\/\/afogadosfm.com.br\/afogadosfm\/?s={search_term_string}"},"query-input":{"@type":"PropertyValueSpecification","valueRequired":true,"valueName":"search_term_string"}}],"inLanguage":"pt-BR"},{"@type":"Organization","@id":"https:\/\/afogadosfm.com.br\/afogadosfm\/#organization","name":"Afogados FM","url":"https:\/\/afogadosfm.com.br\/afogadosfm\/","logo":{"@type":"ImageObject","inLanguage":"pt-BR","@id":"https:\/\/afogadosfm.com.br\/afogadosfm\/#\/schema\/logo\/image\/","url":"https:\/\/i0.wp.com\/afogadosfm.com.br\/afogadosfm\/wp-content\/uploads\/2020\/06\/cropped-banner-afogados-4.jpg?fit=369%2C137&ssl=1","contentUrl":"https:\/\/i0.wp.com\/afogadosfm.com.br\/afogadosfm\/wp-content\/uploads\/2020\/06\/cropped-banner-afogados-4.jpg?fit=369%2C137&ssl=1","width":369,"height":137,"caption":"Afogados FM"},"image":{"@id":"https:\/\/afogadosfm.com.br\/afogadosfm\/#\/schema\/logo\/image\/"}},{"@type":"Person","@id":"https:\/\/afogadosfm.com.br\/afogadosfm\/#\/schema\/person\/60e56f2cf5dc960fc093fe093d9e9057","name":"afogadosfm","image":{"@type":"ImageObject","inLanguage":"pt-BR","@id":"https:\/\/secure.gravatar.com\/avatar\/e0359add7ed5dc3560906d861b52c6a8cf5c1e199d3a7dd85070998f49bd4701?s=96&d=mm&r=g","url":"https:\/\/secure.gravatar.com\/avatar\/e0359add7ed5dc3560906d861b52c6a8cf5c1e199d3a7dd85070998f49bd4701?s=96&d=mm&r=g","contentUrl":"https:\/\/secure.gravatar.com\/avatar\/e0359add7ed5dc3560906d861b52c6a8cf5c1e199d3a7dd85070998f49bd4701?s=96&d=mm&r=g","caption":"afogadosfm"},"url":"https:\/\/afogadosfm.com.br\/afogadosfm\/author\/afogadosfm\/"}]}},"jetpack_publicize_connections":[],"jetpack_featured_media_url":"https:\/\/i0.wp.com\/afogadosfm.com.br\/afogadosfm\/wp-content\/uploads\/2025\/06\/5N6A9896.webp?fit=600%2C400&ssl=1","jetpack-related-posts":[],"jetpack_sharing_enabled":true,"jetpack_likes_enabled":true,"_links":{"self":[{"href":"https:\/\/afogadosfm.com.br\/afogadosfm\/wp-json\/wp\/v2\/posts\/66774","targetHints":{"allow":["GET"]}}],"collection":[{"href":"https:\/\/afogadosfm.com.br\/afogadosfm\/wp-json\/wp\/v2\/posts"}],"about":[{"href":"https:\/\/afogadosfm.com.br\/afogadosfm\/wp-json\/wp\/v2\/types\/post"}],"author":[{"embeddable":true,"href":"https:\/\/afogadosfm.com.br\/afogadosfm\/wp-json\/wp\/v2\/users\/2"}],"replies":[{"embeddable":true,"href":"https:\/\/afogadosfm.com.br\/afogadosfm\/wp-json\/wp\/v2\/comments?post=66774"}],"version-history":[{"count":1,"href":"https:\/\/afogadosfm.com.br\/afogadosfm\/wp-json\/wp\/v2\/posts\/66774\/revisions"}],"predecessor-version":[{"id":66776,"href":"https:\/\/afogadosfm.com.br\/afogadosfm\/wp-json\/wp\/v2\/posts\/66774\/revisions\/66776"}],"wp:featuredmedia":[{"embeddable":true,"href":"https:\/\/afogadosfm.com.br\/afogadosfm\/wp-json\/wp\/v2\/media\/66775"}],"wp:attachment":[{"href":"https:\/\/afogadosfm.com.br\/afogadosfm\/wp-json\/wp\/v2\/media?parent=66774"}],"wp:term":[{"taxonomy":"category","embeddable":true,"href":"https:\/\/afogadosfm.com.br\/afogadosfm\/wp-json\/wp\/v2\/categories?post=66774"},{"taxonomy":"post_tag","embeddable":true,"href":"https:\/\/afogadosfm.com.br\/afogadosfm\/wp-json\/wp\/v2\/tags?post=66774"}],"curies":[{"name":"wp","href":"https:\/\/api.w.org\/{rel}","templated":true}]}}