{"id":66778,"date":"2025-06-19T06:44:34","date_gmt":"2025-06-19T09:44:34","guid":{"rendered":"https:\/\/afogadosfm.com.br\/afogadosfm\/?p=66778"},"modified":"2025-06-19T06:44:35","modified_gmt":"2025-06-19T09:44:35","slug":"uma-mulher-de-38-anos-foi-internada-apos-se-engasgar-durante-um-desafio-de-comer-pacoca","status":"publish","type":"post","link":"https:\/\/afogadosfm.com.br\/afogadosfm\/2025\/06\/19\/uma-mulher-de-38-anos-foi-internada-apos-se-engasgar-durante-um-desafio-de-comer-pacoca\/","title":{"rendered":"Uma mulher de 38 anos foi internada ap\u00f3s se engasgar durante um desafio de comer pa\u00e7oca."},"content":{"rendered":"\n<p>O caso aconteceu no \u00faltimo s\u00e1bado (14), na cidade de Mongagu\u00e1, em S\u00e3o Paulo. O engasgo \u00e9 a causa da morte de cerca de 3 mil pessoas por ano no Brasil. Embora isso possa acontecer com uma infinita lista de alimentos, os alimentos com formato pequeno e arredondado oferecem os maiores riscos.<\/p>\n\n\n\n<p>Entre os principais causadores de engasgo est\u00e3o<\/p>\n\n\n\n<p>Pipoca;<\/p>\n\n\n\n<p>Milho da pipoca;<\/p>\n\n\n\n<p>Uva;<\/p>\n\n\n\n<p>Morango;<\/p>\n\n\n\n<p>Tomate cereja;<\/p>\n\n\n\n<p>Azeitonas; e<\/p>\n\n\n\n<p>Balas.<\/p>\n\n\n\n<p>Alimentos muitos secos como castanhas e amendoins tamb\u00e9m s\u00e3o grandes vil\u00f5es, assim como a pa\u00e7oca. Peda\u00e7os de carnes e frangos, quando cortados em quadrados, tamb\u00e9m podem bloquear as vias respirat\u00f3rias e causar o engasgo.<\/p>\n\n\n\n<p>O que \u00e9 o engasgo<\/p>\n\n\n\n<p>Al\u00e9m de provocar uma tosse incessante, se n\u00e3o for tratado pode causar uma asfixia causada pela obstru\u00e7\u00e3o das vias respirat\u00f3rias e que pode fazer com que a pessoa tenha uma parada cardiorrespirat\u00f3ria, desmaie e levando ao \u00f3bito.<\/p>\n\n\n\n<p>O engasgo nada mais \u00e9 do que a resposta do organismo para tentar expelir um corpo que entrou \u201cpelo caminho errado\u201d na hora de engolir a comida. Esse erro \u00e9 evitado gra\u00e7as a uma estrutura chamada epiglote, localizada atr\u00e1s da l\u00edngua, que funciona como uma v\u00e1lvula. Ela normalmente permanece aberta, para que o ar entre na traqueia e chegue aos pulm\u00f5es. Mas, na hora de engolir, essa estrutura se fecha para que a comida n\u00e3o entre nas vias respirat\u00f3rias, e sim no caminho para o est\u00f4mago.<\/p>\n\n\n\n<p>A forma mais utilizada para desengasgar uma pessoa \u00e9 a manobra de Heimlich. Ela envolve uma press\u00e3o, realizada por uma outra pessoa que n\u00e3o esteja engasgando, na regi\u00e3o da boca do est\u00f4mago (regi\u00e3o epig\u00e1strica) para ajudar o corpo a expelir o alimento, ou objeto, que esteja obstruindo a traqueia.<\/p>\n\n\n\n<p>De acordo com o Minist\u00e9rio da Sa\u00fade, a outra pessoa deve se posicionar por tr\u00e1s da que est\u00e1 se engasgando e abra\u00e7\u00e1-la na regi\u00e3o do abd\u00f4men. Nessa hora, uma das m\u00e3os deve permanecer fechada na \u00e1rea da boca do est\u00f4mago, como formando um punho, enquanto a outra m\u00e3o \u00e9 posicionada sobre ela, comprimindo-a.<\/p>\n\n\n\n<p>Ent\u00e3o, \u00e9 preciso realizar um movimento de gancho, empurrando a \u00e1rea da boca do est\u00f4mago para dentro e para cima, como se fosse levantar a pessoa que est\u00e1 engasgando do ch\u00e3o. Isso deve ser feito repetidas vezes at\u00e9 que o alimento, ou objeto, seja expelido pela v\u00edtima. Em crian\u00e7as, \u00e9 necess\u00e1rio ajoelhar-se antes de dar in\u00edcio ao protocolo, para ficar na altura correspondente.<\/p>\n\n\n\n<p>Entretanto, se for um beb\u00ea, com menos de um ano de idade, essa manobra n\u00e3o \u00e9 aconselhada. Nesse caso, deve-se colocar o beb\u00ea de bru\u00e7os em cima do seu bra\u00e7o, levemente inclinado para baixo, e fazer cinco compress\u00f5es no meio das costas, na regi\u00e3o entre as esc\u00e1pulas. Caso ainda assim o beb\u00ea n\u00e3o desengasgue, a pessoa deve vir\u00e1-lo para cima e realizar mais cinco compress\u00f5es sobre o osso que divide a regi\u00e3o do peito, o esterno.<\/p>\n\n\n\n<p>Mesmo com as manobras, \u00e9 importante que a emerg\u00eancia m\u00e9dica seja chamada para realizar os primeiros socorros com efici\u00eancia.<\/p>\n","protected":false},"excerpt":{"rendered":"<p>O caso aconteceu no \u00faltimo s\u00e1bado (14), na cidade de Mongagu\u00e1, em S\u00e3o Paulo. O engasgo \u00e9 a causa da<\/p>\n","protected":false},"author":2,"featured_media":62933,"comment_status":"open","ping_status":"open","sticky":false,"template":"","format":"standard","meta":{"jetpack_post_was_ever_published":false,"_jetpack_newsletter_access":"","_jetpack_dont_email_post_to_subs":false,"_jetpack_newsletter_tier_id":0,"_jetpack_memberships_contains_paywalled_content":false,"_jetpack_memberships_contains_paid_content":false,"footnotes":"","jetpack_publicize_message":"","jetpack_publicize_feature_enabled":true,"jetpack_social_post_already_shared":true,"jetpack_social_options":{"image_generator_settings":{"template":"highway","default_image_id":0,"font":"","enabled":false},"version":2}},"categories":[37],"tags":[],"class_list":["post-66778","post","type-post","status-publish","format-standard","has-post-thumbnail","hentry","category-saude"],"yoast_head":"<!-- This site is optimized with the Yoast SEO plugin v27.5 - https:\/\/yoast.com\/product\/yoast-seo-wordpress\/ -->\n<title>Uma mulher de 38 anos foi internada ap\u00f3s se engasgar durante um desafio de comer pa\u00e7oca. - Afogados FM<\/title>\n<meta name=\"robots\" content=\"index, follow, max-snippet:-1, max-image-preview:large, max-video-preview:-1\" \/>\n<link rel=\"canonical\" href=\"https:\/\/afogadosfm.com.br\/afogadosfm\/2025\/06\/19\/uma-mulher-de-38-anos-foi-internada-apos-se-engasgar-durante-um-desafio-de-comer-pacoca\/\" \/>\n<meta property=\"og:locale\" content=\"pt_BR\" \/>\n<meta property=\"og:type\" content=\"article\" \/>\n<meta property=\"og:title\" content=\"Uma mulher de 38 anos foi internada ap\u00f3s se engasgar durante um desafio de comer pa\u00e7oca. - Afogados FM\" \/>\n<meta property=\"og:description\" content=\"O caso aconteceu no \u00faltimo s\u00e1bado (14), na cidade de Mongagu\u00e1, em S\u00e3o Paulo. O engasgo \u00e9 a causa da\" \/>\n<meta property=\"og:url\" content=\"https:\/\/afogadosfm.com.br\/afogadosfm\/2025\/06\/19\/uma-mulher-de-38-anos-foi-internada-apos-se-engasgar-durante-um-desafio-de-comer-pacoca\/\" \/>\n<meta property=\"og:site_name\" content=\"Afogados FM\" \/>\n<meta property=\"article:published_time\" content=\"2025-06-19T09:44:34+00:00\" \/>\n<meta property=\"article:modified_time\" content=\"2025-06-19T09:44:35+00:00\" \/>\n<meta property=\"og:image\" content=\"https:\/\/afogadosfm.com.br\/afogadosfm\/wp-content\/uploads\/2025\/01\/samu.jpeg\" \/>\n\t<meta property=\"og:image:width\" content=\"474\" \/>\n\t<meta property=\"og:image:height\" content=\"248\" \/>\n\t<meta property=\"og:image:type\" content=\"image\/jpeg\" \/>\n<meta name=\"author\" content=\"afogadosfm\" \/>\n<meta name=\"twitter:card\" content=\"summary_large_image\" \/>\n<meta name=\"twitter:label1\" content=\"Escrito por\" \/>\n\t<meta name=\"twitter:data1\" content=\"afogadosfm\" \/>\n\t<meta name=\"twitter:label2\" content=\"Est. tempo de leitura\" \/>\n\t<meta name=\"twitter:data2\" content=\"3 minutos\" \/>\n<script type=\"application\/ld+json\" class=\"yoast-schema-graph\">{\"@context\":\"https:\\\/\\\/schema.org\",\"@graph\":[{\"@type\":\"Article\",\"@id\":\"https:\\\/\\\/afogadosfm.com.br\\\/afogadosfm\\\/2025\\\/06\\\/19\\\/uma-mulher-de-38-anos-foi-internada-apos-se-engasgar-durante-um-desafio-de-comer-pacoca\\\/#article\",\"isPartOf\":{\"@id\":\"https:\\\/\\\/afogadosfm.com.br\\\/afogadosfm\\\/2025\\\/06\\\/19\\\/uma-mulher-de-38-anos-foi-internada-apos-se-engasgar-durante-um-desafio-de-comer-pacoca\\\/\"},\"author\":{\"name\":\"afogadosfm\",\"@id\":\"https:\\\/\\\/afogadosfm.com.br\\\/afogadosfm\\\/#\\\/schema\\\/person\\\/60e56f2cf5dc960fc093fe093d9e9057\"},\"headline\":\"Uma mulher de 38 anos foi internada ap\u00f3s se engasgar durante um desafio de comer pa\u00e7oca.\",\"datePublished\":\"2025-06-19T09:44:34+00:00\",\"dateModified\":\"2025-06-19T09:44:35+00:00\",\"mainEntityOfPage\":{\"@id\":\"https:\\\/\\\/afogadosfm.com.br\\\/afogadosfm\\\/2025\\\/06\\\/19\\\/uma-mulher-de-38-anos-foi-internada-apos-se-engasgar-durante-um-desafio-de-comer-pacoca\\\/\"},\"wordCount\":555,\"commentCount\":0,\"publisher\":{\"@id\":\"https:\\\/\\\/afogadosfm.com.br\\\/afogadosfm\\\/#organization\"},\"image\":{\"@id\":\"https:\\\/\\\/afogadosfm.com.br\\\/afogadosfm\\\/2025\\\/06\\\/19\\\/uma-mulher-de-38-anos-foi-internada-apos-se-engasgar-durante-um-desafio-de-comer-pacoca\\\/#primaryimage\"},\"thumbnailUrl\":\"https:\\\/\\\/i0.wp.com\\\/afogadosfm.com.br\\\/afogadosfm\\\/wp-content\\\/uploads\\\/2025\\\/01\\\/samu.jpeg?fit=474%2C248&ssl=1\",\"articleSection\":[\"Sa\u00fade\"],\"inLanguage\":\"pt-BR\",\"potentialAction\":[{\"@type\":\"CommentAction\",\"name\":\"Comment\",\"target\":[\"https:\\\/\\\/afogadosfm.com.br\\\/afogadosfm\\\/2025\\\/06\\\/19\\\/uma-mulher-de-38-anos-foi-internada-apos-se-engasgar-durante-um-desafio-de-comer-pacoca\\\/#respond\"]}]},{\"@type\":\"WebPage\",\"@id\":\"https:\\\/\\\/afogadosfm.com.br\\\/afogadosfm\\\/2025\\\/06\\\/19\\\/uma-mulher-de-38-anos-foi-internada-apos-se-engasgar-durante-um-desafio-de-comer-pacoca\\\/\",\"url\":\"https:\\\/\\\/afogadosfm.com.br\\\/afogadosfm\\\/2025\\\/06\\\/19\\\/uma-mulher-de-38-anos-foi-internada-apos-se-engasgar-durante-um-desafio-de-comer-pacoca\\\/\",\"name\":\"Uma mulher de 38 anos foi internada ap\u00f3s se engasgar durante um desafio de comer pa\u00e7oca. - Afogados FM\",\"isPartOf\":{\"@id\":\"https:\\\/\\\/afogadosfm.com.br\\\/afogadosfm\\\/#website\"},\"primaryImageOfPage\":{\"@id\":\"https:\\\/\\\/afogadosfm.com.br\\\/afogadosfm\\\/2025\\\/06\\\/19\\\/uma-mulher-de-38-anos-foi-internada-apos-se-engasgar-durante-um-desafio-de-comer-pacoca\\\/#primaryimage\"},\"image\":{\"@id\":\"https:\\\/\\\/afogadosfm.com.br\\\/afogadosfm\\\/2025\\\/06\\\/19\\\/uma-mulher-de-38-anos-foi-internada-apos-se-engasgar-durante-um-desafio-de-comer-pacoca\\\/#primaryimage\"},\"thumbnailUrl\":\"https:\\\/\\\/i0.wp.com\\\/afogadosfm.com.br\\\/afogadosfm\\\/wp-content\\\/uploads\\\/2025\\\/01\\\/samu.jpeg?fit=474%2C248&ssl=1\",\"datePublished\":\"2025-06-19T09:44:34+00:00\",\"dateModified\":\"2025-06-19T09:44:35+00:00\",\"breadcrumb\":{\"@id\":\"https:\\\/\\\/afogadosfm.com.br\\\/afogadosfm\\\/2025\\\/06\\\/19\\\/uma-mulher-de-38-anos-foi-internada-apos-se-engasgar-durante-um-desafio-de-comer-pacoca\\\/#breadcrumb\"},\"inLanguage\":\"pt-BR\",\"potentialAction\":[{\"@type\":\"ReadAction\",\"target\":[\"https:\\\/\\\/afogadosfm.com.br\\\/afogadosfm\\\/2025\\\/06\\\/19\\\/uma-mulher-de-38-anos-foi-internada-apos-se-engasgar-durante-um-desafio-de-comer-pacoca\\\/\"]}]},{\"@type\":\"ImageObject\",\"inLanguage\":\"pt-BR\",\"@id\":\"https:\\\/\\\/afogadosfm.com.br\\\/afogadosfm\\\/2025\\\/06\\\/19\\\/uma-mulher-de-38-anos-foi-internada-apos-se-engasgar-durante-um-desafio-de-comer-pacoca\\\/#primaryimage\",\"url\":\"https:\\\/\\\/i0.wp.com\\\/afogadosfm.com.br\\\/afogadosfm\\\/wp-content\\\/uploads\\\/2025\\\/01\\\/samu.jpeg?fit=474%2C248&ssl=1\",\"contentUrl\":\"https:\\\/\\\/i0.wp.com\\\/afogadosfm.com.br\\\/afogadosfm\\\/wp-content\\\/uploads\\\/2025\\\/01\\\/samu.jpeg?fit=474%2C248&ssl=1\",\"width\":474,\"height\":248},{\"@type\":\"BreadcrumbList\",\"@id\":\"https:\\\/\\\/afogadosfm.com.br\\\/afogadosfm\\\/2025\\\/06\\\/19\\\/uma-mulher-de-38-anos-foi-internada-apos-se-engasgar-durante-um-desafio-de-comer-pacoca\\\/#breadcrumb\",\"itemListElement\":[{\"@type\":\"ListItem\",\"position\":1,\"name\":\"In\u00edcio\",\"item\":\"https:\\\/\\\/afogadosfm.com.br\\\/afogadosfm\\\/\"},{\"@type\":\"ListItem\",\"position\":2,\"name\":\"Uma mulher de 38 anos foi internada ap\u00f3s se engasgar durante um desafio de comer pa\u00e7oca.\"}]},{\"@type\":\"WebSite\",\"@id\":\"https:\\\/\\\/afogadosfm.com.br\\\/afogadosfm\\\/#website\",\"url\":\"https:\\\/\\\/afogadosfm.com.br\\\/afogadosfm\\\/\",\"name\":\"Afogados FM\",\"description\":\"Um site completo!\",\"publisher\":{\"@id\":\"https:\\\/\\\/afogadosfm.com.br\\\/afogadosfm\\\/#organization\"},\"potentialAction\":[{\"@type\":\"SearchAction\",\"target\":{\"@type\":\"EntryPoint\",\"urlTemplate\":\"https:\\\/\\\/afogadosfm.com.br\\\/afogadosfm\\\/?s={search_term_string}\"},\"query-input\":{\"@type\":\"PropertyValueSpecification\",\"valueRequired\":true,\"valueName\":\"search_term_string\"}}],\"inLanguage\":\"pt-BR\"},{\"@type\":\"Organization\",\"@id\":\"https:\\\/\\\/afogadosfm.com.br\\\/afogadosfm\\\/#organization\",\"name\":\"Afogados FM\",\"url\":\"https:\\\/\\\/afogadosfm.com.br\\\/afogadosfm\\\/\",\"logo\":{\"@type\":\"ImageObject\",\"inLanguage\":\"pt-BR\",\"@id\":\"https:\\\/\\\/afogadosfm.com.br\\\/afogadosfm\\\/#\\\/schema\\\/logo\\\/image\\\/\",\"url\":\"https:\\\/\\\/i0.wp.com\\\/afogadosfm.com.br\\\/afogadosfm\\\/wp-content\\\/uploads\\\/2020\\\/06\\\/cropped-banner-afogados-4.jpg?fit=369%2C137&ssl=1\",\"contentUrl\":\"https:\\\/\\\/i0.wp.com\\\/afogadosfm.com.br\\\/afogadosfm\\\/wp-content\\\/uploads\\\/2020\\\/06\\\/cropped-banner-afogados-4.jpg?fit=369%2C137&ssl=1\",\"width\":369,\"height\":137,\"caption\":\"Afogados FM\"},\"image\":{\"@id\":\"https:\\\/\\\/afogadosfm.com.br\\\/afogadosfm\\\/#\\\/schema\\\/logo\\\/image\\\/\"}},{\"@type\":\"Person\",\"@id\":\"https:\\\/\\\/afogadosfm.com.br\\\/afogadosfm\\\/#\\\/schema\\\/person\\\/60e56f2cf5dc960fc093fe093d9e9057\",\"name\":\"afogadosfm\",\"image\":{\"@type\":\"ImageObject\",\"inLanguage\":\"pt-BR\",\"@id\":\"https:\\\/\\\/secure.gravatar.com\\\/avatar\\\/e0359add7ed5dc3560906d861b52c6a8cf5c1e199d3a7dd85070998f49bd4701?s=96&d=mm&r=g\",\"url\":\"https:\\\/\\\/secure.gravatar.com\\\/avatar\\\/e0359add7ed5dc3560906d861b52c6a8cf5c1e199d3a7dd85070998f49bd4701?s=96&d=mm&r=g\",\"contentUrl\":\"https:\\\/\\\/secure.gravatar.com\\\/avatar\\\/e0359add7ed5dc3560906d861b52c6a8cf5c1e199d3a7dd85070998f49bd4701?s=96&d=mm&r=g\",\"caption\":\"afogadosfm\"},\"url\":\"https:\\\/\\\/afogadosfm.com.br\\\/afogadosfm\\\/author\\\/afogadosfm\\\/\"}]}<\/script>\n<!-- \/ Yoast SEO plugin. -->","yoast_head_json":{"title":"Uma mulher de 38 anos foi internada ap\u00f3s se engasgar durante um desafio de comer pa\u00e7oca. - Afogados FM","robots":{"index":"index","follow":"follow","max-snippet":"max-snippet:-1","max-image-preview":"max-image-preview:large","max-video-preview":"max-video-preview:-1"},"canonical":"https:\/\/afogadosfm.com.br\/afogadosfm\/2025\/06\/19\/uma-mulher-de-38-anos-foi-internada-apos-se-engasgar-durante-um-desafio-de-comer-pacoca\/","og_locale":"pt_BR","og_type":"article","og_title":"Uma mulher de 38 anos foi internada ap\u00f3s se engasgar durante um desafio de comer pa\u00e7oca. - Afogados FM","og_description":"O caso aconteceu no \u00faltimo s\u00e1bado (14), na cidade de Mongagu\u00e1, em S\u00e3o Paulo. O engasgo \u00e9 a causa da","og_url":"https:\/\/afogadosfm.com.br\/afogadosfm\/2025\/06\/19\/uma-mulher-de-38-anos-foi-internada-apos-se-engasgar-durante-um-desafio-de-comer-pacoca\/","og_site_name":"Afogados FM","article_published_time":"2025-06-19T09:44:34+00:00","article_modified_time":"2025-06-19T09:44:35+00:00","og_image":[{"width":474,"height":248,"url":"https:\/\/afogadosfm.com.br\/afogadosfm\/wp-content\/uploads\/2025\/01\/samu.jpeg","type":"image\/jpeg"}],"author":"afogadosfm","twitter_card":"summary_large_image","twitter_misc":{"Escrito por":"afogadosfm","Est. tempo de leitura":"3 minutos"},"schema":{"@context":"https:\/\/schema.org","@graph":[{"@type":"Article","@id":"https:\/\/afogadosfm.com.br\/afogadosfm\/2025\/06\/19\/uma-mulher-de-38-anos-foi-internada-apos-se-engasgar-durante-um-desafio-de-comer-pacoca\/#article","isPartOf":{"@id":"https:\/\/afogadosfm.com.br\/afogadosfm\/2025\/06\/19\/uma-mulher-de-38-anos-foi-internada-apos-se-engasgar-durante-um-desafio-de-comer-pacoca\/"},"author":{"name":"afogadosfm","@id":"https:\/\/afogadosfm.com.br\/afogadosfm\/#\/schema\/person\/60e56f2cf5dc960fc093fe093d9e9057"},"headline":"Uma mulher de 38 anos foi internada ap\u00f3s se engasgar durante um desafio de comer pa\u00e7oca.","datePublished":"2025-06-19T09:44:34+00:00","dateModified":"2025-06-19T09:44:35+00:00","mainEntityOfPage":{"@id":"https:\/\/afogadosfm.com.br\/afogadosfm\/2025\/06\/19\/uma-mulher-de-38-anos-foi-internada-apos-se-engasgar-durante-um-desafio-de-comer-pacoca\/"},"wordCount":555,"commentCount":0,"publisher":{"@id":"https:\/\/afogadosfm.com.br\/afogadosfm\/#organization"},"image":{"@id":"https:\/\/afogadosfm.com.br\/afogadosfm\/2025\/06\/19\/uma-mulher-de-38-anos-foi-internada-apos-se-engasgar-durante-um-desafio-de-comer-pacoca\/#primaryimage"},"thumbnailUrl":"https:\/\/i0.wp.com\/afogadosfm.com.br\/afogadosfm\/wp-content\/uploads\/2025\/01\/samu.jpeg?fit=474%2C248&ssl=1","articleSection":["Sa\u00fade"],"inLanguage":"pt-BR","potentialAction":[{"@type":"CommentAction","name":"Comment","target":["https:\/\/afogadosfm.com.br\/afogadosfm\/2025\/06\/19\/uma-mulher-de-38-anos-foi-internada-apos-se-engasgar-durante-um-desafio-de-comer-pacoca\/#respond"]}]},{"@type":"WebPage","@id":"https:\/\/afogadosfm.com.br\/afogadosfm\/2025\/06\/19\/uma-mulher-de-38-anos-foi-internada-apos-se-engasgar-durante-um-desafio-de-comer-pacoca\/","url":"https:\/\/afogadosfm.com.br\/afogadosfm\/2025\/06\/19\/uma-mulher-de-38-anos-foi-internada-apos-se-engasgar-durante-um-desafio-de-comer-pacoca\/","name":"Uma mulher de 38 anos foi internada ap\u00f3s se engasgar durante um desafio de comer pa\u00e7oca. - Afogados FM","isPartOf":{"@id":"https:\/\/afogadosfm.com.br\/afogadosfm\/#website"},"primaryImageOfPage":{"@id":"https:\/\/afogadosfm.com.br\/afogadosfm\/2025\/06\/19\/uma-mulher-de-38-anos-foi-internada-apos-se-engasgar-durante-um-desafio-de-comer-pacoca\/#primaryimage"},"image":{"@id":"https:\/\/afogadosfm.com.br\/afogadosfm\/2025\/06\/19\/uma-mulher-de-38-anos-foi-internada-apos-se-engasgar-durante-um-desafio-de-comer-pacoca\/#primaryimage"},"thumbnailUrl":"https:\/\/i0.wp.com\/afogadosfm.com.br\/afogadosfm\/wp-content\/uploads\/2025\/01\/samu.jpeg?fit=474%2C248&ssl=1","datePublished":"2025-06-19T09:44:34+00:00","dateModified":"2025-06-19T09:44:35+00:00","breadcrumb":{"@id":"https:\/\/afogadosfm.com.br\/afogadosfm\/2025\/06\/19\/uma-mulher-de-38-anos-foi-internada-apos-se-engasgar-durante-um-desafio-de-comer-pacoca\/#breadcrumb"},"inLanguage":"pt-BR","potentialAction":[{"@type":"ReadAction","target":["https:\/\/afogadosfm.com.br\/afogadosfm\/2025\/06\/19\/uma-mulher-de-38-anos-foi-internada-apos-se-engasgar-durante-um-desafio-de-comer-pacoca\/"]}]},{"@type":"ImageObject","inLanguage":"pt-BR","@id":"https:\/\/afogadosfm.com.br\/afogadosfm\/2025\/06\/19\/uma-mulher-de-38-anos-foi-internada-apos-se-engasgar-durante-um-desafio-de-comer-pacoca\/#primaryimage","url":"https:\/\/i0.wp.com\/afogadosfm.com.br\/afogadosfm\/wp-content\/uploads\/2025\/01\/samu.jpeg?fit=474%2C248&ssl=1","contentUrl":"https:\/\/i0.wp.com\/afogadosfm.com.br\/afogadosfm\/wp-content\/uploads\/2025\/01\/samu.jpeg?fit=474%2C248&ssl=1","width":474,"height":248},{"@type":"BreadcrumbList","@id":"https:\/\/afogadosfm.com.br\/afogadosfm\/2025\/06\/19\/uma-mulher-de-38-anos-foi-internada-apos-se-engasgar-durante-um-desafio-de-comer-pacoca\/#breadcrumb","itemListElement":[{"@type":"ListItem","position":1,"name":"In\u00edcio","item":"https:\/\/afogadosfm.com.br\/afogadosfm\/"},{"@type":"ListItem","position":2,"name":"Uma mulher de 38 anos foi internada ap\u00f3s se engasgar durante um desafio de comer pa\u00e7oca."}]},{"@type":"WebSite","@id":"https:\/\/afogadosfm.com.br\/afogadosfm\/#website","url":"https:\/\/afogadosfm.com.br\/afogadosfm\/","name":"Afogados FM","description":"Um site completo!","publisher":{"@id":"https:\/\/afogadosfm.com.br\/afogadosfm\/#organization"},"potentialAction":[{"@type":"SearchAction","target":{"@type":"EntryPoint","urlTemplate":"https:\/\/afogadosfm.com.br\/afogadosfm\/?s={search_term_string}"},"query-input":{"@type":"PropertyValueSpecification","valueRequired":true,"valueName":"search_term_string"}}],"inLanguage":"pt-BR"},{"@type":"Organization","@id":"https:\/\/afogadosfm.com.br\/afogadosfm\/#organization","name":"Afogados FM","url":"https:\/\/afogadosfm.com.br\/afogadosfm\/","logo":{"@type":"ImageObject","inLanguage":"pt-BR","@id":"https:\/\/afogadosfm.com.br\/afogadosfm\/#\/schema\/logo\/image\/","url":"https:\/\/i0.wp.com\/afogadosfm.com.br\/afogadosfm\/wp-content\/uploads\/2020\/06\/cropped-banner-afogados-4.jpg?fit=369%2C137&ssl=1","contentUrl":"https:\/\/i0.wp.com\/afogadosfm.com.br\/afogadosfm\/wp-content\/uploads\/2020\/06\/cropped-banner-afogados-4.jpg?fit=369%2C137&ssl=1","width":369,"height":137,"caption":"Afogados FM"},"image":{"@id":"https:\/\/afogadosfm.com.br\/afogadosfm\/#\/schema\/logo\/image\/"}},{"@type":"Person","@id":"https:\/\/afogadosfm.com.br\/afogadosfm\/#\/schema\/person\/60e56f2cf5dc960fc093fe093d9e9057","name":"afogadosfm","image":{"@type":"ImageObject","inLanguage":"pt-BR","@id":"https:\/\/secure.gravatar.com\/avatar\/e0359add7ed5dc3560906d861b52c6a8cf5c1e199d3a7dd85070998f49bd4701?s=96&d=mm&r=g","url":"https:\/\/secure.gravatar.com\/avatar\/e0359add7ed5dc3560906d861b52c6a8cf5c1e199d3a7dd85070998f49bd4701?s=96&d=mm&r=g","contentUrl":"https:\/\/secure.gravatar.com\/avatar\/e0359add7ed5dc3560906d861b52c6a8cf5c1e199d3a7dd85070998f49bd4701?s=96&d=mm&r=g","caption":"afogadosfm"},"url":"https:\/\/afogadosfm.com.br\/afogadosfm\/author\/afogadosfm\/"}]}},"jetpack_publicize_connections":[],"jetpack_featured_media_url":"https:\/\/i0.wp.com\/afogadosfm.com.br\/afogadosfm\/wp-content\/uploads\/2025\/01\/samu.jpeg?fit=474%2C248&ssl=1","jetpack-related-posts":[],"jetpack_sharing_enabled":true,"jetpack_likes_enabled":true,"_links":{"self":[{"href":"https:\/\/afogadosfm.com.br\/afogadosfm\/wp-json\/wp\/v2\/posts\/66778","targetHints":{"allow":["GET"]}}],"collection":[{"href":"https:\/\/afogadosfm.com.br\/afogadosfm\/wp-json\/wp\/v2\/posts"}],"about":[{"href":"https:\/\/afogadosfm.com.br\/afogadosfm\/wp-json\/wp\/v2\/types\/post"}],"author":[{"embeddable":true,"href":"https:\/\/afogadosfm.com.br\/afogadosfm\/wp-json\/wp\/v2\/users\/2"}],"replies":[{"embeddable":true,"href":"https:\/\/afogadosfm.com.br\/afogadosfm\/wp-json\/wp\/v2\/comments?post=66778"}],"version-history":[{"count":1,"href":"https:\/\/afogadosfm.com.br\/afogadosfm\/wp-json\/wp\/v2\/posts\/66778\/revisions"}],"predecessor-version":[{"id":66779,"href":"https:\/\/afogadosfm.com.br\/afogadosfm\/wp-json\/wp\/v2\/posts\/66778\/revisions\/66779"}],"wp:featuredmedia":[{"embeddable":true,"href":"https:\/\/afogadosfm.com.br\/afogadosfm\/wp-json\/wp\/v2\/media\/62933"}],"wp:attachment":[{"href":"https:\/\/afogadosfm.com.br\/afogadosfm\/wp-json\/wp\/v2\/media?parent=66778"}],"wp:term":[{"taxonomy":"category","embeddable":true,"href":"https:\/\/afogadosfm.com.br\/afogadosfm\/wp-json\/wp\/v2\/categories?post=66778"},{"taxonomy":"post_tag","embeddable":true,"href":"https:\/\/afogadosfm.com.br\/afogadosfm\/wp-json\/wp\/v2\/tags?post=66778"}],"curies":[{"name":"wp","href":"https:\/\/api.w.org\/{rel}","templated":true}]}}