{"id":66798,"date":"2025-06-20T06:04:57","date_gmt":"2025-06-20T09:04:57","guid":{"rendered":"https:\/\/afogadosfm.com.br\/afogadosfm\/?p=66798"},"modified":"2025-06-20T06:04:58","modified_gmt":"2025-06-20T09:04:58","slug":"ator-francisco-cuoco-morre-aos-91-em-sao-paulo","status":"publish","type":"post","link":"https:\/\/afogadosfm.com.br\/afogadosfm\/2025\/06\/20\/ator-francisco-cuoco-morre-aos-91-em-sao-paulo\/","title":{"rendered":"Ator Francisco Cuoco morre aos 91 em S\u00e3o Paulo"},"content":{"rendered":"\n<p>O ator e um dos maiores nomes da televis\u00e3o Francisco Cuoco morreu aos 91 anos nesta quinta-feira (19), em S\u00e3o Paulo. Ele estava internado no Hospital Albert Einstein, na Zona Sul da cidade. A causa da morte n\u00e3o foi divulgada.<\/p>\n\n\n\n<p>Com 50 anos de carreira, Cuoco atuou no teatro, cinema e televis\u00e3o. O ator nasceu em 1933, no Br\u00e1s, regi\u00e3o central de S\u00e3o Paulo, e teve tr\u00eas filhos: Tatiana, Rodrigo e Diogo.<\/p>\n\n\n\n<p>Aos 20 anos, ao fazer o vestibular, trocou o Direito pela Escola de Arte Dram\u00e1tica de S\u00e3o Paulo. Quatro anos depois, Cuoco estava formado e fazendo parte do Teatro Brasileiro de Com\u00e9dia (TBC). Em 1959, ingressou no Teatro dos Sete, formado por Gianni Ratto, Fernanda Montenegro, \u00cdtalo Rossi, Fernando Torres, S\u00e9rgio Britto, Luciana Petruccelli e Alfredo Souto de Almeida.<\/p>\n\n\n\n<p>Sem se afastar dos palcos, deu os primeiros passos na televis\u00e3o, no \u201cGrande Teatro Tupi\u201d, programa que exibia pe\u00e7as de teatro adaptadas para a TV. \u201c<em>Interpretamos pe\u00e7as completas. A TV ainda era ao vivo e, l\u00f3gico, t\u00ednhamos que improvisar muito. Foi um aprendizado incr\u00edvel<\/em>\u201d, relembrou, em entrevista ao Mem\u00f3ria Globo.<\/p>\n\n\n\n<p>A primeira novela foi \u201cMarcados pelo Amor\u201d (1964), na TV Record. Em seguida, \u201cReden\u00e7\u00e3o\u201d (1966), na Excelsior, um grande sucesso da \u00e9poca. Em \u201cLegi\u00e3o dos Esquecidos\u201d (1968), da mesma emissora, o ator fez par rom\u00e2ntico com a atriz Regina Duarte.<\/p>\n\n\n\n<p>Na Globo, a estreia foi em 1970, na novela \u201cAssim na Terra Como no C\u00e9u\u201d, de Dias Gomes, interpretando padre Vitor. \u00cddolo de atores mais jovens, principalmente quando chegou \u00e0 televis\u00e3o, Cuoco sempre se preocupou em ajud\u00e1-los com a t\u00e9cnica.<\/p>\n\n\n\n<p>\u201c<em>\u00c9 importante que o ator tenha uma percep\u00e7\u00e3o que eu chamo de intelig\u00eancia c\u00eanica: o Francisco n\u00e3o faz determinadas coisas na vida real, mas seu personagem faz. Porque, \u00e0s vezes, se voc\u00ea n\u00e3o tem experi\u00eancia, faz uma coisa mec\u00e2nica e sem alma. \u00c9 importante que os personagens tenham vida pr\u00f3pria. Eu prefiro que o personagem sufoque o Francisco<\/em>\u201d\u201d, disse ao Mem\u00f3ria Globo.<\/p>\n\n\n\n<p>Sua trajet\u00f3ria tamb\u00e9m foi marcada pela s\u00e9rie de protagonistas que a novelista Janete Clair escreveu especialmente para ele. Um sucesso ap\u00f3s o outro: o ambicioso Cristiano Vilhena, de \u201cSelva de Pedra\u201d (1972), noivo de Simone Marques (Regina Duarte), foi o primeiro deles.<\/p>\n\n\n\n<p>Ap\u00f3s interpretar o jornalista Alex, em \u201cO Semideus\u201d (1973), e o aviador garanh\u00e3o M\u00e1rio Barroso em \u201cCuca Legal\u201d (1975), trama de Marcos Rey com dire\u00e7\u00e3o de Oswaldo Loureiro, Cuoco foi convidado para fazer o carism\u00e1tico taxista Carl\u00e3o, em \u201cPecado Capital\u201d (1975), de Janete Clair. \u201c<em>O Carl\u00e3o tinha essa generosidade, essa coisa de olhar para o semelhante e ver o semelhante, n\u00e3o era um estranho para ele, era um igual. Eu acho que ele tinha a m\u00e1gica do personagem popular<\/em>\u201d, disse ao Mem\u00f3ria Globo.<\/p>\n\n\n\n<p><strong>Cinema<\/strong><\/p>\n\n\n\n<p>Entre o fim dos anos 1990 e o in\u00edcio de 2000, Cuoco dedicou-se ao cinema. Nessa \u00e9poca, participou de filmes como \u201cTrai\u00e7\u00e3o\u201d (1998), de Jos\u00e9 Henrique Fonseca e Arthur Fontes, \u201cG\u00eameas\u201d (1999), de Andrucha Waddington, \u201cUm Anjo Trapalh\u00e3o\u201d (2000), de Alexande Boury e Marcelo Travesso, \u201cA Partilha\u201d (2001), de Daniel Filho, e \u201cCafund\u00f3\u201d (2005), de Cl\u00f3vis Bueno e Paulo Betti.<\/p>\n\n\n\n<p>Em 2005, depois de mais de 20 anos de dedica\u00e7\u00e3o praticamente exclusiva \u00e0 TV e aos filmes, ele voltou ao teatro \u2013 o ambiente em que come\u00e7ou sua carreira. Em \u201cTr\u00eas Homens Baixos\u201d, dividiu o palco com Gracindo Jr. e Chico Tenreiro. O \u00faltimo papel de Cuoco na TV foi em 2023 quando fez uma participa\u00e7\u00e3o na s\u00e9rie \u201cNo Corre\u201d, do Multishow. (Fonte: g1-SP)<\/p>\n","protected":false},"excerpt":{"rendered":"<p>O ator e um dos maiores nomes da televis\u00e3o Francisco Cuoco morreu aos 91 anos nesta quinta-feira (19), em S\u00e3o<\/p>\n","protected":false},"author":2,"featured_media":66799,"comment_status":"open","ping_status":"open","sticky":false,"template":"","format":"standard","meta":{"jetpack_post_was_ever_published":false,"_jetpack_newsletter_access":"","_jetpack_dont_email_post_to_subs":false,"_jetpack_newsletter_tier_id":0,"_jetpack_memberships_contains_paywalled_content":false,"_jetpack_memberships_contains_paid_content":false,"footnotes":"","jetpack_publicize_message":"","jetpack_publicize_feature_enabled":true,"jetpack_social_post_already_shared":true,"jetpack_social_options":{"image_generator_settings":{"template":"highway","default_image_id":0,"font":"","enabled":false},"version":2}},"categories":[12],"tags":[],"class_list":["post-66798","post","type-post","status-publish","format-standard","has-post-thumbnail","hentry","category-brasil"],"yoast_head":"<!-- This site is optimized with the Yoast SEO plugin v27.5 - https:\/\/yoast.com\/product\/yoast-seo-wordpress\/ -->\n<title>Ator Francisco Cuoco morre aos 91 em S\u00e3o Paulo - Afogados FM<\/title>\n<meta name=\"robots\" content=\"index, follow, max-snippet:-1, max-image-preview:large, max-video-preview:-1\" \/>\n<link rel=\"canonical\" href=\"https:\/\/afogadosfm.com.br\/afogadosfm\/2025\/06\/20\/ator-francisco-cuoco-morre-aos-91-em-sao-paulo\/\" \/>\n<meta property=\"og:locale\" content=\"pt_BR\" \/>\n<meta property=\"og:type\" content=\"article\" \/>\n<meta property=\"og:title\" content=\"Ator Francisco Cuoco morre aos 91 em S\u00e3o Paulo - Afogados FM\" \/>\n<meta property=\"og:description\" content=\"O ator e um dos maiores nomes da televis\u00e3o Francisco Cuoco morreu aos 91 anos nesta quinta-feira (19), em S\u00e3o\" \/>\n<meta property=\"og:url\" content=\"https:\/\/afogadosfm.com.br\/afogadosfm\/2025\/06\/20\/ator-francisco-cuoco-morre-aos-91-em-sao-paulo\/\" \/>\n<meta property=\"og:site_name\" content=\"Afogados FM\" \/>\n<meta property=\"article:published_time\" content=\"2025-06-20T09:04:57+00:00\" \/>\n<meta property=\"article:modified_time\" content=\"2025-06-20T09:04:58+00:00\" \/>\n<meta property=\"og:image\" content=\"https:\/\/afogadosfm.com.br\/afogadosfm\/wp-content\/uploads\/2025\/06\/Francisco-Cuoco.jpeg\" \/>\n\t<meta property=\"og:image:width\" content=\"750\" \/>\n\t<meta property=\"og:image:height\" content=\"499\" \/>\n\t<meta property=\"og:image:type\" content=\"image\/jpeg\" \/>\n<meta name=\"author\" content=\"afogadosfm\" \/>\n<meta name=\"twitter:card\" content=\"summary_large_image\" \/>\n<meta name=\"twitter:label1\" content=\"Escrito por\" \/>\n\t<meta name=\"twitter:data1\" content=\"afogadosfm\" \/>\n\t<meta name=\"twitter:label2\" content=\"Est. tempo de leitura\" \/>\n\t<meta name=\"twitter:data2\" content=\"4 minutos\" \/>\n<script type=\"application\/ld+json\" class=\"yoast-schema-graph\">{\"@context\":\"https:\\\/\\\/schema.org\",\"@graph\":[{\"@type\":\"Article\",\"@id\":\"https:\\\/\\\/afogadosfm.com.br\\\/afogadosfm\\\/2025\\\/06\\\/20\\\/ator-francisco-cuoco-morre-aos-91-em-sao-paulo\\\/#article\",\"isPartOf\":{\"@id\":\"https:\\\/\\\/afogadosfm.com.br\\\/afogadosfm\\\/2025\\\/06\\\/20\\\/ator-francisco-cuoco-morre-aos-91-em-sao-paulo\\\/\"},\"author\":{\"name\":\"afogadosfm\",\"@id\":\"https:\\\/\\\/afogadosfm.com.br\\\/afogadosfm\\\/#\\\/schema\\\/person\\\/60e56f2cf5dc960fc093fe093d9e9057\"},\"headline\":\"Ator Francisco Cuoco morre aos 91 em S\u00e3o Paulo\",\"datePublished\":\"2025-06-20T09:04:57+00:00\",\"dateModified\":\"2025-06-20T09:04:58+00:00\",\"mainEntityOfPage\":{\"@id\":\"https:\\\/\\\/afogadosfm.com.br\\\/afogadosfm\\\/2025\\\/06\\\/20\\\/ator-francisco-cuoco-morre-aos-91-em-sao-paulo\\\/\"},\"wordCount\":613,\"commentCount\":0,\"publisher\":{\"@id\":\"https:\\\/\\\/afogadosfm.com.br\\\/afogadosfm\\\/#organization\"},\"image\":{\"@id\":\"https:\\\/\\\/afogadosfm.com.br\\\/afogadosfm\\\/2025\\\/06\\\/20\\\/ator-francisco-cuoco-morre-aos-91-em-sao-paulo\\\/#primaryimage\"},\"thumbnailUrl\":\"https:\\\/\\\/i0.wp.com\\\/afogadosfm.com.br\\\/afogadosfm\\\/wp-content\\\/uploads\\\/2025\\\/06\\\/Francisco-Cuoco.jpeg?fit=750%2C499&ssl=1\",\"articleSection\":[\"Brasil\"],\"inLanguage\":\"pt-BR\",\"potentialAction\":[{\"@type\":\"CommentAction\",\"name\":\"Comment\",\"target\":[\"https:\\\/\\\/afogadosfm.com.br\\\/afogadosfm\\\/2025\\\/06\\\/20\\\/ator-francisco-cuoco-morre-aos-91-em-sao-paulo\\\/#respond\"]}]},{\"@type\":\"WebPage\",\"@id\":\"https:\\\/\\\/afogadosfm.com.br\\\/afogadosfm\\\/2025\\\/06\\\/20\\\/ator-francisco-cuoco-morre-aos-91-em-sao-paulo\\\/\",\"url\":\"https:\\\/\\\/afogadosfm.com.br\\\/afogadosfm\\\/2025\\\/06\\\/20\\\/ator-francisco-cuoco-morre-aos-91-em-sao-paulo\\\/\",\"name\":\"Ator Francisco Cuoco morre aos 91 em S\u00e3o Paulo - Afogados FM\",\"isPartOf\":{\"@id\":\"https:\\\/\\\/afogadosfm.com.br\\\/afogadosfm\\\/#website\"},\"primaryImageOfPage\":{\"@id\":\"https:\\\/\\\/afogadosfm.com.br\\\/afogadosfm\\\/2025\\\/06\\\/20\\\/ator-francisco-cuoco-morre-aos-91-em-sao-paulo\\\/#primaryimage\"},\"image\":{\"@id\":\"https:\\\/\\\/afogadosfm.com.br\\\/afogadosfm\\\/2025\\\/06\\\/20\\\/ator-francisco-cuoco-morre-aos-91-em-sao-paulo\\\/#primaryimage\"},\"thumbnailUrl\":\"https:\\\/\\\/i0.wp.com\\\/afogadosfm.com.br\\\/afogadosfm\\\/wp-content\\\/uploads\\\/2025\\\/06\\\/Francisco-Cuoco.jpeg?fit=750%2C499&ssl=1\",\"datePublished\":\"2025-06-20T09:04:57+00:00\",\"dateModified\":\"2025-06-20T09:04:58+00:00\",\"breadcrumb\":{\"@id\":\"https:\\\/\\\/afogadosfm.com.br\\\/afogadosfm\\\/2025\\\/06\\\/20\\\/ator-francisco-cuoco-morre-aos-91-em-sao-paulo\\\/#breadcrumb\"},\"inLanguage\":\"pt-BR\",\"potentialAction\":[{\"@type\":\"ReadAction\",\"target\":[\"https:\\\/\\\/afogadosfm.com.br\\\/afogadosfm\\\/2025\\\/06\\\/20\\\/ator-francisco-cuoco-morre-aos-91-em-sao-paulo\\\/\"]}]},{\"@type\":\"ImageObject\",\"inLanguage\":\"pt-BR\",\"@id\":\"https:\\\/\\\/afogadosfm.com.br\\\/afogadosfm\\\/2025\\\/06\\\/20\\\/ator-francisco-cuoco-morre-aos-91-em-sao-paulo\\\/#primaryimage\",\"url\":\"https:\\\/\\\/i0.wp.com\\\/afogadosfm.com.br\\\/afogadosfm\\\/wp-content\\\/uploads\\\/2025\\\/06\\\/Francisco-Cuoco.jpeg?fit=750%2C499&ssl=1\",\"contentUrl\":\"https:\\\/\\\/i0.wp.com\\\/afogadosfm.com.br\\\/afogadosfm\\\/wp-content\\\/uploads\\\/2025\\\/06\\\/Francisco-Cuoco.jpeg?fit=750%2C499&ssl=1\",\"width\":750,\"height\":499},{\"@type\":\"BreadcrumbList\",\"@id\":\"https:\\\/\\\/afogadosfm.com.br\\\/afogadosfm\\\/2025\\\/06\\\/20\\\/ator-francisco-cuoco-morre-aos-91-em-sao-paulo\\\/#breadcrumb\",\"itemListElement\":[{\"@type\":\"ListItem\",\"position\":1,\"name\":\"In\u00edcio\",\"item\":\"https:\\\/\\\/afogadosfm.com.br\\\/afogadosfm\\\/\"},{\"@type\":\"ListItem\",\"position\":2,\"name\":\"Ator Francisco Cuoco morre aos 91 em S\u00e3o Paulo\"}]},{\"@type\":\"WebSite\",\"@id\":\"https:\\\/\\\/afogadosfm.com.br\\\/afogadosfm\\\/#website\",\"url\":\"https:\\\/\\\/afogadosfm.com.br\\\/afogadosfm\\\/\",\"name\":\"Afogados FM\",\"description\":\"Um site completo!\",\"publisher\":{\"@id\":\"https:\\\/\\\/afogadosfm.com.br\\\/afogadosfm\\\/#organization\"},\"potentialAction\":[{\"@type\":\"SearchAction\",\"target\":{\"@type\":\"EntryPoint\",\"urlTemplate\":\"https:\\\/\\\/afogadosfm.com.br\\\/afogadosfm\\\/?s={search_term_string}\"},\"query-input\":{\"@type\":\"PropertyValueSpecification\",\"valueRequired\":true,\"valueName\":\"search_term_string\"}}],\"inLanguage\":\"pt-BR\"},{\"@type\":\"Organization\",\"@id\":\"https:\\\/\\\/afogadosfm.com.br\\\/afogadosfm\\\/#organization\",\"name\":\"Afogados FM\",\"url\":\"https:\\\/\\\/afogadosfm.com.br\\\/afogadosfm\\\/\",\"logo\":{\"@type\":\"ImageObject\",\"inLanguage\":\"pt-BR\",\"@id\":\"https:\\\/\\\/afogadosfm.com.br\\\/afogadosfm\\\/#\\\/schema\\\/logo\\\/image\\\/\",\"url\":\"https:\\\/\\\/i0.wp.com\\\/afogadosfm.com.br\\\/afogadosfm\\\/wp-content\\\/uploads\\\/2020\\\/06\\\/cropped-banner-afogados-4.jpg?fit=369%2C137&ssl=1\",\"contentUrl\":\"https:\\\/\\\/i0.wp.com\\\/afogadosfm.com.br\\\/afogadosfm\\\/wp-content\\\/uploads\\\/2020\\\/06\\\/cropped-banner-afogados-4.jpg?fit=369%2C137&ssl=1\",\"width\":369,\"height\":137,\"caption\":\"Afogados FM\"},\"image\":{\"@id\":\"https:\\\/\\\/afogadosfm.com.br\\\/afogadosfm\\\/#\\\/schema\\\/logo\\\/image\\\/\"}},{\"@type\":\"Person\",\"@id\":\"https:\\\/\\\/afogadosfm.com.br\\\/afogadosfm\\\/#\\\/schema\\\/person\\\/60e56f2cf5dc960fc093fe093d9e9057\",\"name\":\"afogadosfm\",\"image\":{\"@type\":\"ImageObject\",\"inLanguage\":\"pt-BR\",\"@id\":\"https:\\\/\\\/secure.gravatar.com\\\/avatar\\\/e0359add7ed5dc3560906d861b52c6a8cf5c1e199d3a7dd85070998f49bd4701?s=96&d=mm&r=g\",\"url\":\"https:\\\/\\\/secure.gravatar.com\\\/avatar\\\/e0359add7ed5dc3560906d861b52c6a8cf5c1e199d3a7dd85070998f49bd4701?s=96&d=mm&r=g\",\"contentUrl\":\"https:\\\/\\\/secure.gravatar.com\\\/avatar\\\/e0359add7ed5dc3560906d861b52c6a8cf5c1e199d3a7dd85070998f49bd4701?s=96&d=mm&r=g\",\"caption\":\"afogadosfm\"},\"url\":\"https:\\\/\\\/afogadosfm.com.br\\\/afogadosfm\\\/author\\\/afogadosfm\\\/\"}]}<\/script>\n<!-- \/ Yoast SEO plugin. -->","yoast_head_json":{"title":"Ator Francisco Cuoco morre aos 91 em S\u00e3o Paulo - Afogados FM","robots":{"index":"index","follow":"follow","max-snippet":"max-snippet:-1","max-image-preview":"max-image-preview:large","max-video-preview":"max-video-preview:-1"},"canonical":"https:\/\/afogadosfm.com.br\/afogadosfm\/2025\/06\/20\/ator-francisco-cuoco-morre-aos-91-em-sao-paulo\/","og_locale":"pt_BR","og_type":"article","og_title":"Ator Francisco Cuoco morre aos 91 em S\u00e3o Paulo - Afogados FM","og_description":"O ator e um dos maiores nomes da televis\u00e3o Francisco Cuoco morreu aos 91 anos nesta quinta-feira (19), em S\u00e3o","og_url":"https:\/\/afogadosfm.com.br\/afogadosfm\/2025\/06\/20\/ator-francisco-cuoco-morre-aos-91-em-sao-paulo\/","og_site_name":"Afogados FM","article_published_time":"2025-06-20T09:04:57+00:00","article_modified_time":"2025-06-20T09:04:58+00:00","og_image":[{"width":750,"height":499,"url":"https:\/\/afogadosfm.com.br\/afogadosfm\/wp-content\/uploads\/2025\/06\/Francisco-Cuoco.jpeg","type":"image\/jpeg"}],"author":"afogadosfm","twitter_card":"summary_large_image","twitter_misc":{"Escrito por":"afogadosfm","Est. tempo de leitura":"4 minutos"},"schema":{"@context":"https:\/\/schema.org","@graph":[{"@type":"Article","@id":"https:\/\/afogadosfm.com.br\/afogadosfm\/2025\/06\/20\/ator-francisco-cuoco-morre-aos-91-em-sao-paulo\/#article","isPartOf":{"@id":"https:\/\/afogadosfm.com.br\/afogadosfm\/2025\/06\/20\/ator-francisco-cuoco-morre-aos-91-em-sao-paulo\/"},"author":{"name":"afogadosfm","@id":"https:\/\/afogadosfm.com.br\/afogadosfm\/#\/schema\/person\/60e56f2cf5dc960fc093fe093d9e9057"},"headline":"Ator Francisco Cuoco morre aos 91 em S\u00e3o Paulo","datePublished":"2025-06-20T09:04:57+00:00","dateModified":"2025-06-20T09:04:58+00:00","mainEntityOfPage":{"@id":"https:\/\/afogadosfm.com.br\/afogadosfm\/2025\/06\/20\/ator-francisco-cuoco-morre-aos-91-em-sao-paulo\/"},"wordCount":613,"commentCount":0,"publisher":{"@id":"https:\/\/afogadosfm.com.br\/afogadosfm\/#organization"},"image":{"@id":"https:\/\/afogadosfm.com.br\/afogadosfm\/2025\/06\/20\/ator-francisco-cuoco-morre-aos-91-em-sao-paulo\/#primaryimage"},"thumbnailUrl":"https:\/\/i0.wp.com\/afogadosfm.com.br\/afogadosfm\/wp-content\/uploads\/2025\/06\/Francisco-Cuoco.jpeg?fit=750%2C499&ssl=1","articleSection":["Brasil"],"inLanguage":"pt-BR","potentialAction":[{"@type":"CommentAction","name":"Comment","target":["https:\/\/afogadosfm.com.br\/afogadosfm\/2025\/06\/20\/ator-francisco-cuoco-morre-aos-91-em-sao-paulo\/#respond"]}]},{"@type":"WebPage","@id":"https:\/\/afogadosfm.com.br\/afogadosfm\/2025\/06\/20\/ator-francisco-cuoco-morre-aos-91-em-sao-paulo\/","url":"https:\/\/afogadosfm.com.br\/afogadosfm\/2025\/06\/20\/ator-francisco-cuoco-morre-aos-91-em-sao-paulo\/","name":"Ator Francisco Cuoco morre aos 91 em S\u00e3o Paulo - Afogados FM","isPartOf":{"@id":"https:\/\/afogadosfm.com.br\/afogadosfm\/#website"},"primaryImageOfPage":{"@id":"https:\/\/afogadosfm.com.br\/afogadosfm\/2025\/06\/20\/ator-francisco-cuoco-morre-aos-91-em-sao-paulo\/#primaryimage"},"image":{"@id":"https:\/\/afogadosfm.com.br\/afogadosfm\/2025\/06\/20\/ator-francisco-cuoco-morre-aos-91-em-sao-paulo\/#primaryimage"},"thumbnailUrl":"https:\/\/i0.wp.com\/afogadosfm.com.br\/afogadosfm\/wp-content\/uploads\/2025\/06\/Francisco-Cuoco.jpeg?fit=750%2C499&ssl=1","datePublished":"2025-06-20T09:04:57+00:00","dateModified":"2025-06-20T09:04:58+00:00","breadcrumb":{"@id":"https:\/\/afogadosfm.com.br\/afogadosfm\/2025\/06\/20\/ator-francisco-cuoco-morre-aos-91-em-sao-paulo\/#breadcrumb"},"inLanguage":"pt-BR","potentialAction":[{"@type":"ReadAction","target":["https:\/\/afogadosfm.com.br\/afogadosfm\/2025\/06\/20\/ator-francisco-cuoco-morre-aos-91-em-sao-paulo\/"]}]},{"@type":"ImageObject","inLanguage":"pt-BR","@id":"https:\/\/afogadosfm.com.br\/afogadosfm\/2025\/06\/20\/ator-francisco-cuoco-morre-aos-91-em-sao-paulo\/#primaryimage","url":"https:\/\/i0.wp.com\/afogadosfm.com.br\/afogadosfm\/wp-content\/uploads\/2025\/06\/Francisco-Cuoco.jpeg?fit=750%2C499&ssl=1","contentUrl":"https:\/\/i0.wp.com\/afogadosfm.com.br\/afogadosfm\/wp-content\/uploads\/2025\/06\/Francisco-Cuoco.jpeg?fit=750%2C499&ssl=1","width":750,"height":499},{"@type":"BreadcrumbList","@id":"https:\/\/afogadosfm.com.br\/afogadosfm\/2025\/06\/20\/ator-francisco-cuoco-morre-aos-91-em-sao-paulo\/#breadcrumb","itemListElement":[{"@type":"ListItem","position":1,"name":"In\u00edcio","item":"https:\/\/afogadosfm.com.br\/afogadosfm\/"},{"@type":"ListItem","position":2,"name":"Ator Francisco Cuoco morre aos 91 em S\u00e3o Paulo"}]},{"@type":"WebSite","@id":"https:\/\/afogadosfm.com.br\/afogadosfm\/#website","url":"https:\/\/afogadosfm.com.br\/afogadosfm\/","name":"Afogados FM","description":"Um site completo!","publisher":{"@id":"https:\/\/afogadosfm.com.br\/afogadosfm\/#organization"},"potentialAction":[{"@type":"SearchAction","target":{"@type":"EntryPoint","urlTemplate":"https:\/\/afogadosfm.com.br\/afogadosfm\/?s={search_term_string}"},"query-input":{"@type":"PropertyValueSpecification","valueRequired":true,"valueName":"search_term_string"}}],"inLanguage":"pt-BR"},{"@type":"Organization","@id":"https:\/\/afogadosfm.com.br\/afogadosfm\/#organization","name":"Afogados FM","url":"https:\/\/afogadosfm.com.br\/afogadosfm\/","logo":{"@type":"ImageObject","inLanguage":"pt-BR","@id":"https:\/\/afogadosfm.com.br\/afogadosfm\/#\/schema\/logo\/image\/","url":"https:\/\/i0.wp.com\/afogadosfm.com.br\/afogadosfm\/wp-content\/uploads\/2020\/06\/cropped-banner-afogados-4.jpg?fit=369%2C137&ssl=1","contentUrl":"https:\/\/i0.wp.com\/afogadosfm.com.br\/afogadosfm\/wp-content\/uploads\/2020\/06\/cropped-banner-afogados-4.jpg?fit=369%2C137&ssl=1","width":369,"height":137,"caption":"Afogados FM"},"image":{"@id":"https:\/\/afogadosfm.com.br\/afogadosfm\/#\/schema\/logo\/image\/"}},{"@type":"Person","@id":"https:\/\/afogadosfm.com.br\/afogadosfm\/#\/schema\/person\/60e56f2cf5dc960fc093fe093d9e9057","name":"afogadosfm","image":{"@type":"ImageObject","inLanguage":"pt-BR","@id":"https:\/\/secure.gravatar.com\/avatar\/e0359add7ed5dc3560906d861b52c6a8cf5c1e199d3a7dd85070998f49bd4701?s=96&d=mm&r=g","url":"https:\/\/secure.gravatar.com\/avatar\/e0359add7ed5dc3560906d861b52c6a8cf5c1e199d3a7dd85070998f49bd4701?s=96&d=mm&r=g","contentUrl":"https:\/\/secure.gravatar.com\/avatar\/e0359add7ed5dc3560906d861b52c6a8cf5c1e199d3a7dd85070998f49bd4701?s=96&d=mm&r=g","caption":"afogadosfm"},"url":"https:\/\/afogadosfm.com.br\/afogadosfm\/author\/afogadosfm\/"}]}},"jetpack_publicize_connections":[],"jetpack_featured_media_url":"https:\/\/i0.wp.com\/afogadosfm.com.br\/afogadosfm\/wp-content\/uploads\/2025\/06\/Francisco-Cuoco.jpeg?fit=750%2C499&ssl=1","jetpack-related-posts":[],"jetpack_sharing_enabled":true,"jetpack_likes_enabled":true,"_links":{"self":[{"href":"https:\/\/afogadosfm.com.br\/afogadosfm\/wp-json\/wp\/v2\/posts\/66798","targetHints":{"allow":["GET"]}}],"collection":[{"href":"https:\/\/afogadosfm.com.br\/afogadosfm\/wp-json\/wp\/v2\/posts"}],"about":[{"href":"https:\/\/afogadosfm.com.br\/afogadosfm\/wp-json\/wp\/v2\/types\/post"}],"author":[{"embeddable":true,"href":"https:\/\/afogadosfm.com.br\/afogadosfm\/wp-json\/wp\/v2\/users\/2"}],"replies":[{"embeddable":true,"href":"https:\/\/afogadosfm.com.br\/afogadosfm\/wp-json\/wp\/v2\/comments?post=66798"}],"version-history":[{"count":1,"href":"https:\/\/afogadosfm.com.br\/afogadosfm\/wp-json\/wp\/v2\/posts\/66798\/revisions"}],"predecessor-version":[{"id":66800,"href":"https:\/\/afogadosfm.com.br\/afogadosfm\/wp-json\/wp\/v2\/posts\/66798\/revisions\/66800"}],"wp:featuredmedia":[{"embeddable":true,"href":"https:\/\/afogadosfm.com.br\/afogadosfm\/wp-json\/wp\/v2\/media\/66799"}],"wp:attachment":[{"href":"https:\/\/afogadosfm.com.br\/afogadosfm\/wp-json\/wp\/v2\/media?parent=66798"}],"wp:term":[{"taxonomy":"category","embeddable":true,"href":"https:\/\/afogadosfm.com.br\/afogadosfm\/wp-json\/wp\/v2\/categories?post=66798"},{"taxonomy":"post_tag","embeddable":true,"href":"https:\/\/afogadosfm.com.br\/afogadosfm\/wp-json\/wp\/v2\/tags?post=66798"}],"curies":[{"name":"wp","href":"https:\/\/api.w.org\/{rel}","templated":true}]}}