{"id":66801,"date":"2025-06-20T06:16:55","date_gmt":"2025-06-20T09:16:55","guid":{"rendered":"https:\/\/afogadosfm.com.br\/afogadosfm\/?p=66801"},"modified":"2025-06-20T06:16:56","modified_gmt":"2025-06-20T09:16:56","slug":"ataque-de-abelhas-em-afogados-deixou-quatro-hospitalizados","status":"publish","type":"post","link":"https:\/\/afogadosfm.com.br\/afogadosfm\/2025\/06\/20\/ataque-de-abelhas-em-afogados-deixou-quatro-hospitalizados\/","title":{"rendered":"Ataque de abelhas em Afogados deixou quatro hospitalizados"},"content":{"rendered":"\n<p>Na tarde da \u00faltima quarta-feira (18), um ataque de abelhas na Rua Nelson Alves, no bairro Sobreira, em Afogados da Ingazeira, Sert\u00e3o do Paje\u00fa, deixou quatro pessoas feridas e necessitando de atendimento hospitalar.<\/p>\n\n\n\n<p>Segundo relatos de moradores, quatro pessoas foram atacadas. Todas ficaram internadas na Sala Vermelha do Hospital Regional devido \u00e0 gravidade das picadas.<\/p>\n\n\n\n<p>Receba as manchetes do Farol de Not\u00edcias em primeira m\u00e3o pelo WhatsApp (clique aqui<br>As v\u00edtimas foram identificadas como: Josefa, 78 anos, Ivoneide, 65 anos, Ermeson, 35 anos e um popular que passava pelo local e tentou ajudar as duas senhoras no momento do ataque.<\/p>\n\n\n\n<p>Os dois homens precisaram receber inje\u00e7\u00f5es de adrenalina para reduzir rapidamente o incha\u00e7o e evitar complica\u00e7\u00f5es respirat\u00f3rias. J\u00e1 as duas senhoras tiveram o quadro um pouco mais delicado, pois ambas possuem problemas card\u00edacos, o que exigiu cuidados especiais e um tempo maior at\u00e9 a estabiliza\u00e7\u00e3o. Felizmente todas as v\u00edtimas receberam o atendimento necess\u00e1rio e j\u00e1 receberam alta m\u00e9dica.<\/p>\n\n\n\n<p>O Corpo de Bombeiros foi acionado e foi ao local isolar a \u00e1rea. Em seguida, um apicultor, acionado pela Defesa Civil, conseguiu controlar a situa\u00e7\u00e3o, removendo a colmeia que estava localizada em um terreno atr\u00e1s das resid\u00eancias das duas senhoras atacadas. O especialista informou que, com a remo\u00e7\u00e3o da colmeia, as abelhas devem deixar o local de forma natural nos pr\u00f3ximos dias.<\/p>\n\n\n\n<p>por Romero Moraes<\/p>\n","protected":false},"excerpt":{"rendered":"<p>Na tarde da \u00faltima quarta-feira (18), um ataque de abelhas na Rua Nelson Alves, no bairro Sobreira, em Afogados da<\/p>\n","protected":false},"author":2,"featured_media":50258,"comment_status":"open","ping_status":"open","sticky":false,"template":"","format":"standard","meta":{"jetpack_post_was_ever_published":false,"_jetpack_newsletter_access":"","_jetpack_dont_email_post_to_subs":false,"_jetpack_newsletter_tier_id":0,"_jetpack_memberships_contains_paywalled_content":false,"_jetpack_memberships_contains_paid_content":false,"footnotes":"","jetpack_publicize_message":"","jetpack_publicize_feature_enabled":true,"jetpack_social_post_already_shared":true,"jetpack_social_options":{"image_generator_settings":{"template":"highway","default_image_id":0,"font":"","enabled":false},"version":2}},"categories":[14],"tags":[],"class_list":["post-66801","post","type-post","status-publish","format-standard","has-post-thumbnail","hentry","category-afogados-da-ingazeira"],"yoast_head":"<!-- This site is optimized with the Yoast SEO plugin v27.5 - https:\/\/yoast.com\/product\/yoast-seo-wordpress\/ -->\n<title>Ataque de abelhas em Afogados deixou quatro hospitalizados - Afogados FM<\/title>\n<meta name=\"robots\" content=\"index, follow, max-snippet:-1, max-image-preview:large, max-video-preview:-1\" \/>\n<link rel=\"canonical\" href=\"https:\/\/afogadosfm.com.br\/afogadosfm\/2025\/06\/20\/ataque-de-abelhas-em-afogados-deixou-quatro-hospitalizados\/\" \/>\n<meta property=\"og:locale\" content=\"pt_BR\" \/>\n<meta property=\"og:type\" content=\"article\" \/>\n<meta property=\"og:title\" content=\"Ataque de abelhas em Afogados deixou quatro hospitalizados - Afogados FM\" \/>\n<meta property=\"og:description\" content=\"Na tarde da \u00faltima quarta-feira (18), um ataque de abelhas na Rua Nelson Alves, no bairro Sobreira, em Afogados da\" \/>\n<meta property=\"og:url\" content=\"https:\/\/afogadosfm.com.br\/afogadosfm\/2025\/06\/20\/ataque-de-abelhas-em-afogados-deixou-quatro-hospitalizados\/\" \/>\n<meta property=\"og:site_name\" content=\"Afogados FM\" \/>\n<meta property=\"article:published_time\" content=\"2025-06-20T09:16:55+00:00\" \/>\n<meta property=\"article:modified_time\" content=\"2025-06-20T09:16:56+00:00\" \/>\n<meta property=\"og:image\" content=\"https:\/\/afogadosfm.com.br\/afogadosfm\/wp-content\/uploads\/2023\/08\/abelhas.jpg\" \/>\n\t<meta property=\"og:image:width\" content=\"1280\" \/>\n\t<meta property=\"og:image:height\" content=\"854\" \/>\n\t<meta property=\"og:image:type\" content=\"image\/jpeg\" \/>\n<meta name=\"author\" content=\"afogadosfm\" \/>\n<meta name=\"twitter:card\" content=\"summary_large_image\" \/>\n<meta name=\"twitter:label1\" content=\"Escrito por\" \/>\n\t<meta name=\"twitter:data1\" content=\"afogadosfm\" \/>\n\t<meta name=\"twitter:label2\" content=\"Est. tempo de leitura\" \/>\n\t<meta name=\"twitter:data2\" content=\"2 minutos\" \/>\n<script type=\"application\/ld+json\" class=\"yoast-schema-graph\">{\"@context\":\"https:\\\/\\\/schema.org\",\"@graph\":[{\"@type\":\"Article\",\"@id\":\"https:\\\/\\\/afogadosfm.com.br\\\/afogadosfm\\\/2025\\\/06\\\/20\\\/ataque-de-abelhas-em-afogados-deixou-quatro-hospitalizados\\\/#article\",\"isPartOf\":{\"@id\":\"https:\\\/\\\/afogadosfm.com.br\\\/afogadosfm\\\/2025\\\/06\\\/20\\\/ataque-de-abelhas-em-afogados-deixou-quatro-hospitalizados\\\/\"},\"author\":{\"name\":\"afogadosfm\",\"@id\":\"https:\\\/\\\/afogadosfm.com.br\\\/afogadosfm\\\/#\\\/schema\\\/person\\\/60e56f2cf5dc960fc093fe093d9e9057\"},\"headline\":\"Ataque de abelhas em Afogados deixou quatro hospitalizados\",\"datePublished\":\"2025-06-20T09:16:55+00:00\",\"dateModified\":\"2025-06-20T09:16:56+00:00\",\"mainEntityOfPage\":{\"@id\":\"https:\\\/\\\/afogadosfm.com.br\\\/afogadosfm\\\/2025\\\/06\\\/20\\\/ataque-de-abelhas-em-afogados-deixou-quatro-hospitalizados\\\/\"},\"wordCount\":243,\"commentCount\":0,\"publisher\":{\"@id\":\"https:\\\/\\\/afogadosfm.com.br\\\/afogadosfm\\\/#organization\"},\"image\":{\"@id\":\"https:\\\/\\\/afogadosfm.com.br\\\/afogadosfm\\\/2025\\\/06\\\/20\\\/ataque-de-abelhas-em-afogados-deixou-quatro-hospitalizados\\\/#primaryimage\"},\"thumbnailUrl\":\"https:\\\/\\\/i0.wp.com\\\/afogadosfm.com.br\\\/afogadosfm\\\/wp-content\\\/uploads\\\/2023\\\/08\\\/abelhas.jpg?fit=1280%2C854&ssl=1\",\"articleSection\":[\"Afogados da Ingazeira\"],\"inLanguage\":\"pt-BR\",\"potentialAction\":[{\"@type\":\"CommentAction\",\"name\":\"Comment\",\"target\":[\"https:\\\/\\\/afogadosfm.com.br\\\/afogadosfm\\\/2025\\\/06\\\/20\\\/ataque-de-abelhas-em-afogados-deixou-quatro-hospitalizados\\\/#respond\"]}]},{\"@type\":\"WebPage\",\"@id\":\"https:\\\/\\\/afogadosfm.com.br\\\/afogadosfm\\\/2025\\\/06\\\/20\\\/ataque-de-abelhas-em-afogados-deixou-quatro-hospitalizados\\\/\",\"url\":\"https:\\\/\\\/afogadosfm.com.br\\\/afogadosfm\\\/2025\\\/06\\\/20\\\/ataque-de-abelhas-em-afogados-deixou-quatro-hospitalizados\\\/\",\"name\":\"Ataque de abelhas em Afogados deixou quatro hospitalizados - Afogados FM\",\"isPartOf\":{\"@id\":\"https:\\\/\\\/afogadosfm.com.br\\\/afogadosfm\\\/#website\"},\"primaryImageOfPage\":{\"@id\":\"https:\\\/\\\/afogadosfm.com.br\\\/afogadosfm\\\/2025\\\/06\\\/20\\\/ataque-de-abelhas-em-afogados-deixou-quatro-hospitalizados\\\/#primaryimage\"},\"image\":{\"@id\":\"https:\\\/\\\/afogadosfm.com.br\\\/afogadosfm\\\/2025\\\/06\\\/20\\\/ataque-de-abelhas-em-afogados-deixou-quatro-hospitalizados\\\/#primaryimage\"},\"thumbnailUrl\":\"https:\\\/\\\/i0.wp.com\\\/afogadosfm.com.br\\\/afogadosfm\\\/wp-content\\\/uploads\\\/2023\\\/08\\\/abelhas.jpg?fit=1280%2C854&ssl=1\",\"datePublished\":\"2025-06-20T09:16:55+00:00\",\"dateModified\":\"2025-06-20T09:16:56+00:00\",\"breadcrumb\":{\"@id\":\"https:\\\/\\\/afogadosfm.com.br\\\/afogadosfm\\\/2025\\\/06\\\/20\\\/ataque-de-abelhas-em-afogados-deixou-quatro-hospitalizados\\\/#breadcrumb\"},\"inLanguage\":\"pt-BR\",\"potentialAction\":[{\"@type\":\"ReadAction\",\"target\":[\"https:\\\/\\\/afogadosfm.com.br\\\/afogadosfm\\\/2025\\\/06\\\/20\\\/ataque-de-abelhas-em-afogados-deixou-quatro-hospitalizados\\\/\"]}]},{\"@type\":\"ImageObject\",\"inLanguage\":\"pt-BR\",\"@id\":\"https:\\\/\\\/afogadosfm.com.br\\\/afogadosfm\\\/2025\\\/06\\\/20\\\/ataque-de-abelhas-em-afogados-deixou-quatro-hospitalizados\\\/#primaryimage\",\"url\":\"https:\\\/\\\/i0.wp.com\\\/afogadosfm.com.br\\\/afogadosfm\\\/wp-content\\\/uploads\\\/2023\\\/08\\\/abelhas.jpg?fit=1280%2C854&ssl=1\",\"contentUrl\":\"https:\\\/\\\/i0.wp.com\\\/afogadosfm.com.br\\\/afogadosfm\\\/wp-content\\\/uploads\\\/2023\\\/08\\\/abelhas.jpg?fit=1280%2C854&ssl=1\",\"width\":1280,\"height\":854},{\"@type\":\"BreadcrumbList\",\"@id\":\"https:\\\/\\\/afogadosfm.com.br\\\/afogadosfm\\\/2025\\\/06\\\/20\\\/ataque-de-abelhas-em-afogados-deixou-quatro-hospitalizados\\\/#breadcrumb\",\"itemListElement\":[{\"@type\":\"ListItem\",\"position\":1,\"name\":\"In\u00edcio\",\"item\":\"https:\\\/\\\/afogadosfm.com.br\\\/afogadosfm\\\/\"},{\"@type\":\"ListItem\",\"position\":2,\"name\":\"Ataque de abelhas em Afogados deixou quatro hospitalizados\"}]},{\"@type\":\"WebSite\",\"@id\":\"https:\\\/\\\/afogadosfm.com.br\\\/afogadosfm\\\/#website\",\"url\":\"https:\\\/\\\/afogadosfm.com.br\\\/afogadosfm\\\/\",\"name\":\"Afogados FM\",\"description\":\"Um site completo!\",\"publisher\":{\"@id\":\"https:\\\/\\\/afogadosfm.com.br\\\/afogadosfm\\\/#organization\"},\"potentialAction\":[{\"@type\":\"SearchAction\",\"target\":{\"@type\":\"EntryPoint\",\"urlTemplate\":\"https:\\\/\\\/afogadosfm.com.br\\\/afogadosfm\\\/?s={search_term_string}\"},\"query-input\":{\"@type\":\"PropertyValueSpecification\",\"valueRequired\":true,\"valueName\":\"search_term_string\"}}],\"inLanguage\":\"pt-BR\"},{\"@type\":\"Organization\",\"@id\":\"https:\\\/\\\/afogadosfm.com.br\\\/afogadosfm\\\/#organization\",\"name\":\"Afogados FM\",\"url\":\"https:\\\/\\\/afogadosfm.com.br\\\/afogadosfm\\\/\",\"logo\":{\"@type\":\"ImageObject\",\"inLanguage\":\"pt-BR\",\"@id\":\"https:\\\/\\\/afogadosfm.com.br\\\/afogadosfm\\\/#\\\/schema\\\/logo\\\/image\\\/\",\"url\":\"https:\\\/\\\/i0.wp.com\\\/afogadosfm.com.br\\\/afogadosfm\\\/wp-content\\\/uploads\\\/2020\\\/06\\\/cropped-banner-afogados-4.jpg?fit=369%2C137&ssl=1\",\"contentUrl\":\"https:\\\/\\\/i0.wp.com\\\/afogadosfm.com.br\\\/afogadosfm\\\/wp-content\\\/uploads\\\/2020\\\/06\\\/cropped-banner-afogados-4.jpg?fit=369%2C137&ssl=1\",\"width\":369,\"height\":137,\"caption\":\"Afogados FM\"},\"image\":{\"@id\":\"https:\\\/\\\/afogadosfm.com.br\\\/afogadosfm\\\/#\\\/schema\\\/logo\\\/image\\\/\"}},{\"@type\":\"Person\",\"@id\":\"https:\\\/\\\/afogadosfm.com.br\\\/afogadosfm\\\/#\\\/schema\\\/person\\\/60e56f2cf5dc960fc093fe093d9e9057\",\"name\":\"afogadosfm\",\"image\":{\"@type\":\"ImageObject\",\"inLanguage\":\"pt-BR\",\"@id\":\"https:\\\/\\\/secure.gravatar.com\\\/avatar\\\/e0359add7ed5dc3560906d861b52c6a8cf5c1e199d3a7dd85070998f49bd4701?s=96&d=mm&r=g\",\"url\":\"https:\\\/\\\/secure.gravatar.com\\\/avatar\\\/e0359add7ed5dc3560906d861b52c6a8cf5c1e199d3a7dd85070998f49bd4701?s=96&d=mm&r=g\",\"contentUrl\":\"https:\\\/\\\/secure.gravatar.com\\\/avatar\\\/e0359add7ed5dc3560906d861b52c6a8cf5c1e199d3a7dd85070998f49bd4701?s=96&d=mm&r=g\",\"caption\":\"afogadosfm\"},\"url\":\"https:\\\/\\\/afogadosfm.com.br\\\/afogadosfm\\\/author\\\/afogadosfm\\\/\"}]}<\/script>\n<!-- \/ Yoast SEO plugin. -->","yoast_head_json":{"title":"Ataque de abelhas em Afogados deixou quatro hospitalizados - Afogados FM","robots":{"index":"index","follow":"follow","max-snippet":"max-snippet:-1","max-image-preview":"max-image-preview:large","max-video-preview":"max-video-preview:-1"},"canonical":"https:\/\/afogadosfm.com.br\/afogadosfm\/2025\/06\/20\/ataque-de-abelhas-em-afogados-deixou-quatro-hospitalizados\/","og_locale":"pt_BR","og_type":"article","og_title":"Ataque de abelhas em Afogados deixou quatro hospitalizados - Afogados FM","og_description":"Na tarde da \u00faltima quarta-feira (18), um ataque de abelhas na Rua Nelson Alves, no bairro Sobreira, em Afogados da","og_url":"https:\/\/afogadosfm.com.br\/afogadosfm\/2025\/06\/20\/ataque-de-abelhas-em-afogados-deixou-quatro-hospitalizados\/","og_site_name":"Afogados FM","article_published_time":"2025-06-20T09:16:55+00:00","article_modified_time":"2025-06-20T09:16:56+00:00","og_image":[{"width":1280,"height":854,"url":"https:\/\/afogadosfm.com.br\/afogadosfm\/wp-content\/uploads\/2023\/08\/abelhas.jpg","type":"image\/jpeg"}],"author":"afogadosfm","twitter_card":"summary_large_image","twitter_misc":{"Escrito por":"afogadosfm","Est. tempo de leitura":"2 minutos"},"schema":{"@context":"https:\/\/schema.org","@graph":[{"@type":"Article","@id":"https:\/\/afogadosfm.com.br\/afogadosfm\/2025\/06\/20\/ataque-de-abelhas-em-afogados-deixou-quatro-hospitalizados\/#article","isPartOf":{"@id":"https:\/\/afogadosfm.com.br\/afogadosfm\/2025\/06\/20\/ataque-de-abelhas-em-afogados-deixou-quatro-hospitalizados\/"},"author":{"name":"afogadosfm","@id":"https:\/\/afogadosfm.com.br\/afogadosfm\/#\/schema\/person\/60e56f2cf5dc960fc093fe093d9e9057"},"headline":"Ataque de abelhas em Afogados deixou quatro hospitalizados","datePublished":"2025-06-20T09:16:55+00:00","dateModified":"2025-06-20T09:16:56+00:00","mainEntityOfPage":{"@id":"https:\/\/afogadosfm.com.br\/afogadosfm\/2025\/06\/20\/ataque-de-abelhas-em-afogados-deixou-quatro-hospitalizados\/"},"wordCount":243,"commentCount":0,"publisher":{"@id":"https:\/\/afogadosfm.com.br\/afogadosfm\/#organization"},"image":{"@id":"https:\/\/afogadosfm.com.br\/afogadosfm\/2025\/06\/20\/ataque-de-abelhas-em-afogados-deixou-quatro-hospitalizados\/#primaryimage"},"thumbnailUrl":"https:\/\/i0.wp.com\/afogadosfm.com.br\/afogadosfm\/wp-content\/uploads\/2023\/08\/abelhas.jpg?fit=1280%2C854&ssl=1","articleSection":["Afogados da Ingazeira"],"inLanguage":"pt-BR","potentialAction":[{"@type":"CommentAction","name":"Comment","target":["https:\/\/afogadosfm.com.br\/afogadosfm\/2025\/06\/20\/ataque-de-abelhas-em-afogados-deixou-quatro-hospitalizados\/#respond"]}]},{"@type":"WebPage","@id":"https:\/\/afogadosfm.com.br\/afogadosfm\/2025\/06\/20\/ataque-de-abelhas-em-afogados-deixou-quatro-hospitalizados\/","url":"https:\/\/afogadosfm.com.br\/afogadosfm\/2025\/06\/20\/ataque-de-abelhas-em-afogados-deixou-quatro-hospitalizados\/","name":"Ataque de abelhas em Afogados deixou quatro hospitalizados - Afogados FM","isPartOf":{"@id":"https:\/\/afogadosfm.com.br\/afogadosfm\/#website"},"primaryImageOfPage":{"@id":"https:\/\/afogadosfm.com.br\/afogadosfm\/2025\/06\/20\/ataque-de-abelhas-em-afogados-deixou-quatro-hospitalizados\/#primaryimage"},"image":{"@id":"https:\/\/afogadosfm.com.br\/afogadosfm\/2025\/06\/20\/ataque-de-abelhas-em-afogados-deixou-quatro-hospitalizados\/#primaryimage"},"thumbnailUrl":"https:\/\/i0.wp.com\/afogadosfm.com.br\/afogadosfm\/wp-content\/uploads\/2023\/08\/abelhas.jpg?fit=1280%2C854&ssl=1","datePublished":"2025-06-20T09:16:55+00:00","dateModified":"2025-06-20T09:16:56+00:00","breadcrumb":{"@id":"https:\/\/afogadosfm.com.br\/afogadosfm\/2025\/06\/20\/ataque-de-abelhas-em-afogados-deixou-quatro-hospitalizados\/#breadcrumb"},"inLanguage":"pt-BR","potentialAction":[{"@type":"ReadAction","target":["https:\/\/afogadosfm.com.br\/afogadosfm\/2025\/06\/20\/ataque-de-abelhas-em-afogados-deixou-quatro-hospitalizados\/"]}]},{"@type":"ImageObject","inLanguage":"pt-BR","@id":"https:\/\/afogadosfm.com.br\/afogadosfm\/2025\/06\/20\/ataque-de-abelhas-em-afogados-deixou-quatro-hospitalizados\/#primaryimage","url":"https:\/\/i0.wp.com\/afogadosfm.com.br\/afogadosfm\/wp-content\/uploads\/2023\/08\/abelhas.jpg?fit=1280%2C854&ssl=1","contentUrl":"https:\/\/i0.wp.com\/afogadosfm.com.br\/afogadosfm\/wp-content\/uploads\/2023\/08\/abelhas.jpg?fit=1280%2C854&ssl=1","width":1280,"height":854},{"@type":"BreadcrumbList","@id":"https:\/\/afogadosfm.com.br\/afogadosfm\/2025\/06\/20\/ataque-de-abelhas-em-afogados-deixou-quatro-hospitalizados\/#breadcrumb","itemListElement":[{"@type":"ListItem","position":1,"name":"In\u00edcio","item":"https:\/\/afogadosfm.com.br\/afogadosfm\/"},{"@type":"ListItem","position":2,"name":"Ataque de abelhas em Afogados deixou quatro hospitalizados"}]},{"@type":"WebSite","@id":"https:\/\/afogadosfm.com.br\/afogadosfm\/#website","url":"https:\/\/afogadosfm.com.br\/afogadosfm\/","name":"Afogados FM","description":"Um site completo!","publisher":{"@id":"https:\/\/afogadosfm.com.br\/afogadosfm\/#organization"},"potentialAction":[{"@type":"SearchAction","target":{"@type":"EntryPoint","urlTemplate":"https:\/\/afogadosfm.com.br\/afogadosfm\/?s={search_term_string}"},"query-input":{"@type":"PropertyValueSpecification","valueRequired":true,"valueName":"search_term_string"}}],"inLanguage":"pt-BR"},{"@type":"Organization","@id":"https:\/\/afogadosfm.com.br\/afogadosfm\/#organization","name":"Afogados FM","url":"https:\/\/afogadosfm.com.br\/afogadosfm\/","logo":{"@type":"ImageObject","inLanguage":"pt-BR","@id":"https:\/\/afogadosfm.com.br\/afogadosfm\/#\/schema\/logo\/image\/","url":"https:\/\/i0.wp.com\/afogadosfm.com.br\/afogadosfm\/wp-content\/uploads\/2020\/06\/cropped-banner-afogados-4.jpg?fit=369%2C137&ssl=1","contentUrl":"https:\/\/i0.wp.com\/afogadosfm.com.br\/afogadosfm\/wp-content\/uploads\/2020\/06\/cropped-banner-afogados-4.jpg?fit=369%2C137&ssl=1","width":369,"height":137,"caption":"Afogados FM"},"image":{"@id":"https:\/\/afogadosfm.com.br\/afogadosfm\/#\/schema\/logo\/image\/"}},{"@type":"Person","@id":"https:\/\/afogadosfm.com.br\/afogadosfm\/#\/schema\/person\/60e56f2cf5dc960fc093fe093d9e9057","name":"afogadosfm","image":{"@type":"ImageObject","inLanguage":"pt-BR","@id":"https:\/\/secure.gravatar.com\/avatar\/e0359add7ed5dc3560906d861b52c6a8cf5c1e199d3a7dd85070998f49bd4701?s=96&d=mm&r=g","url":"https:\/\/secure.gravatar.com\/avatar\/e0359add7ed5dc3560906d861b52c6a8cf5c1e199d3a7dd85070998f49bd4701?s=96&d=mm&r=g","contentUrl":"https:\/\/secure.gravatar.com\/avatar\/e0359add7ed5dc3560906d861b52c6a8cf5c1e199d3a7dd85070998f49bd4701?s=96&d=mm&r=g","caption":"afogadosfm"},"url":"https:\/\/afogadosfm.com.br\/afogadosfm\/author\/afogadosfm\/"}]}},"jetpack_publicize_connections":[],"jetpack_featured_media_url":"https:\/\/i0.wp.com\/afogadosfm.com.br\/afogadosfm\/wp-content\/uploads\/2023\/08\/abelhas.jpg?fit=1280%2C854&ssl=1","jetpack-related-posts":[],"jetpack_sharing_enabled":true,"jetpack_likes_enabled":true,"_links":{"self":[{"href":"https:\/\/afogadosfm.com.br\/afogadosfm\/wp-json\/wp\/v2\/posts\/66801","targetHints":{"allow":["GET"]}}],"collection":[{"href":"https:\/\/afogadosfm.com.br\/afogadosfm\/wp-json\/wp\/v2\/posts"}],"about":[{"href":"https:\/\/afogadosfm.com.br\/afogadosfm\/wp-json\/wp\/v2\/types\/post"}],"author":[{"embeddable":true,"href":"https:\/\/afogadosfm.com.br\/afogadosfm\/wp-json\/wp\/v2\/users\/2"}],"replies":[{"embeddable":true,"href":"https:\/\/afogadosfm.com.br\/afogadosfm\/wp-json\/wp\/v2\/comments?post=66801"}],"version-history":[{"count":1,"href":"https:\/\/afogadosfm.com.br\/afogadosfm\/wp-json\/wp\/v2\/posts\/66801\/revisions"}],"predecessor-version":[{"id":66802,"href":"https:\/\/afogadosfm.com.br\/afogadosfm\/wp-json\/wp\/v2\/posts\/66801\/revisions\/66802"}],"wp:featuredmedia":[{"embeddable":true,"href":"https:\/\/afogadosfm.com.br\/afogadosfm\/wp-json\/wp\/v2\/media\/50258"}],"wp:attachment":[{"href":"https:\/\/afogadosfm.com.br\/afogadosfm\/wp-json\/wp\/v2\/media?parent=66801"}],"wp:term":[{"taxonomy":"category","embeddable":true,"href":"https:\/\/afogadosfm.com.br\/afogadosfm\/wp-json\/wp\/v2\/categories?post=66801"},{"taxonomy":"post_tag","embeddable":true,"href":"https:\/\/afogadosfm.com.br\/afogadosfm\/wp-json\/wp\/v2\/tags?post=66801"}],"curies":[{"name":"wp","href":"https:\/\/api.w.org\/{rel}","templated":true}]}}