{"id":66807,"date":"2025-06-20T07:44:18","date_gmt":"2025-06-20T10:44:18","guid":{"rendered":"https:\/\/afogadosfm.com.br\/afogadosfm\/?p=66807"},"modified":"2025-06-20T07:44:19","modified_gmt":"2025-06-20T10:44:19","slug":"apac-emite-alerta-de-chuvas-para-tres-regioes-nesta-sexta-20","status":"publish","type":"post","link":"https:\/\/afogadosfm.com.br\/afogadosfm\/2025\/06\/20\/apac-emite-alerta-de-chuvas-para-tres-regioes-nesta-sexta-20\/","title":{"rendered":"Apac emite alerta de chuvas para tr\u00eas regi\u00f5es nesta sexta (20)"},"content":{"rendered":"\n<p>A Ag\u00eancia Pernambucana de \u00c1guas e Clima (Apac) emitiu, na quinta-feira (19), um novo alerta de chuvas para tr\u00eas regi\u00f5es de Pernambuco. O aviso vale ao longo da sexta-feira (20).<\/p>\n\n\n\n<p>Segundo a Apac, a previs\u00e3o \u00e9 de precipita\u00e7\u00f5es moderadas a fortes na Mata Sul. Agreste e Regi\u00e3o Metropolitana do Recife podem esperar chuvas moderadas e pontualmente fortes.<\/p>\n\n\n\n<p>De acordo com a ag\u00eancia, &#8220;o canal de umidade previsto desde ontem, quarta-feira, dia 18 de junho, deve continuar atuando em toda a faixa litor\u00e2nea de Pernambuco. Por isso, o aviso meteorol\u00f3gico ser\u00e1 renovado at\u00e9 a sexta-feira, 20 de junho&#8221;.<\/p>\n\n\n\n<p>\u201cAs condi\u00e7\u00f5es de risco est\u00e3o maiores na parte sul, incluindo o sul da Regi\u00e3o Metropolitana e toda a Mata Sul. A previs\u00e3o indica a continuidade de chuvas de moderada a forte na Mata Sul e Moderada (pontualmente forte) na Regi\u00e3o Metropolitana do Recife. Para o Agreste as chuvas devem ser moderadas em alguns munic\u00edpios, enquanto que a Mata Norte deve ser de fraca a moderada. No Sert\u00e3o, chuvas de fraca a moderada de forma isolada&#8221;, finaliza o comunicado.<\/p>\n\n\n\n<p>do DP<\/p>\n","protected":false},"excerpt":{"rendered":"<p>A Ag\u00eancia Pernambucana de \u00c1guas e Clima (Apac) emitiu, na quinta-feira (19), um novo alerta de chuvas para tr\u00eas regi\u00f5es<\/p>\n","protected":false},"author":2,"featured_media":8877,"comment_status":"open","ping_status":"open","sticky":false,"template":"","format":"standard","meta":{"jetpack_post_was_ever_published":false,"_jetpack_newsletter_access":"","_jetpack_dont_email_post_to_subs":false,"_jetpack_newsletter_tier_id":0,"_jetpack_memberships_contains_paywalled_content":false,"_jetpack_memberships_contains_paid_content":false,"footnotes":"","jetpack_publicize_message":"","jetpack_publicize_feature_enabled":true,"jetpack_social_post_already_shared":true,"jetpack_social_options":{"image_generator_settings":{"template":"highway","default_image_id":0,"font":"","enabled":false},"version":2}},"categories":[13],"tags":[],"class_list":["post-66807","post","type-post","status-publish","format-standard","has-post-thumbnail","hentry","category-pernambuco"],"yoast_head":"<!-- This site is optimized with the Yoast SEO plugin v27.5 - https:\/\/yoast.com\/product\/yoast-seo-wordpress\/ -->\n<title>Apac emite alerta de chuvas para tr\u00eas regi\u00f5es nesta sexta (20) - Afogados FM<\/title>\n<meta name=\"robots\" content=\"index, follow, max-snippet:-1, max-image-preview:large, max-video-preview:-1\" \/>\n<link rel=\"canonical\" href=\"https:\/\/afogadosfm.com.br\/afogadosfm\/2025\/06\/20\/apac-emite-alerta-de-chuvas-para-tres-regioes-nesta-sexta-20\/\" \/>\n<meta property=\"og:locale\" content=\"pt_BR\" \/>\n<meta property=\"og:type\" content=\"article\" \/>\n<meta property=\"og:title\" content=\"Apac emite alerta de chuvas para tr\u00eas regi\u00f5es nesta sexta (20) - Afogados FM\" \/>\n<meta property=\"og:description\" content=\"A Ag\u00eancia Pernambucana de \u00c1guas e Clima (Apac) emitiu, na quinta-feira (19), um novo alerta de chuvas para tr\u00eas regi\u00f5es\" \/>\n<meta property=\"og:url\" content=\"https:\/\/afogadosfm.com.br\/afogadosfm\/2025\/06\/20\/apac-emite-alerta-de-chuvas-para-tres-regioes-nesta-sexta-20\/\" \/>\n<meta property=\"og:site_name\" content=\"Afogados FM\" \/>\n<meta property=\"article:published_time\" content=\"2025-06-20T10:44:18+00:00\" \/>\n<meta property=\"article:modified_time\" content=\"2025-06-20T10:44:19+00:00\" \/>\n<meta property=\"og:image\" content=\"https:\/\/afogadosfm.com.br\/afogadosfm\/wp-content\/uploads\/2019\/02\/chuva.jpg\" \/>\n\t<meta property=\"og:image:width\" content=\"269\" \/>\n\t<meta property=\"og:image:height\" content=\"178\" \/>\n\t<meta property=\"og:image:type\" content=\"image\/jpeg\" \/>\n<meta name=\"author\" content=\"afogadosfm\" \/>\n<meta name=\"twitter:card\" content=\"summary_large_image\" \/>\n<meta name=\"twitter:label1\" content=\"Escrito por\" \/>\n\t<meta name=\"twitter:data1\" content=\"afogadosfm\" \/>\n\t<meta name=\"twitter:label2\" content=\"Est. tempo de leitura\" \/>\n\t<meta name=\"twitter:data2\" content=\"2 minutos\" \/>\n<script type=\"application\/ld+json\" class=\"yoast-schema-graph\">{\"@context\":\"https:\\\/\\\/schema.org\",\"@graph\":[{\"@type\":\"Article\",\"@id\":\"https:\\\/\\\/afogadosfm.com.br\\\/afogadosfm\\\/2025\\\/06\\\/20\\\/apac-emite-alerta-de-chuvas-para-tres-regioes-nesta-sexta-20\\\/#article\",\"isPartOf\":{\"@id\":\"https:\\\/\\\/afogadosfm.com.br\\\/afogadosfm\\\/2025\\\/06\\\/20\\\/apac-emite-alerta-de-chuvas-para-tres-regioes-nesta-sexta-20\\\/\"},\"author\":{\"name\":\"afogadosfm\",\"@id\":\"https:\\\/\\\/afogadosfm.com.br\\\/afogadosfm\\\/#\\\/schema\\\/person\\\/60e56f2cf5dc960fc093fe093d9e9057\"},\"headline\":\"Apac emite alerta de chuvas para tr\u00eas regi\u00f5es nesta sexta (20)\",\"datePublished\":\"2025-06-20T10:44:18+00:00\",\"dateModified\":\"2025-06-20T10:44:19+00:00\",\"mainEntityOfPage\":{\"@id\":\"https:\\\/\\\/afogadosfm.com.br\\\/afogadosfm\\\/2025\\\/06\\\/20\\\/apac-emite-alerta-de-chuvas-para-tres-regioes-nesta-sexta-20\\\/\"},\"wordCount\":200,\"commentCount\":0,\"publisher\":{\"@id\":\"https:\\\/\\\/afogadosfm.com.br\\\/afogadosfm\\\/#organization\"},\"image\":{\"@id\":\"https:\\\/\\\/afogadosfm.com.br\\\/afogadosfm\\\/2025\\\/06\\\/20\\\/apac-emite-alerta-de-chuvas-para-tres-regioes-nesta-sexta-20\\\/#primaryimage\"},\"thumbnailUrl\":\"https:\\\/\\\/i0.wp.com\\\/afogadosfm.com.br\\\/afogadosfm\\\/wp-content\\\/uploads\\\/2019\\\/02\\\/chuva.jpg?fit=269%2C178&ssl=1\",\"articleSection\":[\"Pernambuco\"],\"inLanguage\":\"pt-BR\",\"potentialAction\":[{\"@type\":\"CommentAction\",\"name\":\"Comment\",\"target\":[\"https:\\\/\\\/afogadosfm.com.br\\\/afogadosfm\\\/2025\\\/06\\\/20\\\/apac-emite-alerta-de-chuvas-para-tres-regioes-nesta-sexta-20\\\/#respond\"]}]},{\"@type\":\"WebPage\",\"@id\":\"https:\\\/\\\/afogadosfm.com.br\\\/afogadosfm\\\/2025\\\/06\\\/20\\\/apac-emite-alerta-de-chuvas-para-tres-regioes-nesta-sexta-20\\\/\",\"url\":\"https:\\\/\\\/afogadosfm.com.br\\\/afogadosfm\\\/2025\\\/06\\\/20\\\/apac-emite-alerta-de-chuvas-para-tres-regioes-nesta-sexta-20\\\/\",\"name\":\"Apac emite alerta de chuvas para tr\u00eas regi\u00f5es nesta sexta (20) - Afogados FM\",\"isPartOf\":{\"@id\":\"https:\\\/\\\/afogadosfm.com.br\\\/afogadosfm\\\/#website\"},\"primaryImageOfPage\":{\"@id\":\"https:\\\/\\\/afogadosfm.com.br\\\/afogadosfm\\\/2025\\\/06\\\/20\\\/apac-emite-alerta-de-chuvas-para-tres-regioes-nesta-sexta-20\\\/#primaryimage\"},\"image\":{\"@id\":\"https:\\\/\\\/afogadosfm.com.br\\\/afogadosfm\\\/2025\\\/06\\\/20\\\/apac-emite-alerta-de-chuvas-para-tres-regioes-nesta-sexta-20\\\/#primaryimage\"},\"thumbnailUrl\":\"https:\\\/\\\/i0.wp.com\\\/afogadosfm.com.br\\\/afogadosfm\\\/wp-content\\\/uploads\\\/2019\\\/02\\\/chuva.jpg?fit=269%2C178&ssl=1\",\"datePublished\":\"2025-06-20T10:44:18+00:00\",\"dateModified\":\"2025-06-20T10:44:19+00:00\",\"breadcrumb\":{\"@id\":\"https:\\\/\\\/afogadosfm.com.br\\\/afogadosfm\\\/2025\\\/06\\\/20\\\/apac-emite-alerta-de-chuvas-para-tres-regioes-nesta-sexta-20\\\/#breadcrumb\"},\"inLanguage\":\"pt-BR\",\"potentialAction\":[{\"@type\":\"ReadAction\",\"target\":[\"https:\\\/\\\/afogadosfm.com.br\\\/afogadosfm\\\/2025\\\/06\\\/20\\\/apac-emite-alerta-de-chuvas-para-tres-regioes-nesta-sexta-20\\\/\"]}]},{\"@type\":\"ImageObject\",\"inLanguage\":\"pt-BR\",\"@id\":\"https:\\\/\\\/afogadosfm.com.br\\\/afogadosfm\\\/2025\\\/06\\\/20\\\/apac-emite-alerta-de-chuvas-para-tres-regioes-nesta-sexta-20\\\/#primaryimage\",\"url\":\"https:\\\/\\\/i0.wp.com\\\/afogadosfm.com.br\\\/afogadosfm\\\/wp-content\\\/uploads\\\/2019\\\/02\\\/chuva.jpg?fit=269%2C178&ssl=1\",\"contentUrl\":\"https:\\\/\\\/i0.wp.com\\\/afogadosfm.com.br\\\/afogadosfm\\\/wp-content\\\/uploads\\\/2019\\\/02\\\/chuva.jpg?fit=269%2C178&ssl=1\",\"width\":269,\"height\":178},{\"@type\":\"BreadcrumbList\",\"@id\":\"https:\\\/\\\/afogadosfm.com.br\\\/afogadosfm\\\/2025\\\/06\\\/20\\\/apac-emite-alerta-de-chuvas-para-tres-regioes-nesta-sexta-20\\\/#breadcrumb\",\"itemListElement\":[{\"@type\":\"ListItem\",\"position\":1,\"name\":\"In\u00edcio\",\"item\":\"https:\\\/\\\/afogadosfm.com.br\\\/afogadosfm\\\/\"},{\"@type\":\"ListItem\",\"position\":2,\"name\":\"Apac emite alerta de chuvas para tr\u00eas regi\u00f5es nesta sexta (20)\"}]},{\"@type\":\"WebSite\",\"@id\":\"https:\\\/\\\/afogadosfm.com.br\\\/afogadosfm\\\/#website\",\"url\":\"https:\\\/\\\/afogadosfm.com.br\\\/afogadosfm\\\/\",\"name\":\"Afogados FM\",\"description\":\"Um site completo!\",\"publisher\":{\"@id\":\"https:\\\/\\\/afogadosfm.com.br\\\/afogadosfm\\\/#organization\"},\"potentialAction\":[{\"@type\":\"SearchAction\",\"target\":{\"@type\":\"EntryPoint\",\"urlTemplate\":\"https:\\\/\\\/afogadosfm.com.br\\\/afogadosfm\\\/?s={search_term_string}\"},\"query-input\":{\"@type\":\"PropertyValueSpecification\",\"valueRequired\":true,\"valueName\":\"search_term_string\"}}],\"inLanguage\":\"pt-BR\"},{\"@type\":\"Organization\",\"@id\":\"https:\\\/\\\/afogadosfm.com.br\\\/afogadosfm\\\/#organization\",\"name\":\"Afogados FM\",\"url\":\"https:\\\/\\\/afogadosfm.com.br\\\/afogadosfm\\\/\",\"logo\":{\"@type\":\"ImageObject\",\"inLanguage\":\"pt-BR\",\"@id\":\"https:\\\/\\\/afogadosfm.com.br\\\/afogadosfm\\\/#\\\/schema\\\/logo\\\/image\\\/\",\"url\":\"https:\\\/\\\/i0.wp.com\\\/afogadosfm.com.br\\\/afogadosfm\\\/wp-content\\\/uploads\\\/2020\\\/06\\\/cropped-banner-afogados-4.jpg?fit=369%2C137&ssl=1\",\"contentUrl\":\"https:\\\/\\\/i0.wp.com\\\/afogadosfm.com.br\\\/afogadosfm\\\/wp-content\\\/uploads\\\/2020\\\/06\\\/cropped-banner-afogados-4.jpg?fit=369%2C137&ssl=1\",\"width\":369,\"height\":137,\"caption\":\"Afogados FM\"},\"image\":{\"@id\":\"https:\\\/\\\/afogadosfm.com.br\\\/afogadosfm\\\/#\\\/schema\\\/logo\\\/image\\\/\"}},{\"@type\":\"Person\",\"@id\":\"https:\\\/\\\/afogadosfm.com.br\\\/afogadosfm\\\/#\\\/schema\\\/person\\\/60e56f2cf5dc960fc093fe093d9e9057\",\"name\":\"afogadosfm\",\"image\":{\"@type\":\"ImageObject\",\"inLanguage\":\"pt-BR\",\"@id\":\"https:\\\/\\\/secure.gravatar.com\\\/avatar\\\/e0359add7ed5dc3560906d861b52c6a8cf5c1e199d3a7dd85070998f49bd4701?s=96&d=mm&r=g\",\"url\":\"https:\\\/\\\/secure.gravatar.com\\\/avatar\\\/e0359add7ed5dc3560906d861b52c6a8cf5c1e199d3a7dd85070998f49bd4701?s=96&d=mm&r=g\",\"contentUrl\":\"https:\\\/\\\/secure.gravatar.com\\\/avatar\\\/e0359add7ed5dc3560906d861b52c6a8cf5c1e199d3a7dd85070998f49bd4701?s=96&d=mm&r=g\",\"caption\":\"afogadosfm\"},\"url\":\"https:\\\/\\\/afogadosfm.com.br\\\/afogadosfm\\\/author\\\/afogadosfm\\\/\"}]}<\/script>\n<!-- \/ Yoast SEO plugin. -->","yoast_head_json":{"title":"Apac emite alerta de chuvas para tr\u00eas regi\u00f5es nesta sexta (20) - Afogados FM","robots":{"index":"index","follow":"follow","max-snippet":"max-snippet:-1","max-image-preview":"max-image-preview:large","max-video-preview":"max-video-preview:-1"},"canonical":"https:\/\/afogadosfm.com.br\/afogadosfm\/2025\/06\/20\/apac-emite-alerta-de-chuvas-para-tres-regioes-nesta-sexta-20\/","og_locale":"pt_BR","og_type":"article","og_title":"Apac emite alerta de chuvas para tr\u00eas regi\u00f5es nesta sexta (20) - Afogados FM","og_description":"A Ag\u00eancia Pernambucana de \u00c1guas e Clima (Apac) emitiu, na quinta-feira (19), um novo alerta de chuvas para tr\u00eas regi\u00f5es","og_url":"https:\/\/afogadosfm.com.br\/afogadosfm\/2025\/06\/20\/apac-emite-alerta-de-chuvas-para-tres-regioes-nesta-sexta-20\/","og_site_name":"Afogados FM","article_published_time":"2025-06-20T10:44:18+00:00","article_modified_time":"2025-06-20T10:44:19+00:00","og_image":[{"width":269,"height":178,"url":"https:\/\/afogadosfm.com.br\/afogadosfm\/wp-content\/uploads\/2019\/02\/chuva.jpg","type":"image\/jpeg"}],"author":"afogadosfm","twitter_card":"summary_large_image","twitter_misc":{"Escrito por":"afogadosfm","Est. tempo de leitura":"2 minutos"},"schema":{"@context":"https:\/\/schema.org","@graph":[{"@type":"Article","@id":"https:\/\/afogadosfm.com.br\/afogadosfm\/2025\/06\/20\/apac-emite-alerta-de-chuvas-para-tres-regioes-nesta-sexta-20\/#article","isPartOf":{"@id":"https:\/\/afogadosfm.com.br\/afogadosfm\/2025\/06\/20\/apac-emite-alerta-de-chuvas-para-tres-regioes-nesta-sexta-20\/"},"author":{"name":"afogadosfm","@id":"https:\/\/afogadosfm.com.br\/afogadosfm\/#\/schema\/person\/60e56f2cf5dc960fc093fe093d9e9057"},"headline":"Apac emite alerta de chuvas para tr\u00eas regi\u00f5es nesta sexta (20)","datePublished":"2025-06-20T10:44:18+00:00","dateModified":"2025-06-20T10:44:19+00:00","mainEntityOfPage":{"@id":"https:\/\/afogadosfm.com.br\/afogadosfm\/2025\/06\/20\/apac-emite-alerta-de-chuvas-para-tres-regioes-nesta-sexta-20\/"},"wordCount":200,"commentCount":0,"publisher":{"@id":"https:\/\/afogadosfm.com.br\/afogadosfm\/#organization"},"image":{"@id":"https:\/\/afogadosfm.com.br\/afogadosfm\/2025\/06\/20\/apac-emite-alerta-de-chuvas-para-tres-regioes-nesta-sexta-20\/#primaryimage"},"thumbnailUrl":"https:\/\/i0.wp.com\/afogadosfm.com.br\/afogadosfm\/wp-content\/uploads\/2019\/02\/chuva.jpg?fit=269%2C178&ssl=1","articleSection":["Pernambuco"],"inLanguage":"pt-BR","potentialAction":[{"@type":"CommentAction","name":"Comment","target":["https:\/\/afogadosfm.com.br\/afogadosfm\/2025\/06\/20\/apac-emite-alerta-de-chuvas-para-tres-regioes-nesta-sexta-20\/#respond"]}]},{"@type":"WebPage","@id":"https:\/\/afogadosfm.com.br\/afogadosfm\/2025\/06\/20\/apac-emite-alerta-de-chuvas-para-tres-regioes-nesta-sexta-20\/","url":"https:\/\/afogadosfm.com.br\/afogadosfm\/2025\/06\/20\/apac-emite-alerta-de-chuvas-para-tres-regioes-nesta-sexta-20\/","name":"Apac emite alerta de chuvas para tr\u00eas regi\u00f5es nesta sexta (20) - Afogados FM","isPartOf":{"@id":"https:\/\/afogadosfm.com.br\/afogadosfm\/#website"},"primaryImageOfPage":{"@id":"https:\/\/afogadosfm.com.br\/afogadosfm\/2025\/06\/20\/apac-emite-alerta-de-chuvas-para-tres-regioes-nesta-sexta-20\/#primaryimage"},"image":{"@id":"https:\/\/afogadosfm.com.br\/afogadosfm\/2025\/06\/20\/apac-emite-alerta-de-chuvas-para-tres-regioes-nesta-sexta-20\/#primaryimage"},"thumbnailUrl":"https:\/\/i0.wp.com\/afogadosfm.com.br\/afogadosfm\/wp-content\/uploads\/2019\/02\/chuva.jpg?fit=269%2C178&ssl=1","datePublished":"2025-06-20T10:44:18+00:00","dateModified":"2025-06-20T10:44:19+00:00","breadcrumb":{"@id":"https:\/\/afogadosfm.com.br\/afogadosfm\/2025\/06\/20\/apac-emite-alerta-de-chuvas-para-tres-regioes-nesta-sexta-20\/#breadcrumb"},"inLanguage":"pt-BR","potentialAction":[{"@type":"ReadAction","target":["https:\/\/afogadosfm.com.br\/afogadosfm\/2025\/06\/20\/apac-emite-alerta-de-chuvas-para-tres-regioes-nesta-sexta-20\/"]}]},{"@type":"ImageObject","inLanguage":"pt-BR","@id":"https:\/\/afogadosfm.com.br\/afogadosfm\/2025\/06\/20\/apac-emite-alerta-de-chuvas-para-tres-regioes-nesta-sexta-20\/#primaryimage","url":"https:\/\/i0.wp.com\/afogadosfm.com.br\/afogadosfm\/wp-content\/uploads\/2019\/02\/chuva.jpg?fit=269%2C178&ssl=1","contentUrl":"https:\/\/i0.wp.com\/afogadosfm.com.br\/afogadosfm\/wp-content\/uploads\/2019\/02\/chuva.jpg?fit=269%2C178&ssl=1","width":269,"height":178},{"@type":"BreadcrumbList","@id":"https:\/\/afogadosfm.com.br\/afogadosfm\/2025\/06\/20\/apac-emite-alerta-de-chuvas-para-tres-regioes-nesta-sexta-20\/#breadcrumb","itemListElement":[{"@type":"ListItem","position":1,"name":"In\u00edcio","item":"https:\/\/afogadosfm.com.br\/afogadosfm\/"},{"@type":"ListItem","position":2,"name":"Apac emite alerta de chuvas para tr\u00eas regi\u00f5es nesta sexta (20)"}]},{"@type":"WebSite","@id":"https:\/\/afogadosfm.com.br\/afogadosfm\/#website","url":"https:\/\/afogadosfm.com.br\/afogadosfm\/","name":"Afogados FM","description":"Um site completo!","publisher":{"@id":"https:\/\/afogadosfm.com.br\/afogadosfm\/#organization"},"potentialAction":[{"@type":"SearchAction","target":{"@type":"EntryPoint","urlTemplate":"https:\/\/afogadosfm.com.br\/afogadosfm\/?s={search_term_string}"},"query-input":{"@type":"PropertyValueSpecification","valueRequired":true,"valueName":"search_term_string"}}],"inLanguage":"pt-BR"},{"@type":"Organization","@id":"https:\/\/afogadosfm.com.br\/afogadosfm\/#organization","name":"Afogados FM","url":"https:\/\/afogadosfm.com.br\/afogadosfm\/","logo":{"@type":"ImageObject","inLanguage":"pt-BR","@id":"https:\/\/afogadosfm.com.br\/afogadosfm\/#\/schema\/logo\/image\/","url":"https:\/\/i0.wp.com\/afogadosfm.com.br\/afogadosfm\/wp-content\/uploads\/2020\/06\/cropped-banner-afogados-4.jpg?fit=369%2C137&ssl=1","contentUrl":"https:\/\/i0.wp.com\/afogadosfm.com.br\/afogadosfm\/wp-content\/uploads\/2020\/06\/cropped-banner-afogados-4.jpg?fit=369%2C137&ssl=1","width":369,"height":137,"caption":"Afogados FM"},"image":{"@id":"https:\/\/afogadosfm.com.br\/afogadosfm\/#\/schema\/logo\/image\/"}},{"@type":"Person","@id":"https:\/\/afogadosfm.com.br\/afogadosfm\/#\/schema\/person\/60e56f2cf5dc960fc093fe093d9e9057","name":"afogadosfm","image":{"@type":"ImageObject","inLanguage":"pt-BR","@id":"https:\/\/secure.gravatar.com\/avatar\/e0359add7ed5dc3560906d861b52c6a8cf5c1e199d3a7dd85070998f49bd4701?s=96&d=mm&r=g","url":"https:\/\/secure.gravatar.com\/avatar\/e0359add7ed5dc3560906d861b52c6a8cf5c1e199d3a7dd85070998f49bd4701?s=96&d=mm&r=g","contentUrl":"https:\/\/secure.gravatar.com\/avatar\/e0359add7ed5dc3560906d861b52c6a8cf5c1e199d3a7dd85070998f49bd4701?s=96&d=mm&r=g","caption":"afogadosfm"},"url":"https:\/\/afogadosfm.com.br\/afogadosfm\/author\/afogadosfm\/"}]}},"jetpack_publicize_connections":[],"jetpack_featured_media_url":"https:\/\/i0.wp.com\/afogadosfm.com.br\/afogadosfm\/wp-content\/uploads\/2019\/02\/chuva.jpg?fit=269%2C178&ssl=1","jetpack-related-posts":[],"jetpack_sharing_enabled":true,"jetpack_likes_enabled":true,"_links":{"self":[{"href":"https:\/\/afogadosfm.com.br\/afogadosfm\/wp-json\/wp\/v2\/posts\/66807","targetHints":{"allow":["GET"]}}],"collection":[{"href":"https:\/\/afogadosfm.com.br\/afogadosfm\/wp-json\/wp\/v2\/posts"}],"about":[{"href":"https:\/\/afogadosfm.com.br\/afogadosfm\/wp-json\/wp\/v2\/types\/post"}],"author":[{"embeddable":true,"href":"https:\/\/afogadosfm.com.br\/afogadosfm\/wp-json\/wp\/v2\/users\/2"}],"replies":[{"embeddable":true,"href":"https:\/\/afogadosfm.com.br\/afogadosfm\/wp-json\/wp\/v2\/comments?post=66807"}],"version-history":[{"count":1,"href":"https:\/\/afogadosfm.com.br\/afogadosfm\/wp-json\/wp\/v2\/posts\/66807\/revisions"}],"predecessor-version":[{"id":66808,"href":"https:\/\/afogadosfm.com.br\/afogadosfm\/wp-json\/wp\/v2\/posts\/66807\/revisions\/66808"}],"wp:featuredmedia":[{"embeddable":true,"href":"https:\/\/afogadosfm.com.br\/afogadosfm\/wp-json\/wp\/v2\/media\/8877"}],"wp:attachment":[{"href":"https:\/\/afogadosfm.com.br\/afogadosfm\/wp-json\/wp\/v2\/media?parent=66807"}],"wp:term":[{"taxonomy":"category","embeddable":true,"href":"https:\/\/afogadosfm.com.br\/afogadosfm\/wp-json\/wp\/v2\/categories?post=66807"},{"taxonomy":"post_tag","embeddable":true,"href":"https:\/\/afogadosfm.com.br\/afogadosfm\/wp-json\/wp\/v2\/tags?post=66807"}],"curies":[{"name":"wp","href":"https:\/\/api.w.org\/{rel}","templated":true}]}}