{"id":66837,"date":"2025-06-22T07:28:33","date_gmt":"2025-06-22T10:28:33","guid":{"rendered":"https:\/\/afogadosfm.com.br\/afogadosfm\/?p=66837"},"modified":"2025-06-22T07:28:35","modified_gmt":"2025-06-22T10:28:35","slug":"trump-nao-descarta-novas-ofensivas-contra-o-ira-apos-os-eua-atacar-instalacoes-nucleares-no-pais","status":"publish","type":"post","link":"https:\/\/afogadosfm.com.br\/afogadosfm\/2025\/06\/22\/trump-nao-descarta-novas-ofensivas-contra-o-ira-apos-os-eua-atacar-instalacoes-nucleares-no-pais\/","title":{"rendered":"Trump n\u00e3o descarta novas ofensivas contra o Ir\u00e3 ap\u00f3s os EUA atacar instala\u00e7\u00f5es nucleares no pa\u00eds"},"content":{"rendered":"\n<p>O presidente dos Estados Unidos, Donald Trump, afirmou, em pronunciamento neste s\u00e1bado (21), que \u201cou haver\u00e1 paz ou haver\u00e1 trag\u00e9dia para Ir\u00e3\u201d, ap\u00f3s ataques \u00e0s principais instala\u00e7\u00f5es nucleares do pa\u00eds. \u201cOs Estados Unidos fizeram um ataque de alta precis\u00e3o contra as tr\u00eas principais instala\u00e7\u00f5es nucleares do Ir\u00e3: Fordow, Natanz e Isfahan. Todos guardem esses nomes, porque foi um ataque com o objetivo de destruir a capacidade nuclear iraniana. Para que deixem de ser uma amea\u00e7a nuclear e do terror (&#8230;) Ou haver\u00e1 paz ou haver\u00e1 trag\u00e9dia para o Ir\u00e3. Que cessem os ataques que vimos nos \u00faltimos oito dias. Hoje foi o dia mais dif\u00edcil de todos, e talvez o mais letal. Mas se a paz n\u00e3o vier r\u00e1pido, n\u00f3s vamos continuar atacando com precis\u00e3o e habilidade\u201d, declarou Donald Trump.<\/p>\n\n\n\n<p>O presidente dos Estados Unidos disse que os ataques foram um grande sucesso, parabenizando o primeiro-ministro de Israel, Benjamin Netanyahu, e ainda os militares americanos e israelenses. Na ocasi\u00e3o, Trump refor\u00e7ou que \u201cnenhuma outra for\u00e7a militar tem a capacidade de fazer o que os Estados Unidos fizeram\u201d. A entrada dos Estados Unidos na guerra se d\u00e1 ap\u00f3s uma semana de combates a\u00e9reos entre Israel e Ir\u00e3.<\/p>\n\n\n\n<p>Do G1<\/p>\n","protected":false},"excerpt":{"rendered":"<p>O presidente dos Estados Unidos, Donald Trump, afirmou, em pronunciamento neste s\u00e1bado (21), que \u201cou haver\u00e1 paz ou haver\u00e1 trag\u00e9dia<\/p>\n","protected":false},"author":2,"featured_media":11255,"comment_status":"open","ping_status":"open","sticky":false,"template":"","format":"standard","meta":{"jetpack_post_was_ever_published":false,"_jetpack_newsletter_access":"","_jetpack_dont_email_post_to_subs":false,"_jetpack_newsletter_tier_id":0,"_jetpack_memberships_contains_paywalled_content":false,"_jetpack_memberships_contains_paid_content":false,"footnotes":"","jetpack_publicize_message":"","jetpack_publicize_feature_enabled":true,"jetpack_social_post_already_shared":true,"jetpack_social_options":{"image_generator_settings":{"template":"highway","default_image_id":0,"font":"","enabled":false},"version":2}},"categories":[42],"tags":[],"class_list":["post-66837","post","type-post","status-publish","format-standard","has-post-thumbnail","hentry","category-mundo"],"yoast_head":"<!-- This site is optimized with the Yoast SEO plugin v27.5 - https:\/\/yoast.com\/product\/yoast-seo-wordpress\/ -->\n<title>Trump n\u00e3o descarta novas ofensivas contra o Ir\u00e3 ap\u00f3s os EUA atacar instala\u00e7\u00f5es nucleares no pa\u00eds - Afogados FM<\/title>\n<meta name=\"robots\" content=\"index, follow, max-snippet:-1, max-image-preview:large, max-video-preview:-1\" \/>\n<link rel=\"canonical\" href=\"https:\/\/afogadosfm.com.br\/afogadosfm\/2025\/06\/22\/trump-nao-descarta-novas-ofensivas-contra-o-ira-apos-os-eua-atacar-instalacoes-nucleares-no-pais\/\" \/>\n<meta property=\"og:locale\" content=\"pt_BR\" \/>\n<meta property=\"og:type\" content=\"article\" \/>\n<meta property=\"og:title\" content=\"Trump n\u00e3o descarta novas ofensivas contra o Ir\u00e3 ap\u00f3s os EUA atacar instala\u00e7\u00f5es nucleares no pa\u00eds - Afogados FM\" \/>\n<meta property=\"og:description\" content=\"O presidente dos Estados Unidos, Donald Trump, afirmou, em pronunciamento neste s\u00e1bado (21), que \u201cou haver\u00e1 paz ou haver\u00e1 trag\u00e9dia\" \/>\n<meta property=\"og:url\" content=\"https:\/\/afogadosfm.com.br\/afogadosfm\/2025\/06\/22\/trump-nao-descarta-novas-ofensivas-contra-o-ira-apos-os-eua-atacar-instalacoes-nucleares-no-pais\/\" \/>\n<meta property=\"og:site_name\" content=\"Afogados FM\" \/>\n<meta property=\"article:published_time\" content=\"2025-06-22T10:28:33+00:00\" \/>\n<meta property=\"article:modified_time\" content=\"2025-06-22T10:28:35+00:00\" \/>\n<meta property=\"og:image\" content=\"https:\/\/afogadosfm.com.br\/afogadosfm\/wp-content\/uploads\/2019\/07\/trump.jpg\" \/>\n\t<meta property=\"og:image:width\" content=\"1140\" \/>\n\t<meta property=\"og:image:height\" content=\"760\" \/>\n\t<meta property=\"og:image:type\" content=\"image\/jpeg\" \/>\n<meta name=\"author\" content=\"afogadosfm\" \/>\n<meta name=\"twitter:card\" content=\"summary_large_image\" \/>\n<meta name=\"twitter:label1\" content=\"Escrito por\" \/>\n\t<meta name=\"twitter:data1\" content=\"afogadosfm\" \/>\n\t<meta name=\"twitter:label2\" content=\"Est. tempo de leitura\" \/>\n\t<meta name=\"twitter:data2\" content=\"2 minutos\" \/>\n<script type=\"application\/ld+json\" class=\"yoast-schema-graph\">{\"@context\":\"https:\\\/\\\/schema.org\",\"@graph\":[{\"@type\":\"Article\",\"@id\":\"https:\\\/\\\/afogadosfm.com.br\\\/afogadosfm\\\/2025\\\/06\\\/22\\\/trump-nao-descarta-novas-ofensivas-contra-o-ira-apos-os-eua-atacar-instalacoes-nucleares-no-pais\\\/#article\",\"isPartOf\":{\"@id\":\"https:\\\/\\\/afogadosfm.com.br\\\/afogadosfm\\\/2025\\\/06\\\/22\\\/trump-nao-descarta-novas-ofensivas-contra-o-ira-apos-os-eua-atacar-instalacoes-nucleares-no-pais\\\/\"},\"author\":{\"name\":\"afogadosfm\",\"@id\":\"https:\\\/\\\/afogadosfm.com.br\\\/afogadosfm\\\/#\\\/schema\\\/person\\\/60e56f2cf5dc960fc093fe093d9e9057\"},\"headline\":\"Trump n\u00e3o descarta novas ofensivas contra o Ir\u00e3 ap\u00f3s os EUA atacar instala\u00e7\u00f5es nucleares no pa\u00eds\",\"datePublished\":\"2025-06-22T10:28:33+00:00\",\"dateModified\":\"2025-06-22T10:28:35+00:00\",\"mainEntityOfPage\":{\"@id\":\"https:\\\/\\\/afogadosfm.com.br\\\/afogadosfm\\\/2025\\\/06\\\/22\\\/trump-nao-descarta-novas-ofensivas-contra-o-ira-apos-os-eua-atacar-instalacoes-nucleares-no-pais\\\/\"},\"wordCount\":236,\"commentCount\":0,\"publisher\":{\"@id\":\"https:\\\/\\\/afogadosfm.com.br\\\/afogadosfm\\\/#organization\"},\"image\":{\"@id\":\"https:\\\/\\\/afogadosfm.com.br\\\/afogadosfm\\\/2025\\\/06\\\/22\\\/trump-nao-descarta-novas-ofensivas-contra-o-ira-apos-os-eua-atacar-instalacoes-nucleares-no-pais\\\/#primaryimage\"},\"thumbnailUrl\":\"https:\\\/\\\/i0.wp.com\\\/afogadosfm.com.br\\\/afogadosfm\\\/wp-content\\\/uploads\\\/2019\\\/07\\\/trump.jpg?fit=1140%2C760&ssl=1\",\"articleSection\":[\"Mundo\"],\"inLanguage\":\"pt-BR\",\"potentialAction\":[{\"@type\":\"CommentAction\",\"name\":\"Comment\",\"target\":[\"https:\\\/\\\/afogadosfm.com.br\\\/afogadosfm\\\/2025\\\/06\\\/22\\\/trump-nao-descarta-novas-ofensivas-contra-o-ira-apos-os-eua-atacar-instalacoes-nucleares-no-pais\\\/#respond\"]}]},{\"@type\":\"WebPage\",\"@id\":\"https:\\\/\\\/afogadosfm.com.br\\\/afogadosfm\\\/2025\\\/06\\\/22\\\/trump-nao-descarta-novas-ofensivas-contra-o-ira-apos-os-eua-atacar-instalacoes-nucleares-no-pais\\\/\",\"url\":\"https:\\\/\\\/afogadosfm.com.br\\\/afogadosfm\\\/2025\\\/06\\\/22\\\/trump-nao-descarta-novas-ofensivas-contra-o-ira-apos-os-eua-atacar-instalacoes-nucleares-no-pais\\\/\",\"name\":\"Trump n\u00e3o descarta novas ofensivas contra o Ir\u00e3 ap\u00f3s os EUA atacar instala\u00e7\u00f5es nucleares no pa\u00eds - Afogados FM\",\"isPartOf\":{\"@id\":\"https:\\\/\\\/afogadosfm.com.br\\\/afogadosfm\\\/#website\"},\"primaryImageOfPage\":{\"@id\":\"https:\\\/\\\/afogadosfm.com.br\\\/afogadosfm\\\/2025\\\/06\\\/22\\\/trump-nao-descarta-novas-ofensivas-contra-o-ira-apos-os-eua-atacar-instalacoes-nucleares-no-pais\\\/#primaryimage\"},\"image\":{\"@id\":\"https:\\\/\\\/afogadosfm.com.br\\\/afogadosfm\\\/2025\\\/06\\\/22\\\/trump-nao-descarta-novas-ofensivas-contra-o-ira-apos-os-eua-atacar-instalacoes-nucleares-no-pais\\\/#primaryimage\"},\"thumbnailUrl\":\"https:\\\/\\\/i0.wp.com\\\/afogadosfm.com.br\\\/afogadosfm\\\/wp-content\\\/uploads\\\/2019\\\/07\\\/trump.jpg?fit=1140%2C760&ssl=1\",\"datePublished\":\"2025-06-22T10:28:33+00:00\",\"dateModified\":\"2025-06-22T10:28:35+00:00\",\"breadcrumb\":{\"@id\":\"https:\\\/\\\/afogadosfm.com.br\\\/afogadosfm\\\/2025\\\/06\\\/22\\\/trump-nao-descarta-novas-ofensivas-contra-o-ira-apos-os-eua-atacar-instalacoes-nucleares-no-pais\\\/#breadcrumb\"},\"inLanguage\":\"pt-BR\",\"potentialAction\":[{\"@type\":\"ReadAction\",\"target\":[\"https:\\\/\\\/afogadosfm.com.br\\\/afogadosfm\\\/2025\\\/06\\\/22\\\/trump-nao-descarta-novas-ofensivas-contra-o-ira-apos-os-eua-atacar-instalacoes-nucleares-no-pais\\\/\"]}]},{\"@type\":\"ImageObject\",\"inLanguage\":\"pt-BR\",\"@id\":\"https:\\\/\\\/afogadosfm.com.br\\\/afogadosfm\\\/2025\\\/06\\\/22\\\/trump-nao-descarta-novas-ofensivas-contra-o-ira-apos-os-eua-atacar-instalacoes-nucleares-no-pais\\\/#primaryimage\",\"url\":\"https:\\\/\\\/i0.wp.com\\\/afogadosfm.com.br\\\/afogadosfm\\\/wp-content\\\/uploads\\\/2019\\\/07\\\/trump.jpg?fit=1140%2C760&ssl=1\",\"contentUrl\":\"https:\\\/\\\/i0.wp.com\\\/afogadosfm.com.br\\\/afogadosfm\\\/wp-content\\\/uploads\\\/2019\\\/07\\\/trump.jpg?fit=1140%2C760&ssl=1\",\"width\":1140,\"height\":760,\"caption\":\"O presidente dos EUA, Donald Trump, se re\u00fane com o presidente do Brasil, Jair Bolsonaro, no Sal\u00e3o Oval da Casa Branca, em Washington (EUA).\"},{\"@type\":\"BreadcrumbList\",\"@id\":\"https:\\\/\\\/afogadosfm.com.br\\\/afogadosfm\\\/2025\\\/06\\\/22\\\/trump-nao-descarta-novas-ofensivas-contra-o-ira-apos-os-eua-atacar-instalacoes-nucleares-no-pais\\\/#breadcrumb\",\"itemListElement\":[{\"@type\":\"ListItem\",\"position\":1,\"name\":\"In\u00edcio\",\"item\":\"https:\\\/\\\/afogadosfm.com.br\\\/afogadosfm\\\/\"},{\"@type\":\"ListItem\",\"position\":2,\"name\":\"Trump n\u00e3o descarta novas ofensivas contra o Ir\u00e3 ap\u00f3s os EUA atacar instala\u00e7\u00f5es nucleares no pa\u00eds\"}]},{\"@type\":\"WebSite\",\"@id\":\"https:\\\/\\\/afogadosfm.com.br\\\/afogadosfm\\\/#website\",\"url\":\"https:\\\/\\\/afogadosfm.com.br\\\/afogadosfm\\\/\",\"name\":\"Afogados FM\",\"description\":\"Um site completo!\",\"publisher\":{\"@id\":\"https:\\\/\\\/afogadosfm.com.br\\\/afogadosfm\\\/#organization\"},\"potentialAction\":[{\"@type\":\"SearchAction\",\"target\":{\"@type\":\"EntryPoint\",\"urlTemplate\":\"https:\\\/\\\/afogadosfm.com.br\\\/afogadosfm\\\/?s={search_term_string}\"},\"query-input\":{\"@type\":\"PropertyValueSpecification\",\"valueRequired\":true,\"valueName\":\"search_term_string\"}}],\"inLanguage\":\"pt-BR\"},{\"@type\":\"Organization\",\"@id\":\"https:\\\/\\\/afogadosfm.com.br\\\/afogadosfm\\\/#organization\",\"name\":\"Afogados FM\",\"url\":\"https:\\\/\\\/afogadosfm.com.br\\\/afogadosfm\\\/\",\"logo\":{\"@type\":\"ImageObject\",\"inLanguage\":\"pt-BR\",\"@id\":\"https:\\\/\\\/afogadosfm.com.br\\\/afogadosfm\\\/#\\\/schema\\\/logo\\\/image\\\/\",\"url\":\"https:\\\/\\\/i0.wp.com\\\/afogadosfm.com.br\\\/afogadosfm\\\/wp-content\\\/uploads\\\/2020\\\/06\\\/cropped-banner-afogados-4.jpg?fit=369%2C137&ssl=1\",\"contentUrl\":\"https:\\\/\\\/i0.wp.com\\\/afogadosfm.com.br\\\/afogadosfm\\\/wp-content\\\/uploads\\\/2020\\\/06\\\/cropped-banner-afogados-4.jpg?fit=369%2C137&ssl=1\",\"width\":369,\"height\":137,\"caption\":\"Afogados FM\"},\"image\":{\"@id\":\"https:\\\/\\\/afogadosfm.com.br\\\/afogadosfm\\\/#\\\/schema\\\/logo\\\/image\\\/\"}},{\"@type\":\"Person\",\"@id\":\"https:\\\/\\\/afogadosfm.com.br\\\/afogadosfm\\\/#\\\/schema\\\/person\\\/60e56f2cf5dc960fc093fe093d9e9057\",\"name\":\"afogadosfm\",\"image\":{\"@type\":\"ImageObject\",\"inLanguage\":\"pt-BR\",\"@id\":\"https:\\\/\\\/secure.gravatar.com\\\/avatar\\\/e0359add7ed5dc3560906d861b52c6a8cf5c1e199d3a7dd85070998f49bd4701?s=96&d=mm&r=g\",\"url\":\"https:\\\/\\\/secure.gravatar.com\\\/avatar\\\/e0359add7ed5dc3560906d861b52c6a8cf5c1e199d3a7dd85070998f49bd4701?s=96&d=mm&r=g\",\"contentUrl\":\"https:\\\/\\\/secure.gravatar.com\\\/avatar\\\/e0359add7ed5dc3560906d861b52c6a8cf5c1e199d3a7dd85070998f49bd4701?s=96&d=mm&r=g\",\"caption\":\"afogadosfm\"},\"url\":\"https:\\\/\\\/afogadosfm.com.br\\\/afogadosfm\\\/author\\\/afogadosfm\\\/\"}]}<\/script>\n<!-- \/ Yoast SEO plugin. -->","yoast_head_json":{"title":"Trump n\u00e3o descarta novas ofensivas contra o Ir\u00e3 ap\u00f3s os EUA atacar instala\u00e7\u00f5es nucleares no pa\u00eds - Afogados FM","robots":{"index":"index","follow":"follow","max-snippet":"max-snippet:-1","max-image-preview":"max-image-preview:large","max-video-preview":"max-video-preview:-1"},"canonical":"https:\/\/afogadosfm.com.br\/afogadosfm\/2025\/06\/22\/trump-nao-descarta-novas-ofensivas-contra-o-ira-apos-os-eua-atacar-instalacoes-nucleares-no-pais\/","og_locale":"pt_BR","og_type":"article","og_title":"Trump n\u00e3o descarta novas ofensivas contra o Ir\u00e3 ap\u00f3s os EUA atacar instala\u00e7\u00f5es nucleares no pa\u00eds - Afogados FM","og_description":"O presidente dos Estados Unidos, Donald Trump, afirmou, em pronunciamento neste s\u00e1bado (21), que \u201cou haver\u00e1 paz ou haver\u00e1 trag\u00e9dia","og_url":"https:\/\/afogadosfm.com.br\/afogadosfm\/2025\/06\/22\/trump-nao-descarta-novas-ofensivas-contra-o-ira-apos-os-eua-atacar-instalacoes-nucleares-no-pais\/","og_site_name":"Afogados FM","article_published_time":"2025-06-22T10:28:33+00:00","article_modified_time":"2025-06-22T10:28:35+00:00","og_image":[{"width":1140,"height":760,"url":"https:\/\/afogadosfm.com.br\/afogadosfm\/wp-content\/uploads\/2019\/07\/trump.jpg","type":"image\/jpeg"}],"author":"afogadosfm","twitter_card":"summary_large_image","twitter_misc":{"Escrito por":"afogadosfm","Est. tempo de leitura":"2 minutos"},"schema":{"@context":"https:\/\/schema.org","@graph":[{"@type":"Article","@id":"https:\/\/afogadosfm.com.br\/afogadosfm\/2025\/06\/22\/trump-nao-descarta-novas-ofensivas-contra-o-ira-apos-os-eua-atacar-instalacoes-nucleares-no-pais\/#article","isPartOf":{"@id":"https:\/\/afogadosfm.com.br\/afogadosfm\/2025\/06\/22\/trump-nao-descarta-novas-ofensivas-contra-o-ira-apos-os-eua-atacar-instalacoes-nucleares-no-pais\/"},"author":{"name":"afogadosfm","@id":"https:\/\/afogadosfm.com.br\/afogadosfm\/#\/schema\/person\/60e56f2cf5dc960fc093fe093d9e9057"},"headline":"Trump n\u00e3o descarta novas ofensivas contra o Ir\u00e3 ap\u00f3s os EUA atacar instala\u00e7\u00f5es nucleares no pa\u00eds","datePublished":"2025-06-22T10:28:33+00:00","dateModified":"2025-06-22T10:28:35+00:00","mainEntityOfPage":{"@id":"https:\/\/afogadosfm.com.br\/afogadosfm\/2025\/06\/22\/trump-nao-descarta-novas-ofensivas-contra-o-ira-apos-os-eua-atacar-instalacoes-nucleares-no-pais\/"},"wordCount":236,"commentCount":0,"publisher":{"@id":"https:\/\/afogadosfm.com.br\/afogadosfm\/#organization"},"image":{"@id":"https:\/\/afogadosfm.com.br\/afogadosfm\/2025\/06\/22\/trump-nao-descarta-novas-ofensivas-contra-o-ira-apos-os-eua-atacar-instalacoes-nucleares-no-pais\/#primaryimage"},"thumbnailUrl":"https:\/\/i0.wp.com\/afogadosfm.com.br\/afogadosfm\/wp-content\/uploads\/2019\/07\/trump.jpg?fit=1140%2C760&ssl=1","articleSection":["Mundo"],"inLanguage":"pt-BR","potentialAction":[{"@type":"CommentAction","name":"Comment","target":["https:\/\/afogadosfm.com.br\/afogadosfm\/2025\/06\/22\/trump-nao-descarta-novas-ofensivas-contra-o-ira-apos-os-eua-atacar-instalacoes-nucleares-no-pais\/#respond"]}]},{"@type":"WebPage","@id":"https:\/\/afogadosfm.com.br\/afogadosfm\/2025\/06\/22\/trump-nao-descarta-novas-ofensivas-contra-o-ira-apos-os-eua-atacar-instalacoes-nucleares-no-pais\/","url":"https:\/\/afogadosfm.com.br\/afogadosfm\/2025\/06\/22\/trump-nao-descarta-novas-ofensivas-contra-o-ira-apos-os-eua-atacar-instalacoes-nucleares-no-pais\/","name":"Trump n\u00e3o descarta novas ofensivas contra o Ir\u00e3 ap\u00f3s os EUA atacar instala\u00e7\u00f5es nucleares no pa\u00eds - Afogados FM","isPartOf":{"@id":"https:\/\/afogadosfm.com.br\/afogadosfm\/#website"},"primaryImageOfPage":{"@id":"https:\/\/afogadosfm.com.br\/afogadosfm\/2025\/06\/22\/trump-nao-descarta-novas-ofensivas-contra-o-ira-apos-os-eua-atacar-instalacoes-nucleares-no-pais\/#primaryimage"},"image":{"@id":"https:\/\/afogadosfm.com.br\/afogadosfm\/2025\/06\/22\/trump-nao-descarta-novas-ofensivas-contra-o-ira-apos-os-eua-atacar-instalacoes-nucleares-no-pais\/#primaryimage"},"thumbnailUrl":"https:\/\/i0.wp.com\/afogadosfm.com.br\/afogadosfm\/wp-content\/uploads\/2019\/07\/trump.jpg?fit=1140%2C760&ssl=1","datePublished":"2025-06-22T10:28:33+00:00","dateModified":"2025-06-22T10:28:35+00:00","breadcrumb":{"@id":"https:\/\/afogadosfm.com.br\/afogadosfm\/2025\/06\/22\/trump-nao-descarta-novas-ofensivas-contra-o-ira-apos-os-eua-atacar-instalacoes-nucleares-no-pais\/#breadcrumb"},"inLanguage":"pt-BR","potentialAction":[{"@type":"ReadAction","target":["https:\/\/afogadosfm.com.br\/afogadosfm\/2025\/06\/22\/trump-nao-descarta-novas-ofensivas-contra-o-ira-apos-os-eua-atacar-instalacoes-nucleares-no-pais\/"]}]},{"@type":"ImageObject","inLanguage":"pt-BR","@id":"https:\/\/afogadosfm.com.br\/afogadosfm\/2025\/06\/22\/trump-nao-descarta-novas-ofensivas-contra-o-ira-apos-os-eua-atacar-instalacoes-nucleares-no-pais\/#primaryimage","url":"https:\/\/i0.wp.com\/afogadosfm.com.br\/afogadosfm\/wp-content\/uploads\/2019\/07\/trump.jpg?fit=1140%2C760&ssl=1","contentUrl":"https:\/\/i0.wp.com\/afogadosfm.com.br\/afogadosfm\/wp-content\/uploads\/2019\/07\/trump.jpg?fit=1140%2C760&ssl=1","width":1140,"height":760,"caption":"O presidente dos EUA, Donald Trump, se re\u00fane com o presidente do Brasil, Jair Bolsonaro, no Sal\u00e3o Oval da Casa Branca, em Washington (EUA)."},{"@type":"BreadcrumbList","@id":"https:\/\/afogadosfm.com.br\/afogadosfm\/2025\/06\/22\/trump-nao-descarta-novas-ofensivas-contra-o-ira-apos-os-eua-atacar-instalacoes-nucleares-no-pais\/#breadcrumb","itemListElement":[{"@type":"ListItem","position":1,"name":"In\u00edcio","item":"https:\/\/afogadosfm.com.br\/afogadosfm\/"},{"@type":"ListItem","position":2,"name":"Trump n\u00e3o descarta novas ofensivas contra o Ir\u00e3 ap\u00f3s os EUA atacar instala\u00e7\u00f5es nucleares no pa\u00eds"}]},{"@type":"WebSite","@id":"https:\/\/afogadosfm.com.br\/afogadosfm\/#website","url":"https:\/\/afogadosfm.com.br\/afogadosfm\/","name":"Afogados FM","description":"Um site completo!","publisher":{"@id":"https:\/\/afogadosfm.com.br\/afogadosfm\/#organization"},"potentialAction":[{"@type":"SearchAction","target":{"@type":"EntryPoint","urlTemplate":"https:\/\/afogadosfm.com.br\/afogadosfm\/?s={search_term_string}"},"query-input":{"@type":"PropertyValueSpecification","valueRequired":true,"valueName":"search_term_string"}}],"inLanguage":"pt-BR"},{"@type":"Organization","@id":"https:\/\/afogadosfm.com.br\/afogadosfm\/#organization","name":"Afogados FM","url":"https:\/\/afogadosfm.com.br\/afogadosfm\/","logo":{"@type":"ImageObject","inLanguage":"pt-BR","@id":"https:\/\/afogadosfm.com.br\/afogadosfm\/#\/schema\/logo\/image\/","url":"https:\/\/i0.wp.com\/afogadosfm.com.br\/afogadosfm\/wp-content\/uploads\/2020\/06\/cropped-banner-afogados-4.jpg?fit=369%2C137&ssl=1","contentUrl":"https:\/\/i0.wp.com\/afogadosfm.com.br\/afogadosfm\/wp-content\/uploads\/2020\/06\/cropped-banner-afogados-4.jpg?fit=369%2C137&ssl=1","width":369,"height":137,"caption":"Afogados FM"},"image":{"@id":"https:\/\/afogadosfm.com.br\/afogadosfm\/#\/schema\/logo\/image\/"}},{"@type":"Person","@id":"https:\/\/afogadosfm.com.br\/afogadosfm\/#\/schema\/person\/60e56f2cf5dc960fc093fe093d9e9057","name":"afogadosfm","image":{"@type":"ImageObject","inLanguage":"pt-BR","@id":"https:\/\/secure.gravatar.com\/avatar\/e0359add7ed5dc3560906d861b52c6a8cf5c1e199d3a7dd85070998f49bd4701?s=96&d=mm&r=g","url":"https:\/\/secure.gravatar.com\/avatar\/e0359add7ed5dc3560906d861b52c6a8cf5c1e199d3a7dd85070998f49bd4701?s=96&d=mm&r=g","contentUrl":"https:\/\/secure.gravatar.com\/avatar\/e0359add7ed5dc3560906d861b52c6a8cf5c1e199d3a7dd85070998f49bd4701?s=96&d=mm&r=g","caption":"afogadosfm"},"url":"https:\/\/afogadosfm.com.br\/afogadosfm\/author\/afogadosfm\/"}]}},"jetpack_publicize_connections":[],"jetpack_featured_media_url":"https:\/\/i0.wp.com\/afogadosfm.com.br\/afogadosfm\/wp-content\/uploads\/2019\/07\/trump.jpg?fit=1140%2C760&ssl=1","jetpack-related-posts":[],"jetpack_sharing_enabled":true,"jetpack_likes_enabled":true,"_links":{"self":[{"href":"https:\/\/afogadosfm.com.br\/afogadosfm\/wp-json\/wp\/v2\/posts\/66837","targetHints":{"allow":["GET"]}}],"collection":[{"href":"https:\/\/afogadosfm.com.br\/afogadosfm\/wp-json\/wp\/v2\/posts"}],"about":[{"href":"https:\/\/afogadosfm.com.br\/afogadosfm\/wp-json\/wp\/v2\/types\/post"}],"author":[{"embeddable":true,"href":"https:\/\/afogadosfm.com.br\/afogadosfm\/wp-json\/wp\/v2\/users\/2"}],"replies":[{"embeddable":true,"href":"https:\/\/afogadosfm.com.br\/afogadosfm\/wp-json\/wp\/v2\/comments?post=66837"}],"version-history":[{"count":1,"href":"https:\/\/afogadosfm.com.br\/afogadosfm\/wp-json\/wp\/v2\/posts\/66837\/revisions"}],"predecessor-version":[{"id":66838,"href":"https:\/\/afogadosfm.com.br\/afogadosfm\/wp-json\/wp\/v2\/posts\/66837\/revisions\/66838"}],"wp:featuredmedia":[{"embeddable":true,"href":"https:\/\/afogadosfm.com.br\/afogadosfm\/wp-json\/wp\/v2\/media\/11255"}],"wp:attachment":[{"href":"https:\/\/afogadosfm.com.br\/afogadosfm\/wp-json\/wp\/v2\/media?parent=66837"}],"wp:term":[{"taxonomy":"category","embeddable":true,"href":"https:\/\/afogadosfm.com.br\/afogadosfm\/wp-json\/wp\/v2\/categories?post=66837"},{"taxonomy":"post_tag","embeddable":true,"href":"https:\/\/afogadosfm.com.br\/afogadosfm\/wp-json\/wp\/v2\/tags?post=66837"}],"curies":[{"name":"wp","href":"https:\/\/api.w.org\/{rel}","templated":true}]}}