{"id":66863,"date":"2025-06-23T10:03:54","date_gmt":"2025-06-23T13:03:54","guid":{"rendered":"https:\/\/afogadosfm.com.br\/afogadosfm\/?p=66863"},"modified":"2025-06-23T10:03:55","modified_gmt":"2025-06-23T13:03:55","slug":"afogados-arraial-do-meu-bairro-se-consolida-como-espaco-da-melhor-tradicao-junina","status":"publish","type":"post","link":"https:\/\/afogadosfm.com.br\/afogadosfm\/2025\/06\/23\/afogados-arraial-do-meu-bairro-se-consolida-como-espaco-da-melhor-tradicao-junina\/","title":{"rendered":"Afogados: Arraial do meu bairro se consolida como espa\u00e7o da melhor tradi\u00e7\u00e3o junina"},"content":{"rendered":"\n<p>O projeto \u201cArraial do meu Bairro\u201d, uma parceria da Prefeitura de Afogados com as comunidades, terminou neste final de semana, se consolidando como um espa\u00e7o de valoriza\u00e7\u00e3o das melhores tradi\u00e7\u00f5es juninas do Nordeste.<\/p>\n\n\n\n<p>Foram quinze dias de festa, cada dia em um bairro diferente, com apresenta\u00e7\u00f5es de quadrilhas matutas e de artistas e m\u00fasicos que levaram o melhor do nosso forr\u00f3 para os nossos bairros. \u201cO arraial do meu bairro \u00e9 um espa\u00e7o de encontros, de cultura, de boa m\u00fasica, mas tamb\u00e9m de gera\u00e7\u00e3o de renda, tanto para os nossos artistas, que tocaram nos arraiais, quanto para quem comercializou seus produtos durante os quinze dias de festa,\u201d destacou o secret\u00e1rio de cultura e esportes de Afogados, Augusto Martins.<\/p>\n\n\n\n<p>O encerramento do projeto aconteceu no bairro S\u00e3o Braz, no terreno da Ceralpa, e contou com apresenta\u00e7\u00f5es de quadrilhas matutas dos alunos da Escola Municipal Domingos Teot\u00f4nio e Geraldo Cipriano, al\u00e9m da apresenta\u00e7\u00e3o da quadrilha junina Candeeiro, coordenada por C\u00edcera do Leite.<\/p>\n\n\n\n<p>\u201cO arraial do S\u00e3o Braz \u00e9 quase uma Expoagro, de tanta gente que compareceu aqui essa noite. Quero agradecer a toda equipe organizadora, agradecer a Prefeitura, que entra com a estrutura e a comunidade, que busca recursos para ampliar ainda mais a festa\u201d, destacou Erinalda Santos, falando em nome da comiss\u00e3o do bairro.<\/p>\n\n\n\n<p>\u201cEssa \u00e9 uma fala de gratid\u00e3o, do apoio de voc\u00eas a um projeto que vem acontecendo desde 2021 com tanto sucesso. Um projeto que tem mobilizado a nossa gente, para celebrar nossos festejos juninos, valorizando a nossa tradi\u00e7\u00e3o,\u201d destacou o Prefeito Sandrinho Palmeira.<\/p>\n\n\n\n<p>Al\u00e9m das quadrilhas juninas, apresenta\u00e7\u00f5es do poeta Diomedes Mariano, Neno do Acordeon e Gustavo Pinheiro<\/p>\n\n\n\n<p>Presen\u00e7as do Deputado Federal Pedro Campos, do ex-prefeito de Itapetim, Adelmo Moura, do presidente da c\u00e2mara de vereadores de SJ Egito, Romerinho Dantas (PSB) e Beto de marreco (PSB), vice-presidente da c\u00e2mara.<br>Os vereadores Douglas eletricista, C\u00e9sar Ten\u00f3rio, Reinaldo Lima, Raimundo Lima, M\u00e1rio Martins e as vereadoras Gal Mariano, Simone da feira e Lucineide do Sindicato tamb\u00e9m prestigiaram o encerramento do projeto.<\/p>\n","protected":false},"excerpt":{"rendered":"<p>O projeto \u201cArraial do meu Bairro\u201d, uma parceria da Prefeitura de Afogados com as comunidades, terminou neste final de semana,<\/p>\n","protected":false},"author":2,"featured_media":66864,"comment_status":"open","ping_status":"open","sticky":false,"template":"","format":"standard","meta":{"jetpack_post_was_ever_published":false,"_jetpack_newsletter_access":"","_jetpack_dont_email_post_to_subs":false,"_jetpack_newsletter_tier_id":0,"_jetpack_memberships_contains_paywalled_content":false,"_jetpack_memberships_contains_paid_content":false,"footnotes":"","jetpack_publicize_message":"","jetpack_publicize_feature_enabled":true,"jetpack_social_post_already_shared":true,"jetpack_social_options":{"image_generator_settings":{"template":"highway","default_image_id":0,"font":"","enabled":false},"version":2}},"categories":[14],"tags":[],"class_list":["post-66863","post","type-post","status-publish","format-standard","has-post-thumbnail","hentry","category-afogados-da-ingazeira"],"yoast_head":"<!-- This site is optimized with the Yoast SEO plugin v27.5 - https:\/\/yoast.com\/product\/yoast-seo-wordpress\/ -->\n<title>Afogados: Arraial do meu bairro se consolida como espa\u00e7o da melhor tradi\u00e7\u00e3o junina - Afogados FM<\/title>\n<meta name=\"robots\" content=\"index, follow, max-snippet:-1, max-image-preview:large, max-video-preview:-1\" \/>\n<link rel=\"canonical\" href=\"https:\/\/afogadosfm.com.br\/afogadosfm\/2025\/06\/23\/afogados-arraial-do-meu-bairro-se-consolida-como-espaco-da-melhor-tradicao-junina\/\" \/>\n<meta property=\"og:locale\" content=\"pt_BR\" \/>\n<meta property=\"og:type\" content=\"article\" \/>\n<meta property=\"og:title\" content=\"Afogados: Arraial do meu bairro se consolida como espa\u00e7o da melhor tradi\u00e7\u00e3o junina - Afogados FM\" \/>\n<meta property=\"og:description\" content=\"O projeto \u201cArraial do meu Bairro\u201d, uma parceria da Prefeitura de Afogados com as comunidades, terminou neste final de semana,\" \/>\n<meta property=\"og:url\" content=\"https:\/\/afogadosfm.com.br\/afogadosfm\/2025\/06\/23\/afogados-arraial-do-meu-bairro-se-consolida-como-espaco-da-melhor-tradicao-junina\/\" \/>\n<meta property=\"og:site_name\" content=\"Afogados FM\" \/>\n<meta property=\"article:published_time\" content=\"2025-06-23T13:03:54+00:00\" \/>\n<meta property=\"article:modified_time\" content=\"2025-06-23T13:03:55+00:00\" \/>\n<meta property=\"og:image\" content=\"https:\/\/afogadosfm.com.br\/afogadosfm\/wp-content\/uploads\/2025\/06\/Imagem-do-WhatsApp-de-2025-06-23-as-10.02.11_9ea19053.jpg\" \/>\n\t<meta property=\"og:image:width\" content=\"1600\" \/>\n\t<meta property=\"og:image:height\" content=\"1066\" \/>\n\t<meta property=\"og:image:type\" content=\"image\/jpeg\" \/>\n<meta name=\"author\" content=\"afogadosfm\" \/>\n<meta name=\"twitter:card\" content=\"summary_large_image\" \/>\n<meta name=\"twitter:label1\" content=\"Escrito por\" \/>\n\t<meta name=\"twitter:data1\" content=\"afogadosfm\" \/>\n\t<meta name=\"twitter:label2\" content=\"Est. tempo de leitura\" \/>\n\t<meta name=\"twitter:data2\" content=\"3 minutos\" \/>\n<script type=\"application\/ld+json\" class=\"yoast-schema-graph\">{\"@context\":\"https:\\\/\\\/schema.org\",\"@graph\":[{\"@type\":\"Article\",\"@id\":\"https:\\\/\\\/afogadosfm.com.br\\\/afogadosfm\\\/2025\\\/06\\\/23\\\/afogados-arraial-do-meu-bairro-se-consolida-como-espaco-da-melhor-tradicao-junina\\\/#article\",\"isPartOf\":{\"@id\":\"https:\\\/\\\/afogadosfm.com.br\\\/afogadosfm\\\/2025\\\/06\\\/23\\\/afogados-arraial-do-meu-bairro-se-consolida-como-espaco-da-melhor-tradicao-junina\\\/\"},\"author\":{\"name\":\"afogadosfm\",\"@id\":\"https:\\\/\\\/afogadosfm.com.br\\\/afogadosfm\\\/#\\\/schema\\\/person\\\/60e56f2cf5dc960fc093fe093d9e9057\"},\"headline\":\"Afogados: Arraial do meu bairro se consolida como espa\u00e7o da melhor tradi\u00e7\u00e3o junina\",\"datePublished\":\"2025-06-23T13:03:54+00:00\",\"dateModified\":\"2025-06-23T13:03:55+00:00\",\"mainEntityOfPage\":{\"@id\":\"https:\\\/\\\/afogadosfm.com.br\\\/afogadosfm\\\/2025\\\/06\\\/23\\\/afogados-arraial-do-meu-bairro-se-consolida-como-espaco-da-melhor-tradicao-junina\\\/\"},\"wordCount\":374,\"commentCount\":0,\"publisher\":{\"@id\":\"https:\\\/\\\/afogadosfm.com.br\\\/afogadosfm\\\/#organization\"},\"image\":{\"@id\":\"https:\\\/\\\/afogadosfm.com.br\\\/afogadosfm\\\/2025\\\/06\\\/23\\\/afogados-arraial-do-meu-bairro-se-consolida-como-espaco-da-melhor-tradicao-junina\\\/#primaryimage\"},\"thumbnailUrl\":\"https:\\\/\\\/i0.wp.com\\\/afogadosfm.com.br\\\/afogadosfm\\\/wp-content\\\/uploads\\\/2025\\\/06\\\/Imagem-do-WhatsApp-de-2025-06-23-as-10.02.11_9ea19053.jpg?fit=1600%2C1066&ssl=1\",\"articleSection\":[\"Afogados da Ingazeira\"],\"inLanguage\":\"pt-BR\",\"potentialAction\":[{\"@type\":\"CommentAction\",\"name\":\"Comment\",\"target\":[\"https:\\\/\\\/afogadosfm.com.br\\\/afogadosfm\\\/2025\\\/06\\\/23\\\/afogados-arraial-do-meu-bairro-se-consolida-como-espaco-da-melhor-tradicao-junina\\\/#respond\"]}]},{\"@type\":\"WebPage\",\"@id\":\"https:\\\/\\\/afogadosfm.com.br\\\/afogadosfm\\\/2025\\\/06\\\/23\\\/afogados-arraial-do-meu-bairro-se-consolida-como-espaco-da-melhor-tradicao-junina\\\/\",\"url\":\"https:\\\/\\\/afogadosfm.com.br\\\/afogadosfm\\\/2025\\\/06\\\/23\\\/afogados-arraial-do-meu-bairro-se-consolida-como-espaco-da-melhor-tradicao-junina\\\/\",\"name\":\"Afogados: Arraial do meu bairro se consolida como espa\u00e7o da melhor tradi\u00e7\u00e3o junina - Afogados FM\",\"isPartOf\":{\"@id\":\"https:\\\/\\\/afogadosfm.com.br\\\/afogadosfm\\\/#website\"},\"primaryImageOfPage\":{\"@id\":\"https:\\\/\\\/afogadosfm.com.br\\\/afogadosfm\\\/2025\\\/06\\\/23\\\/afogados-arraial-do-meu-bairro-se-consolida-como-espaco-da-melhor-tradicao-junina\\\/#primaryimage\"},\"image\":{\"@id\":\"https:\\\/\\\/afogadosfm.com.br\\\/afogadosfm\\\/2025\\\/06\\\/23\\\/afogados-arraial-do-meu-bairro-se-consolida-como-espaco-da-melhor-tradicao-junina\\\/#primaryimage\"},\"thumbnailUrl\":\"https:\\\/\\\/i0.wp.com\\\/afogadosfm.com.br\\\/afogadosfm\\\/wp-content\\\/uploads\\\/2025\\\/06\\\/Imagem-do-WhatsApp-de-2025-06-23-as-10.02.11_9ea19053.jpg?fit=1600%2C1066&ssl=1\",\"datePublished\":\"2025-06-23T13:03:54+00:00\",\"dateModified\":\"2025-06-23T13:03:55+00:00\",\"breadcrumb\":{\"@id\":\"https:\\\/\\\/afogadosfm.com.br\\\/afogadosfm\\\/2025\\\/06\\\/23\\\/afogados-arraial-do-meu-bairro-se-consolida-como-espaco-da-melhor-tradicao-junina\\\/#breadcrumb\"},\"inLanguage\":\"pt-BR\",\"potentialAction\":[{\"@type\":\"ReadAction\",\"target\":[\"https:\\\/\\\/afogadosfm.com.br\\\/afogadosfm\\\/2025\\\/06\\\/23\\\/afogados-arraial-do-meu-bairro-se-consolida-como-espaco-da-melhor-tradicao-junina\\\/\"]}]},{\"@type\":\"ImageObject\",\"inLanguage\":\"pt-BR\",\"@id\":\"https:\\\/\\\/afogadosfm.com.br\\\/afogadosfm\\\/2025\\\/06\\\/23\\\/afogados-arraial-do-meu-bairro-se-consolida-como-espaco-da-melhor-tradicao-junina\\\/#primaryimage\",\"url\":\"https:\\\/\\\/i0.wp.com\\\/afogadosfm.com.br\\\/afogadosfm\\\/wp-content\\\/uploads\\\/2025\\\/06\\\/Imagem-do-WhatsApp-de-2025-06-23-as-10.02.11_9ea19053.jpg?fit=1600%2C1066&ssl=1\",\"contentUrl\":\"https:\\\/\\\/i0.wp.com\\\/afogadosfm.com.br\\\/afogadosfm\\\/wp-content\\\/uploads\\\/2025\\\/06\\\/Imagem-do-WhatsApp-de-2025-06-23-as-10.02.11_9ea19053.jpg?fit=1600%2C1066&ssl=1\",\"width\":1600,\"height\":1066},{\"@type\":\"BreadcrumbList\",\"@id\":\"https:\\\/\\\/afogadosfm.com.br\\\/afogadosfm\\\/2025\\\/06\\\/23\\\/afogados-arraial-do-meu-bairro-se-consolida-como-espaco-da-melhor-tradicao-junina\\\/#breadcrumb\",\"itemListElement\":[{\"@type\":\"ListItem\",\"position\":1,\"name\":\"In\u00edcio\",\"item\":\"https:\\\/\\\/afogadosfm.com.br\\\/afogadosfm\\\/\"},{\"@type\":\"ListItem\",\"position\":2,\"name\":\"Afogados: Arraial do meu bairro se consolida como espa\u00e7o da melhor tradi\u00e7\u00e3o junina\"}]},{\"@type\":\"WebSite\",\"@id\":\"https:\\\/\\\/afogadosfm.com.br\\\/afogadosfm\\\/#website\",\"url\":\"https:\\\/\\\/afogadosfm.com.br\\\/afogadosfm\\\/\",\"name\":\"Afogados FM\",\"description\":\"Um site completo!\",\"publisher\":{\"@id\":\"https:\\\/\\\/afogadosfm.com.br\\\/afogadosfm\\\/#organization\"},\"potentialAction\":[{\"@type\":\"SearchAction\",\"target\":{\"@type\":\"EntryPoint\",\"urlTemplate\":\"https:\\\/\\\/afogadosfm.com.br\\\/afogadosfm\\\/?s={search_term_string}\"},\"query-input\":{\"@type\":\"PropertyValueSpecification\",\"valueRequired\":true,\"valueName\":\"search_term_string\"}}],\"inLanguage\":\"pt-BR\"},{\"@type\":\"Organization\",\"@id\":\"https:\\\/\\\/afogadosfm.com.br\\\/afogadosfm\\\/#organization\",\"name\":\"Afogados FM\",\"url\":\"https:\\\/\\\/afogadosfm.com.br\\\/afogadosfm\\\/\",\"logo\":{\"@type\":\"ImageObject\",\"inLanguage\":\"pt-BR\",\"@id\":\"https:\\\/\\\/afogadosfm.com.br\\\/afogadosfm\\\/#\\\/schema\\\/logo\\\/image\\\/\",\"url\":\"https:\\\/\\\/i0.wp.com\\\/afogadosfm.com.br\\\/afogadosfm\\\/wp-content\\\/uploads\\\/2020\\\/06\\\/cropped-banner-afogados-4.jpg?fit=369%2C137&ssl=1\",\"contentUrl\":\"https:\\\/\\\/i0.wp.com\\\/afogadosfm.com.br\\\/afogadosfm\\\/wp-content\\\/uploads\\\/2020\\\/06\\\/cropped-banner-afogados-4.jpg?fit=369%2C137&ssl=1\",\"width\":369,\"height\":137,\"caption\":\"Afogados FM\"},\"image\":{\"@id\":\"https:\\\/\\\/afogadosfm.com.br\\\/afogadosfm\\\/#\\\/schema\\\/logo\\\/image\\\/\"}},{\"@type\":\"Person\",\"@id\":\"https:\\\/\\\/afogadosfm.com.br\\\/afogadosfm\\\/#\\\/schema\\\/person\\\/60e56f2cf5dc960fc093fe093d9e9057\",\"name\":\"afogadosfm\",\"image\":{\"@type\":\"ImageObject\",\"inLanguage\":\"pt-BR\",\"@id\":\"https:\\\/\\\/secure.gravatar.com\\\/avatar\\\/e0359add7ed5dc3560906d861b52c6a8cf5c1e199d3a7dd85070998f49bd4701?s=96&d=mm&r=g\",\"url\":\"https:\\\/\\\/secure.gravatar.com\\\/avatar\\\/e0359add7ed5dc3560906d861b52c6a8cf5c1e199d3a7dd85070998f49bd4701?s=96&d=mm&r=g\",\"contentUrl\":\"https:\\\/\\\/secure.gravatar.com\\\/avatar\\\/e0359add7ed5dc3560906d861b52c6a8cf5c1e199d3a7dd85070998f49bd4701?s=96&d=mm&r=g\",\"caption\":\"afogadosfm\"},\"url\":\"https:\\\/\\\/afogadosfm.com.br\\\/afogadosfm\\\/author\\\/afogadosfm\\\/\"}]}<\/script>\n<!-- \/ Yoast SEO plugin. -->","yoast_head_json":{"title":"Afogados: Arraial do meu bairro se consolida como espa\u00e7o da melhor tradi\u00e7\u00e3o junina - Afogados FM","robots":{"index":"index","follow":"follow","max-snippet":"max-snippet:-1","max-image-preview":"max-image-preview:large","max-video-preview":"max-video-preview:-1"},"canonical":"https:\/\/afogadosfm.com.br\/afogadosfm\/2025\/06\/23\/afogados-arraial-do-meu-bairro-se-consolida-como-espaco-da-melhor-tradicao-junina\/","og_locale":"pt_BR","og_type":"article","og_title":"Afogados: Arraial do meu bairro se consolida como espa\u00e7o da melhor tradi\u00e7\u00e3o junina - Afogados FM","og_description":"O projeto \u201cArraial do meu Bairro\u201d, uma parceria da Prefeitura de Afogados com as comunidades, terminou neste final de semana,","og_url":"https:\/\/afogadosfm.com.br\/afogadosfm\/2025\/06\/23\/afogados-arraial-do-meu-bairro-se-consolida-como-espaco-da-melhor-tradicao-junina\/","og_site_name":"Afogados FM","article_published_time":"2025-06-23T13:03:54+00:00","article_modified_time":"2025-06-23T13:03:55+00:00","og_image":[{"width":1600,"height":1066,"url":"https:\/\/afogadosfm.com.br\/afogadosfm\/wp-content\/uploads\/2025\/06\/Imagem-do-WhatsApp-de-2025-06-23-as-10.02.11_9ea19053.jpg","type":"image\/jpeg"}],"author":"afogadosfm","twitter_card":"summary_large_image","twitter_misc":{"Escrito por":"afogadosfm","Est. tempo de leitura":"3 minutos"},"schema":{"@context":"https:\/\/schema.org","@graph":[{"@type":"Article","@id":"https:\/\/afogadosfm.com.br\/afogadosfm\/2025\/06\/23\/afogados-arraial-do-meu-bairro-se-consolida-como-espaco-da-melhor-tradicao-junina\/#article","isPartOf":{"@id":"https:\/\/afogadosfm.com.br\/afogadosfm\/2025\/06\/23\/afogados-arraial-do-meu-bairro-se-consolida-como-espaco-da-melhor-tradicao-junina\/"},"author":{"name":"afogadosfm","@id":"https:\/\/afogadosfm.com.br\/afogadosfm\/#\/schema\/person\/60e56f2cf5dc960fc093fe093d9e9057"},"headline":"Afogados: Arraial do meu bairro se consolida como espa\u00e7o da melhor tradi\u00e7\u00e3o junina","datePublished":"2025-06-23T13:03:54+00:00","dateModified":"2025-06-23T13:03:55+00:00","mainEntityOfPage":{"@id":"https:\/\/afogadosfm.com.br\/afogadosfm\/2025\/06\/23\/afogados-arraial-do-meu-bairro-se-consolida-como-espaco-da-melhor-tradicao-junina\/"},"wordCount":374,"commentCount":0,"publisher":{"@id":"https:\/\/afogadosfm.com.br\/afogadosfm\/#organization"},"image":{"@id":"https:\/\/afogadosfm.com.br\/afogadosfm\/2025\/06\/23\/afogados-arraial-do-meu-bairro-se-consolida-como-espaco-da-melhor-tradicao-junina\/#primaryimage"},"thumbnailUrl":"https:\/\/i0.wp.com\/afogadosfm.com.br\/afogadosfm\/wp-content\/uploads\/2025\/06\/Imagem-do-WhatsApp-de-2025-06-23-as-10.02.11_9ea19053.jpg?fit=1600%2C1066&ssl=1","articleSection":["Afogados da Ingazeira"],"inLanguage":"pt-BR","potentialAction":[{"@type":"CommentAction","name":"Comment","target":["https:\/\/afogadosfm.com.br\/afogadosfm\/2025\/06\/23\/afogados-arraial-do-meu-bairro-se-consolida-como-espaco-da-melhor-tradicao-junina\/#respond"]}]},{"@type":"WebPage","@id":"https:\/\/afogadosfm.com.br\/afogadosfm\/2025\/06\/23\/afogados-arraial-do-meu-bairro-se-consolida-como-espaco-da-melhor-tradicao-junina\/","url":"https:\/\/afogadosfm.com.br\/afogadosfm\/2025\/06\/23\/afogados-arraial-do-meu-bairro-se-consolida-como-espaco-da-melhor-tradicao-junina\/","name":"Afogados: Arraial do meu bairro se consolida como espa\u00e7o da melhor tradi\u00e7\u00e3o junina - Afogados FM","isPartOf":{"@id":"https:\/\/afogadosfm.com.br\/afogadosfm\/#website"},"primaryImageOfPage":{"@id":"https:\/\/afogadosfm.com.br\/afogadosfm\/2025\/06\/23\/afogados-arraial-do-meu-bairro-se-consolida-como-espaco-da-melhor-tradicao-junina\/#primaryimage"},"image":{"@id":"https:\/\/afogadosfm.com.br\/afogadosfm\/2025\/06\/23\/afogados-arraial-do-meu-bairro-se-consolida-como-espaco-da-melhor-tradicao-junina\/#primaryimage"},"thumbnailUrl":"https:\/\/i0.wp.com\/afogadosfm.com.br\/afogadosfm\/wp-content\/uploads\/2025\/06\/Imagem-do-WhatsApp-de-2025-06-23-as-10.02.11_9ea19053.jpg?fit=1600%2C1066&ssl=1","datePublished":"2025-06-23T13:03:54+00:00","dateModified":"2025-06-23T13:03:55+00:00","breadcrumb":{"@id":"https:\/\/afogadosfm.com.br\/afogadosfm\/2025\/06\/23\/afogados-arraial-do-meu-bairro-se-consolida-como-espaco-da-melhor-tradicao-junina\/#breadcrumb"},"inLanguage":"pt-BR","potentialAction":[{"@type":"ReadAction","target":["https:\/\/afogadosfm.com.br\/afogadosfm\/2025\/06\/23\/afogados-arraial-do-meu-bairro-se-consolida-como-espaco-da-melhor-tradicao-junina\/"]}]},{"@type":"ImageObject","inLanguage":"pt-BR","@id":"https:\/\/afogadosfm.com.br\/afogadosfm\/2025\/06\/23\/afogados-arraial-do-meu-bairro-se-consolida-como-espaco-da-melhor-tradicao-junina\/#primaryimage","url":"https:\/\/i0.wp.com\/afogadosfm.com.br\/afogadosfm\/wp-content\/uploads\/2025\/06\/Imagem-do-WhatsApp-de-2025-06-23-as-10.02.11_9ea19053.jpg?fit=1600%2C1066&ssl=1","contentUrl":"https:\/\/i0.wp.com\/afogadosfm.com.br\/afogadosfm\/wp-content\/uploads\/2025\/06\/Imagem-do-WhatsApp-de-2025-06-23-as-10.02.11_9ea19053.jpg?fit=1600%2C1066&ssl=1","width":1600,"height":1066},{"@type":"BreadcrumbList","@id":"https:\/\/afogadosfm.com.br\/afogadosfm\/2025\/06\/23\/afogados-arraial-do-meu-bairro-se-consolida-como-espaco-da-melhor-tradicao-junina\/#breadcrumb","itemListElement":[{"@type":"ListItem","position":1,"name":"In\u00edcio","item":"https:\/\/afogadosfm.com.br\/afogadosfm\/"},{"@type":"ListItem","position":2,"name":"Afogados: Arraial do meu bairro se consolida como espa\u00e7o da melhor tradi\u00e7\u00e3o junina"}]},{"@type":"WebSite","@id":"https:\/\/afogadosfm.com.br\/afogadosfm\/#website","url":"https:\/\/afogadosfm.com.br\/afogadosfm\/","name":"Afogados FM","description":"Um site completo!","publisher":{"@id":"https:\/\/afogadosfm.com.br\/afogadosfm\/#organization"},"potentialAction":[{"@type":"SearchAction","target":{"@type":"EntryPoint","urlTemplate":"https:\/\/afogadosfm.com.br\/afogadosfm\/?s={search_term_string}"},"query-input":{"@type":"PropertyValueSpecification","valueRequired":true,"valueName":"search_term_string"}}],"inLanguage":"pt-BR"},{"@type":"Organization","@id":"https:\/\/afogadosfm.com.br\/afogadosfm\/#organization","name":"Afogados FM","url":"https:\/\/afogadosfm.com.br\/afogadosfm\/","logo":{"@type":"ImageObject","inLanguage":"pt-BR","@id":"https:\/\/afogadosfm.com.br\/afogadosfm\/#\/schema\/logo\/image\/","url":"https:\/\/i0.wp.com\/afogadosfm.com.br\/afogadosfm\/wp-content\/uploads\/2020\/06\/cropped-banner-afogados-4.jpg?fit=369%2C137&ssl=1","contentUrl":"https:\/\/i0.wp.com\/afogadosfm.com.br\/afogadosfm\/wp-content\/uploads\/2020\/06\/cropped-banner-afogados-4.jpg?fit=369%2C137&ssl=1","width":369,"height":137,"caption":"Afogados FM"},"image":{"@id":"https:\/\/afogadosfm.com.br\/afogadosfm\/#\/schema\/logo\/image\/"}},{"@type":"Person","@id":"https:\/\/afogadosfm.com.br\/afogadosfm\/#\/schema\/person\/60e56f2cf5dc960fc093fe093d9e9057","name":"afogadosfm","image":{"@type":"ImageObject","inLanguage":"pt-BR","@id":"https:\/\/secure.gravatar.com\/avatar\/e0359add7ed5dc3560906d861b52c6a8cf5c1e199d3a7dd85070998f49bd4701?s=96&d=mm&r=g","url":"https:\/\/secure.gravatar.com\/avatar\/e0359add7ed5dc3560906d861b52c6a8cf5c1e199d3a7dd85070998f49bd4701?s=96&d=mm&r=g","contentUrl":"https:\/\/secure.gravatar.com\/avatar\/e0359add7ed5dc3560906d861b52c6a8cf5c1e199d3a7dd85070998f49bd4701?s=96&d=mm&r=g","caption":"afogadosfm"},"url":"https:\/\/afogadosfm.com.br\/afogadosfm\/author\/afogadosfm\/"}]}},"jetpack_publicize_connections":[],"jetpack_featured_media_url":"https:\/\/i0.wp.com\/afogadosfm.com.br\/afogadosfm\/wp-content\/uploads\/2025\/06\/Imagem-do-WhatsApp-de-2025-06-23-as-10.02.11_9ea19053.jpg?fit=1600%2C1066&ssl=1","jetpack-related-posts":[],"jetpack_sharing_enabled":true,"jetpack_likes_enabled":true,"_links":{"self":[{"href":"https:\/\/afogadosfm.com.br\/afogadosfm\/wp-json\/wp\/v2\/posts\/66863","targetHints":{"allow":["GET"]}}],"collection":[{"href":"https:\/\/afogadosfm.com.br\/afogadosfm\/wp-json\/wp\/v2\/posts"}],"about":[{"href":"https:\/\/afogadosfm.com.br\/afogadosfm\/wp-json\/wp\/v2\/types\/post"}],"author":[{"embeddable":true,"href":"https:\/\/afogadosfm.com.br\/afogadosfm\/wp-json\/wp\/v2\/users\/2"}],"replies":[{"embeddable":true,"href":"https:\/\/afogadosfm.com.br\/afogadosfm\/wp-json\/wp\/v2\/comments?post=66863"}],"version-history":[{"count":1,"href":"https:\/\/afogadosfm.com.br\/afogadosfm\/wp-json\/wp\/v2\/posts\/66863\/revisions"}],"predecessor-version":[{"id":66865,"href":"https:\/\/afogadosfm.com.br\/afogadosfm\/wp-json\/wp\/v2\/posts\/66863\/revisions\/66865"}],"wp:featuredmedia":[{"embeddable":true,"href":"https:\/\/afogadosfm.com.br\/afogadosfm\/wp-json\/wp\/v2\/media\/66864"}],"wp:attachment":[{"href":"https:\/\/afogadosfm.com.br\/afogadosfm\/wp-json\/wp\/v2\/media?parent=66863"}],"wp:term":[{"taxonomy":"category","embeddable":true,"href":"https:\/\/afogadosfm.com.br\/afogadosfm\/wp-json\/wp\/v2\/categories?post=66863"},{"taxonomy":"post_tag","embeddable":true,"href":"https:\/\/afogadosfm.com.br\/afogadosfm\/wp-json\/wp\/v2\/tags?post=66863"}],"curies":[{"name":"wp","href":"https:\/\/api.w.org\/{rel}","templated":true}]}}