{"id":66903,"date":"2025-06-26T04:09:58","date_gmt":"2025-06-26T07:09:58","guid":{"rendered":"https:\/\/afogadosfm.com.br\/afogadosfm\/?p=66903"},"modified":"2025-06-26T04:09:59","modified_gmt":"2025-06-26T07:09:59","slug":"rj-adolescente-de-14-anos-dopa-mae-pai-e-o-irmao-de-4-anos-e-depois-mata-os-tres-a-tiros","status":"publish","type":"post","link":"https:\/\/afogadosfm.com.br\/afogadosfm\/2025\/06\/26\/rj-adolescente-de-14-anos-dopa-mae-pai-e-o-irmao-de-4-anos-e-depois-mata-os-tres-a-tiros\/","title":{"rendered":"RJ: Adolescente de 14 anos dopa m\u00e3e, pai e o irm\u00e3o, de 4 anos, e depois mata os tr\u00eas a tiros"},"content":{"rendered":"\n<p>Uma trag\u00e9dia de dimens\u00f5es inconceb\u00edveis chocou a popula\u00e7\u00e3o de Comendador Ven\u00e2ncio, distrito de Itaperuna (RJ), nesta quarta-feira (25). Os corpos de um casal e de uma crian\u00e7a de 4 anos foram encontrados em avan\u00e7ado estado de decomposi\u00e7\u00e3o dentro de uma cisterna nos fundos da casa da fam\u00edlia. O autor do crime, segundo a Pol\u00edcia Civil, \u00e9 o pr\u00f3prio filho mais velho do casal, um adolescente de apenas 14 anos.<\/p>\n\n\n\n<p>A fam\u00edlia estava desaparecida desde o \u00faltimo s\u00e1bado (21), o que chamou a aten\u00e7\u00e3o de vizinhos e parentes pr\u00f3ximos, que estranharam a aus\u00eancia de movimenta\u00e7\u00e3o na resid\u00eancia. Foi apenas na ter\u00e7a-feira (24) que o adolescente procurou a delegacia, acompanhado da av\u00f3, para registrar oficialmente o desaparecimento dos pais e do irm\u00e3o. No entanto, a vers\u00e3o contada por ele n\u00e3o se sustentou por muito tempo.<\/p>\n\n\n\n<p>Durante o in\u00edcio das dilig\u00eancias, o jovem acabou confessando o crime a um tio. Segundo o relato, ele dopou os pais e o irm\u00e3o antes de mat\u00e1-los ainda na noite de s\u00e1bado. Depois, arrastou os corpos at\u00e9 a cisterna da casa e os escondeu no fundo do reservat\u00f3rio de \u00e1gua. O irm\u00e3o mais novo, que completaria 4 anos no pr\u00f3ximo dia 12 de julho, foi a terceira v\u00edtima do assassinato.<\/p>\n\n\n\n<p>Com base nas informa\u00e7\u00f5es fornecidas pelo adolescente, equipes da Pol\u00edcia Militar, Pol\u00edcia Civil e Corpo de Bombeiros foram at\u00e9 o local e encontraram os tr\u00eas corpos na cisterna. A \u00e1rea foi imediatamente isolada para os trabalhos de per\u00edcia.<\/p>\n\n\n\n<p>O adolescente foi apreendido e est\u00e1 sob cust\u00f3dia das autoridades. A investiga\u00e7\u00e3o, conduzida pela 143\u00aa Delegacia de Pol\u00edcia de Itaperuna, considera diversas linhas de apura\u00e7\u00e3o. Entre elas, a possibilidade de dist\u00farbios psicol\u00f3gicos ou a influ\u00eancia de conte\u00fados consumidos virtualmente. O celular do garoto foi apreendido e passar\u00e1 por per\u00edcia para an\u00e1lise de mensagens, pesquisas e eventuais intera\u00e7\u00f5es que possam ter estimulado ou orientado a a\u00e7\u00e3o criminosa.<\/p>\n\n\n\n<p>Do FP<\/p>\n","protected":false},"excerpt":{"rendered":"<p>Uma trag\u00e9dia de dimens\u00f5es inconceb\u00edveis chocou a popula\u00e7\u00e3o de Comendador Ven\u00e2ncio, distrito de Itaperuna (RJ), nesta quarta-feira (25). Os corpos<\/p>\n","protected":false},"author":2,"featured_media":66904,"comment_status":"open","ping_status":"open","sticky":false,"template":"","format":"standard","meta":{"jetpack_post_was_ever_published":false,"_jetpack_newsletter_access":"","_jetpack_dont_email_post_to_subs":false,"_jetpack_newsletter_tier_id":0,"_jetpack_memberships_contains_paywalled_content":false,"_jetpack_memberships_contains_paid_content":false,"footnotes":"","jetpack_publicize_message":"","jetpack_publicize_feature_enabled":true,"jetpack_social_post_already_shared":true,"jetpack_social_options":{"image_generator_settings":{"template":"highway","default_image_id":0,"font":"","enabled":false},"version":2}},"categories":[12],"tags":[],"class_list":["post-66903","post","type-post","status-publish","format-standard","has-post-thumbnail","hentry","category-brasil"],"yoast_head":"<!-- This site is optimized with the Yoast SEO plugin v27.5 - https:\/\/yoast.com\/product\/yoast-seo-wordpress\/ -->\n<title>RJ: Adolescente de 14 anos dopa m\u00e3e, pai e o irm\u00e3o, de 4 anos, e depois mata os tr\u00eas a tiros - Afogados FM<\/title>\n<meta name=\"robots\" content=\"index, follow, max-snippet:-1, max-image-preview:large, max-video-preview:-1\" \/>\n<link rel=\"canonical\" href=\"https:\/\/afogadosfm.com.br\/afogadosfm\/2025\/06\/26\/rj-adolescente-de-14-anos-dopa-mae-pai-e-o-irmao-de-4-anos-e-depois-mata-os-tres-a-tiros\/\" \/>\n<meta property=\"og:locale\" content=\"pt_BR\" \/>\n<meta property=\"og:type\" content=\"article\" \/>\n<meta property=\"og:title\" content=\"RJ: Adolescente de 14 anos dopa m\u00e3e, pai e o irm\u00e3o, de 4 anos, e depois mata os tr\u00eas a tiros - Afogados FM\" \/>\n<meta property=\"og:description\" content=\"Uma trag\u00e9dia de dimens\u00f5es inconceb\u00edveis chocou a popula\u00e7\u00e3o de Comendador Ven\u00e2ncio, distrito de Itaperuna (RJ), nesta quarta-feira (25). Os corpos\" \/>\n<meta property=\"og:url\" content=\"https:\/\/afogadosfm.com.br\/afogadosfm\/2025\/06\/26\/rj-adolescente-de-14-anos-dopa-mae-pai-e-o-irmao-de-4-anos-e-depois-mata-os-tres-a-tiros\/\" \/>\n<meta property=\"og:site_name\" content=\"Afogados FM\" \/>\n<meta property=\"article:published_time\" content=\"2025-06-26T07:09:58+00:00\" \/>\n<meta property=\"article:modified_time\" content=\"2025-06-26T07:09:59+00:00\" \/>\n<meta property=\"og:image\" content=\"https:\/\/afogadosfm.com.br\/afogadosfm\/wp-content\/uploads\/2025\/06\/familiamorta.jpg\" \/>\n\t<meta property=\"og:image:width\" content=\"900\" \/>\n\t<meta property=\"og:image:height\" content=\"500\" \/>\n\t<meta property=\"og:image:type\" content=\"image\/jpeg\" \/>\n<meta name=\"author\" content=\"afogadosfm\" \/>\n<meta name=\"twitter:card\" content=\"summary_large_image\" \/>\n<meta name=\"twitter:label1\" content=\"Escrito por\" \/>\n\t<meta name=\"twitter:data1\" content=\"afogadosfm\" \/>\n\t<meta name=\"twitter:label2\" content=\"Est. tempo de leitura\" \/>\n\t<meta name=\"twitter:data2\" content=\"2 minutos\" \/>\n<script type=\"application\/ld+json\" class=\"yoast-schema-graph\">{\"@context\":\"https:\\\/\\\/schema.org\",\"@graph\":[{\"@type\":\"Article\",\"@id\":\"https:\\\/\\\/afogadosfm.com.br\\\/afogadosfm\\\/2025\\\/06\\\/26\\\/rj-adolescente-de-14-anos-dopa-mae-pai-e-o-irmao-de-4-anos-e-depois-mata-os-tres-a-tiros\\\/#article\",\"isPartOf\":{\"@id\":\"https:\\\/\\\/afogadosfm.com.br\\\/afogadosfm\\\/2025\\\/06\\\/26\\\/rj-adolescente-de-14-anos-dopa-mae-pai-e-o-irmao-de-4-anos-e-depois-mata-os-tres-a-tiros\\\/\"},\"author\":{\"name\":\"afogadosfm\",\"@id\":\"https:\\\/\\\/afogadosfm.com.br\\\/afogadosfm\\\/#\\\/schema\\\/person\\\/60e56f2cf5dc960fc093fe093d9e9057\"},\"headline\":\"RJ: Adolescente de 14 anos dopa m\u00e3e, pai e o irm\u00e3o, de 4 anos, e depois mata os tr\u00eas a tiros\",\"datePublished\":\"2025-06-26T07:09:58+00:00\",\"dateModified\":\"2025-06-26T07:09:59+00:00\",\"mainEntityOfPage\":{\"@id\":\"https:\\\/\\\/afogadosfm.com.br\\\/afogadosfm\\\/2025\\\/06\\\/26\\\/rj-adolescente-de-14-anos-dopa-mae-pai-e-o-irmao-de-4-anos-e-depois-mata-os-tres-a-tiros\\\/\"},\"wordCount\":370,\"commentCount\":0,\"publisher\":{\"@id\":\"https:\\\/\\\/afogadosfm.com.br\\\/afogadosfm\\\/#organization\"},\"image\":{\"@id\":\"https:\\\/\\\/afogadosfm.com.br\\\/afogadosfm\\\/2025\\\/06\\\/26\\\/rj-adolescente-de-14-anos-dopa-mae-pai-e-o-irmao-de-4-anos-e-depois-mata-os-tres-a-tiros\\\/#primaryimage\"},\"thumbnailUrl\":\"https:\\\/\\\/i0.wp.com\\\/afogadosfm.com.br\\\/afogadosfm\\\/wp-content\\\/uploads\\\/2025\\\/06\\\/familiamorta.jpg?fit=900%2C500&ssl=1\",\"articleSection\":[\"Brasil\"],\"inLanguage\":\"pt-BR\",\"potentialAction\":[{\"@type\":\"CommentAction\",\"name\":\"Comment\",\"target\":[\"https:\\\/\\\/afogadosfm.com.br\\\/afogadosfm\\\/2025\\\/06\\\/26\\\/rj-adolescente-de-14-anos-dopa-mae-pai-e-o-irmao-de-4-anos-e-depois-mata-os-tres-a-tiros\\\/#respond\"]}]},{\"@type\":\"WebPage\",\"@id\":\"https:\\\/\\\/afogadosfm.com.br\\\/afogadosfm\\\/2025\\\/06\\\/26\\\/rj-adolescente-de-14-anos-dopa-mae-pai-e-o-irmao-de-4-anos-e-depois-mata-os-tres-a-tiros\\\/\",\"url\":\"https:\\\/\\\/afogadosfm.com.br\\\/afogadosfm\\\/2025\\\/06\\\/26\\\/rj-adolescente-de-14-anos-dopa-mae-pai-e-o-irmao-de-4-anos-e-depois-mata-os-tres-a-tiros\\\/\",\"name\":\"RJ: Adolescente de 14 anos dopa m\u00e3e, pai e o irm\u00e3o, de 4 anos, e depois mata os tr\u00eas a tiros - Afogados FM\",\"isPartOf\":{\"@id\":\"https:\\\/\\\/afogadosfm.com.br\\\/afogadosfm\\\/#website\"},\"primaryImageOfPage\":{\"@id\":\"https:\\\/\\\/afogadosfm.com.br\\\/afogadosfm\\\/2025\\\/06\\\/26\\\/rj-adolescente-de-14-anos-dopa-mae-pai-e-o-irmao-de-4-anos-e-depois-mata-os-tres-a-tiros\\\/#primaryimage\"},\"image\":{\"@id\":\"https:\\\/\\\/afogadosfm.com.br\\\/afogadosfm\\\/2025\\\/06\\\/26\\\/rj-adolescente-de-14-anos-dopa-mae-pai-e-o-irmao-de-4-anos-e-depois-mata-os-tres-a-tiros\\\/#primaryimage\"},\"thumbnailUrl\":\"https:\\\/\\\/i0.wp.com\\\/afogadosfm.com.br\\\/afogadosfm\\\/wp-content\\\/uploads\\\/2025\\\/06\\\/familiamorta.jpg?fit=900%2C500&ssl=1\",\"datePublished\":\"2025-06-26T07:09:58+00:00\",\"dateModified\":\"2025-06-26T07:09:59+00:00\",\"breadcrumb\":{\"@id\":\"https:\\\/\\\/afogadosfm.com.br\\\/afogadosfm\\\/2025\\\/06\\\/26\\\/rj-adolescente-de-14-anos-dopa-mae-pai-e-o-irmao-de-4-anos-e-depois-mata-os-tres-a-tiros\\\/#breadcrumb\"},\"inLanguage\":\"pt-BR\",\"potentialAction\":[{\"@type\":\"ReadAction\",\"target\":[\"https:\\\/\\\/afogadosfm.com.br\\\/afogadosfm\\\/2025\\\/06\\\/26\\\/rj-adolescente-de-14-anos-dopa-mae-pai-e-o-irmao-de-4-anos-e-depois-mata-os-tres-a-tiros\\\/\"]}]},{\"@type\":\"ImageObject\",\"inLanguage\":\"pt-BR\",\"@id\":\"https:\\\/\\\/afogadosfm.com.br\\\/afogadosfm\\\/2025\\\/06\\\/26\\\/rj-adolescente-de-14-anos-dopa-mae-pai-e-o-irmao-de-4-anos-e-depois-mata-os-tres-a-tiros\\\/#primaryimage\",\"url\":\"https:\\\/\\\/i0.wp.com\\\/afogadosfm.com.br\\\/afogadosfm\\\/wp-content\\\/uploads\\\/2025\\\/06\\\/familiamorta.jpg?fit=900%2C500&ssl=1\",\"contentUrl\":\"https:\\\/\\\/i0.wp.com\\\/afogadosfm.com.br\\\/afogadosfm\\\/wp-content\\\/uploads\\\/2025\\\/06\\\/familiamorta.jpg?fit=900%2C500&ssl=1\",\"width\":900,\"height\":500},{\"@type\":\"BreadcrumbList\",\"@id\":\"https:\\\/\\\/afogadosfm.com.br\\\/afogadosfm\\\/2025\\\/06\\\/26\\\/rj-adolescente-de-14-anos-dopa-mae-pai-e-o-irmao-de-4-anos-e-depois-mata-os-tres-a-tiros\\\/#breadcrumb\",\"itemListElement\":[{\"@type\":\"ListItem\",\"position\":1,\"name\":\"In\u00edcio\",\"item\":\"https:\\\/\\\/afogadosfm.com.br\\\/afogadosfm\\\/\"},{\"@type\":\"ListItem\",\"position\":2,\"name\":\"RJ: Adolescente de 14 anos dopa m\u00e3e, pai e o irm\u00e3o, de 4 anos, e depois mata os tr\u00eas a tiros\"}]},{\"@type\":\"WebSite\",\"@id\":\"https:\\\/\\\/afogadosfm.com.br\\\/afogadosfm\\\/#website\",\"url\":\"https:\\\/\\\/afogadosfm.com.br\\\/afogadosfm\\\/\",\"name\":\"Afogados FM\",\"description\":\"Um site completo!\",\"publisher\":{\"@id\":\"https:\\\/\\\/afogadosfm.com.br\\\/afogadosfm\\\/#organization\"},\"potentialAction\":[{\"@type\":\"SearchAction\",\"target\":{\"@type\":\"EntryPoint\",\"urlTemplate\":\"https:\\\/\\\/afogadosfm.com.br\\\/afogadosfm\\\/?s={search_term_string}\"},\"query-input\":{\"@type\":\"PropertyValueSpecification\",\"valueRequired\":true,\"valueName\":\"search_term_string\"}}],\"inLanguage\":\"pt-BR\"},{\"@type\":\"Organization\",\"@id\":\"https:\\\/\\\/afogadosfm.com.br\\\/afogadosfm\\\/#organization\",\"name\":\"Afogados FM\",\"url\":\"https:\\\/\\\/afogadosfm.com.br\\\/afogadosfm\\\/\",\"logo\":{\"@type\":\"ImageObject\",\"inLanguage\":\"pt-BR\",\"@id\":\"https:\\\/\\\/afogadosfm.com.br\\\/afogadosfm\\\/#\\\/schema\\\/logo\\\/image\\\/\",\"url\":\"https:\\\/\\\/i0.wp.com\\\/afogadosfm.com.br\\\/afogadosfm\\\/wp-content\\\/uploads\\\/2020\\\/06\\\/cropped-banner-afogados-4.jpg?fit=369%2C137&ssl=1\",\"contentUrl\":\"https:\\\/\\\/i0.wp.com\\\/afogadosfm.com.br\\\/afogadosfm\\\/wp-content\\\/uploads\\\/2020\\\/06\\\/cropped-banner-afogados-4.jpg?fit=369%2C137&ssl=1\",\"width\":369,\"height\":137,\"caption\":\"Afogados FM\"},\"image\":{\"@id\":\"https:\\\/\\\/afogadosfm.com.br\\\/afogadosfm\\\/#\\\/schema\\\/logo\\\/image\\\/\"}},{\"@type\":\"Person\",\"@id\":\"https:\\\/\\\/afogadosfm.com.br\\\/afogadosfm\\\/#\\\/schema\\\/person\\\/60e56f2cf5dc960fc093fe093d9e9057\",\"name\":\"afogadosfm\",\"image\":{\"@type\":\"ImageObject\",\"inLanguage\":\"pt-BR\",\"@id\":\"https:\\\/\\\/secure.gravatar.com\\\/avatar\\\/e0359add7ed5dc3560906d861b52c6a8cf5c1e199d3a7dd85070998f49bd4701?s=96&d=mm&r=g\",\"url\":\"https:\\\/\\\/secure.gravatar.com\\\/avatar\\\/e0359add7ed5dc3560906d861b52c6a8cf5c1e199d3a7dd85070998f49bd4701?s=96&d=mm&r=g\",\"contentUrl\":\"https:\\\/\\\/secure.gravatar.com\\\/avatar\\\/e0359add7ed5dc3560906d861b52c6a8cf5c1e199d3a7dd85070998f49bd4701?s=96&d=mm&r=g\",\"caption\":\"afogadosfm\"},\"url\":\"https:\\\/\\\/afogadosfm.com.br\\\/afogadosfm\\\/author\\\/afogadosfm\\\/\"}]}<\/script>\n<!-- \/ Yoast SEO plugin. -->","yoast_head_json":{"title":"RJ: Adolescente de 14 anos dopa m\u00e3e, pai e o irm\u00e3o, de 4 anos, e depois mata os tr\u00eas a tiros - Afogados FM","robots":{"index":"index","follow":"follow","max-snippet":"max-snippet:-1","max-image-preview":"max-image-preview:large","max-video-preview":"max-video-preview:-1"},"canonical":"https:\/\/afogadosfm.com.br\/afogadosfm\/2025\/06\/26\/rj-adolescente-de-14-anos-dopa-mae-pai-e-o-irmao-de-4-anos-e-depois-mata-os-tres-a-tiros\/","og_locale":"pt_BR","og_type":"article","og_title":"RJ: Adolescente de 14 anos dopa m\u00e3e, pai e o irm\u00e3o, de 4 anos, e depois mata os tr\u00eas a tiros - Afogados FM","og_description":"Uma trag\u00e9dia de dimens\u00f5es inconceb\u00edveis chocou a popula\u00e7\u00e3o de Comendador Ven\u00e2ncio, distrito de Itaperuna (RJ), nesta quarta-feira (25). Os corpos","og_url":"https:\/\/afogadosfm.com.br\/afogadosfm\/2025\/06\/26\/rj-adolescente-de-14-anos-dopa-mae-pai-e-o-irmao-de-4-anos-e-depois-mata-os-tres-a-tiros\/","og_site_name":"Afogados FM","article_published_time":"2025-06-26T07:09:58+00:00","article_modified_time":"2025-06-26T07:09:59+00:00","og_image":[{"width":900,"height":500,"url":"https:\/\/afogadosfm.com.br\/afogadosfm\/wp-content\/uploads\/2025\/06\/familiamorta.jpg","type":"image\/jpeg"}],"author":"afogadosfm","twitter_card":"summary_large_image","twitter_misc":{"Escrito por":"afogadosfm","Est. tempo de leitura":"2 minutos"},"schema":{"@context":"https:\/\/schema.org","@graph":[{"@type":"Article","@id":"https:\/\/afogadosfm.com.br\/afogadosfm\/2025\/06\/26\/rj-adolescente-de-14-anos-dopa-mae-pai-e-o-irmao-de-4-anos-e-depois-mata-os-tres-a-tiros\/#article","isPartOf":{"@id":"https:\/\/afogadosfm.com.br\/afogadosfm\/2025\/06\/26\/rj-adolescente-de-14-anos-dopa-mae-pai-e-o-irmao-de-4-anos-e-depois-mata-os-tres-a-tiros\/"},"author":{"name":"afogadosfm","@id":"https:\/\/afogadosfm.com.br\/afogadosfm\/#\/schema\/person\/60e56f2cf5dc960fc093fe093d9e9057"},"headline":"RJ: Adolescente de 14 anos dopa m\u00e3e, pai e o irm\u00e3o, de 4 anos, e depois mata os tr\u00eas a tiros","datePublished":"2025-06-26T07:09:58+00:00","dateModified":"2025-06-26T07:09:59+00:00","mainEntityOfPage":{"@id":"https:\/\/afogadosfm.com.br\/afogadosfm\/2025\/06\/26\/rj-adolescente-de-14-anos-dopa-mae-pai-e-o-irmao-de-4-anos-e-depois-mata-os-tres-a-tiros\/"},"wordCount":370,"commentCount":0,"publisher":{"@id":"https:\/\/afogadosfm.com.br\/afogadosfm\/#organization"},"image":{"@id":"https:\/\/afogadosfm.com.br\/afogadosfm\/2025\/06\/26\/rj-adolescente-de-14-anos-dopa-mae-pai-e-o-irmao-de-4-anos-e-depois-mata-os-tres-a-tiros\/#primaryimage"},"thumbnailUrl":"https:\/\/i0.wp.com\/afogadosfm.com.br\/afogadosfm\/wp-content\/uploads\/2025\/06\/familiamorta.jpg?fit=900%2C500&ssl=1","articleSection":["Brasil"],"inLanguage":"pt-BR","potentialAction":[{"@type":"CommentAction","name":"Comment","target":["https:\/\/afogadosfm.com.br\/afogadosfm\/2025\/06\/26\/rj-adolescente-de-14-anos-dopa-mae-pai-e-o-irmao-de-4-anos-e-depois-mata-os-tres-a-tiros\/#respond"]}]},{"@type":"WebPage","@id":"https:\/\/afogadosfm.com.br\/afogadosfm\/2025\/06\/26\/rj-adolescente-de-14-anos-dopa-mae-pai-e-o-irmao-de-4-anos-e-depois-mata-os-tres-a-tiros\/","url":"https:\/\/afogadosfm.com.br\/afogadosfm\/2025\/06\/26\/rj-adolescente-de-14-anos-dopa-mae-pai-e-o-irmao-de-4-anos-e-depois-mata-os-tres-a-tiros\/","name":"RJ: Adolescente de 14 anos dopa m\u00e3e, pai e o irm\u00e3o, de 4 anos, e depois mata os tr\u00eas a tiros - Afogados FM","isPartOf":{"@id":"https:\/\/afogadosfm.com.br\/afogadosfm\/#website"},"primaryImageOfPage":{"@id":"https:\/\/afogadosfm.com.br\/afogadosfm\/2025\/06\/26\/rj-adolescente-de-14-anos-dopa-mae-pai-e-o-irmao-de-4-anos-e-depois-mata-os-tres-a-tiros\/#primaryimage"},"image":{"@id":"https:\/\/afogadosfm.com.br\/afogadosfm\/2025\/06\/26\/rj-adolescente-de-14-anos-dopa-mae-pai-e-o-irmao-de-4-anos-e-depois-mata-os-tres-a-tiros\/#primaryimage"},"thumbnailUrl":"https:\/\/i0.wp.com\/afogadosfm.com.br\/afogadosfm\/wp-content\/uploads\/2025\/06\/familiamorta.jpg?fit=900%2C500&ssl=1","datePublished":"2025-06-26T07:09:58+00:00","dateModified":"2025-06-26T07:09:59+00:00","breadcrumb":{"@id":"https:\/\/afogadosfm.com.br\/afogadosfm\/2025\/06\/26\/rj-adolescente-de-14-anos-dopa-mae-pai-e-o-irmao-de-4-anos-e-depois-mata-os-tres-a-tiros\/#breadcrumb"},"inLanguage":"pt-BR","potentialAction":[{"@type":"ReadAction","target":["https:\/\/afogadosfm.com.br\/afogadosfm\/2025\/06\/26\/rj-adolescente-de-14-anos-dopa-mae-pai-e-o-irmao-de-4-anos-e-depois-mata-os-tres-a-tiros\/"]}]},{"@type":"ImageObject","inLanguage":"pt-BR","@id":"https:\/\/afogadosfm.com.br\/afogadosfm\/2025\/06\/26\/rj-adolescente-de-14-anos-dopa-mae-pai-e-o-irmao-de-4-anos-e-depois-mata-os-tres-a-tiros\/#primaryimage","url":"https:\/\/i0.wp.com\/afogadosfm.com.br\/afogadosfm\/wp-content\/uploads\/2025\/06\/familiamorta.jpg?fit=900%2C500&ssl=1","contentUrl":"https:\/\/i0.wp.com\/afogadosfm.com.br\/afogadosfm\/wp-content\/uploads\/2025\/06\/familiamorta.jpg?fit=900%2C500&ssl=1","width":900,"height":500},{"@type":"BreadcrumbList","@id":"https:\/\/afogadosfm.com.br\/afogadosfm\/2025\/06\/26\/rj-adolescente-de-14-anos-dopa-mae-pai-e-o-irmao-de-4-anos-e-depois-mata-os-tres-a-tiros\/#breadcrumb","itemListElement":[{"@type":"ListItem","position":1,"name":"In\u00edcio","item":"https:\/\/afogadosfm.com.br\/afogadosfm\/"},{"@type":"ListItem","position":2,"name":"RJ: Adolescente de 14 anos dopa m\u00e3e, pai e o irm\u00e3o, de 4 anos, e depois mata os tr\u00eas a tiros"}]},{"@type":"WebSite","@id":"https:\/\/afogadosfm.com.br\/afogadosfm\/#website","url":"https:\/\/afogadosfm.com.br\/afogadosfm\/","name":"Afogados FM","description":"Um site completo!","publisher":{"@id":"https:\/\/afogadosfm.com.br\/afogadosfm\/#organization"},"potentialAction":[{"@type":"SearchAction","target":{"@type":"EntryPoint","urlTemplate":"https:\/\/afogadosfm.com.br\/afogadosfm\/?s={search_term_string}"},"query-input":{"@type":"PropertyValueSpecification","valueRequired":true,"valueName":"search_term_string"}}],"inLanguage":"pt-BR"},{"@type":"Organization","@id":"https:\/\/afogadosfm.com.br\/afogadosfm\/#organization","name":"Afogados FM","url":"https:\/\/afogadosfm.com.br\/afogadosfm\/","logo":{"@type":"ImageObject","inLanguage":"pt-BR","@id":"https:\/\/afogadosfm.com.br\/afogadosfm\/#\/schema\/logo\/image\/","url":"https:\/\/i0.wp.com\/afogadosfm.com.br\/afogadosfm\/wp-content\/uploads\/2020\/06\/cropped-banner-afogados-4.jpg?fit=369%2C137&ssl=1","contentUrl":"https:\/\/i0.wp.com\/afogadosfm.com.br\/afogadosfm\/wp-content\/uploads\/2020\/06\/cropped-banner-afogados-4.jpg?fit=369%2C137&ssl=1","width":369,"height":137,"caption":"Afogados FM"},"image":{"@id":"https:\/\/afogadosfm.com.br\/afogadosfm\/#\/schema\/logo\/image\/"}},{"@type":"Person","@id":"https:\/\/afogadosfm.com.br\/afogadosfm\/#\/schema\/person\/60e56f2cf5dc960fc093fe093d9e9057","name":"afogadosfm","image":{"@type":"ImageObject","inLanguage":"pt-BR","@id":"https:\/\/secure.gravatar.com\/avatar\/e0359add7ed5dc3560906d861b52c6a8cf5c1e199d3a7dd85070998f49bd4701?s=96&d=mm&r=g","url":"https:\/\/secure.gravatar.com\/avatar\/e0359add7ed5dc3560906d861b52c6a8cf5c1e199d3a7dd85070998f49bd4701?s=96&d=mm&r=g","contentUrl":"https:\/\/secure.gravatar.com\/avatar\/e0359add7ed5dc3560906d861b52c6a8cf5c1e199d3a7dd85070998f49bd4701?s=96&d=mm&r=g","caption":"afogadosfm"},"url":"https:\/\/afogadosfm.com.br\/afogadosfm\/author\/afogadosfm\/"}]}},"jetpack_publicize_connections":[],"jetpack_featured_media_url":"https:\/\/i0.wp.com\/afogadosfm.com.br\/afogadosfm\/wp-content\/uploads\/2025\/06\/familiamorta.jpg?fit=900%2C500&ssl=1","jetpack-related-posts":[],"jetpack_sharing_enabled":true,"jetpack_likes_enabled":true,"_links":{"self":[{"href":"https:\/\/afogadosfm.com.br\/afogadosfm\/wp-json\/wp\/v2\/posts\/66903","targetHints":{"allow":["GET"]}}],"collection":[{"href":"https:\/\/afogadosfm.com.br\/afogadosfm\/wp-json\/wp\/v2\/posts"}],"about":[{"href":"https:\/\/afogadosfm.com.br\/afogadosfm\/wp-json\/wp\/v2\/types\/post"}],"author":[{"embeddable":true,"href":"https:\/\/afogadosfm.com.br\/afogadosfm\/wp-json\/wp\/v2\/users\/2"}],"replies":[{"embeddable":true,"href":"https:\/\/afogadosfm.com.br\/afogadosfm\/wp-json\/wp\/v2\/comments?post=66903"}],"version-history":[{"count":1,"href":"https:\/\/afogadosfm.com.br\/afogadosfm\/wp-json\/wp\/v2\/posts\/66903\/revisions"}],"predecessor-version":[{"id":66905,"href":"https:\/\/afogadosfm.com.br\/afogadosfm\/wp-json\/wp\/v2\/posts\/66903\/revisions\/66905"}],"wp:featuredmedia":[{"embeddable":true,"href":"https:\/\/afogadosfm.com.br\/afogadosfm\/wp-json\/wp\/v2\/media\/66904"}],"wp:attachment":[{"href":"https:\/\/afogadosfm.com.br\/afogadosfm\/wp-json\/wp\/v2\/media?parent=66903"}],"wp:term":[{"taxonomy":"category","embeddable":true,"href":"https:\/\/afogadosfm.com.br\/afogadosfm\/wp-json\/wp\/v2\/categories?post=66903"},{"taxonomy":"post_tag","embeddable":true,"href":"https:\/\/afogadosfm.com.br\/afogadosfm\/wp-json\/wp\/v2\/tags?post=66903"}],"curies":[{"name":"wp","href":"https:\/\/api.w.org\/{rel}","templated":true}]}}