{"id":66908,"date":"2025-06-26T04:19:00","date_gmt":"2025-06-26T07:19:00","guid":{"rendered":"https:\/\/afogadosfm.com.br\/afogadosfm\/?p=66908"},"modified":"2025-06-26T04:19:01","modified_gmt":"2025-06-26T07:19:01","slug":"derrota-do-governo-camara-federal-e-senado-derrubam-aumento-do-iof","status":"publish","type":"post","link":"https:\/\/afogadosfm.com.br\/afogadosfm\/2025\/06\/26\/derrota-do-governo-camara-federal-e-senado-derrubam-aumento-do-iof\/","title":{"rendered":"Derrota do governo: C\u00e2mara Federal e Senado derrubam aumento do IOF"},"content":{"rendered":"\n<p>A C\u00e2mara dos Deputados aprovou proposta que suspende os efeitos de tr\u00eas decretos editados pelo governo federal sobre o aumento das al\u00edquotas do Imposto sobre Opera\u00e7\u00f5es Financeiras (IOF).<\/p>\n\n\n\n<p>Foram 383 votos para a derrubada do texto presidencial e outros 98 a favor da manuten\u00e7\u00e3o. O texto segue para o Senado.<\/p>\n\n\n\n<p>O \u00faltimo decreto do governo (Decreto 12.499\/25) havia suavizado os outros dois editados anteriormente (decretos 12.466\/25 e 12.467\/25), mas n\u00e3o eliminou o aumento.<\/p>\n\n\n\n<p>O texto aprovado em Plen\u00e1rio nesta quarta-feira (25) \u00e9 um substitutivo do relator, deputado Coronel Chris\u00f3stomo (PL-RO), ao Projeto de Decreto Legislativo 314\/25, do deputado Zucco (PL-RS). O texto original sustava apenas o \u00faltimo dos decretos presidenciais sobre o imposto.<\/p>\n\n\n\n<p>Senado<\/p>\n\n\n\n<p>O Senado aprovou, nesta quarta-feira (25), a anula\u00e7\u00e3o de tr\u00eas decretos do presidente Luiz In\u00e1cio Lula da Silva (PT) que aumentavam o Imposto sobre Opera\u00e7\u00f5es Financeiras (IOF).<\/p>\n\n\n\n<p>A decis\u00e3o confirma o posicionamento adotado mais cedo pela C\u00e2mara dos Deputados e representa uma derrota significativa para o governo federal.<\/p>\n\n\n\n<p>Com a derrubada dos decretos, o Executivo enfrenta uma perda estimada de R$ 10 bilh\u00f5es em arrecada\u00e7\u00e3o ainda este ano.<\/p>\n\n\n\n<p>Diante do cen\u00e1rio, a equipe econ\u00f4mica precisar\u00e1 encontrar alternativas para compensar o impacto nas contas p\u00fablicas.<\/p>\n\n\n\n<p>Esta \u00e9 a primeira vez que o Congresso revoga um aumento de imposto feito por decreto presidencial.<\/p>\n\n\n\n<p>Segundo o Minist\u00e9rio da Fazenda, a rejei\u00e7\u00e3o obriga o governo a ampliar o bloqueio de despesas no Or\u00e7amento de 2025, a fim de evitar o descumprimento da meta fiscal.<\/p>\n\n\n\n<p>Da Folha PE<\/p>\n","protected":false},"excerpt":{"rendered":"<p>A C\u00e2mara dos Deputados aprovou proposta que suspende os efeitos de tr\u00eas decretos editados pelo governo federal sobre o aumento<\/p>\n","protected":false},"author":2,"featured_media":2405,"comment_status":"open","ping_status":"open","sticky":false,"template":"","format":"standard","meta":{"jetpack_post_was_ever_published":false,"_jetpack_newsletter_access":"","_jetpack_dont_email_post_to_subs":false,"_jetpack_newsletter_tier_id":0,"_jetpack_memberships_contains_paywalled_content":false,"_jetpack_memberships_contains_paid_content":false,"footnotes":"","jetpack_publicize_message":"","jetpack_publicize_feature_enabled":true,"jetpack_social_post_already_shared":true,"jetpack_social_options":{"image_generator_settings":{"template":"highway","default_image_id":0,"font":"","enabled":false},"version":2}},"categories":[12],"tags":[],"class_list":["post-66908","post","type-post","status-publish","format-standard","has-post-thumbnail","hentry","category-brasil"],"yoast_head":"<!-- This site is optimized with the Yoast SEO plugin v27.5 - https:\/\/yoast.com\/product\/yoast-seo-wordpress\/ -->\n<title>Derrota do governo: C\u00e2mara Federal e Senado derrubam aumento do IOF - Afogados FM<\/title>\n<meta name=\"robots\" content=\"index, follow, max-snippet:-1, max-image-preview:large, max-video-preview:-1\" \/>\n<link rel=\"canonical\" href=\"https:\/\/afogadosfm.com.br\/afogadosfm\/2025\/06\/26\/derrota-do-governo-camara-federal-e-senado-derrubam-aumento-do-iof\/\" \/>\n<meta property=\"og:locale\" content=\"pt_BR\" \/>\n<meta property=\"og:type\" content=\"article\" \/>\n<meta property=\"og:title\" content=\"Derrota do governo: C\u00e2mara Federal e Senado derrubam aumento do IOF - Afogados FM\" \/>\n<meta property=\"og:description\" content=\"A C\u00e2mara dos Deputados aprovou proposta que suspende os efeitos de tr\u00eas decretos editados pelo governo federal sobre o aumento\" \/>\n<meta property=\"og:url\" content=\"https:\/\/afogadosfm.com.br\/afogadosfm\/2025\/06\/26\/derrota-do-governo-camara-federal-e-senado-derrubam-aumento-do-iof\/\" \/>\n<meta property=\"og:site_name\" content=\"Afogados FM\" \/>\n<meta property=\"article:published_time\" content=\"2025-06-26T07:19:00+00:00\" \/>\n<meta property=\"article:modified_time\" content=\"2025-06-26T07:19:01+00:00\" \/>\n<meta property=\"og:image\" content=\"https:\/\/afogadosfm.com.br\/afogadosfm\/wp-content\/uploads\/2018\/02\/congresso.jpg\" \/>\n\t<meta property=\"og:image:width\" content=\"474\" \/>\n\t<meta property=\"og:image:height\" content=\"313\" \/>\n\t<meta property=\"og:image:type\" content=\"image\/jpeg\" \/>\n<meta name=\"author\" content=\"afogadosfm\" \/>\n<meta name=\"twitter:card\" content=\"summary_large_image\" \/>\n<meta name=\"twitter:label1\" content=\"Escrito por\" \/>\n\t<meta name=\"twitter:data1\" content=\"afogadosfm\" \/>\n\t<meta name=\"twitter:label2\" content=\"Est. tempo de leitura\" \/>\n\t<meta name=\"twitter:data2\" content=\"2 minutos\" \/>\n<script type=\"application\/ld+json\" class=\"yoast-schema-graph\">{\"@context\":\"https:\\\/\\\/schema.org\",\"@graph\":[{\"@type\":\"Article\",\"@id\":\"https:\\\/\\\/afogadosfm.com.br\\\/afogadosfm\\\/2025\\\/06\\\/26\\\/derrota-do-governo-camara-federal-e-senado-derrubam-aumento-do-iof\\\/#article\",\"isPartOf\":{\"@id\":\"https:\\\/\\\/afogadosfm.com.br\\\/afogadosfm\\\/2025\\\/06\\\/26\\\/derrota-do-governo-camara-federal-e-senado-derrubam-aumento-do-iof\\\/\"},\"author\":{\"name\":\"afogadosfm\",\"@id\":\"https:\\\/\\\/afogadosfm.com.br\\\/afogadosfm\\\/#\\\/schema\\\/person\\\/60e56f2cf5dc960fc093fe093d9e9057\"},\"headline\":\"Derrota do governo: C\u00e2mara Federal e Senado derrubam aumento do IOF\",\"datePublished\":\"2025-06-26T07:19:00+00:00\",\"dateModified\":\"2025-06-26T07:19:01+00:00\",\"mainEntityOfPage\":{\"@id\":\"https:\\\/\\\/afogadosfm.com.br\\\/afogadosfm\\\/2025\\\/06\\\/26\\\/derrota-do-governo-camara-federal-e-senado-derrubam-aumento-do-iof\\\/\"},\"wordCount\":269,\"commentCount\":0,\"publisher\":{\"@id\":\"https:\\\/\\\/afogadosfm.com.br\\\/afogadosfm\\\/#organization\"},\"image\":{\"@id\":\"https:\\\/\\\/afogadosfm.com.br\\\/afogadosfm\\\/2025\\\/06\\\/26\\\/derrota-do-governo-camara-federal-e-senado-derrubam-aumento-do-iof\\\/#primaryimage\"},\"thumbnailUrl\":\"https:\\\/\\\/i0.wp.com\\\/afogadosfm.com.br\\\/afogadosfm\\\/wp-content\\\/uploads\\\/2018\\\/02\\\/congresso.jpg?fit=474%2C313&ssl=1\",\"articleSection\":[\"Brasil\"],\"inLanguage\":\"pt-BR\",\"potentialAction\":[{\"@type\":\"CommentAction\",\"name\":\"Comment\",\"target\":[\"https:\\\/\\\/afogadosfm.com.br\\\/afogadosfm\\\/2025\\\/06\\\/26\\\/derrota-do-governo-camara-federal-e-senado-derrubam-aumento-do-iof\\\/#respond\"]}]},{\"@type\":\"WebPage\",\"@id\":\"https:\\\/\\\/afogadosfm.com.br\\\/afogadosfm\\\/2025\\\/06\\\/26\\\/derrota-do-governo-camara-federal-e-senado-derrubam-aumento-do-iof\\\/\",\"url\":\"https:\\\/\\\/afogadosfm.com.br\\\/afogadosfm\\\/2025\\\/06\\\/26\\\/derrota-do-governo-camara-federal-e-senado-derrubam-aumento-do-iof\\\/\",\"name\":\"Derrota do governo: C\u00e2mara Federal e Senado derrubam aumento do IOF - Afogados FM\",\"isPartOf\":{\"@id\":\"https:\\\/\\\/afogadosfm.com.br\\\/afogadosfm\\\/#website\"},\"primaryImageOfPage\":{\"@id\":\"https:\\\/\\\/afogadosfm.com.br\\\/afogadosfm\\\/2025\\\/06\\\/26\\\/derrota-do-governo-camara-federal-e-senado-derrubam-aumento-do-iof\\\/#primaryimage\"},\"image\":{\"@id\":\"https:\\\/\\\/afogadosfm.com.br\\\/afogadosfm\\\/2025\\\/06\\\/26\\\/derrota-do-governo-camara-federal-e-senado-derrubam-aumento-do-iof\\\/#primaryimage\"},\"thumbnailUrl\":\"https:\\\/\\\/i0.wp.com\\\/afogadosfm.com.br\\\/afogadosfm\\\/wp-content\\\/uploads\\\/2018\\\/02\\\/congresso.jpg?fit=474%2C313&ssl=1\",\"datePublished\":\"2025-06-26T07:19:00+00:00\",\"dateModified\":\"2025-06-26T07:19:01+00:00\",\"breadcrumb\":{\"@id\":\"https:\\\/\\\/afogadosfm.com.br\\\/afogadosfm\\\/2025\\\/06\\\/26\\\/derrota-do-governo-camara-federal-e-senado-derrubam-aumento-do-iof\\\/#breadcrumb\"},\"inLanguage\":\"pt-BR\",\"potentialAction\":[{\"@type\":\"ReadAction\",\"target\":[\"https:\\\/\\\/afogadosfm.com.br\\\/afogadosfm\\\/2025\\\/06\\\/26\\\/derrota-do-governo-camara-federal-e-senado-derrubam-aumento-do-iof\\\/\"]}]},{\"@type\":\"ImageObject\",\"inLanguage\":\"pt-BR\",\"@id\":\"https:\\\/\\\/afogadosfm.com.br\\\/afogadosfm\\\/2025\\\/06\\\/26\\\/derrota-do-governo-camara-federal-e-senado-derrubam-aumento-do-iof\\\/#primaryimage\",\"url\":\"https:\\\/\\\/i0.wp.com\\\/afogadosfm.com.br\\\/afogadosfm\\\/wp-content\\\/uploads\\\/2018\\\/02\\\/congresso.jpg?fit=474%2C313&ssl=1\",\"contentUrl\":\"https:\\\/\\\/i0.wp.com\\\/afogadosfm.com.br\\\/afogadosfm\\\/wp-content\\\/uploads\\\/2018\\\/02\\\/congresso.jpg?fit=474%2C313&ssl=1\",\"width\":474,\"height\":313},{\"@type\":\"BreadcrumbList\",\"@id\":\"https:\\\/\\\/afogadosfm.com.br\\\/afogadosfm\\\/2025\\\/06\\\/26\\\/derrota-do-governo-camara-federal-e-senado-derrubam-aumento-do-iof\\\/#breadcrumb\",\"itemListElement\":[{\"@type\":\"ListItem\",\"position\":1,\"name\":\"In\u00edcio\",\"item\":\"https:\\\/\\\/afogadosfm.com.br\\\/afogadosfm\\\/\"},{\"@type\":\"ListItem\",\"position\":2,\"name\":\"Derrota do governo: C\u00e2mara Federal e Senado derrubam aumento do IOF\"}]},{\"@type\":\"WebSite\",\"@id\":\"https:\\\/\\\/afogadosfm.com.br\\\/afogadosfm\\\/#website\",\"url\":\"https:\\\/\\\/afogadosfm.com.br\\\/afogadosfm\\\/\",\"name\":\"Afogados FM\",\"description\":\"Um site completo!\",\"publisher\":{\"@id\":\"https:\\\/\\\/afogadosfm.com.br\\\/afogadosfm\\\/#organization\"},\"potentialAction\":[{\"@type\":\"SearchAction\",\"target\":{\"@type\":\"EntryPoint\",\"urlTemplate\":\"https:\\\/\\\/afogadosfm.com.br\\\/afogadosfm\\\/?s={search_term_string}\"},\"query-input\":{\"@type\":\"PropertyValueSpecification\",\"valueRequired\":true,\"valueName\":\"search_term_string\"}}],\"inLanguage\":\"pt-BR\"},{\"@type\":\"Organization\",\"@id\":\"https:\\\/\\\/afogadosfm.com.br\\\/afogadosfm\\\/#organization\",\"name\":\"Afogados FM\",\"url\":\"https:\\\/\\\/afogadosfm.com.br\\\/afogadosfm\\\/\",\"logo\":{\"@type\":\"ImageObject\",\"inLanguage\":\"pt-BR\",\"@id\":\"https:\\\/\\\/afogadosfm.com.br\\\/afogadosfm\\\/#\\\/schema\\\/logo\\\/image\\\/\",\"url\":\"https:\\\/\\\/i0.wp.com\\\/afogadosfm.com.br\\\/afogadosfm\\\/wp-content\\\/uploads\\\/2020\\\/06\\\/cropped-banner-afogados-4.jpg?fit=369%2C137&ssl=1\",\"contentUrl\":\"https:\\\/\\\/i0.wp.com\\\/afogadosfm.com.br\\\/afogadosfm\\\/wp-content\\\/uploads\\\/2020\\\/06\\\/cropped-banner-afogados-4.jpg?fit=369%2C137&ssl=1\",\"width\":369,\"height\":137,\"caption\":\"Afogados FM\"},\"image\":{\"@id\":\"https:\\\/\\\/afogadosfm.com.br\\\/afogadosfm\\\/#\\\/schema\\\/logo\\\/image\\\/\"}},{\"@type\":\"Person\",\"@id\":\"https:\\\/\\\/afogadosfm.com.br\\\/afogadosfm\\\/#\\\/schema\\\/person\\\/60e56f2cf5dc960fc093fe093d9e9057\",\"name\":\"afogadosfm\",\"image\":{\"@type\":\"ImageObject\",\"inLanguage\":\"pt-BR\",\"@id\":\"https:\\\/\\\/secure.gravatar.com\\\/avatar\\\/e0359add7ed5dc3560906d861b52c6a8cf5c1e199d3a7dd85070998f49bd4701?s=96&d=mm&r=g\",\"url\":\"https:\\\/\\\/secure.gravatar.com\\\/avatar\\\/e0359add7ed5dc3560906d861b52c6a8cf5c1e199d3a7dd85070998f49bd4701?s=96&d=mm&r=g\",\"contentUrl\":\"https:\\\/\\\/secure.gravatar.com\\\/avatar\\\/e0359add7ed5dc3560906d861b52c6a8cf5c1e199d3a7dd85070998f49bd4701?s=96&d=mm&r=g\",\"caption\":\"afogadosfm\"},\"url\":\"https:\\\/\\\/afogadosfm.com.br\\\/afogadosfm\\\/author\\\/afogadosfm\\\/\"}]}<\/script>\n<!-- \/ Yoast SEO plugin. -->","yoast_head_json":{"title":"Derrota do governo: C\u00e2mara Federal e Senado derrubam aumento do IOF - Afogados FM","robots":{"index":"index","follow":"follow","max-snippet":"max-snippet:-1","max-image-preview":"max-image-preview:large","max-video-preview":"max-video-preview:-1"},"canonical":"https:\/\/afogadosfm.com.br\/afogadosfm\/2025\/06\/26\/derrota-do-governo-camara-federal-e-senado-derrubam-aumento-do-iof\/","og_locale":"pt_BR","og_type":"article","og_title":"Derrota do governo: C\u00e2mara Federal e Senado derrubam aumento do IOF - Afogados FM","og_description":"A C\u00e2mara dos Deputados aprovou proposta que suspende os efeitos de tr\u00eas decretos editados pelo governo federal sobre o aumento","og_url":"https:\/\/afogadosfm.com.br\/afogadosfm\/2025\/06\/26\/derrota-do-governo-camara-federal-e-senado-derrubam-aumento-do-iof\/","og_site_name":"Afogados FM","article_published_time":"2025-06-26T07:19:00+00:00","article_modified_time":"2025-06-26T07:19:01+00:00","og_image":[{"width":474,"height":313,"url":"https:\/\/afogadosfm.com.br\/afogadosfm\/wp-content\/uploads\/2018\/02\/congresso.jpg","type":"image\/jpeg"}],"author":"afogadosfm","twitter_card":"summary_large_image","twitter_misc":{"Escrito por":"afogadosfm","Est. tempo de leitura":"2 minutos"},"schema":{"@context":"https:\/\/schema.org","@graph":[{"@type":"Article","@id":"https:\/\/afogadosfm.com.br\/afogadosfm\/2025\/06\/26\/derrota-do-governo-camara-federal-e-senado-derrubam-aumento-do-iof\/#article","isPartOf":{"@id":"https:\/\/afogadosfm.com.br\/afogadosfm\/2025\/06\/26\/derrota-do-governo-camara-federal-e-senado-derrubam-aumento-do-iof\/"},"author":{"name":"afogadosfm","@id":"https:\/\/afogadosfm.com.br\/afogadosfm\/#\/schema\/person\/60e56f2cf5dc960fc093fe093d9e9057"},"headline":"Derrota do governo: C\u00e2mara Federal e Senado derrubam aumento do IOF","datePublished":"2025-06-26T07:19:00+00:00","dateModified":"2025-06-26T07:19:01+00:00","mainEntityOfPage":{"@id":"https:\/\/afogadosfm.com.br\/afogadosfm\/2025\/06\/26\/derrota-do-governo-camara-federal-e-senado-derrubam-aumento-do-iof\/"},"wordCount":269,"commentCount":0,"publisher":{"@id":"https:\/\/afogadosfm.com.br\/afogadosfm\/#organization"},"image":{"@id":"https:\/\/afogadosfm.com.br\/afogadosfm\/2025\/06\/26\/derrota-do-governo-camara-federal-e-senado-derrubam-aumento-do-iof\/#primaryimage"},"thumbnailUrl":"https:\/\/i0.wp.com\/afogadosfm.com.br\/afogadosfm\/wp-content\/uploads\/2018\/02\/congresso.jpg?fit=474%2C313&ssl=1","articleSection":["Brasil"],"inLanguage":"pt-BR","potentialAction":[{"@type":"CommentAction","name":"Comment","target":["https:\/\/afogadosfm.com.br\/afogadosfm\/2025\/06\/26\/derrota-do-governo-camara-federal-e-senado-derrubam-aumento-do-iof\/#respond"]}]},{"@type":"WebPage","@id":"https:\/\/afogadosfm.com.br\/afogadosfm\/2025\/06\/26\/derrota-do-governo-camara-federal-e-senado-derrubam-aumento-do-iof\/","url":"https:\/\/afogadosfm.com.br\/afogadosfm\/2025\/06\/26\/derrota-do-governo-camara-federal-e-senado-derrubam-aumento-do-iof\/","name":"Derrota do governo: C\u00e2mara Federal e Senado derrubam aumento do IOF - Afogados FM","isPartOf":{"@id":"https:\/\/afogadosfm.com.br\/afogadosfm\/#website"},"primaryImageOfPage":{"@id":"https:\/\/afogadosfm.com.br\/afogadosfm\/2025\/06\/26\/derrota-do-governo-camara-federal-e-senado-derrubam-aumento-do-iof\/#primaryimage"},"image":{"@id":"https:\/\/afogadosfm.com.br\/afogadosfm\/2025\/06\/26\/derrota-do-governo-camara-federal-e-senado-derrubam-aumento-do-iof\/#primaryimage"},"thumbnailUrl":"https:\/\/i0.wp.com\/afogadosfm.com.br\/afogadosfm\/wp-content\/uploads\/2018\/02\/congresso.jpg?fit=474%2C313&ssl=1","datePublished":"2025-06-26T07:19:00+00:00","dateModified":"2025-06-26T07:19:01+00:00","breadcrumb":{"@id":"https:\/\/afogadosfm.com.br\/afogadosfm\/2025\/06\/26\/derrota-do-governo-camara-federal-e-senado-derrubam-aumento-do-iof\/#breadcrumb"},"inLanguage":"pt-BR","potentialAction":[{"@type":"ReadAction","target":["https:\/\/afogadosfm.com.br\/afogadosfm\/2025\/06\/26\/derrota-do-governo-camara-federal-e-senado-derrubam-aumento-do-iof\/"]}]},{"@type":"ImageObject","inLanguage":"pt-BR","@id":"https:\/\/afogadosfm.com.br\/afogadosfm\/2025\/06\/26\/derrota-do-governo-camara-federal-e-senado-derrubam-aumento-do-iof\/#primaryimage","url":"https:\/\/i0.wp.com\/afogadosfm.com.br\/afogadosfm\/wp-content\/uploads\/2018\/02\/congresso.jpg?fit=474%2C313&ssl=1","contentUrl":"https:\/\/i0.wp.com\/afogadosfm.com.br\/afogadosfm\/wp-content\/uploads\/2018\/02\/congresso.jpg?fit=474%2C313&ssl=1","width":474,"height":313},{"@type":"BreadcrumbList","@id":"https:\/\/afogadosfm.com.br\/afogadosfm\/2025\/06\/26\/derrota-do-governo-camara-federal-e-senado-derrubam-aumento-do-iof\/#breadcrumb","itemListElement":[{"@type":"ListItem","position":1,"name":"In\u00edcio","item":"https:\/\/afogadosfm.com.br\/afogadosfm\/"},{"@type":"ListItem","position":2,"name":"Derrota do governo: C\u00e2mara Federal e Senado derrubam aumento do IOF"}]},{"@type":"WebSite","@id":"https:\/\/afogadosfm.com.br\/afogadosfm\/#website","url":"https:\/\/afogadosfm.com.br\/afogadosfm\/","name":"Afogados FM","description":"Um site completo!","publisher":{"@id":"https:\/\/afogadosfm.com.br\/afogadosfm\/#organization"},"potentialAction":[{"@type":"SearchAction","target":{"@type":"EntryPoint","urlTemplate":"https:\/\/afogadosfm.com.br\/afogadosfm\/?s={search_term_string}"},"query-input":{"@type":"PropertyValueSpecification","valueRequired":true,"valueName":"search_term_string"}}],"inLanguage":"pt-BR"},{"@type":"Organization","@id":"https:\/\/afogadosfm.com.br\/afogadosfm\/#organization","name":"Afogados FM","url":"https:\/\/afogadosfm.com.br\/afogadosfm\/","logo":{"@type":"ImageObject","inLanguage":"pt-BR","@id":"https:\/\/afogadosfm.com.br\/afogadosfm\/#\/schema\/logo\/image\/","url":"https:\/\/i0.wp.com\/afogadosfm.com.br\/afogadosfm\/wp-content\/uploads\/2020\/06\/cropped-banner-afogados-4.jpg?fit=369%2C137&ssl=1","contentUrl":"https:\/\/i0.wp.com\/afogadosfm.com.br\/afogadosfm\/wp-content\/uploads\/2020\/06\/cropped-banner-afogados-4.jpg?fit=369%2C137&ssl=1","width":369,"height":137,"caption":"Afogados FM"},"image":{"@id":"https:\/\/afogadosfm.com.br\/afogadosfm\/#\/schema\/logo\/image\/"}},{"@type":"Person","@id":"https:\/\/afogadosfm.com.br\/afogadosfm\/#\/schema\/person\/60e56f2cf5dc960fc093fe093d9e9057","name":"afogadosfm","image":{"@type":"ImageObject","inLanguage":"pt-BR","@id":"https:\/\/secure.gravatar.com\/avatar\/e0359add7ed5dc3560906d861b52c6a8cf5c1e199d3a7dd85070998f49bd4701?s=96&d=mm&r=g","url":"https:\/\/secure.gravatar.com\/avatar\/e0359add7ed5dc3560906d861b52c6a8cf5c1e199d3a7dd85070998f49bd4701?s=96&d=mm&r=g","contentUrl":"https:\/\/secure.gravatar.com\/avatar\/e0359add7ed5dc3560906d861b52c6a8cf5c1e199d3a7dd85070998f49bd4701?s=96&d=mm&r=g","caption":"afogadosfm"},"url":"https:\/\/afogadosfm.com.br\/afogadosfm\/author\/afogadosfm\/"}]}},"jetpack_publicize_connections":[],"jetpack_featured_media_url":"https:\/\/i0.wp.com\/afogadosfm.com.br\/afogadosfm\/wp-content\/uploads\/2018\/02\/congresso.jpg?fit=474%2C313&ssl=1","jetpack-related-posts":[],"jetpack_sharing_enabled":true,"jetpack_likes_enabled":true,"_links":{"self":[{"href":"https:\/\/afogadosfm.com.br\/afogadosfm\/wp-json\/wp\/v2\/posts\/66908","targetHints":{"allow":["GET"]}}],"collection":[{"href":"https:\/\/afogadosfm.com.br\/afogadosfm\/wp-json\/wp\/v2\/posts"}],"about":[{"href":"https:\/\/afogadosfm.com.br\/afogadosfm\/wp-json\/wp\/v2\/types\/post"}],"author":[{"embeddable":true,"href":"https:\/\/afogadosfm.com.br\/afogadosfm\/wp-json\/wp\/v2\/users\/2"}],"replies":[{"embeddable":true,"href":"https:\/\/afogadosfm.com.br\/afogadosfm\/wp-json\/wp\/v2\/comments?post=66908"}],"version-history":[{"count":1,"href":"https:\/\/afogadosfm.com.br\/afogadosfm\/wp-json\/wp\/v2\/posts\/66908\/revisions"}],"predecessor-version":[{"id":66909,"href":"https:\/\/afogadosfm.com.br\/afogadosfm\/wp-json\/wp\/v2\/posts\/66908\/revisions\/66909"}],"wp:featuredmedia":[{"embeddable":true,"href":"https:\/\/afogadosfm.com.br\/afogadosfm\/wp-json\/wp\/v2\/media\/2405"}],"wp:attachment":[{"href":"https:\/\/afogadosfm.com.br\/afogadosfm\/wp-json\/wp\/v2\/media?parent=66908"}],"wp:term":[{"taxonomy":"category","embeddable":true,"href":"https:\/\/afogadosfm.com.br\/afogadosfm\/wp-json\/wp\/v2\/categories?post=66908"},{"taxonomy":"post_tag","embeddable":true,"href":"https:\/\/afogadosfm.com.br\/afogadosfm\/wp-json\/wp\/v2\/tags?post=66908"}],"curies":[{"name":"wp","href":"https:\/\/api.w.org\/{rel}","templated":true}]}}