{"id":66910,"date":"2025-06-26T04:23:38","date_gmt":"2025-06-26T07:23:38","guid":{"rendered":"https:\/\/afogadosfm.com.br\/afogadosfm\/?p=66910"},"modified":"2025-06-26T04:23:39","modified_gmt":"2025-06-26T07:23:39","slug":"com-arma-de-brinquedo-homem-tenta-assalta-policial-do-bope-e-acaba-baleado-em-recife","status":"publish","type":"post","link":"https:\/\/afogadosfm.com.br\/afogadosfm\/2025\/06\/26\/com-arma-de-brinquedo-homem-tenta-assalta-policial-do-bope-e-acaba-baleado-em-recife\/","title":{"rendered":"Com arma de brinquedo, homem tenta assalta policial do BOPE e acaba baleado em Recife"},"content":{"rendered":"\n<p>Um homem, de 36 anos, foi preso em flagrante ap\u00f3s tentar assaltar um cabo do Batalh\u00e3o de Opera\u00e7\u00f5es Policiais Especiais (Bope), da Pol\u00edcia Militar (PM), no Tejipi\u00f3, na Zona Oeste do Recife, na noite de ter\u00e7a-feira (24). O suspeito, que estava com uma arma de brinquedo, acabou baleado no ombro.<\/p>\n\n\n\n<p>Em seu depoimento, Renato Nunes de Barros disse ter recebido a arma falsa de um desconhecido, que exigiu que ele roubasse um carro para quitar suas d\u00edvidas de drogas. O comparsa teria testemunhado o assalto, mas ainda n\u00e3o foi detido.<\/p>\n\n\n\n<p>Segundo a investiga\u00e7\u00e3o, Renato abordou o PM na Avenida Tempo Feliz, pr\u00f3ximo ao Cemit\u00e9rio Parque das Flores, por volta das 21 horas. O policial, que estava de folga, declarou que esperava a av\u00f3 descer do carro quando foi surpreendido pelo assaltante.<\/p>\n\n\n\n<p>O suspeito teria aberto a porta do motorista, apontado a arma e amea\u00e7ado as v\u00edtimas, gritando para n\u00e3o reagirem ou iriam morrer. Ao perceber que o PM estava armado, Renato teria perguntado se ele era policial, segundo a investiga\u00e7\u00e3o.<\/p>\n\n\n\n<p>Os dois come\u00e7aram uma luta corporal, no meio da qual houve o disparo da arma de fogo, de acordo com os depoimentos. Ferido, Renato teria soltado a arma de brinquedo e fugido do local.<\/p>\n\n\n\n<p>Ele foi detido ap\u00f3s dar entrada na Unidade de Pronto Atendimento (UPA) dos Torr\u00f5es, tamb\u00e9m na Zona Oeste. Em depoimento, ele confessou o crime e disse que j\u00e1 tinha passagens por tr\u00e1fico de drogas.<\/p>\n\n\n\n<p>O caso foi registrado pelo Departamento de Homic\u00eddios e Prote\u00e7\u00e3o \u00e0 Pessoa (DHPP).<\/p>\n\n\n\n<p>Do DP<\/p>\n","protected":false},"excerpt":{"rendered":"<p>Um homem, de 36 anos, foi preso em flagrante ap\u00f3s tentar assaltar um cabo do Batalh\u00e3o de Opera\u00e7\u00f5es Policiais Especiais<\/p>\n","protected":false},"author":2,"featured_media":35855,"comment_status":"open","ping_status":"open","sticky":false,"template":"","format":"standard","meta":{"jetpack_post_was_ever_published":false,"_jetpack_newsletter_access":"","_jetpack_dont_email_post_to_subs":false,"_jetpack_newsletter_tier_id":0,"_jetpack_memberships_contains_paywalled_content":false,"_jetpack_memberships_contains_paid_content":false,"footnotes":"","jetpack_publicize_message":"","jetpack_publicize_feature_enabled":true,"jetpack_social_post_already_shared":true,"jetpack_social_options":{"image_generator_settings":{"template":"highway","default_image_id":0,"font":"","enabled":false},"version":2}},"categories":[34],"tags":[],"class_list":["post-66910","post","type-post","status-publish","format-standard","has-post-thumbnail","hentry","category-policia"],"yoast_head":"<!-- This site is optimized with the Yoast SEO plugin v27.5 - https:\/\/yoast.com\/product\/yoast-seo-wordpress\/ -->\n<title>Com arma de brinquedo, homem tenta assalta policial do BOPE e acaba baleado em Recife - Afogados FM<\/title>\n<meta name=\"robots\" content=\"index, follow, max-snippet:-1, max-image-preview:large, max-video-preview:-1\" \/>\n<link rel=\"canonical\" href=\"https:\/\/afogadosfm.com.br\/afogadosfm\/2025\/06\/26\/com-arma-de-brinquedo-homem-tenta-assalta-policial-do-bope-e-acaba-baleado-em-recife\/\" \/>\n<meta property=\"og:locale\" content=\"pt_BR\" \/>\n<meta property=\"og:type\" content=\"article\" \/>\n<meta property=\"og:title\" content=\"Com arma de brinquedo, homem tenta assalta policial do BOPE e acaba baleado em Recife - Afogados FM\" \/>\n<meta property=\"og:description\" content=\"Um homem, de 36 anos, foi preso em flagrante ap\u00f3s tentar assaltar um cabo do Batalh\u00e3o de Opera\u00e7\u00f5es Policiais Especiais\" \/>\n<meta property=\"og:url\" content=\"https:\/\/afogadosfm.com.br\/afogadosfm\/2025\/06\/26\/com-arma-de-brinquedo-homem-tenta-assalta-policial-do-bope-e-acaba-baleado-em-recife\/\" \/>\n<meta property=\"og:site_name\" content=\"Afogados FM\" \/>\n<meta property=\"article:published_time\" content=\"2025-06-26T07:23:38+00:00\" \/>\n<meta property=\"article:modified_time\" content=\"2025-06-26T07:23:39+00:00\" \/>\n<meta property=\"og:image\" content=\"https:\/\/afogadosfm.com.br\/afogadosfm\/wp-content\/uploads\/2022\/03\/policiaplan.jpg\" \/>\n\t<meta property=\"og:image:width\" content=\"284\" \/>\n\t<meta property=\"og:image:height\" content=\"177\" \/>\n\t<meta property=\"og:image:type\" content=\"image\/jpeg\" \/>\n<meta name=\"author\" content=\"afogadosfm\" \/>\n<meta name=\"twitter:card\" content=\"summary_large_image\" \/>\n<meta name=\"twitter:label1\" content=\"Escrito por\" \/>\n\t<meta name=\"twitter:data1\" content=\"afogadosfm\" \/>\n\t<meta name=\"twitter:label2\" content=\"Est. tempo de leitura\" \/>\n\t<meta name=\"twitter:data2\" content=\"2 minutos\" \/>\n<script type=\"application\/ld+json\" class=\"yoast-schema-graph\">{\"@context\":\"https:\\\/\\\/schema.org\",\"@graph\":[{\"@type\":\"Article\",\"@id\":\"https:\\\/\\\/afogadosfm.com.br\\\/afogadosfm\\\/2025\\\/06\\\/26\\\/com-arma-de-brinquedo-homem-tenta-assalta-policial-do-bope-e-acaba-baleado-em-recife\\\/#article\",\"isPartOf\":{\"@id\":\"https:\\\/\\\/afogadosfm.com.br\\\/afogadosfm\\\/2025\\\/06\\\/26\\\/com-arma-de-brinquedo-homem-tenta-assalta-policial-do-bope-e-acaba-baleado-em-recife\\\/\"},\"author\":{\"name\":\"afogadosfm\",\"@id\":\"https:\\\/\\\/afogadosfm.com.br\\\/afogadosfm\\\/#\\\/schema\\\/person\\\/60e56f2cf5dc960fc093fe093d9e9057\"},\"headline\":\"Com arma de brinquedo, homem tenta assalta policial do BOPE e acaba baleado em Recife\",\"datePublished\":\"2025-06-26T07:23:38+00:00\",\"dateModified\":\"2025-06-26T07:23:39+00:00\",\"mainEntityOfPage\":{\"@id\":\"https:\\\/\\\/afogadosfm.com.br\\\/afogadosfm\\\/2025\\\/06\\\/26\\\/com-arma-de-brinquedo-homem-tenta-assalta-policial-do-bope-e-acaba-baleado-em-recife\\\/\"},\"wordCount\":285,\"commentCount\":0,\"publisher\":{\"@id\":\"https:\\\/\\\/afogadosfm.com.br\\\/afogadosfm\\\/#organization\"},\"image\":{\"@id\":\"https:\\\/\\\/afogadosfm.com.br\\\/afogadosfm\\\/2025\\\/06\\\/26\\\/com-arma-de-brinquedo-homem-tenta-assalta-policial-do-bope-e-acaba-baleado-em-recife\\\/#primaryimage\"},\"thumbnailUrl\":\"https:\\\/\\\/i0.wp.com\\\/afogadosfm.com.br\\\/afogadosfm\\\/wp-content\\\/uploads\\\/2022\\\/03\\\/policiaplan.jpg?fit=284%2C177&ssl=1\",\"articleSection\":[\"Pol\u00edcia\"],\"inLanguage\":\"pt-BR\",\"potentialAction\":[{\"@type\":\"CommentAction\",\"name\":\"Comment\",\"target\":[\"https:\\\/\\\/afogadosfm.com.br\\\/afogadosfm\\\/2025\\\/06\\\/26\\\/com-arma-de-brinquedo-homem-tenta-assalta-policial-do-bope-e-acaba-baleado-em-recife\\\/#respond\"]}]},{\"@type\":\"WebPage\",\"@id\":\"https:\\\/\\\/afogadosfm.com.br\\\/afogadosfm\\\/2025\\\/06\\\/26\\\/com-arma-de-brinquedo-homem-tenta-assalta-policial-do-bope-e-acaba-baleado-em-recife\\\/\",\"url\":\"https:\\\/\\\/afogadosfm.com.br\\\/afogadosfm\\\/2025\\\/06\\\/26\\\/com-arma-de-brinquedo-homem-tenta-assalta-policial-do-bope-e-acaba-baleado-em-recife\\\/\",\"name\":\"Com arma de brinquedo, homem tenta assalta policial do BOPE e acaba baleado em Recife - Afogados FM\",\"isPartOf\":{\"@id\":\"https:\\\/\\\/afogadosfm.com.br\\\/afogadosfm\\\/#website\"},\"primaryImageOfPage\":{\"@id\":\"https:\\\/\\\/afogadosfm.com.br\\\/afogadosfm\\\/2025\\\/06\\\/26\\\/com-arma-de-brinquedo-homem-tenta-assalta-policial-do-bope-e-acaba-baleado-em-recife\\\/#primaryimage\"},\"image\":{\"@id\":\"https:\\\/\\\/afogadosfm.com.br\\\/afogadosfm\\\/2025\\\/06\\\/26\\\/com-arma-de-brinquedo-homem-tenta-assalta-policial-do-bope-e-acaba-baleado-em-recife\\\/#primaryimage\"},\"thumbnailUrl\":\"https:\\\/\\\/i0.wp.com\\\/afogadosfm.com.br\\\/afogadosfm\\\/wp-content\\\/uploads\\\/2022\\\/03\\\/policiaplan.jpg?fit=284%2C177&ssl=1\",\"datePublished\":\"2025-06-26T07:23:38+00:00\",\"dateModified\":\"2025-06-26T07:23:39+00:00\",\"breadcrumb\":{\"@id\":\"https:\\\/\\\/afogadosfm.com.br\\\/afogadosfm\\\/2025\\\/06\\\/26\\\/com-arma-de-brinquedo-homem-tenta-assalta-policial-do-bope-e-acaba-baleado-em-recife\\\/#breadcrumb\"},\"inLanguage\":\"pt-BR\",\"potentialAction\":[{\"@type\":\"ReadAction\",\"target\":[\"https:\\\/\\\/afogadosfm.com.br\\\/afogadosfm\\\/2025\\\/06\\\/26\\\/com-arma-de-brinquedo-homem-tenta-assalta-policial-do-bope-e-acaba-baleado-em-recife\\\/\"]}]},{\"@type\":\"ImageObject\",\"inLanguage\":\"pt-BR\",\"@id\":\"https:\\\/\\\/afogadosfm.com.br\\\/afogadosfm\\\/2025\\\/06\\\/26\\\/com-arma-de-brinquedo-homem-tenta-assalta-policial-do-bope-e-acaba-baleado-em-recife\\\/#primaryimage\",\"url\":\"https:\\\/\\\/i0.wp.com\\\/afogadosfm.com.br\\\/afogadosfm\\\/wp-content\\\/uploads\\\/2022\\\/03\\\/policiaplan.jpg?fit=284%2C177&ssl=1\",\"contentUrl\":\"https:\\\/\\\/i0.wp.com\\\/afogadosfm.com.br\\\/afogadosfm\\\/wp-content\\\/uploads\\\/2022\\\/03\\\/policiaplan.jpg?fit=284%2C177&ssl=1\",\"width\":284,\"height\":177},{\"@type\":\"BreadcrumbList\",\"@id\":\"https:\\\/\\\/afogadosfm.com.br\\\/afogadosfm\\\/2025\\\/06\\\/26\\\/com-arma-de-brinquedo-homem-tenta-assalta-policial-do-bope-e-acaba-baleado-em-recife\\\/#breadcrumb\",\"itemListElement\":[{\"@type\":\"ListItem\",\"position\":1,\"name\":\"In\u00edcio\",\"item\":\"https:\\\/\\\/afogadosfm.com.br\\\/afogadosfm\\\/\"},{\"@type\":\"ListItem\",\"position\":2,\"name\":\"Com arma de brinquedo, homem tenta assalta policial do BOPE e acaba baleado em Recife\"}]},{\"@type\":\"WebSite\",\"@id\":\"https:\\\/\\\/afogadosfm.com.br\\\/afogadosfm\\\/#website\",\"url\":\"https:\\\/\\\/afogadosfm.com.br\\\/afogadosfm\\\/\",\"name\":\"Afogados FM\",\"description\":\"Um site completo!\",\"publisher\":{\"@id\":\"https:\\\/\\\/afogadosfm.com.br\\\/afogadosfm\\\/#organization\"},\"potentialAction\":[{\"@type\":\"SearchAction\",\"target\":{\"@type\":\"EntryPoint\",\"urlTemplate\":\"https:\\\/\\\/afogadosfm.com.br\\\/afogadosfm\\\/?s={search_term_string}\"},\"query-input\":{\"@type\":\"PropertyValueSpecification\",\"valueRequired\":true,\"valueName\":\"search_term_string\"}}],\"inLanguage\":\"pt-BR\"},{\"@type\":\"Organization\",\"@id\":\"https:\\\/\\\/afogadosfm.com.br\\\/afogadosfm\\\/#organization\",\"name\":\"Afogados FM\",\"url\":\"https:\\\/\\\/afogadosfm.com.br\\\/afogadosfm\\\/\",\"logo\":{\"@type\":\"ImageObject\",\"inLanguage\":\"pt-BR\",\"@id\":\"https:\\\/\\\/afogadosfm.com.br\\\/afogadosfm\\\/#\\\/schema\\\/logo\\\/image\\\/\",\"url\":\"https:\\\/\\\/i0.wp.com\\\/afogadosfm.com.br\\\/afogadosfm\\\/wp-content\\\/uploads\\\/2020\\\/06\\\/cropped-banner-afogados-4.jpg?fit=369%2C137&ssl=1\",\"contentUrl\":\"https:\\\/\\\/i0.wp.com\\\/afogadosfm.com.br\\\/afogadosfm\\\/wp-content\\\/uploads\\\/2020\\\/06\\\/cropped-banner-afogados-4.jpg?fit=369%2C137&ssl=1\",\"width\":369,\"height\":137,\"caption\":\"Afogados FM\"},\"image\":{\"@id\":\"https:\\\/\\\/afogadosfm.com.br\\\/afogadosfm\\\/#\\\/schema\\\/logo\\\/image\\\/\"}},{\"@type\":\"Person\",\"@id\":\"https:\\\/\\\/afogadosfm.com.br\\\/afogadosfm\\\/#\\\/schema\\\/person\\\/60e56f2cf5dc960fc093fe093d9e9057\",\"name\":\"afogadosfm\",\"image\":{\"@type\":\"ImageObject\",\"inLanguage\":\"pt-BR\",\"@id\":\"https:\\\/\\\/secure.gravatar.com\\\/avatar\\\/e0359add7ed5dc3560906d861b52c6a8cf5c1e199d3a7dd85070998f49bd4701?s=96&d=mm&r=g\",\"url\":\"https:\\\/\\\/secure.gravatar.com\\\/avatar\\\/e0359add7ed5dc3560906d861b52c6a8cf5c1e199d3a7dd85070998f49bd4701?s=96&d=mm&r=g\",\"contentUrl\":\"https:\\\/\\\/secure.gravatar.com\\\/avatar\\\/e0359add7ed5dc3560906d861b52c6a8cf5c1e199d3a7dd85070998f49bd4701?s=96&d=mm&r=g\",\"caption\":\"afogadosfm\"},\"url\":\"https:\\\/\\\/afogadosfm.com.br\\\/afogadosfm\\\/author\\\/afogadosfm\\\/\"}]}<\/script>\n<!-- \/ Yoast SEO plugin. -->","yoast_head_json":{"title":"Com arma de brinquedo, homem tenta assalta policial do BOPE e acaba baleado em Recife - Afogados FM","robots":{"index":"index","follow":"follow","max-snippet":"max-snippet:-1","max-image-preview":"max-image-preview:large","max-video-preview":"max-video-preview:-1"},"canonical":"https:\/\/afogadosfm.com.br\/afogadosfm\/2025\/06\/26\/com-arma-de-brinquedo-homem-tenta-assalta-policial-do-bope-e-acaba-baleado-em-recife\/","og_locale":"pt_BR","og_type":"article","og_title":"Com arma de brinquedo, homem tenta assalta policial do BOPE e acaba baleado em Recife - Afogados FM","og_description":"Um homem, de 36 anos, foi preso em flagrante ap\u00f3s tentar assaltar um cabo do Batalh\u00e3o de Opera\u00e7\u00f5es Policiais Especiais","og_url":"https:\/\/afogadosfm.com.br\/afogadosfm\/2025\/06\/26\/com-arma-de-brinquedo-homem-tenta-assalta-policial-do-bope-e-acaba-baleado-em-recife\/","og_site_name":"Afogados FM","article_published_time":"2025-06-26T07:23:38+00:00","article_modified_time":"2025-06-26T07:23:39+00:00","og_image":[{"width":284,"height":177,"url":"https:\/\/afogadosfm.com.br\/afogadosfm\/wp-content\/uploads\/2022\/03\/policiaplan.jpg","type":"image\/jpeg"}],"author":"afogadosfm","twitter_card":"summary_large_image","twitter_misc":{"Escrito por":"afogadosfm","Est. tempo de leitura":"2 minutos"},"schema":{"@context":"https:\/\/schema.org","@graph":[{"@type":"Article","@id":"https:\/\/afogadosfm.com.br\/afogadosfm\/2025\/06\/26\/com-arma-de-brinquedo-homem-tenta-assalta-policial-do-bope-e-acaba-baleado-em-recife\/#article","isPartOf":{"@id":"https:\/\/afogadosfm.com.br\/afogadosfm\/2025\/06\/26\/com-arma-de-brinquedo-homem-tenta-assalta-policial-do-bope-e-acaba-baleado-em-recife\/"},"author":{"name":"afogadosfm","@id":"https:\/\/afogadosfm.com.br\/afogadosfm\/#\/schema\/person\/60e56f2cf5dc960fc093fe093d9e9057"},"headline":"Com arma de brinquedo, homem tenta assalta policial do BOPE e acaba baleado em Recife","datePublished":"2025-06-26T07:23:38+00:00","dateModified":"2025-06-26T07:23:39+00:00","mainEntityOfPage":{"@id":"https:\/\/afogadosfm.com.br\/afogadosfm\/2025\/06\/26\/com-arma-de-brinquedo-homem-tenta-assalta-policial-do-bope-e-acaba-baleado-em-recife\/"},"wordCount":285,"commentCount":0,"publisher":{"@id":"https:\/\/afogadosfm.com.br\/afogadosfm\/#organization"},"image":{"@id":"https:\/\/afogadosfm.com.br\/afogadosfm\/2025\/06\/26\/com-arma-de-brinquedo-homem-tenta-assalta-policial-do-bope-e-acaba-baleado-em-recife\/#primaryimage"},"thumbnailUrl":"https:\/\/i0.wp.com\/afogadosfm.com.br\/afogadosfm\/wp-content\/uploads\/2022\/03\/policiaplan.jpg?fit=284%2C177&ssl=1","articleSection":["Pol\u00edcia"],"inLanguage":"pt-BR","potentialAction":[{"@type":"CommentAction","name":"Comment","target":["https:\/\/afogadosfm.com.br\/afogadosfm\/2025\/06\/26\/com-arma-de-brinquedo-homem-tenta-assalta-policial-do-bope-e-acaba-baleado-em-recife\/#respond"]}]},{"@type":"WebPage","@id":"https:\/\/afogadosfm.com.br\/afogadosfm\/2025\/06\/26\/com-arma-de-brinquedo-homem-tenta-assalta-policial-do-bope-e-acaba-baleado-em-recife\/","url":"https:\/\/afogadosfm.com.br\/afogadosfm\/2025\/06\/26\/com-arma-de-brinquedo-homem-tenta-assalta-policial-do-bope-e-acaba-baleado-em-recife\/","name":"Com arma de brinquedo, homem tenta assalta policial do BOPE e acaba baleado em Recife - Afogados FM","isPartOf":{"@id":"https:\/\/afogadosfm.com.br\/afogadosfm\/#website"},"primaryImageOfPage":{"@id":"https:\/\/afogadosfm.com.br\/afogadosfm\/2025\/06\/26\/com-arma-de-brinquedo-homem-tenta-assalta-policial-do-bope-e-acaba-baleado-em-recife\/#primaryimage"},"image":{"@id":"https:\/\/afogadosfm.com.br\/afogadosfm\/2025\/06\/26\/com-arma-de-brinquedo-homem-tenta-assalta-policial-do-bope-e-acaba-baleado-em-recife\/#primaryimage"},"thumbnailUrl":"https:\/\/i0.wp.com\/afogadosfm.com.br\/afogadosfm\/wp-content\/uploads\/2022\/03\/policiaplan.jpg?fit=284%2C177&ssl=1","datePublished":"2025-06-26T07:23:38+00:00","dateModified":"2025-06-26T07:23:39+00:00","breadcrumb":{"@id":"https:\/\/afogadosfm.com.br\/afogadosfm\/2025\/06\/26\/com-arma-de-brinquedo-homem-tenta-assalta-policial-do-bope-e-acaba-baleado-em-recife\/#breadcrumb"},"inLanguage":"pt-BR","potentialAction":[{"@type":"ReadAction","target":["https:\/\/afogadosfm.com.br\/afogadosfm\/2025\/06\/26\/com-arma-de-brinquedo-homem-tenta-assalta-policial-do-bope-e-acaba-baleado-em-recife\/"]}]},{"@type":"ImageObject","inLanguage":"pt-BR","@id":"https:\/\/afogadosfm.com.br\/afogadosfm\/2025\/06\/26\/com-arma-de-brinquedo-homem-tenta-assalta-policial-do-bope-e-acaba-baleado-em-recife\/#primaryimage","url":"https:\/\/i0.wp.com\/afogadosfm.com.br\/afogadosfm\/wp-content\/uploads\/2022\/03\/policiaplan.jpg?fit=284%2C177&ssl=1","contentUrl":"https:\/\/i0.wp.com\/afogadosfm.com.br\/afogadosfm\/wp-content\/uploads\/2022\/03\/policiaplan.jpg?fit=284%2C177&ssl=1","width":284,"height":177},{"@type":"BreadcrumbList","@id":"https:\/\/afogadosfm.com.br\/afogadosfm\/2025\/06\/26\/com-arma-de-brinquedo-homem-tenta-assalta-policial-do-bope-e-acaba-baleado-em-recife\/#breadcrumb","itemListElement":[{"@type":"ListItem","position":1,"name":"In\u00edcio","item":"https:\/\/afogadosfm.com.br\/afogadosfm\/"},{"@type":"ListItem","position":2,"name":"Com arma de brinquedo, homem tenta assalta policial do BOPE e acaba baleado em Recife"}]},{"@type":"WebSite","@id":"https:\/\/afogadosfm.com.br\/afogadosfm\/#website","url":"https:\/\/afogadosfm.com.br\/afogadosfm\/","name":"Afogados FM","description":"Um site completo!","publisher":{"@id":"https:\/\/afogadosfm.com.br\/afogadosfm\/#organization"},"potentialAction":[{"@type":"SearchAction","target":{"@type":"EntryPoint","urlTemplate":"https:\/\/afogadosfm.com.br\/afogadosfm\/?s={search_term_string}"},"query-input":{"@type":"PropertyValueSpecification","valueRequired":true,"valueName":"search_term_string"}}],"inLanguage":"pt-BR"},{"@type":"Organization","@id":"https:\/\/afogadosfm.com.br\/afogadosfm\/#organization","name":"Afogados FM","url":"https:\/\/afogadosfm.com.br\/afogadosfm\/","logo":{"@type":"ImageObject","inLanguage":"pt-BR","@id":"https:\/\/afogadosfm.com.br\/afogadosfm\/#\/schema\/logo\/image\/","url":"https:\/\/i0.wp.com\/afogadosfm.com.br\/afogadosfm\/wp-content\/uploads\/2020\/06\/cropped-banner-afogados-4.jpg?fit=369%2C137&ssl=1","contentUrl":"https:\/\/i0.wp.com\/afogadosfm.com.br\/afogadosfm\/wp-content\/uploads\/2020\/06\/cropped-banner-afogados-4.jpg?fit=369%2C137&ssl=1","width":369,"height":137,"caption":"Afogados FM"},"image":{"@id":"https:\/\/afogadosfm.com.br\/afogadosfm\/#\/schema\/logo\/image\/"}},{"@type":"Person","@id":"https:\/\/afogadosfm.com.br\/afogadosfm\/#\/schema\/person\/60e56f2cf5dc960fc093fe093d9e9057","name":"afogadosfm","image":{"@type":"ImageObject","inLanguage":"pt-BR","@id":"https:\/\/secure.gravatar.com\/avatar\/e0359add7ed5dc3560906d861b52c6a8cf5c1e199d3a7dd85070998f49bd4701?s=96&d=mm&r=g","url":"https:\/\/secure.gravatar.com\/avatar\/e0359add7ed5dc3560906d861b52c6a8cf5c1e199d3a7dd85070998f49bd4701?s=96&d=mm&r=g","contentUrl":"https:\/\/secure.gravatar.com\/avatar\/e0359add7ed5dc3560906d861b52c6a8cf5c1e199d3a7dd85070998f49bd4701?s=96&d=mm&r=g","caption":"afogadosfm"},"url":"https:\/\/afogadosfm.com.br\/afogadosfm\/author\/afogadosfm\/"}]}},"jetpack_publicize_connections":[],"jetpack_featured_media_url":"https:\/\/i0.wp.com\/afogadosfm.com.br\/afogadosfm\/wp-content\/uploads\/2022\/03\/policiaplan.jpg?fit=284%2C177&ssl=1","jetpack-related-posts":[],"jetpack_sharing_enabled":true,"jetpack_likes_enabled":true,"_links":{"self":[{"href":"https:\/\/afogadosfm.com.br\/afogadosfm\/wp-json\/wp\/v2\/posts\/66910","targetHints":{"allow":["GET"]}}],"collection":[{"href":"https:\/\/afogadosfm.com.br\/afogadosfm\/wp-json\/wp\/v2\/posts"}],"about":[{"href":"https:\/\/afogadosfm.com.br\/afogadosfm\/wp-json\/wp\/v2\/types\/post"}],"author":[{"embeddable":true,"href":"https:\/\/afogadosfm.com.br\/afogadosfm\/wp-json\/wp\/v2\/users\/2"}],"replies":[{"embeddable":true,"href":"https:\/\/afogadosfm.com.br\/afogadosfm\/wp-json\/wp\/v2\/comments?post=66910"}],"version-history":[{"count":1,"href":"https:\/\/afogadosfm.com.br\/afogadosfm\/wp-json\/wp\/v2\/posts\/66910\/revisions"}],"predecessor-version":[{"id":66911,"href":"https:\/\/afogadosfm.com.br\/afogadosfm\/wp-json\/wp\/v2\/posts\/66910\/revisions\/66911"}],"wp:featuredmedia":[{"embeddable":true,"href":"https:\/\/afogadosfm.com.br\/afogadosfm\/wp-json\/wp\/v2\/media\/35855"}],"wp:attachment":[{"href":"https:\/\/afogadosfm.com.br\/afogadosfm\/wp-json\/wp\/v2\/media?parent=66910"}],"wp:term":[{"taxonomy":"category","embeddable":true,"href":"https:\/\/afogadosfm.com.br\/afogadosfm\/wp-json\/wp\/v2\/categories?post=66910"},{"taxonomy":"post_tag","embeddable":true,"href":"https:\/\/afogadosfm.com.br\/afogadosfm\/wp-json\/wp\/v2\/tags?post=66910"}],"curies":[{"name":"wp","href":"https:\/\/api.w.org\/{rel}","templated":true}]}}