{"id":66920,"date":"2025-06-26T07:13:57","date_gmt":"2025-06-26T10:13:57","guid":{"rendered":"https:\/\/afogadosfm.com.br\/afogadosfm\/?p=66920"},"modified":"2025-06-26T07:13:58","modified_gmt":"2025-06-26T10:13:58","slug":"cnj-rejeitou-pedido-para-divulgar-lista-de-juizes-macons","status":"publish","type":"post","link":"https:\/\/afogadosfm.com.br\/afogadosfm\/2025\/06\/26\/cnj-rejeitou-pedido-para-divulgar-lista-de-juizes-macons\/","title":{"rendered":"CNJ rejeitou pedido para divulgar lista de ju\u00edzes ma\u00e7ons"},"content":{"rendered":"\n<p>O Conselho Nacional de Justi\u00e7a (CNJ) rejeitou, na ultima sexta-feira (13\/6), o recurso de um empres\u00e1rio que pedia a identifica\u00e7\u00e3o e publica\u00e7\u00e3o de lista contendo os magistrados brasileiros que integram a Ma\u00e7onaria.<\/p>\n\n\n\n<p>O julgamento foi em plen\u00e1rio virtual, e foi finalizado nesta tarde. O placar foi un\u00e2nime, com 15 votos para negar o recurso.<\/p>\n\n\n\n<p>O voto vencedor foi do Corregedor Nacional de Justi\u00e7a, Mauro Campbell Marques. Para ele, o pedido era \u201cinfundado\u201d, tendo em vista que resultaria na indevida \u201cintromiss\u00e3o\u201d na privacidade e liberdade associativa de magistrados -o que \u00e9 protegido pela Constitui\u00e7\u00e3o.<\/p>\n\n\n\n<p>Al\u00e9m disso, tamb\u00e9m diz que n\u00e3o h\u00e1 interesse leg\u00edtimo do empres\u00e1rio para tal requerimento.<\/p>\n\n\n\n<p>\u201cAnte o exposto, conhe\u00e7o do Recurso Administrativo e nego-lhe provimento, mantendo a decis\u00e3o de arquivamento do presente expediente\u201d, determinou o corregedor no voto.<\/p>\n\n\n\n<p>O pedido inicial foi feito ainda em 2024, mas a corregedoria do Conselho determinou seu arquivamento. O empres\u00e1rio, ent\u00e3o, alegou que o corregedor n\u00e3o teria compet\u00eancia para julgar o pedido e argumentou que a decis\u00e3o de arquivamento tratou de forma equivocada seu pedido como uma reclama\u00e7\u00e3o disciplinar.<\/p>\n\n\n\n<p>No documento, ele tamb\u00e9m questionava a independ\u00eancia dos magistrados, dizendo que haveria interesse p\u00fablico na disponibiliza\u00e7\u00e3o da referida lista porque os brasileiros t\u00eam o direito de saber se os ju\u00edzes que os julgam est\u00e3o subordinados \u201c\u00e0 soberania da Federa\u00e7\u00e3o Grande Oriente do Brasil [uma das associa\u00e7\u00f5es mais antigas do pa\u00eds]\u201d.<\/p>\n\n\n\n<p>\u201cO povo brasileiro tem interesse leg\u00edtimo, tem o direito de saber se o juiz que o julga \u00e9 independente, ou se dobra seus joelhos a ordenamento jur\u00eddico alien\u00edgena! O povo brasileiro tem interesse leg\u00edtimo, tem o direito de saber se o juiz que o julga o v\u00ea como igual, ou como \u2018profano\u2019!\u201d, afirmou.<\/p>\n\n\n\n<p>Para o empres\u00e1rio, a ma\u00e7onaria \u00e9 um \u201cparassistema\u201d organizado e hier\u00e1rquico e, portanto, seria de interesse geral a divulga\u00e7\u00e3o do rol de ju\u00edzes que aderem a ele.<\/p>\n\n\n\n<p>Os argumentos, no entanto, n\u00e3o foram suficientes, segundo o CNJ, que decidiu recusar o pedido.<\/p>\n\n\n\n<p>\u201cAl\u00e9m da clara improced\u00eancia baseada na liberdade constitucional de convic\u00e7\u00e3o filos\u00f3fica, o pedido de divulga\u00e7\u00e3o da lista de magistrados ma\u00e7ons tamb\u00e9m enfrenta obst\u00e1culo regimental que autoriza seu arquivamento imediato, uma vez que o pr\u00f3prio Regimento Interno do CNJ prev\u00ea essa possibilidade quando a reclama\u00e7\u00e3o se mostrar manifestamente infundada ou desprovida de elementos m\u00ednimos para sua compreens\u00e3o\u201d, afirmou Mauro Campbell.<\/p>\n\n\n\n<p>Do Metr\u00f3poles<\/p>\n","protected":false},"excerpt":{"rendered":"<p>O Conselho Nacional de Justi\u00e7a (CNJ) rejeitou, na ultima sexta-feira (13\/6), o recurso de um empres\u00e1rio que pedia a identifica\u00e7\u00e3o<\/p>\n","protected":false},"author":2,"featured_media":41606,"comment_status":"open","ping_status":"open","sticky":false,"template":"","format":"standard","meta":{"jetpack_post_was_ever_published":false,"_jetpack_newsletter_access":"","_jetpack_dont_email_post_to_subs":false,"_jetpack_newsletter_tier_id":0,"_jetpack_memberships_contains_paywalled_content":false,"_jetpack_memberships_contains_paid_content":false,"footnotes":"","jetpack_publicize_message":"","jetpack_publicize_feature_enabled":true,"jetpack_social_post_already_shared":true,"jetpack_social_options":{"image_generator_settings":{"template":"highway","default_image_id":0,"font":"","enabled":false},"version":2}},"categories":[12],"tags":[],"class_list":["post-66920","post","type-post","status-publish","format-standard","has-post-thumbnail","hentry","category-brasil"],"yoast_head":"<!-- This site is optimized with the Yoast SEO plugin v27.5 - https:\/\/yoast.com\/product\/yoast-seo-wordpress\/ -->\n<title>CNJ rejeitou pedido para divulgar lista de ju\u00edzes ma\u00e7ons - Afogados FM<\/title>\n<meta name=\"robots\" content=\"index, follow, max-snippet:-1, max-image-preview:large, max-video-preview:-1\" \/>\n<link rel=\"canonical\" href=\"https:\/\/afogadosfm.com.br\/afogadosfm\/2025\/06\/26\/cnj-rejeitou-pedido-para-divulgar-lista-de-juizes-macons\/\" \/>\n<meta property=\"og:locale\" content=\"pt_BR\" \/>\n<meta property=\"og:type\" content=\"article\" \/>\n<meta property=\"og:title\" content=\"CNJ rejeitou pedido para divulgar lista de ju\u00edzes ma\u00e7ons - Afogados FM\" \/>\n<meta property=\"og:description\" content=\"O Conselho Nacional de Justi\u00e7a (CNJ) rejeitou, na ultima sexta-feira (13\/6), o recurso de um empres\u00e1rio que pedia a identifica\u00e7\u00e3o\" \/>\n<meta property=\"og:url\" content=\"https:\/\/afogadosfm.com.br\/afogadosfm\/2025\/06\/26\/cnj-rejeitou-pedido-para-divulgar-lista-de-juizes-macons\/\" \/>\n<meta property=\"og:site_name\" content=\"Afogados FM\" \/>\n<meta property=\"article:published_time\" content=\"2025-06-26T10:13:57+00:00\" \/>\n<meta property=\"article:modified_time\" content=\"2025-06-26T10:13:58+00:00\" \/>\n<meta property=\"og:image\" content=\"https:\/\/afogadosfm.com.br\/afogadosfm\/wp-content\/uploads\/2022\/10\/maconaria.jpg\" \/>\n\t<meta property=\"og:image:width\" content=\"269\" \/>\n\t<meta property=\"og:image:height\" content=\"180\" \/>\n\t<meta property=\"og:image:type\" content=\"image\/jpeg\" \/>\n<meta name=\"author\" content=\"afogadosfm\" \/>\n<meta name=\"twitter:card\" content=\"summary_large_image\" \/>\n<meta name=\"twitter:label1\" content=\"Escrito por\" \/>\n\t<meta name=\"twitter:data1\" content=\"afogadosfm\" \/>\n\t<meta name=\"twitter:label2\" content=\"Est. tempo de leitura\" \/>\n\t<meta name=\"twitter:data2\" content=\"3 minutos\" \/>\n<script type=\"application\/ld+json\" class=\"yoast-schema-graph\">{\"@context\":\"https:\\\/\\\/schema.org\",\"@graph\":[{\"@type\":\"Article\",\"@id\":\"https:\\\/\\\/afogadosfm.com.br\\\/afogadosfm\\\/2025\\\/06\\\/26\\\/cnj-rejeitou-pedido-para-divulgar-lista-de-juizes-macons\\\/#article\",\"isPartOf\":{\"@id\":\"https:\\\/\\\/afogadosfm.com.br\\\/afogadosfm\\\/2025\\\/06\\\/26\\\/cnj-rejeitou-pedido-para-divulgar-lista-de-juizes-macons\\\/\"},\"author\":{\"name\":\"afogadosfm\",\"@id\":\"https:\\\/\\\/afogadosfm.com.br\\\/afogadosfm\\\/#\\\/schema\\\/person\\\/60e56f2cf5dc960fc093fe093d9e9057\"},\"headline\":\"CNJ rejeitou pedido para divulgar lista de ju\u00edzes ma\u00e7ons\",\"datePublished\":\"2025-06-26T10:13:57+00:00\",\"dateModified\":\"2025-06-26T10:13:58+00:00\",\"mainEntityOfPage\":{\"@id\":\"https:\\\/\\\/afogadosfm.com.br\\\/afogadosfm\\\/2025\\\/06\\\/26\\\/cnj-rejeitou-pedido-para-divulgar-lista-de-juizes-macons\\\/\"},\"wordCount\":443,\"commentCount\":0,\"publisher\":{\"@id\":\"https:\\\/\\\/afogadosfm.com.br\\\/afogadosfm\\\/#organization\"},\"image\":{\"@id\":\"https:\\\/\\\/afogadosfm.com.br\\\/afogadosfm\\\/2025\\\/06\\\/26\\\/cnj-rejeitou-pedido-para-divulgar-lista-de-juizes-macons\\\/#primaryimage\"},\"thumbnailUrl\":\"https:\\\/\\\/i0.wp.com\\\/afogadosfm.com.br\\\/afogadosfm\\\/wp-content\\\/uploads\\\/2022\\\/10\\\/maconaria.jpg?fit=269%2C180&ssl=1\",\"articleSection\":[\"Brasil\"],\"inLanguage\":\"pt-BR\",\"potentialAction\":[{\"@type\":\"CommentAction\",\"name\":\"Comment\",\"target\":[\"https:\\\/\\\/afogadosfm.com.br\\\/afogadosfm\\\/2025\\\/06\\\/26\\\/cnj-rejeitou-pedido-para-divulgar-lista-de-juizes-macons\\\/#respond\"]}]},{\"@type\":\"WebPage\",\"@id\":\"https:\\\/\\\/afogadosfm.com.br\\\/afogadosfm\\\/2025\\\/06\\\/26\\\/cnj-rejeitou-pedido-para-divulgar-lista-de-juizes-macons\\\/\",\"url\":\"https:\\\/\\\/afogadosfm.com.br\\\/afogadosfm\\\/2025\\\/06\\\/26\\\/cnj-rejeitou-pedido-para-divulgar-lista-de-juizes-macons\\\/\",\"name\":\"CNJ rejeitou pedido para divulgar lista de ju\u00edzes ma\u00e7ons - Afogados FM\",\"isPartOf\":{\"@id\":\"https:\\\/\\\/afogadosfm.com.br\\\/afogadosfm\\\/#website\"},\"primaryImageOfPage\":{\"@id\":\"https:\\\/\\\/afogadosfm.com.br\\\/afogadosfm\\\/2025\\\/06\\\/26\\\/cnj-rejeitou-pedido-para-divulgar-lista-de-juizes-macons\\\/#primaryimage\"},\"image\":{\"@id\":\"https:\\\/\\\/afogadosfm.com.br\\\/afogadosfm\\\/2025\\\/06\\\/26\\\/cnj-rejeitou-pedido-para-divulgar-lista-de-juizes-macons\\\/#primaryimage\"},\"thumbnailUrl\":\"https:\\\/\\\/i0.wp.com\\\/afogadosfm.com.br\\\/afogadosfm\\\/wp-content\\\/uploads\\\/2022\\\/10\\\/maconaria.jpg?fit=269%2C180&ssl=1\",\"datePublished\":\"2025-06-26T10:13:57+00:00\",\"dateModified\":\"2025-06-26T10:13:58+00:00\",\"breadcrumb\":{\"@id\":\"https:\\\/\\\/afogadosfm.com.br\\\/afogadosfm\\\/2025\\\/06\\\/26\\\/cnj-rejeitou-pedido-para-divulgar-lista-de-juizes-macons\\\/#breadcrumb\"},\"inLanguage\":\"pt-BR\",\"potentialAction\":[{\"@type\":\"ReadAction\",\"target\":[\"https:\\\/\\\/afogadosfm.com.br\\\/afogadosfm\\\/2025\\\/06\\\/26\\\/cnj-rejeitou-pedido-para-divulgar-lista-de-juizes-macons\\\/\"]}]},{\"@type\":\"ImageObject\",\"inLanguage\":\"pt-BR\",\"@id\":\"https:\\\/\\\/afogadosfm.com.br\\\/afogadosfm\\\/2025\\\/06\\\/26\\\/cnj-rejeitou-pedido-para-divulgar-lista-de-juizes-macons\\\/#primaryimage\",\"url\":\"https:\\\/\\\/i0.wp.com\\\/afogadosfm.com.br\\\/afogadosfm\\\/wp-content\\\/uploads\\\/2022\\\/10\\\/maconaria.jpg?fit=269%2C180&ssl=1\",\"contentUrl\":\"https:\\\/\\\/i0.wp.com\\\/afogadosfm.com.br\\\/afogadosfm\\\/wp-content\\\/uploads\\\/2022\\\/10\\\/maconaria.jpg?fit=269%2C180&ssl=1\",\"width\":269,\"height\":180},{\"@type\":\"BreadcrumbList\",\"@id\":\"https:\\\/\\\/afogadosfm.com.br\\\/afogadosfm\\\/2025\\\/06\\\/26\\\/cnj-rejeitou-pedido-para-divulgar-lista-de-juizes-macons\\\/#breadcrumb\",\"itemListElement\":[{\"@type\":\"ListItem\",\"position\":1,\"name\":\"In\u00edcio\",\"item\":\"https:\\\/\\\/afogadosfm.com.br\\\/afogadosfm\\\/\"},{\"@type\":\"ListItem\",\"position\":2,\"name\":\"CNJ rejeitou pedido para divulgar lista de ju\u00edzes ma\u00e7ons\"}]},{\"@type\":\"WebSite\",\"@id\":\"https:\\\/\\\/afogadosfm.com.br\\\/afogadosfm\\\/#website\",\"url\":\"https:\\\/\\\/afogadosfm.com.br\\\/afogadosfm\\\/\",\"name\":\"Afogados FM\",\"description\":\"Um site completo!\",\"publisher\":{\"@id\":\"https:\\\/\\\/afogadosfm.com.br\\\/afogadosfm\\\/#organization\"},\"potentialAction\":[{\"@type\":\"SearchAction\",\"target\":{\"@type\":\"EntryPoint\",\"urlTemplate\":\"https:\\\/\\\/afogadosfm.com.br\\\/afogadosfm\\\/?s={search_term_string}\"},\"query-input\":{\"@type\":\"PropertyValueSpecification\",\"valueRequired\":true,\"valueName\":\"search_term_string\"}}],\"inLanguage\":\"pt-BR\"},{\"@type\":\"Organization\",\"@id\":\"https:\\\/\\\/afogadosfm.com.br\\\/afogadosfm\\\/#organization\",\"name\":\"Afogados FM\",\"url\":\"https:\\\/\\\/afogadosfm.com.br\\\/afogadosfm\\\/\",\"logo\":{\"@type\":\"ImageObject\",\"inLanguage\":\"pt-BR\",\"@id\":\"https:\\\/\\\/afogadosfm.com.br\\\/afogadosfm\\\/#\\\/schema\\\/logo\\\/image\\\/\",\"url\":\"https:\\\/\\\/i0.wp.com\\\/afogadosfm.com.br\\\/afogadosfm\\\/wp-content\\\/uploads\\\/2020\\\/06\\\/cropped-banner-afogados-4.jpg?fit=369%2C137&ssl=1\",\"contentUrl\":\"https:\\\/\\\/i0.wp.com\\\/afogadosfm.com.br\\\/afogadosfm\\\/wp-content\\\/uploads\\\/2020\\\/06\\\/cropped-banner-afogados-4.jpg?fit=369%2C137&ssl=1\",\"width\":369,\"height\":137,\"caption\":\"Afogados FM\"},\"image\":{\"@id\":\"https:\\\/\\\/afogadosfm.com.br\\\/afogadosfm\\\/#\\\/schema\\\/logo\\\/image\\\/\"}},{\"@type\":\"Person\",\"@id\":\"https:\\\/\\\/afogadosfm.com.br\\\/afogadosfm\\\/#\\\/schema\\\/person\\\/60e56f2cf5dc960fc093fe093d9e9057\",\"name\":\"afogadosfm\",\"image\":{\"@type\":\"ImageObject\",\"inLanguage\":\"pt-BR\",\"@id\":\"https:\\\/\\\/secure.gravatar.com\\\/avatar\\\/e0359add7ed5dc3560906d861b52c6a8cf5c1e199d3a7dd85070998f49bd4701?s=96&d=mm&r=g\",\"url\":\"https:\\\/\\\/secure.gravatar.com\\\/avatar\\\/e0359add7ed5dc3560906d861b52c6a8cf5c1e199d3a7dd85070998f49bd4701?s=96&d=mm&r=g\",\"contentUrl\":\"https:\\\/\\\/secure.gravatar.com\\\/avatar\\\/e0359add7ed5dc3560906d861b52c6a8cf5c1e199d3a7dd85070998f49bd4701?s=96&d=mm&r=g\",\"caption\":\"afogadosfm\"},\"url\":\"https:\\\/\\\/afogadosfm.com.br\\\/afogadosfm\\\/author\\\/afogadosfm\\\/\"}]}<\/script>\n<!-- \/ Yoast SEO plugin. -->","yoast_head_json":{"title":"CNJ rejeitou pedido para divulgar lista de ju\u00edzes ma\u00e7ons - Afogados FM","robots":{"index":"index","follow":"follow","max-snippet":"max-snippet:-1","max-image-preview":"max-image-preview:large","max-video-preview":"max-video-preview:-1"},"canonical":"https:\/\/afogadosfm.com.br\/afogadosfm\/2025\/06\/26\/cnj-rejeitou-pedido-para-divulgar-lista-de-juizes-macons\/","og_locale":"pt_BR","og_type":"article","og_title":"CNJ rejeitou pedido para divulgar lista de ju\u00edzes ma\u00e7ons - Afogados FM","og_description":"O Conselho Nacional de Justi\u00e7a (CNJ) rejeitou, na ultima sexta-feira (13\/6), o recurso de um empres\u00e1rio que pedia a identifica\u00e7\u00e3o","og_url":"https:\/\/afogadosfm.com.br\/afogadosfm\/2025\/06\/26\/cnj-rejeitou-pedido-para-divulgar-lista-de-juizes-macons\/","og_site_name":"Afogados FM","article_published_time":"2025-06-26T10:13:57+00:00","article_modified_time":"2025-06-26T10:13:58+00:00","og_image":[{"width":269,"height":180,"url":"https:\/\/afogadosfm.com.br\/afogadosfm\/wp-content\/uploads\/2022\/10\/maconaria.jpg","type":"image\/jpeg"}],"author":"afogadosfm","twitter_card":"summary_large_image","twitter_misc":{"Escrito por":"afogadosfm","Est. tempo de leitura":"3 minutos"},"schema":{"@context":"https:\/\/schema.org","@graph":[{"@type":"Article","@id":"https:\/\/afogadosfm.com.br\/afogadosfm\/2025\/06\/26\/cnj-rejeitou-pedido-para-divulgar-lista-de-juizes-macons\/#article","isPartOf":{"@id":"https:\/\/afogadosfm.com.br\/afogadosfm\/2025\/06\/26\/cnj-rejeitou-pedido-para-divulgar-lista-de-juizes-macons\/"},"author":{"name":"afogadosfm","@id":"https:\/\/afogadosfm.com.br\/afogadosfm\/#\/schema\/person\/60e56f2cf5dc960fc093fe093d9e9057"},"headline":"CNJ rejeitou pedido para divulgar lista de ju\u00edzes ma\u00e7ons","datePublished":"2025-06-26T10:13:57+00:00","dateModified":"2025-06-26T10:13:58+00:00","mainEntityOfPage":{"@id":"https:\/\/afogadosfm.com.br\/afogadosfm\/2025\/06\/26\/cnj-rejeitou-pedido-para-divulgar-lista-de-juizes-macons\/"},"wordCount":443,"commentCount":0,"publisher":{"@id":"https:\/\/afogadosfm.com.br\/afogadosfm\/#organization"},"image":{"@id":"https:\/\/afogadosfm.com.br\/afogadosfm\/2025\/06\/26\/cnj-rejeitou-pedido-para-divulgar-lista-de-juizes-macons\/#primaryimage"},"thumbnailUrl":"https:\/\/i0.wp.com\/afogadosfm.com.br\/afogadosfm\/wp-content\/uploads\/2022\/10\/maconaria.jpg?fit=269%2C180&ssl=1","articleSection":["Brasil"],"inLanguage":"pt-BR","potentialAction":[{"@type":"CommentAction","name":"Comment","target":["https:\/\/afogadosfm.com.br\/afogadosfm\/2025\/06\/26\/cnj-rejeitou-pedido-para-divulgar-lista-de-juizes-macons\/#respond"]}]},{"@type":"WebPage","@id":"https:\/\/afogadosfm.com.br\/afogadosfm\/2025\/06\/26\/cnj-rejeitou-pedido-para-divulgar-lista-de-juizes-macons\/","url":"https:\/\/afogadosfm.com.br\/afogadosfm\/2025\/06\/26\/cnj-rejeitou-pedido-para-divulgar-lista-de-juizes-macons\/","name":"CNJ rejeitou pedido para divulgar lista de ju\u00edzes ma\u00e7ons - Afogados FM","isPartOf":{"@id":"https:\/\/afogadosfm.com.br\/afogadosfm\/#website"},"primaryImageOfPage":{"@id":"https:\/\/afogadosfm.com.br\/afogadosfm\/2025\/06\/26\/cnj-rejeitou-pedido-para-divulgar-lista-de-juizes-macons\/#primaryimage"},"image":{"@id":"https:\/\/afogadosfm.com.br\/afogadosfm\/2025\/06\/26\/cnj-rejeitou-pedido-para-divulgar-lista-de-juizes-macons\/#primaryimage"},"thumbnailUrl":"https:\/\/i0.wp.com\/afogadosfm.com.br\/afogadosfm\/wp-content\/uploads\/2022\/10\/maconaria.jpg?fit=269%2C180&ssl=1","datePublished":"2025-06-26T10:13:57+00:00","dateModified":"2025-06-26T10:13:58+00:00","breadcrumb":{"@id":"https:\/\/afogadosfm.com.br\/afogadosfm\/2025\/06\/26\/cnj-rejeitou-pedido-para-divulgar-lista-de-juizes-macons\/#breadcrumb"},"inLanguage":"pt-BR","potentialAction":[{"@type":"ReadAction","target":["https:\/\/afogadosfm.com.br\/afogadosfm\/2025\/06\/26\/cnj-rejeitou-pedido-para-divulgar-lista-de-juizes-macons\/"]}]},{"@type":"ImageObject","inLanguage":"pt-BR","@id":"https:\/\/afogadosfm.com.br\/afogadosfm\/2025\/06\/26\/cnj-rejeitou-pedido-para-divulgar-lista-de-juizes-macons\/#primaryimage","url":"https:\/\/i0.wp.com\/afogadosfm.com.br\/afogadosfm\/wp-content\/uploads\/2022\/10\/maconaria.jpg?fit=269%2C180&ssl=1","contentUrl":"https:\/\/i0.wp.com\/afogadosfm.com.br\/afogadosfm\/wp-content\/uploads\/2022\/10\/maconaria.jpg?fit=269%2C180&ssl=1","width":269,"height":180},{"@type":"BreadcrumbList","@id":"https:\/\/afogadosfm.com.br\/afogadosfm\/2025\/06\/26\/cnj-rejeitou-pedido-para-divulgar-lista-de-juizes-macons\/#breadcrumb","itemListElement":[{"@type":"ListItem","position":1,"name":"In\u00edcio","item":"https:\/\/afogadosfm.com.br\/afogadosfm\/"},{"@type":"ListItem","position":2,"name":"CNJ rejeitou pedido para divulgar lista de ju\u00edzes ma\u00e7ons"}]},{"@type":"WebSite","@id":"https:\/\/afogadosfm.com.br\/afogadosfm\/#website","url":"https:\/\/afogadosfm.com.br\/afogadosfm\/","name":"Afogados FM","description":"Um site completo!","publisher":{"@id":"https:\/\/afogadosfm.com.br\/afogadosfm\/#organization"},"potentialAction":[{"@type":"SearchAction","target":{"@type":"EntryPoint","urlTemplate":"https:\/\/afogadosfm.com.br\/afogadosfm\/?s={search_term_string}"},"query-input":{"@type":"PropertyValueSpecification","valueRequired":true,"valueName":"search_term_string"}}],"inLanguage":"pt-BR"},{"@type":"Organization","@id":"https:\/\/afogadosfm.com.br\/afogadosfm\/#organization","name":"Afogados FM","url":"https:\/\/afogadosfm.com.br\/afogadosfm\/","logo":{"@type":"ImageObject","inLanguage":"pt-BR","@id":"https:\/\/afogadosfm.com.br\/afogadosfm\/#\/schema\/logo\/image\/","url":"https:\/\/i0.wp.com\/afogadosfm.com.br\/afogadosfm\/wp-content\/uploads\/2020\/06\/cropped-banner-afogados-4.jpg?fit=369%2C137&ssl=1","contentUrl":"https:\/\/i0.wp.com\/afogadosfm.com.br\/afogadosfm\/wp-content\/uploads\/2020\/06\/cropped-banner-afogados-4.jpg?fit=369%2C137&ssl=1","width":369,"height":137,"caption":"Afogados FM"},"image":{"@id":"https:\/\/afogadosfm.com.br\/afogadosfm\/#\/schema\/logo\/image\/"}},{"@type":"Person","@id":"https:\/\/afogadosfm.com.br\/afogadosfm\/#\/schema\/person\/60e56f2cf5dc960fc093fe093d9e9057","name":"afogadosfm","image":{"@type":"ImageObject","inLanguage":"pt-BR","@id":"https:\/\/secure.gravatar.com\/avatar\/e0359add7ed5dc3560906d861b52c6a8cf5c1e199d3a7dd85070998f49bd4701?s=96&d=mm&r=g","url":"https:\/\/secure.gravatar.com\/avatar\/e0359add7ed5dc3560906d861b52c6a8cf5c1e199d3a7dd85070998f49bd4701?s=96&d=mm&r=g","contentUrl":"https:\/\/secure.gravatar.com\/avatar\/e0359add7ed5dc3560906d861b52c6a8cf5c1e199d3a7dd85070998f49bd4701?s=96&d=mm&r=g","caption":"afogadosfm"},"url":"https:\/\/afogadosfm.com.br\/afogadosfm\/author\/afogadosfm\/"}]}},"jetpack_publicize_connections":[],"jetpack_featured_media_url":"https:\/\/i0.wp.com\/afogadosfm.com.br\/afogadosfm\/wp-content\/uploads\/2022\/10\/maconaria.jpg?fit=269%2C180&ssl=1","jetpack-related-posts":[],"jetpack_sharing_enabled":true,"jetpack_likes_enabled":true,"_links":{"self":[{"href":"https:\/\/afogadosfm.com.br\/afogadosfm\/wp-json\/wp\/v2\/posts\/66920","targetHints":{"allow":["GET"]}}],"collection":[{"href":"https:\/\/afogadosfm.com.br\/afogadosfm\/wp-json\/wp\/v2\/posts"}],"about":[{"href":"https:\/\/afogadosfm.com.br\/afogadosfm\/wp-json\/wp\/v2\/types\/post"}],"author":[{"embeddable":true,"href":"https:\/\/afogadosfm.com.br\/afogadosfm\/wp-json\/wp\/v2\/users\/2"}],"replies":[{"embeddable":true,"href":"https:\/\/afogadosfm.com.br\/afogadosfm\/wp-json\/wp\/v2\/comments?post=66920"}],"version-history":[{"count":1,"href":"https:\/\/afogadosfm.com.br\/afogadosfm\/wp-json\/wp\/v2\/posts\/66920\/revisions"}],"predecessor-version":[{"id":66921,"href":"https:\/\/afogadosfm.com.br\/afogadosfm\/wp-json\/wp\/v2\/posts\/66920\/revisions\/66921"}],"wp:featuredmedia":[{"embeddable":true,"href":"https:\/\/afogadosfm.com.br\/afogadosfm\/wp-json\/wp\/v2\/media\/41606"}],"wp:attachment":[{"href":"https:\/\/afogadosfm.com.br\/afogadosfm\/wp-json\/wp\/v2\/media?parent=66920"}],"wp:term":[{"taxonomy":"category","embeddable":true,"href":"https:\/\/afogadosfm.com.br\/afogadosfm\/wp-json\/wp\/v2\/categories?post=66920"},{"taxonomy":"post_tag","embeddable":true,"href":"https:\/\/afogadosfm.com.br\/afogadosfm\/wp-json\/wp\/v2\/tags?post=66920"}],"curies":[{"name":"wp","href":"https:\/\/api.w.org\/{rel}","templated":true}]}}