{"id":66925,"date":"2025-06-26T11:32:35","date_gmt":"2025-06-26T14:32:35","guid":{"rendered":"https:\/\/afogadosfm.com.br\/afogadosfm\/?p=66925"},"modified":"2025-06-26T11:32:36","modified_gmt":"2025-06-26T14:32:36","slug":"afogados-nani-azevedo-e-paulo-cesar-baruk-anunciados-como-atracoes-gospel-shows-acontecerao-no-final-de-outubro","status":"publish","type":"post","link":"https:\/\/afogadosfm.com.br\/afogadosfm\/2025\/06\/26\/afogados-nani-azevedo-e-paulo-cesar-baruk-anunciados-como-atracoes-gospel-shows-acontecerao-no-final-de-outubro\/","title":{"rendered":"Afogados: Nani Azevedo e Paulo C\u00e9sar Baruk anunciados como atra\u00e7\u00f5es gospel. Shows acontecer\u00e3o no final de Outubro\u00a0"},"content":{"rendered":"\n<p>Ap\u00f3s reuni\u00e3o com pastores e representantes de diversas denomina\u00e7\u00f5es evang\u00e9licas atuantes em Afogados da Ingazeira, o Prefeito Sandrinho Palmeira anunciou o cantor Nani Azevedo, como atra\u00e7\u00e3o gospel para este ano.<\/p>\n\n\n\n<p>Na pauta da reuni\u00e3o, al\u00e9m da defini\u00e7\u00e3o das atra\u00e7\u00f5es, o atendimento \u00e0 reivindica\u00e7\u00e3o dos evang\u00e9licos de que o show gospel seja dissociado da expoagro. Esse ano teremos n\u00e3o apenas um, mas dois dias de atra\u00e7\u00f5es gospel, nos dias 31 de outubro (data que celebra o lan\u00e7amento das 95 teses de Martinho Lutero, iniciando a reforma protestante) e 01 de Novembro. Os shows acontecer\u00e3o no anel vi\u00e1rio, mesmo local onde acontece o encontro de motociclistas.<\/p>\n\n\n\n<p>A primeira atra\u00e7\u00e3o anunciada por Sandrinho foi a do cantor Nani Azevedo, que tocar\u00e1 no dia 31 de outubro. A atra\u00e7\u00e3o do dia 01 ser\u00e1 Paulo C\u00e9sar Baruk.<\/p>\n\n\n\n<p>\u201cEstamos atendendo a reivindica\u00e7\u00e3o da comunidade evang\u00e9lica, de retirarmos a celebra\u00e7\u00e3o gospel da expoagro, promovendo dois dias de celebra\u00e7\u00e3o, dialogando com eles a respeito dos nomes que traremos para as apresenta\u00e7\u00f5es,\u201d destacou Sandrinho Palmeira.<\/p>\n\n\n\n<p>Nani Azevedo &#8211; cantor brasileiro de m\u00fasica crist\u00e3 contempor\u00e2nea. Em 1982, gravou seu primeiro LP, com o grupo Nova Gera\u00e7\u00e3o. Mas foi somente a partir da renova\u00e7\u00e3o do louvor nas igrejas evang\u00e9licas que Nani come\u00e7ou a desenvolver o seu minist\u00e9rio de adora\u00e7\u00e3o congregacional. Com dez discos gravados, foi premiado com o trof\u00e9u talento, em 2008, nas categorias \u201cdestaque\u201d e \u201ccantor do ano\u201d.<\/p>\n\n\n\n<p>Paulo C\u00e9sar Baruk &#8211; cantor, compositor e produtor musical evang\u00e9lico. Em sua carreira musical gravou mais de dez \u00e1lbuns, tendo sido indicado ao Grammy Latino em 2010, com o \u00e1lbum \u201cPromessas\u201d, al\u00e9m das indica\u00e7\u00f5es ao Trof\u00e9u promessas, em v\u00e1rias categorias.<\/p>\n","protected":false},"excerpt":{"rendered":"<p>Ap\u00f3s reuni\u00e3o com pastores e representantes de diversas denomina\u00e7\u00f5es evang\u00e9licas atuantes em Afogados da Ingazeira, o Prefeito Sandrinho Palmeira anunciou<\/p>\n","protected":false},"author":2,"featured_media":66926,"comment_status":"open","ping_status":"open","sticky":false,"template":"","format":"standard","meta":{"jetpack_post_was_ever_published":false,"_jetpack_newsletter_access":"","_jetpack_dont_email_post_to_subs":false,"_jetpack_newsletter_tier_id":0,"_jetpack_memberships_contains_paywalled_content":false,"_jetpack_memberships_contains_paid_content":false,"footnotes":"","jetpack_publicize_message":"","jetpack_publicize_feature_enabled":true,"jetpack_social_post_already_shared":true,"jetpack_social_options":{"image_generator_settings":{"template":"highway","default_image_id":0,"font":"","enabled":false},"version":2}},"categories":[14],"tags":[],"class_list":["post-66925","post","type-post","status-publish","format-standard","has-post-thumbnail","hentry","category-afogados-da-ingazeira"],"yoast_head":"<!-- This site is optimized with the Yoast SEO plugin v27.5 - https:\/\/yoast.com\/product\/yoast-seo-wordpress\/ -->\n<title>Afogados: Nani Azevedo e Paulo C\u00e9sar Baruk anunciados como atra\u00e7\u00f5es gospel. Shows acontecer\u00e3o no final de Outubro\u00a0 - Afogados FM<\/title>\n<meta name=\"robots\" content=\"index, follow, max-snippet:-1, max-image-preview:large, max-video-preview:-1\" \/>\n<link rel=\"canonical\" href=\"https:\/\/afogadosfm.com.br\/afogadosfm\/2025\/06\/26\/afogados-nani-azevedo-e-paulo-cesar-baruk-anunciados-como-atracoes-gospel-shows-acontecerao-no-final-de-outubro\/\" \/>\n<meta property=\"og:locale\" content=\"pt_BR\" \/>\n<meta property=\"og:type\" content=\"article\" \/>\n<meta property=\"og:title\" content=\"Afogados: Nani Azevedo e Paulo C\u00e9sar Baruk anunciados como atra\u00e7\u00f5es gospel. Shows acontecer\u00e3o no final de Outubro\u00a0 - Afogados FM\" \/>\n<meta property=\"og:description\" content=\"Ap\u00f3s reuni\u00e3o com pastores e representantes de diversas denomina\u00e7\u00f5es evang\u00e9licas atuantes em Afogados da Ingazeira, o Prefeito Sandrinho Palmeira anunciou\" \/>\n<meta property=\"og:url\" content=\"https:\/\/afogadosfm.com.br\/afogadosfm\/2025\/06\/26\/afogados-nani-azevedo-e-paulo-cesar-baruk-anunciados-como-atracoes-gospel-shows-acontecerao-no-final-de-outubro\/\" \/>\n<meta property=\"og:site_name\" content=\"Afogados FM\" \/>\n<meta property=\"article:published_time\" content=\"2025-06-26T14:32:35+00:00\" \/>\n<meta property=\"article:modified_time\" content=\"2025-06-26T14:32:36+00:00\" \/>\n<meta property=\"og:image\" content=\"https:\/\/afogadosfm.com.br\/afogadosfm\/wp-content\/uploads\/2025\/06\/a2b3ba04-1eae-4980-9b23-606d855a5173.jpeg\" \/>\n\t<meta property=\"og:image:width\" content=\"1080\" \/>\n\t<meta property=\"og:image:height\" content=\"1350\" \/>\n\t<meta property=\"og:image:type\" content=\"image\/jpeg\" \/>\n<meta name=\"author\" content=\"afogadosfm\" \/>\n<meta name=\"twitter:card\" content=\"summary_large_image\" \/>\n<meta name=\"twitter:label1\" content=\"Escrito por\" \/>\n\t<meta name=\"twitter:data1\" content=\"afogadosfm\" \/>\n\t<meta name=\"twitter:label2\" content=\"Est. tempo de leitura\" \/>\n\t<meta name=\"twitter:data2\" content=\"2 minutos\" \/>\n<script type=\"application\/ld+json\" class=\"yoast-schema-graph\">{\"@context\":\"https:\\\/\\\/schema.org\",\"@graph\":[{\"@type\":\"Article\",\"@id\":\"https:\\\/\\\/afogadosfm.com.br\\\/afogadosfm\\\/2025\\\/06\\\/26\\\/afogados-nani-azevedo-e-paulo-cesar-baruk-anunciados-como-atracoes-gospel-shows-acontecerao-no-final-de-outubro\\\/#article\",\"isPartOf\":{\"@id\":\"https:\\\/\\\/afogadosfm.com.br\\\/afogadosfm\\\/2025\\\/06\\\/26\\\/afogados-nani-azevedo-e-paulo-cesar-baruk-anunciados-como-atracoes-gospel-shows-acontecerao-no-final-de-outubro\\\/\"},\"author\":{\"name\":\"afogadosfm\",\"@id\":\"https:\\\/\\\/afogadosfm.com.br\\\/afogadosfm\\\/#\\\/schema\\\/person\\\/60e56f2cf5dc960fc093fe093d9e9057\"},\"headline\":\"Afogados: Nani Azevedo e Paulo C\u00e9sar Baruk anunciados como atra\u00e7\u00f5es gospel. Shows acontecer\u00e3o no final de Outubro\u00a0\",\"datePublished\":\"2025-06-26T14:32:35+00:00\",\"dateModified\":\"2025-06-26T14:32:36+00:00\",\"mainEntityOfPage\":{\"@id\":\"https:\\\/\\\/afogadosfm.com.br\\\/afogadosfm\\\/2025\\\/06\\\/26\\\/afogados-nani-azevedo-e-paulo-cesar-baruk-anunciados-como-atracoes-gospel-shows-acontecerao-no-final-de-outubro\\\/\"},\"wordCount\":318,\"commentCount\":0,\"publisher\":{\"@id\":\"https:\\\/\\\/afogadosfm.com.br\\\/afogadosfm\\\/#organization\"},\"image\":{\"@id\":\"https:\\\/\\\/afogadosfm.com.br\\\/afogadosfm\\\/2025\\\/06\\\/26\\\/afogados-nani-azevedo-e-paulo-cesar-baruk-anunciados-como-atracoes-gospel-shows-acontecerao-no-final-de-outubro\\\/#primaryimage\"},\"thumbnailUrl\":\"https:\\\/\\\/i0.wp.com\\\/afogadosfm.com.br\\\/afogadosfm\\\/wp-content\\\/uploads\\\/2025\\\/06\\\/a2b3ba04-1eae-4980-9b23-606d855a5173.jpeg?fit=1080%2C1350&ssl=1\",\"articleSection\":[\"Afogados da Ingazeira\"],\"inLanguage\":\"pt-BR\",\"potentialAction\":[{\"@type\":\"CommentAction\",\"name\":\"Comment\",\"target\":[\"https:\\\/\\\/afogadosfm.com.br\\\/afogadosfm\\\/2025\\\/06\\\/26\\\/afogados-nani-azevedo-e-paulo-cesar-baruk-anunciados-como-atracoes-gospel-shows-acontecerao-no-final-de-outubro\\\/#respond\"]}]},{\"@type\":\"WebPage\",\"@id\":\"https:\\\/\\\/afogadosfm.com.br\\\/afogadosfm\\\/2025\\\/06\\\/26\\\/afogados-nani-azevedo-e-paulo-cesar-baruk-anunciados-como-atracoes-gospel-shows-acontecerao-no-final-de-outubro\\\/\",\"url\":\"https:\\\/\\\/afogadosfm.com.br\\\/afogadosfm\\\/2025\\\/06\\\/26\\\/afogados-nani-azevedo-e-paulo-cesar-baruk-anunciados-como-atracoes-gospel-shows-acontecerao-no-final-de-outubro\\\/\",\"name\":\"Afogados: Nani Azevedo e Paulo C\u00e9sar Baruk anunciados como atra\u00e7\u00f5es gospel. Shows acontecer\u00e3o no final de Outubro\u00a0 - Afogados FM\",\"isPartOf\":{\"@id\":\"https:\\\/\\\/afogadosfm.com.br\\\/afogadosfm\\\/#website\"},\"primaryImageOfPage\":{\"@id\":\"https:\\\/\\\/afogadosfm.com.br\\\/afogadosfm\\\/2025\\\/06\\\/26\\\/afogados-nani-azevedo-e-paulo-cesar-baruk-anunciados-como-atracoes-gospel-shows-acontecerao-no-final-de-outubro\\\/#primaryimage\"},\"image\":{\"@id\":\"https:\\\/\\\/afogadosfm.com.br\\\/afogadosfm\\\/2025\\\/06\\\/26\\\/afogados-nani-azevedo-e-paulo-cesar-baruk-anunciados-como-atracoes-gospel-shows-acontecerao-no-final-de-outubro\\\/#primaryimage\"},\"thumbnailUrl\":\"https:\\\/\\\/i0.wp.com\\\/afogadosfm.com.br\\\/afogadosfm\\\/wp-content\\\/uploads\\\/2025\\\/06\\\/a2b3ba04-1eae-4980-9b23-606d855a5173.jpeg?fit=1080%2C1350&ssl=1\",\"datePublished\":\"2025-06-26T14:32:35+00:00\",\"dateModified\":\"2025-06-26T14:32:36+00:00\",\"breadcrumb\":{\"@id\":\"https:\\\/\\\/afogadosfm.com.br\\\/afogadosfm\\\/2025\\\/06\\\/26\\\/afogados-nani-azevedo-e-paulo-cesar-baruk-anunciados-como-atracoes-gospel-shows-acontecerao-no-final-de-outubro\\\/#breadcrumb\"},\"inLanguage\":\"pt-BR\",\"potentialAction\":[{\"@type\":\"ReadAction\",\"target\":[\"https:\\\/\\\/afogadosfm.com.br\\\/afogadosfm\\\/2025\\\/06\\\/26\\\/afogados-nani-azevedo-e-paulo-cesar-baruk-anunciados-como-atracoes-gospel-shows-acontecerao-no-final-de-outubro\\\/\"]}]},{\"@type\":\"ImageObject\",\"inLanguage\":\"pt-BR\",\"@id\":\"https:\\\/\\\/afogadosfm.com.br\\\/afogadosfm\\\/2025\\\/06\\\/26\\\/afogados-nani-azevedo-e-paulo-cesar-baruk-anunciados-como-atracoes-gospel-shows-acontecerao-no-final-de-outubro\\\/#primaryimage\",\"url\":\"https:\\\/\\\/i0.wp.com\\\/afogadosfm.com.br\\\/afogadosfm\\\/wp-content\\\/uploads\\\/2025\\\/06\\\/a2b3ba04-1eae-4980-9b23-606d855a5173.jpeg?fit=1080%2C1350&ssl=1\",\"contentUrl\":\"https:\\\/\\\/i0.wp.com\\\/afogadosfm.com.br\\\/afogadosfm\\\/wp-content\\\/uploads\\\/2025\\\/06\\\/a2b3ba04-1eae-4980-9b23-606d855a5173.jpeg?fit=1080%2C1350&ssl=1\",\"width\":1080,\"height\":1350},{\"@type\":\"BreadcrumbList\",\"@id\":\"https:\\\/\\\/afogadosfm.com.br\\\/afogadosfm\\\/2025\\\/06\\\/26\\\/afogados-nani-azevedo-e-paulo-cesar-baruk-anunciados-como-atracoes-gospel-shows-acontecerao-no-final-de-outubro\\\/#breadcrumb\",\"itemListElement\":[{\"@type\":\"ListItem\",\"position\":1,\"name\":\"In\u00edcio\",\"item\":\"https:\\\/\\\/afogadosfm.com.br\\\/afogadosfm\\\/\"},{\"@type\":\"ListItem\",\"position\":2,\"name\":\"Afogados: Nani Azevedo e Paulo C\u00e9sar Baruk anunciados como atra\u00e7\u00f5es gospel. Shows acontecer\u00e3o no final de Outubro\u00a0\"}]},{\"@type\":\"WebSite\",\"@id\":\"https:\\\/\\\/afogadosfm.com.br\\\/afogadosfm\\\/#website\",\"url\":\"https:\\\/\\\/afogadosfm.com.br\\\/afogadosfm\\\/\",\"name\":\"Afogados FM\",\"description\":\"Um site completo!\",\"publisher\":{\"@id\":\"https:\\\/\\\/afogadosfm.com.br\\\/afogadosfm\\\/#organization\"},\"potentialAction\":[{\"@type\":\"SearchAction\",\"target\":{\"@type\":\"EntryPoint\",\"urlTemplate\":\"https:\\\/\\\/afogadosfm.com.br\\\/afogadosfm\\\/?s={search_term_string}\"},\"query-input\":{\"@type\":\"PropertyValueSpecification\",\"valueRequired\":true,\"valueName\":\"search_term_string\"}}],\"inLanguage\":\"pt-BR\"},{\"@type\":\"Organization\",\"@id\":\"https:\\\/\\\/afogadosfm.com.br\\\/afogadosfm\\\/#organization\",\"name\":\"Afogados FM\",\"url\":\"https:\\\/\\\/afogadosfm.com.br\\\/afogadosfm\\\/\",\"logo\":{\"@type\":\"ImageObject\",\"inLanguage\":\"pt-BR\",\"@id\":\"https:\\\/\\\/afogadosfm.com.br\\\/afogadosfm\\\/#\\\/schema\\\/logo\\\/image\\\/\",\"url\":\"https:\\\/\\\/i0.wp.com\\\/afogadosfm.com.br\\\/afogadosfm\\\/wp-content\\\/uploads\\\/2020\\\/06\\\/cropped-banner-afogados-4.jpg?fit=369%2C137&ssl=1\",\"contentUrl\":\"https:\\\/\\\/i0.wp.com\\\/afogadosfm.com.br\\\/afogadosfm\\\/wp-content\\\/uploads\\\/2020\\\/06\\\/cropped-banner-afogados-4.jpg?fit=369%2C137&ssl=1\",\"width\":369,\"height\":137,\"caption\":\"Afogados FM\"},\"image\":{\"@id\":\"https:\\\/\\\/afogadosfm.com.br\\\/afogadosfm\\\/#\\\/schema\\\/logo\\\/image\\\/\"}},{\"@type\":\"Person\",\"@id\":\"https:\\\/\\\/afogadosfm.com.br\\\/afogadosfm\\\/#\\\/schema\\\/person\\\/60e56f2cf5dc960fc093fe093d9e9057\",\"name\":\"afogadosfm\",\"image\":{\"@type\":\"ImageObject\",\"inLanguage\":\"pt-BR\",\"@id\":\"https:\\\/\\\/secure.gravatar.com\\\/avatar\\\/e0359add7ed5dc3560906d861b52c6a8cf5c1e199d3a7dd85070998f49bd4701?s=96&d=mm&r=g\",\"url\":\"https:\\\/\\\/secure.gravatar.com\\\/avatar\\\/e0359add7ed5dc3560906d861b52c6a8cf5c1e199d3a7dd85070998f49bd4701?s=96&d=mm&r=g\",\"contentUrl\":\"https:\\\/\\\/secure.gravatar.com\\\/avatar\\\/e0359add7ed5dc3560906d861b52c6a8cf5c1e199d3a7dd85070998f49bd4701?s=96&d=mm&r=g\",\"caption\":\"afogadosfm\"},\"url\":\"https:\\\/\\\/afogadosfm.com.br\\\/afogadosfm\\\/author\\\/afogadosfm\\\/\"}]}<\/script>\n<!-- \/ Yoast SEO plugin. -->","yoast_head_json":{"title":"Afogados: Nani Azevedo e Paulo C\u00e9sar Baruk anunciados como atra\u00e7\u00f5es gospel. Shows acontecer\u00e3o no final de Outubro\u00a0 - Afogados FM","robots":{"index":"index","follow":"follow","max-snippet":"max-snippet:-1","max-image-preview":"max-image-preview:large","max-video-preview":"max-video-preview:-1"},"canonical":"https:\/\/afogadosfm.com.br\/afogadosfm\/2025\/06\/26\/afogados-nani-azevedo-e-paulo-cesar-baruk-anunciados-como-atracoes-gospel-shows-acontecerao-no-final-de-outubro\/","og_locale":"pt_BR","og_type":"article","og_title":"Afogados: Nani Azevedo e Paulo C\u00e9sar Baruk anunciados como atra\u00e7\u00f5es gospel. Shows acontecer\u00e3o no final de Outubro\u00a0 - Afogados FM","og_description":"Ap\u00f3s reuni\u00e3o com pastores e representantes de diversas denomina\u00e7\u00f5es evang\u00e9licas atuantes em Afogados da Ingazeira, o Prefeito Sandrinho Palmeira anunciou","og_url":"https:\/\/afogadosfm.com.br\/afogadosfm\/2025\/06\/26\/afogados-nani-azevedo-e-paulo-cesar-baruk-anunciados-como-atracoes-gospel-shows-acontecerao-no-final-de-outubro\/","og_site_name":"Afogados FM","article_published_time":"2025-06-26T14:32:35+00:00","article_modified_time":"2025-06-26T14:32:36+00:00","og_image":[{"width":1080,"height":1350,"url":"https:\/\/afogadosfm.com.br\/afogadosfm\/wp-content\/uploads\/2025\/06\/a2b3ba04-1eae-4980-9b23-606d855a5173.jpeg","type":"image\/jpeg"}],"author":"afogadosfm","twitter_card":"summary_large_image","twitter_misc":{"Escrito por":"afogadosfm","Est. tempo de leitura":"2 minutos"},"schema":{"@context":"https:\/\/schema.org","@graph":[{"@type":"Article","@id":"https:\/\/afogadosfm.com.br\/afogadosfm\/2025\/06\/26\/afogados-nani-azevedo-e-paulo-cesar-baruk-anunciados-como-atracoes-gospel-shows-acontecerao-no-final-de-outubro\/#article","isPartOf":{"@id":"https:\/\/afogadosfm.com.br\/afogadosfm\/2025\/06\/26\/afogados-nani-azevedo-e-paulo-cesar-baruk-anunciados-como-atracoes-gospel-shows-acontecerao-no-final-de-outubro\/"},"author":{"name":"afogadosfm","@id":"https:\/\/afogadosfm.com.br\/afogadosfm\/#\/schema\/person\/60e56f2cf5dc960fc093fe093d9e9057"},"headline":"Afogados: Nani Azevedo e Paulo C\u00e9sar Baruk anunciados como atra\u00e7\u00f5es gospel. Shows acontecer\u00e3o no final de Outubro\u00a0","datePublished":"2025-06-26T14:32:35+00:00","dateModified":"2025-06-26T14:32:36+00:00","mainEntityOfPage":{"@id":"https:\/\/afogadosfm.com.br\/afogadosfm\/2025\/06\/26\/afogados-nani-azevedo-e-paulo-cesar-baruk-anunciados-como-atracoes-gospel-shows-acontecerao-no-final-de-outubro\/"},"wordCount":318,"commentCount":0,"publisher":{"@id":"https:\/\/afogadosfm.com.br\/afogadosfm\/#organization"},"image":{"@id":"https:\/\/afogadosfm.com.br\/afogadosfm\/2025\/06\/26\/afogados-nani-azevedo-e-paulo-cesar-baruk-anunciados-como-atracoes-gospel-shows-acontecerao-no-final-de-outubro\/#primaryimage"},"thumbnailUrl":"https:\/\/i0.wp.com\/afogadosfm.com.br\/afogadosfm\/wp-content\/uploads\/2025\/06\/a2b3ba04-1eae-4980-9b23-606d855a5173.jpeg?fit=1080%2C1350&ssl=1","articleSection":["Afogados da Ingazeira"],"inLanguage":"pt-BR","potentialAction":[{"@type":"CommentAction","name":"Comment","target":["https:\/\/afogadosfm.com.br\/afogadosfm\/2025\/06\/26\/afogados-nani-azevedo-e-paulo-cesar-baruk-anunciados-como-atracoes-gospel-shows-acontecerao-no-final-de-outubro\/#respond"]}]},{"@type":"WebPage","@id":"https:\/\/afogadosfm.com.br\/afogadosfm\/2025\/06\/26\/afogados-nani-azevedo-e-paulo-cesar-baruk-anunciados-como-atracoes-gospel-shows-acontecerao-no-final-de-outubro\/","url":"https:\/\/afogadosfm.com.br\/afogadosfm\/2025\/06\/26\/afogados-nani-azevedo-e-paulo-cesar-baruk-anunciados-como-atracoes-gospel-shows-acontecerao-no-final-de-outubro\/","name":"Afogados: Nani Azevedo e Paulo C\u00e9sar Baruk anunciados como atra\u00e7\u00f5es gospel. Shows acontecer\u00e3o no final de Outubro\u00a0 - Afogados FM","isPartOf":{"@id":"https:\/\/afogadosfm.com.br\/afogadosfm\/#website"},"primaryImageOfPage":{"@id":"https:\/\/afogadosfm.com.br\/afogadosfm\/2025\/06\/26\/afogados-nani-azevedo-e-paulo-cesar-baruk-anunciados-como-atracoes-gospel-shows-acontecerao-no-final-de-outubro\/#primaryimage"},"image":{"@id":"https:\/\/afogadosfm.com.br\/afogadosfm\/2025\/06\/26\/afogados-nani-azevedo-e-paulo-cesar-baruk-anunciados-como-atracoes-gospel-shows-acontecerao-no-final-de-outubro\/#primaryimage"},"thumbnailUrl":"https:\/\/i0.wp.com\/afogadosfm.com.br\/afogadosfm\/wp-content\/uploads\/2025\/06\/a2b3ba04-1eae-4980-9b23-606d855a5173.jpeg?fit=1080%2C1350&ssl=1","datePublished":"2025-06-26T14:32:35+00:00","dateModified":"2025-06-26T14:32:36+00:00","breadcrumb":{"@id":"https:\/\/afogadosfm.com.br\/afogadosfm\/2025\/06\/26\/afogados-nani-azevedo-e-paulo-cesar-baruk-anunciados-como-atracoes-gospel-shows-acontecerao-no-final-de-outubro\/#breadcrumb"},"inLanguage":"pt-BR","potentialAction":[{"@type":"ReadAction","target":["https:\/\/afogadosfm.com.br\/afogadosfm\/2025\/06\/26\/afogados-nani-azevedo-e-paulo-cesar-baruk-anunciados-como-atracoes-gospel-shows-acontecerao-no-final-de-outubro\/"]}]},{"@type":"ImageObject","inLanguage":"pt-BR","@id":"https:\/\/afogadosfm.com.br\/afogadosfm\/2025\/06\/26\/afogados-nani-azevedo-e-paulo-cesar-baruk-anunciados-como-atracoes-gospel-shows-acontecerao-no-final-de-outubro\/#primaryimage","url":"https:\/\/i0.wp.com\/afogadosfm.com.br\/afogadosfm\/wp-content\/uploads\/2025\/06\/a2b3ba04-1eae-4980-9b23-606d855a5173.jpeg?fit=1080%2C1350&ssl=1","contentUrl":"https:\/\/i0.wp.com\/afogadosfm.com.br\/afogadosfm\/wp-content\/uploads\/2025\/06\/a2b3ba04-1eae-4980-9b23-606d855a5173.jpeg?fit=1080%2C1350&ssl=1","width":1080,"height":1350},{"@type":"BreadcrumbList","@id":"https:\/\/afogadosfm.com.br\/afogadosfm\/2025\/06\/26\/afogados-nani-azevedo-e-paulo-cesar-baruk-anunciados-como-atracoes-gospel-shows-acontecerao-no-final-de-outubro\/#breadcrumb","itemListElement":[{"@type":"ListItem","position":1,"name":"In\u00edcio","item":"https:\/\/afogadosfm.com.br\/afogadosfm\/"},{"@type":"ListItem","position":2,"name":"Afogados: Nani Azevedo e Paulo C\u00e9sar Baruk anunciados como atra\u00e7\u00f5es gospel. Shows acontecer\u00e3o no final de Outubro\u00a0"}]},{"@type":"WebSite","@id":"https:\/\/afogadosfm.com.br\/afogadosfm\/#website","url":"https:\/\/afogadosfm.com.br\/afogadosfm\/","name":"Afogados FM","description":"Um site completo!","publisher":{"@id":"https:\/\/afogadosfm.com.br\/afogadosfm\/#organization"},"potentialAction":[{"@type":"SearchAction","target":{"@type":"EntryPoint","urlTemplate":"https:\/\/afogadosfm.com.br\/afogadosfm\/?s={search_term_string}"},"query-input":{"@type":"PropertyValueSpecification","valueRequired":true,"valueName":"search_term_string"}}],"inLanguage":"pt-BR"},{"@type":"Organization","@id":"https:\/\/afogadosfm.com.br\/afogadosfm\/#organization","name":"Afogados FM","url":"https:\/\/afogadosfm.com.br\/afogadosfm\/","logo":{"@type":"ImageObject","inLanguage":"pt-BR","@id":"https:\/\/afogadosfm.com.br\/afogadosfm\/#\/schema\/logo\/image\/","url":"https:\/\/i0.wp.com\/afogadosfm.com.br\/afogadosfm\/wp-content\/uploads\/2020\/06\/cropped-banner-afogados-4.jpg?fit=369%2C137&ssl=1","contentUrl":"https:\/\/i0.wp.com\/afogadosfm.com.br\/afogadosfm\/wp-content\/uploads\/2020\/06\/cropped-banner-afogados-4.jpg?fit=369%2C137&ssl=1","width":369,"height":137,"caption":"Afogados FM"},"image":{"@id":"https:\/\/afogadosfm.com.br\/afogadosfm\/#\/schema\/logo\/image\/"}},{"@type":"Person","@id":"https:\/\/afogadosfm.com.br\/afogadosfm\/#\/schema\/person\/60e56f2cf5dc960fc093fe093d9e9057","name":"afogadosfm","image":{"@type":"ImageObject","inLanguage":"pt-BR","@id":"https:\/\/secure.gravatar.com\/avatar\/e0359add7ed5dc3560906d861b52c6a8cf5c1e199d3a7dd85070998f49bd4701?s=96&d=mm&r=g","url":"https:\/\/secure.gravatar.com\/avatar\/e0359add7ed5dc3560906d861b52c6a8cf5c1e199d3a7dd85070998f49bd4701?s=96&d=mm&r=g","contentUrl":"https:\/\/secure.gravatar.com\/avatar\/e0359add7ed5dc3560906d861b52c6a8cf5c1e199d3a7dd85070998f49bd4701?s=96&d=mm&r=g","caption":"afogadosfm"},"url":"https:\/\/afogadosfm.com.br\/afogadosfm\/author\/afogadosfm\/"}]}},"jetpack_publicize_connections":[],"jetpack_featured_media_url":"https:\/\/i0.wp.com\/afogadosfm.com.br\/afogadosfm\/wp-content\/uploads\/2025\/06\/a2b3ba04-1eae-4980-9b23-606d855a5173.jpeg?fit=1080%2C1350&ssl=1","jetpack-related-posts":[],"jetpack_sharing_enabled":true,"jetpack_likes_enabled":true,"_links":{"self":[{"href":"https:\/\/afogadosfm.com.br\/afogadosfm\/wp-json\/wp\/v2\/posts\/66925","targetHints":{"allow":["GET"]}}],"collection":[{"href":"https:\/\/afogadosfm.com.br\/afogadosfm\/wp-json\/wp\/v2\/posts"}],"about":[{"href":"https:\/\/afogadosfm.com.br\/afogadosfm\/wp-json\/wp\/v2\/types\/post"}],"author":[{"embeddable":true,"href":"https:\/\/afogadosfm.com.br\/afogadosfm\/wp-json\/wp\/v2\/users\/2"}],"replies":[{"embeddable":true,"href":"https:\/\/afogadosfm.com.br\/afogadosfm\/wp-json\/wp\/v2\/comments?post=66925"}],"version-history":[{"count":1,"href":"https:\/\/afogadosfm.com.br\/afogadosfm\/wp-json\/wp\/v2\/posts\/66925\/revisions"}],"predecessor-version":[{"id":66927,"href":"https:\/\/afogadosfm.com.br\/afogadosfm\/wp-json\/wp\/v2\/posts\/66925\/revisions\/66927"}],"wp:featuredmedia":[{"embeddable":true,"href":"https:\/\/afogadosfm.com.br\/afogadosfm\/wp-json\/wp\/v2\/media\/66926"}],"wp:attachment":[{"href":"https:\/\/afogadosfm.com.br\/afogadosfm\/wp-json\/wp\/v2\/media?parent=66925"}],"wp:term":[{"taxonomy":"category","embeddable":true,"href":"https:\/\/afogadosfm.com.br\/afogadosfm\/wp-json\/wp\/v2\/categories?post=66925"},{"taxonomy":"post_tag","embeddable":true,"href":"https:\/\/afogadosfm.com.br\/afogadosfm\/wp-json\/wp\/v2\/tags?post=66925"}],"curies":[{"name":"wp","href":"https:\/\/api.w.org\/{rel}","templated":true}]}}