{"id":66953,"date":"2025-06-27T08:48:24","date_gmt":"2025-06-27T11:48:24","guid":{"rendered":"https:\/\/afogadosfm.com.br\/afogadosfm\/?p=66953"},"modified":"2025-06-27T08:48:25","modified_gmt":"2025-06-27T11:48:25","slug":"jumento-brasileiro-pode-ser-extinto-ate-2030-alerta-pesquisador","status":"publish","type":"post","link":"https:\/\/afogadosfm.com.br\/afogadosfm\/2025\/06\/27\/jumento-brasileiro-pode-ser-extinto-ate-2030-alerta-pesquisador\/","title":{"rendered":"Jumento brasileiro pode ser extinto at\u00e9 2030, alerta pesquisador"},"content":{"rendered":"\n<p>A popula\u00e7\u00e3o de jumentos no Brasil sofreu uma queda de 94% nas \u00faltimas d\u00e9cadas e pode entrar em extin\u00e7\u00e3o at\u00e9 2030, caso o ritmo de abates seja mantido. O alerta vem do professor Pierre Barnab\u00e9 Escodro, da Universidade Federal de Alagoas (UFAL), que participa nesta semana do evento \u201cJumentos do Brasil\u201d, em Macei\u00f3 (AL), ao lado de cerca de 150 especialistas nacionais e internacionais.<\/p>\n\n\n\n<p>Segundo dados da Frente Nacional de Defesa dos Jumentos, o n\u00famero desses animais no Brasil despencou de 1,37 milh\u00e3o em 1996 para cerca de 78 mil em 2025. A principal causa da redu\u00e7\u00e3o, afirmam pesquisadores, \u00e9 a demanda chinesa por ejiao \u2014 um produto extra\u00eddo do col\u00e1geno presente sob a pele dos jumentos, amplamente utilizado na medicina tradicional chinesa.<\/p>\n\n\n\n<p><strong>Bahia no centro da pol\u00eamica<\/strong><\/p>\n\n\n\n<p>Hoje, os tr\u00eas frigor\u00edficos com autoriza\u00e7\u00e3o federal para o abate de jumentos est\u00e3o localizados na Bahia. Apesar da licen\u00e7a, grupos de prote\u00e7\u00e3o animal e cientistas denunciam que a atividade ocorre sem rastreabilidade ou controle sanit\u00e1rio adequado, o que levantaria s\u00e9rias preocupa\u00e7\u00f5es em rela\u00e7\u00e3o ao bem-estar dos animais e \u00e0 sustentabilidade da pr\u00e1tica.<\/p>\n\n\n\n<p>\u201cProduzir jumento para abate n\u00e3o \u00e9 rent\u00e1vel, \u00e9 extrativismo mesmo\u201d, afirma Escodro. Ele defende a aprova\u00e7\u00e3o do Projeto de Lei 1.973\/2022, que pro\u00edbe o abate no territ\u00f3rio nacional \u2014 proposta atualmente parada no Congresso.<\/p>\n\n\n\n<p>Em 2022, a Assembleia Legislativa da Bahia tamb\u00e9m discutiu um projeto semelhante. No entanto, em abril deste ano, o relator do PL, deputado Paulo C\u00e2mara (PSDB), deu parecer contr\u00e1rio \u00e0 proposta, alegando que a atividade j\u00e1 \u00e9 regulamentada e tem import\u00e2ncia econ\u00f4mica para o Estado. A declara\u00e7\u00e3o provocou nota de rep\u00fadio de grupos de conserva\u00e7\u00e3o, que questionam os dados utilizados e apontam risco iminente de extin\u00e7\u00e3o da esp\u00e9cie.<\/p>\n\n\n\n<p><strong>Peles valiosas, animais abandonados<\/strong><\/p>\n\n\n\n<p>Com a escassez de jumentos, os pre\u00e7os dispararam. No interior de Alagoas, animais que antes valiam cerca de R$ 100 agora s\u00e3o vendidos por at\u00e9 R$ 500. J\u00e1 as peles podem ser comercializadas por at\u00e9 US$ 4 mil no mercado internacional.<\/p>\n\n\n\n<p>Estudos apontam ainda para m\u00e1s condi\u00e7\u00f5es no transporte e manejo dos animais. Em artigo publicado em maio na revista&nbsp;<em>Animals<\/em>, Escodro e outros pesquisadores relatam que jumentos destinados ao abate apresentavam sinais de inflama\u00e7\u00e3o sist\u00eamica \u2014 resultado de estresse prolongado e maus-tratos.<\/p>\n\n\n\n<p><strong>Caminhos para preserva\u00e7\u00e3o<\/strong><\/p>\n\n\n\n<p>O evento em Macei\u00f3 discute propostas para evitar o desaparecimento da esp\u00e9cie no Brasil. Entre elas est\u00e3o a cria\u00e7\u00e3o de santu\u00e1rios e a reintegra\u00e7\u00e3o dos jumentos \u00e0 agricultura familiar, pastoreio e at\u00e9 terapias assistidas. A regi\u00e3o de Jericoacoara (CE), por exemplo, abriga cerca de 700 jegues em relativa seguran\u00e7a. J\u00e1 no interior do Cear\u00e1, uma fazenda do Detran em Santa Quit\u00e9ria concentra mais de 1.200 animais.<\/p>\n\n\n\n<p>A mobiliza\u00e7\u00e3o tamb\u00e9m tem dimens\u00e3o internacional. A Uni\u00e3o Africana aprovou recentemente uma morat\u00f3ria de 15 anos para o abate desses animais. Por aqui, ativistas lan\u00e7aram o site&nbsp;<em>Fim do Abate<\/em>, com o objetivo de pressionar o Congresso pela aprova\u00e7\u00e3o da lei nacional.<\/p>\n\n\n\n<p>\u201cO jumento est\u00e1 em risco de extin\u00e7\u00e3o em v\u00e1rios pa\u00edses. No Egito ele praticamente n\u00e3o existe mais. Por isso o movimento pela conserva\u00e7\u00e3o hoje \u00e9 global\u201d, refor\u00e7a Escodro.<\/p>\n","protected":false},"excerpt":{"rendered":"<p>A popula\u00e7\u00e3o de jumentos no Brasil sofreu uma queda de 94% nas \u00faltimas d\u00e9cadas e pode entrar em extin\u00e7\u00e3o at\u00e9<\/p>\n","protected":false},"author":2,"featured_media":66954,"comment_status":"open","ping_status":"open","sticky":false,"template":"","format":"standard","meta":{"jetpack_post_was_ever_published":false,"_jetpack_newsletter_access":"","_jetpack_dont_email_post_to_subs":false,"_jetpack_newsletter_tier_id":0,"_jetpack_memberships_contains_paywalled_content":false,"_jetpack_memberships_contains_paid_content":false,"footnotes":"","jetpack_publicize_message":"","jetpack_publicize_feature_enabled":true,"jetpack_social_post_already_shared":true,"jetpack_social_options":{"image_generator_settings":{"template":"highway","default_image_id":0,"font":"","enabled":false},"version":2}},"categories":[31],"tags":[],"class_list":["post-66953","post","type-post","status-publish","format-standard","has-post-thumbnail","hentry","category-nordeste"],"yoast_head":"<!-- This site is optimized with the Yoast SEO plugin v27.5 - https:\/\/yoast.com\/product\/yoast-seo-wordpress\/ -->\n<title>Jumento brasileiro pode ser extinto at\u00e9 2030, alerta pesquisador - Afogados FM<\/title>\n<meta name=\"robots\" content=\"index, follow, max-snippet:-1, max-image-preview:large, max-video-preview:-1\" \/>\n<link rel=\"canonical\" href=\"https:\/\/afogadosfm.com.br\/afogadosfm\/2025\/06\/27\/jumento-brasileiro-pode-ser-extinto-ate-2030-alerta-pesquisador\/\" \/>\n<meta property=\"og:locale\" content=\"pt_BR\" \/>\n<meta property=\"og:type\" content=\"article\" \/>\n<meta property=\"og:title\" content=\"Jumento brasileiro pode ser extinto at\u00e9 2030, alerta pesquisador - Afogados FM\" \/>\n<meta property=\"og:description\" content=\"A popula\u00e7\u00e3o de jumentos no Brasil sofreu uma queda de 94% nas \u00faltimas d\u00e9cadas e pode entrar em extin\u00e7\u00e3o at\u00e9\" \/>\n<meta property=\"og:url\" content=\"https:\/\/afogadosfm.com.br\/afogadosfm\/2025\/06\/27\/jumento-brasileiro-pode-ser-extinto-ate-2030-alerta-pesquisador\/\" \/>\n<meta property=\"og:site_name\" content=\"Afogados FM\" \/>\n<meta property=\"article:published_time\" content=\"2025-06-27T11:48:24+00:00\" \/>\n<meta property=\"article:modified_time\" content=\"2025-06-27T11:48:25+00:00\" \/>\n<meta property=\"og:image\" content=\"https:\/\/afogadosfm.com.br\/afogadosfm\/wp-content\/uploads\/2025\/06\/jumento.jpg\" \/>\n\t<meta property=\"og:image:width\" content=\"984\" \/>\n\t<meta property=\"og:image:height\" content=\"554\" \/>\n\t<meta property=\"og:image:type\" content=\"image\/jpeg\" \/>\n<meta name=\"author\" content=\"afogadosfm\" \/>\n<meta name=\"twitter:card\" content=\"summary_large_image\" \/>\n<meta name=\"twitter:label1\" content=\"Escrito por\" \/>\n\t<meta name=\"twitter:data1\" content=\"afogadosfm\" \/>\n\t<meta name=\"twitter:label2\" content=\"Est. tempo de leitura\" \/>\n\t<meta name=\"twitter:data2\" content=\"3 minutos\" \/>\n<script type=\"application\/ld+json\" class=\"yoast-schema-graph\">{\"@context\":\"https:\\\/\\\/schema.org\",\"@graph\":[{\"@type\":\"Article\",\"@id\":\"https:\\\/\\\/afogadosfm.com.br\\\/afogadosfm\\\/2025\\\/06\\\/27\\\/jumento-brasileiro-pode-ser-extinto-ate-2030-alerta-pesquisador\\\/#article\",\"isPartOf\":{\"@id\":\"https:\\\/\\\/afogadosfm.com.br\\\/afogadosfm\\\/2025\\\/06\\\/27\\\/jumento-brasileiro-pode-ser-extinto-ate-2030-alerta-pesquisador\\\/\"},\"author\":{\"name\":\"afogadosfm\",\"@id\":\"https:\\\/\\\/afogadosfm.com.br\\\/afogadosfm\\\/#\\\/schema\\\/person\\\/60e56f2cf5dc960fc093fe093d9e9057\"},\"headline\":\"Jumento brasileiro pode ser extinto at\u00e9 2030, alerta pesquisador\",\"datePublished\":\"2025-06-27T11:48:24+00:00\",\"dateModified\":\"2025-06-27T11:48:25+00:00\",\"mainEntityOfPage\":{\"@id\":\"https:\\\/\\\/afogadosfm.com.br\\\/afogadosfm\\\/2025\\\/06\\\/27\\\/jumento-brasileiro-pode-ser-extinto-ate-2030-alerta-pesquisador\\\/\"},\"wordCount\":555,\"commentCount\":0,\"publisher\":{\"@id\":\"https:\\\/\\\/afogadosfm.com.br\\\/afogadosfm\\\/#organization\"},\"image\":{\"@id\":\"https:\\\/\\\/afogadosfm.com.br\\\/afogadosfm\\\/2025\\\/06\\\/27\\\/jumento-brasileiro-pode-ser-extinto-ate-2030-alerta-pesquisador\\\/#primaryimage\"},\"thumbnailUrl\":\"https:\\\/\\\/i0.wp.com\\\/afogadosfm.com.br\\\/afogadosfm\\\/wp-content\\\/uploads\\\/2025\\\/06\\\/jumento.jpg?fit=984%2C554&ssl=1\",\"articleSection\":[\"Nordeste\"],\"inLanguage\":\"pt-BR\",\"potentialAction\":[{\"@type\":\"CommentAction\",\"name\":\"Comment\",\"target\":[\"https:\\\/\\\/afogadosfm.com.br\\\/afogadosfm\\\/2025\\\/06\\\/27\\\/jumento-brasileiro-pode-ser-extinto-ate-2030-alerta-pesquisador\\\/#respond\"]}]},{\"@type\":\"WebPage\",\"@id\":\"https:\\\/\\\/afogadosfm.com.br\\\/afogadosfm\\\/2025\\\/06\\\/27\\\/jumento-brasileiro-pode-ser-extinto-ate-2030-alerta-pesquisador\\\/\",\"url\":\"https:\\\/\\\/afogadosfm.com.br\\\/afogadosfm\\\/2025\\\/06\\\/27\\\/jumento-brasileiro-pode-ser-extinto-ate-2030-alerta-pesquisador\\\/\",\"name\":\"Jumento brasileiro pode ser extinto at\u00e9 2030, alerta pesquisador - Afogados FM\",\"isPartOf\":{\"@id\":\"https:\\\/\\\/afogadosfm.com.br\\\/afogadosfm\\\/#website\"},\"primaryImageOfPage\":{\"@id\":\"https:\\\/\\\/afogadosfm.com.br\\\/afogadosfm\\\/2025\\\/06\\\/27\\\/jumento-brasileiro-pode-ser-extinto-ate-2030-alerta-pesquisador\\\/#primaryimage\"},\"image\":{\"@id\":\"https:\\\/\\\/afogadosfm.com.br\\\/afogadosfm\\\/2025\\\/06\\\/27\\\/jumento-brasileiro-pode-ser-extinto-ate-2030-alerta-pesquisador\\\/#primaryimage\"},\"thumbnailUrl\":\"https:\\\/\\\/i0.wp.com\\\/afogadosfm.com.br\\\/afogadosfm\\\/wp-content\\\/uploads\\\/2025\\\/06\\\/jumento.jpg?fit=984%2C554&ssl=1\",\"datePublished\":\"2025-06-27T11:48:24+00:00\",\"dateModified\":\"2025-06-27T11:48:25+00:00\",\"breadcrumb\":{\"@id\":\"https:\\\/\\\/afogadosfm.com.br\\\/afogadosfm\\\/2025\\\/06\\\/27\\\/jumento-brasileiro-pode-ser-extinto-ate-2030-alerta-pesquisador\\\/#breadcrumb\"},\"inLanguage\":\"pt-BR\",\"potentialAction\":[{\"@type\":\"ReadAction\",\"target\":[\"https:\\\/\\\/afogadosfm.com.br\\\/afogadosfm\\\/2025\\\/06\\\/27\\\/jumento-brasileiro-pode-ser-extinto-ate-2030-alerta-pesquisador\\\/\"]}]},{\"@type\":\"ImageObject\",\"inLanguage\":\"pt-BR\",\"@id\":\"https:\\\/\\\/afogadosfm.com.br\\\/afogadosfm\\\/2025\\\/06\\\/27\\\/jumento-brasileiro-pode-ser-extinto-ate-2030-alerta-pesquisador\\\/#primaryimage\",\"url\":\"https:\\\/\\\/i0.wp.com\\\/afogadosfm.com.br\\\/afogadosfm\\\/wp-content\\\/uploads\\\/2025\\\/06\\\/jumento.jpg?fit=984%2C554&ssl=1\",\"contentUrl\":\"https:\\\/\\\/i0.wp.com\\\/afogadosfm.com.br\\\/afogadosfm\\\/wp-content\\\/uploads\\\/2025\\\/06\\\/jumento.jpg?fit=984%2C554&ssl=1\",\"width\":984,\"height\":554},{\"@type\":\"BreadcrumbList\",\"@id\":\"https:\\\/\\\/afogadosfm.com.br\\\/afogadosfm\\\/2025\\\/06\\\/27\\\/jumento-brasileiro-pode-ser-extinto-ate-2030-alerta-pesquisador\\\/#breadcrumb\",\"itemListElement\":[{\"@type\":\"ListItem\",\"position\":1,\"name\":\"In\u00edcio\",\"item\":\"https:\\\/\\\/afogadosfm.com.br\\\/afogadosfm\\\/\"},{\"@type\":\"ListItem\",\"position\":2,\"name\":\"Jumento brasileiro pode ser extinto at\u00e9 2030, alerta pesquisador\"}]},{\"@type\":\"WebSite\",\"@id\":\"https:\\\/\\\/afogadosfm.com.br\\\/afogadosfm\\\/#website\",\"url\":\"https:\\\/\\\/afogadosfm.com.br\\\/afogadosfm\\\/\",\"name\":\"Afogados FM\",\"description\":\"Um site completo!\",\"publisher\":{\"@id\":\"https:\\\/\\\/afogadosfm.com.br\\\/afogadosfm\\\/#organization\"},\"potentialAction\":[{\"@type\":\"SearchAction\",\"target\":{\"@type\":\"EntryPoint\",\"urlTemplate\":\"https:\\\/\\\/afogadosfm.com.br\\\/afogadosfm\\\/?s={search_term_string}\"},\"query-input\":{\"@type\":\"PropertyValueSpecification\",\"valueRequired\":true,\"valueName\":\"search_term_string\"}}],\"inLanguage\":\"pt-BR\"},{\"@type\":\"Organization\",\"@id\":\"https:\\\/\\\/afogadosfm.com.br\\\/afogadosfm\\\/#organization\",\"name\":\"Afogados FM\",\"url\":\"https:\\\/\\\/afogadosfm.com.br\\\/afogadosfm\\\/\",\"logo\":{\"@type\":\"ImageObject\",\"inLanguage\":\"pt-BR\",\"@id\":\"https:\\\/\\\/afogadosfm.com.br\\\/afogadosfm\\\/#\\\/schema\\\/logo\\\/image\\\/\",\"url\":\"https:\\\/\\\/i0.wp.com\\\/afogadosfm.com.br\\\/afogadosfm\\\/wp-content\\\/uploads\\\/2020\\\/06\\\/cropped-banner-afogados-4.jpg?fit=369%2C137&ssl=1\",\"contentUrl\":\"https:\\\/\\\/i0.wp.com\\\/afogadosfm.com.br\\\/afogadosfm\\\/wp-content\\\/uploads\\\/2020\\\/06\\\/cropped-banner-afogados-4.jpg?fit=369%2C137&ssl=1\",\"width\":369,\"height\":137,\"caption\":\"Afogados FM\"},\"image\":{\"@id\":\"https:\\\/\\\/afogadosfm.com.br\\\/afogadosfm\\\/#\\\/schema\\\/logo\\\/image\\\/\"}},{\"@type\":\"Person\",\"@id\":\"https:\\\/\\\/afogadosfm.com.br\\\/afogadosfm\\\/#\\\/schema\\\/person\\\/60e56f2cf5dc960fc093fe093d9e9057\",\"name\":\"afogadosfm\",\"image\":{\"@type\":\"ImageObject\",\"inLanguage\":\"pt-BR\",\"@id\":\"https:\\\/\\\/secure.gravatar.com\\\/avatar\\\/e0359add7ed5dc3560906d861b52c6a8cf5c1e199d3a7dd85070998f49bd4701?s=96&d=mm&r=g\",\"url\":\"https:\\\/\\\/secure.gravatar.com\\\/avatar\\\/e0359add7ed5dc3560906d861b52c6a8cf5c1e199d3a7dd85070998f49bd4701?s=96&d=mm&r=g\",\"contentUrl\":\"https:\\\/\\\/secure.gravatar.com\\\/avatar\\\/e0359add7ed5dc3560906d861b52c6a8cf5c1e199d3a7dd85070998f49bd4701?s=96&d=mm&r=g\",\"caption\":\"afogadosfm\"},\"url\":\"https:\\\/\\\/afogadosfm.com.br\\\/afogadosfm\\\/author\\\/afogadosfm\\\/\"}]}<\/script>\n<!-- \/ Yoast SEO plugin. -->","yoast_head_json":{"title":"Jumento brasileiro pode ser extinto at\u00e9 2030, alerta pesquisador - Afogados FM","robots":{"index":"index","follow":"follow","max-snippet":"max-snippet:-1","max-image-preview":"max-image-preview:large","max-video-preview":"max-video-preview:-1"},"canonical":"https:\/\/afogadosfm.com.br\/afogadosfm\/2025\/06\/27\/jumento-brasileiro-pode-ser-extinto-ate-2030-alerta-pesquisador\/","og_locale":"pt_BR","og_type":"article","og_title":"Jumento brasileiro pode ser extinto at\u00e9 2030, alerta pesquisador - Afogados FM","og_description":"A popula\u00e7\u00e3o de jumentos no Brasil sofreu uma queda de 94% nas \u00faltimas d\u00e9cadas e pode entrar em extin\u00e7\u00e3o at\u00e9","og_url":"https:\/\/afogadosfm.com.br\/afogadosfm\/2025\/06\/27\/jumento-brasileiro-pode-ser-extinto-ate-2030-alerta-pesquisador\/","og_site_name":"Afogados FM","article_published_time":"2025-06-27T11:48:24+00:00","article_modified_time":"2025-06-27T11:48:25+00:00","og_image":[{"width":984,"height":554,"url":"https:\/\/afogadosfm.com.br\/afogadosfm\/wp-content\/uploads\/2025\/06\/jumento.jpg","type":"image\/jpeg"}],"author":"afogadosfm","twitter_card":"summary_large_image","twitter_misc":{"Escrito por":"afogadosfm","Est. tempo de leitura":"3 minutos"},"schema":{"@context":"https:\/\/schema.org","@graph":[{"@type":"Article","@id":"https:\/\/afogadosfm.com.br\/afogadosfm\/2025\/06\/27\/jumento-brasileiro-pode-ser-extinto-ate-2030-alerta-pesquisador\/#article","isPartOf":{"@id":"https:\/\/afogadosfm.com.br\/afogadosfm\/2025\/06\/27\/jumento-brasileiro-pode-ser-extinto-ate-2030-alerta-pesquisador\/"},"author":{"name":"afogadosfm","@id":"https:\/\/afogadosfm.com.br\/afogadosfm\/#\/schema\/person\/60e56f2cf5dc960fc093fe093d9e9057"},"headline":"Jumento brasileiro pode ser extinto at\u00e9 2030, alerta pesquisador","datePublished":"2025-06-27T11:48:24+00:00","dateModified":"2025-06-27T11:48:25+00:00","mainEntityOfPage":{"@id":"https:\/\/afogadosfm.com.br\/afogadosfm\/2025\/06\/27\/jumento-brasileiro-pode-ser-extinto-ate-2030-alerta-pesquisador\/"},"wordCount":555,"commentCount":0,"publisher":{"@id":"https:\/\/afogadosfm.com.br\/afogadosfm\/#organization"},"image":{"@id":"https:\/\/afogadosfm.com.br\/afogadosfm\/2025\/06\/27\/jumento-brasileiro-pode-ser-extinto-ate-2030-alerta-pesquisador\/#primaryimage"},"thumbnailUrl":"https:\/\/i0.wp.com\/afogadosfm.com.br\/afogadosfm\/wp-content\/uploads\/2025\/06\/jumento.jpg?fit=984%2C554&ssl=1","articleSection":["Nordeste"],"inLanguage":"pt-BR","potentialAction":[{"@type":"CommentAction","name":"Comment","target":["https:\/\/afogadosfm.com.br\/afogadosfm\/2025\/06\/27\/jumento-brasileiro-pode-ser-extinto-ate-2030-alerta-pesquisador\/#respond"]}]},{"@type":"WebPage","@id":"https:\/\/afogadosfm.com.br\/afogadosfm\/2025\/06\/27\/jumento-brasileiro-pode-ser-extinto-ate-2030-alerta-pesquisador\/","url":"https:\/\/afogadosfm.com.br\/afogadosfm\/2025\/06\/27\/jumento-brasileiro-pode-ser-extinto-ate-2030-alerta-pesquisador\/","name":"Jumento brasileiro pode ser extinto at\u00e9 2030, alerta pesquisador - Afogados FM","isPartOf":{"@id":"https:\/\/afogadosfm.com.br\/afogadosfm\/#website"},"primaryImageOfPage":{"@id":"https:\/\/afogadosfm.com.br\/afogadosfm\/2025\/06\/27\/jumento-brasileiro-pode-ser-extinto-ate-2030-alerta-pesquisador\/#primaryimage"},"image":{"@id":"https:\/\/afogadosfm.com.br\/afogadosfm\/2025\/06\/27\/jumento-brasileiro-pode-ser-extinto-ate-2030-alerta-pesquisador\/#primaryimage"},"thumbnailUrl":"https:\/\/i0.wp.com\/afogadosfm.com.br\/afogadosfm\/wp-content\/uploads\/2025\/06\/jumento.jpg?fit=984%2C554&ssl=1","datePublished":"2025-06-27T11:48:24+00:00","dateModified":"2025-06-27T11:48:25+00:00","breadcrumb":{"@id":"https:\/\/afogadosfm.com.br\/afogadosfm\/2025\/06\/27\/jumento-brasileiro-pode-ser-extinto-ate-2030-alerta-pesquisador\/#breadcrumb"},"inLanguage":"pt-BR","potentialAction":[{"@type":"ReadAction","target":["https:\/\/afogadosfm.com.br\/afogadosfm\/2025\/06\/27\/jumento-brasileiro-pode-ser-extinto-ate-2030-alerta-pesquisador\/"]}]},{"@type":"ImageObject","inLanguage":"pt-BR","@id":"https:\/\/afogadosfm.com.br\/afogadosfm\/2025\/06\/27\/jumento-brasileiro-pode-ser-extinto-ate-2030-alerta-pesquisador\/#primaryimage","url":"https:\/\/i0.wp.com\/afogadosfm.com.br\/afogadosfm\/wp-content\/uploads\/2025\/06\/jumento.jpg?fit=984%2C554&ssl=1","contentUrl":"https:\/\/i0.wp.com\/afogadosfm.com.br\/afogadosfm\/wp-content\/uploads\/2025\/06\/jumento.jpg?fit=984%2C554&ssl=1","width":984,"height":554},{"@type":"BreadcrumbList","@id":"https:\/\/afogadosfm.com.br\/afogadosfm\/2025\/06\/27\/jumento-brasileiro-pode-ser-extinto-ate-2030-alerta-pesquisador\/#breadcrumb","itemListElement":[{"@type":"ListItem","position":1,"name":"In\u00edcio","item":"https:\/\/afogadosfm.com.br\/afogadosfm\/"},{"@type":"ListItem","position":2,"name":"Jumento brasileiro pode ser extinto at\u00e9 2030, alerta pesquisador"}]},{"@type":"WebSite","@id":"https:\/\/afogadosfm.com.br\/afogadosfm\/#website","url":"https:\/\/afogadosfm.com.br\/afogadosfm\/","name":"Afogados FM","description":"Um site completo!","publisher":{"@id":"https:\/\/afogadosfm.com.br\/afogadosfm\/#organization"},"potentialAction":[{"@type":"SearchAction","target":{"@type":"EntryPoint","urlTemplate":"https:\/\/afogadosfm.com.br\/afogadosfm\/?s={search_term_string}"},"query-input":{"@type":"PropertyValueSpecification","valueRequired":true,"valueName":"search_term_string"}}],"inLanguage":"pt-BR"},{"@type":"Organization","@id":"https:\/\/afogadosfm.com.br\/afogadosfm\/#organization","name":"Afogados FM","url":"https:\/\/afogadosfm.com.br\/afogadosfm\/","logo":{"@type":"ImageObject","inLanguage":"pt-BR","@id":"https:\/\/afogadosfm.com.br\/afogadosfm\/#\/schema\/logo\/image\/","url":"https:\/\/i0.wp.com\/afogadosfm.com.br\/afogadosfm\/wp-content\/uploads\/2020\/06\/cropped-banner-afogados-4.jpg?fit=369%2C137&ssl=1","contentUrl":"https:\/\/i0.wp.com\/afogadosfm.com.br\/afogadosfm\/wp-content\/uploads\/2020\/06\/cropped-banner-afogados-4.jpg?fit=369%2C137&ssl=1","width":369,"height":137,"caption":"Afogados FM"},"image":{"@id":"https:\/\/afogadosfm.com.br\/afogadosfm\/#\/schema\/logo\/image\/"}},{"@type":"Person","@id":"https:\/\/afogadosfm.com.br\/afogadosfm\/#\/schema\/person\/60e56f2cf5dc960fc093fe093d9e9057","name":"afogadosfm","image":{"@type":"ImageObject","inLanguage":"pt-BR","@id":"https:\/\/secure.gravatar.com\/avatar\/e0359add7ed5dc3560906d861b52c6a8cf5c1e199d3a7dd85070998f49bd4701?s=96&d=mm&r=g","url":"https:\/\/secure.gravatar.com\/avatar\/e0359add7ed5dc3560906d861b52c6a8cf5c1e199d3a7dd85070998f49bd4701?s=96&d=mm&r=g","contentUrl":"https:\/\/secure.gravatar.com\/avatar\/e0359add7ed5dc3560906d861b52c6a8cf5c1e199d3a7dd85070998f49bd4701?s=96&d=mm&r=g","caption":"afogadosfm"},"url":"https:\/\/afogadosfm.com.br\/afogadosfm\/author\/afogadosfm\/"}]}},"jetpack_publicize_connections":[],"jetpack_featured_media_url":"https:\/\/i0.wp.com\/afogadosfm.com.br\/afogadosfm\/wp-content\/uploads\/2025\/06\/jumento.jpg?fit=984%2C554&ssl=1","jetpack-related-posts":[],"jetpack_sharing_enabled":true,"jetpack_likes_enabled":true,"_links":{"self":[{"href":"https:\/\/afogadosfm.com.br\/afogadosfm\/wp-json\/wp\/v2\/posts\/66953","targetHints":{"allow":["GET"]}}],"collection":[{"href":"https:\/\/afogadosfm.com.br\/afogadosfm\/wp-json\/wp\/v2\/posts"}],"about":[{"href":"https:\/\/afogadosfm.com.br\/afogadosfm\/wp-json\/wp\/v2\/types\/post"}],"author":[{"embeddable":true,"href":"https:\/\/afogadosfm.com.br\/afogadosfm\/wp-json\/wp\/v2\/users\/2"}],"replies":[{"embeddable":true,"href":"https:\/\/afogadosfm.com.br\/afogadosfm\/wp-json\/wp\/v2\/comments?post=66953"}],"version-history":[{"count":1,"href":"https:\/\/afogadosfm.com.br\/afogadosfm\/wp-json\/wp\/v2\/posts\/66953\/revisions"}],"predecessor-version":[{"id":66955,"href":"https:\/\/afogadosfm.com.br\/afogadosfm\/wp-json\/wp\/v2\/posts\/66953\/revisions\/66955"}],"wp:featuredmedia":[{"embeddable":true,"href":"https:\/\/afogadosfm.com.br\/afogadosfm\/wp-json\/wp\/v2\/media\/66954"}],"wp:attachment":[{"href":"https:\/\/afogadosfm.com.br\/afogadosfm\/wp-json\/wp\/v2\/media?parent=66953"}],"wp:term":[{"taxonomy":"category","embeddable":true,"href":"https:\/\/afogadosfm.com.br\/afogadosfm\/wp-json\/wp\/v2\/categories?post=66953"},{"taxonomy":"post_tag","embeddable":true,"href":"https:\/\/afogadosfm.com.br\/afogadosfm\/wp-json\/wp\/v2\/tags?post=66953"}],"curies":[{"name":"wp","href":"https:\/\/api.w.org\/{rel}","templated":true}]}}