{"id":66964,"date":"2025-06-27T17:07:44","date_gmt":"2025-06-27T20:07:44","guid":{"rendered":"https:\/\/afogadosfm.com.br\/afogadosfm\/?p=66964"},"modified":"2025-06-27T17:07:46","modified_gmt":"2025-06-27T20:07:46","slug":"prefeitura-de-afogados-entregou-equipamentos-de-protecao-aos-profissionais-da-cozinha-comunitaria","status":"publish","type":"post","link":"https:\/\/afogadosfm.com.br\/afogadosfm\/2025\/06\/27\/prefeitura-de-afogados-entregou-equipamentos-de-protecao-aos-profissionais-da-cozinha-comunitaria\/","title":{"rendered":"Prefeitura de Afogados entregou equipamentos de prote\u00e7\u00e3o aos profissionais da cozinha comunit\u00e1ria\u00a0"},"content":{"rendered":"\n<p>A cozinha comunit\u00e1ria de Afogados da Ingazeira oferta, de segunda \u00e0 sexta, tr\u00eas refei\u00e7\u00f5es di\u00e1rias: caf\u00e9 da manh\u00e3, almo\u00e7o e jantar, atendendo os profissionais que atuam na limpeza urbana do munic\u00edpio e tamb\u00e9m as pessoas em situa\u00e7\u00e3o de vulnerabilidade social. Ao todo, s\u00e3o servidas trezentos e dezenove refei\u00e7\u00f5es por dia. A elabora\u00e7\u00e3o do card\u00e1pio conta com a orienta\u00e7\u00e3o da nutricionista Nat\u00e1lia Padilha, que tamb\u00e9m atua na elabora\u00e7\u00e3o do card\u00e1pio\u00a0\u00a0da merenda escolar.\u00a0<br><\/p>\n\n\n\n<figure class=\"wp-block-image size-large\"><img data-recalc-dims=\"1\" loading=\"lazy\" decoding=\"async\" width=\"840\" height=\"558\" src=\"https:\/\/i0.wp.com\/afogadosfm.com.br\/afogadosfm\/wp-content\/uploads\/2025\/06\/790257f2-f037-4597-ad2a-1271746ec04f.jpeg?resize=840%2C558&#038;ssl=1\" alt=\"\" class=\"wp-image-66966\" srcset=\"https:\/\/i0.wp.com\/afogadosfm.com.br\/afogadosfm\/wp-content\/uploads\/2025\/06\/790257f2-f037-4597-ad2a-1271746ec04f.jpeg?resize=1024%2C680&amp;ssl=1 1024w, https:\/\/i0.wp.com\/afogadosfm.com.br\/afogadosfm\/wp-content\/uploads\/2025\/06\/790257f2-f037-4597-ad2a-1271746ec04f.jpeg?resize=300%2C199&amp;ssl=1 300w, https:\/\/i0.wp.com\/afogadosfm.com.br\/afogadosfm\/wp-content\/uploads\/2025\/06\/790257f2-f037-4597-ad2a-1271746ec04f.jpeg?resize=768%2C510&amp;ssl=1 768w, https:\/\/i0.wp.com\/afogadosfm.com.br\/afogadosfm\/wp-content\/uploads\/2025\/06\/790257f2-f037-4597-ad2a-1271746ec04f.jpeg?resize=1536%2C1020&amp;ssl=1 1536w, https:\/\/i0.wp.com\/afogadosfm.com.br\/afogadosfm\/wp-content\/uploads\/2025\/06\/790257f2-f037-4597-ad2a-1271746ec04f.jpeg?resize=120%2C80&amp;ssl=1 120w, https:\/\/i0.wp.com\/afogadosfm.com.br\/afogadosfm\/wp-content\/uploads\/2025\/06\/790257f2-f037-4597-ad2a-1271746ec04f.jpeg?w=1600&amp;ssl=1 1600w\" sizes=\"auto, (max-width: 840px) 100vw, 840px\" \/><\/figure>\n\n\n\n<p>E para qualificar o servi\u00e7o, os profissionais da cozinha comunit\u00e1ria receberam esta semana os novos equipamentos de prote\u00e7\u00e3o individual (EPI). A entrega foi realizada pelo Prefeito Sandrinho Palmeira e pela secretaria municipal de assist\u00eancia social, Madalena Leite. Cada kit entregue conta com duas camisas, duas cal\u00e7as, um par de sapatos, avental, luvas t\u00e9rmicas, pl\u00e1sticas e de a\u00e7o, para assegurar a seguran\u00e7a e a higiene na manipula\u00e7\u00e3o dos alimentos.&nbsp;<\/p>\n\n\n\n<p>&#8220;\u00c9 com muito carinho e com muito zelo que entregamos esses kits de EPI&#8217;S, para que nossos servidores possam desenvolver suas fun\u00e7\u00f5es com mais seguran\u00e7a e com muito mais qualidade&#8221;, destacou o Prefeito Sandrinho Palmeira.<\/p>\n","protected":false},"excerpt":{"rendered":"<p>A cozinha comunit\u00e1ria de Afogados da Ingazeira oferta, de segunda \u00e0 sexta, tr\u00eas refei\u00e7\u00f5es di\u00e1rias: caf\u00e9 da manh\u00e3, almo\u00e7o e<\/p>\n","protected":false},"author":2,"featured_media":66965,"comment_status":"open","ping_status":"open","sticky":false,"template":"","format":"standard","meta":{"jetpack_post_was_ever_published":false,"_jetpack_newsletter_access":"","_jetpack_dont_email_post_to_subs":false,"_jetpack_newsletter_tier_id":0,"_jetpack_memberships_contains_paywalled_content":false,"_jetpack_memberships_contains_paid_content":false,"footnotes":"","jetpack_publicize_message":"","jetpack_publicize_feature_enabled":true,"jetpack_social_post_already_shared":true,"jetpack_social_options":{"image_generator_settings":{"template":"highway","default_image_id":0,"font":"","enabled":false},"version":2}},"categories":[14],"tags":[],"class_list":["post-66964","post","type-post","status-publish","format-standard","has-post-thumbnail","hentry","category-afogados-da-ingazeira"],"yoast_head":"<!-- This site is optimized with the Yoast SEO plugin v27.5 - https:\/\/yoast.com\/product\/yoast-seo-wordpress\/ -->\n<title>Prefeitura de Afogados entregou equipamentos de prote\u00e7\u00e3o aos profissionais da cozinha comunit\u00e1ria\u00a0 - Afogados FM<\/title>\n<meta name=\"robots\" content=\"index, follow, max-snippet:-1, max-image-preview:large, max-video-preview:-1\" \/>\n<link rel=\"canonical\" href=\"https:\/\/afogadosfm.com.br\/afogadosfm\/2025\/06\/27\/prefeitura-de-afogados-entregou-equipamentos-de-protecao-aos-profissionais-da-cozinha-comunitaria\/\" \/>\n<meta property=\"og:locale\" content=\"pt_BR\" \/>\n<meta property=\"og:type\" content=\"article\" \/>\n<meta property=\"og:title\" content=\"Prefeitura de Afogados entregou equipamentos de prote\u00e7\u00e3o aos profissionais da cozinha comunit\u00e1ria\u00a0 - Afogados FM\" \/>\n<meta property=\"og:description\" content=\"A cozinha comunit\u00e1ria de Afogados da Ingazeira oferta, de segunda \u00e0 sexta, tr\u00eas refei\u00e7\u00f5es di\u00e1rias: caf\u00e9 da manh\u00e3, almo\u00e7o e\" \/>\n<meta property=\"og:url\" content=\"https:\/\/afogadosfm.com.br\/afogadosfm\/2025\/06\/27\/prefeitura-de-afogados-entregou-equipamentos-de-protecao-aos-profissionais-da-cozinha-comunitaria\/\" \/>\n<meta property=\"og:site_name\" content=\"Afogados FM\" \/>\n<meta property=\"article:published_time\" content=\"2025-06-27T20:07:44+00:00\" \/>\n<meta property=\"article:modified_time\" content=\"2025-06-27T20:07:46+00:00\" \/>\n<meta property=\"og:image\" content=\"https:\/\/afogadosfm.com.br\/afogadosfm\/wp-content\/uploads\/2025\/06\/d6312d54-97e0-4a55-86f4-db763ef27f04.jpeg\" \/>\n\t<meta property=\"og:image:width\" content=\"1600\" \/>\n\t<meta property=\"og:image:height\" content=\"1063\" \/>\n\t<meta property=\"og:image:type\" content=\"image\/jpeg\" \/>\n<meta name=\"author\" content=\"afogadosfm\" \/>\n<meta name=\"twitter:card\" content=\"summary_large_image\" \/>\n<meta name=\"twitter:label1\" content=\"Escrito por\" \/>\n\t<meta name=\"twitter:data1\" content=\"afogadosfm\" \/>\n\t<meta name=\"twitter:label2\" content=\"Est. tempo de leitura\" \/>\n\t<meta name=\"twitter:data2\" content=\"2 minutos\" \/>\n<script type=\"application\/ld+json\" class=\"yoast-schema-graph\">{\"@context\":\"https:\\\/\\\/schema.org\",\"@graph\":[{\"@type\":\"Article\",\"@id\":\"https:\\\/\\\/afogadosfm.com.br\\\/afogadosfm\\\/2025\\\/06\\\/27\\\/prefeitura-de-afogados-entregou-equipamentos-de-protecao-aos-profissionais-da-cozinha-comunitaria\\\/#article\",\"isPartOf\":{\"@id\":\"https:\\\/\\\/afogadosfm.com.br\\\/afogadosfm\\\/2025\\\/06\\\/27\\\/prefeitura-de-afogados-entregou-equipamentos-de-protecao-aos-profissionais-da-cozinha-comunitaria\\\/\"},\"author\":{\"name\":\"afogadosfm\",\"@id\":\"https:\\\/\\\/afogadosfm.com.br\\\/afogadosfm\\\/#\\\/schema\\\/person\\\/60e56f2cf5dc960fc093fe093d9e9057\"},\"headline\":\"Prefeitura de Afogados entregou equipamentos de prote\u00e7\u00e3o aos profissionais da cozinha comunit\u00e1ria\u00a0\",\"datePublished\":\"2025-06-27T20:07:44+00:00\",\"dateModified\":\"2025-06-27T20:07:46+00:00\",\"mainEntityOfPage\":{\"@id\":\"https:\\\/\\\/afogadosfm.com.br\\\/afogadosfm\\\/2025\\\/06\\\/27\\\/prefeitura-de-afogados-entregou-equipamentos-de-protecao-aos-profissionais-da-cozinha-comunitaria\\\/\"},\"wordCount\":218,\"commentCount\":0,\"publisher\":{\"@id\":\"https:\\\/\\\/afogadosfm.com.br\\\/afogadosfm\\\/#organization\"},\"image\":{\"@id\":\"https:\\\/\\\/afogadosfm.com.br\\\/afogadosfm\\\/2025\\\/06\\\/27\\\/prefeitura-de-afogados-entregou-equipamentos-de-protecao-aos-profissionais-da-cozinha-comunitaria\\\/#primaryimage\"},\"thumbnailUrl\":\"https:\\\/\\\/i0.wp.com\\\/afogadosfm.com.br\\\/afogadosfm\\\/wp-content\\\/uploads\\\/2025\\\/06\\\/d6312d54-97e0-4a55-86f4-db763ef27f04.jpeg?fit=1600%2C1063&ssl=1\",\"articleSection\":[\"Afogados da Ingazeira\"],\"inLanguage\":\"pt-BR\",\"potentialAction\":[{\"@type\":\"CommentAction\",\"name\":\"Comment\",\"target\":[\"https:\\\/\\\/afogadosfm.com.br\\\/afogadosfm\\\/2025\\\/06\\\/27\\\/prefeitura-de-afogados-entregou-equipamentos-de-protecao-aos-profissionais-da-cozinha-comunitaria\\\/#respond\"]}]},{\"@type\":\"WebPage\",\"@id\":\"https:\\\/\\\/afogadosfm.com.br\\\/afogadosfm\\\/2025\\\/06\\\/27\\\/prefeitura-de-afogados-entregou-equipamentos-de-protecao-aos-profissionais-da-cozinha-comunitaria\\\/\",\"url\":\"https:\\\/\\\/afogadosfm.com.br\\\/afogadosfm\\\/2025\\\/06\\\/27\\\/prefeitura-de-afogados-entregou-equipamentos-de-protecao-aos-profissionais-da-cozinha-comunitaria\\\/\",\"name\":\"Prefeitura de Afogados entregou equipamentos de prote\u00e7\u00e3o aos profissionais da cozinha comunit\u00e1ria\u00a0 - Afogados FM\",\"isPartOf\":{\"@id\":\"https:\\\/\\\/afogadosfm.com.br\\\/afogadosfm\\\/#website\"},\"primaryImageOfPage\":{\"@id\":\"https:\\\/\\\/afogadosfm.com.br\\\/afogadosfm\\\/2025\\\/06\\\/27\\\/prefeitura-de-afogados-entregou-equipamentos-de-protecao-aos-profissionais-da-cozinha-comunitaria\\\/#primaryimage\"},\"image\":{\"@id\":\"https:\\\/\\\/afogadosfm.com.br\\\/afogadosfm\\\/2025\\\/06\\\/27\\\/prefeitura-de-afogados-entregou-equipamentos-de-protecao-aos-profissionais-da-cozinha-comunitaria\\\/#primaryimage\"},\"thumbnailUrl\":\"https:\\\/\\\/i0.wp.com\\\/afogadosfm.com.br\\\/afogadosfm\\\/wp-content\\\/uploads\\\/2025\\\/06\\\/d6312d54-97e0-4a55-86f4-db763ef27f04.jpeg?fit=1600%2C1063&ssl=1\",\"datePublished\":\"2025-06-27T20:07:44+00:00\",\"dateModified\":\"2025-06-27T20:07:46+00:00\",\"breadcrumb\":{\"@id\":\"https:\\\/\\\/afogadosfm.com.br\\\/afogadosfm\\\/2025\\\/06\\\/27\\\/prefeitura-de-afogados-entregou-equipamentos-de-protecao-aos-profissionais-da-cozinha-comunitaria\\\/#breadcrumb\"},\"inLanguage\":\"pt-BR\",\"potentialAction\":[{\"@type\":\"ReadAction\",\"target\":[\"https:\\\/\\\/afogadosfm.com.br\\\/afogadosfm\\\/2025\\\/06\\\/27\\\/prefeitura-de-afogados-entregou-equipamentos-de-protecao-aos-profissionais-da-cozinha-comunitaria\\\/\"]}]},{\"@type\":\"ImageObject\",\"inLanguage\":\"pt-BR\",\"@id\":\"https:\\\/\\\/afogadosfm.com.br\\\/afogadosfm\\\/2025\\\/06\\\/27\\\/prefeitura-de-afogados-entregou-equipamentos-de-protecao-aos-profissionais-da-cozinha-comunitaria\\\/#primaryimage\",\"url\":\"https:\\\/\\\/i0.wp.com\\\/afogadosfm.com.br\\\/afogadosfm\\\/wp-content\\\/uploads\\\/2025\\\/06\\\/d6312d54-97e0-4a55-86f4-db763ef27f04.jpeg?fit=1600%2C1063&ssl=1\",\"contentUrl\":\"https:\\\/\\\/i0.wp.com\\\/afogadosfm.com.br\\\/afogadosfm\\\/wp-content\\\/uploads\\\/2025\\\/06\\\/d6312d54-97e0-4a55-86f4-db763ef27f04.jpeg?fit=1600%2C1063&ssl=1\",\"width\":1600,\"height\":1063},{\"@type\":\"BreadcrumbList\",\"@id\":\"https:\\\/\\\/afogadosfm.com.br\\\/afogadosfm\\\/2025\\\/06\\\/27\\\/prefeitura-de-afogados-entregou-equipamentos-de-protecao-aos-profissionais-da-cozinha-comunitaria\\\/#breadcrumb\",\"itemListElement\":[{\"@type\":\"ListItem\",\"position\":1,\"name\":\"In\u00edcio\",\"item\":\"https:\\\/\\\/afogadosfm.com.br\\\/afogadosfm\\\/\"},{\"@type\":\"ListItem\",\"position\":2,\"name\":\"Prefeitura de Afogados entregou equipamentos de prote\u00e7\u00e3o aos profissionais da cozinha comunit\u00e1ria\u00a0\"}]},{\"@type\":\"WebSite\",\"@id\":\"https:\\\/\\\/afogadosfm.com.br\\\/afogadosfm\\\/#website\",\"url\":\"https:\\\/\\\/afogadosfm.com.br\\\/afogadosfm\\\/\",\"name\":\"Afogados FM\",\"description\":\"Um site completo!\",\"publisher\":{\"@id\":\"https:\\\/\\\/afogadosfm.com.br\\\/afogadosfm\\\/#organization\"},\"potentialAction\":[{\"@type\":\"SearchAction\",\"target\":{\"@type\":\"EntryPoint\",\"urlTemplate\":\"https:\\\/\\\/afogadosfm.com.br\\\/afogadosfm\\\/?s={search_term_string}\"},\"query-input\":{\"@type\":\"PropertyValueSpecification\",\"valueRequired\":true,\"valueName\":\"search_term_string\"}}],\"inLanguage\":\"pt-BR\"},{\"@type\":\"Organization\",\"@id\":\"https:\\\/\\\/afogadosfm.com.br\\\/afogadosfm\\\/#organization\",\"name\":\"Afogados FM\",\"url\":\"https:\\\/\\\/afogadosfm.com.br\\\/afogadosfm\\\/\",\"logo\":{\"@type\":\"ImageObject\",\"inLanguage\":\"pt-BR\",\"@id\":\"https:\\\/\\\/afogadosfm.com.br\\\/afogadosfm\\\/#\\\/schema\\\/logo\\\/image\\\/\",\"url\":\"https:\\\/\\\/i0.wp.com\\\/afogadosfm.com.br\\\/afogadosfm\\\/wp-content\\\/uploads\\\/2020\\\/06\\\/cropped-banner-afogados-4.jpg?fit=369%2C137&ssl=1\",\"contentUrl\":\"https:\\\/\\\/i0.wp.com\\\/afogadosfm.com.br\\\/afogadosfm\\\/wp-content\\\/uploads\\\/2020\\\/06\\\/cropped-banner-afogados-4.jpg?fit=369%2C137&ssl=1\",\"width\":369,\"height\":137,\"caption\":\"Afogados FM\"},\"image\":{\"@id\":\"https:\\\/\\\/afogadosfm.com.br\\\/afogadosfm\\\/#\\\/schema\\\/logo\\\/image\\\/\"}},{\"@type\":\"Person\",\"@id\":\"https:\\\/\\\/afogadosfm.com.br\\\/afogadosfm\\\/#\\\/schema\\\/person\\\/60e56f2cf5dc960fc093fe093d9e9057\",\"name\":\"afogadosfm\",\"image\":{\"@type\":\"ImageObject\",\"inLanguage\":\"pt-BR\",\"@id\":\"https:\\\/\\\/secure.gravatar.com\\\/avatar\\\/e0359add7ed5dc3560906d861b52c6a8cf5c1e199d3a7dd85070998f49bd4701?s=96&d=mm&r=g\",\"url\":\"https:\\\/\\\/secure.gravatar.com\\\/avatar\\\/e0359add7ed5dc3560906d861b52c6a8cf5c1e199d3a7dd85070998f49bd4701?s=96&d=mm&r=g\",\"contentUrl\":\"https:\\\/\\\/secure.gravatar.com\\\/avatar\\\/e0359add7ed5dc3560906d861b52c6a8cf5c1e199d3a7dd85070998f49bd4701?s=96&d=mm&r=g\",\"caption\":\"afogadosfm\"},\"url\":\"https:\\\/\\\/afogadosfm.com.br\\\/afogadosfm\\\/author\\\/afogadosfm\\\/\"}]}<\/script>\n<!-- \/ Yoast SEO plugin. -->","yoast_head_json":{"title":"Prefeitura de Afogados entregou equipamentos de prote\u00e7\u00e3o aos profissionais da cozinha comunit\u00e1ria\u00a0 - Afogados FM","robots":{"index":"index","follow":"follow","max-snippet":"max-snippet:-1","max-image-preview":"max-image-preview:large","max-video-preview":"max-video-preview:-1"},"canonical":"https:\/\/afogadosfm.com.br\/afogadosfm\/2025\/06\/27\/prefeitura-de-afogados-entregou-equipamentos-de-protecao-aos-profissionais-da-cozinha-comunitaria\/","og_locale":"pt_BR","og_type":"article","og_title":"Prefeitura de Afogados entregou equipamentos de prote\u00e7\u00e3o aos profissionais da cozinha comunit\u00e1ria\u00a0 - Afogados FM","og_description":"A cozinha comunit\u00e1ria de Afogados da Ingazeira oferta, de segunda \u00e0 sexta, tr\u00eas refei\u00e7\u00f5es di\u00e1rias: caf\u00e9 da manh\u00e3, almo\u00e7o e","og_url":"https:\/\/afogadosfm.com.br\/afogadosfm\/2025\/06\/27\/prefeitura-de-afogados-entregou-equipamentos-de-protecao-aos-profissionais-da-cozinha-comunitaria\/","og_site_name":"Afogados FM","article_published_time":"2025-06-27T20:07:44+00:00","article_modified_time":"2025-06-27T20:07:46+00:00","og_image":[{"width":1600,"height":1063,"url":"https:\/\/afogadosfm.com.br\/afogadosfm\/wp-content\/uploads\/2025\/06\/d6312d54-97e0-4a55-86f4-db763ef27f04.jpeg","type":"image\/jpeg"}],"author":"afogadosfm","twitter_card":"summary_large_image","twitter_misc":{"Escrito por":"afogadosfm","Est. tempo de leitura":"2 minutos"},"schema":{"@context":"https:\/\/schema.org","@graph":[{"@type":"Article","@id":"https:\/\/afogadosfm.com.br\/afogadosfm\/2025\/06\/27\/prefeitura-de-afogados-entregou-equipamentos-de-protecao-aos-profissionais-da-cozinha-comunitaria\/#article","isPartOf":{"@id":"https:\/\/afogadosfm.com.br\/afogadosfm\/2025\/06\/27\/prefeitura-de-afogados-entregou-equipamentos-de-protecao-aos-profissionais-da-cozinha-comunitaria\/"},"author":{"name":"afogadosfm","@id":"https:\/\/afogadosfm.com.br\/afogadosfm\/#\/schema\/person\/60e56f2cf5dc960fc093fe093d9e9057"},"headline":"Prefeitura de Afogados entregou equipamentos de prote\u00e7\u00e3o aos profissionais da cozinha comunit\u00e1ria\u00a0","datePublished":"2025-06-27T20:07:44+00:00","dateModified":"2025-06-27T20:07:46+00:00","mainEntityOfPage":{"@id":"https:\/\/afogadosfm.com.br\/afogadosfm\/2025\/06\/27\/prefeitura-de-afogados-entregou-equipamentos-de-protecao-aos-profissionais-da-cozinha-comunitaria\/"},"wordCount":218,"commentCount":0,"publisher":{"@id":"https:\/\/afogadosfm.com.br\/afogadosfm\/#organization"},"image":{"@id":"https:\/\/afogadosfm.com.br\/afogadosfm\/2025\/06\/27\/prefeitura-de-afogados-entregou-equipamentos-de-protecao-aos-profissionais-da-cozinha-comunitaria\/#primaryimage"},"thumbnailUrl":"https:\/\/i0.wp.com\/afogadosfm.com.br\/afogadosfm\/wp-content\/uploads\/2025\/06\/d6312d54-97e0-4a55-86f4-db763ef27f04.jpeg?fit=1600%2C1063&ssl=1","articleSection":["Afogados da Ingazeira"],"inLanguage":"pt-BR","potentialAction":[{"@type":"CommentAction","name":"Comment","target":["https:\/\/afogadosfm.com.br\/afogadosfm\/2025\/06\/27\/prefeitura-de-afogados-entregou-equipamentos-de-protecao-aos-profissionais-da-cozinha-comunitaria\/#respond"]}]},{"@type":"WebPage","@id":"https:\/\/afogadosfm.com.br\/afogadosfm\/2025\/06\/27\/prefeitura-de-afogados-entregou-equipamentos-de-protecao-aos-profissionais-da-cozinha-comunitaria\/","url":"https:\/\/afogadosfm.com.br\/afogadosfm\/2025\/06\/27\/prefeitura-de-afogados-entregou-equipamentos-de-protecao-aos-profissionais-da-cozinha-comunitaria\/","name":"Prefeitura de Afogados entregou equipamentos de prote\u00e7\u00e3o aos profissionais da cozinha comunit\u00e1ria\u00a0 - Afogados FM","isPartOf":{"@id":"https:\/\/afogadosfm.com.br\/afogadosfm\/#website"},"primaryImageOfPage":{"@id":"https:\/\/afogadosfm.com.br\/afogadosfm\/2025\/06\/27\/prefeitura-de-afogados-entregou-equipamentos-de-protecao-aos-profissionais-da-cozinha-comunitaria\/#primaryimage"},"image":{"@id":"https:\/\/afogadosfm.com.br\/afogadosfm\/2025\/06\/27\/prefeitura-de-afogados-entregou-equipamentos-de-protecao-aos-profissionais-da-cozinha-comunitaria\/#primaryimage"},"thumbnailUrl":"https:\/\/i0.wp.com\/afogadosfm.com.br\/afogadosfm\/wp-content\/uploads\/2025\/06\/d6312d54-97e0-4a55-86f4-db763ef27f04.jpeg?fit=1600%2C1063&ssl=1","datePublished":"2025-06-27T20:07:44+00:00","dateModified":"2025-06-27T20:07:46+00:00","breadcrumb":{"@id":"https:\/\/afogadosfm.com.br\/afogadosfm\/2025\/06\/27\/prefeitura-de-afogados-entregou-equipamentos-de-protecao-aos-profissionais-da-cozinha-comunitaria\/#breadcrumb"},"inLanguage":"pt-BR","potentialAction":[{"@type":"ReadAction","target":["https:\/\/afogadosfm.com.br\/afogadosfm\/2025\/06\/27\/prefeitura-de-afogados-entregou-equipamentos-de-protecao-aos-profissionais-da-cozinha-comunitaria\/"]}]},{"@type":"ImageObject","inLanguage":"pt-BR","@id":"https:\/\/afogadosfm.com.br\/afogadosfm\/2025\/06\/27\/prefeitura-de-afogados-entregou-equipamentos-de-protecao-aos-profissionais-da-cozinha-comunitaria\/#primaryimage","url":"https:\/\/i0.wp.com\/afogadosfm.com.br\/afogadosfm\/wp-content\/uploads\/2025\/06\/d6312d54-97e0-4a55-86f4-db763ef27f04.jpeg?fit=1600%2C1063&ssl=1","contentUrl":"https:\/\/i0.wp.com\/afogadosfm.com.br\/afogadosfm\/wp-content\/uploads\/2025\/06\/d6312d54-97e0-4a55-86f4-db763ef27f04.jpeg?fit=1600%2C1063&ssl=1","width":1600,"height":1063},{"@type":"BreadcrumbList","@id":"https:\/\/afogadosfm.com.br\/afogadosfm\/2025\/06\/27\/prefeitura-de-afogados-entregou-equipamentos-de-protecao-aos-profissionais-da-cozinha-comunitaria\/#breadcrumb","itemListElement":[{"@type":"ListItem","position":1,"name":"In\u00edcio","item":"https:\/\/afogadosfm.com.br\/afogadosfm\/"},{"@type":"ListItem","position":2,"name":"Prefeitura de Afogados entregou equipamentos de prote\u00e7\u00e3o aos profissionais da cozinha comunit\u00e1ria\u00a0"}]},{"@type":"WebSite","@id":"https:\/\/afogadosfm.com.br\/afogadosfm\/#website","url":"https:\/\/afogadosfm.com.br\/afogadosfm\/","name":"Afogados FM","description":"Um site completo!","publisher":{"@id":"https:\/\/afogadosfm.com.br\/afogadosfm\/#organization"},"potentialAction":[{"@type":"SearchAction","target":{"@type":"EntryPoint","urlTemplate":"https:\/\/afogadosfm.com.br\/afogadosfm\/?s={search_term_string}"},"query-input":{"@type":"PropertyValueSpecification","valueRequired":true,"valueName":"search_term_string"}}],"inLanguage":"pt-BR"},{"@type":"Organization","@id":"https:\/\/afogadosfm.com.br\/afogadosfm\/#organization","name":"Afogados FM","url":"https:\/\/afogadosfm.com.br\/afogadosfm\/","logo":{"@type":"ImageObject","inLanguage":"pt-BR","@id":"https:\/\/afogadosfm.com.br\/afogadosfm\/#\/schema\/logo\/image\/","url":"https:\/\/i0.wp.com\/afogadosfm.com.br\/afogadosfm\/wp-content\/uploads\/2020\/06\/cropped-banner-afogados-4.jpg?fit=369%2C137&ssl=1","contentUrl":"https:\/\/i0.wp.com\/afogadosfm.com.br\/afogadosfm\/wp-content\/uploads\/2020\/06\/cropped-banner-afogados-4.jpg?fit=369%2C137&ssl=1","width":369,"height":137,"caption":"Afogados FM"},"image":{"@id":"https:\/\/afogadosfm.com.br\/afogadosfm\/#\/schema\/logo\/image\/"}},{"@type":"Person","@id":"https:\/\/afogadosfm.com.br\/afogadosfm\/#\/schema\/person\/60e56f2cf5dc960fc093fe093d9e9057","name":"afogadosfm","image":{"@type":"ImageObject","inLanguage":"pt-BR","@id":"https:\/\/secure.gravatar.com\/avatar\/e0359add7ed5dc3560906d861b52c6a8cf5c1e199d3a7dd85070998f49bd4701?s=96&d=mm&r=g","url":"https:\/\/secure.gravatar.com\/avatar\/e0359add7ed5dc3560906d861b52c6a8cf5c1e199d3a7dd85070998f49bd4701?s=96&d=mm&r=g","contentUrl":"https:\/\/secure.gravatar.com\/avatar\/e0359add7ed5dc3560906d861b52c6a8cf5c1e199d3a7dd85070998f49bd4701?s=96&d=mm&r=g","caption":"afogadosfm"},"url":"https:\/\/afogadosfm.com.br\/afogadosfm\/author\/afogadosfm\/"}]}},"jetpack_publicize_connections":[],"jetpack_featured_media_url":"https:\/\/i0.wp.com\/afogadosfm.com.br\/afogadosfm\/wp-content\/uploads\/2025\/06\/d6312d54-97e0-4a55-86f4-db763ef27f04.jpeg?fit=1600%2C1063&ssl=1","jetpack-related-posts":[],"jetpack_sharing_enabled":true,"jetpack_likes_enabled":true,"_links":{"self":[{"href":"https:\/\/afogadosfm.com.br\/afogadosfm\/wp-json\/wp\/v2\/posts\/66964","targetHints":{"allow":["GET"]}}],"collection":[{"href":"https:\/\/afogadosfm.com.br\/afogadosfm\/wp-json\/wp\/v2\/posts"}],"about":[{"href":"https:\/\/afogadosfm.com.br\/afogadosfm\/wp-json\/wp\/v2\/types\/post"}],"author":[{"embeddable":true,"href":"https:\/\/afogadosfm.com.br\/afogadosfm\/wp-json\/wp\/v2\/users\/2"}],"replies":[{"embeddable":true,"href":"https:\/\/afogadosfm.com.br\/afogadosfm\/wp-json\/wp\/v2\/comments?post=66964"}],"version-history":[{"count":1,"href":"https:\/\/afogadosfm.com.br\/afogadosfm\/wp-json\/wp\/v2\/posts\/66964\/revisions"}],"predecessor-version":[{"id":66967,"href":"https:\/\/afogadosfm.com.br\/afogadosfm\/wp-json\/wp\/v2\/posts\/66964\/revisions\/66967"}],"wp:featuredmedia":[{"embeddable":true,"href":"https:\/\/afogadosfm.com.br\/afogadosfm\/wp-json\/wp\/v2\/media\/66965"}],"wp:attachment":[{"href":"https:\/\/afogadosfm.com.br\/afogadosfm\/wp-json\/wp\/v2\/media?parent=66964"}],"wp:term":[{"taxonomy":"category","embeddable":true,"href":"https:\/\/afogadosfm.com.br\/afogadosfm\/wp-json\/wp\/v2\/categories?post=66964"},{"taxonomy":"post_tag","embeddable":true,"href":"https:\/\/afogadosfm.com.br\/afogadosfm\/wp-json\/wp\/v2\/tags?post=66964"}],"curies":[{"name":"wp","href":"https:\/\/api.w.org\/{rel}","templated":true}]}}