{"id":66970,"date":"2025-06-28T07:04:47","date_gmt":"2025-06-28T10:04:47","guid":{"rendered":"https:\/\/afogadosfm.com.br\/afogadosfm\/?p=66970"},"modified":"2025-06-28T07:04:49","modified_gmt":"2025-06-28T10:04:49","slug":"pf-mira-desvio-de-emendas-parlamentares-de-gabinete-de-deputado-stf-afasta-prefeitos","status":"publish","type":"post","link":"https:\/\/afogadosfm.com.br\/afogadosfm\/2025\/06\/28\/pf-mira-desvio-de-emendas-parlamentares-de-gabinete-de-deputado-stf-afasta-prefeitos\/","title":{"rendered":"PF mira desvio de emendas parlamentares de gabinete de deputado; STF afasta prefeitos"},"content":{"rendered":"\n<p>A quarta fase da Opera\u00e7\u00e3o Overclean da Pol\u00edcia Federal, deflagrada na sexta-feira (27), investiga a atua\u00e7\u00e3o de um grupo que desviava emendas parlamentares do gabinete do deputado federal F\u00e9lix Mendon\u00e7a (PDT-BA).<\/p>\n\n\n\n<p>Segundo fontes na corpora\u00e7\u00e3o, ind\u00edcios de que seu assessor parlamentar, Marcelo Chaves Gomes, atuava como principal operador financeiro do esquema. Gomes foi afastado das fun\u00e7\u00f5es e alvo de busca e apreens\u00e3o em seus endere\u00e7os.<\/p>\n\n\n\n<p>STF decide, por 8 a 3, que redes podem ser responsabilizadas por conte\u00fado de usu\u00e1rios<br>A PF tamb\u00e9m pediu o afastamento de servidores dos cargos nas prefeituras suspeitas de fraude nas emendas.<\/p>\n\n\n\n<p>Os prefeitos dos munic\u00edpios de Ibipitanga e Paratinga tamb\u00e9m foram afastados dos cargos, por determina\u00e7\u00e3o do ministro Nunes Marques, do STF (Supremo Tribunal Federal).<\/p>\n\n\n\n<p>Na casa de Marcel Jos\u00e9 Carneiro (PT-BA), ex-prefeito de Paratinga, a pol\u00edcia encontrou mais de R$ 1 milh\u00e3o guardados em uma gaveta.<\/p>\n\n\n\n<p><strong>Alvos da Opera\u00e7\u00e3o<\/strong><\/p>\n\n\n\n<p><strong>Ibipitanga<\/strong><br>\u2022 Prefeito: Humberto Raimundo Rodrigues de Oliveira (PT)<\/p>\n\n\n\n<p>\u2022 Medidas: Busca e Afastamento<\/p>\n\n\n\n<p><strong>Boquira<\/strong><br>\u2022 Prefeito: Alan Machado Fran\u00e7a (PSB)<\/p>\n\n\n\n<p>\u2022 Medidas: Busca e Afastamento<\/p>\n\n\n\n<p><strong>Paratinga<\/strong><br>\u2022 Ex-Prefeito: Marcel Jos\u00e9 Carneiro de Carvalho (PT)<\/p>\n\n\n\n<p>\u2022 Medida: Busca<\/p>\n","protected":false},"excerpt":{"rendered":"<p>A quarta fase da Opera\u00e7\u00e3o Overclean da Pol\u00edcia Federal, deflagrada na sexta-feira (27), investiga a atua\u00e7\u00e3o de um grupo que<\/p>\n","protected":false},"author":2,"featured_media":50646,"comment_status":"open","ping_status":"open","sticky":false,"template":"","format":"standard","meta":{"jetpack_post_was_ever_published":false,"_jetpack_newsletter_access":"","_jetpack_dont_email_post_to_subs":false,"_jetpack_newsletter_tier_id":0,"_jetpack_memberships_contains_paywalled_content":false,"_jetpack_memberships_contains_paid_content":false,"footnotes":"","jetpack_publicize_message":"","jetpack_publicize_feature_enabled":true,"jetpack_social_post_already_shared":true,"jetpack_social_options":{"image_generator_settings":{"template":"highway","default_image_id":0,"font":"","enabled":false},"version":2}},"categories":[31],"tags":[],"class_list":["post-66970","post","type-post","status-publish","format-standard","has-post-thumbnail","hentry","category-nordeste"],"yoast_head":"<!-- This site is optimized with the Yoast SEO plugin v27.5 - https:\/\/yoast.com\/product\/yoast-seo-wordpress\/ -->\n<title>PF mira desvio de emendas parlamentares de gabinete de deputado; STF afasta prefeitos - Afogados FM<\/title>\n<meta name=\"robots\" content=\"index, follow, max-snippet:-1, max-image-preview:large, max-video-preview:-1\" \/>\n<link rel=\"canonical\" href=\"https:\/\/afogadosfm.com.br\/afogadosfm\/2025\/06\/28\/pf-mira-desvio-de-emendas-parlamentares-de-gabinete-de-deputado-stf-afasta-prefeitos\/\" \/>\n<meta property=\"og:locale\" content=\"pt_BR\" \/>\n<meta property=\"og:type\" content=\"article\" \/>\n<meta property=\"og:title\" content=\"PF mira desvio de emendas parlamentares de gabinete de deputado; STF afasta prefeitos - Afogados FM\" \/>\n<meta property=\"og:description\" content=\"A quarta fase da Opera\u00e7\u00e3o Overclean da Pol\u00edcia Federal, deflagrada na sexta-feira (27), investiga a atua\u00e7\u00e3o de um grupo que\" \/>\n<meta property=\"og:url\" content=\"https:\/\/afogadosfm.com.br\/afogadosfm\/2025\/06\/28\/pf-mira-desvio-de-emendas-parlamentares-de-gabinete-de-deputado-stf-afasta-prefeitos\/\" \/>\n<meta property=\"og:site_name\" content=\"Afogados FM\" \/>\n<meta property=\"article:published_time\" content=\"2025-06-28T10:04:47+00:00\" \/>\n<meta property=\"article:modified_time\" content=\"2025-06-28T10:04:49+00:00\" \/>\n<meta property=\"og:image\" content=\"https:\/\/afogadosfm.com.br\/afogadosfm\/wp-content\/uploads\/2023\/09\/pfbr.jpg\" \/>\n\t<meta property=\"og:image:width\" content=\"1280\" \/>\n\t<meta property=\"og:image:height\" content=\"720\" \/>\n\t<meta property=\"og:image:type\" content=\"image\/jpeg\" \/>\n<meta name=\"author\" content=\"afogadosfm\" \/>\n<meta name=\"twitter:card\" content=\"summary_large_image\" \/>\n<meta name=\"twitter:label1\" content=\"Escrito por\" \/>\n\t<meta name=\"twitter:data1\" content=\"afogadosfm\" \/>\n\t<meta name=\"twitter:label2\" content=\"Est. tempo de leitura\" \/>\n\t<meta name=\"twitter:data2\" content=\"2 minutos\" \/>\n<script type=\"application\/ld+json\" class=\"yoast-schema-graph\">{\"@context\":\"https:\\\/\\\/schema.org\",\"@graph\":[{\"@type\":\"Article\",\"@id\":\"https:\\\/\\\/afogadosfm.com.br\\\/afogadosfm\\\/2025\\\/06\\\/28\\\/pf-mira-desvio-de-emendas-parlamentares-de-gabinete-de-deputado-stf-afasta-prefeitos\\\/#article\",\"isPartOf\":{\"@id\":\"https:\\\/\\\/afogadosfm.com.br\\\/afogadosfm\\\/2025\\\/06\\\/28\\\/pf-mira-desvio-de-emendas-parlamentares-de-gabinete-de-deputado-stf-afasta-prefeitos\\\/\"},\"author\":{\"name\":\"afogadosfm\",\"@id\":\"https:\\\/\\\/afogadosfm.com.br\\\/afogadosfm\\\/#\\\/schema\\\/person\\\/60e56f2cf5dc960fc093fe093d9e9057\"},\"headline\":\"PF mira desvio de emendas parlamentares de gabinete de deputado; STF afasta prefeitos\",\"datePublished\":\"2025-06-28T10:04:47+00:00\",\"dateModified\":\"2025-06-28T10:04:49+00:00\",\"mainEntityOfPage\":{\"@id\":\"https:\\\/\\\/afogadosfm.com.br\\\/afogadosfm\\\/2025\\\/06\\\/28\\\/pf-mira-desvio-de-emendas-parlamentares-de-gabinete-de-deputado-stf-afasta-prefeitos\\\/\"},\"wordCount\":206,\"commentCount\":0,\"publisher\":{\"@id\":\"https:\\\/\\\/afogadosfm.com.br\\\/afogadosfm\\\/#organization\"},\"image\":{\"@id\":\"https:\\\/\\\/afogadosfm.com.br\\\/afogadosfm\\\/2025\\\/06\\\/28\\\/pf-mira-desvio-de-emendas-parlamentares-de-gabinete-de-deputado-stf-afasta-prefeitos\\\/#primaryimage\"},\"thumbnailUrl\":\"https:\\\/\\\/i0.wp.com\\\/afogadosfm.com.br\\\/afogadosfm\\\/wp-content\\\/uploads\\\/2023\\\/09\\\/pfbr.jpg?fit=1280%2C720&ssl=1\",\"articleSection\":[\"Nordeste\"],\"inLanguage\":\"pt-BR\",\"potentialAction\":[{\"@type\":\"CommentAction\",\"name\":\"Comment\",\"target\":[\"https:\\\/\\\/afogadosfm.com.br\\\/afogadosfm\\\/2025\\\/06\\\/28\\\/pf-mira-desvio-de-emendas-parlamentares-de-gabinete-de-deputado-stf-afasta-prefeitos\\\/#respond\"]}]},{\"@type\":\"WebPage\",\"@id\":\"https:\\\/\\\/afogadosfm.com.br\\\/afogadosfm\\\/2025\\\/06\\\/28\\\/pf-mira-desvio-de-emendas-parlamentares-de-gabinete-de-deputado-stf-afasta-prefeitos\\\/\",\"url\":\"https:\\\/\\\/afogadosfm.com.br\\\/afogadosfm\\\/2025\\\/06\\\/28\\\/pf-mira-desvio-de-emendas-parlamentares-de-gabinete-de-deputado-stf-afasta-prefeitos\\\/\",\"name\":\"PF mira desvio de emendas parlamentares de gabinete de deputado; STF afasta prefeitos - Afogados FM\",\"isPartOf\":{\"@id\":\"https:\\\/\\\/afogadosfm.com.br\\\/afogadosfm\\\/#website\"},\"primaryImageOfPage\":{\"@id\":\"https:\\\/\\\/afogadosfm.com.br\\\/afogadosfm\\\/2025\\\/06\\\/28\\\/pf-mira-desvio-de-emendas-parlamentares-de-gabinete-de-deputado-stf-afasta-prefeitos\\\/#primaryimage\"},\"image\":{\"@id\":\"https:\\\/\\\/afogadosfm.com.br\\\/afogadosfm\\\/2025\\\/06\\\/28\\\/pf-mira-desvio-de-emendas-parlamentares-de-gabinete-de-deputado-stf-afasta-prefeitos\\\/#primaryimage\"},\"thumbnailUrl\":\"https:\\\/\\\/i0.wp.com\\\/afogadosfm.com.br\\\/afogadosfm\\\/wp-content\\\/uploads\\\/2023\\\/09\\\/pfbr.jpg?fit=1280%2C720&ssl=1\",\"datePublished\":\"2025-06-28T10:04:47+00:00\",\"dateModified\":\"2025-06-28T10:04:49+00:00\",\"breadcrumb\":{\"@id\":\"https:\\\/\\\/afogadosfm.com.br\\\/afogadosfm\\\/2025\\\/06\\\/28\\\/pf-mira-desvio-de-emendas-parlamentares-de-gabinete-de-deputado-stf-afasta-prefeitos\\\/#breadcrumb\"},\"inLanguage\":\"pt-BR\",\"potentialAction\":[{\"@type\":\"ReadAction\",\"target\":[\"https:\\\/\\\/afogadosfm.com.br\\\/afogadosfm\\\/2025\\\/06\\\/28\\\/pf-mira-desvio-de-emendas-parlamentares-de-gabinete-de-deputado-stf-afasta-prefeitos\\\/\"]}]},{\"@type\":\"ImageObject\",\"inLanguage\":\"pt-BR\",\"@id\":\"https:\\\/\\\/afogadosfm.com.br\\\/afogadosfm\\\/2025\\\/06\\\/28\\\/pf-mira-desvio-de-emendas-parlamentares-de-gabinete-de-deputado-stf-afasta-prefeitos\\\/#primaryimage\",\"url\":\"https:\\\/\\\/i0.wp.com\\\/afogadosfm.com.br\\\/afogadosfm\\\/wp-content\\\/uploads\\\/2023\\\/09\\\/pfbr.jpg?fit=1280%2C720&ssl=1\",\"contentUrl\":\"https:\\\/\\\/i0.wp.com\\\/afogadosfm.com.br\\\/afogadosfm\\\/wp-content\\\/uploads\\\/2023\\\/09\\\/pfbr.jpg?fit=1280%2C720&ssl=1\",\"width\":1280,\"height\":720},{\"@type\":\"BreadcrumbList\",\"@id\":\"https:\\\/\\\/afogadosfm.com.br\\\/afogadosfm\\\/2025\\\/06\\\/28\\\/pf-mira-desvio-de-emendas-parlamentares-de-gabinete-de-deputado-stf-afasta-prefeitos\\\/#breadcrumb\",\"itemListElement\":[{\"@type\":\"ListItem\",\"position\":1,\"name\":\"In\u00edcio\",\"item\":\"https:\\\/\\\/afogadosfm.com.br\\\/afogadosfm\\\/\"},{\"@type\":\"ListItem\",\"position\":2,\"name\":\"PF mira desvio de emendas parlamentares de gabinete de deputado; STF afasta prefeitos\"}]},{\"@type\":\"WebSite\",\"@id\":\"https:\\\/\\\/afogadosfm.com.br\\\/afogadosfm\\\/#website\",\"url\":\"https:\\\/\\\/afogadosfm.com.br\\\/afogadosfm\\\/\",\"name\":\"Afogados FM\",\"description\":\"Um site completo!\",\"publisher\":{\"@id\":\"https:\\\/\\\/afogadosfm.com.br\\\/afogadosfm\\\/#organization\"},\"potentialAction\":[{\"@type\":\"SearchAction\",\"target\":{\"@type\":\"EntryPoint\",\"urlTemplate\":\"https:\\\/\\\/afogadosfm.com.br\\\/afogadosfm\\\/?s={search_term_string}\"},\"query-input\":{\"@type\":\"PropertyValueSpecification\",\"valueRequired\":true,\"valueName\":\"search_term_string\"}}],\"inLanguage\":\"pt-BR\"},{\"@type\":\"Organization\",\"@id\":\"https:\\\/\\\/afogadosfm.com.br\\\/afogadosfm\\\/#organization\",\"name\":\"Afogados FM\",\"url\":\"https:\\\/\\\/afogadosfm.com.br\\\/afogadosfm\\\/\",\"logo\":{\"@type\":\"ImageObject\",\"inLanguage\":\"pt-BR\",\"@id\":\"https:\\\/\\\/afogadosfm.com.br\\\/afogadosfm\\\/#\\\/schema\\\/logo\\\/image\\\/\",\"url\":\"https:\\\/\\\/i0.wp.com\\\/afogadosfm.com.br\\\/afogadosfm\\\/wp-content\\\/uploads\\\/2020\\\/06\\\/cropped-banner-afogados-4.jpg?fit=369%2C137&ssl=1\",\"contentUrl\":\"https:\\\/\\\/i0.wp.com\\\/afogadosfm.com.br\\\/afogadosfm\\\/wp-content\\\/uploads\\\/2020\\\/06\\\/cropped-banner-afogados-4.jpg?fit=369%2C137&ssl=1\",\"width\":369,\"height\":137,\"caption\":\"Afogados FM\"},\"image\":{\"@id\":\"https:\\\/\\\/afogadosfm.com.br\\\/afogadosfm\\\/#\\\/schema\\\/logo\\\/image\\\/\"}},{\"@type\":\"Person\",\"@id\":\"https:\\\/\\\/afogadosfm.com.br\\\/afogadosfm\\\/#\\\/schema\\\/person\\\/60e56f2cf5dc960fc093fe093d9e9057\",\"name\":\"afogadosfm\",\"image\":{\"@type\":\"ImageObject\",\"inLanguage\":\"pt-BR\",\"@id\":\"https:\\\/\\\/secure.gravatar.com\\\/avatar\\\/e0359add7ed5dc3560906d861b52c6a8cf5c1e199d3a7dd85070998f49bd4701?s=96&d=mm&r=g\",\"url\":\"https:\\\/\\\/secure.gravatar.com\\\/avatar\\\/e0359add7ed5dc3560906d861b52c6a8cf5c1e199d3a7dd85070998f49bd4701?s=96&d=mm&r=g\",\"contentUrl\":\"https:\\\/\\\/secure.gravatar.com\\\/avatar\\\/e0359add7ed5dc3560906d861b52c6a8cf5c1e199d3a7dd85070998f49bd4701?s=96&d=mm&r=g\",\"caption\":\"afogadosfm\"},\"url\":\"https:\\\/\\\/afogadosfm.com.br\\\/afogadosfm\\\/author\\\/afogadosfm\\\/\"}]}<\/script>\n<!-- \/ Yoast SEO plugin. -->","yoast_head_json":{"title":"PF mira desvio de emendas parlamentares de gabinete de deputado; STF afasta prefeitos - Afogados FM","robots":{"index":"index","follow":"follow","max-snippet":"max-snippet:-1","max-image-preview":"max-image-preview:large","max-video-preview":"max-video-preview:-1"},"canonical":"https:\/\/afogadosfm.com.br\/afogadosfm\/2025\/06\/28\/pf-mira-desvio-de-emendas-parlamentares-de-gabinete-de-deputado-stf-afasta-prefeitos\/","og_locale":"pt_BR","og_type":"article","og_title":"PF mira desvio de emendas parlamentares de gabinete de deputado; STF afasta prefeitos - Afogados FM","og_description":"A quarta fase da Opera\u00e7\u00e3o Overclean da Pol\u00edcia Federal, deflagrada na sexta-feira (27), investiga a atua\u00e7\u00e3o de um grupo que","og_url":"https:\/\/afogadosfm.com.br\/afogadosfm\/2025\/06\/28\/pf-mira-desvio-de-emendas-parlamentares-de-gabinete-de-deputado-stf-afasta-prefeitos\/","og_site_name":"Afogados FM","article_published_time":"2025-06-28T10:04:47+00:00","article_modified_time":"2025-06-28T10:04:49+00:00","og_image":[{"width":1280,"height":720,"url":"https:\/\/afogadosfm.com.br\/afogadosfm\/wp-content\/uploads\/2023\/09\/pfbr.jpg","type":"image\/jpeg"}],"author":"afogadosfm","twitter_card":"summary_large_image","twitter_misc":{"Escrito por":"afogadosfm","Est. tempo de leitura":"2 minutos"},"schema":{"@context":"https:\/\/schema.org","@graph":[{"@type":"Article","@id":"https:\/\/afogadosfm.com.br\/afogadosfm\/2025\/06\/28\/pf-mira-desvio-de-emendas-parlamentares-de-gabinete-de-deputado-stf-afasta-prefeitos\/#article","isPartOf":{"@id":"https:\/\/afogadosfm.com.br\/afogadosfm\/2025\/06\/28\/pf-mira-desvio-de-emendas-parlamentares-de-gabinete-de-deputado-stf-afasta-prefeitos\/"},"author":{"name":"afogadosfm","@id":"https:\/\/afogadosfm.com.br\/afogadosfm\/#\/schema\/person\/60e56f2cf5dc960fc093fe093d9e9057"},"headline":"PF mira desvio de emendas parlamentares de gabinete de deputado; STF afasta prefeitos","datePublished":"2025-06-28T10:04:47+00:00","dateModified":"2025-06-28T10:04:49+00:00","mainEntityOfPage":{"@id":"https:\/\/afogadosfm.com.br\/afogadosfm\/2025\/06\/28\/pf-mira-desvio-de-emendas-parlamentares-de-gabinete-de-deputado-stf-afasta-prefeitos\/"},"wordCount":206,"commentCount":0,"publisher":{"@id":"https:\/\/afogadosfm.com.br\/afogadosfm\/#organization"},"image":{"@id":"https:\/\/afogadosfm.com.br\/afogadosfm\/2025\/06\/28\/pf-mira-desvio-de-emendas-parlamentares-de-gabinete-de-deputado-stf-afasta-prefeitos\/#primaryimage"},"thumbnailUrl":"https:\/\/i0.wp.com\/afogadosfm.com.br\/afogadosfm\/wp-content\/uploads\/2023\/09\/pfbr.jpg?fit=1280%2C720&ssl=1","articleSection":["Nordeste"],"inLanguage":"pt-BR","potentialAction":[{"@type":"CommentAction","name":"Comment","target":["https:\/\/afogadosfm.com.br\/afogadosfm\/2025\/06\/28\/pf-mira-desvio-de-emendas-parlamentares-de-gabinete-de-deputado-stf-afasta-prefeitos\/#respond"]}]},{"@type":"WebPage","@id":"https:\/\/afogadosfm.com.br\/afogadosfm\/2025\/06\/28\/pf-mira-desvio-de-emendas-parlamentares-de-gabinete-de-deputado-stf-afasta-prefeitos\/","url":"https:\/\/afogadosfm.com.br\/afogadosfm\/2025\/06\/28\/pf-mira-desvio-de-emendas-parlamentares-de-gabinete-de-deputado-stf-afasta-prefeitos\/","name":"PF mira desvio de emendas parlamentares de gabinete de deputado; STF afasta prefeitos - Afogados FM","isPartOf":{"@id":"https:\/\/afogadosfm.com.br\/afogadosfm\/#website"},"primaryImageOfPage":{"@id":"https:\/\/afogadosfm.com.br\/afogadosfm\/2025\/06\/28\/pf-mira-desvio-de-emendas-parlamentares-de-gabinete-de-deputado-stf-afasta-prefeitos\/#primaryimage"},"image":{"@id":"https:\/\/afogadosfm.com.br\/afogadosfm\/2025\/06\/28\/pf-mira-desvio-de-emendas-parlamentares-de-gabinete-de-deputado-stf-afasta-prefeitos\/#primaryimage"},"thumbnailUrl":"https:\/\/i0.wp.com\/afogadosfm.com.br\/afogadosfm\/wp-content\/uploads\/2023\/09\/pfbr.jpg?fit=1280%2C720&ssl=1","datePublished":"2025-06-28T10:04:47+00:00","dateModified":"2025-06-28T10:04:49+00:00","breadcrumb":{"@id":"https:\/\/afogadosfm.com.br\/afogadosfm\/2025\/06\/28\/pf-mira-desvio-de-emendas-parlamentares-de-gabinete-de-deputado-stf-afasta-prefeitos\/#breadcrumb"},"inLanguage":"pt-BR","potentialAction":[{"@type":"ReadAction","target":["https:\/\/afogadosfm.com.br\/afogadosfm\/2025\/06\/28\/pf-mira-desvio-de-emendas-parlamentares-de-gabinete-de-deputado-stf-afasta-prefeitos\/"]}]},{"@type":"ImageObject","inLanguage":"pt-BR","@id":"https:\/\/afogadosfm.com.br\/afogadosfm\/2025\/06\/28\/pf-mira-desvio-de-emendas-parlamentares-de-gabinete-de-deputado-stf-afasta-prefeitos\/#primaryimage","url":"https:\/\/i0.wp.com\/afogadosfm.com.br\/afogadosfm\/wp-content\/uploads\/2023\/09\/pfbr.jpg?fit=1280%2C720&ssl=1","contentUrl":"https:\/\/i0.wp.com\/afogadosfm.com.br\/afogadosfm\/wp-content\/uploads\/2023\/09\/pfbr.jpg?fit=1280%2C720&ssl=1","width":1280,"height":720},{"@type":"BreadcrumbList","@id":"https:\/\/afogadosfm.com.br\/afogadosfm\/2025\/06\/28\/pf-mira-desvio-de-emendas-parlamentares-de-gabinete-de-deputado-stf-afasta-prefeitos\/#breadcrumb","itemListElement":[{"@type":"ListItem","position":1,"name":"In\u00edcio","item":"https:\/\/afogadosfm.com.br\/afogadosfm\/"},{"@type":"ListItem","position":2,"name":"PF mira desvio de emendas parlamentares de gabinete de deputado; STF afasta prefeitos"}]},{"@type":"WebSite","@id":"https:\/\/afogadosfm.com.br\/afogadosfm\/#website","url":"https:\/\/afogadosfm.com.br\/afogadosfm\/","name":"Afogados FM","description":"Um site completo!","publisher":{"@id":"https:\/\/afogadosfm.com.br\/afogadosfm\/#organization"},"potentialAction":[{"@type":"SearchAction","target":{"@type":"EntryPoint","urlTemplate":"https:\/\/afogadosfm.com.br\/afogadosfm\/?s={search_term_string}"},"query-input":{"@type":"PropertyValueSpecification","valueRequired":true,"valueName":"search_term_string"}}],"inLanguage":"pt-BR"},{"@type":"Organization","@id":"https:\/\/afogadosfm.com.br\/afogadosfm\/#organization","name":"Afogados FM","url":"https:\/\/afogadosfm.com.br\/afogadosfm\/","logo":{"@type":"ImageObject","inLanguage":"pt-BR","@id":"https:\/\/afogadosfm.com.br\/afogadosfm\/#\/schema\/logo\/image\/","url":"https:\/\/i0.wp.com\/afogadosfm.com.br\/afogadosfm\/wp-content\/uploads\/2020\/06\/cropped-banner-afogados-4.jpg?fit=369%2C137&ssl=1","contentUrl":"https:\/\/i0.wp.com\/afogadosfm.com.br\/afogadosfm\/wp-content\/uploads\/2020\/06\/cropped-banner-afogados-4.jpg?fit=369%2C137&ssl=1","width":369,"height":137,"caption":"Afogados FM"},"image":{"@id":"https:\/\/afogadosfm.com.br\/afogadosfm\/#\/schema\/logo\/image\/"}},{"@type":"Person","@id":"https:\/\/afogadosfm.com.br\/afogadosfm\/#\/schema\/person\/60e56f2cf5dc960fc093fe093d9e9057","name":"afogadosfm","image":{"@type":"ImageObject","inLanguage":"pt-BR","@id":"https:\/\/secure.gravatar.com\/avatar\/e0359add7ed5dc3560906d861b52c6a8cf5c1e199d3a7dd85070998f49bd4701?s=96&d=mm&r=g","url":"https:\/\/secure.gravatar.com\/avatar\/e0359add7ed5dc3560906d861b52c6a8cf5c1e199d3a7dd85070998f49bd4701?s=96&d=mm&r=g","contentUrl":"https:\/\/secure.gravatar.com\/avatar\/e0359add7ed5dc3560906d861b52c6a8cf5c1e199d3a7dd85070998f49bd4701?s=96&d=mm&r=g","caption":"afogadosfm"},"url":"https:\/\/afogadosfm.com.br\/afogadosfm\/author\/afogadosfm\/"}]}},"jetpack_publicize_connections":[],"jetpack_featured_media_url":"https:\/\/i0.wp.com\/afogadosfm.com.br\/afogadosfm\/wp-content\/uploads\/2023\/09\/pfbr.jpg?fit=1280%2C720&ssl=1","jetpack-related-posts":[],"jetpack_sharing_enabled":true,"jetpack_likes_enabled":true,"_links":{"self":[{"href":"https:\/\/afogadosfm.com.br\/afogadosfm\/wp-json\/wp\/v2\/posts\/66970","targetHints":{"allow":["GET"]}}],"collection":[{"href":"https:\/\/afogadosfm.com.br\/afogadosfm\/wp-json\/wp\/v2\/posts"}],"about":[{"href":"https:\/\/afogadosfm.com.br\/afogadosfm\/wp-json\/wp\/v2\/types\/post"}],"author":[{"embeddable":true,"href":"https:\/\/afogadosfm.com.br\/afogadosfm\/wp-json\/wp\/v2\/users\/2"}],"replies":[{"embeddable":true,"href":"https:\/\/afogadosfm.com.br\/afogadosfm\/wp-json\/wp\/v2\/comments?post=66970"}],"version-history":[{"count":1,"href":"https:\/\/afogadosfm.com.br\/afogadosfm\/wp-json\/wp\/v2\/posts\/66970\/revisions"}],"predecessor-version":[{"id":66971,"href":"https:\/\/afogadosfm.com.br\/afogadosfm\/wp-json\/wp\/v2\/posts\/66970\/revisions\/66971"}],"wp:featuredmedia":[{"embeddable":true,"href":"https:\/\/afogadosfm.com.br\/afogadosfm\/wp-json\/wp\/v2\/media\/50646"}],"wp:attachment":[{"href":"https:\/\/afogadosfm.com.br\/afogadosfm\/wp-json\/wp\/v2\/media?parent=66970"}],"wp:term":[{"taxonomy":"category","embeddable":true,"href":"https:\/\/afogadosfm.com.br\/afogadosfm\/wp-json\/wp\/v2\/categories?post=66970"},{"taxonomy":"post_tag","embeddable":true,"href":"https:\/\/afogadosfm.com.br\/afogadosfm\/wp-json\/wp\/v2\/tags?post=66970"}],"curies":[{"name":"wp","href":"https:\/\/api.w.org\/{rel}","templated":true}]}}