{"id":66972,"date":"2025-06-28T07:09:56","date_gmt":"2025-06-28T10:09:56","guid":{"rendered":"https:\/\/afogadosfm.com.br\/afogadosfm\/?p=66972"},"modified":"2025-06-28T07:10:10","modified_gmt":"2025-06-28T10:10:10","slug":"julgamento-de-bolsonaro-no-stf-deve-comecar-em-agosto-ou-setembro","status":"publish","type":"post","link":"https:\/\/afogadosfm.com.br\/afogadosfm\/2025\/06\/28\/julgamento-de-bolsonaro-no-stf-deve-comecar-em-agosto-ou-setembro\/","title":{"rendered":"Julgamento de Bolsonaro no STF deve come\u00e7ar em agosto ou setembro"},"content":{"rendered":"\n<p>O julgamento do ex-presidente Jair Bolsonaro (PL) e de sete aliados acusados de participar de uma tentativa de golpe de Estado pode ocorrer no fim de agosto ou in\u00edcio de setembro. O c\u00e1lculo \u00e9 feito a partir dos 45 dias que devem ser tomados pela apresenta\u00e7\u00e3o das alega\u00e7\u00f5es finais de todas as partes.<\/p>\n\n\n\n<p>O prazo para a apresenta\u00e7\u00e3o das alega\u00e7\u00f5es foi aberto nesta sexta-feira pelo relator, ministro Alexandre de Moraes. Primeiro, a Procuradoria-Geral da Rep\u00fablica (PGR) ter\u00e1 15 dias para apresentar seu posicionamento, que poder\u00e1 ser de absolvi\u00e7\u00e3o ou condena\u00e7\u00e3o dos oito r\u00e9us.<\/p>\n\n\n\n<p>Depois, ser\u00e1 a vez do tenente-coronel Mauro Cid apresentar suas alega\u00e7\u00f5es, no mesmo prazo. Ele far\u00e1 isso antes dos demais r\u00e9us por ter fechado um acordo de dela\u00e7\u00e3o premiada. Ap\u00f3s isso, os outro sete acusados tamb\u00e9m protocolam seu posicionamento final, em um prazo conjunto de 15 dias.<\/p>\n\n\n\n<p>Como um dos r\u00e9us est\u00e1 preso \u2014 o ex-ministro Walter Braga Netto \u2014, os prazos processuais n\u00e3o ser\u00e3o paralisados durante o recesso do Judici\u00e1rio, que ocorre em julho.<\/p>\n\n\n\n<p>O prazo dos 15 dias come\u00e7a a contar a partir da intima\u00e7\u00e3o das partes, o que pode ocorrer ainda nesta sexta-feira ou nos pr\u00f3ximos dias.<\/p>\n\n\n\n<p>Com isso, todas as alega\u00e7\u00f5es devem ser apresentadas at\u00e9 a primeira quinzena de agosto. A partir desse momento, cabe a Moraes elaborar seu voto e liberar o caso para julgamento. Depois, o presidente da Primeira Turma, Cristiano Zanin, marca a data do julgamento.<\/p>\n\n\n\n<p>Da Ag\u00eancia o Globo<\/p>\n","protected":false},"excerpt":{"rendered":"<p>O julgamento do ex-presidente Jair Bolsonaro (PL) e de sete aliados acusados de participar de uma tentativa de golpe de<\/p>\n","protected":false},"author":2,"featured_media":41515,"comment_status":"open","ping_status":"open","sticky":false,"template":"","format":"standard","meta":{"jetpack_post_was_ever_published":false,"_jetpack_newsletter_access":"","_jetpack_dont_email_post_to_subs":false,"_jetpack_newsletter_tier_id":0,"_jetpack_memberships_contains_paywalled_content":false,"_jetpack_memberships_contains_paid_content":false,"footnotes":"","jetpack_publicize_message":"","jetpack_publicize_feature_enabled":true,"jetpack_social_post_already_shared":true,"jetpack_social_options":{"image_generator_settings":{"template":"highway","default_image_id":0,"font":"","enabled":false},"version":2}},"categories":[12],"tags":[],"class_list":["post-66972","post","type-post","status-publish","format-standard","has-post-thumbnail","hentry","category-brasil"],"yoast_head":"<!-- This site is optimized with the Yoast SEO plugin v27.5 - https:\/\/yoast.com\/product\/yoast-seo-wordpress\/ -->\n<title>Julgamento de Bolsonaro no STF deve come\u00e7ar em agosto ou setembro - Afogados FM<\/title>\n<meta name=\"robots\" content=\"index, follow, max-snippet:-1, max-image-preview:large, max-video-preview:-1\" \/>\n<link rel=\"canonical\" href=\"https:\/\/afogadosfm.com.br\/afogadosfm\/2025\/06\/28\/julgamento-de-bolsonaro-no-stf-deve-comecar-em-agosto-ou-setembro\/\" \/>\n<meta property=\"og:locale\" content=\"pt_BR\" \/>\n<meta property=\"og:type\" content=\"article\" \/>\n<meta property=\"og:title\" content=\"Julgamento de Bolsonaro no STF deve come\u00e7ar em agosto ou setembro - Afogados FM\" \/>\n<meta property=\"og:description\" content=\"O julgamento do ex-presidente Jair Bolsonaro (PL) e de sete aliados acusados de participar de uma tentativa de golpe de\" \/>\n<meta property=\"og:url\" content=\"https:\/\/afogadosfm.com.br\/afogadosfm\/2025\/06\/28\/julgamento-de-bolsonaro-no-stf-deve-comecar-em-agosto-ou-setembro\/\" \/>\n<meta property=\"og:site_name\" content=\"Afogados FM\" \/>\n<meta property=\"article:published_time\" content=\"2025-06-28T10:09:56+00:00\" \/>\n<meta property=\"article:modified_time\" content=\"2025-06-28T10:10:10+00:00\" \/>\n<meta property=\"og:image\" content=\"https:\/\/afogadosfm.com.br\/afogadosfm\/wp-content\/uploads\/2022\/10\/bolso02.jpeg\" \/>\n\t<meta property=\"og:image:width\" content=\"1059\" \/>\n\t<meta property=\"og:image:height\" content=\"599\" \/>\n\t<meta property=\"og:image:type\" content=\"image\/jpeg\" \/>\n<meta name=\"author\" content=\"afogadosfm\" \/>\n<meta name=\"twitter:card\" content=\"summary_large_image\" \/>\n<meta name=\"twitter:label1\" content=\"Escrito por\" \/>\n\t<meta name=\"twitter:data1\" content=\"afogadosfm\" \/>\n\t<meta name=\"twitter:label2\" content=\"Est. tempo de leitura\" \/>\n\t<meta name=\"twitter:data2\" content=\"2 minutos\" \/>\n<script type=\"application\/ld+json\" class=\"yoast-schema-graph\">{\"@context\":\"https:\\\/\\\/schema.org\",\"@graph\":[{\"@type\":\"Article\",\"@id\":\"https:\\\/\\\/afogadosfm.com.br\\\/afogadosfm\\\/2025\\\/06\\\/28\\\/julgamento-de-bolsonaro-no-stf-deve-comecar-em-agosto-ou-setembro\\\/#article\",\"isPartOf\":{\"@id\":\"https:\\\/\\\/afogadosfm.com.br\\\/afogadosfm\\\/2025\\\/06\\\/28\\\/julgamento-de-bolsonaro-no-stf-deve-comecar-em-agosto-ou-setembro\\\/\"},\"author\":{\"name\":\"afogadosfm\",\"@id\":\"https:\\\/\\\/afogadosfm.com.br\\\/afogadosfm\\\/#\\\/schema\\\/person\\\/60e56f2cf5dc960fc093fe093d9e9057\"},\"headline\":\"Julgamento de Bolsonaro no STF deve come\u00e7ar em agosto ou setembro\",\"datePublished\":\"2025-06-28T10:09:56+00:00\",\"dateModified\":\"2025-06-28T10:10:10+00:00\",\"mainEntityOfPage\":{\"@id\":\"https:\\\/\\\/afogadosfm.com.br\\\/afogadosfm\\\/2025\\\/06\\\/28\\\/julgamento-de-bolsonaro-no-stf-deve-comecar-em-agosto-ou-setembro\\\/\"},\"wordCount\":269,\"commentCount\":0,\"publisher\":{\"@id\":\"https:\\\/\\\/afogadosfm.com.br\\\/afogadosfm\\\/#organization\"},\"image\":{\"@id\":\"https:\\\/\\\/afogadosfm.com.br\\\/afogadosfm\\\/2025\\\/06\\\/28\\\/julgamento-de-bolsonaro-no-stf-deve-comecar-em-agosto-ou-setembro\\\/#primaryimage\"},\"thumbnailUrl\":\"https:\\\/\\\/i0.wp.com\\\/afogadosfm.com.br\\\/afogadosfm\\\/wp-content\\\/uploads\\\/2022\\\/10\\\/bolso02.jpeg?fit=1059%2C599&ssl=1\",\"articleSection\":[\"Brasil\"],\"inLanguage\":\"pt-BR\",\"potentialAction\":[{\"@type\":\"CommentAction\",\"name\":\"Comment\",\"target\":[\"https:\\\/\\\/afogadosfm.com.br\\\/afogadosfm\\\/2025\\\/06\\\/28\\\/julgamento-de-bolsonaro-no-stf-deve-comecar-em-agosto-ou-setembro\\\/#respond\"]}]},{\"@type\":\"WebPage\",\"@id\":\"https:\\\/\\\/afogadosfm.com.br\\\/afogadosfm\\\/2025\\\/06\\\/28\\\/julgamento-de-bolsonaro-no-stf-deve-comecar-em-agosto-ou-setembro\\\/\",\"url\":\"https:\\\/\\\/afogadosfm.com.br\\\/afogadosfm\\\/2025\\\/06\\\/28\\\/julgamento-de-bolsonaro-no-stf-deve-comecar-em-agosto-ou-setembro\\\/\",\"name\":\"Julgamento de Bolsonaro no STF deve come\u00e7ar em agosto ou setembro - Afogados FM\",\"isPartOf\":{\"@id\":\"https:\\\/\\\/afogadosfm.com.br\\\/afogadosfm\\\/#website\"},\"primaryImageOfPage\":{\"@id\":\"https:\\\/\\\/afogadosfm.com.br\\\/afogadosfm\\\/2025\\\/06\\\/28\\\/julgamento-de-bolsonaro-no-stf-deve-comecar-em-agosto-ou-setembro\\\/#primaryimage\"},\"image\":{\"@id\":\"https:\\\/\\\/afogadosfm.com.br\\\/afogadosfm\\\/2025\\\/06\\\/28\\\/julgamento-de-bolsonaro-no-stf-deve-comecar-em-agosto-ou-setembro\\\/#primaryimage\"},\"thumbnailUrl\":\"https:\\\/\\\/i0.wp.com\\\/afogadosfm.com.br\\\/afogadosfm\\\/wp-content\\\/uploads\\\/2022\\\/10\\\/bolso02.jpeg?fit=1059%2C599&ssl=1\",\"datePublished\":\"2025-06-28T10:09:56+00:00\",\"dateModified\":\"2025-06-28T10:10:10+00:00\",\"breadcrumb\":{\"@id\":\"https:\\\/\\\/afogadosfm.com.br\\\/afogadosfm\\\/2025\\\/06\\\/28\\\/julgamento-de-bolsonaro-no-stf-deve-comecar-em-agosto-ou-setembro\\\/#breadcrumb\"},\"inLanguage\":\"pt-BR\",\"potentialAction\":[{\"@type\":\"ReadAction\",\"target\":[\"https:\\\/\\\/afogadosfm.com.br\\\/afogadosfm\\\/2025\\\/06\\\/28\\\/julgamento-de-bolsonaro-no-stf-deve-comecar-em-agosto-ou-setembro\\\/\"]}]},{\"@type\":\"ImageObject\",\"inLanguage\":\"pt-BR\",\"@id\":\"https:\\\/\\\/afogadosfm.com.br\\\/afogadosfm\\\/2025\\\/06\\\/28\\\/julgamento-de-bolsonaro-no-stf-deve-comecar-em-agosto-ou-setembro\\\/#primaryimage\",\"url\":\"https:\\\/\\\/i0.wp.com\\\/afogadosfm.com.br\\\/afogadosfm\\\/wp-content\\\/uploads\\\/2022\\\/10\\\/bolso02.jpeg?fit=1059%2C599&ssl=1\",\"contentUrl\":\"https:\\\/\\\/i0.wp.com\\\/afogadosfm.com.br\\\/afogadosfm\\\/wp-content\\\/uploads\\\/2022\\\/10\\\/bolso02.jpeg?fit=1059%2C599&ssl=1\",\"width\":1059,\"height\":599},{\"@type\":\"BreadcrumbList\",\"@id\":\"https:\\\/\\\/afogadosfm.com.br\\\/afogadosfm\\\/2025\\\/06\\\/28\\\/julgamento-de-bolsonaro-no-stf-deve-comecar-em-agosto-ou-setembro\\\/#breadcrumb\",\"itemListElement\":[{\"@type\":\"ListItem\",\"position\":1,\"name\":\"In\u00edcio\",\"item\":\"https:\\\/\\\/afogadosfm.com.br\\\/afogadosfm\\\/\"},{\"@type\":\"ListItem\",\"position\":2,\"name\":\"Julgamento de Bolsonaro no STF deve come\u00e7ar em agosto ou setembro\"}]},{\"@type\":\"WebSite\",\"@id\":\"https:\\\/\\\/afogadosfm.com.br\\\/afogadosfm\\\/#website\",\"url\":\"https:\\\/\\\/afogadosfm.com.br\\\/afogadosfm\\\/\",\"name\":\"Afogados FM\",\"description\":\"Um site completo!\",\"publisher\":{\"@id\":\"https:\\\/\\\/afogadosfm.com.br\\\/afogadosfm\\\/#organization\"},\"potentialAction\":[{\"@type\":\"SearchAction\",\"target\":{\"@type\":\"EntryPoint\",\"urlTemplate\":\"https:\\\/\\\/afogadosfm.com.br\\\/afogadosfm\\\/?s={search_term_string}\"},\"query-input\":{\"@type\":\"PropertyValueSpecification\",\"valueRequired\":true,\"valueName\":\"search_term_string\"}}],\"inLanguage\":\"pt-BR\"},{\"@type\":\"Organization\",\"@id\":\"https:\\\/\\\/afogadosfm.com.br\\\/afogadosfm\\\/#organization\",\"name\":\"Afogados FM\",\"url\":\"https:\\\/\\\/afogadosfm.com.br\\\/afogadosfm\\\/\",\"logo\":{\"@type\":\"ImageObject\",\"inLanguage\":\"pt-BR\",\"@id\":\"https:\\\/\\\/afogadosfm.com.br\\\/afogadosfm\\\/#\\\/schema\\\/logo\\\/image\\\/\",\"url\":\"https:\\\/\\\/i0.wp.com\\\/afogadosfm.com.br\\\/afogadosfm\\\/wp-content\\\/uploads\\\/2020\\\/06\\\/cropped-banner-afogados-4.jpg?fit=369%2C137&ssl=1\",\"contentUrl\":\"https:\\\/\\\/i0.wp.com\\\/afogadosfm.com.br\\\/afogadosfm\\\/wp-content\\\/uploads\\\/2020\\\/06\\\/cropped-banner-afogados-4.jpg?fit=369%2C137&ssl=1\",\"width\":369,\"height\":137,\"caption\":\"Afogados FM\"},\"image\":{\"@id\":\"https:\\\/\\\/afogadosfm.com.br\\\/afogadosfm\\\/#\\\/schema\\\/logo\\\/image\\\/\"}},{\"@type\":\"Person\",\"@id\":\"https:\\\/\\\/afogadosfm.com.br\\\/afogadosfm\\\/#\\\/schema\\\/person\\\/60e56f2cf5dc960fc093fe093d9e9057\",\"name\":\"afogadosfm\",\"image\":{\"@type\":\"ImageObject\",\"inLanguage\":\"pt-BR\",\"@id\":\"https:\\\/\\\/secure.gravatar.com\\\/avatar\\\/e0359add7ed5dc3560906d861b52c6a8cf5c1e199d3a7dd85070998f49bd4701?s=96&d=mm&r=g\",\"url\":\"https:\\\/\\\/secure.gravatar.com\\\/avatar\\\/e0359add7ed5dc3560906d861b52c6a8cf5c1e199d3a7dd85070998f49bd4701?s=96&d=mm&r=g\",\"contentUrl\":\"https:\\\/\\\/secure.gravatar.com\\\/avatar\\\/e0359add7ed5dc3560906d861b52c6a8cf5c1e199d3a7dd85070998f49bd4701?s=96&d=mm&r=g\",\"caption\":\"afogadosfm\"},\"url\":\"https:\\\/\\\/afogadosfm.com.br\\\/afogadosfm\\\/author\\\/afogadosfm\\\/\"}]}<\/script>\n<!-- \/ Yoast SEO plugin. -->","yoast_head_json":{"title":"Julgamento de Bolsonaro no STF deve come\u00e7ar em agosto ou setembro - Afogados FM","robots":{"index":"index","follow":"follow","max-snippet":"max-snippet:-1","max-image-preview":"max-image-preview:large","max-video-preview":"max-video-preview:-1"},"canonical":"https:\/\/afogadosfm.com.br\/afogadosfm\/2025\/06\/28\/julgamento-de-bolsonaro-no-stf-deve-comecar-em-agosto-ou-setembro\/","og_locale":"pt_BR","og_type":"article","og_title":"Julgamento de Bolsonaro no STF deve come\u00e7ar em agosto ou setembro - Afogados FM","og_description":"O julgamento do ex-presidente Jair Bolsonaro (PL) e de sete aliados acusados de participar de uma tentativa de golpe de","og_url":"https:\/\/afogadosfm.com.br\/afogadosfm\/2025\/06\/28\/julgamento-de-bolsonaro-no-stf-deve-comecar-em-agosto-ou-setembro\/","og_site_name":"Afogados FM","article_published_time":"2025-06-28T10:09:56+00:00","article_modified_time":"2025-06-28T10:10:10+00:00","og_image":[{"width":1059,"height":599,"url":"https:\/\/afogadosfm.com.br\/afogadosfm\/wp-content\/uploads\/2022\/10\/bolso02.jpeg","type":"image\/jpeg"}],"author":"afogadosfm","twitter_card":"summary_large_image","twitter_misc":{"Escrito por":"afogadosfm","Est. tempo de leitura":"2 minutos"},"schema":{"@context":"https:\/\/schema.org","@graph":[{"@type":"Article","@id":"https:\/\/afogadosfm.com.br\/afogadosfm\/2025\/06\/28\/julgamento-de-bolsonaro-no-stf-deve-comecar-em-agosto-ou-setembro\/#article","isPartOf":{"@id":"https:\/\/afogadosfm.com.br\/afogadosfm\/2025\/06\/28\/julgamento-de-bolsonaro-no-stf-deve-comecar-em-agosto-ou-setembro\/"},"author":{"name":"afogadosfm","@id":"https:\/\/afogadosfm.com.br\/afogadosfm\/#\/schema\/person\/60e56f2cf5dc960fc093fe093d9e9057"},"headline":"Julgamento de Bolsonaro no STF deve come\u00e7ar em agosto ou setembro","datePublished":"2025-06-28T10:09:56+00:00","dateModified":"2025-06-28T10:10:10+00:00","mainEntityOfPage":{"@id":"https:\/\/afogadosfm.com.br\/afogadosfm\/2025\/06\/28\/julgamento-de-bolsonaro-no-stf-deve-comecar-em-agosto-ou-setembro\/"},"wordCount":269,"commentCount":0,"publisher":{"@id":"https:\/\/afogadosfm.com.br\/afogadosfm\/#organization"},"image":{"@id":"https:\/\/afogadosfm.com.br\/afogadosfm\/2025\/06\/28\/julgamento-de-bolsonaro-no-stf-deve-comecar-em-agosto-ou-setembro\/#primaryimage"},"thumbnailUrl":"https:\/\/i0.wp.com\/afogadosfm.com.br\/afogadosfm\/wp-content\/uploads\/2022\/10\/bolso02.jpeg?fit=1059%2C599&ssl=1","articleSection":["Brasil"],"inLanguage":"pt-BR","potentialAction":[{"@type":"CommentAction","name":"Comment","target":["https:\/\/afogadosfm.com.br\/afogadosfm\/2025\/06\/28\/julgamento-de-bolsonaro-no-stf-deve-comecar-em-agosto-ou-setembro\/#respond"]}]},{"@type":"WebPage","@id":"https:\/\/afogadosfm.com.br\/afogadosfm\/2025\/06\/28\/julgamento-de-bolsonaro-no-stf-deve-comecar-em-agosto-ou-setembro\/","url":"https:\/\/afogadosfm.com.br\/afogadosfm\/2025\/06\/28\/julgamento-de-bolsonaro-no-stf-deve-comecar-em-agosto-ou-setembro\/","name":"Julgamento de Bolsonaro no STF deve come\u00e7ar em agosto ou setembro - Afogados FM","isPartOf":{"@id":"https:\/\/afogadosfm.com.br\/afogadosfm\/#website"},"primaryImageOfPage":{"@id":"https:\/\/afogadosfm.com.br\/afogadosfm\/2025\/06\/28\/julgamento-de-bolsonaro-no-stf-deve-comecar-em-agosto-ou-setembro\/#primaryimage"},"image":{"@id":"https:\/\/afogadosfm.com.br\/afogadosfm\/2025\/06\/28\/julgamento-de-bolsonaro-no-stf-deve-comecar-em-agosto-ou-setembro\/#primaryimage"},"thumbnailUrl":"https:\/\/i0.wp.com\/afogadosfm.com.br\/afogadosfm\/wp-content\/uploads\/2022\/10\/bolso02.jpeg?fit=1059%2C599&ssl=1","datePublished":"2025-06-28T10:09:56+00:00","dateModified":"2025-06-28T10:10:10+00:00","breadcrumb":{"@id":"https:\/\/afogadosfm.com.br\/afogadosfm\/2025\/06\/28\/julgamento-de-bolsonaro-no-stf-deve-comecar-em-agosto-ou-setembro\/#breadcrumb"},"inLanguage":"pt-BR","potentialAction":[{"@type":"ReadAction","target":["https:\/\/afogadosfm.com.br\/afogadosfm\/2025\/06\/28\/julgamento-de-bolsonaro-no-stf-deve-comecar-em-agosto-ou-setembro\/"]}]},{"@type":"ImageObject","inLanguage":"pt-BR","@id":"https:\/\/afogadosfm.com.br\/afogadosfm\/2025\/06\/28\/julgamento-de-bolsonaro-no-stf-deve-comecar-em-agosto-ou-setembro\/#primaryimage","url":"https:\/\/i0.wp.com\/afogadosfm.com.br\/afogadosfm\/wp-content\/uploads\/2022\/10\/bolso02.jpeg?fit=1059%2C599&ssl=1","contentUrl":"https:\/\/i0.wp.com\/afogadosfm.com.br\/afogadosfm\/wp-content\/uploads\/2022\/10\/bolso02.jpeg?fit=1059%2C599&ssl=1","width":1059,"height":599},{"@type":"BreadcrumbList","@id":"https:\/\/afogadosfm.com.br\/afogadosfm\/2025\/06\/28\/julgamento-de-bolsonaro-no-stf-deve-comecar-em-agosto-ou-setembro\/#breadcrumb","itemListElement":[{"@type":"ListItem","position":1,"name":"In\u00edcio","item":"https:\/\/afogadosfm.com.br\/afogadosfm\/"},{"@type":"ListItem","position":2,"name":"Julgamento de Bolsonaro no STF deve come\u00e7ar em agosto ou setembro"}]},{"@type":"WebSite","@id":"https:\/\/afogadosfm.com.br\/afogadosfm\/#website","url":"https:\/\/afogadosfm.com.br\/afogadosfm\/","name":"Afogados FM","description":"Um site completo!","publisher":{"@id":"https:\/\/afogadosfm.com.br\/afogadosfm\/#organization"},"potentialAction":[{"@type":"SearchAction","target":{"@type":"EntryPoint","urlTemplate":"https:\/\/afogadosfm.com.br\/afogadosfm\/?s={search_term_string}"},"query-input":{"@type":"PropertyValueSpecification","valueRequired":true,"valueName":"search_term_string"}}],"inLanguage":"pt-BR"},{"@type":"Organization","@id":"https:\/\/afogadosfm.com.br\/afogadosfm\/#organization","name":"Afogados FM","url":"https:\/\/afogadosfm.com.br\/afogadosfm\/","logo":{"@type":"ImageObject","inLanguage":"pt-BR","@id":"https:\/\/afogadosfm.com.br\/afogadosfm\/#\/schema\/logo\/image\/","url":"https:\/\/i0.wp.com\/afogadosfm.com.br\/afogadosfm\/wp-content\/uploads\/2020\/06\/cropped-banner-afogados-4.jpg?fit=369%2C137&ssl=1","contentUrl":"https:\/\/i0.wp.com\/afogadosfm.com.br\/afogadosfm\/wp-content\/uploads\/2020\/06\/cropped-banner-afogados-4.jpg?fit=369%2C137&ssl=1","width":369,"height":137,"caption":"Afogados FM"},"image":{"@id":"https:\/\/afogadosfm.com.br\/afogadosfm\/#\/schema\/logo\/image\/"}},{"@type":"Person","@id":"https:\/\/afogadosfm.com.br\/afogadosfm\/#\/schema\/person\/60e56f2cf5dc960fc093fe093d9e9057","name":"afogadosfm","image":{"@type":"ImageObject","inLanguage":"pt-BR","@id":"https:\/\/secure.gravatar.com\/avatar\/e0359add7ed5dc3560906d861b52c6a8cf5c1e199d3a7dd85070998f49bd4701?s=96&d=mm&r=g","url":"https:\/\/secure.gravatar.com\/avatar\/e0359add7ed5dc3560906d861b52c6a8cf5c1e199d3a7dd85070998f49bd4701?s=96&d=mm&r=g","contentUrl":"https:\/\/secure.gravatar.com\/avatar\/e0359add7ed5dc3560906d861b52c6a8cf5c1e199d3a7dd85070998f49bd4701?s=96&d=mm&r=g","caption":"afogadosfm"},"url":"https:\/\/afogadosfm.com.br\/afogadosfm\/author\/afogadosfm\/"}]}},"jetpack_publicize_connections":[],"jetpack_featured_media_url":"https:\/\/i0.wp.com\/afogadosfm.com.br\/afogadosfm\/wp-content\/uploads\/2022\/10\/bolso02.jpeg?fit=1059%2C599&ssl=1","jetpack-related-posts":[],"jetpack_sharing_enabled":true,"jetpack_likes_enabled":true,"_links":{"self":[{"href":"https:\/\/afogadosfm.com.br\/afogadosfm\/wp-json\/wp\/v2\/posts\/66972","targetHints":{"allow":["GET"]}}],"collection":[{"href":"https:\/\/afogadosfm.com.br\/afogadosfm\/wp-json\/wp\/v2\/posts"}],"about":[{"href":"https:\/\/afogadosfm.com.br\/afogadosfm\/wp-json\/wp\/v2\/types\/post"}],"author":[{"embeddable":true,"href":"https:\/\/afogadosfm.com.br\/afogadosfm\/wp-json\/wp\/v2\/users\/2"}],"replies":[{"embeddable":true,"href":"https:\/\/afogadosfm.com.br\/afogadosfm\/wp-json\/wp\/v2\/comments?post=66972"}],"version-history":[{"count":2,"href":"https:\/\/afogadosfm.com.br\/afogadosfm\/wp-json\/wp\/v2\/posts\/66972\/revisions"}],"predecessor-version":[{"id":66974,"href":"https:\/\/afogadosfm.com.br\/afogadosfm\/wp-json\/wp\/v2\/posts\/66972\/revisions\/66974"}],"wp:featuredmedia":[{"embeddable":true,"href":"https:\/\/afogadosfm.com.br\/afogadosfm\/wp-json\/wp\/v2\/media\/41515"}],"wp:attachment":[{"href":"https:\/\/afogadosfm.com.br\/afogadosfm\/wp-json\/wp\/v2\/media?parent=66972"}],"wp:term":[{"taxonomy":"category","embeddable":true,"href":"https:\/\/afogadosfm.com.br\/afogadosfm\/wp-json\/wp\/v2\/categories?post=66972"},{"taxonomy":"post_tag","embeddable":true,"href":"https:\/\/afogadosfm.com.br\/afogadosfm\/wp-json\/wp\/v2\/tags?post=66972"}],"curies":[{"name":"wp","href":"https:\/\/api.w.org\/{rel}","templated":true}]}}